{"id":28148,"date":"2026-04-10T09:39:15","date_gmt":"2026-04-10T09:39:15","guid":{"rendered":"https:\/\/dpress.ma\/fr\/?p=28148"},"modified":"2026-04-10T09:39:16","modified_gmt":"2026-04-10T09:39:16","slug":"mexico-le-maroc-prend-part-a-la-reunion-du-bureau-executif-de-lorganisation-des-cites-et-gouvernements-locaux-unis","status":"publish","type":"post","link":"https:\/\/dpress.ma\/fr\/2026\/04\/10\/mexico-le-maroc-prend-part-a-la-reunion-du-bureau-executif-de-lorganisation-des-cites-et-gouvernements-locaux-unis\/","title":{"rendered":"Mexico: Le Maroc prend part \u00e0 la r\u00e9union du Bureau ex\u00e9cutif de l\u2019Organisation des cit\u00e9s et gouvernements locaux unis"},"content":{"rendered":"\n<p>Dpress<\/p>\n\n\n\n<p>Les travaux de la r\u00e9union du Bureau ex\u00e9cutif de l\u2019Organisation des cit\u00e9s et gouvernements locaux unis (CGLU) ont d\u00e9but\u00e9, jeudi \u00e0 Mexico, avec la participation de collectivit\u00e9s territoriales et d\u2019organismes locaux et r\u00e9gionaux venus des quatre coins du monde, dont le Maroc.<\/p>\n\n\n\n<p>Le Royaume est repr\u00e9sent\u00e9 \u00e0 ce conclave par une d\u00e9l\u00e9gation conduite par Fatiha El Moudni, pr\u00e9sidente du Conseil de la commune de Rabat, et compos\u00e9e de Hayat El Sami, directrice des relations internationales, des partenariats et de la communication au Conseil de la commune de Rabat, Abdelrahim Zabakh, chef du cabinet du maire de Tanger, et Mohamed El Wahabi, charg\u00e9 de mission \u00e0 l\u2019Association marocaine des pr\u00e9sidents de conseils communaux.<\/p>\n\n\n\n<p>Intervenant \u00e0 l\u2019ouverture de cette r\u00e9union, qui s\u2019est d\u00e9roul\u00e9e en pr\u00e9sence de M. Abdelfattah Lebbar, ambassadeur du Maroc \u00e0 Mexico, Mme El Moudni, par ailleurs tr\u00e9sori\u00e8re du CGLU, a indiqu\u00e9 que cette rencontre constitue une \u00e9tape essentielle dans la pr\u00e9paration du prochain congr\u00e8s mondial de l\u2019organisation, pr\u00e9vu en juin prochain \u00e0 Tanger, et qui sera l\u2019occasion de promouvoir un multilat\u00e9ralisme fond\u00e9 sur les besoins des communaut\u00e9s locales.<\/p>\n\n\n\n<p>\u201cLe prochain congr\u00e8s mondial \u00e0 Tanger sera une \u00e9tape importante dans l\u2019action internationale des collectivit\u00e9s locales et r\u00e9gionales, mais aussi une plateforme visant \u00e0 instaurer une d\u00e9mocratie locale plus ouverte et plus efficace, et \u00e0 renforcer la coop\u00e9ration entre les diff\u00e9rents acteurs territoriaux \u00e0 l\u2019\u00e9chelle mondiale\u201d, a soulign\u00e9 Mme El Moudni, qui occupe \u00e9galement le poste de pr\u00e9sidente du r\u00e9seau \u201cMetropolis\u201d.<\/p>\n\n\n\n<p>A cet \u00e9gard, elle a affirm\u00e9 que le Maroc s\u2019engage \u00e0 soutenir le processus visant \u00e0 renforcer la place des collectivit\u00e9s locales et r\u00e9gionales au sein du syst\u00e8me de coop\u00e9ration internationale, afin de consolider leur r\u00f4le face aux d\u00e9fis mondiaux et d\u2019apporter des solutions concr\u00e8tes au service des citoyens.<\/p>\n\n\n\n<p>La pr\u00e9sidente du Conseil communal de Rabat a, en outre, insist\u00e9 sur la n\u00e9cessit\u00e9 de placer les services essentiels au premier rang des priorit\u00e9s des politiques publiques, estimant que les services publics constituent un outil essentiel pour parvenir \u00e0 un changement durable et ancrer les principes de la d\u00e9mocratie participative et de la justice sociale.<\/p>\n\n\n\n<p>En marge de cette rencontre, Mme El Moudni, qui pr\u00e9side plusieurs commissions th\u00e9matiques au sein du Bureau ex\u00e9cutif de la CGLU, a particip\u00e9 au lancement officiel du Prix de la culture co-organis\u00e9 par l\u2019organisation et la ville de Mexico.<\/p>\n\n\n\n<p>Dans le cadre de sa participation \u00e0 cette r\u00e9union de trois jours, la d\u00e9l\u00e9gation marocaine prendra part \u00e9galement \u00e0 des d\u00e9bats sur les moyens de mettre en \u0153uvre l\u2019approche territoriale de l\u2019Agenda 2030 pour le d\u00e9veloppement durable.<\/p>\n\n\n\n<p>Le programme de cette r\u00e9union pr\u00e9voit notamment l\u2019examen d\u2019un certain nombre de questions li\u00e9es au d\u00e9veloppement de la gouvernance locale et au renforcement des services publics au niveau territorial, ainsi que des tables rondes th\u00e9matiques sur l\u2019avenir des villes et le r\u00f4le de la culture dans le d\u00e9veloppement durable.<\/p>\n","protected":false},"excerpt":{"rendered":"<p>Dpress Les travaux de la r\u00e9union du Bureau ex\u00e9cutif de l\u2019Organisation des cit\u00e9s et gouvernements locaux unis (CGLU) ont d\u00e9but\u00e9, jeudi \u00e0 Mexico, avec la participation de collectivit\u00e9s territoriales et d\u2019organismes locaux et r\u00e9gionaux venus des quatre coins du monde, dont le Maroc. Le Royaume est repr\u00e9sent\u00e9 \u00e0 ce conclave par une d\u00e9l\u00e9gation conduite par &hellip;<\/p>\n","protected":false},"author":2,"featured_media":28149,"comment_status":"open","ping_status":"open","sticky":false,"template":"","format":"standard","meta":{"footnotes":""},"categories":[25],"tags":[],"class_list":["post-28148","post","type-post","status-publish","format-standard","has-post-thumbnail","hentry","category-economie"],"yoast_head":"<!-- This site is optimized with the Yoast SEO plugin v27.5 - https:\/\/yoast.com\/product\/yoast-seo-wordpress\/ -->\n<title>Mexico: Le Maroc prend part \u00e0 la r\u00e9union du Bureau ex\u00e9cutif de l\u2019Organisation des cit\u00e9s et gouvernements locaux unis - Dpress.ma\/fr<\/title>\n<meta name=\"robots\" content=\"index, follow, max-snippet:-1, max-image-preview:large, max-video-preview:-1\" \/>\n<link rel=\"canonical\" href=\"https:\/\/dpress.ma\/fr\/2026\/04\/10\/mexico-le-maroc-prend-part-a-la-reunion-du-bureau-executif-de-lorganisation-des-cites-et-gouvernements-locaux-unis\/\" \/>\n<meta property=\"og:locale\" content=\"fr_FR\" \/>\n<meta property=\"og:type\" content=\"article\" \/>\n<meta property=\"og:title\" content=\"Mexico: Le Maroc prend part \u00e0 la r\u00e9union du Bureau ex\u00e9cutif de l\u2019Organisation des cit\u00e9s et gouvernements locaux unis - Dpress.ma\/fr\" \/>\n<meta property=\"og:description\" content=\"Dpress Les travaux de la r\u00e9union du Bureau ex\u00e9cutif de l\u2019Organisation des cit\u00e9s et gouvernements locaux unis (CGLU) ont d\u00e9but\u00e9, jeudi \u00e0 Mexico, avec la participation de collectivit\u00e9s territoriales et d\u2019organismes locaux et r\u00e9gionaux venus des quatre coins du monde, dont le Maroc. Le Royaume est repr\u00e9sent\u00e9 \u00e0 ce conclave par une d\u00e9l\u00e9gation conduite par &hellip;\" \/>\n<meta property=\"og:url\" content=\"https:\/\/dpress.ma\/fr\/2026\/04\/10\/mexico-le-maroc-prend-part-a-la-reunion-du-bureau-executif-de-lorganisation-des-cites-et-gouvernements-locaux-unis\/\" \/>\n<meta property=\"og:site_name\" content=\"Dpress.ma\/fr\" \/>\n<meta property=\"article:published_time\" content=\"2026-04-10T09:39:15+00:00\" \/>\n<meta property=\"article:modified_time\" content=\"2026-04-10T09:39:16+00:00\" \/>\n<meta property=\"og:image\" content=\"https:\/\/dpress.ma\/fr\/wp-content\/uploads\/sites\/2\/2026\/04\/38-6.jpg\" \/>\n\t<meta property=\"og:image:width\" content=\"2539\" \/>\n\t<meta property=\"og:image:height\" content=\"1594\" \/>\n\t<meta property=\"og:image:type\" content=\"image\/jpeg\" \/>\n<meta name=\"author\" content=\"Dpress.ma\" \/>\n<meta name=\"twitter:card\" content=\"summary_large_image\" \/>\n<meta name=\"twitter:label1\" content=\"\u00c9crit par\" \/>\n\t<meta name=\"twitter:data1\" content=\"Dpress.ma\" \/>\n\t<meta name=\"twitter:label2\" content=\"Dur\u00e9e de lecture estim\u00e9e\" \/>\n\t<meta name=\"twitter:data2\" content=\"3 minutes\" \/>\n<script type=\"application\/ld+json\" class=\"yoast-schema-graph\">{\"@context\":\"https:\\\/\\\/schema.org\",\"@graph\":[{\"@type\":\"Article\",\"@id\":\"https:\\\/\\\/dpress.ma\\\/fr\\\/2026\\\/04\\\/10\\\/mexico-le-maroc-prend-part-a-la-reunion-du-bureau-executif-de-lorganisation-des-cites-et-gouvernements-locaux-unis\\\/#article\",\"isPartOf\":{\"@id\":\"https:\\\/\\\/dpress.ma\\\/fr\\\/2026\\\/04\\\/10\\\/mexico-le-maroc-prend-part-a-la-reunion-du-bureau-executif-de-lorganisation-des-cites-et-gouvernements-locaux-unis\\\/\"},\"author\":{\"name\":\"Dpress.ma\",\"@id\":\"https:\\\/\\\/dpress.ma\\\/fr\\\/#\\\/schema\\\/person\\\/4898febf3ccd59e6578d838656a306a0\"},\"headline\":\"Mexico: Le Maroc prend part \u00e0 la r\u00e9union du Bureau ex\u00e9cutif de l\u2019Organisation des cit\u00e9s et gouvernements locaux unis\",\"datePublished\":\"2026-04-10T09:39:15+00:00\",\"dateModified\":\"2026-04-10T09:39:16+00:00\",\"mainEntityOfPage\":{\"@id\":\"https:\\\/\\\/dpress.ma\\\/fr\\\/2026\\\/04\\\/10\\\/mexico-le-maroc-prend-part-a-la-reunion-du-bureau-executif-de-lorganisation-des-cites-et-gouvernements-locaux-unis\\\/\"},\"wordCount\":550,\"commentCount\":0,\"image\":{\"@id\":\"https:\\\/\\\/dpress.ma\\\/fr\\\/2026\\\/04\\\/10\\\/mexico-le-maroc-prend-part-a-la-reunion-du-bureau-executif-de-lorganisation-des-cites-et-gouvernements-locaux-unis\\\/#primaryimage\"},\"thumbnailUrl\":\"https:\\\/\\\/dpress.ma\\\/fr\\\/wp-content\\\/uploads\\\/sites\\\/2\\\/2026\\\/04\\\/38-6.jpg\",\"articleSection\":[\"\u00c9conomie\"],\"inLanguage\":\"fr-FR\",\"potentialAction\":[{\"@type\":\"CommentAction\",\"name\":\"Comment\",\"target\":[\"https:\\\/\\\/dpress.ma\\\/fr\\\/2026\\\/04\\\/10\\\/mexico-le-maroc-prend-part-a-la-reunion-du-bureau-executif-de-lorganisation-des-cites-et-gouvernements-locaux-unis\\\/#respond\"]}]},{\"@type\":\"WebPage\",\"@id\":\"https:\\\/\\\/dpress.ma\\\/fr\\\/2026\\\/04\\\/10\\\/mexico-le-maroc-prend-part-a-la-reunion-du-bureau-executif-de-lorganisation-des-cites-et-gouvernements-locaux-unis\\\/\",\"url\":\"https:\\\/\\\/dpress.ma\\\/fr\\\/2026\\\/04\\\/10\\\/mexico-le-maroc-prend-part-a-la-reunion-du-bureau-executif-de-lorganisation-des-cites-et-gouvernements-locaux-unis\\\/\",\"name\":\"Mexico: Le Maroc prend part \u00e0 la r\u00e9union du Bureau ex\u00e9cutif de l\u2019Organisation des cit\u00e9s et gouvernements locaux unis - Dpress.ma\\\/fr\",\"isPartOf\":{\"@id\":\"https:\\\/\\\/dpress.ma\\\/fr\\\/#website\"},\"primaryImageOfPage\":{\"@id\":\"https:\\\/\\\/dpress.ma\\\/fr\\\/2026\\\/04\\\/10\\\/mexico-le-maroc-prend-part-a-la-reunion-du-bureau-executif-de-lorganisation-des-cites-et-gouvernements-locaux-unis\\\/#primaryimage\"},\"image\":{\"@id\":\"https:\\\/\\\/dpress.ma\\\/fr\\\/2026\\\/04\\\/10\\\/mexico-le-maroc-prend-part-a-la-reunion-du-bureau-executif-de-lorganisation-des-cites-et-gouvernements-locaux-unis\\\/#primaryimage\"},\"thumbnailUrl\":\"https:\\\/\\\/dpress.ma\\\/fr\\\/wp-content\\\/uploads\\\/sites\\\/2\\\/2026\\\/04\\\/38-6.jpg\",\"datePublished\":\"2026-04-10T09:39:15+00:00\",\"dateModified\":\"2026-04-10T09:39:16+00:00\",\"author\":{\"@id\":\"https:\\\/\\\/dpress.ma\\\/fr\\\/#\\\/schema\\\/person\\\/4898febf3ccd59e6578d838656a306a0\"},\"breadcrumb\":{\"@id\":\"https:\\\/\\\/dpress.ma\\\/fr\\\/2026\\\/04\\\/10\\\/mexico-le-maroc-prend-part-a-la-reunion-du-bureau-executif-de-lorganisation-des-cites-et-gouvernements-locaux-unis\\\/#breadcrumb\"},\"inLanguage\":\"fr-FR\",\"potentialAction\":[{\"@type\":\"ReadAction\",\"target\":[\"https:\\\/\\\/dpress.ma\\\/fr\\\/2026\\\/04\\\/10\\\/mexico-le-maroc-prend-part-a-la-reunion-du-bureau-executif-de-lorganisation-des-cites-et-gouvernements-locaux-unis\\\/\"]}]},{\"@type\":\"ImageObject\",\"inLanguage\":\"fr-FR\",\"@id\":\"https:\\\/\\\/dpress.ma\\\/fr\\\/2026\\\/04\\\/10\\\/mexico-le-maroc-prend-part-a-la-reunion-du-bureau-executif-de-lorganisation-des-cites-et-gouvernements-locaux-unis\\\/#primaryimage\",\"url\":\"https:\\\/\\\/dpress.ma\\\/fr\\\/wp-content\\\/uploads\\\/sites\\\/2\\\/2026\\\/04\\\/38-6.jpg\",\"contentUrl\":\"https:\\\/\\\/dpress.ma\\\/fr\\\/wp-content\\\/uploads\\\/sites\\\/2\\\/2026\\\/04\\\/38-6.jpg\",\"width\":2539,\"height\":1594},{\"@type\":\"BreadcrumbList\",\"@id\":\"https:\\\/\\\/dpress.ma\\\/fr\\\/2026\\\/04\\\/10\\\/mexico-le-maroc-prend-part-a-la-reunion-du-bureau-executif-de-lorganisation-des-cites-et-gouvernements-locaux-unis\\\/#breadcrumb\",\"itemListElement\":[{\"@type\":\"ListItem\",\"position\":1,\"name\":\"Home\",\"item\":\"https:\\\/\\\/dpress.ma\\\/fr\\\/\"},{\"@type\":\"ListItem\",\"position\":2,\"name\":\"Mexico: Le Maroc prend part \u00e0 la r\u00e9union du Bureau ex\u00e9cutif de l\u2019Organisation des cit\u00e9s et gouvernements locaux unis\"}]},{\"@type\":\"WebSite\",\"@id\":\"https:\\\/\\\/dpress.ma\\\/fr\\\/#website\",\"url\":\"https:\\\/\\\/dpress.ma\\\/fr\\\/\",\"name\":\"Dpress.ma\\\/fr\",\"description\":\"\",\"potentialAction\":[{\"@type\":\"SearchAction\",\"target\":{\"@type\":\"EntryPoint\",\"urlTemplate\":\"https:\\\/\\\/dpress.ma\\\/fr\\\/?s={search_term_string}\"},\"query-input\":{\"@type\":\"PropertyValueSpecification\",\"valueRequired\":true,\"valueName\":\"search_term_string\"}}],\"inLanguage\":\"fr-FR\"},{\"@type\":\"Person\",\"@id\":\"https:\\\/\\\/dpress.ma\\\/fr\\\/#\\\/schema\\\/person\\\/4898febf3ccd59e6578d838656a306a0\",\"name\":\"Dpress.ma\",\"image\":{\"@type\":\"ImageObject\",\"inLanguage\":\"fr-FR\",\"@id\":\"https:\\\/\\\/secure.gravatar.com\\\/avatar\\\/72ecc30e9db047a2e0e7176561eb9d564ed77c8108376495b19bd8336405198a?s=96&d=mm&r=g\",\"url\":\"https:\\\/\\\/secure.gravatar.com\\\/avatar\\\/72ecc30e9db047a2e0e7176561eb9d564ed77c8108376495b19bd8336405198a?s=96&d=mm&r=g\",\"contentUrl\":\"https:\\\/\\\/secure.gravatar.com\\\/avatar\\\/72ecc30e9db047a2e0e7176561eb9d564ed77c8108376495b19bd8336405198a?s=96&d=mm&r=g\",\"caption\":\"Dpress.ma\"},\"sameAs\":[\"https:\\\/\\\/www.dpress.ma\"],\"url\":\"https:\\\/\\\/dpress.ma\\\/fr\\\/author\\\/dpress-ma\\\/\"}]}<\/script>\n<!-- \/ Yoast SEO plugin. -->","yoast_head_json":{"title":"Mexico: Le Maroc prend part \u00e0 la r\u00e9union du Bureau ex\u00e9cutif de l\u2019Organisation des cit\u00e9s et gouvernements locaux unis - Dpress.ma\/fr","robots":{"index":"index","follow":"follow","max-snippet":"max-snippet:-1","max-image-preview":"max-image-preview:large","max-video-preview":"max-video-preview:-1"},"canonical":"https:\/\/dpress.ma\/fr\/2026\/04\/10\/mexico-le-maroc-prend-part-a-la-reunion-du-bureau-executif-de-lorganisation-des-cites-et-gouvernements-locaux-unis\/","og_locale":"fr_FR","og_type":"article","og_title":"Mexico: Le Maroc prend part \u00e0 la r\u00e9union du Bureau ex\u00e9cutif de l\u2019Organisation des cit\u00e9s et gouvernements locaux unis - Dpress.ma\/fr","og_description":"Dpress Les travaux de la r\u00e9union du Bureau ex\u00e9cutif de l\u2019Organisation des cit\u00e9s et gouvernements locaux unis (CGLU) ont d\u00e9but\u00e9, jeudi \u00e0 Mexico, avec la participation de collectivit\u00e9s territoriales et d\u2019organismes locaux et r\u00e9gionaux venus des quatre coins du monde, dont le Maroc. Le Royaume est repr\u00e9sent\u00e9 \u00e0 ce conclave par une d\u00e9l\u00e9gation conduite par &hellip;","og_url":"https:\/\/dpress.ma\/fr\/2026\/04\/10\/mexico-le-maroc-prend-part-a-la-reunion-du-bureau-executif-de-lorganisation-des-cites-et-gouvernements-locaux-unis\/","og_site_name":"Dpress.ma\/fr","article_published_time":"2026-04-10T09:39:15+00:00","article_modified_time":"2026-04-10T09:39:16+00:00","og_image":[{"width":2539,"height":1594,"url":"https:\/\/dpress.ma\/fr\/wp-content\/uploads\/sites\/2\/2026\/04\/38-6.jpg","type":"image\/jpeg"}],"author":"Dpress.ma","twitter_card":"summary_large_image","twitter_misc":{"\u00c9crit par":"Dpress.ma","Dur\u00e9e de lecture estim\u00e9e":"3 minutes"},"schema":{"@context":"https:\/\/schema.org","@graph":[{"@type":"Article","@id":"https:\/\/dpress.ma\/fr\/2026\/04\/10\/mexico-le-maroc-prend-part-a-la-reunion-du-bureau-executif-de-lorganisation-des-cites-et-gouvernements-locaux-unis\/#article","isPartOf":{"@id":"https:\/\/dpress.ma\/fr\/2026\/04\/10\/mexico-le-maroc-prend-part-a-la-reunion-du-bureau-executif-de-lorganisation-des-cites-et-gouvernements-locaux-unis\/"},"author":{"name":"Dpress.ma","@id":"https:\/\/dpress.ma\/fr\/#\/schema\/person\/4898febf3ccd59e6578d838656a306a0"},"headline":"Mexico: Le Maroc prend part \u00e0 la r\u00e9union du Bureau ex\u00e9cutif de l\u2019Organisation des cit\u00e9s et gouvernements locaux unis","datePublished":"2026-04-10T09:39:15+00:00","dateModified":"2026-04-10T09:39:16+00:00","mainEntityOfPage":{"@id":"https:\/\/dpress.ma\/fr\/2026\/04\/10\/mexico-le-maroc-prend-part-a-la-reunion-du-bureau-executif-de-lorganisation-des-cites-et-gouvernements-locaux-unis\/"},"wordCount":550,"commentCount":0,"image":{"@id":"https:\/\/dpress.ma\/fr\/2026\/04\/10\/mexico-le-maroc-prend-part-a-la-reunion-du-bureau-executif-de-lorganisation-des-cites-et-gouvernements-locaux-unis\/#primaryimage"},"thumbnailUrl":"https:\/\/dpress.ma\/fr\/wp-content\/uploads\/sites\/2\/2026\/04\/38-6.jpg","articleSection":["\u00c9conomie"],"inLanguage":"fr-FR","potentialAction":[{"@type":"CommentAction","name":"Comment","target":["https:\/\/dpress.ma\/fr\/2026\/04\/10\/mexico-le-maroc-prend-part-a-la-reunion-du-bureau-executif-de-lorganisation-des-cites-et-gouvernements-locaux-unis\/#respond"]}]},{"@type":"WebPage","@id":"https:\/\/dpress.ma\/fr\/2026\/04\/10\/mexico-le-maroc-prend-part-a-la-reunion-du-bureau-executif-de-lorganisation-des-cites-et-gouvernements-locaux-unis\/","url":"https:\/\/dpress.ma\/fr\/2026\/04\/10\/mexico-le-maroc-prend-part-a-la-reunion-du-bureau-executif-de-lorganisation-des-cites-et-gouvernements-locaux-unis\/","name":"Mexico: Le Maroc prend part \u00e0 la r\u00e9union du Bureau ex\u00e9cutif de l\u2019Organisation des cit\u00e9s et gouvernements locaux unis - Dpress.ma\/fr","isPartOf":{"@id":"https:\/\/dpress.ma\/fr\/#website"},"primaryImageOfPage":{"@id":"https:\/\/dpress.ma\/fr\/2026\/04\/10\/mexico-le-maroc-prend-part-a-la-reunion-du-bureau-executif-de-lorganisation-des-cites-et-gouvernements-locaux-unis\/#primaryimage"},"image":{"@id":"https:\/\/dpress.ma\/fr\/2026\/04\/10\/mexico-le-maroc-prend-part-a-la-reunion-du-bureau-executif-de-lorganisation-des-cites-et-gouvernements-locaux-unis\/#primaryimage"},"thumbnailUrl":"https:\/\/dpress.ma\/fr\/wp-content\/uploads\/sites\/2\/2026\/04\/38-6.jpg","datePublished":"2026-04-10T09:39:15+00:00","dateModified":"2026-04-10T09:39:16+00:00","author":{"@id":"https:\/\/dpress.ma\/fr\/#\/schema\/person\/4898febf3ccd59e6578d838656a306a0"},"breadcrumb":{"@id":"https:\/\/dpress.ma\/fr\/2026\/04\/10\/mexico-le-maroc-prend-part-a-la-reunion-du-bureau-executif-de-lorganisation-des-cites-et-gouvernements-locaux-unis\/#breadcrumb"},"inLanguage":"fr-FR","potentialAction":[{"@type":"ReadAction","target":["https:\/\/dpress.ma\/fr\/2026\/04\/10\/mexico-le-maroc-prend-part-a-la-reunion-du-bureau-executif-de-lorganisation-des-cites-et-gouvernements-locaux-unis\/"]}]},{"@type":"ImageObject","inLanguage":"fr-FR","@id":"https:\/\/dpress.ma\/fr\/2026\/04\/10\/mexico-le-maroc-prend-part-a-la-reunion-du-bureau-executif-de-lorganisation-des-cites-et-gouvernements-locaux-unis\/#primaryimage","url":"https:\/\/dpress.ma\/fr\/wp-content\/uploads\/sites\/2\/2026\/04\/38-6.jpg","contentUrl":"https:\/\/dpress.ma\/fr\/wp-content\/uploads\/sites\/2\/2026\/04\/38-6.jpg","width":2539,"height":1594},{"@type":"BreadcrumbList","@id":"https:\/\/dpress.ma\/fr\/2026\/04\/10\/mexico-le-maroc-prend-part-a-la-reunion-du-bureau-executif-de-lorganisation-des-cites-et-gouvernements-locaux-unis\/#breadcrumb","itemListElement":[{"@type":"ListItem","position":1,"name":"Home","item":"https:\/\/dpress.ma\/fr\/"},{"@type":"ListItem","position":2,"name":"Mexico: Le Maroc prend part \u00e0 la r\u00e9union du Bureau ex\u00e9cutif de l\u2019Organisation des cit\u00e9s et gouvernements locaux unis"}]},{"@type":"WebSite","@id":"https:\/\/dpress.ma\/fr\/#website","url":"https:\/\/dpress.ma\/fr\/","name":"Dpress.ma\/fr","description":"","potentialAction":[{"@type":"SearchAction","target":{"@type":"EntryPoint","urlTemplate":"https:\/\/dpress.ma\/fr\/?s={search_term_string}"},"query-input":{"@type":"PropertyValueSpecification","valueRequired":true,"valueName":"search_term_string"}}],"inLanguage":"fr-FR"},{"@type":"Person","@id":"https:\/\/dpress.ma\/fr\/#\/schema\/person\/4898febf3ccd59e6578d838656a306a0","name":"Dpress.ma","image":{"@type":"ImageObject","inLanguage":"fr-FR","@id":"https:\/\/secure.gravatar.com\/avatar\/72ecc30e9db047a2e0e7176561eb9d564ed77c8108376495b19bd8336405198a?s=96&d=mm&r=g","url":"https:\/\/secure.gravatar.com\/avatar\/72ecc30e9db047a2e0e7176561eb9d564ed77c8108376495b19bd8336405198a?s=96&d=mm&r=g","contentUrl":"https:\/\/secure.gravatar.com\/avatar\/72ecc30e9db047a2e0e7176561eb9d564ed77c8108376495b19bd8336405198a?s=96&d=mm&r=g","caption":"Dpress.ma"},"sameAs":["https:\/\/www.dpress.ma"],"url":"https:\/\/dpress.ma\/fr\/author\/dpress-ma\/"}]}},"amp_enabled":true,"_links":{"self":[{"href":"https:\/\/dpress.ma\/fr\/wp-json\/wp\/v2\/posts\/28148","targetHints":{"allow":["GET"]}}],"collection":[{"href":"https:\/\/dpress.ma\/fr\/wp-json\/wp\/v2\/posts"}],"about":[{"href":"https:\/\/dpress.ma\/fr\/wp-json\/wp\/v2\/types\/post"}],"author":[{"embeddable":true,"href":"https:\/\/dpress.ma\/fr\/wp-json\/wp\/v2\/users\/2"}],"replies":[{"embeddable":true,"href":"https:\/\/dpress.ma\/fr\/wp-json\/wp\/v2\/comments?post=28148"}],"version-history":[{"count":1,"href":"https:\/\/dpress.ma\/fr\/wp-json\/wp\/v2\/posts\/28148\/revisions"}],"predecessor-version":[{"id":28150,"href":"https:\/\/dpress.ma\/fr\/wp-json\/wp\/v2\/posts\/28148\/revisions\/28150"}],"wp:featuredmedia":[{"embeddable":true,"href":"https:\/\/dpress.ma\/fr\/wp-json\/wp\/v2\/media\/28149"}],"wp:attachment":[{"href":"https:\/\/dpress.ma\/fr\/wp-json\/wp\/v2\/media?parent=28148"}],"wp:term":[{"taxonomy":"category","embeddable":true,"href":"https:\/\/dpress.ma\/fr\/wp-json\/wp\/v2\/categories?post=28148"},{"taxonomy":"post_tag","embeddable":true,"href":"https:\/\/dpress.ma\/fr\/wp-json\/wp\/v2\/tags?post=28148"}],"curies":[{"name":"wp","href":"https:\/\/api.w.org\/{rel}","templated":true}]}}