{"id":28145,"date":"2026-04-10T09:38:01","date_gmt":"2026-04-10T09:38:01","guid":{"rendered":"https:\/\/dpress.ma\/fr\/?p=28145"},"modified":"2026-04-10T09:38:04","modified_gmt":"2026-04-10T09:38:04","slug":"velyvelo-ou-la-revolution-silencieuse-de-la-livraison-urbaine-decarbonee","status":"publish","type":"post","link":"https:\/\/dpress.ma\/fr\/2026\/04\/10\/velyvelo-ou-la-revolution-silencieuse-de-la-livraison-urbaine-decarbonee\/","title":{"rendered":"VelyVelo, ou la r\u00e9volution silencieuse de la livraison urbaine d\u00e9carbon\u00e9e"},"content":{"rendered":"\n<p>Dpress<\/p>\n\n\n\n<p>Dans le tumulte technologique du Gitex Africa Morocco 2026, o\u00f9 les innovations se succ\u00e8dent et rivalisent d\u2019ambition, certaines initiatives se distinguent moins par le spectaculaire que par leur capacit\u00e9 \u00e0 transformer concr\u00e8tement des usages profond\u00e9ment ancr\u00e9s. C\u2019est le cas de VelyVelo, une startup positionn\u00e9e sur un maillon aussi discret que strat\u00e9gique de l\u2019\u00e9conomie urbaine : la livraison du dernier kilom\u00e8tre.<\/p>\n\n\n\n<p>Derri\u00e8re les flux continus de colis qui irriguent les villes modernes se cache en effet une r\u00e9alit\u00e9 souvent n\u00e9glig\u00e9e : celle d\u2019une logistique encore largement d\u00e9pendante de solutions thermiques, co\u00fbteuses et peu adapt\u00e9es aux exigences environnementales croissantes. C\u2019est pr\u00e9cis\u00e9ment sur ce segment que VelyVelo a choisi d\u2019intervenir, avec une approche fond\u00e9e sur l\u2019accessibilit\u00e9, la performance et la durabilit\u00e9.<\/p>\n\n\n\n<p>La startup propose une solution int\u00e9gr\u00e9e permettant aux professionnels de la livraison \u2013 qu\u2019ils soient coursiers ind\u00e9pendants ou op\u00e9rateurs logistiques \u2013 d\u2019acc\u00e9der \u00e0 des v\u00e9hicules verts, performants et intelligents sans investissement initial.<\/p>\n\n\n\n<p>\u00c0 travers des formules de location longue dur\u00e9e (LLD), compl\u00e9t\u00e9es par des services de maintenance et de r\u00e9paration ainsi que d\u2019une plateforme technologique d\u00e9di\u00e9e, VelyVelo d\u00e9ploie un mod\u00e8le de \u201cmobility as a service\u201d adapt\u00e9 aux contraintes du terrain.<\/p>\n\n\n\n<p>\u201cNotre approche consiste \u00e0 lever les barri\u00e8res d\u2019acc\u00e8s \u00e0 des v\u00e9hicules durables, tout en garantissant un niveau de performance conforme aux exigences du m\u00e9tier\u201d, explique Asmaa Chakir Alaoui, Co-fondatrice de VelyVelo.<\/p>\n\n\n\n<p>D\u00e9j\u00e0 pr\u00e9sente en France, en Espagne et au Maroc, l\u2019entreprise s\u2019inscrit dans une dynamique d\u2019expansion visant \u00e0 accompagner la mutation des mobilit\u00e9s urbaines, \u00e0 l\u2019heure o\u00f9 les centres-villes se r\u00e9inventent sous l\u2019effet conjugu\u00e9 des r\u00e9glementations environnementales et des nouvelles habitudes de consommation.<\/p>\n\n\n\n<p>L\u2019impact du mod\u00e8le d\u00e9passe le seul cadre \u00e9cologique. En rempla\u00e7ant progressivement les scooters thermiques par des alternatives \u00e9lectriques, VelyVelo contribue \u00e0 r\u00e9duire significativement les \u00e9missions li\u00e9es aux activit\u00e9s de livraison. Mais au-del\u00e0 de cet enjeu environnemental, la startup agit \u00e9galement sur les conditions de travail des livreurs, en mettant \u00e0 leur disposition des v\u00e9hicules con\u00e7us sp\u00e9cifiquement pour leurs usages, plus ergonomiques et mieux adapt\u00e9s aux rythmes intensifs du secteur.<\/p>\n\n\n\n<p>\u201cAu-del\u00e0 de l\u2019impact environnemental, il y a un enjeu \u00e9conomique fort : nos solutions permettent de r\u00e9duire les co\u00fbts d\u2019exploitation pour les livreurs et les op\u00e9rateurs, tout en maintenant un haut niveau de productivit\u00e9\u201d, a relev\u00e9 Mme Chakir Alaoui.<\/p>\n\n\n\n<p>C\u2019est cette combinaison entre impact environnemental, viabilit\u00e9 \u00e9conomique et adaptation op\u00e9rationnelle qui a valu \u00e0 VelyVelo une double distinction lors du GITEX Africa 2026, avec une place dans le Top 3 du programme Morocco 300, ainsi que le \u201cSupernova Morocco High-Flyer Award\u201d, r\u00e9compensant les startups \u00e0 fort potentiel de croissance.<\/p>\n\n\n\n<p>Pour la Co-fondatrice de VelyVelo, ces distinctions ne constituent pas une finalit\u00e9, mais plut\u00f4t une validation de son mod\u00e8le et de sa capacit\u00e9 \u00e0 se d\u00e9ployer dans des environnements urbains en pleine transformation.<\/p>\n\n\n\n<p>\u201cElles renforcent \u00e9galement notre conviction sur le potentiel du march\u00e9 africain, o\u00f9 les enjeux de mobilit\u00e9, de logistique et d\u2019acc\u00e8s \u00e0 des solutions adapt\u00e9es sont particuli\u00e8rement structurants\u201d, a-t-elle dit.<\/p>\n\n\n\n<p>Dans cette perspective, VelyVelo entend acc\u00e9l\u00e9rer son d\u00e9veloppement au Maroc, avec l\u2019ambition de dupliquer son mod\u00e8le dans plusieurs villes du Royaume, tout en poursuivant ses investissements dans sa plateforme technologique.<\/p>\n\n\n\n<p>\u201cNotre priorit\u00e9 reste inchang\u00e9e : ex\u00e9cuter, d\u00e9ployer et adapter notre mod\u00e8le aux r\u00e9alit\u00e9s locales, avec une approche pragmatique et durable\u201d, souligne Mme Chakir Alaoui.<\/p>\n\n\n\n<p>\u00c0 l\u2019heure o\u00f9 la transition \u00e9cologique se heurte souvent \u00e0 des contraintes \u00e9conomiques et op\u00e9rationnelles, VelyVelo illustre une voie alternative : celle d\u2019une innovation ancr\u00e9e dans le r\u00e9el, capable de concilier performance, accessibilit\u00e9 et impact. Une r\u00e9volution discr\u00e8te, mais appel\u00e9e \u00e0 redessiner en profondeur les contours de la logistique urbaine.<\/p>\n","protected":false},"excerpt":{"rendered":"<p>Dpress Dans le tumulte technologique du Gitex Africa Morocco 2026, o\u00f9 les innovations se succ\u00e8dent et rivalisent d\u2019ambition, certaines initiatives se distinguent moins par le spectaculaire que par leur capacit\u00e9 \u00e0 transformer concr\u00e8tement des usages profond\u00e9ment ancr\u00e9s. C\u2019est le cas de VelyVelo, une startup positionn\u00e9e sur un maillon aussi discret que strat\u00e9gique de l\u2019\u00e9conomie urbaine &hellip;<\/p>\n","protected":false},"author":2,"featured_media":28146,"comment_status":"open","ping_status":"open","sticky":false,"template":"","format":"standard","meta":{"footnotes":""},"categories":[25],"tags":[],"class_list":["post-28145","post","type-post","status-publish","format-standard","has-post-thumbnail","hentry","category-economie"],"yoast_head":"<!-- This site is optimized with the Yoast SEO plugin v27.5 - https:\/\/yoast.com\/product\/yoast-seo-wordpress\/ -->\n<title>VelyVelo, ou la r\u00e9volution silencieuse de la livraison urbaine d\u00e9carbon\u00e9e - Dpress.ma\/fr<\/title>\n<meta name=\"robots\" content=\"index, follow, max-snippet:-1, max-image-preview:large, max-video-preview:-1\" \/>\n<link rel=\"canonical\" href=\"https:\/\/dpress.ma\/fr\/2026\/04\/10\/velyvelo-ou-la-revolution-silencieuse-de-la-livraison-urbaine-decarbonee\/\" \/>\n<meta property=\"og:locale\" content=\"fr_FR\" \/>\n<meta property=\"og:type\" content=\"article\" \/>\n<meta property=\"og:title\" content=\"VelyVelo, ou la r\u00e9volution silencieuse de la livraison urbaine d\u00e9carbon\u00e9e - Dpress.ma\/fr\" \/>\n<meta property=\"og:description\" content=\"Dpress Dans le tumulte technologique du Gitex Africa Morocco 2026, o\u00f9 les innovations se succ\u00e8dent et rivalisent d\u2019ambition, certaines initiatives se distinguent moins par le spectaculaire que par leur capacit\u00e9 \u00e0 transformer concr\u00e8tement des usages profond\u00e9ment ancr\u00e9s. C\u2019est le cas de VelyVelo, une startup positionn\u00e9e sur un maillon aussi discret que strat\u00e9gique de l\u2019\u00e9conomie urbaine &hellip;\" \/>\n<meta property=\"og:url\" content=\"https:\/\/dpress.ma\/fr\/2026\/04\/10\/velyvelo-ou-la-revolution-silencieuse-de-la-livraison-urbaine-decarbonee\/\" \/>\n<meta property=\"og:site_name\" content=\"Dpress.ma\/fr\" \/>\n<meta property=\"article:published_time\" content=\"2026-04-10T09:38:01+00:00\" \/>\n<meta property=\"article:modified_time\" content=\"2026-04-10T09:38:04+00:00\" \/>\n<meta property=\"og:image\" content=\"https:\/\/dpress.ma\/fr\/wp-content\/uploads\/sites\/2\/2026\/04\/37-7.jpg\" \/>\n\t<meta property=\"og:image:width\" content=\"2539\" \/>\n\t<meta property=\"og:image:height\" content=\"1594\" \/>\n\t<meta property=\"og:image:type\" content=\"image\/jpeg\" \/>\n<meta name=\"author\" content=\"Dpress.ma\" \/>\n<meta name=\"twitter:card\" content=\"summary_large_image\" \/>\n<meta name=\"twitter:label1\" content=\"\u00c9crit par\" \/>\n\t<meta name=\"twitter:data1\" content=\"Dpress.ma\" \/>\n\t<meta name=\"twitter:label2\" content=\"Dur\u00e9e de lecture estim\u00e9e\" \/>\n\t<meta name=\"twitter:data2\" content=\"4 minutes\" \/>\n<script type=\"application\/ld+json\" class=\"yoast-schema-graph\">{\"@context\":\"https:\\\/\\\/schema.org\",\"@graph\":[{\"@type\":\"Article\",\"@id\":\"https:\\\/\\\/dpress.ma\\\/fr\\\/2026\\\/04\\\/10\\\/velyvelo-ou-la-revolution-silencieuse-de-la-livraison-urbaine-decarbonee\\\/#article\",\"isPartOf\":{\"@id\":\"https:\\\/\\\/dpress.ma\\\/fr\\\/2026\\\/04\\\/10\\\/velyvelo-ou-la-revolution-silencieuse-de-la-livraison-urbaine-decarbonee\\\/\"},\"author\":{\"name\":\"Dpress.ma\",\"@id\":\"https:\\\/\\\/dpress.ma\\\/fr\\\/#\\\/schema\\\/person\\\/4898febf3ccd59e6578d838656a306a0\"},\"headline\":\"VelyVelo, ou la r\u00e9volution silencieuse de la livraison urbaine d\u00e9carbon\u00e9e\",\"datePublished\":\"2026-04-10T09:38:01+00:00\",\"dateModified\":\"2026-04-10T09:38:04+00:00\",\"mainEntityOfPage\":{\"@id\":\"https:\\\/\\\/dpress.ma\\\/fr\\\/2026\\\/04\\\/10\\\/velyvelo-ou-la-revolution-silencieuse-de-la-livraison-urbaine-decarbonee\\\/\"},\"wordCount\":673,\"commentCount\":0,\"image\":{\"@id\":\"https:\\\/\\\/dpress.ma\\\/fr\\\/2026\\\/04\\\/10\\\/velyvelo-ou-la-revolution-silencieuse-de-la-livraison-urbaine-decarbonee\\\/#primaryimage\"},\"thumbnailUrl\":\"https:\\\/\\\/dpress.ma\\\/fr\\\/wp-content\\\/uploads\\\/sites\\\/2\\\/2026\\\/04\\\/37-7.jpg\",\"articleSection\":[\"\u00c9conomie\"],\"inLanguage\":\"fr-FR\",\"potentialAction\":[{\"@type\":\"CommentAction\",\"name\":\"Comment\",\"target\":[\"https:\\\/\\\/dpress.ma\\\/fr\\\/2026\\\/04\\\/10\\\/velyvelo-ou-la-revolution-silencieuse-de-la-livraison-urbaine-decarbonee\\\/#respond\"]}]},{\"@type\":\"WebPage\",\"@id\":\"https:\\\/\\\/dpress.ma\\\/fr\\\/2026\\\/04\\\/10\\\/velyvelo-ou-la-revolution-silencieuse-de-la-livraison-urbaine-decarbonee\\\/\",\"url\":\"https:\\\/\\\/dpress.ma\\\/fr\\\/2026\\\/04\\\/10\\\/velyvelo-ou-la-revolution-silencieuse-de-la-livraison-urbaine-decarbonee\\\/\",\"name\":\"VelyVelo, ou la r\u00e9volution silencieuse de la livraison urbaine d\u00e9carbon\u00e9e - Dpress.ma\\\/fr\",\"isPartOf\":{\"@id\":\"https:\\\/\\\/dpress.ma\\\/fr\\\/#website\"},\"primaryImageOfPage\":{\"@id\":\"https:\\\/\\\/dpress.ma\\\/fr\\\/2026\\\/04\\\/10\\\/velyvelo-ou-la-revolution-silencieuse-de-la-livraison-urbaine-decarbonee\\\/#primaryimage\"},\"image\":{\"@id\":\"https:\\\/\\\/dpress.ma\\\/fr\\\/2026\\\/04\\\/10\\\/velyvelo-ou-la-revolution-silencieuse-de-la-livraison-urbaine-decarbonee\\\/#primaryimage\"},\"thumbnailUrl\":\"https:\\\/\\\/dpress.ma\\\/fr\\\/wp-content\\\/uploads\\\/sites\\\/2\\\/2026\\\/04\\\/37-7.jpg\",\"datePublished\":\"2026-04-10T09:38:01+00:00\",\"dateModified\":\"2026-04-10T09:38:04+00:00\",\"author\":{\"@id\":\"https:\\\/\\\/dpress.ma\\\/fr\\\/#\\\/schema\\\/person\\\/4898febf3ccd59e6578d838656a306a0\"},\"breadcrumb\":{\"@id\":\"https:\\\/\\\/dpress.ma\\\/fr\\\/2026\\\/04\\\/10\\\/velyvelo-ou-la-revolution-silencieuse-de-la-livraison-urbaine-decarbonee\\\/#breadcrumb\"},\"inLanguage\":\"fr-FR\",\"potentialAction\":[{\"@type\":\"ReadAction\",\"target\":[\"https:\\\/\\\/dpress.ma\\\/fr\\\/2026\\\/04\\\/10\\\/velyvelo-ou-la-revolution-silencieuse-de-la-livraison-urbaine-decarbonee\\\/\"]}]},{\"@type\":\"ImageObject\",\"inLanguage\":\"fr-FR\",\"@id\":\"https:\\\/\\\/dpress.ma\\\/fr\\\/2026\\\/04\\\/10\\\/velyvelo-ou-la-revolution-silencieuse-de-la-livraison-urbaine-decarbonee\\\/#primaryimage\",\"url\":\"https:\\\/\\\/dpress.ma\\\/fr\\\/wp-content\\\/uploads\\\/sites\\\/2\\\/2026\\\/04\\\/37-7.jpg\",\"contentUrl\":\"https:\\\/\\\/dpress.ma\\\/fr\\\/wp-content\\\/uploads\\\/sites\\\/2\\\/2026\\\/04\\\/37-7.jpg\",\"width\":2539,\"height\":1594},{\"@type\":\"BreadcrumbList\",\"@id\":\"https:\\\/\\\/dpress.ma\\\/fr\\\/2026\\\/04\\\/10\\\/velyvelo-ou-la-revolution-silencieuse-de-la-livraison-urbaine-decarbonee\\\/#breadcrumb\",\"itemListElement\":[{\"@type\":\"ListItem\",\"position\":1,\"name\":\"Home\",\"item\":\"https:\\\/\\\/dpress.ma\\\/fr\\\/\"},{\"@type\":\"ListItem\",\"position\":2,\"name\":\"VelyVelo, ou la r\u00e9volution silencieuse de la livraison urbaine d\u00e9carbon\u00e9e\"}]},{\"@type\":\"WebSite\",\"@id\":\"https:\\\/\\\/dpress.ma\\\/fr\\\/#website\",\"url\":\"https:\\\/\\\/dpress.ma\\\/fr\\\/\",\"name\":\"Dpress.ma\\\/fr\",\"description\":\"\",\"potentialAction\":[{\"@type\":\"SearchAction\",\"target\":{\"@type\":\"EntryPoint\",\"urlTemplate\":\"https:\\\/\\\/dpress.ma\\\/fr\\\/?s={search_term_string}\"},\"query-input\":{\"@type\":\"PropertyValueSpecification\",\"valueRequired\":true,\"valueName\":\"search_term_string\"}}],\"inLanguage\":\"fr-FR\"},{\"@type\":\"Person\",\"@id\":\"https:\\\/\\\/dpress.ma\\\/fr\\\/#\\\/schema\\\/person\\\/4898febf3ccd59e6578d838656a306a0\",\"name\":\"Dpress.ma\",\"image\":{\"@type\":\"ImageObject\",\"inLanguage\":\"fr-FR\",\"@id\":\"https:\\\/\\\/secure.gravatar.com\\\/avatar\\\/72ecc30e9db047a2e0e7176561eb9d564ed77c8108376495b19bd8336405198a?s=96&d=mm&r=g\",\"url\":\"https:\\\/\\\/secure.gravatar.com\\\/avatar\\\/72ecc30e9db047a2e0e7176561eb9d564ed77c8108376495b19bd8336405198a?s=96&d=mm&r=g\",\"contentUrl\":\"https:\\\/\\\/secure.gravatar.com\\\/avatar\\\/72ecc30e9db047a2e0e7176561eb9d564ed77c8108376495b19bd8336405198a?s=96&d=mm&r=g\",\"caption\":\"Dpress.ma\"},\"sameAs\":[\"https:\\\/\\\/www.dpress.ma\"],\"url\":\"https:\\\/\\\/dpress.ma\\\/fr\\\/author\\\/dpress-ma\\\/\"}]}<\/script>\n<!-- \/ Yoast SEO plugin. -->","yoast_head_json":{"title":"VelyVelo, ou la r\u00e9volution silencieuse de la livraison urbaine d\u00e9carbon\u00e9e - Dpress.ma\/fr","robots":{"index":"index","follow":"follow","max-snippet":"max-snippet:-1","max-image-preview":"max-image-preview:large","max-video-preview":"max-video-preview:-1"},"canonical":"https:\/\/dpress.ma\/fr\/2026\/04\/10\/velyvelo-ou-la-revolution-silencieuse-de-la-livraison-urbaine-decarbonee\/","og_locale":"fr_FR","og_type":"article","og_title":"VelyVelo, ou la r\u00e9volution silencieuse de la livraison urbaine d\u00e9carbon\u00e9e - Dpress.ma\/fr","og_description":"Dpress Dans le tumulte technologique du Gitex Africa Morocco 2026, o\u00f9 les innovations se succ\u00e8dent et rivalisent d\u2019ambition, certaines initiatives se distinguent moins par le spectaculaire que par leur capacit\u00e9 \u00e0 transformer concr\u00e8tement des usages profond\u00e9ment ancr\u00e9s. C\u2019est le cas de VelyVelo, une startup positionn\u00e9e sur un maillon aussi discret que strat\u00e9gique de l\u2019\u00e9conomie urbaine &hellip;","og_url":"https:\/\/dpress.ma\/fr\/2026\/04\/10\/velyvelo-ou-la-revolution-silencieuse-de-la-livraison-urbaine-decarbonee\/","og_site_name":"Dpress.ma\/fr","article_published_time":"2026-04-10T09:38:01+00:00","article_modified_time":"2026-04-10T09:38:04+00:00","og_image":[{"width":2539,"height":1594,"url":"https:\/\/dpress.ma\/fr\/wp-content\/uploads\/sites\/2\/2026\/04\/37-7.jpg","type":"image\/jpeg"}],"author":"Dpress.ma","twitter_card":"summary_large_image","twitter_misc":{"\u00c9crit par":"Dpress.ma","Dur\u00e9e de lecture estim\u00e9e":"4 minutes"},"schema":{"@context":"https:\/\/schema.org","@graph":[{"@type":"Article","@id":"https:\/\/dpress.ma\/fr\/2026\/04\/10\/velyvelo-ou-la-revolution-silencieuse-de-la-livraison-urbaine-decarbonee\/#article","isPartOf":{"@id":"https:\/\/dpress.ma\/fr\/2026\/04\/10\/velyvelo-ou-la-revolution-silencieuse-de-la-livraison-urbaine-decarbonee\/"},"author":{"name":"Dpress.ma","@id":"https:\/\/dpress.ma\/fr\/#\/schema\/person\/4898febf3ccd59e6578d838656a306a0"},"headline":"VelyVelo, ou la r\u00e9volution silencieuse de la livraison urbaine d\u00e9carbon\u00e9e","datePublished":"2026-04-10T09:38:01+00:00","dateModified":"2026-04-10T09:38:04+00:00","mainEntityOfPage":{"@id":"https:\/\/dpress.ma\/fr\/2026\/04\/10\/velyvelo-ou-la-revolution-silencieuse-de-la-livraison-urbaine-decarbonee\/"},"wordCount":673,"commentCount":0,"image":{"@id":"https:\/\/dpress.ma\/fr\/2026\/04\/10\/velyvelo-ou-la-revolution-silencieuse-de-la-livraison-urbaine-decarbonee\/#primaryimage"},"thumbnailUrl":"https:\/\/dpress.ma\/fr\/wp-content\/uploads\/sites\/2\/2026\/04\/37-7.jpg","articleSection":["\u00c9conomie"],"inLanguage":"fr-FR","potentialAction":[{"@type":"CommentAction","name":"Comment","target":["https:\/\/dpress.ma\/fr\/2026\/04\/10\/velyvelo-ou-la-revolution-silencieuse-de-la-livraison-urbaine-decarbonee\/#respond"]}]},{"@type":"WebPage","@id":"https:\/\/dpress.ma\/fr\/2026\/04\/10\/velyvelo-ou-la-revolution-silencieuse-de-la-livraison-urbaine-decarbonee\/","url":"https:\/\/dpress.ma\/fr\/2026\/04\/10\/velyvelo-ou-la-revolution-silencieuse-de-la-livraison-urbaine-decarbonee\/","name":"VelyVelo, ou la r\u00e9volution silencieuse de la livraison urbaine d\u00e9carbon\u00e9e - Dpress.ma\/fr","isPartOf":{"@id":"https:\/\/dpress.ma\/fr\/#website"},"primaryImageOfPage":{"@id":"https:\/\/dpress.ma\/fr\/2026\/04\/10\/velyvelo-ou-la-revolution-silencieuse-de-la-livraison-urbaine-decarbonee\/#primaryimage"},"image":{"@id":"https:\/\/dpress.ma\/fr\/2026\/04\/10\/velyvelo-ou-la-revolution-silencieuse-de-la-livraison-urbaine-decarbonee\/#primaryimage"},"thumbnailUrl":"https:\/\/dpress.ma\/fr\/wp-content\/uploads\/sites\/2\/2026\/04\/37-7.jpg","datePublished":"2026-04-10T09:38:01+00:00","dateModified":"2026-04-10T09:38:04+00:00","author":{"@id":"https:\/\/dpress.ma\/fr\/#\/schema\/person\/4898febf3ccd59e6578d838656a306a0"},"breadcrumb":{"@id":"https:\/\/dpress.ma\/fr\/2026\/04\/10\/velyvelo-ou-la-revolution-silencieuse-de-la-livraison-urbaine-decarbonee\/#breadcrumb"},"inLanguage":"fr-FR","potentialAction":[{"@type":"ReadAction","target":["https:\/\/dpress.ma\/fr\/2026\/04\/10\/velyvelo-ou-la-revolution-silencieuse-de-la-livraison-urbaine-decarbonee\/"]}]},{"@type":"ImageObject","inLanguage":"fr-FR","@id":"https:\/\/dpress.ma\/fr\/2026\/04\/10\/velyvelo-ou-la-revolution-silencieuse-de-la-livraison-urbaine-decarbonee\/#primaryimage","url":"https:\/\/dpress.ma\/fr\/wp-content\/uploads\/sites\/2\/2026\/04\/37-7.jpg","contentUrl":"https:\/\/dpress.ma\/fr\/wp-content\/uploads\/sites\/2\/2026\/04\/37-7.jpg","width":2539,"height":1594},{"@type":"BreadcrumbList","@id":"https:\/\/dpress.ma\/fr\/2026\/04\/10\/velyvelo-ou-la-revolution-silencieuse-de-la-livraison-urbaine-decarbonee\/#breadcrumb","itemListElement":[{"@type":"ListItem","position":1,"name":"Home","item":"https:\/\/dpress.ma\/fr\/"},{"@type":"ListItem","position":2,"name":"VelyVelo, ou la r\u00e9volution silencieuse de la livraison urbaine d\u00e9carbon\u00e9e"}]},{"@type":"WebSite","@id":"https:\/\/dpress.ma\/fr\/#website","url":"https:\/\/dpress.ma\/fr\/","name":"Dpress.ma\/fr","description":"","potentialAction":[{"@type":"SearchAction","target":{"@type":"EntryPoint","urlTemplate":"https:\/\/dpress.ma\/fr\/?s={search_term_string}"},"query-input":{"@type":"PropertyValueSpecification","valueRequired":true,"valueName":"search_term_string"}}],"inLanguage":"fr-FR"},{"@type":"Person","@id":"https:\/\/dpress.ma\/fr\/#\/schema\/person\/4898febf3ccd59e6578d838656a306a0","name":"Dpress.ma","image":{"@type":"ImageObject","inLanguage":"fr-FR","@id":"https:\/\/secure.gravatar.com\/avatar\/72ecc30e9db047a2e0e7176561eb9d564ed77c8108376495b19bd8336405198a?s=96&d=mm&r=g","url":"https:\/\/secure.gravatar.com\/avatar\/72ecc30e9db047a2e0e7176561eb9d564ed77c8108376495b19bd8336405198a?s=96&d=mm&r=g","contentUrl":"https:\/\/secure.gravatar.com\/avatar\/72ecc30e9db047a2e0e7176561eb9d564ed77c8108376495b19bd8336405198a?s=96&d=mm&r=g","caption":"Dpress.ma"},"sameAs":["https:\/\/www.dpress.ma"],"url":"https:\/\/dpress.ma\/fr\/author\/dpress-ma\/"}]}},"amp_enabled":true,"_links":{"self":[{"href":"https:\/\/dpress.ma\/fr\/wp-json\/wp\/v2\/posts\/28145","targetHints":{"allow":["GET"]}}],"collection":[{"href":"https:\/\/dpress.ma\/fr\/wp-json\/wp\/v2\/posts"}],"about":[{"href":"https:\/\/dpress.ma\/fr\/wp-json\/wp\/v2\/types\/post"}],"author":[{"embeddable":true,"href":"https:\/\/dpress.ma\/fr\/wp-json\/wp\/v2\/users\/2"}],"replies":[{"embeddable":true,"href":"https:\/\/dpress.ma\/fr\/wp-json\/wp\/v2\/comments?post=28145"}],"version-history":[{"count":1,"href":"https:\/\/dpress.ma\/fr\/wp-json\/wp\/v2\/posts\/28145\/revisions"}],"predecessor-version":[{"id":28147,"href":"https:\/\/dpress.ma\/fr\/wp-json\/wp\/v2\/posts\/28145\/revisions\/28147"}],"wp:featuredmedia":[{"embeddable":true,"href":"https:\/\/dpress.ma\/fr\/wp-json\/wp\/v2\/media\/28146"}],"wp:attachment":[{"href":"https:\/\/dpress.ma\/fr\/wp-json\/wp\/v2\/media?parent=28145"}],"wp:term":[{"taxonomy":"category","embeddable":true,"href":"https:\/\/dpress.ma\/fr\/wp-json\/wp\/v2\/categories?post=28145"},{"taxonomy":"post_tag","embeddable":true,"href":"https:\/\/dpress.ma\/fr\/wp-json\/wp\/v2\/tags?post=28145"}],"curies":[{"name":"wp","href":"https:\/\/api.w.org\/{rel}","templated":true}]}}