{"id":2814,"date":"2022-12-08T10:07:57","date_gmt":"2022-12-08T10:07:57","guid":{"rendered":"https:\/\/dpress.ma\/fr\/?p=2814"},"modified":"2022-12-08T10:07:59","modified_gmt":"2022-12-08T10:07:59","slug":"sar-la-princesse-lalla-hasnaa-preside-a-rabat-le-diner-de-gala-diplomatique-annuel-de-bienfaisance","status":"publish","type":"post","link":"https:\/\/dpress.ma\/fr\/2022\/12\/08\/sar-la-princesse-lalla-hasnaa-preside-a-rabat-le-diner-de-gala-diplomatique-annuel-de-bienfaisance\/","title":{"rendered":"SAR la Princesse Lalla Hasnaa pr\u00e9side \u00e0 Rabat le d\u00eener de Gala diplomatique annuel de bienfaisance"},"content":{"rendered":"\n<p>Dpress<\/p>\n\n\n\n<p>Son Altesse Royale la Princesse Lalla Hasnaa a pr\u00e9sid\u00e9, mercredi \u00e0 Rabat, le d\u00eener de Gala diplomatique annuel de bienfaisance, organis\u00e9 par l\u2019ambassade de la R\u00e9publique F\u00e9d\u00e9rale du Nig\u00e9ria et la Fondation diplomatique.<\/p>\n\n\n\n<p>Plac\u00e9 sous le Haut patronage de Sa Majest\u00e9 le Roi Mohammed VI, cet \u00e9v\u00e9nement, qui r\u00e9unit les g\u00e9n\u00e9reux m\u00e9c\u00e8nes autour du Corps diplomatique \u00e9tranger accr\u00e9dit\u00e9 aupr\u00e8s de SM le Roi, est devenu un rendez-vous annuel initi\u00e9 par la Fondation diplomatique et des ambassades \u00e9trang\u00e8res \u00e0 Rabat, en faveur des populations d\u00e9munies, avec la participation de diplomates, d\u2019hommes d\u2019affaires et d\u2019artistes.<\/p>\n\n\n\n<p>Le Gala diplomatique de bienfaisance a pour vocation la collecte de fonds pour contribuer \u00e0 l\u2019action sociale au Maroc, \u00e0 travers le financement de nombreux projets associatifs, notamment en mati\u00e8re de sant\u00e9, d\u2019\u00e9ducation et de formation des jeunes filles.<\/p>\n\n\n\n<p>Dans une allocution de circonstance, l\u2019ambassadeur de la R\u00e9publique F\u00e9d\u00e9rale du Nig\u00e9ria \u00e0 Rabat, Al Bashir Ibrahim Saleh Al Husseini a tenu \u00e0 f\u00e9liciter SM le Roi Mohammed VI et l\u2019ensemble de la Famille Royale, ainsi que le peuple marocain pour la victoire historique de l\u2019\u00e9quipe nationale de football et sa qualification aux quarts de finale de la Coupe du Monde de la FIFA Qatar-2022, un grand exploit qui honore le monde arabe et le Continent africain.<\/p>\n\n\n\n<p>Ce Gala diplomatique annuel de bienfaisance, organis\u00e9 par la Fondation diplomatique en partenariat avec les ambassades accr\u00e9dit\u00e9es \u00e0 Rabat, se veut un vecteur de solidarit\u00e9 et de soutien aux projets de bienfaisance dans le Royaume, a soulign\u00e9 le diplomate.<\/p>\n\n\n\n<p>M. Saleh Al Husseini a, en outre, exprim\u00e9 sa fiert\u00e9 du Maroc et des r\u00e9alisations accomplies par le Royaume, se f\u00e9licitant de la coop\u00e9ration entre le Maroc et la R\u00e9publique F\u00e9d\u00e9rale du Nig\u00e9ria et des projets de d\u00e9veloppement men\u00e9s dans ce cadre, notamment le Gazoduc Maroc-Nig\u00e9ria.<\/p>\n\n\n\n<p>Il a, par la m\u00eame occasion, mis en avant les efforts d\u00e9ploy\u00e9s par les dirigeants des deux pays fr\u00e8res, SM le Roi Mohammed VI et le Pr\u00e9sident Muhammadu Buhari, pour le renforcement des relations bilat\u00e9rales dans plusieurs domaines.<\/p>\n\n\n\n<p>De son c\u00f4t\u00e9, le pr\u00e9sident de la Fondation diplomatique, Abdelati Habek, a exprim\u00e9 sa haute reconnaissance et estime ainsi que sa profonde gratitude \u00e0 SAR la Princesse Lalla Hasnaa pour son soutien constant et sa pr\u00e9sidence effective de ce Gala diplomatique de bienfaisance.<\/p>\n\n\n\n<p>Apr\u00e8s avoir mis en avant les efforts inlassables et les nobles initiatives de Son Altesse Royale la Princesse Lalla Hasnaa, M. Habek a soulign\u00e9 que l\u2019organisation de ce Gala, devenue une tradition annuelle, trouve son essence dans l\u2019approche de SM le Roi Mohammed VI, Amir Al-Mouminine, qui a toujours appel\u00e9 \u00e0 venir en aide aux personnes d\u00e9munies et n\u00e9cessiteuses, consacrant ainsi, sous Sa sage conduite, les valeurs d\u2019entraide, de solidarit\u00e9 et de compassion au sein de la soci\u00e9t\u00e9.<\/p>\n\n\n\n<p>Par la suite, l\u2019Ecu de la Fondation diplomatique a \u00e9t\u00e9 remis \u00e0 SAR la Princesse Lalla Hasnaa, qui avait pos\u00e9 \u00e0 cette occasion pour une photo-souvenir avec le comit\u00e9 organisateur.<\/p>\n\n\n\n<p>Ce d\u00eener de Gala a \u00e9t\u00e9 agr\u00e9ment\u00e9 par un programme artistique \u00e9clectique et des spectacles anim\u00e9s par l\u2019artiste bissau-guin\u00e9en Patche Di Rima, la chanteuse Lamia Zaidi (chanson arabe), le chanteur marocain Abdelhafid Douzi (chanson marocaine) et le baryton d\u2019origine marocaine David Serero (op\u00e9ra).<\/p>\n\n\n\n<p>A son arriv\u00e9e, SAR la Princesse Lalla Hasnaa a pass\u00e9 en revue une section des Forces Auxiliaires qui rendait les honneurs, avant d\u2019\u00eatre salu\u00e9e par le ministre de l\u2019Industrie et du Commerce, Ryad Mezzour, la ministre de la Solidarit\u00e9, de l\u2019Insertion sociale et de la Famille, Aawatif Hayar, le ministre d\u00e9l\u00e9gu\u00e9 charg\u00e9 de l\u2019Investissement, de la Convergence et de l\u2019\u00c9valuation des politiques publiques, Mohcine Jazouli, l\u2019ambassadeur de la R\u00e9publique F\u00e9d\u00e9rale du Nig\u00e9ria \u00e0 Rabat, Al Bashir Ibrahim Saleh Al Husseini, l\u2019ambassadeur de la Guin\u00e9e-Bissau \u00e0 Rabat, Filomena Mendes Tipote, le wali de la r\u00e9gion Rabat-Sal\u00e9-K\u00e9nitra, Mohamed Yacoubi, le pr\u00e9sident du Conseil r\u00e9gional, Rachid El Abdi, la pr\u00e9sidente du Conseil communal de la ville de Rabat, Asmaa Rhlalou, le pr\u00e9sident du Conseil pr\u00e9fectoral de Rabat, Abdelaziz Derouiche, le pr\u00e9sident de la Fondation diplomatique, Abdelati Habek, et les membres du comit\u00e9 organisateur.<\/p>\n","protected":false},"excerpt":{"rendered":"<p>Dpress Son Altesse Royale la Princesse Lalla Hasnaa a pr\u00e9sid\u00e9, mercredi \u00e0 Rabat, le d\u00eener de Gala diplomatique annuel de bienfaisance, organis\u00e9 par l\u2019ambassade de la R\u00e9publique F\u00e9d\u00e9rale du Nig\u00e9ria et la Fondation diplomatique. Plac\u00e9 sous le Haut patronage de Sa Majest\u00e9 le Roi Mohammed VI, cet \u00e9v\u00e9nement, qui r\u00e9unit les g\u00e9n\u00e9reux m\u00e9c\u00e8nes autour du &hellip;<\/p>\n","protected":false},"author":2,"featured_media":2815,"comment_status":"open","ping_status":"open","sticky":false,"template":"","format":"standard","meta":{"footnotes":""},"categories":[29],"tags":[],"class_list":["post-2814","post","type-post","status-publish","format-standard","has-post-thumbnail","hentry","category-activites-royales"],"yoast_head":"<!-- This site is optimized with the Yoast SEO plugin v27.5 - https:\/\/yoast.com\/product\/yoast-seo-wordpress\/ -->\n<title>SAR la Princesse Lalla Hasnaa pr\u00e9side \u00e0 Rabat le d\u00eener de Gala diplomatique annuel de bienfaisance - Dpress.ma\/fr<\/title>\n<meta name=\"description\" content=\"Son Altesse Royale la Princesse Lalla Hasnaa a pr\u00e9sid\u00e9, mercredi \u00e0 Rabat, le d\u00eener de Gala diplomatique annuel de bienfaisance, organis\u00e9 par l\u2019ambassade de la R\u00e9publique F\u00e9d\u00e9rale du Nig\u00e9ria et la Fondation diplomatique.\" \/>\n<meta name=\"robots\" content=\"index, follow, max-snippet:-1, max-image-preview:large, max-video-preview:-1\" \/>\n<link rel=\"canonical\" href=\"https:\/\/dpress.ma\/fr\/2022\/12\/08\/sar-la-princesse-lalla-hasnaa-preside-a-rabat-le-diner-de-gala-diplomatique-annuel-de-bienfaisance\/\" \/>\n<meta property=\"og:locale\" content=\"fr_FR\" \/>\n<meta property=\"og:type\" content=\"article\" \/>\n<meta property=\"og:title\" content=\"SAR la Princesse Lalla Hasnaa pr\u00e9side \u00e0 Rabat le d\u00eener de Gala diplomatique annuel de bienfaisance - Dpress.ma\/fr\" \/>\n<meta property=\"og:description\" content=\"Son Altesse Royale la Princesse Lalla Hasnaa a pr\u00e9sid\u00e9, mercredi \u00e0 Rabat, le d\u00eener de Gala diplomatique annuel de bienfaisance, organis\u00e9 par l\u2019ambassade de la R\u00e9publique F\u00e9d\u00e9rale du Nig\u00e9ria et la Fondation diplomatique.\" \/>\n<meta property=\"og:url\" content=\"https:\/\/dpress.ma\/fr\/2022\/12\/08\/sar-la-princesse-lalla-hasnaa-preside-a-rabat-le-diner-de-gala-diplomatique-annuel-de-bienfaisance\/\" \/>\n<meta property=\"og:site_name\" content=\"Dpress.ma\/fr\" \/>\n<meta property=\"article:published_time\" content=\"2022-12-08T10:07:57+00:00\" \/>\n<meta property=\"article:modified_time\" content=\"2022-12-08T10:07:59+00:00\" \/>\n<meta property=\"og:image\" content=\"https:\/\/dpress.ma\/fr\/wp-content\/uploads\/sites\/2\/2022\/12\/dimensions2-26.jpg\" \/>\n\t<meta property=\"og:image:width\" content=\"2539\" \/>\n\t<meta property=\"og:image:height\" content=\"1594\" \/>\n\t<meta property=\"og:image:type\" content=\"image\/jpeg\" \/>\n<meta name=\"author\" content=\"Dpress.ma\" \/>\n<meta name=\"twitter:card\" content=\"summary_large_image\" \/>\n<meta name=\"twitter:label1\" content=\"\u00c9crit par\" \/>\n\t<meta name=\"twitter:data1\" content=\"Dpress.ma\" \/>\n\t<meta name=\"twitter:label2\" content=\"Dur\u00e9e de lecture estim\u00e9e\" \/>\n\t<meta name=\"twitter:data2\" content=\"4 minutes\" \/>\n<script type=\"application\/ld+json\" class=\"yoast-schema-graph\">{\"@context\":\"https:\\\/\\\/schema.org\",\"@graph\":[{\"@type\":\"Article\",\"@id\":\"https:\\\/\\\/dpress.ma\\\/fr\\\/2022\\\/12\\\/08\\\/sar-la-princesse-lalla-hasnaa-preside-a-rabat-le-diner-de-gala-diplomatique-annuel-de-bienfaisance\\\/#article\",\"isPartOf\":{\"@id\":\"https:\\\/\\\/dpress.ma\\\/fr\\\/2022\\\/12\\\/08\\\/sar-la-princesse-lalla-hasnaa-preside-a-rabat-le-diner-de-gala-diplomatique-annuel-de-bienfaisance\\\/\"},\"author\":{\"name\":\"Dpress.ma\",\"@id\":\"https:\\\/\\\/dpress.ma\\\/fr\\\/#\\\/schema\\\/person\\\/4898febf3ccd59e6578d838656a306a0\"},\"headline\":\"SAR la Princesse Lalla Hasnaa pr\u00e9side \u00e0 Rabat le d\u00eener de Gala diplomatique annuel de bienfaisance\",\"datePublished\":\"2022-12-08T10:07:57+00:00\",\"dateModified\":\"2022-12-08T10:07:59+00:00\",\"mainEntityOfPage\":{\"@id\":\"https:\\\/\\\/dpress.ma\\\/fr\\\/2022\\\/12\\\/08\\\/sar-la-princesse-lalla-hasnaa-preside-a-rabat-le-diner-de-gala-diplomatique-annuel-de-bienfaisance\\\/\"},\"wordCount\":763,\"commentCount\":0,\"image\":{\"@id\":\"https:\\\/\\\/dpress.ma\\\/fr\\\/2022\\\/12\\\/08\\\/sar-la-princesse-lalla-hasnaa-preside-a-rabat-le-diner-de-gala-diplomatique-annuel-de-bienfaisance\\\/#primaryimage\"},\"thumbnailUrl\":\"https:\\\/\\\/dpress.ma\\\/fr\\\/wp-content\\\/uploads\\\/sites\\\/2\\\/2022\\\/12\\\/dimensions2-26.jpg\",\"articleSection\":[\"Activit\u00e9s Royales\"],\"inLanguage\":\"fr-FR\",\"potentialAction\":[{\"@type\":\"CommentAction\",\"name\":\"Comment\",\"target\":[\"https:\\\/\\\/dpress.ma\\\/fr\\\/2022\\\/12\\\/08\\\/sar-la-princesse-lalla-hasnaa-preside-a-rabat-le-diner-de-gala-diplomatique-annuel-de-bienfaisance\\\/#respond\"]}]},{\"@type\":\"WebPage\",\"@id\":\"https:\\\/\\\/dpress.ma\\\/fr\\\/2022\\\/12\\\/08\\\/sar-la-princesse-lalla-hasnaa-preside-a-rabat-le-diner-de-gala-diplomatique-annuel-de-bienfaisance\\\/\",\"url\":\"https:\\\/\\\/dpress.ma\\\/fr\\\/2022\\\/12\\\/08\\\/sar-la-princesse-lalla-hasnaa-preside-a-rabat-le-diner-de-gala-diplomatique-annuel-de-bienfaisance\\\/\",\"name\":\"SAR la Princesse Lalla Hasnaa pr\u00e9side \u00e0 Rabat le d\u00eener de Gala diplomatique annuel de bienfaisance - Dpress.ma\\\/fr\",\"isPartOf\":{\"@id\":\"https:\\\/\\\/dpress.ma\\\/fr\\\/#website\"},\"primaryImageOfPage\":{\"@id\":\"https:\\\/\\\/dpress.ma\\\/fr\\\/2022\\\/12\\\/08\\\/sar-la-princesse-lalla-hasnaa-preside-a-rabat-le-diner-de-gala-diplomatique-annuel-de-bienfaisance\\\/#primaryimage\"},\"image\":{\"@id\":\"https:\\\/\\\/dpress.ma\\\/fr\\\/2022\\\/12\\\/08\\\/sar-la-princesse-lalla-hasnaa-preside-a-rabat-le-diner-de-gala-diplomatique-annuel-de-bienfaisance\\\/#primaryimage\"},\"thumbnailUrl\":\"https:\\\/\\\/dpress.ma\\\/fr\\\/wp-content\\\/uploads\\\/sites\\\/2\\\/2022\\\/12\\\/dimensions2-26.jpg\",\"datePublished\":\"2022-12-08T10:07:57+00:00\",\"dateModified\":\"2022-12-08T10:07:59+00:00\",\"author\":{\"@id\":\"https:\\\/\\\/dpress.ma\\\/fr\\\/#\\\/schema\\\/person\\\/4898febf3ccd59e6578d838656a306a0\"},\"description\":\"Son Altesse Royale la Princesse Lalla Hasnaa a pr\u00e9sid\u00e9, mercredi \u00e0 Rabat, le d\u00eener de Gala diplomatique annuel de bienfaisance, organis\u00e9 par l\u2019ambassade de la R\u00e9publique F\u00e9d\u00e9rale du Nig\u00e9ria et la Fondation diplomatique.\",\"breadcrumb\":{\"@id\":\"https:\\\/\\\/dpress.ma\\\/fr\\\/2022\\\/12\\\/08\\\/sar-la-princesse-lalla-hasnaa-preside-a-rabat-le-diner-de-gala-diplomatique-annuel-de-bienfaisance\\\/#breadcrumb\"},\"inLanguage\":\"fr-FR\",\"potentialAction\":[{\"@type\":\"ReadAction\",\"target\":[\"https:\\\/\\\/dpress.ma\\\/fr\\\/2022\\\/12\\\/08\\\/sar-la-princesse-lalla-hasnaa-preside-a-rabat-le-diner-de-gala-diplomatique-annuel-de-bienfaisance\\\/\"]}]},{\"@type\":\"ImageObject\",\"inLanguage\":\"fr-FR\",\"@id\":\"https:\\\/\\\/dpress.ma\\\/fr\\\/2022\\\/12\\\/08\\\/sar-la-princesse-lalla-hasnaa-preside-a-rabat-le-diner-de-gala-diplomatique-annuel-de-bienfaisance\\\/#primaryimage\",\"url\":\"https:\\\/\\\/dpress.ma\\\/fr\\\/wp-content\\\/uploads\\\/sites\\\/2\\\/2022\\\/12\\\/dimensions2-26.jpg\",\"contentUrl\":\"https:\\\/\\\/dpress.ma\\\/fr\\\/wp-content\\\/uploads\\\/sites\\\/2\\\/2022\\\/12\\\/dimensions2-26.jpg\",\"width\":2539,\"height\":1594},{\"@type\":\"BreadcrumbList\",\"@id\":\"https:\\\/\\\/dpress.ma\\\/fr\\\/2022\\\/12\\\/08\\\/sar-la-princesse-lalla-hasnaa-preside-a-rabat-le-diner-de-gala-diplomatique-annuel-de-bienfaisance\\\/#breadcrumb\",\"itemListElement\":[{\"@type\":\"ListItem\",\"position\":1,\"name\":\"Home\",\"item\":\"https:\\\/\\\/dpress.ma\\\/fr\\\/\"},{\"@type\":\"ListItem\",\"position\":2,\"name\":\"SAR la Princesse Lalla Hasnaa pr\u00e9side \u00e0 Rabat le d\u00eener de Gala diplomatique annuel de bienfaisance\"}]},{\"@type\":\"WebSite\",\"@id\":\"https:\\\/\\\/dpress.ma\\\/fr\\\/#website\",\"url\":\"https:\\\/\\\/dpress.ma\\\/fr\\\/\",\"name\":\"Dpress.ma\\\/fr\",\"description\":\"\",\"potentialAction\":[{\"@type\":\"SearchAction\",\"target\":{\"@type\":\"EntryPoint\",\"urlTemplate\":\"https:\\\/\\\/dpress.ma\\\/fr\\\/?s={search_term_string}\"},\"query-input\":{\"@type\":\"PropertyValueSpecification\",\"valueRequired\":true,\"valueName\":\"search_term_string\"}}],\"inLanguage\":\"fr-FR\"},{\"@type\":\"Person\",\"@id\":\"https:\\\/\\\/dpress.ma\\\/fr\\\/#\\\/schema\\\/person\\\/4898febf3ccd59e6578d838656a306a0\",\"name\":\"Dpress.ma\",\"image\":{\"@type\":\"ImageObject\",\"inLanguage\":\"fr-FR\",\"@id\":\"https:\\\/\\\/secure.gravatar.com\\\/avatar\\\/72ecc30e9db047a2e0e7176561eb9d564ed77c8108376495b19bd8336405198a?s=96&d=mm&r=g\",\"url\":\"https:\\\/\\\/secure.gravatar.com\\\/avatar\\\/72ecc30e9db047a2e0e7176561eb9d564ed77c8108376495b19bd8336405198a?s=96&d=mm&r=g\",\"contentUrl\":\"https:\\\/\\\/secure.gravatar.com\\\/avatar\\\/72ecc30e9db047a2e0e7176561eb9d564ed77c8108376495b19bd8336405198a?s=96&d=mm&r=g\",\"caption\":\"Dpress.ma\"},\"sameAs\":[\"https:\\\/\\\/www.dpress.ma\"],\"url\":\"https:\\\/\\\/dpress.ma\\\/fr\\\/author\\\/dpress-ma\\\/\"}]}<\/script>\n<!-- \/ Yoast SEO plugin. -->","yoast_head_json":{"title":"SAR la Princesse Lalla Hasnaa pr\u00e9side \u00e0 Rabat le d\u00eener de Gala diplomatique annuel de bienfaisance - Dpress.ma\/fr","description":"Son Altesse Royale la Princesse Lalla Hasnaa a pr\u00e9sid\u00e9, mercredi \u00e0 Rabat, le d\u00eener de Gala diplomatique annuel de bienfaisance, organis\u00e9 par l\u2019ambassade de la R\u00e9publique F\u00e9d\u00e9rale du Nig\u00e9ria et la Fondation diplomatique.","robots":{"index":"index","follow":"follow","max-snippet":"max-snippet:-1","max-image-preview":"max-image-preview:large","max-video-preview":"max-video-preview:-1"},"canonical":"https:\/\/dpress.ma\/fr\/2022\/12\/08\/sar-la-princesse-lalla-hasnaa-preside-a-rabat-le-diner-de-gala-diplomatique-annuel-de-bienfaisance\/","og_locale":"fr_FR","og_type":"article","og_title":"SAR la Princesse Lalla Hasnaa pr\u00e9side \u00e0 Rabat le d\u00eener de Gala diplomatique annuel de bienfaisance - Dpress.ma\/fr","og_description":"Son Altesse Royale la Princesse Lalla Hasnaa a pr\u00e9sid\u00e9, mercredi \u00e0 Rabat, le d\u00eener de Gala diplomatique annuel de bienfaisance, organis\u00e9 par l\u2019ambassade de la R\u00e9publique F\u00e9d\u00e9rale du Nig\u00e9ria et la Fondation diplomatique.","og_url":"https:\/\/dpress.ma\/fr\/2022\/12\/08\/sar-la-princesse-lalla-hasnaa-preside-a-rabat-le-diner-de-gala-diplomatique-annuel-de-bienfaisance\/","og_site_name":"Dpress.ma\/fr","article_published_time":"2022-12-08T10:07:57+00:00","article_modified_time":"2022-12-08T10:07:59+00:00","og_image":[{"width":2539,"height":1594,"url":"https:\/\/dpress.ma\/fr\/wp-content\/uploads\/sites\/2\/2022\/12\/dimensions2-26.jpg","type":"image\/jpeg"}],"author":"Dpress.ma","twitter_card":"summary_large_image","twitter_misc":{"\u00c9crit par":"Dpress.ma","Dur\u00e9e de lecture estim\u00e9e":"4 minutes"},"schema":{"@context":"https:\/\/schema.org","@graph":[{"@type":"Article","@id":"https:\/\/dpress.ma\/fr\/2022\/12\/08\/sar-la-princesse-lalla-hasnaa-preside-a-rabat-le-diner-de-gala-diplomatique-annuel-de-bienfaisance\/#article","isPartOf":{"@id":"https:\/\/dpress.ma\/fr\/2022\/12\/08\/sar-la-princesse-lalla-hasnaa-preside-a-rabat-le-diner-de-gala-diplomatique-annuel-de-bienfaisance\/"},"author":{"name":"Dpress.ma","@id":"https:\/\/dpress.ma\/fr\/#\/schema\/person\/4898febf3ccd59e6578d838656a306a0"},"headline":"SAR la Princesse Lalla Hasnaa pr\u00e9side \u00e0 Rabat le d\u00eener de Gala diplomatique annuel de bienfaisance","datePublished":"2022-12-08T10:07:57+00:00","dateModified":"2022-12-08T10:07:59+00:00","mainEntityOfPage":{"@id":"https:\/\/dpress.ma\/fr\/2022\/12\/08\/sar-la-princesse-lalla-hasnaa-preside-a-rabat-le-diner-de-gala-diplomatique-annuel-de-bienfaisance\/"},"wordCount":763,"commentCount":0,"image":{"@id":"https:\/\/dpress.ma\/fr\/2022\/12\/08\/sar-la-princesse-lalla-hasnaa-preside-a-rabat-le-diner-de-gala-diplomatique-annuel-de-bienfaisance\/#primaryimage"},"thumbnailUrl":"https:\/\/dpress.ma\/fr\/wp-content\/uploads\/sites\/2\/2022\/12\/dimensions2-26.jpg","articleSection":["Activit\u00e9s Royales"],"inLanguage":"fr-FR","potentialAction":[{"@type":"CommentAction","name":"Comment","target":["https:\/\/dpress.ma\/fr\/2022\/12\/08\/sar-la-princesse-lalla-hasnaa-preside-a-rabat-le-diner-de-gala-diplomatique-annuel-de-bienfaisance\/#respond"]}]},{"@type":"WebPage","@id":"https:\/\/dpress.ma\/fr\/2022\/12\/08\/sar-la-princesse-lalla-hasnaa-preside-a-rabat-le-diner-de-gala-diplomatique-annuel-de-bienfaisance\/","url":"https:\/\/dpress.ma\/fr\/2022\/12\/08\/sar-la-princesse-lalla-hasnaa-preside-a-rabat-le-diner-de-gala-diplomatique-annuel-de-bienfaisance\/","name":"SAR la Princesse Lalla Hasnaa pr\u00e9side \u00e0 Rabat le d\u00eener de Gala diplomatique annuel de bienfaisance - Dpress.ma\/fr","isPartOf":{"@id":"https:\/\/dpress.ma\/fr\/#website"},"primaryImageOfPage":{"@id":"https:\/\/dpress.ma\/fr\/2022\/12\/08\/sar-la-princesse-lalla-hasnaa-preside-a-rabat-le-diner-de-gala-diplomatique-annuel-de-bienfaisance\/#primaryimage"},"image":{"@id":"https:\/\/dpress.ma\/fr\/2022\/12\/08\/sar-la-princesse-lalla-hasnaa-preside-a-rabat-le-diner-de-gala-diplomatique-annuel-de-bienfaisance\/#primaryimage"},"thumbnailUrl":"https:\/\/dpress.ma\/fr\/wp-content\/uploads\/sites\/2\/2022\/12\/dimensions2-26.jpg","datePublished":"2022-12-08T10:07:57+00:00","dateModified":"2022-12-08T10:07:59+00:00","author":{"@id":"https:\/\/dpress.ma\/fr\/#\/schema\/person\/4898febf3ccd59e6578d838656a306a0"},"description":"Son Altesse Royale la Princesse Lalla Hasnaa a pr\u00e9sid\u00e9, mercredi \u00e0 Rabat, le d\u00eener de Gala diplomatique annuel de bienfaisance, organis\u00e9 par l\u2019ambassade de la R\u00e9publique F\u00e9d\u00e9rale du Nig\u00e9ria et la Fondation diplomatique.","breadcrumb":{"@id":"https:\/\/dpress.ma\/fr\/2022\/12\/08\/sar-la-princesse-lalla-hasnaa-preside-a-rabat-le-diner-de-gala-diplomatique-annuel-de-bienfaisance\/#breadcrumb"},"inLanguage":"fr-FR","potentialAction":[{"@type":"ReadAction","target":["https:\/\/dpress.ma\/fr\/2022\/12\/08\/sar-la-princesse-lalla-hasnaa-preside-a-rabat-le-diner-de-gala-diplomatique-annuel-de-bienfaisance\/"]}]},{"@type":"ImageObject","inLanguage":"fr-FR","@id":"https:\/\/dpress.ma\/fr\/2022\/12\/08\/sar-la-princesse-lalla-hasnaa-preside-a-rabat-le-diner-de-gala-diplomatique-annuel-de-bienfaisance\/#primaryimage","url":"https:\/\/dpress.ma\/fr\/wp-content\/uploads\/sites\/2\/2022\/12\/dimensions2-26.jpg","contentUrl":"https:\/\/dpress.ma\/fr\/wp-content\/uploads\/sites\/2\/2022\/12\/dimensions2-26.jpg","width":2539,"height":1594},{"@type":"BreadcrumbList","@id":"https:\/\/dpress.ma\/fr\/2022\/12\/08\/sar-la-princesse-lalla-hasnaa-preside-a-rabat-le-diner-de-gala-diplomatique-annuel-de-bienfaisance\/#breadcrumb","itemListElement":[{"@type":"ListItem","position":1,"name":"Home","item":"https:\/\/dpress.ma\/fr\/"},{"@type":"ListItem","position":2,"name":"SAR la Princesse Lalla Hasnaa pr\u00e9side \u00e0 Rabat le d\u00eener de Gala diplomatique annuel de bienfaisance"}]},{"@type":"WebSite","@id":"https:\/\/dpress.ma\/fr\/#website","url":"https:\/\/dpress.ma\/fr\/","name":"Dpress.ma\/fr","description":"","potentialAction":[{"@type":"SearchAction","target":{"@type":"EntryPoint","urlTemplate":"https:\/\/dpress.ma\/fr\/?s={search_term_string}"},"query-input":{"@type":"PropertyValueSpecification","valueRequired":true,"valueName":"search_term_string"}}],"inLanguage":"fr-FR"},{"@type":"Person","@id":"https:\/\/dpress.ma\/fr\/#\/schema\/person\/4898febf3ccd59e6578d838656a306a0","name":"Dpress.ma","image":{"@type":"ImageObject","inLanguage":"fr-FR","@id":"https:\/\/secure.gravatar.com\/avatar\/72ecc30e9db047a2e0e7176561eb9d564ed77c8108376495b19bd8336405198a?s=96&d=mm&r=g","url":"https:\/\/secure.gravatar.com\/avatar\/72ecc30e9db047a2e0e7176561eb9d564ed77c8108376495b19bd8336405198a?s=96&d=mm&r=g","contentUrl":"https:\/\/secure.gravatar.com\/avatar\/72ecc30e9db047a2e0e7176561eb9d564ed77c8108376495b19bd8336405198a?s=96&d=mm&r=g","caption":"Dpress.ma"},"sameAs":["https:\/\/www.dpress.ma"],"url":"https:\/\/dpress.ma\/fr\/author\/dpress-ma\/"}]}},"amp_enabled":true,"_links":{"self":[{"href":"https:\/\/dpress.ma\/fr\/wp-json\/wp\/v2\/posts\/2814","targetHints":{"allow":["GET"]}}],"collection":[{"href":"https:\/\/dpress.ma\/fr\/wp-json\/wp\/v2\/posts"}],"about":[{"href":"https:\/\/dpress.ma\/fr\/wp-json\/wp\/v2\/types\/post"}],"author":[{"embeddable":true,"href":"https:\/\/dpress.ma\/fr\/wp-json\/wp\/v2\/users\/2"}],"replies":[{"embeddable":true,"href":"https:\/\/dpress.ma\/fr\/wp-json\/wp\/v2\/comments?post=2814"}],"version-history":[{"count":1,"href":"https:\/\/dpress.ma\/fr\/wp-json\/wp\/v2\/posts\/2814\/revisions"}],"predecessor-version":[{"id":2816,"href":"https:\/\/dpress.ma\/fr\/wp-json\/wp\/v2\/posts\/2814\/revisions\/2816"}],"wp:featuredmedia":[{"embeddable":true,"href":"https:\/\/dpress.ma\/fr\/wp-json\/wp\/v2\/media\/2815"}],"wp:attachment":[{"href":"https:\/\/dpress.ma\/fr\/wp-json\/wp\/v2\/media?parent=2814"}],"wp:term":[{"taxonomy":"category","embeddable":true,"href":"https:\/\/dpress.ma\/fr\/wp-json\/wp\/v2\/categories?post=2814"},{"taxonomy":"post_tag","embeddable":true,"href":"https:\/\/dpress.ma\/fr\/wp-json\/wp\/v2\/tags?post=2814"}],"curies":[{"name":"wp","href":"https:\/\/api.w.org\/{rel}","templated":true}]}}