{"id":28134,"date":"2026-04-10T09:31:47","date_gmt":"2026-04-10T09:31:47","guid":{"rendered":"https:\/\/dpress.ma\/fr\/?p=28134"},"modified":"2026-04-10T09:31:48","modified_gmt":"2026-04-10T09:31:48","slug":"nairobi-entretiens-maroco-rwandais-sur-le-renforcement-de-la-cooperation-dans-les-domaines-de-lhabitat-et-du-developpement-urbain","status":"publish","type":"post","link":"https:\/\/dpress.ma\/fr\/2026\/04\/10\/nairobi-entretiens-maroco-rwandais-sur-le-renforcement-de-la-cooperation-dans-les-domaines-de-lhabitat-et-du-developpement-urbain\/","title":{"rendered":"Nairobi: entretiens maroco-rwandais sur le renforcement de la coop\u00e9ration dans les domaines de l\u2019habitat et du d\u00e9veloppement urbain"},"content":{"rendered":"\n<p>Dpress<\/p>\n\n\n\n<p>Le renforcement de la coop\u00e9ration dans les domaines de l\u2019habitat et du d\u00e9veloppement urbain a \u00e9t\u00e9 au centre d\u2019entretiens, jeudi \u00e0 Nairobi, entre le secr\u00e9taire d\u2019\u00c9tat charg\u00e9 de l\u2019Habitat, Adib Benbrahim, et le ministre d\u00e9l\u00e9gu\u00e9 aupr\u00e8s du minist\u00e8re des Infrastructures de la R\u00e9publique du Rwanda, Jean de Dieu Uwihanganye.<\/p>\n\n\n\n<p>\u00c0 cette occasion, les deux parties ont exprim\u00e9 leur volont\u00e9 commune d\u2019acc\u00e9l\u00e9rer la mise en \u0153uvre des accords sign\u00e9s entre les deux pays dans le domaine de l\u2019habitat et du d\u00e9veloppement urbain, notamment le m\u00e9morandum d\u2019entente de 2016 et l\u2019accord de 2019, en les traduisant en projets concrets \u00e0 fort impact sur les populations.<\/p>\n\n\n\n<p>M. Benbrahim a, par ailleurs, pr\u00e9sent\u00e9 l\u2019exp\u00e9rience marocaine pionni\u00e8re en mati\u00e8re de politiques de l\u2019habitat et de d\u00e9veloppement urbain, mettant en avant les efforts d\u00e9ploy\u00e9s pour faciliter l\u2019acc\u00e8s au logement, lutter contre l\u2019habitat insalubre, renforcer la planification urbaine, outre la digitalisation des services et des proc\u00e9dures.<\/p>\n\n\n\n<p>Cette r\u00e9union a \u00e9galement permis de mettre en avant la qualit\u00e9 des relations de coop\u00e9ration entre le Maroc et le Rwanda.<\/p>\n\n\n\n<p>Lors de cette entrevue, M. Benbrahim \u00e9tait accompagn\u00e9 du pr\u00e9sident du directoire du Groupe Al Omrane, Housni El Ghazaoui ainsi que du secr\u00e9taire g\u00e9n\u00e9ral du minist\u00e8re de l\u2019Am\u00e9nagement du territoire national, de l\u2019Urbanisme, de l\u2019Habitat et de la Politique de la ville, Youssef Hosni.<\/p>\n\n\n\n<p>A rappeler que M. Benbrahim conduit la d\u00e9l\u00e9gation marocaine qui prend part au deuxi\u00e8me Forum urbain africain (8-10 avril \u00e0 Nairobi).<\/p>\n","protected":false},"excerpt":{"rendered":"<p>Dpress Le renforcement de la coop\u00e9ration dans les domaines de l\u2019habitat et du d\u00e9veloppement urbain a \u00e9t\u00e9 au centre d\u2019entretiens, jeudi \u00e0 Nairobi, entre le secr\u00e9taire d\u2019\u00c9tat charg\u00e9 de l\u2019Habitat, Adib Benbrahim, et le ministre d\u00e9l\u00e9gu\u00e9 aupr\u00e8s du minist\u00e8re des Infrastructures de la R\u00e9publique du Rwanda, Jean de Dieu Uwihanganye. \u00c0 cette occasion, les deux &hellip;<\/p>\n","protected":false},"author":2,"featured_media":28135,"comment_status":"open","ping_status":"open","sticky":false,"template":"","format":"standard","meta":{"footnotes":""},"categories":[33],"tags":[],"class_list":["post-28134","post","type-post","status-publish","format-standard","has-post-thumbnail","hentry","category-diplomatie-parallele"],"yoast_head":"<!-- This site is optimized with the Yoast SEO plugin v27.5 - https:\/\/yoast.com\/product\/yoast-seo-wordpress\/ -->\n<title>Nairobi: entretiens maroco-rwandais sur le renforcement de la coop\u00e9ration dans les domaines de l\u2019habitat et du d\u00e9veloppement urbain - Dpress.ma\/fr<\/title>\n<meta name=\"robots\" content=\"index, follow, max-snippet:-1, max-image-preview:large, max-video-preview:-1\" \/>\n<link rel=\"canonical\" href=\"https:\/\/dpress.ma\/fr\/2026\/04\/10\/nairobi-entretiens-maroco-rwandais-sur-le-renforcement-de-la-cooperation-dans-les-domaines-de-lhabitat-et-du-developpement-urbain\/\" \/>\n<meta property=\"og:locale\" content=\"fr_FR\" \/>\n<meta property=\"og:type\" content=\"article\" \/>\n<meta property=\"og:title\" content=\"Nairobi: entretiens maroco-rwandais sur le renforcement de la coop\u00e9ration dans les domaines de l\u2019habitat et du d\u00e9veloppement urbain - Dpress.ma\/fr\" \/>\n<meta property=\"og:description\" content=\"Dpress Le renforcement de la coop\u00e9ration dans les domaines de l\u2019habitat et du d\u00e9veloppement urbain a \u00e9t\u00e9 au centre d\u2019entretiens, jeudi \u00e0 Nairobi, entre le secr\u00e9taire d\u2019\u00c9tat charg\u00e9 de l\u2019Habitat, Adib Benbrahim, et le ministre d\u00e9l\u00e9gu\u00e9 aupr\u00e8s du minist\u00e8re des Infrastructures de la R\u00e9publique du Rwanda, Jean de Dieu Uwihanganye. \u00c0 cette occasion, les deux &hellip;\" \/>\n<meta property=\"og:url\" content=\"https:\/\/dpress.ma\/fr\/2026\/04\/10\/nairobi-entretiens-maroco-rwandais-sur-le-renforcement-de-la-cooperation-dans-les-domaines-de-lhabitat-et-du-developpement-urbain\/\" \/>\n<meta property=\"og:site_name\" content=\"Dpress.ma\/fr\" \/>\n<meta property=\"article:published_time\" content=\"2026-04-10T09:31:47+00:00\" \/>\n<meta property=\"article:modified_time\" content=\"2026-04-10T09:31:48+00:00\" \/>\n<meta property=\"og:image\" content=\"https:\/\/dpress.ma\/fr\/wp-content\/uploads\/sites\/2\/2026\/04\/34-3.jpg\" \/>\n\t<meta property=\"og:image:width\" content=\"2539\" \/>\n\t<meta property=\"og:image:height\" content=\"1594\" \/>\n\t<meta property=\"og:image:type\" content=\"image\/jpeg\" \/>\n<meta name=\"author\" content=\"Dpress.ma\" \/>\n<meta name=\"twitter:card\" content=\"summary_large_image\" \/>\n<meta name=\"twitter:label1\" content=\"\u00c9crit par\" \/>\n\t<meta name=\"twitter:data1\" content=\"Dpress.ma\" \/>\n\t<meta name=\"twitter:label2\" content=\"Dur\u00e9e de lecture estim\u00e9e\" \/>\n\t<meta name=\"twitter:data2\" content=\"2 minutes\" \/>\n<script type=\"application\/ld+json\" class=\"yoast-schema-graph\">{\"@context\":\"https:\\\/\\\/schema.org\",\"@graph\":[{\"@type\":\"Article\",\"@id\":\"https:\\\/\\\/dpress.ma\\\/fr\\\/2026\\\/04\\\/10\\\/nairobi-entretiens-maroco-rwandais-sur-le-renforcement-de-la-cooperation-dans-les-domaines-de-lhabitat-et-du-developpement-urbain\\\/#article\",\"isPartOf\":{\"@id\":\"https:\\\/\\\/dpress.ma\\\/fr\\\/2026\\\/04\\\/10\\\/nairobi-entretiens-maroco-rwandais-sur-le-renforcement-de-la-cooperation-dans-les-domaines-de-lhabitat-et-du-developpement-urbain\\\/\"},\"author\":{\"name\":\"Dpress.ma\",\"@id\":\"https:\\\/\\\/dpress.ma\\\/fr\\\/#\\\/schema\\\/person\\\/4898febf3ccd59e6578d838656a306a0\"},\"headline\":\"Nairobi: entretiens maroco-rwandais sur le renforcement de la coop\u00e9ration dans les domaines de l\u2019habitat et du d\u00e9veloppement urbain\",\"datePublished\":\"2026-04-10T09:31:47+00:00\",\"dateModified\":\"2026-04-10T09:31:48+00:00\",\"mainEntityOfPage\":{\"@id\":\"https:\\\/\\\/dpress.ma\\\/fr\\\/2026\\\/04\\\/10\\\/nairobi-entretiens-maroco-rwandais-sur-le-renforcement-de-la-cooperation-dans-les-domaines-de-lhabitat-et-du-developpement-urbain\\\/\"},\"wordCount\":299,\"commentCount\":0,\"image\":{\"@id\":\"https:\\\/\\\/dpress.ma\\\/fr\\\/2026\\\/04\\\/10\\\/nairobi-entretiens-maroco-rwandais-sur-le-renforcement-de-la-cooperation-dans-les-domaines-de-lhabitat-et-du-developpement-urbain\\\/#primaryimage\"},\"thumbnailUrl\":\"https:\\\/\\\/dpress.ma\\\/fr\\\/wp-content\\\/uploads\\\/sites\\\/2\\\/2026\\\/04\\\/34-3.jpg\",\"articleSection\":[\"Diplomatie Parall\u00e8le\"],\"inLanguage\":\"fr-FR\",\"potentialAction\":[{\"@type\":\"CommentAction\",\"name\":\"Comment\",\"target\":[\"https:\\\/\\\/dpress.ma\\\/fr\\\/2026\\\/04\\\/10\\\/nairobi-entretiens-maroco-rwandais-sur-le-renforcement-de-la-cooperation-dans-les-domaines-de-lhabitat-et-du-developpement-urbain\\\/#respond\"]}]},{\"@type\":\"WebPage\",\"@id\":\"https:\\\/\\\/dpress.ma\\\/fr\\\/2026\\\/04\\\/10\\\/nairobi-entretiens-maroco-rwandais-sur-le-renforcement-de-la-cooperation-dans-les-domaines-de-lhabitat-et-du-developpement-urbain\\\/\",\"url\":\"https:\\\/\\\/dpress.ma\\\/fr\\\/2026\\\/04\\\/10\\\/nairobi-entretiens-maroco-rwandais-sur-le-renforcement-de-la-cooperation-dans-les-domaines-de-lhabitat-et-du-developpement-urbain\\\/\",\"name\":\"Nairobi: entretiens maroco-rwandais sur le renforcement de la coop\u00e9ration dans les domaines de l\u2019habitat et du d\u00e9veloppement urbain - Dpress.ma\\\/fr\",\"isPartOf\":{\"@id\":\"https:\\\/\\\/dpress.ma\\\/fr\\\/#website\"},\"primaryImageOfPage\":{\"@id\":\"https:\\\/\\\/dpress.ma\\\/fr\\\/2026\\\/04\\\/10\\\/nairobi-entretiens-maroco-rwandais-sur-le-renforcement-de-la-cooperation-dans-les-domaines-de-lhabitat-et-du-developpement-urbain\\\/#primaryimage\"},\"image\":{\"@id\":\"https:\\\/\\\/dpress.ma\\\/fr\\\/2026\\\/04\\\/10\\\/nairobi-entretiens-maroco-rwandais-sur-le-renforcement-de-la-cooperation-dans-les-domaines-de-lhabitat-et-du-developpement-urbain\\\/#primaryimage\"},\"thumbnailUrl\":\"https:\\\/\\\/dpress.ma\\\/fr\\\/wp-content\\\/uploads\\\/sites\\\/2\\\/2026\\\/04\\\/34-3.jpg\",\"datePublished\":\"2026-04-10T09:31:47+00:00\",\"dateModified\":\"2026-04-10T09:31:48+00:00\",\"author\":{\"@id\":\"https:\\\/\\\/dpress.ma\\\/fr\\\/#\\\/schema\\\/person\\\/4898febf3ccd59e6578d838656a306a0\"},\"breadcrumb\":{\"@id\":\"https:\\\/\\\/dpress.ma\\\/fr\\\/2026\\\/04\\\/10\\\/nairobi-entretiens-maroco-rwandais-sur-le-renforcement-de-la-cooperation-dans-les-domaines-de-lhabitat-et-du-developpement-urbain\\\/#breadcrumb\"},\"inLanguage\":\"fr-FR\",\"potentialAction\":[{\"@type\":\"ReadAction\",\"target\":[\"https:\\\/\\\/dpress.ma\\\/fr\\\/2026\\\/04\\\/10\\\/nairobi-entretiens-maroco-rwandais-sur-le-renforcement-de-la-cooperation-dans-les-domaines-de-lhabitat-et-du-developpement-urbain\\\/\"]}]},{\"@type\":\"ImageObject\",\"inLanguage\":\"fr-FR\",\"@id\":\"https:\\\/\\\/dpress.ma\\\/fr\\\/2026\\\/04\\\/10\\\/nairobi-entretiens-maroco-rwandais-sur-le-renforcement-de-la-cooperation-dans-les-domaines-de-lhabitat-et-du-developpement-urbain\\\/#primaryimage\",\"url\":\"https:\\\/\\\/dpress.ma\\\/fr\\\/wp-content\\\/uploads\\\/sites\\\/2\\\/2026\\\/04\\\/34-3.jpg\",\"contentUrl\":\"https:\\\/\\\/dpress.ma\\\/fr\\\/wp-content\\\/uploads\\\/sites\\\/2\\\/2026\\\/04\\\/34-3.jpg\",\"width\":2539,\"height\":1594},{\"@type\":\"BreadcrumbList\",\"@id\":\"https:\\\/\\\/dpress.ma\\\/fr\\\/2026\\\/04\\\/10\\\/nairobi-entretiens-maroco-rwandais-sur-le-renforcement-de-la-cooperation-dans-les-domaines-de-lhabitat-et-du-developpement-urbain\\\/#breadcrumb\",\"itemListElement\":[{\"@type\":\"ListItem\",\"position\":1,\"name\":\"Home\",\"item\":\"https:\\\/\\\/dpress.ma\\\/fr\\\/\"},{\"@type\":\"ListItem\",\"position\":2,\"name\":\"Nairobi: entretiens maroco-rwandais sur le renforcement de la coop\u00e9ration dans les domaines de l\u2019habitat et du d\u00e9veloppement urbain\"}]},{\"@type\":\"WebSite\",\"@id\":\"https:\\\/\\\/dpress.ma\\\/fr\\\/#website\",\"url\":\"https:\\\/\\\/dpress.ma\\\/fr\\\/\",\"name\":\"Dpress.ma\\\/fr\",\"description\":\"\",\"potentialAction\":[{\"@type\":\"SearchAction\",\"target\":{\"@type\":\"EntryPoint\",\"urlTemplate\":\"https:\\\/\\\/dpress.ma\\\/fr\\\/?s={search_term_string}\"},\"query-input\":{\"@type\":\"PropertyValueSpecification\",\"valueRequired\":true,\"valueName\":\"search_term_string\"}}],\"inLanguage\":\"fr-FR\"},{\"@type\":\"Person\",\"@id\":\"https:\\\/\\\/dpress.ma\\\/fr\\\/#\\\/schema\\\/person\\\/4898febf3ccd59e6578d838656a306a0\",\"name\":\"Dpress.ma\",\"image\":{\"@type\":\"ImageObject\",\"inLanguage\":\"fr-FR\",\"@id\":\"https:\\\/\\\/secure.gravatar.com\\\/avatar\\\/72ecc30e9db047a2e0e7176561eb9d564ed77c8108376495b19bd8336405198a?s=96&d=mm&r=g\",\"url\":\"https:\\\/\\\/secure.gravatar.com\\\/avatar\\\/72ecc30e9db047a2e0e7176561eb9d564ed77c8108376495b19bd8336405198a?s=96&d=mm&r=g\",\"contentUrl\":\"https:\\\/\\\/secure.gravatar.com\\\/avatar\\\/72ecc30e9db047a2e0e7176561eb9d564ed77c8108376495b19bd8336405198a?s=96&d=mm&r=g\",\"caption\":\"Dpress.ma\"},\"sameAs\":[\"https:\\\/\\\/www.dpress.ma\"],\"url\":\"https:\\\/\\\/dpress.ma\\\/fr\\\/author\\\/dpress-ma\\\/\"}]}<\/script>\n<!-- \/ Yoast SEO plugin. -->","yoast_head_json":{"title":"Nairobi: entretiens maroco-rwandais sur le renforcement de la coop\u00e9ration dans les domaines de l\u2019habitat et du d\u00e9veloppement urbain - Dpress.ma\/fr","robots":{"index":"index","follow":"follow","max-snippet":"max-snippet:-1","max-image-preview":"max-image-preview:large","max-video-preview":"max-video-preview:-1"},"canonical":"https:\/\/dpress.ma\/fr\/2026\/04\/10\/nairobi-entretiens-maroco-rwandais-sur-le-renforcement-de-la-cooperation-dans-les-domaines-de-lhabitat-et-du-developpement-urbain\/","og_locale":"fr_FR","og_type":"article","og_title":"Nairobi: entretiens maroco-rwandais sur le renforcement de la coop\u00e9ration dans les domaines de l\u2019habitat et du d\u00e9veloppement urbain - Dpress.ma\/fr","og_description":"Dpress Le renforcement de la coop\u00e9ration dans les domaines de l\u2019habitat et du d\u00e9veloppement urbain a \u00e9t\u00e9 au centre d\u2019entretiens, jeudi \u00e0 Nairobi, entre le secr\u00e9taire d\u2019\u00c9tat charg\u00e9 de l\u2019Habitat, Adib Benbrahim, et le ministre d\u00e9l\u00e9gu\u00e9 aupr\u00e8s du minist\u00e8re des Infrastructures de la R\u00e9publique du Rwanda, Jean de Dieu Uwihanganye. \u00c0 cette occasion, les deux &hellip;","og_url":"https:\/\/dpress.ma\/fr\/2026\/04\/10\/nairobi-entretiens-maroco-rwandais-sur-le-renforcement-de-la-cooperation-dans-les-domaines-de-lhabitat-et-du-developpement-urbain\/","og_site_name":"Dpress.ma\/fr","article_published_time":"2026-04-10T09:31:47+00:00","article_modified_time":"2026-04-10T09:31:48+00:00","og_image":[{"width":2539,"height":1594,"url":"https:\/\/dpress.ma\/fr\/wp-content\/uploads\/sites\/2\/2026\/04\/34-3.jpg","type":"image\/jpeg"}],"author":"Dpress.ma","twitter_card":"summary_large_image","twitter_misc":{"\u00c9crit par":"Dpress.ma","Dur\u00e9e de lecture estim\u00e9e":"2 minutes"},"schema":{"@context":"https:\/\/schema.org","@graph":[{"@type":"Article","@id":"https:\/\/dpress.ma\/fr\/2026\/04\/10\/nairobi-entretiens-maroco-rwandais-sur-le-renforcement-de-la-cooperation-dans-les-domaines-de-lhabitat-et-du-developpement-urbain\/#article","isPartOf":{"@id":"https:\/\/dpress.ma\/fr\/2026\/04\/10\/nairobi-entretiens-maroco-rwandais-sur-le-renforcement-de-la-cooperation-dans-les-domaines-de-lhabitat-et-du-developpement-urbain\/"},"author":{"name":"Dpress.ma","@id":"https:\/\/dpress.ma\/fr\/#\/schema\/person\/4898febf3ccd59e6578d838656a306a0"},"headline":"Nairobi: entretiens maroco-rwandais sur le renforcement de la coop\u00e9ration dans les domaines de l\u2019habitat et du d\u00e9veloppement urbain","datePublished":"2026-04-10T09:31:47+00:00","dateModified":"2026-04-10T09:31:48+00:00","mainEntityOfPage":{"@id":"https:\/\/dpress.ma\/fr\/2026\/04\/10\/nairobi-entretiens-maroco-rwandais-sur-le-renforcement-de-la-cooperation-dans-les-domaines-de-lhabitat-et-du-developpement-urbain\/"},"wordCount":299,"commentCount":0,"image":{"@id":"https:\/\/dpress.ma\/fr\/2026\/04\/10\/nairobi-entretiens-maroco-rwandais-sur-le-renforcement-de-la-cooperation-dans-les-domaines-de-lhabitat-et-du-developpement-urbain\/#primaryimage"},"thumbnailUrl":"https:\/\/dpress.ma\/fr\/wp-content\/uploads\/sites\/2\/2026\/04\/34-3.jpg","articleSection":["Diplomatie Parall\u00e8le"],"inLanguage":"fr-FR","potentialAction":[{"@type":"CommentAction","name":"Comment","target":["https:\/\/dpress.ma\/fr\/2026\/04\/10\/nairobi-entretiens-maroco-rwandais-sur-le-renforcement-de-la-cooperation-dans-les-domaines-de-lhabitat-et-du-developpement-urbain\/#respond"]}]},{"@type":"WebPage","@id":"https:\/\/dpress.ma\/fr\/2026\/04\/10\/nairobi-entretiens-maroco-rwandais-sur-le-renforcement-de-la-cooperation-dans-les-domaines-de-lhabitat-et-du-developpement-urbain\/","url":"https:\/\/dpress.ma\/fr\/2026\/04\/10\/nairobi-entretiens-maroco-rwandais-sur-le-renforcement-de-la-cooperation-dans-les-domaines-de-lhabitat-et-du-developpement-urbain\/","name":"Nairobi: entretiens maroco-rwandais sur le renforcement de la coop\u00e9ration dans les domaines de l\u2019habitat et du d\u00e9veloppement urbain - Dpress.ma\/fr","isPartOf":{"@id":"https:\/\/dpress.ma\/fr\/#website"},"primaryImageOfPage":{"@id":"https:\/\/dpress.ma\/fr\/2026\/04\/10\/nairobi-entretiens-maroco-rwandais-sur-le-renforcement-de-la-cooperation-dans-les-domaines-de-lhabitat-et-du-developpement-urbain\/#primaryimage"},"image":{"@id":"https:\/\/dpress.ma\/fr\/2026\/04\/10\/nairobi-entretiens-maroco-rwandais-sur-le-renforcement-de-la-cooperation-dans-les-domaines-de-lhabitat-et-du-developpement-urbain\/#primaryimage"},"thumbnailUrl":"https:\/\/dpress.ma\/fr\/wp-content\/uploads\/sites\/2\/2026\/04\/34-3.jpg","datePublished":"2026-04-10T09:31:47+00:00","dateModified":"2026-04-10T09:31:48+00:00","author":{"@id":"https:\/\/dpress.ma\/fr\/#\/schema\/person\/4898febf3ccd59e6578d838656a306a0"},"breadcrumb":{"@id":"https:\/\/dpress.ma\/fr\/2026\/04\/10\/nairobi-entretiens-maroco-rwandais-sur-le-renforcement-de-la-cooperation-dans-les-domaines-de-lhabitat-et-du-developpement-urbain\/#breadcrumb"},"inLanguage":"fr-FR","potentialAction":[{"@type":"ReadAction","target":["https:\/\/dpress.ma\/fr\/2026\/04\/10\/nairobi-entretiens-maroco-rwandais-sur-le-renforcement-de-la-cooperation-dans-les-domaines-de-lhabitat-et-du-developpement-urbain\/"]}]},{"@type":"ImageObject","inLanguage":"fr-FR","@id":"https:\/\/dpress.ma\/fr\/2026\/04\/10\/nairobi-entretiens-maroco-rwandais-sur-le-renforcement-de-la-cooperation-dans-les-domaines-de-lhabitat-et-du-developpement-urbain\/#primaryimage","url":"https:\/\/dpress.ma\/fr\/wp-content\/uploads\/sites\/2\/2026\/04\/34-3.jpg","contentUrl":"https:\/\/dpress.ma\/fr\/wp-content\/uploads\/sites\/2\/2026\/04\/34-3.jpg","width":2539,"height":1594},{"@type":"BreadcrumbList","@id":"https:\/\/dpress.ma\/fr\/2026\/04\/10\/nairobi-entretiens-maroco-rwandais-sur-le-renforcement-de-la-cooperation-dans-les-domaines-de-lhabitat-et-du-developpement-urbain\/#breadcrumb","itemListElement":[{"@type":"ListItem","position":1,"name":"Home","item":"https:\/\/dpress.ma\/fr\/"},{"@type":"ListItem","position":2,"name":"Nairobi: entretiens maroco-rwandais sur le renforcement de la coop\u00e9ration dans les domaines de l\u2019habitat et du d\u00e9veloppement urbain"}]},{"@type":"WebSite","@id":"https:\/\/dpress.ma\/fr\/#website","url":"https:\/\/dpress.ma\/fr\/","name":"Dpress.ma\/fr","description":"","potentialAction":[{"@type":"SearchAction","target":{"@type":"EntryPoint","urlTemplate":"https:\/\/dpress.ma\/fr\/?s={search_term_string}"},"query-input":{"@type":"PropertyValueSpecification","valueRequired":true,"valueName":"search_term_string"}}],"inLanguage":"fr-FR"},{"@type":"Person","@id":"https:\/\/dpress.ma\/fr\/#\/schema\/person\/4898febf3ccd59e6578d838656a306a0","name":"Dpress.ma","image":{"@type":"ImageObject","inLanguage":"fr-FR","@id":"https:\/\/secure.gravatar.com\/avatar\/72ecc30e9db047a2e0e7176561eb9d564ed77c8108376495b19bd8336405198a?s=96&d=mm&r=g","url":"https:\/\/secure.gravatar.com\/avatar\/72ecc30e9db047a2e0e7176561eb9d564ed77c8108376495b19bd8336405198a?s=96&d=mm&r=g","contentUrl":"https:\/\/secure.gravatar.com\/avatar\/72ecc30e9db047a2e0e7176561eb9d564ed77c8108376495b19bd8336405198a?s=96&d=mm&r=g","caption":"Dpress.ma"},"sameAs":["https:\/\/www.dpress.ma"],"url":"https:\/\/dpress.ma\/fr\/author\/dpress-ma\/"}]}},"amp_enabled":true,"_links":{"self":[{"href":"https:\/\/dpress.ma\/fr\/wp-json\/wp\/v2\/posts\/28134","targetHints":{"allow":["GET"]}}],"collection":[{"href":"https:\/\/dpress.ma\/fr\/wp-json\/wp\/v2\/posts"}],"about":[{"href":"https:\/\/dpress.ma\/fr\/wp-json\/wp\/v2\/types\/post"}],"author":[{"embeddable":true,"href":"https:\/\/dpress.ma\/fr\/wp-json\/wp\/v2\/users\/2"}],"replies":[{"embeddable":true,"href":"https:\/\/dpress.ma\/fr\/wp-json\/wp\/v2\/comments?post=28134"}],"version-history":[{"count":1,"href":"https:\/\/dpress.ma\/fr\/wp-json\/wp\/v2\/posts\/28134\/revisions"}],"predecessor-version":[{"id":28136,"href":"https:\/\/dpress.ma\/fr\/wp-json\/wp\/v2\/posts\/28134\/revisions\/28136"}],"wp:featuredmedia":[{"embeddable":true,"href":"https:\/\/dpress.ma\/fr\/wp-json\/wp\/v2\/media\/28135"}],"wp:attachment":[{"href":"https:\/\/dpress.ma\/fr\/wp-json\/wp\/v2\/media?parent=28134"}],"wp:term":[{"taxonomy":"category","embeddable":true,"href":"https:\/\/dpress.ma\/fr\/wp-json\/wp\/v2\/categories?post=28134"},{"taxonomy":"post_tag","embeddable":true,"href":"https:\/\/dpress.ma\/fr\/wp-json\/wp\/v2\/tags?post=28134"}],"curies":[{"name":"wp","href":"https:\/\/api.w.org\/{rel}","templated":true}]}}