{"id":2812,"date":"2022-12-08T09:51:58","date_gmt":"2022-12-08T09:51:58","guid":{"rendered":"https:\/\/dpress.ma\/fr\/?p=2812"},"modified":"2022-12-08T09:52:20","modified_gmt":"2022-12-08T09:52:20","slug":"mondial-2022-le-president-emirati-se-joint-aux-chefs-detat-qui-ont-appele-sm-le-roi-pour-le-feliciter","status":"publish","type":"post","link":"https:\/\/dpress.ma\/fr\/2022\/12\/08\/mondial-2022-le-president-emirati-se-joint-aux-chefs-detat-qui-ont-appele-sm-le-roi-pour-le-feliciter\/","title":{"rendered":"Mondial 2022: le pr\u00e9sident \u00e9mirati se joint aux Chefs d\u2019Etat qui ont appel\u00e9 SM le Roi pour Le f\u00e9liciter"},"content":{"rendered":"\n<p>Dpress<\/p>\n\n\n\n<p>&nbsp;Le Pr\u00e9sident de l\u2019\u00c9tat des \u00c9mirats Arabes Unis, Son Altesse Cheikh Mohammed Ben Zayed Al Nahyane, s\u2019est joint aux Chefs d\u2019Etat qui ont appel\u00e9 Sa Majest\u00e9 le Roi Mohammed VI pour Le f\u00e9liciter \u00e0 l\u2019occasion de la qualification de l\u2019\u00e9quipe marocaine de football aux quarts de finale de la Coupe du Monde de la FIFA, Qatar-2022.<\/p>\n\n\n\n<p>Ainsi, Sa Majest\u00e9 le Roi Mohammed VI a re\u00e7u un appel t\u00e9l\u00e9phonique du Pr\u00e9sident de l\u2019\u00c9tat des \u00c9mirats Arabes Unis au cours duquel Son Altesse Cheikh Mohammed Ben Zayed Al Nahyane a exprim\u00e9 ses chaleureuses f\u00e9licitations pour cet exploit historique qui fait du Maroc le premier pays arabe \u00e0 atteindre ce stade dans une Coupe du Monde.<\/p>\n\n\n\n<p>SM le Roi avait re\u00e7u mardi des appels t\u00e9l\u00e9phoniques du pr\u00e9sident de l\u2019Etat de Palestine, Mahmoud Abbas, du pr\u00e9sident de la R\u00e9publique du Gabon, Ali Bongo Ondimba, et du pr\u00e9sident de la R\u00e9publique du S\u00e9n\u00e9gal, Macky Sall.<\/p>\n\n\n\n<p>Le Souverain a aussi re\u00e7u un appel t\u00e9l\u00e9phonique de Son Altesse le Prince Hassan Ibn Talal de Jordanie.<\/p>\n","protected":false},"excerpt":{"rendered":"<p>Dpress &nbsp;Le Pr\u00e9sident de l\u2019\u00c9tat des \u00c9mirats Arabes Unis, Son Altesse Cheikh Mohammed Ben Zayed Al Nahyane, s\u2019est joint aux Chefs d\u2019Etat qui ont appel\u00e9 Sa Majest\u00e9 le Roi Mohammed VI pour Le f\u00e9liciter \u00e0 l\u2019occasion de la qualification de l\u2019\u00e9quipe marocaine de football aux quarts de finale de la Coupe du Monde de la &hellip;<\/p>\n","protected":false},"author":2,"featured_media":2428,"comment_status":"open","ping_status":"open","sticky":false,"template":"","format":"standard","meta":{"footnotes":""},"categories":[29],"tags":[],"class_list":["post-2812","post","type-post","status-publish","format-standard","has-post-thumbnail","hentry","category-activites-royales"],"yoast_head":"<!-- This site is optimized with the Yoast SEO plugin v27.5 - https:\/\/yoast.com\/product\/yoast-seo-wordpress\/ -->\n<title>Mondial 2022: le pr\u00e9sident \u00e9mirati se joint aux Chefs d\u2019Etat qui ont appel\u00e9 SM le Roi pour Le f\u00e9liciter - Dpress.ma\/fr<\/title>\n<meta name=\"description\" content=\"Le Pr\u00e9sident de l\u2019\u00c9tat des \u00c9mirats Arabes Unis, Son Altesse Cheikh Mohammed Ben Zayed Al Nahyane, s\u2019est joint aux Chefs d\u2019Etat qui ont appel\u00e9 Sa Majest\u00e9 le Roi Mohammed VI pour Le f\u00e9liciter \u00e0 l\u2019occasion de la qualification de l\u2019\u00e9quipe marocaine de football aux quarts de finale de la Coupe du Monde de la FIFA, Qatar-2022.\" \/>\n<meta name=\"robots\" content=\"index, follow, max-snippet:-1, max-image-preview:large, max-video-preview:-1\" \/>\n<link rel=\"canonical\" href=\"https:\/\/dpress.ma\/fr\/2022\/12\/08\/mondial-2022-le-president-emirati-se-joint-aux-chefs-detat-qui-ont-appele-sm-le-roi-pour-le-feliciter\/\" \/>\n<meta property=\"og:locale\" content=\"fr_FR\" \/>\n<meta property=\"og:type\" content=\"article\" \/>\n<meta property=\"og:title\" content=\"Mondial 2022: le pr\u00e9sident \u00e9mirati se joint aux Chefs d\u2019Etat qui ont appel\u00e9 SM le Roi pour Le f\u00e9liciter - Dpress.ma\/fr\" \/>\n<meta property=\"og:description\" content=\"Le Pr\u00e9sident de l\u2019\u00c9tat des \u00c9mirats Arabes Unis, Son Altesse Cheikh Mohammed Ben Zayed Al Nahyane, s\u2019est joint aux Chefs d\u2019Etat qui ont appel\u00e9 Sa Majest\u00e9 le Roi Mohammed VI pour Le f\u00e9liciter \u00e0 l\u2019occasion de la qualification de l\u2019\u00e9quipe marocaine de football aux quarts de finale de la Coupe du Monde de la FIFA, Qatar-2022.\" \/>\n<meta property=\"og:url\" content=\"https:\/\/dpress.ma\/fr\/2022\/12\/08\/mondial-2022-le-president-emirati-se-joint-aux-chefs-detat-qui-ont-appele-sm-le-roi-pour-le-feliciter\/\" \/>\n<meta property=\"og:site_name\" content=\"Dpress.ma\/fr\" \/>\n<meta property=\"article:published_time\" content=\"2022-12-08T09:51:58+00:00\" \/>\n<meta property=\"article:modified_time\" content=\"2022-12-08T09:52:20+00:00\" \/>\n<meta property=\"og:image\" content=\"https:\/\/dpress.ma\/fr\/wp-content\/uploads\/sites\/2\/2022\/11\/dimensions2-12.jpg\" \/>\n\t<meta property=\"og:image:width\" content=\"2539\" \/>\n\t<meta property=\"og:image:height\" content=\"1594\" \/>\n\t<meta property=\"og:image:type\" content=\"image\/jpeg\" \/>\n<meta name=\"author\" content=\"Dpress.ma\" \/>\n<meta name=\"twitter:card\" content=\"summary_large_image\" \/>\n<meta name=\"twitter:label1\" content=\"\u00c9crit par\" \/>\n\t<meta name=\"twitter:data1\" content=\"Dpress.ma\" \/>\n\t<meta name=\"twitter:label2\" content=\"Dur\u00e9e de lecture estim\u00e9e\" \/>\n\t<meta name=\"twitter:data2\" content=\"1 minute\" \/>\n<script type=\"application\/ld+json\" class=\"yoast-schema-graph\">{\"@context\":\"https:\\\/\\\/schema.org\",\"@graph\":[{\"@type\":\"Article\",\"@id\":\"https:\\\/\\\/dpress.ma\\\/fr\\\/2022\\\/12\\\/08\\\/mondial-2022-le-president-emirati-se-joint-aux-chefs-detat-qui-ont-appele-sm-le-roi-pour-le-feliciter\\\/#article\",\"isPartOf\":{\"@id\":\"https:\\\/\\\/dpress.ma\\\/fr\\\/2022\\\/12\\\/08\\\/mondial-2022-le-president-emirati-se-joint-aux-chefs-detat-qui-ont-appele-sm-le-roi-pour-le-feliciter\\\/\"},\"author\":{\"name\":\"Dpress.ma\",\"@id\":\"https:\\\/\\\/dpress.ma\\\/fr\\\/#\\\/schema\\\/person\\\/4898febf3ccd59e6578d838656a306a0\"},\"headline\":\"Mondial 2022: le pr\u00e9sident \u00e9mirati se joint aux Chefs d\u2019Etat qui ont appel\u00e9 SM le Roi pour Le f\u00e9liciter\",\"datePublished\":\"2022-12-08T09:51:58+00:00\",\"dateModified\":\"2022-12-08T09:52:20+00:00\",\"mainEntityOfPage\":{\"@id\":\"https:\\\/\\\/dpress.ma\\\/fr\\\/2022\\\/12\\\/08\\\/mondial-2022-le-president-emirati-se-joint-aux-chefs-detat-qui-ont-appele-sm-le-roi-pour-le-feliciter\\\/\"},\"wordCount\":216,\"commentCount\":0,\"image\":{\"@id\":\"https:\\\/\\\/dpress.ma\\\/fr\\\/2022\\\/12\\\/08\\\/mondial-2022-le-president-emirati-se-joint-aux-chefs-detat-qui-ont-appele-sm-le-roi-pour-le-feliciter\\\/#primaryimage\"},\"thumbnailUrl\":\"https:\\\/\\\/dpress.ma\\\/fr\\\/wp-content\\\/uploads\\\/sites\\\/2\\\/2022\\\/11\\\/dimensions2-12.jpg\",\"articleSection\":[\"Activit\u00e9s Royales\"],\"inLanguage\":\"fr-FR\",\"potentialAction\":[{\"@type\":\"CommentAction\",\"name\":\"Comment\",\"target\":[\"https:\\\/\\\/dpress.ma\\\/fr\\\/2022\\\/12\\\/08\\\/mondial-2022-le-president-emirati-se-joint-aux-chefs-detat-qui-ont-appele-sm-le-roi-pour-le-feliciter\\\/#respond\"]}]},{\"@type\":\"WebPage\",\"@id\":\"https:\\\/\\\/dpress.ma\\\/fr\\\/2022\\\/12\\\/08\\\/mondial-2022-le-president-emirati-se-joint-aux-chefs-detat-qui-ont-appele-sm-le-roi-pour-le-feliciter\\\/\",\"url\":\"https:\\\/\\\/dpress.ma\\\/fr\\\/2022\\\/12\\\/08\\\/mondial-2022-le-president-emirati-se-joint-aux-chefs-detat-qui-ont-appele-sm-le-roi-pour-le-feliciter\\\/\",\"name\":\"Mondial 2022: le pr\u00e9sident \u00e9mirati se joint aux Chefs d\u2019Etat qui ont appel\u00e9 SM le Roi pour Le f\u00e9liciter - Dpress.ma\\\/fr\",\"isPartOf\":{\"@id\":\"https:\\\/\\\/dpress.ma\\\/fr\\\/#website\"},\"primaryImageOfPage\":{\"@id\":\"https:\\\/\\\/dpress.ma\\\/fr\\\/2022\\\/12\\\/08\\\/mondial-2022-le-president-emirati-se-joint-aux-chefs-detat-qui-ont-appele-sm-le-roi-pour-le-feliciter\\\/#primaryimage\"},\"image\":{\"@id\":\"https:\\\/\\\/dpress.ma\\\/fr\\\/2022\\\/12\\\/08\\\/mondial-2022-le-president-emirati-se-joint-aux-chefs-detat-qui-ont-appele-sm-le-roi-pour-le-feliciter\\\/#primaryimage\"},\"thumbnailUrl\":\"https:\\\/\\\/dpress.ma\\\/fr\\\/wp-content\\\/uploads\\\/sites\\\/2\\\/2022\\\/11\\\/dimensions2-12.jpg\",\"datePublished\":\"2022-12-08T09:51:58+00:00\",\"dateModified\":\"2022-12-08T09:52:20+00:00\",\"author\":{\"@id\":\"https:\\\/\\\/dpress.ma\\\/fr\\\/#\\\/schema\\\/person\\\/4898febf3ccd59e6578d838656a306a0\"},\"description\":\"Le Pr\u00e9sident de l\u2019\u00c9tat des \u00c9mirats Arabes Unis, Son Altesse Cheikh Mohammed Ben Zayed Al Nahyane, s\u2019est joint aux Chefs d\u2019Etat qui ont appel\u00e9 Sa Majest\u00e9 le Roi Mohammed VI pour Le f\u00e9liciter \u00e0 l\u2019occasion de la qualification de l\u2019\u00e9quipe marocaine de football aux quarts de finale de la Coupe du Monde de la FIFA, Qatar-2022.\",\"breadcrumb\":{\"@id\":\"https:\\\/\\\/dpress.ma\\\/fr\\\/2022\\\/12\\\/08\\\/mondial-2022-le-president-emirati-se-joint-aux-chefs-detat-qui-ont-appele-sm-le-roi-pour-le-feliciter\\\/#breadcrumb\"},\"inLanguage\":\"fr-FR\",\"potentialAction\":[{\"@type\":\"ReadAction\",\"target\":[\"https:\\\/\\\/dpress.ma\\\/fr\\\/2022\\\/12\\\/08\\\/mondial-2022-le-president-emirati-se-joint-aux-chefs-detat-qui-ont-appele-sm-le-roi-pour-le-feliciter\\\/\"]}]},{\"@type\":\"ImageObject\",\"inLanguage\":\"fr-FR\",\"@id\":\"https:\\\/\\\/dpress.ma\\\/fr\\\/2022\\\/12\\\/08\\\/mondial-2022-le-president-emirati-se-joint-aux-chefs-detat-qui-ont-appele-sm-le-roi-pour-le-feliciter\\\/#primaryimage\",\"url\":\"https:\\\/\\\/dpress.ma\\\/fr\\\/wp-content\\\/uploads\\\/sites\\\/2\\\/2022\\\/11\\\/dimensions2-12.jpg\",\"contentUrl\":\"https:\\\/\\\/dpress.ma\\\/fr\\\/wp-content\\\/uploads\\\/sites\\\/2\\\/2022\\\/11\\\/dimensions2-12.jpg\",\"width\":2539,\"height\":1594},{\"@type\":\"BreadcrumbList\",\"@id\":\"https:\\\/\\\/dpress.ma\\\/fr\\\/2022\\\/12\\\/08\\\/mondial-2022-le-president-emirati-se-joint-aux-chefs-detat-qui-ont-appele-sm-le-roi-pour-le-feliciter\\\/#breadcrumb\",\"itemListElement\":[{\"@type\":\"ListItem\",\"position\":1,\"name\":\"Home\",\"item\":\"https:\\\/\\\/dpress.ma\\\/fr\\\/\"},{\"@type\":\"ListItem\",\"position\":2,\"name\":\"Mondial 2022: le pr\u00e9sident \u00e9mirati se joint aux Chefs d\u2019Etat qui ont appel\u00e9 SM le Roi pour Le f\u00e9liciter\"}]},{\"@type\":\"WebSite\",\"@id\":\"https:\\\/\\\/dpress.ma\\\/fr\\\/#website\",\"url\":\"https:\\\/\\\/dpress.ma\\\/fr\\\/\",\"name\":\"Dpress.ma\\\/fr\",\"description\":\"\",\"potentialAction\":[{\"@type\":\"SearchAction\",\"target\":{\"@type\":\"EntryPoint\",\"urlTemplate\":\"https:\\\/\\\/dpress.ma\\\/fr\\\/?s={search_term_string}\"},\"query-input\":{\"@type\":\"PropertyValueSpecification\",\"valueRequired\":true,\"valueName\":\"search_term_string\"}}],\"inLanguage\":\"fr-FR\"},{\"@type\":\"Person\",\"@id\":\"https:\\\/\\\/dpress.ma\\\/fr\\\/#\\\/schema\\\/person\\\/4898febf3ccd59e6578d838656a306a0\",\"name\":\"Dpress.ma\",\"image\":{\"@type\":\"ImageObject\",\"inLanguage\":\"fr-FR\",\"@id\":\"https:\\\/\\\/secure.gravatar.com\\\/avatar\\\/72ecc30e9db047a2e0e7176561eb9d564ed77c8108376495b19bd8336405198a?s=96&d=mm&r=g\",\"url\":\"https:\\\/\\\/secure.gravatar.com\\\/avatar\\\/72ecc30e9db047a2e0e7176561eb9d564ed77c8108376495b19bd8336405198a?s=96&d=mm&r=g\",\"contentUrl\":\"https:\\\/\\\/secure.gravatar.com\\\/avatar\\\/72ecc30e9db047a2e0e7176561eb9d564ed77c8108376495b19bd8336405198a?s=96&d=mm&r=g\",\"caption\":\"Dpress.ma\"},\"sameAs\":[\"https:\\\/\\\/www.dpress.ma\"],\"url\":\"https:\\\/\\\/dpress.ma\\\/fr\\\/author\\\/dpress-ma\\\/\"}]}<\/script>\n<!-- \/ Yoast SEO plugin. -->","yoast_head_json":{"title":"Mondial 2022: le pr\u00e9sident \u00e9mirati se joint aux Chefs d\u2019Etat qui ont appel\u00e9 SM le Roi pour Le f\u00e9liciter - Dpress.ma\/fr","description":"Le Pr\u00e9sident de l\u2019\u00c9tat des \u00c9mirats Arabes Unis, Son Altesse Cheikh Mohammed Ben Zayed Al Nahyane, s\u2019est joint aux Chefs d\u2019Etat qui ont appel\u00e9 Sa Majest\u00e9 le Roi Mohammed VI pour Le f\u00e9liciter \u00e0 l\u2019occasion de la qualification de l\u2019\u00e9quipe marocaine de football aux quarts de finale de la Coupe du Monde de la FIFA, Qatar-2022.","robots":{"index":"index","follow":"follow","max-snippet":"max-snippet:-1","max-image-preview":"max-image-preview:large","max-video-preview":"max-video-preview:-1"},"canonical":"https:\/\/dpress.ma\/fr\/2022\/12\/08\/mondial-2022-le-president-emirati-se-joint-aux-chefs-detat-qui-ont-appele-sm-le-roi-pour-le-feliciter\/","og_locale":"fr_FR","og_type":"article","og_title":"Mondial 2022: le pr\u00e9sident \u00e9mirati se joint aux Chefs d\u2019Etat qui ont appel\u00e9 SM le Roi pour Le f\u00e9liciter - Dpress.ma\/fr","og_description":"Le Pr\u00e9sident de l\u2019\u00c9tat des \u00c9mirats Arabes Unis, Son Altesse Cheikh Mohammed Ben Zayed Al Nahyane, s\u2019est joint aux Chefs d\u2019Etat qui ont appel\u00e9 Sa Majest\u00e9 le Roi Mohammed VI pour Le f\u00e9liciter \u00e0 l\u2019occasion de la qualification de l\u2019\u00e9quipe marocaine de football aux quarts de finale de la Coupe du Monde de la FIFA, Qatar-2022.","og_url":"https:\/\/dpress.ma\/fr\/2022\/12\/08\/mondial-2022-le-president-emirati-se-joint-aux-chefs-detat-qui-ont-appele-sm-le-roi-pour-le-feliciter\/","og_site_name":"Dpress.ma\/fr","article_published_time":"2022-12-08T09:51:58+00:00","article_modified_time":"2022-12-08T09:52:20+00:00","og_image":[{"width":2539,"height":1594,"url":"https:\/\/dpress.ma\/fr\/wp-content\/uploads\/sites\/2\/2022\/11\/dimensions2-12.jpg","type":"image\/jpeg"}],"author":"Dpress.ma","twitter_card":"summary_large_image","twitter_misc":{"\u00c9crit par":"Dpress.ma","Dur\u00e9e de lecture estim\u00e9e":"1 minute"},"schema":{"@context":"https:\/\/schema.org","@graph":[{"@type":"Article","@id":"https:\/\/dpress.ma\/fr\/2022\/12\/08\/mondial-2022-le-president-emirati-se-joint-aux-chefs-detat-qui-ont-appele-sm-le-roi-pour-le-feliciter\/#article","isPartOf":{"@id":"https:\/\/dpress.ma\/fr\/2022\/12\/08\/mondial-2022-le-president-emirati-se-joint-aux-chefs-detat-qui-ont-appele-sm-le-roi-pour-le-feliciter\/"},"author":{"name":"Dpress.ma","@id":"https:\/\/dpress.ma\/fr\/#\/schema\/person\/4898febf3ccd59e6578d838656a306a0"},"headline":"Mondial 2022: le pr\u00e9sident \u00e9mirati se joint aux Chefs d\u2019Etat qui ont appel\u00e9 SM le Roi pour Le f\u00e9liciter","datePublished":"2022-12-08T09:51:58+00:00","dateModified":"2022-12-08T09:52:20+00:00","mainEntityOfPage":{"@id":"https:\/\/dpress.ma\/fr\/2022\/12\/08\/mondial-2022-le-president-emirati-se-joint-aux-chefs-detat-qui-ont-appele-sm-le-roi-pour-le-feliciter\/"},"wordCount":216,"commentCount":0,"image":{"@id":"https:\/\/dpress.ma\/fr\/2022\/12\/08\/mondial-2022-le-president-emirati-se-joint-aux-chefs-detat-qui-ont-appele-sm-le-roi-pour-le-feliciter\/#primaryimage"},"thumbnailUrl":"https:\/\/dpress.ma\/fr\/wp-content\/uploads\/sites\/2\/2022\/11\/dimensions2-12.jpg","articleSection":["Activit\u00e9s Royales"],"inLanguage":"fr-FR","potentialAction":[{"@type":"CommentAction","name":"Comment","target":["https:\/\/dpress.ma\/fr\/2022\/12\/08\/mondial-2022-le-president-emirati-se-joint-aux-chefs-detat-qui-ont-appele-sm-le-roi-pour-le-feliciter\/#respond"]}]},{"@type":"WebPage","@id":"https:\/\/dpress.ma\/fr\/2022\/12\/08\/mondial-2022-le-president-emirati-se-joint-aux-chefs-detat-qui-ont-appele-sm-le-roi-pour-le-feliciter\/","url":"https:\/\/dpress.ma\/fr\/2022\/12\/08\/mondial-2022-le-president-emirati-se-joint-aux-chefs-detat-qui-ont-appele-sm-le-roi-pour-le-feliciter\/","name":"Mondial 2022: le pr\u00e9sident \u00e9mirati se joint aux Chefs d\u2019Etat qui ont appel\u00e9 SM le Roi pour Le f\u00e9liciter - Dpress.ma\/fr","isPartOf":{"@id":"https:\/\/dpress.ma\/fr\/#website"},"primaryImageOfPage":{"@id":"https:\/\/dpress.ma\/fr\/2022\/12\/08\/mondial-2022-le-president-emirati-se-joint-aux-chefs-detat-qui-ont-appele-sm-le-roi-pour-le-feliciter\/#primaryimage"},"image":{"@id":"https:\/\/dpress.ma\/fr\/2022\/12\/08\/mondial-2022-le-president-emirati-se-joint-aux-chefs-detat-qui-ont-appele-sm-le-roi-pour-le-feliciter\/#primaryimage"},"thumbnailUrl":"https:\/\/dpress.ma\/fr\/wp-content\/uploads\/sites\/2\/2022\/11\/dimensions2-12.jpg","datePublished":"2022-12-08T09:51:58+00:00","dateModified":"2022-12-08T09:52:20+00:00","author":{"@id":"https:\/\/dpress.ma\/fr\/#\/schema\/person\/4898febf3ccd59e6578d838656a306a0"},"description":"Le Pr\u00e9sident de l\u2019\u00c9tat des \u00c9mirats Arabes Unis, Son Altesse Cheikh Mohammed Ben Zayed Al Nahyane, s\u2019est joint aux Chefs d\u2019Etat qui ont appel\u00e9 Sa Majest\u00e9 le Roi Mohammed VI pour Le f\u00e9liciter \u00e0 l\u2019occasion de la qualification de l\u2019\u00e9quipe marocaine de football aux quarts de finale de la Coupe du Monde de la FIFA, Qatar-2022.","breadcrumb":{"@id":"https:\/\/dpress.ma\/fr\/2022\/12\/08\/mondial-2022-le-president-emirati-se-joint-aux-chefs-detat-qui-ont-appele-sm-le-roi-pour-le-feliciter\/#breadcrumb"},"inLanguage":"fr-FR","potentialAction":[{"@type":"ReadAction","target":["https:\/\/dpress.ma\/fr\/2022\/12\/08\/mondial-2022-le-president-emirati-se-joint-aux-chefs-detat-qui-ont-appele-sm-le-roi-pour-le-feliciter\/"]}]},{"@type":"ImageObject","inLanguage":"fr-FR","@id":"https:\/\/dpress.ma\/fr\/2022\/12\/08\/mondial-2022-le-president-emirati-se-joint-aux-chefs-detat-qui-ont-appele-sm-le-roi-pour-le-feliciter\/#primaryimage","url":"https:\/\/dpress.ma\/fr\/wp-content\/uploads\/sites\/2\/2022\/11\/dimensions2-12.jpg","contentUrl":"https:\/\/dpress.ma\/fr\/wp-content\/uploads\/sites\/2\/2022\/11\/dimensions2-12.jpg","width":2539,"height":1594},{"@type":"BreadcrumbList","@id":"https:\/\/dpress.ma\/fr\/2022\/12\/08\/mondial-2022-le-president-emirati-se-joint-aux-chefs-detat-qui-ont-appele-sm-le-roi-pour-le-feliciter\/#breadcrumb","itemListElement":[{"@type":"ListItem","position":1,"name":"Home","item":"https:\/\/dpress.ma\/fr\/"},{"@type":"ListItem","position":2,"name":"Mondial 2022: le pr\u00e9sident \u00e9mirati se joint aux Chefs d\u2019Etat qui ont appel\u00e9 SM le Roi pour Le f\u00e9liciter"}]},{"@type":"WebSite","@id":"https:\/\/dpress.ma\/fr\/#website","url":"https:\/\/dpress.ma\/fr\/","name":"Dpress.ma\/fr","description":"","potentialAction":[{"@type":"SearchAction","target":{"@type":"EntryPoint","urlTemplate":"https:\/\/dpress.ma\/fr\/?s={search_term_string}"},"query-input":{"@type":"PropertyValueSpecification","valueRequired":true,"valueName":"search_term_string"}}],"inLanguage":"fr-FR"},{"@type":"Person","@id":"https:\/\/dpress.ma\/fr\/#\/schema\/person\/4898febf3ccd59e6578d838656a306a0","name":"Dpress.ma","image":{"@type":"ImageObject","inLanguage":"fr-FR","@id":"https:\/\/secure.gravatar.com\/avatar\/72ecc30e9db047a2e0e7176561eb9d564ed77c8108376495b19bd8336405198a?s=96&d=mm&r=g","url":"https:\/\/secure.gravatar.com\/avatar\/72ecc30e9db047a2e0e7176561eb9d564ed77c8108376495b19bd8336405198a?s=96&d=mm&r=g","contentUrl":"https:\/\/secure.gravatar.com\/avatar\/72ecc30e9db047a2e0e7176561eb9d564ed77c8108376495b19bd8336405198a?s=96&d=mm&r=g","caption":"Dpress.ma"},"sameAs":["https:\/\/www.dpress.ma"],"url":"https:\/\/dpress.ma\/fr\/author\/dpress-ma\/"}]}},"amp_enabled":true,"_links":{"self":[{"href":"https:\/\/dpress.ma\/fr\/wp-json\/wp\/v2\/posts\/2812","targetHints":{"allow":["GET"]}}],"collection":[{"href":"https:\/\/dpress.ma\/fr\/wp-json\/wp\/v2\/posts"}],"about":[{"href":"https:\/\/dpress.ma\/fr\/wp-json\/wp\/v2\/types\/post"}],"author":[{"embeddable":true,"href":"https:\/\/dpress.ma\/fr\/wp-json\/wp\/v2\/users\/2"}],"replies":[{"embeddable":true,"href":"https:\/\/dpress.ma\/fr\/wp-json\/wp\/v2\/comments?post=2812"}],"version-history":[{"count":1,"href":"https:\/\/dpress.ma\/fr\/wp-json\/wp\/v2\/posts\/2812\/revisions"}],"predecessor-version":[{"id":2813,"href":"https:\/\/dpress.ma\/fr\/wp-json\/wp\/v2\/posts\/2812\/revisions\/2813"}],"wp:featuredmedia":[{"embeddable":true,"href":"https:\/\/dpress.ma\/fr\/wp-json\/wp\/v2\/media\/2428"}],"wp:attachment":[{"href":"https:\/\/dpress.ma\/fr\/wp-json\/wp\/v2\/media?parent=2812"}],"wp:term":[{"taxonomy":"category","embeddable":true,"href":"https:\/\/dpress.ma\/fr\/wp-json\/wp\/v2\/categories?post=2812"},{"taxonomy":"post_tag","embeddable":true,"href":"https:\/\/dpress.ma\/fr\/wp-json\/wp\/v2\/tags?post=2812"}],"curies":[{"name":"wp","href":"https:\/\/api.w.org\/{rel}","templated":true}]}}