{"id":28118,"date":"2026-04-10T09:19:31","date_gmt":"2026-04-10T09:19:31","guid":{"rendered":"https:\/\/dpress.ma\/fr\/?p=28118"},"modified":"2026-04-10T09:19:35","modified_gmt":"2026-04-10T09:19:35","slug":"m-hammouchi-recoit-le-ministre-delegue-aupres-du-premier-ministre-charge-de-la-coordination-des-services-speciaux-de-pologne","status":"publish","type":"post","link":"https:\/\/dpress.ma\/fr\/2026\/04\/10\/m-hammouchi-recoit-le-ministre-delegue-aupres-du-premier-ministre-charge-de-la-coordination-des-services-speciaux-de-pologne\/","title":{"rendered":"M. Hammouchi re\u00e7oit le ministre d\u00e9l\u00e9gu\u00e9 aupr\u00e8s du Premier ministre, charg\u00e9 de la Coordination des Services sp\u00e9ciaux de Pologne"},"content":{"rendered":"\n<p>Dpress<\/p>\n\n\n\n<p>Le Directeur G\u00e9n\u00e9ral de la S\u00fbret\u00e9 nationale et de la Surveillance du Territoire (DGSN-DGST), Abdellatif Hammouchi, a re\u00e7u, jeudi \u00e0 Rabat, le ministre d\u00e9l\u00e9gu\u00e9 aupr\u00e8s du Premier ministre, charg\u00e9 de la Coordination des Services sp\u00e9ciaux de Pologne, Tomasz Siemoniak.<\/p>\n\n\n\n<p>Cette entrevue, qui s\u2019inscrit dans le cadre de la visite de travail qu\u2019effectue au Maroc le responsable gouvernemental en charge des services s\u00e9curitaires polonais \u00e0 la t\u00eate d\u2019une d\u00e9l\u00e9gation officielle de haut niveau et qui \u00e9tait accompagn\u00e9 de l\u2019ambassadeur de Pologne accr\u00e9dit\u00e9 au Maroc, vise \u00e0 raffermir et consolider les domaines de partenariat s\u00e9curitaire avec le Royaume du Maroc.<\/p>\n\n\n\n<p>Selon un communiqu\u00e9 du P\u00f4le DGSN-DGST, les entretiens entre les deux parties ont \u00e9t\u00e9 ax\u00e9s sur plusieurs questions d\u2019int\u00e9r\u00eat commun, notamment le renforcement de la coordination et l\u2019\u00e9change d\u2019informations en mati\u00e8re d\u2019immigration ill\u00e9gale, de s\u00e9curisation des postes fronti\u00e8res et de renforcement de la coop\u00e9ration op\u00e9rationnelle et l\u2019assistance technique mutuelle dans le domaine de lutte contre le crime organis\u00e9 et le terrorisme, outre les diverses sp\u00e9cialit\u00e9s de la police scientifique et technique.<\/p>\n\n\n\n<p>Les deux parties ont \u00e9galement \u00e9voqu\u00e9 les d\u00e9fis li\u00e9s aux menaces terroristes sur la situation s\u00e9curitaire aux niveaux mondial et africain, de m\u00eame qu\u2019elles ont \u00e9chang\u00e9 leurs points de vue sur les menaces s\u00e9curitaires \u00e0 haut risque dans la r\u00e9gion du Sahel, du Sahara et de la Corne de l\u2019Afrique, ainsi que dans les nouveaux foyers de tension o\u00f9 s\u2019activent les organisations terroristes qui menacent la s\u00e9curit\u00e9 mondiale.<\/p>\n\n\n\n<p>Les services s\u00e9curitaires polonais misent sur la coop\u00e9ration bilat\u00e9rale avec le P\u00f4le DGSN-DGST dans le cadre d\u2019un partenariat solide fond\u00e9 sur des bases fortes de coop\u00e9ration commune, partant du principe que le Maroc constitue un partenaire s\u00fbr et central dans le domaine de la lutte contre le terrorisme et le crime organis\u00e9, rel\u00e8ve la m\u00eame source.<\/p>\n\n\n\n<p>Afin de renforcer davantage cette coop\u00e9ration, M. Hammouchi et le responsable polonais ont convenu de l\u2019organisation prochaine d\u2019une visite au Maroc du responsable de l\u2019Agence de s\u00e9curit\u00e9 int\u00e9rieure en vue d\u2019\u00e9tablir un cadre institutionnel du partenariat s\u00e9curitaire avec le Royaume du Maroc.<\/p>\n\n\n\n<p>Cette rencontre illustre la volont\u00e9 des deux parties de renforcer leur coop\u00e9ration bilat\u00e9rale en mati\u00e8re de s\u00e9curit\u00e9 et ouvre des perspectives prometteuses pour d\u00e9velopper cette coop\u00e9ration en faveur de la s\u00e9curit\u00e9 des deux pays.<\/p>\n","protected":false},"excerpt":{"rendered":"<p>Dpress Le Directeur G\u00e9n\u00e9ral de la S\u00fbret\u00e9 nationale et de la Surveillance du Territoire (DGSN-DGST), Abdellatif Hammouchi, a re\u00e7u, jeudi \u00e0 Rabat, le ministre d\u00e9l\u00e9gu\u00e9 aupr\u00e8s du Premier ministre, charg\u00e9 de la Coordination des Services sp\u00e9ciaux de Pologne, Tomasz Siemoniak. Cette entrevue, qui s\u2019inscrit dans le cadre de la visite de travail qu\u2019effectue au Maroc &hellip;<\/p>\n","protected":false},"author":2,"featured_media":28119,"comment_status":"open","ping_status":"open","sticky":false,"template":"","format":"standard","meta":{"footnotes":""},"categories":[33,40],"tags":[],"class_list":["post-28118","post","type-post","status-publish","format-standard","has-post-thumbnail","hentry","category-diplomatie-parallele","category-societe-et-regions"],"yoast_head":"<!-- This site is optimized with the Yoast SEO plugin v27.5 - https:\/\/yoast.com\/product\/yoast-seo-wordpress\/ -->\n<title>M. Hammouchi re\u00e7oit le ministre d\u00e9l\u00e9gu\u00e9 aupr\u00e8s du Premier ministre, charg\u00e9 de la Coordination des Services sp\u00e9ciaux de Pologne - Dpress.ma\/fr<\/title>\n<meta name=\"robots\" content=\"index, follow, max-snippet:-1, max-image-preview:large, max-video-preview:-1\" \/>\n<link rel=\"canonical\" href=\"https:\/\/dpress.ma\/fr\/2026\/04\/10\/m-hammouchi-recoit-le-ministre-delegue-aupres-du-premier-ministre-charge-de-la-coordination-des-services-speciaux-de-pologne\/\" \/>\n<meta property=\"og:locale\" content=\"fr_FR\" \/>\n<meta property=\"og:type\" content=\"article\" \/>\n<meta property=\"og:title\" content=\"M. Hammouchi re\u00e7oit le ministre d\u00e9l\u00e9gu\u00e9 aupr\u00e8s du Premier ministre, charg\u00e9 de la Coordination des Services sp\u00e9ciaux de Pologne - Dpress.ma\/fr\" \/>\n<meta property=\"og:description\" content=\"Dpress Le Directeur G\u00e9n\u00e9ral de la S\u00fbret\u00e9 nationale et de la Surveillance du Territoire (DGSN-DGST), Abdellatif Hammouchi, a re\u00e7u, jeudi \u00e0 Rabat, le ministre d\u00e9l\u00e9gu\u00e9 aupr\u00e8s du Premier ministre, charg\u00e9 de la Coordination des Services sp\u00e9ciaux de Pologne, Tomasz Siemoniak. Cette entrevue, qui s\u2019inscrit dans le cadre de la visite de travail qu\u2019effectue au Maroc &hellip;\" \/>\n<meta property=\"og:url\" content=\"https:\/\/dpress.ma\/fr\/2026\/04\/10\/m-hammouchi-recoit-le-ministre-delegue-aupres-du-premier-ministre-charge-de-la-coordination-des-services-speciaux-de-pologne\/\" \/>\n<meta property=\"og:site_name\" content=\"Dpress.ma\/fr\" \/>\n<meta property=\"article:published_time\" content=\"2026-04-10T09:19:31+00:00\" \/>\n<meta property=\"article:modified_time\" content=\"2026-04-10T09:19:35+00:00\" \/>\n<meta property=\"og:image\" content=\"https:\/\/dpress.ma\/fr\/wp-content\/uploads\/sites\/2\/2026\/04\/30-2.jpg\" \/>\n\t<meta property=\"og:image:width\" content=\"2539\" \/>\n\t<meta property=\"og:image:height\" content=\"1594\" \/>\n\t<meta property=\"og:image:type\" content=\"image\/jpeg\" \/>\n<meta name=\"author\" content=\"Dpress.ma\" \/>\n<meta name=\"twitter:card\" content=\"summary_large_image\" \/>\n<meta name=\"twitter:label1\" content=\"\u00c9crit par\" \/>\n\t<meta name=\"twitter:data1\" content=\"Dpress.ma\" \/>\n\t<meta name=\"twitter:label2\" content=\"Dur\u00e9e de lecture estim\u00e9e\" \/>\n\t<meta name=\"twitter:data2\" content=\"3 minutes\" \/>\n<script type=\"application\/ld+json\" class=\"yoast-schema-graph\">{\"@context\":\"https:\\\/\\\/schema.org\",\"@graph\":[{\"@type\":\"Article\",\"@id\":\"https:\\\/\\\/dpress.ma\\\/fr\\\/2026\\\/04\\\/10\\\/m-hammouchi-recoit-le-ministre-delegue-aupres-du-premier-ministre-charge-de-la-coordination-des-services-speciaux-de-pologne\\\/#article\",\"isPartOf\":{\"@id\":\"https:\\\/\\\/dpress.ma\\\/fr\\\/2026\\\/04\\\/10\\\/m-hammouchi-recoit-le-ministre-delegue-aupres-du-premier-ministre-charge-de-la-coordination-des-services-speciaux-de-pologne\\\/\"},\"author\":{\"name\":\"Dpress.ma\",\"@id\":\"https:\\\/\\\/dpress.ma\\\/fr\\\/#\\\/schema\\\/person\\\/4898febf3ccd59e6578d838656a306a0\"},\"headline\":\"M. Hammouchi re\u00e7oit le ministre d\u00e9l\u00e9gu\u00e9 aupr\u00e8s du Premier ministre, charg\u00e9 de la Coordination des Services sp\u00e9ciaux de Pologne\",\"datePublished\":\"2026-04-10T09:19:31+00:00\",\"dateModified\":\"2026-04-10T09:19:35+00:00\",\"mainEntityOfPage\":{\"@id\":\"https:\\\/\\\/dpress.ma\\\/fr\\\/2026\\\/04\\\/10\\\/m-hammouchi-recoit-le-ministre-delegue-aupres-du-premier-ministre-charge-de-la-coordination-des-services-speciaux-de-pologne\\\/\"},\"wordCount\":459,\"commentCount\":0,\"image\":{\"@id\":\"https:\\\/\\\/dpress.ma\\\/fr\\\/2026\\\/04\\\/10\\\/m-hammouchi-recoit-le-ministre-delegue-aupres-du-premier-ministre-charge-de-la-coordination-des-services-speciaux-de-pologne\\\/#primaryimage\"},\"thumbnailUrl\":\"https:\\\/\\\/dpress.ma\\\/fr\\\/wp-content\\\/uploads\\\/sites\\\/2\\\/2026\\\/04\\\/30-2.jpg\",\"articleSection\":[\"Diplomatie Parall\u00e8le\",\"societe et regions\"],\"inLanguage\":\"fr-FR\",\"potentialAction\":[{\"@type\":\"CommentAction\",\"name\":\"Comment\",\"target\":[\"https:\\\/\\\/dpress.ma\\\/fr\\\/2026\\\/04\\\/10\\\/m-hammouchi-recoit-le-ministre-delegue-aupres-du-premier-ministre-charge-de-la-coordination-des-services-speciaux-de-pologne\\\/#respond\"]}]},{\"@type\":\"WebPage\",\"@id\":\"https:\\\/\\\/dpress.ma\\\/fr\\\/2026\\\/04\\\/10\\\/m-hammouchi-recoit-le-ministre-delegue-aupres-du-premier-ministre-charge-de-la-coordination-des-services-speciaux-de-pologne\\\/\",\"url\":\"https:\\\/\\\/dpress.ma\\\/fr\\\/2026\\\/04\\\/10\\\/m-hammouchi-recoit-le-ministre-delegue-aupres-du-premier-ministre-charge-de-la-coordination-des-services-speciaux-de-pologne\\\/\",\"name\":\"M. Hammouchi re\u00e7oit le ministre d\u00e9l\u00e9gu\u00e9 aupr\u00e8s du Premier ministre, charg\u00e9 de la Coordination des Services sp\u00e9ciaux de Pologne - Dpress.ma\\\/fr\",\"isPartOf\":{\"@id\":\"https:\\\/\\\/dpress.ma\\\/fr\\\/#website\"},\"primaryImageOfPage\":{\"@id\":\"https:\\\/\\\/dpress.ma\\\/fr\\\/2026\\\/04\\\/10\\\/m-hammouchi-recoit-le-ministre-delegue-aupres-du-premier-ministre-charge-de-la-coordination-des-services-speciaux-de-pologne\\\/#primaryimage\"},\"image\":{\"@id\":\"https:\\\/\\\/dpress.ma\\\/fr\\\/2026\\\/04\\\/10\\\/m-hammouchi-recoit-le-ministre-delegue-aupres-du-premier-ministre-charge-de-la-coordination-des-services-speciaux-de-pologne\\\/#primaryimage\"},\"thumbnailUrl\":\"https:\\\/\\\/dpress.ma\\\/fr\\\/wp-content\\\/uploads\\\/sites\\\/2\\\/2026\\\/04\\\/30-2.jpg\",\"datePublished\":\"2026-04-10T09:19:31+00:00\",\"dateModified\":\"2026-04-10T09:19:35+00:00\",\"author\":{\"@id\":\"https:\\\/\\\/dpress.ma\\\/fr\\\/#\\\/schema\\\/person\\\/4898febf3ccd59e6578d838656a306a0\"},\"breadcrumb\":{\"@id\":\"https:\\\/\\\/dpress.ma\\\/fr\\\/2026\\\/04\\\/10\\\/m-hammouchi-recoit-le-ministre-delegue-aupres-du-premier-ministre-charge-de-la-coordination-des-services-speciaux-de-pologne\\\/#breadcrumb\"},\"inLanguage\":\"fr-FR\",\"potentialAction\":[{\"@type\":\"ReadAction\",\"target\":[\"https:\\\/\\\/dpress.ma\\\/fr\\\/2026\\\/04\\\/10\\\/m-hammouchi-recoit-le-ministre-delegue-aupres-du-premier-ministre-charge-de-la-coordination-des-services-speciaux-de-pologne\\\/\"]}]},{\"@type\":\"ImageObject\",\"inLanguage\":\"fr-FR\",\"@id\":\"https:\\\/\\\/dpress.ma\\\/fr\\\/2026\\\/04\\\/10\\\/m-hammouchi-recoit-le-ministre-delegue-aupres-du-premier-ministre-charge-de-la-coordination-des-services-speciaux-de-pologne\\\/#primaryimage\",\"url\":\"https:\\\/\\\/dpress.ma\\\/fr\\\/wp-content\\\/uploads\\\/sites\\\/2\\\/2026\\\/04\\\/30-2.jpg\",\"contentUrl\":\"https:\\\/\\\/dpress.ma\\\/fr\\\/wp-content\\\/uploads\\\/sites\\\/2\\\/2026\\\/04\\\/30-2.jpg\",\"width\":2539,\"height\":1594},{\"@type\":\"BreadcrumbList\",\"@id\":\"https:\\\/\\\/dpress.ma\\\/fr\\\/2026\\\/04\\\/10\\\/m-hammouchi-recoit-le-ministre-delegue-aupres-du-premier-ministre-charge-de-la-coordination-des-services-speciaux-de-pologne\\\/#breadcrumb\",\"itemListElement\":[{\"@type\":\"ListItem\",\"position\":1,\"name\":\"Home\",\"item\":\"https:\\\/\\\/dpress.ma\\\/fr\\\/\"},{\"@type\":\"ListItem\",\"position\":2,\"name\":\"M. Hammouchi re\u00e7oit le ministre d\u00e9l\u00e9gu\u00e9 aupr\u00e8s du Premier ministre, charg\u00e9 de la Coordination des Services sp\u00e9ciaux de Pologne\"}]},{\"@type\":\"WebSite\",\"@id\":\"https:\\\/\\\/dpress.ma\\\/fr\\\/#website\",\"url\":\"https:\\\/\\\/dpress.ma\\\/fr\\\/\",\"name\":\"Dpress.ma\\\/fr\",\"description\":\"\",\"potentialAction\":[{\"@type\":\"SearchAction\",\"target\":{\"@type\":\"EntryPoint\",\"urlTemplate\":\"https:\\\/\\\/dpress.ma\\\/fr\\\/?s={search_term_string}\"},\"query-input\":{\"@type\":\"PropertyValueSpecification\",\"valueRequired\":true,\"valueName\":\"search_term_string\"}}],\"inLanguage\":\"fr-FR\"},{\"@type\":\"Person\",\"@id\":\"https:\\\/\\\/dpress.ma\\\/fr\\\/#\\\/schema\\\/person\\\/4898febf3ccd59e6578d838656a306a0\",\"name\":\"Dpress.ma\",\"image\":{\"@type\":\"ImageObject\",\"inLanguage\":\"fr-FR\",\"@id\":\"https:\\\/\\\/secure.gravatar.com\\\/avatar\\\/72ecc30e9db047a2e0e7176561eb9d564ed77c8108376495b19bd8336405198a?s=96&d=mm&r=g\",\"url\":\"https:\\\/\\\/secure.gravatar.com\\\/avatar\\\/72ecc30e9db047a2e0e7176561eb9d564ed77c8108376495b19bd8336405198a?s=96&d=mm&r=g\",\"contentUrl\":\"https:\\\/\\\/secure.gravatar.com\\\/avatar\\\/72ecc30e9db047a2e0e7176561eb9d564ed77c8108376495b19bd8336405198a?s=96&d=mm&r=g\",\"caption\":\"Dpress.ma\"},\"sameAs\":[\"https:\\\/\\\/www.dpress.ma\"],\"url\":\"https:\\\/\\\/dpress.ma\\\/fr\\\/author\\\/dpress-ma\\\/\"}]}<\/script>\n<!-- \/ Yoast SEO plugin. -->","yoast_head_json":{"title":"M. Hammouchi re\u00e7oit le ministre d\u00e9l\u00e9gu\u00e9 aupr\u00e8s du Premier ministre, charg\u00e9 de la Coordination des Services sp\u00e9ciaux de Pologne - Dpress.ma\/fr","robots":{"index":"index","follow":"follow","max-snippet":"max-snippet:-1","max-image-preview":"max-image-preview:large","max-video-preview":"max-video-preview:-1"},"canonical":"https:\/\/dpress.ma\/fr\/2026\/04\/10\/m-hammouchi-recoit-le-ministre-delegue-aupres-du-premier-ministre-charge-de-la-coordination-des-services-speciaux-de-pologne\/","og_locale":"fr_FR","og_type":"article","og_title":"M. Hammouchi re\u00e7oit le ministre d\u00e9l\u00e9gu\u00e9 aupr\u00e8s du Premier ministre, charg\u00e9 de la Coordination des Services sp\u00e9ciaux de Pologne - Dpress.ma\/fr","og_description":"Dpress Le Directeur G\u00e9n\u00e9ral de la S\u00fbret\u00e9 nationale et de la Surveillance du Territoire (DGSN-DGST), Abdellatif Hammouchi, a re\u00e7u, jeudi \u00e0 Rabat, le ministre d\u00e9l\u00e9gu\u00e9 aupr\u00e8s du Premier ministre, charg\u00e9 de la Coordination des Services sp\u00e9ciaux de Pologne, Tomasz Siemoniak. Cette entrevue, qui s\u2019inscrit dans le cadre de la visite de travail qu\u2019effectue au Maroc &hellip;","og_url":"https:\/\/dpress.ma\/fr\/2026\/04\/10\/m-hammouchi-recoit-le-ministre-delegue-aupres-du-premier-ministre-charge-de-la-coordination-des-services-speciaux-de-pologne\/","og_site_name":"Dpress.ma\/fr","article_published_time":"2026-04-10T09:19:31+00:00","article_modified_time":"2026-04-10T09:19:35+00:00","og_image":[{"width":2539,"height":1594,"url":"https:\/\/dpress.ma\/fr\/wp-content\/uploads\/sites\/2\/2026\/04\/30-2.jpg","type":"image\/jpeg"}],"author":"Dpress.ma","twitter_card":"summary_large_image","twitter_misc":{"\u00c9crit par":"Dpress.ma","Dur\u00e9e de lecture estim\u00e9e":"3 minutes"},"schema":{"@context":"https:\/\/schema.org","@graph":[{"@type":"Article","@id":"https:\/\/dpress.ma\/fr\/2026\/04\/10\/m-hammouchi-recoit-le-ministre-delegue-aupres-du-premier-ministre-charge-de-la-coordination-des-services-speciaux-de-pologne\/#article","isPartOf":{"@id":"https:\/\/dpress.ma\/fr\/2026\/04\/10\/m-hammouchi-recoit-le-ministre-delegue-aupres-du-premier-ministre-charge-de-la-coordination-des-services-speciaux-de-pologne\/"},"author":{"name":"Dpress.ma","@id":"https:\/\/dpress.ma\/fr\/#\/schema\/person\/4898febf3ccd59e6578d838656a306a0"},"headline":"M. Hammouchi re\u00e7oit le ministre d\u00e9l\u00e9gu\u00e9 aupr\u00e8s du Premier ministre, charg\u00e9 de la Coordination des Services sp\u00e9ciaux de Pologne","datePublished":"2026-04-10T09:19:31+00:00","dateModified":"2026-04-10T09:19:35+00:00","mainEntityOfPage":{"@id":"https:\/\/dpress.ma\/fr\/2026\/04\/10\/m-hammouchi-recoit-le-ministre-delegue-aupres-du-premier-ministre-charge-de-la-coordination-des-services-speciaux-de-pologne\/"},"wordCount":459,"commentCount":0,"image":{"@id":"https:\/\/dpress.ma\/fr\/2026\/04\/10\/m-hammouchi-recoit-le-ministre-delegue-aupres-du-premier-ministre-charge-de-la-coordination-des-services-speciaux-de-pologne\/#primaryimage"},"thumbnailUrl":"https:\/\/dpress.ma\/fr\/wp-content\/uploads\/sites\/2\/2026\/04\/30-2.jpg","articleSection":["Diplomatie Parall\u00e8le","societe et regions"],"inLanguage":"fr-FR","potentialAction":[{"@type":"CommentAction","name":"Comment","target":["https:\/\/dpress.ma\/fr\/2026\/04\/10\/m-hammouchi-recoit-le-ministre-delegue-aupres-du-premier-ministre-charge-de-la-coordination-des-services-speciaux-de-pologne\/#respond"]}]},{"@type":"WebPage","@id":"https:\/\/dpress.ma\/fr\/2026\/04\/10\/m-hammouchi-recoit-le-ministre-delegue-aupres-du-premier-ministre-charge-de-la-coordination-des-services-speciaux-de-pologne\/","url":"https:\/\/dpress.ma\/fr\/2026\/04\/10\/m-hammouchi-recoit-le-ministre-delegue-aupres-du-premier-ministre-charge-de-la-coordination-des-services-speciaux-de-pologne\/","name":"M. Hammouchi re\u00e7oit le ministre d\u00e9l\u00e9gu\u00e9 aupr\u00e8s du Premier ministre, charg\u00e9 de la Coordination des Services sp\u00e9ciaux de Pologne - Dpress.ma\/fr","isPartOf":{"@id":"https:\/\/dpress.ma\/fr\/#website"},"primaryImageOfPage":{"@id":"https:\/\/dpress.ma\/fr\/2026\/04\/10\/m-hammouchi-recoit-le-ministre-delegue-aupres-du-premier-ministre-charge-de-la-coordination-des-services-speciaux-de-pologne\/#primaryimage"},"image":{"@id":"https:\/\/dpress.ma\/fr\/2026\/04\/10\/m-hammouchi-recoit-le-ministre-delegue-aupres-du-premier-ministre-charge-de-la-coordination-des-services-speciaux-de-pologne\/#primaryimage"},"thumbnailUrl":"https:\/\/dpress.ma\/fr\/wp-content\/uploads\/sites\/2\/2026\/04\/30-2.jpg","datePublished":"2026-04-10T09:19:31+00:00","dateModified":"2026-04-10T09:19:35+00:00","author":{"@id":"https:\/\/dpress.ma\/fr\/#\/schema\/person\/4898febf3ccd59e6578d838656a306a0"},"breadcrumb":{"@id":"https:\/\/dpress.ma\/fr\/2026\/04\/10\/m-hammouchi-recoit-le-ministre-delegue-aupres-du-premier-ministre-charge-de-la-coordination-des-services-speciaux-de-pologne\/#breadcrumb"},"inLanguage":"fr-FR","potentialAction":[{"@type":"ReadAction","target":["https:\/\/dpress.ma\/fr\/2026\/04\/10\/m-hammouchi-recoit-le-ministre-delegue-aupres-du-premier-ministre-charge-de-la-coordination-des-services-speciaux-de-pologne\/"]}]},{"@type":"ImageObject","inLanguage":"fr-FR","@id":"https:\/\/dpress.ma\/fr\/2026\/04\/10\/m-hammouchi-recoit-le-ministre-delegue-aupres-du-premier-ministre-charge-de-la-coordination-des-services-speciaux-de-pologne\/#primaryimage","url":"https:\/\/dpress.ma\/fr\/wp-content\/uploads\/sites\/2\/2026\/04\/30-2.jpg","contentUrl":"https:\/\/dpress.ma\/fr\/wp-content\/uploads\/sites\/2\/2026\/04\/30-2.jpg","width":2539,"height":1594},{"@type":"BreadcrumbList","@id":"https:\/\/dpress.ma\/fr\/2026\/04\/10\/m-hammouchi-recoit-le-ministre-delegue-aupres-du-premier-ministre-charge-de-la-coordination-des-services-speciaux-de-pologne\/#breadcrumb","itemListElement":[{"@type":"ListItem","position":1,"name":"Home","item":"https:\/\/dpress.ma\/fr\/"},{"@type":"ListItem","position":2,"name":"M. Hammouchi re\u00e7oit le ministre d\u00e9l\u00e9gu\u00e9 aupr\u00e8s du Premier ministre, charg\u00e9 de la Coordination des Services sp\u00e9ciaux de Pologne"}]},{"@type":"WebSite","@id":"https:\/\/dpress.ma\/fr\/#website","url":"https:\/\/dpress.ma\/fr\/","name":"Dpress.ma\/fr","description":"","potentialAction":[{"@type":"SearchAction","target":{"@type":"EntryPoint","urlTemplate":"https:\/\/dpress.ma\/fr\/?s={search_term_string}"},"query-input":{"@type":"PropertyValueSpecification","valueRequired":true,"valueName":"search_term_string"}}],"inLanguage":"fr-FR"},{"@type":"Person","@id":"https:\/\/dpress.ma\/fr\/#\/schema\/person\/4898febf3ccd59e6578d838656a306a0","name":"Dpress.ma","image":{"@type":"ImageObject","inLanguage":"fr-FR","@id":"https:\/\/secure.gravatar.com\/avatar\/72ecc30e9db047a2e0e7176561eb9d564ed77c8108376495b19bd8336405198a?s=96&d=mm&r=g","url":"https:\/\/secure.gravatar.com\/avatar\/72ecc30e9db047a2e0e7176561eb9d564ed77c8108376495b19bd8336405198a?s=96&d=mm&r=g","contentUrl":"https:\/\/secure.gravatar.com\/avatar\/72ecc30e9db047a2e0e7176561eb9d564ed77c8108376495b19bd8336405198a?s=96&d=mm&r=g","caption":"Dpress.ma"},"sameAs":["https:\/\/www.dpress.ma"],"url":"https:\/\/dpress.ma\/fr\/author\/dpress-ma\/"}]}},"amp_enabled":true,"_links":{"self":[{"href":"https:\/\/dpress.ma\/fr\/wp-json\/wp\/v2\/posts\/28118","targetHints":{"allow":["GET"]}}],"collection":[{"href":"https:\/\/dpress.ma\/fr\/wp-json\/wp\/v2\/posts"}],"about":[{"href":"https:\/\/dpress.ma\/fr\/wp-json\/wp\/v2\/types\/post"}],"author":[{"embeddable":true,"href":"https:\/\/dpress.ma\/fr\/wp-json\/wp\/v2\/users\/2"}],"replies":[{"embeddable":true,"href":"https:\/\/dpress.ma\/fr\/wp-json\/wp\/v2\/comments?post=28118"}],"version-history":[{"count":1,"href":"https:\/\/dpress.ma\/fr\/wp-json\/wp\/v2\/posts\/28118\/revisions"}],"predecessor-version":[{"id":28120,"href":"https:\/\/dpress.ma\/fr\/wp-json\/wp\/v2\/posts\/28118\/revisions\/28120"}],"wp:featuredmedia":[{"embeddable":true,"href":"https:\/\/dpress.ma\/fr\/wp-json\/wp\/v2\/media\/28119"}],"wp:attachment":[{"href":"https:\/\/dpress.ma\/fr\/wp-json\/wp\/v2\/media?parent=28118"}],"wp:term":[{"taxonomy":"category","embeddable":true,"href":"https:\/\/dpress.ma\/fr\/wp-json\/wp\/v2\/categories?post=28118"},{"taxonomy":"post_tag","embeddable":true,"href":"https:\/\/dpress.ma\/fr\/wp-json\/wp\/v2\/tags?post=28118"}],"curies":[{"name":"wp","href":"https:\/\/api.w.org\/{rel}","templated":true}]}}