{"id":28112,"date":"2026-04-10T09:16:56","date_gmt":"2026-04-10T09:16:56","guid":{"rendered":"https:\/\/dpress.ma\/fr\/?p=28112"},"modified":"2026-04-10T09:16:59","modified_gmt":"2026-04-10T09:16:59","slug":"maroc-espagne-examen-a-rabat-des-moyens-de-renforcer-la-cooperation-judiciaire","status":"publish","type":"post","link":"https:\/\/dpress.ma\/fr\/2026\/04\/10\/maroc-espagne-examen-a-rabat-des-moyens-de-renforcer-la-cooperation-judiciaire\/","title":{"rendered":"Maroc-Espagne: Examen \u00e0 Rabat des moyens de renforcer la coop\u00e9ration judiciaire"},"content":{"rendered":"\n<p>Dpress<\/p>\n\n\n\n<p>Le ministre de la Justice, Abdellatif Ouahbi a eu, jeudi \u00e0 Rabat, des entretiens avec le ministre espagnol de la Pr\u00e9sidence, de la Justice et des Relations avec le Parlement, F\u00e9lix Bola\u00f1os, ax\u00e9s sur les moyens de renforcer les relations de coop\u00e9ration et de partenariat dans le cadre du syst\u00e8me judiciaire entre le Maroc et l\u2019Espagne.<\/p>\n\n\n\n<p>Ces entretiens, qui s\u2019inscrivent dans un souci commun de d\u00e9velopper la coop\u00e9ration bilat\u00e9rale dans les domaines juridique et judiciaire, ont \u00e9t\u00e9 l\u2019occasion de d\u00e9battre des moyens de promouvoir les m\u00e9canismes de coordination et l\u2019\u00e9change d\u2019exp\u00e9riences, afin de r\u00e9pondre aux exigences de la conjoncture actuelle et d\u2019accompagner les mutations acc\u00e9l\u00e9r\u00e9es que connait le secteur de la justice.<\/p>\n\n\n\n<p>Cette rencontre a permis \u00e9galement de s\u2019attarder sur les perspectives d\u2019\u00e9largir les domaines de partenariat afin d\u2019englober les diff\u00e9rents aspects de la coop\u00e9ration judiciaire, en particulier en relation avec les affaires civiles et p\u00e9nales, le renforcement du traitement des dossiers \u00e0 caract\u00e8re transfrontalier, outre l\u2019appui aux m\u00e9canisme d\u2019assistance judiciaire entre les deux pays.<\/p>\n\n\n\n<p>A cette occasion, les deux parties ont exprim\u00e9 leur d\u00e9termination \u00e0 consolider les bases de leur coop\u00e9ration, \u00e0 travers le renforcement du niveau de coordination institutionnelle, le lancement de programmes d\u2019action conjoints et l\u2019encouragement de l\u2019\u00e9change de visites entre responsables et experts, outre l\u2019instauration de canaux de communication directs et efficaces entre les instances judiciaires marocaines et espagnoles.<\/p>\n\n\n\n<p>Dans une d\u00e9claration \u00e0 la presse \u00e0 l\u2019issue de cette entrevue, M. Ouahbi a mis en avant la solidit\u00e9 des relations unissant le Maroc et l\u2019Espagne en plus de la parfaite convergence de vue sur l\u2019ensemble des questions.<\/p>\n\n\n\n<p>Dans le sillage des pr\u00e9paratifs pour l\u2019organisation de la Coupe du Monde 2030 de Football, le ministre de la Justice a fait savoir qu\u2019une r\u00e9union tripartite comprenant \u00e9galement la ministre portugaise de la Justice sera tenue, afin de proc\u00e9der \u00e0 la signature d\u2019une convention portant sur les relations entre ces pays qui co-organiseront le Mondial, relevant que cette rencontre tripartite s\u2019inscrit essentiellement dans les efforts colossaux fournis dans le dessein de garantir une organisation r\u00e9ussie de cet \u00e9v\u00e8nement plan\u00e9taire.<\/p>\n\n\n\n<p>De son c\u00f4t\u00e9, M. Bola\u00f1os a indiqu\u00e9 que l\u2019Espagne et le Maroc vivent actuellement \u201cles meilleurs moments de leurs relations diplomatiques, humaines, \u00e9conomiques et culturelles\u201d, estimant que cette rencontre constitue une nouvelle preuve de l\u2019amiti\u00e9 qui lie les deux pays.<\/p>\n\n\n\n<p>Il a fait savoir, dans ce sens, que \u201cle Mondial 2030, qui sera organis\u00e9 conjointement par trois pays appartenant \u00e0 deux continents distincts, n\u2019est pas seulement un \u00e9v\u00e9nement sportif, mais une manifestation qui incarne les valeurs de tol\u00e9rance et de coexistence et met en avant la richesse et la diversit\u00e9 des cultures, des langues et des religions\u201d, ajoutant que cette Coupe du monde sera \u201cun \u00e9v\u00e9nement sportif exceptionnel qui rendra tout le monde fier\u201d.<\/p>\n\n\n\n<p>Au termes de leurs entretiens, les deux parties ont r\u00e9affirm\u00e9 la solidit\u00e9 des relations qui unissent le Maroc et l\u2019Espagne, ainsi que la volont\u00e9 commune de les renforcer et de les approfondir, dans l\u2019int\u00e9r\u00eat mutuel des deux pays et en soutien aux efforts visant \u00e0 d\u00e9velopper le syst\u00e8me judiciaire aux niveaux r\u00e9gional et international.<\/p>\n","protected":false},"excerpt":{"rendered":"<p>Dpress Le ministre de la Justice, Abdellatif Ouahbi a eu, jeudi \u00e0 Rabat, des entretiens avec le ministre espagnol de la Pr\u00e9sidence, de la Justice et des Relations avec le Parlement, F\u00e9lix Bola\u00f1os, ax\u00e9s sur les moyens de renforcer les relations de coop\u00e9ration et de partenariat dans le cadre du syst\u00e8me judiciaire entre le Maroc &hellip;<\/p>\n","protected":false},"author":2,"featured_media":28113,"comment_status":"open","ping_status":"open","sticky":false,"template":"","format":"standard","meta":{"footnotes":""},"categories":[33],"tags":[],"class_list":["post-28112","post","type-post","status-publish","format-standard","has-post-thumbnail","hentry","category-diplomatie-parallele"],"yoast_head":"<!-- This site is optimized with the Yoast SEO plugin v27.5 - https:\/\/yoast.com\/product\/yoast-seo-wordpress\/ -->\n<title>Maroc-Espagne: Examen \u00e0 Rabat des moyens de renforcer la coop\u00e9ration judiciaire - Dpress.ma\/fr<\/title>\n<meta name=\"robots\" content=\"index, follow, max-snippet:-1, max-image-preview:large, max-video-preview:-1\" \/>\n<link rel=\"canonical\" href=\"https:\/\/dpress.ma\/fr\/2026\/04\/10\/maroc-espagne-examen-a-rabat-des-moyens-de-renforcer-la-cooperation-judiciaire\/\" \/>\n<meta property=\"og:locale\" content=\"fr_FR\" \/>\n<meta property=\"og:type\" content=\"article\" \/>\n<meta property=\"og:title\" content=\"Maroc-Espagne: Examen \u00e0 Rabat des moyens de renforcer la coop\u00e9ration judiciaire - Dpress.ma\/fr\" \/>\n<meta property=\"og:description\" content=\"Dpress Le ministre de la Justice, Abdellatif Ouahbi a eu, jeudi \u00e0 Rabat, des entretiens avec le ministre espagnol de la Pr\u00e9sidence, de la Justice et des Relations avec le Parlement, F\u00e9lix Bola\u00f1os, ax\u00e9s sur les moyens de renforcer les relations de coop\u00e9ration et de partenariat dans le cadre du syst\u00e8me judiciaire entre le Maroc &hellip;\" \/>\n<meta property=\"og:url\" content=\"https:\/\/dpress.ma\/fr\/2026\/04\/10\/maroc-espagne-examen-a-rabat-des-moyens-de-renforcer-la-cooperation-judiciaire\/\" \/>\n<meta property=\"og:site_name\" content=\"Dpress.ma\/fr\" \/>\n<meta property=\"article:published_time\" content=\"2026-04-10T09:16:56+00:00\" \/>\n<meta property=\"article:modified_time\" content=\"2026-04-10T09:16:59+00:00\" \/>\n<meta property=\"og:image\" content=\"https:\/\/dpress.ma\/fr\/wp-content\/uploads\/sites\/2\/2026\/04\/28-5.jpg\" \/>\n\t<meta property=\"og:image:width\" content=\"2539\" \/>\n\t<meta property=\"og:image:height\" content=\"1594\" \/>\n\t<meta property=\"og:image:type\" content=\"image\/jpeg\" \/>\n<meta name=\"author\" content=\"Dpress.ma\" \/>\n<meta name=\"twitter:card\" content=\"summary_large_image\" \/>\n<meta name=\"twitter:label1\" content=\"\u00c9crit par\" \/>\n\t<meta name=\"twitter:data1\" content=\"Dpress.ma\" \/>\n\t<meta name=\"twitter:label2\" content=\"Dur\u00e9e de lecture estim\u00e9e\" \/>\n\t<meta name=\"twitter:data2\" content=\"3 minutes\" \/>\n<script type=\"application\/ld+json\" class=\"yoast-schema-graph\">{\"@context\":\"https:\\\/\\\/schema.org\",\"@graph\":[{\"@type\":\"Article\",\"@id\":\"https:\\\/\\\/dpress.ma\\\/fr\\\/2026\\\/04\\\/10\\\/maroc-espagne-examen-a-rabat-des-moyens-de-renforcer-la-cooperation-judiciaire\\\/#article\",\"isPartOf\":{\"@id\":\"https:\\\/\\\/dpress.ma\\\/fr\\\/2026\\\/04\\\/10\\\/maroc-espagne-examen-a-rabat-des-moyens-de-renforcer-la-cooperation-judiciaire\\\/\"},\"author\":{\"name\":\"Dpress.ma\",\"@id\":\"https:\\\/\\\/dpress.ma\\\/fr\\\/#\\\/schema\\\/person\\\/4898febf3ccd59e6578d838656a306a0\"},\"headline\":\"Maroc-Espagne: Examen \u00e0 Rabat des moyens de renforcer la coop\u00e9ration judiciaire\",\"datePublished\":\"2026-04-10T09:16:56+00:00\",\"dateModified\":\"2026-04-10T09:16:59+00:00\",\"mainEntityOfPage\":{\"@id\":\"https:\\\/\\\/dpress.ma\\\/fr\\\/2026\\\/04\\\/10\\\/maroc-espagne-examen-a-rabat-des-moyens-de-renforcer-la-cooperation-judiciaire\\\/\"},\"wordCount\":577,\"commentCount\":0,\"image\":{\"@id\":\"https:\\\/\\\/dpress.ma\\\/fr\\\/2026\\\/04\\\/10\\\/maroc-espagne-examen-a-rabat-des-moyens-de-renforcer-la-cooperation-judiciaire\\\/#primaryimage\"},\"thumbnailUrl\":\"https:\\\/\\\/dpress.ma\\\/fr\\\/wp-content\\\/uploads\\\/sites\\\/2\\\/2026\\\/04\\\/28-5.jpg\",\"articleSection\":[\"Diplomatie Parall\u00e8le\"],\"inLanguage\":\"fr-FR\",\"potentialAction\":[{\"@type\":\"CommentAction\",\"name\":\"Comment\",\"target\":[\"https:\\\/\\\/dpress.ma\\\/fr\\\/2026\\\/04\\\/10\\\/maroc-espagne-examen-a-rabat-des-moyens-de-renforcer-la-cooperation-judiciaire\\\/#respond\"]}]},{\"@type\":\"WebPage\",\"@id\":\"https:\\\/\\\/dpress.ma\\\/fr\\\/2026\\\/04\\\/10\\\/maroc-espagne-examen-a-rabat-des-moyens-de-renforcer-la-cooperation-judiciaire\\\/\",\"url\":\"https:\\\/\\\/dpress.ma\\\/fr\\\/2026\\\/04\\\/10\\\/maroc-espagne-examen-a-rabat-des-moyens-de-renforcer-la-cooperation-judiciaire\\\/\",\"name\":\"Maroc-Espagne: Examen \u00e0 Rabat des moyens de renforcer la coop\u00e9ration judiciaire - Dpress.ma\\\/fr\",\"isPartOf\":{\"@id\":\"https:\\\/\\\/dpress.ma\\\/fr\\\/#website\"},\"primaryImageOfPage\":{\"@id\":\"https:\\\/\\\/dpress.ma\\\/fr\\\/2026\\\/04\\\/10\\\/maroc-espagne-examen-a-rabat-des-moyens-de-renforcer-la-cooperation-judiciaire\\\/#primaryimage\"},\"image\":{\"@id\":\"https:\\\/\\\/dpress.ma\\\/fr\\\/2026\\\/04\\\/10\\\/maroc-espagne-examen-a-rabat-des-moyens-de-renforcer-la-cooperation-judiciaire\\\/#primaryimage\"},\"thumbnailUrl\":\"https:\\\/\\\/dpress.ma\\\/fr\\\/wp-content\\\/uploads\\\/sites\\\/2\\\/2026\\\/04\\\/28-5.jpg\",\"datePublished\":\"2026-04-10T09:16:56+00:00\",\"dateModified\":\"2026-04-10T09:16:59+00:00\",\"author\":{\"@id\":\"https:\\\/\\\/dpress.ma\\\/fr\\\/#\\\/schema\\\/person\\\/4898febf3ccd59e6578d838656a306a0\"},\"breadcrumb\":{\"@id\":\"https:\\\/\\\/dpress.ma\\\/fr\\\/2026\\\/04\\\/10\\\/maroc-espagne-examen-a-rabat-des-moyens-de-renforcer-la-cooperation-judiciaire\\\/#breadcrumb\"},\"inLanguage\":\"fr-FR\",\"potentialAction\":[{\"@type\":\"ReadAction\",\"target\":[\"https:\\\/\\\/dpress.ma\\\/fr\\\/2026\\\/04\\\/10\\\/maroc-espagne-examen-a-rabat-des-moyens-de-renforcer-la-cooperation-judiciaire\\\/\"]}]},{\"@type\":\"ImageObject\",\"inLanguage\":\"fr-FR\",\"@id\":\"https:\\\/\\\/dpress.ma\\\/fr\\\/2026\\\/04\\\/10\\\/maroc-espagne-examen-a-rabat-des-moyens-de-renforcer-la-cooperation-judiciaire\\\/#primaryimage\",\"url\":\"https:\\\/\\\/dpress.ma\\\/fr\\\/wp-content\\\/uploads\\\/sites\\\/2\\\/2026\\\/04\\\/28-5.jpg\",\"contentUrl\":\"https:\\\/\\\/dpress.ma\\\/fr\\\/wp-content\\\/uploads\\\/sites\\\/2\\\/2026\\\/04\\\/28-5.jpg\",\"width\":2539,\"height\":1594},{\"@type\":\"BreadcrumbList\",\"@id\":\"https:\\\/\\\/dpress.ma\\\/fr\\\/2026\\\/04\\\/10\\\/maroc-espagne-examen-a-rabat-des-moyens-de-renforcer-la-cooperation-judiciaire\\\/#breadcrumb\",\"itemListElement\":[{\"@type\":\"ListItem\",\"position\":1,\"name\":\"Home\",\"item\":\"https:\\\/\\\/dpress.ma\\\/fr\\\/\"},{\"@type\":\"ListItem\",\"position\":2,\"name\":\"Maroc-Espagne: Examen \u00e0 Rabat des moyens de renforcer la coop\u00e9ration judiciaire\"}]},{\"@type\":\"WebSite\",\"@id\":\"https:\\\/\\\/dpress.ma\\\/fr\\\/#website\",\"url\":\"https:\\\/\\\/dpress.ma\\\/fr\\\/\",\"name\":\"Dpress.ma\\\/fr\",\"description\":\"\",\"potentialAction\":[{\"@type\":\"SearchAction\",\"target\":{\"@type\":\"EntryPoint\",\"urlTemplate\":\"https:\\\/\\\/dpress.ma\\\/fr\\\/?s={search_term_string}\"},\"query-input\":{\"@type\":\"PropertyValueSpecification\",\"valueRequired\":true,\"valueName\":\"search_term_string\"}}],\"inLanguage\":\"fr-FR\"},{\"@type\":\"Person\",\"@id\":\"https:\\\/\\\/dpress.ma\\\/fr\\\/#\\\/schema\\\/person\\\/4898febf3ccd59e6578d838656a306a0\",\"name\":\"Dpress.ma\",\"image\":{\"@type\":\"ImageObject\",\"inLanguage\":\"fr-FR\",\"@id\":\"https:\\\/\\\/secure.gravatar.com\\\/avatar\\\/72ecc30e9db047a2e0e7176561eb9d564ed77c8108376495b19bd8336405198a?s=96&d=mm&r=g\",\"url\":\"https:\\\/\\\/secure.gravatar.com\\\/avatar\\\/72ecc30e9db047a2e0e7176561eb9d564ed77c8108376495b19bd8336405198a?s=96&d=mm&r=g\",\"contentUrl\":\"https:\\\/\\\/secure.gravatar.com\\\/avatar\\\/72ecc30e9db047a2e0e7176561eb9d564ed77c8108376495b19bd8336405198a?s=96&d=mm&r=g\",\"caption\":\"Dpress.ma\"},\"sameAs\":[\"https:\\\/\\\/www.dpress.ma\"],\"url\":\"https:\\\/\\\/dpress.ma\\\/fr\\\/author\\\/dpress-ma\\\/\"}]}<\/script>\n<!-- \/ Yoast SEO plugin. -->","yoast_head_json":{"title":"Maroc-Espagne: Examen \u00e0 Rabat des moyens de renforcer la coop\u00e9ration judiciaire - Dpress.ma\/fr","robots":{"index":"index","follow":"follow","max-snippet":"max-snippet:-1","max-image-preview":"max-image-preview:large","max-video-preview":"max-video-preview:-1"},"canonical":"https:\/\/dpress.ma\/fr\/2026\/04\/10\/maroc-espagne-examen-a-rabat-des-moyens-de-renforcer-la-cooperation-judiciaire\/","og_locale":"fr_FR","og_type":"article","og_title":"Maroc-Espagne: Examen \u00e0 Rabat des moyens de renforcer la coop\u00e9ration judiciaire - Dpress.ma\/fr","og_description":"Dpress Le ministre de la Justice, Abdellatif Ouahbi a eu, jeudi \u00e0 Rabat, des entretiens avec le ministre espagnol de la Pr\u00e9sidence, de la Justice et des Relations avec le Parlement, F\u00e9lix Bola\u00f1os, ax\u00e9s sur les moyens de renforcer les relations de coop\u00e9ration et de partenariat dans le cadre du syst\u00e8me judiciaire entre le Maroc &hellip;","og_url":"https:\/\/dpress.ma\/fr\/2026\/04\/10\/maroc-espagne-examen-a-rabat-des-moyens-de-renforcer-la-cooperation-judiciaire\/","og_site_name":"Dpress.ma\/fr","article_published_time":"2026-04-10T09:16:56+00:00","article_modified_time":"2026-04-10T09:16:59+00:00","og_image":[{"width":2539,"height":1594,"url":"https:\/\/dpress.ma\/fr\/wp-content\/uploads\/sites\/2\/2026\/04\/28-5.jpg","type":"image\/jpeg"}],"author":"Dpress.ma","twitter_card":"summary_large_image","twitter_misc":{"\u00c9crit par":"Dpress.ma","Dur\u00e9e de lecture estim\u00e9e":"3 minutes"},"schema":{"@context":"https:\/\/schema.org","@graph":[{"@type":"Article","@id":"https:\/\/dpress.ma\/fr\/2026\/04\/10\/maroc-espagne-examen-a-rabat-des-moyens-de-renforcer-la-cooperation-judiciaire\/#article","isPartOf":{"@id":"https:\/\/dpress.ma\/fr\/2026\/04\/10\/maroc-espagne-examen-a-rabat-des-moyens-de-renforcer-la-cooperation-judiciaire\/"},"author":{"name":"Dpress.ma","@id":"https:\/\/dpress.ma\/fr\/#\/schema\/person\/4898febf3ccd59e6578d838656a306a0"},"headline":"Maroc-Espagne: Examen \u00e0 Rabat des moyens de renforcer la coop\u00e9ration judiciaire","datePublished":"2026-04-10T09:16:56+00:00","dateModified":"2026-04-10T09:16:59+00:00","mainEntityOfPage":{"@id":"https:\/\/dpress.ma\/fr\/2026\/04\/10\/maroc-espagne-examen-a-rabat-des-moyens-de-renforcer-la-cooperation-judiciaire\/"},"wordCount":577,"commentCount":0,"image":{"@id":"https:\/\/dpress.ma\/fr\/2026\/04\/10\/maroc-espagne-examen-a-rabat-des-moyens-de-renforcer-la-cooperation-judiciaire\/#primaryimage"},"thumbnailUrl":"https:\/\/dpress.ma\/fr\/wp-content\/uploads\/sites\/2\/2026\/04\/28-5.jpg","articleSection":["Diplomatie Parall\u00e8le"],"inLanguage":"fr-FR","potentialAction":[{"@type":"CommentAction","name":"Comment","target":["https:\/\/dpress.ma\/fr\/2026\/04\/10\/maroc-espagne-examen-a-rabat-des-moyens-de-renforcer-la-cooperation-judiciaire\/#respond"]}]},{"@type":"WebPage","@id":"https:\/\/dpress.ma\/fr\/2026\/04\/10\/maroc-espagne-examen-a-rabat-des-moyens-de-renforcer-la-cooperation-judiciaire\/","url":"https:\/\/dpress.ma\/fr\/2026\/04\/10\/maroc-espagne-examen-a-rabat-des-moyens-de-renforcer-la-cooperation-judiciaire\/","name":"Maroc-Espagne: Examen \u00e0 Rabat des moyens de renforcer la coop\u00e9ration judiciaire - Dpress.ma\/fr","isPartOf":{"@id":"https:\/\/dpress.ma\/fr\/#website"},"primaryImageOfPage":{"@id":"https:\/\/dpress.ma\/fr\/2026\/04\/10\/maroc-espagne-examen-a-rabat-des-moyens-de-renforcer-la-cooperation-judiciaire\/#primaryimage"},"image":{"@id":"https:\/\/dpress.ma\/fr\/2026\/04\/10\/maroc-espagne-examen-a-rabat-des-moyens-de-renforcer-la-cooperation-judiciaire\/#primaryimage"},"thumbnailUrl":"https:\/\/dpress.ma\/fr\/wp-content\/uploads\/sites\/2\/2026\/04\/28-5.jpg","datePublished":"2026-04-10T09:16:56+00:00","dateModified":"2026-04-10T09:16:59+00:00","author":{"@id":"https:\/\/dpress.ma\/fr\/#\/schema\/person\/4898febf3ccd59e6578d838656a306a0"},"breadcrumb":{"@id":"https:\/\/dpress.ma\/fr\/2026\/04\/10\/maroc-espagne-examen-a-rabat-des-moyens-de-renforcer-la-cooperation-judiciaire\/#breadcrumb"},"inLanguage":"fr-FR","potentialAction":[{"@type":"ReadAction","target":["https:\/\/dpress.ma\/fr\/2026\/04\/10\/maroc-espagne-examen-a-rabat-des-moyens-de-renforcer-la-cooperation-judiciaire\/"]}]},{"@type":"ImageObject","inLanguage":"fr-FR","@id":"https:\/\/dpress.ma\/fr\/2026\/04\/10\/maroc-espagne-examen-a-rabat-des-moyens-de-renforcer-la-cooperation-judiciaire\/#primaryimage","url":"https:\/\/dpress.ma\/fr\/wp-content\/uploads\/sites\/2\/2026\/04\/28-5.jpg","contentUrl":"https:\/\/dpress.ma\/fr\/wp-content\/uploads\/sites\/2\/2026\/04\/28-5.jpg","width":2539,"height":1594},{"@type":"BreadcrumbList","@id":"https:\/\/dpress.ma\/fr\/2026\/04\/10\/maroc-espagne-examen-a-rabat-des-moyens-de-renforcer-la-cooperation-judiciaire\/#breadcrumb","itemListElement":[{"@type":"ListItem","position":1,"name":"Home","item":"https:\/\/dpress.ma\/fr\/"},{"@type":"ListItem","position":2,"name":"Maroc-Espagne: Examen \u00e0 Rabat des moyens de renforcer la coop\u00e9ration judiciaire"}]},{"@type":"WebSite","@id":"https:\/\/dpress.ma\/fr\/#website","url":"https:\/\/dpress.ma\/fr\/","name":"Dpress.ma\/fr","description":"","potentialAction":[{"@type":"SearchAction","target":{"@type":"EntryPoint","urlTemplate":"https:\/\/dpress.ma\/fr\/?s={search_term_string}"},"query-input":{"@type":"PropertyValueSpecification","valueRequired":true,"valueName":"search_term_string"}}],"inLanguage":"fr-FR"},{"@type":"Person","@id":"https:\/\/dpress.ma\/fr\/#\/schema\/person\/4898febf3ccd59e6578d838656a306a0","name":"Dpress.ma","image":{"@type":"ImageObject","inLanguage":"fr-FR","@id":"https:\/\/secure.gravatar.com\/avatar\/72ecc30e9db047a2e0e7176561eb9d564ed77c8108376495b19bd8336405198a?s=96&d=mm&r=g","url":"https:\/\/secure.gravatar.com\/avatar\/72ecc30e9db047a2e0e7176561eb9d564ed77c8108376495b19bd8336405198a?s=96&d=mm&r=g","contentUrl":"https:\/\/secure.gravatar.com\/avatar\/72ecc30e9db047a2e0e7176561eb9d564ed77c8108376495b19bd8336405198a?s=96&d=mm&r=g","caption":"Dpress.ma"},"sameAs":["https:\/\/www.dpress.ma"],"url":"https:\/\/dpress.ma\/fr\/author\/dpress-ma\/"}]}},"amp_enabled":true,"_links":{"self":[{"href":"https:\/\/dpress.ma\/fr\/wp-json\/wp\/v2\/posts\/28112","targetHints":{"allow":["GET"]}}],"collection":[{"href":"https:\/\/dpress.ma\/fr\/wp-json\/wp\/v2\/posts"}],"about":[{"href":"https:\/\/dpress.ma\/fr\/wp-json\/wp\/v2\/types\/post"}],"author":[{"embeddable":true,"href":"https:\/\/dpress.ma\/fr\/wp-json\/wp\/v2\/users\/2"}],"replies":[{"embeddable":true,"href":"https:\/\/dpress.ma\/fr\/wp-json\/wp\/v2\/comments?post=28112"}],"version-history":[{"count":1,"href":"https:\/\/dpress.ma\/fr\/wp-json\/wp\/v2\/posts\/28112\/revisions"}],"predecessor-version":[{"id":28114,"href":"https:\/\/dpress.ma\/fr\/wp-json\/wp\/v2\/posts\/28112\/revisions\/28114"}],"wp:featuredmedia":[{"embeddable":true,"href":"https:\/\/dpress.ma\/fr\/wp-json\/wp\/v2\/media\/28113"}],"wp:attachment":[{"href":"https:\/\/dpress.ma\/fr\/wp-json\/wp\/v2\/media?parent=28112"}],"wp:term":[{"taxonomy":"category","embeddable":true,"href":"https:\/\/dpress.ma\/fr\/wp-json\/wp\/v2\/categories?post=28112"},{"taxonomy":"post_tag","embeddable":true,"href":"https:\/\/dpress.ma\/fr\/wp-json\/wp\/v2\/tags?post=28112"}],"curies":[{"name":"wp","href":"https:\/\/api.w.org\/{rel}","templated":true}]}}