{"id":28102,"date":"2026-04-10T09:09:22","date_gmt":"2026-04-10T09:09:22","guid":{"rendered":"https:\/\/dpress.ma\/fr\/?p=28102"},"modified":"2026-04-10T09:09:25","modified_gmt":"2026-04-10T09:09:25","slug":"m-ould-errachid-elu-president-de-lassociation-des-senats-dafrique","status":"publish","type":"post","link":"https:\/\/dpress.ma\/fr\/2026\/04\/10\/m-ould-errachid-elu-president-de-lassociation-des-senats-dafrique\/","title":{"rendered":"M. Ould Errachid \u00e9lu pr\u00e9sident de l\u2019Association des S\u00e9nats d\u2019Afrique"},"content":{"rendered":"\n<p>Dpress<\/p>\n\n\n\n<p>Le pr\u00e9sident de la Chambre des conseillers, Mohamed Ould Errachid a \u00e9t\u00e9 \u00e9lu, jeudi \u00e0 Rabat, pr\u00e9sident de l\u2019Association des S\u00e9nats d\u2019Afrique.<\/p>\n\n\n\n<p>Cette annonce a \u00e9t\u00e9 faite dans un communiqu\u00e9 final publi\u00e9 \u00e0 l\u2019issue de la conf\u00e9rence de l\u2019Association des S\u00e9nats d\u2019Afrique, abrit\u00e9e par la Chambre des conseillers les 8 et 9 avril sous le th\u00e8me \u201cLa contribution des chambres hautes des Parlements \u00e0 la consolidation de la d\u00e9mocratie et \u00e0 la pr\u00e9servation de la paix en Afrique\u201d, avec la participation des pr\u00e9sidents et repr\u00e9sentants des chambres hautes des parlements africains.<\/p>\n\n\n\n<p>Selon ce communiqu\u00e9 final, les pr\u00e9sidents des chambres hautes des parlements et les chefs de d\u00e9l\u00e9gations ont convenu d\u2019adopter des propositions d\u2019amendement du statut de l\u2019Association, notamment la possibilit\u00e9 d\u2019accepter, par d\u00e9cision de la conf\u00e9rence, toute autre chambre haute d\u2019un \u00c9tat africain membre des Nations Unies comme membre \u00e0 part enti\u00e8re ou comme observateur, de fixer \u00e0 deux ans la dur\u00e9e du mandat du pr\u00e9sident de l\u2019Association et de nommer pr\u00e9sidente honoraire la premi\u00e8re femme pr\u00e9sidente de l\u2019Association.<\/p>\n\n\n\n<p>Il a \u00e9galement \u00e9t\u00e9 proc\u00e9d\u00e9 \u00e0 l\u2019adoption de la proposition de confier les fonctions du Secr\u00e9taire g\u00e9n\u00e9ral de l\u2019Association au Secr\u00e9taire g\u00e9n\u00e9ral de la Chambre haute de l\u2019\u00c9tat o\u00f9 si\u00e8ge l\u2019Association, ainsi que la nomination du Tr\u00e9sorier par la Conf\u00e9rence, sur proposition du Pr\u00e9sident et la tenue de deux types de r\u00e9unions par l\u2019Association, \u00e0 savoir la r\u00e9union annuelle qui se tient dans le pays de la pr\u00e9sidence tournante et la Conf\u00e9rence des Pr\u00e9sidents qui a lieu tous les deux ans.<\/p>\n\n\n\n<p>Le communiqu\u00e9 final pr\u00e9cise que ces mesures devront imm\u00e9diatement entrer en vigueur, ajoutant qu\u2019il avait \u00e9t\u00e9 d\u00e9cid\u00e9 de tenir la prochaine r\u00e9union annuelle \u00e0 Rabat, au Royaume du Maroc, en 2027.<\/p>\n\n\n\n<p>Dans une allocution de circonstance, M. Ould Errachid a affirm\u00e9 que la pr\u00e9sidence par la Chambre des conseillers du Royaume de cette association constitue \u00e0 la fois un honneur et une responsabilit\u00e9. \u201cIl s\u2019agit d\u2019un engagement \u00e0 poursuivre le travail collectif en vue de consolider ce cadre parlementaire africain et renforcer son r\u00f4le de plateforme de dialogue, de concertation et de coordination des efforts\u201d, a-t-il affirm\u00e9.<\/p>\n\n\n\n<p>Durant cette nouvelle p\u00e9riode de pr\u00e9sidence, des efforts seront d\u00e9ploy\u00e9s pour faire progresser un certain nombre d\u2019orientations cl\u00e9s, notamment le renforcement de la concertation et de la coordination entre les s\u00e9nats africains sur les questions strat\u00e9giques li\u00e9es au d\u00e9veloppement dans ses diverses dimensions, a-t-il assur\u00e9, faisant \u00e9galement \u00e9tat du d\u00e9veloppement du r\u00f4le de la diplomatie parlementaire africaine dans le soutien \u00e0 l\u2019int\u00e9gration continentale et le renforcement de la pr\u00e9sence de l\u2019Afrique sur la sc\u00e8ne parlementaire internationale.<\/p>\n\n\n\n<p>M. Ould Errachid a soulign\u00e9 que le Royaume du Maroc, sous la Sage Conduite de Sa Majest\u00e9 le Roi Mohammed VI, a \u00e9rig\u00e9 la coop\u00e9ration africaine en un choix strat\u00e9gique constant, fond\u00e9 sur les principes de solidarit\u00e9, d\u2019int\u00e9gration et de d\u00e9veloppement commun, pr\u00e9cisant que cette vision s\u2019est concr\u00e9tis\u00e9e \u00e0 travers d\u2019importantes Initiatives lanc\u00e9es par le Souverain au profit du continent, notamment le renforcement de la coop\u00e9ration Sud-Sud, le d\u00e9veloppement de partenariats \u00e9conomiques et d\u2019investissement, outre le lancement de grands projets strat\u00e9giques dans les domaines de l\u2019\u00e9nergie, des infrastructures et de la connectivit\u00e9 \u00e9conomique.<\/p>\n\n\n\n<p>Et d\u2019ajouter que le Royaume cherche \u00e0 faire de la fa\u00e7ade atlantique de l\u2019Afrique un espace d\u2019int\u00e9gration \u00e9conomique et de communication entre l\u2019Afrique et le reste du monde, ce qui contribue \u00e0 renforcer la s\u00e9curit\u00e9 \u00e9nerg\u00e9tique et alimentaire ainsi que les cha\u00eenes d\u2019approvisionnement mondiales, soulignant que le Parlement marocain continue de jouer son r\u00f4le dans la consolidation de la diplomatie parlementaire africaine, de mani\u00e8re \u00e0 permettre de rapprocher les institutions l\u00e9gislatives africaines et de suivre le rythme de l\u2019acc\u00e9l\u00e9ration des partenariats entre les pays du continent.<\/p>\n\n\n\n<p>L\u2019avenir de l\u2019Afrique se construit aujourd\u2019hui gr\u00e2ce \u00e0 des institutions fortes, une bonne gouvernance et une coop\u00e9ration africaine fond\u00e9e sur la solidarit\u00e9, a-t-il affirm\u00e9, notant que l\u2019Association des S\u00e9nats d\u2019Afrique est appel\u00e9e \u00e0 devenir un espace contribuant au soutien du d\u00e9veloppement durable, \u00e0 la promotion du dialogue et \u00e0 la contribution \u00e0 l\u2019\u00e9laboration de strat\u00e9gies communes pour relever les d\u00e9fis auxquels notre continent est confront\u00e9.<\/p>\n\n\n\n<p>L\u2019Association des S\u00e9nats en Afrique est n\u00e9e d\u2019un s\u00e9minaire organis\u00e9 par le S\u00e9nat ivoirien, les 10 et 11 octobre 2024 \u00e0 Yamoussoukro. Sa premi\u00e8re pr\u00e9sidence a \u00e9t\u00e9 confi\u00e9e \u00e0 la pr\u00e9sidente du S\u00e9nat de la R\u00e9publique de C\u00f4te d\u2019Ivoire, Kandia Kamissoko Camara.<\/p>\n","protected":false},"excerpt":{"rendered":"<p>Dpress Le pr\u00e9sident de la Chambre des conseillers, Mohamed Ould Errachid a \u00e9t\u00e9 \u00e9lu, jeudi \u00e0 Rabat, pr\u00e9sident de l\u2019Association des S\u00e9nats d\u2019Afrique. Cette annonce a \u00e9t\u00e9 faite dans un communiqu\u00e9 final publi\u00e9 \u00e0 l\u2019issue de la conf\u00e9rence de l\u2019Association des S\u00e9nats d\u2019Afrique, abrit\u00e9e par la Chambre des conseillers les 8 et 9 avril sous &hellip;<\/p>\n","protected":false},"author":2,"featured_media":27962,"comment_status":"open","ping_status":"open","sticky":false,"template":"","format":"standard","meta":{"footnotes":""},"categories":[26],"tags":[],"class_list":["post-28102","post","type-post","status-publish","format-standard","has-post-thumbnail","hentry","category-politiques"],"yoast_head":"<!-- This site is optimized with the Yoast SEO plugin v27.4 - https:\/\/yoast.com\/product\/yoast-seo-wordpress\/ -->\n<title>M. Ould Errachid \u00e9lu pr\u00e9sident de l\u2019Association des S\u00e9nats d\u2019Afrique - Dpress.ma\/fr<\/title>\n<meta name=\"robots\" content=\"index, follow, max-snippet:-1, max-image-preview:large, max-video-preview:-1\" \/>\n<link rel=\"canonical\" href=\"https:\/\/dpress.ma\/fr\/2026\/04\/10\/m-ould-errachid-elu-president-de-lassociation-des-senats-dafrique\/\" \/>\n<meta property=\"og:locale\" content=\"fr_FR\" \/>\n<meta property=\"og:type\" content=\"article\" \/>\n<meta property=\"og:title\" content=\"M. Ould Errachid \u00e9lu pr\u00e9sident de l\u2019Association des S\u00e9nats d\u2019Afrique - Dpress.ma\/fr\" \/>\n<meta property=\"og:description\" content=\"Dpress Le pr\u00e9sident de la Chambre des conseillers, Mohamed Ould Errachid a \u00e9t\u00e9 \u00e9lu, jeudi \u00e0 Rabat, pr\u00e9sident de l\u2019Association des S\u00e9nats d\u2019Afrique. Cette annonce a \u00e9t\u00e9 faite dans un communiqu\u00e9 final publi\u00e9 \u00e0 l\u2019issue de la conf\u00e9rence de l\u2019Association des S\u00e9nats d\u2019Afrique, abrit\u00e9e par la Chambre des conseillers les 8 et 9 avril sous &hellip;\" \/>\n<meta property=\"og:url\" content=\"https:\/\/dpress.ma\/fr\/2026\/04\/10\/m-ould-errachid-elu-president-de-lassociation-des-senats-dafrique\/\" \/>\n<meta property=\"og:site_name\" content=\"Dpress.ma\/fr\" \/>\n<meta property=\"article:published_time\" content=\"2026-04-10T09:09:22+00:00\" \/>\n<meta property=\"article:modified_time\" content=\"2026-04-10T09:09:25+00:00\" \/>\n<meta property=\"og:image\" content=\"https:\/\/dpress.ma\/fr\/wp-content\/uploads\/sites\/2\/2026\/04\/371.jpg\" \/>\n\t<meta property=\"og:image:width\" content=\"2539\" \/>\n\t<meta property=\"og:image:height\" content=\"1594\" \/>\n\t<meta property=\"og:image:type\" content=\"image\/jpeg\" \/>\n<meta name=\"author\" content=\"Dpress.ma\" \/>\n<meta name=\"twitter:card\" content=\"summary_large_image\" \/>\n<meta name=\"twitter:label1\" content=\"\u00c9crit par\" \/>\n\t<meta name=\"twitter:data1\" content=\"Dpress.ma\" \/>\n\t<meta name=\"twitter:label2\" content=\"Dur\u00e9e de lecture estim\u00e9e\" \/>\n\t<meta name=\"twitter:data2\" content=\"4 minutes\" \/>\n<script type=\"application\/ld+json\" class=\"yoast-schema-graph\">{\"@context\":\"https:\\\/\\\/schema.org\",\"@graph\":[{\"@type\":\"Article\",\"@id\":\"https:\\\/\\\/dpress.ma\\\/fr\\\/2026\\\/04\\\/10\\\/m-ould-errachid-elu-president-de-lassociation-des-senats-dafrique\\\/#article\",\"isPartOf\":{\"@id\":\"https:\\\/\\\/dpress.ma\\\/fr\\\/2026\\\/04\\\/10\\\/m-ould-errachid-elu-president-de-lassociation-des-senats-dafrique\\\/\"},\"author\":{\"name\":\"Dpress.ma\",\"@id\":\"https:\\\/\\\/dpress.ma\\\/fr\\\/#\\\/schema\\\/person\\\/4898febf3ccd59e6578d838656a306a0\"},\"headline\":\"M. Ould Errachid \u00e9lu pr\u00e9sident de l\u2019Association des S\u00e9nats d\u2019Afrique\",\"datePublished\":\"2026-04-10T09:09:22+00:00\",\"dateModified\":\"2026-04-10T09:09:25+00:00\",\"mainEntityOfPage\":{\"@id\":\"https:\\\/\\\/dpress.ma\\\/fr\\\/2026\\\/04\\\/10\\\/m-ould-errachid-elu-president-de-lassociation-des-senats-dafrique\\\/\"},\"wordCount\":836,\"commentCount\":0,\"image\":{\"@id\":\"https:\\\/\\\/dpress.ma\\\/fr\\\/2026\\\/04\\\/10\\\/m-ould-errachid-elu-president-de-lassociation-des-senats-dafrique\\\/#primaryimage\"},\"thumbnailUrl\":\"https:\\\/\\\/dpress.ma\\\/fr\\\/wp-content\\\/uploads\\\/sites\\\/2\\\/2026\\\/04\\\/371.jpg\",\"articleSection\":[\"Politiques\"],\"inLanguage\":\"fr-FR\",\"potentialAction\":[{\"@type\":\"CommentAction\",\"name\":\"Comment\",\"target\":[\"https:\\\/\\\/dpress.ma\\\/fr\\\/2026\\\/04\\\/10\\\/m-ould-errachid-elu-president-de-lassociation-des-senats-dafrique\\\/#respond\"]}]},{\"@type\":\"WebPage\",\"@id\":\"https:\\\/\\\/dpress.ma\\\/fr\\\/2026\\\/04\\\/10\\\/m-ould-errachid-elu-president-de-lassociation-des-senats-dafrique\\\/\",\"url\":\"https:\\\/\\\/dpress.ma\\\/fr\\\/2026\\\/04\\\/10\\\/m-ould-errachid-elu-president-de-lassociation-des-senats-dafrique\\\/\",\"name\":\"M. Ould Errachid \u00e9lu pr\u00e9sident de l\u2019Association des S\u00e9nats d\u2019Afrique - Dpress.ma\\\/fr\",\"isPartOf\":{\"@id\":\"https:\\\/\\\/dpress.ma\\\/fr\\\/#website\"},\"primaryImageOfPage\":{\"@id\":\"https:\\\/\\\/dpress.ma\\\/fr\\\/2026\\\/04\\\/10\\\/m-ould-errachid-elu-president-de-lassociation-des-senats-dafrique\\\/#primaryimage\"},\"image\":{\"@id\":\"https:\\\/\\\/dpress.ma\\\/fr\\\/2026\\\/04\\\/10\\\/m-ould-errachid-elu-president-de-lassociation-des-senats-dafrique\\\/#primaryimage\"},\"thumbnailUrl\":\"https:\\\/\\\/dpress.ma\\\/fr\\\/wp-content\\\/uploads\\\/sites\\\/2\\\/2026\\\/04\\\/371.jpg\",\"datePublished\":\"2026-04-10T09:09:22+00:00\",\"dateModified\":\"2026-04-10T09:09:25+00:00\",\"author\":{\"@id\":\"https:\\\/\\\/dpress.ma\\\/fr\\\/#\\\/schema\\\/person\\\/4898febf3ccd59e6578d838656a306a0\"},\"breadcrumb\":{\"@id\":\"https:\\\/\\\/dpress.ma\\\/fr\\\/2026\\\/04\\\/10\\\/m-ould-errachid-elu-president-de-lassociation-des-senats-dafrique\\\/#breadcrumb\"},\"inLanguage\":\"fr-FR\",\"potentialAction\":[{\"@type\":\"ReadAction\",\"target\":[\"https:\\\/\\\/dpress.ma\\\/fr\\\/2026\\\/04\\\/10\\\/m-ould-errachid-elu-president-de-lassociation-des-senats-dafrique\\\/\"]}]},{\"@type\":\"ImageObject\",\"inLanguage\":\"fr-FR\",\"@id\":\"https:\\\/\\\/dpress.ma\\\/fr\\\/2026\\\/04\\\/10\\\/m-ould-errachid-elu-president-de-lassociation-des-senats-dafrique\\\/#primaryimage\",\"url\":\"https:\\\/\\\/dpress.ma\\\/fr\\\/wp-content\\\/uploads\\\/sites\\\/2\\\/2026\\\/04\\\/371.jpg\",\"contentUrl\":\"https:\\\/\\\/dpress.ma\\\/fr\\\/wp-content\\\/uploads\\\/sites\\\/2\\\/2026\\\/04\\\/371.jpg\",\"width\":2539,\"height\":1594},{\"@type\":\"BreadcrumbList\",\"@id\":\"https:\\\/\\\/dpress.ma\\\/fr\\\/2026\\\/04\\\/10\\\/m-ould-errachid-elu-president-de-lassociation-des-senats-dafrique\\\/#breadcrumb\",\"itemListElement\":[{\"@type\":\"ListItem\",\"position\":1,\"name\":\"Home\",\"item\":\"https:\\\/\\\/dpress.ma\\\/fr\\\/\"},{\"@type\":\"ListItem\",\"position\":2,\"name\":\"M. Ould Errachid \u00e9lu pr\u00e9sident de l\u2019Association des S\u00e9nats d\u2019Afrique\"}]},{\"@type\":\"WebSite\",\"@id\":\"https:\\\/\\\/dpress.ma\\\/fr\\\/#website\",\"url\":\"https:\\\/\\\/dpress.ma\\\/fr\\\/\",\"name\":\"Dpress.ma\\\/fr\",\"description\":\"\",\"potentialAction\":[{\"@type\":\"SearchAction\",\"target\":{\"@type\":\"EntryPoint\",\"urlTemplate\":\"https:\\\/\\\/dpress.ma\\\/fr\\\/?s={search_term_string}\"},\"query-input\":{\"@type\":\"PropertyValueSpecification\",\"valueRequired\":true,\"valueName\":\"search_term_string\"}}],\"inLanguage\":\"fr-FR\"},{\"@type\":\"Person\",\"@id\":\"https:\\\/\\\/dpress.ma\\\/fr\\\/#\\\/schema\\\/person\\\/4898febf3ccd59e6578d838656a306a0\",\"name\":\"Dpress.ma\",\"image\":{\"@type\":\"ImageObject\",\"inLanguage\":\"fr-FR\",\"@id\":\"https:\\\/\\\/secure.gravatar.com\\\/avatar\\\/72ecc30e9db047a2e0e7176561eb9d564ed77c8108376495b19bd8336405198a?s=96&d=mm&r=g\",\"url\":\"https:\\\/\\\/secure.gravatar.com\\\/avatar\\\/72ecc30e9db047a2e0e7176561eb9d564ed77c8108376495b19bd8336405198a?s=96&d=mm&r=g\",\"contentUrl\":\"https:\\\/\\\/secure.gravatar.com\\\/avatar\\\/72ecc30e9db047a2e0e7176561eb9d564ed77c8108376495b19bd8336405198a?s=96&d=mm&r=g\",\"caption\":\"Dpress.ma\"},\"sameAs\":[\"https:\\\/\\\/www.dpress.ma\"],\"url\":\"https:\\\/\\\/dpress.ma\\\/fr\\\/author\\\/dpress-ma\\\/\"}]}<\/script>\n<!-- \/ Yoast SEO plugin. -->","yoast_head_json":{"title":"M. Ould Errachid \u00e9lu pr\u00e9sident de l\u2019Association des S\u00e9nats d\u2019Afrique - Dpress.ma\/fr","robots":{"index":"index","follow":"follow","max-snippet":"max-snippet:-1","max-image-preview":"max-image-preview:large","max-video-preview":"max-video-preview:-1"},"canonical":"https:\/\/dpress.ma\/fr\/2026\/04\/10\/m-ould-errachid-elu-president-de-lassociation-des-senats-dafrique\/","og_locale":"fr_FR","og_type":"article","og_title":"M. Ould Errachid \u00e9lu pr\u00e9sident de l\u2019Association des S\u00e9nats d\u2019Afrique - Dpress.ma\/fr","og_description":"Dpress Le pr\u00e9sident de la Chambre des conseillers, Mohamed Ould Errachid a \u00e9t\u00e9 \u00e9lu, jeudi \u00e0 Rabat, pr\u00e9sident de l\u2019Association des S\u00e9nats d\u2019Afrique. Cette annonce a \u00e9t\u00e9 faite dans un communiqu\u00e9 final publi\u00e9 \u00e0 l\u2019issue de la conf\u00e9rence de l\u2019Association des S\u00e9nats d\u2019Afrique, abrit\u00e9e par la Chambre des conseillers les 8 et 9 avril sous &hellip;","og_url":"https:\/\/dpress.ma\/fr\/2026\/04\/10\/m-ould-errachid-elu-president-de-lassociation-des-senats-dafrique\/","og_site_name":"Dpress.ma\/fr","article_published_time":"2026-04-10T09:09:22+00:00","article_modified_time":"2026-04-10T09:09:25+00:00","og_image":[{"width":2539,"height":1594,"url":"https:\/\/dpress.ma\/fr\/wp-content\/uploads\/sites\/2\/2026\/04\/371.jpg","type":"image\/jpeg"}],"author":"Dpress.ma","twitter_card":"summary_large_image","twitter_misc":{"\u00c9crit par":"Dpress.ma","Dur\u00e9e de lecture estim\u00e9e":"4 minutes"},"schema":{"@context":"https:\/\/schema.org","@graph":[{"@type":"Article","@id":"https:\/\/dpress.ma\/fr\/2026\/04\/10\/m-ould-errachid-elu-president-de-lassociation-des-senats-dafrique\/#article","isPartOf":{"@id":"https:\/\/dpress.ma\/fr\/2026\/04\/10\/m-ould-errachid-elu-president-de-lassociation-des-senats-dafrique\/"},"author":{"name":"Dpress.ma","@id":"https:\/\/dpress.ma\/fr\/#\/schema\/person\/4898febf3ccd59e6578d838656a306a0"},"headline":"M. Ould Errachid \u00e9lu pr\u00e9sident de l\u2019Association des S\u00e9nats d\u2019Afrique","datePublished":"2026-04-10T09:09:22+00:00","dateModified":"2026-04-10T09:09:25+00:00","mainEntityOfPage":{"@id":"https:\/\/dpress.ma\/fr\/2026\/04\/10\/m-ould-errachid-elu-president-de-lassociation-des-senats-dafrique\/"},"wordCount":836,"commentCount":0,"image":{"@id":"https:\/\/dpress.ma\/fr\/2026\/04\/10\/m-ould-errachid-elu-president-de-lassociation-des-senats-dafrique\/#primaryimage"},"thumbnailUrl":"https:\/\/dpress.ma\/fr\/wp-content\/uploads\/sites\/2\/2026\/04\/371.jpg","articleSection":["Politiques"],"inLanguage":"fr-FR","potentialAction":[{"@type":"CommentAction","name":"Comment","target":["https:\/\/dpress.ma\/fr\/2026\/04\/10\/m-ould-errachid-elu-president-de-lassociation-des-senats-dafrique\/#respond"]}]},{"@type":"WebPage","@id":"https:\/\/dpress.ma\/fr\/2026\/04\/10\/m-ould-errachid-elu-president-de-lassociation-des-senats-dafrique\/","url":"https:\/\/dpress.ma\/fr\/2026\/04\/10\/m-ould-errachid-elu-president-de-lassociation-des-senats-dafrique\/","name":"M. Ould Errachid \u00e9lu pr\u00e9sident de l\u2019Association des S\u00e9nats d\u2019Afrique - Dpress.ma\/fr","isPartOf":{"@id":"https:\/\/dpress.ma\/fr\/#website"},"primaryImageOfPage":{"@id":"https:\/\/dpress.ma\/fr\/2026\/04\/10\/m-ould-errachid-elu-president-de-lassociation-des-senats-dafrique\/#primaryimage"},"image":{"@id":"https:\/\/dpress.ma\/fr\/2026\/04\/10\/m-ould-errachid-elu-president-de-lassociation-des-senats-dafrique\/#primaryimage"},"thumbnailUrl":"https:\/\/dpress.ma\/fr\/wp-content\/uploads\/sites\/2\/2026\/04\/371.jpg","datePublished":"2026-04-10T09:09:22+00:00","dateModified":"2026-04-10T09:09:25+00:00","author":{"@id":"https:\/\/dpress.ma\/fr\/#\/schema\/person\/4898febf3ccd59e6578d838656a306a0"},"breadcrumb":{"@id":"https:\/\/dpress.ma\/fr\/2026\/04\/10\/m-ould-errachid-elu-president-de-lassociation-des-senats-dafrique\/#breadcrumb"},"inLanguage":"fr-FR","potentialAction":[{"@type":"ReadAction","target":["https:\/\/dpress.ma\/fr\/2026\/04\/10\/m-ould-errachid-elu-president-de-lassociation-des-senats-dafrique\/"]}]},{"@type":"ImageObject","inLanguage":"fr-FR","@id":"https:\/\/dpress.ma\/fr\/2026\/04\/10\/m-ould-errachid-elu-president-de-lassociation-des-senats-dafrique\/#primaryimage","url":"https:\/\/dpress.ma\/fr\/wp-content\/uploads\/sites\/2\/2026\/04\/371.jpg","contentUrl":"https:\/\/dpress.ma\/fr\/wp-content\/uploads\/sites\/2\/2026\/04\/371.jpg","width":2539,"height":1594},{"@type":"BreadcrumbList","@id":"https:\/\/dpress.ma\/fr\/2026\/04\/10\/m-ould-errachid-elu-president-de-lassociation-des-senats-dafrique\/#breadcrumb","itemListElement":[{"@type":"ListItem","position":1,"name":"Home","item":"https:\/\/dpress.ma\/fr\/"},{"@type":"ListItem","position":2,"name":"M. Ould Errachid \u00e9lu pr\u00e9sident de l\u2019Association des S\u00e9nats d\u2019Afrique"}]},{"@type":"WebSite","@id":"https:\/\/dpress.ma\/fr\/#website","url":"https:\/\/dpress.ma\/fr\/","name":"Dpress.ma\/fr","description":"","potentialAction":[{"@type":"SearchAction","target":{"@type":"EntryPoint","urlTemplate":"https:\/\/dpress.ma\/fr\/?s={search_term_string}"},"query-input":{"@type":"PropertyValueSpecification","valueRequired":true,"valueName":"search_term_string"}}],"inLanguage":"fr-FR"},{"@type":"Person","@id":"https:\/\/dpress.ma\/fr\/#\/schema\/person\/4898febf3ccd59e6578d838656a306a0","name":"Dpress.ma","image":{"@type":"ImageObject","inLanguage":"fr-FR","@id":"https:\/\/secure.gravatar.com\/avatar\/72ecc30e9db047a2e0e7176561eb9d564ed77c8108376495b19bd8336405198a?s=96&d=mm&r=g","url":"https:\/\/secure.gravatar.com\/avatar\/72ecc30e9db047a2e0e7176561eb9d564ed77c8108376495b19bd8336405198a?s=96&d=mm&r=g","contentUrl":"https:\/\/secure.gravatar.com\/avatar\/72ecc30e9db047a2e0e7176561eb9d564ed77c8108376495b19bd8336405198a?s=96&d=mm&r=g","caption":"Dpress.ma"},"sameAs":["https:\/\/www.dpress.ma"],"url":"https:\/\/dpress.ma\/fr\/author\/dpress-ma\/"}]}},"amp_enabled":true,"_links":{"self":[{"href":"https:\/\/dpress.ma\/fr\/wp-json\/wp\/v2\/posts\/28102","targetHints":{"allow":["GET"]}}],"collection":[{"href":"https:\/\/dpress.ma\/fr\/wp-json\/wp\/v2\/posts"}],"about":[{"href":"https:\/\/dpress.ma\/fr\/wp-json\/wp\/v2\/types\/post"}],"author":[{"embeddable":true,"href":"https:\/\/dpress.ma\/fr\/wp-json\/wp\/v2\/users\/2"}],"replies":[{"embeddable":true,"href":"https:\/\/dpress.ma\/fr\/wp-json\/wp\/v2\/comments?post=28102"}],"version-history":[{"count":1,"href":"https:\/\/dpress.ma\/fr\/wp-json\/wp\/v2\/posts\/28102\/revisions"}],"predecessor-version":[{"id":28103,"href":"https:\/\/dpress.ma\/fr\/wp-json\/wp\/v2\/posts\/28102\/revisions\/28103"}],"wp:featuredmedia":[{"embeddable":true,"href":"https:\/\/dpress.ma\/fr\/wp-json\/wp\/v2\/media\/27962"}],"wp:attachment":[{"href":"https:\/\/dpress.ma\/fr\/wp-json\/wp\/v2\/media?parent=28102"}],"wp:term":[{"taxonomy":"category","embeddable":true,"href":"https:\/\/dpress.ma\/fr\/wp-json\/wp\/v2\/categories?post=28102"},{"taxonomy":"post_tag","embeddable":true,"href":"https:\/\/dpress.ma\/fr\/wp-json\/wp\/v2\/tags?post=28102"}],"curies":[{"name":"wp","href":"https:\/\/api.w.org\/{rel}","templated":true}]}}