{"id":28089,"date":"2026-04-09T17:11:11","date_gmt":"2026-04-09T17:11:11","guid":{"rendered":"https:\/\/dpress.ma\/fr\/?p=28089"},"modified":"2026-04-09T17:11:13","modified_gmt":"2026-04-09T17:11:13","slug":"migration-legale-lancement-a-rabat-de-projets-thamm-equipe-france-et-prim2","status":"publish","type":"post","link":"https:\/\/dpress.ma\/fr\/2026\/04\/09\/migration-legale-lancement-a-rabat-de-projets-thamm-equipe-france-et-prim2\/","title":{"rendered":"Migration l\u00e9gale : Lancement \u00e0 Rabat de projets THAMM+ \u00c9quipe France et PRIM2"},"content":{"rendered":"\n<p>Dpress<\/p>\n\n\n\n<p>Deux projets baptis\u00e9s \u201cTHAMM+ \u00e9quipe France\u201d et le Programme r\u00e9gional des initiatives de la migration dans sa deuxi\u00e8me phase \u201cPRIM2\u201d, portant sur la migration l\u00e9gale, circulaire et vectrice de d\u00e9veloppement, ont \u00e9t\u00e9 lanc\u00e9s, jeudi \u00e0 Rabat, dans l\u2019objectif de promouvoir une mobilit\u00e9 de travail l\u00e9gale, durable et mutuellement b\u00e9n\u00e9fique entre le Maroc et la France.<\/p>\n\n\n\n<p>Lanc\u00e9s par l\u2019Union europ\u00e9enne (UE), la France et le Maroc, le premier projet \u201cTHAMM+ \u00c9quipe France\u201d vise \u00e0 structurer des parcours de mobilit\u00e9 professionnelle s\u00e9curis\u00e9s entre le Maroc et la France, alors que le deuxi\u00e8me projet \u201cPRIM2\u201d permet l\u2019ancrage des politiques migratoires dans les territoires.<\/p>\n\n\n\n<p>Cette initiative, qui s\u2019inscrit dans l\u2019approche \u201c\u00c9quipe Europe\u201d port\u00e9e conjointement par l\u2019UE et la France, entend promouvoir une vision commune de la migration comme levier de d\u00e9veloppement \u00e9conomique, social et humain tout en incarnant une vision commune selon laquelle derri\u00e8re chaque migration il y a une opportunit\u00e9 \u00e0 saisir pour les individus, pour le Maroc et pour l\u2019Europe.<\/p>\n\n\n\n<p>La c\u00e9r\u00e9monie de lancement s\u2019est d\u00e9roul\u00e9e en pr\u00e9sence du ministre de l\u2019Inclusion \u00e9conomique, de la Petite entreprise, de l\u2019Emploi et des Comp\u00e9tences, Younes Sekkouri, de l\u2019ambassadeur de l\u2019UE au Maroc, Dimiter Tzantchev, de l\u2019ambassadeur de France au Maroc, Christophe Lecourtier et de la directrice g\u00e9n\u00e9rale adjointe d\u2019Expertise France, Cassilde Breni\u00e8re.<\/p>\n\n\n\n<p>S\u2019exprimant \u00e0 cette occasion, M. Sekkouri a affirm\u00e9 que ces deux initiatives, compl\u00e9mentaires et convergentes, conjuguent la structuration de la mobilit\u00e9 professionnelle et le renforcement de l\u2019inclusion des populations migrantes, traduisant ainsi une vision commune fond\u00e9e sur la responsabilit\u00e9 partag\u00e9e, la solidarit\u00e9 et la promotion du d\u00e9veloppement \u00e9conomique b\u00e9n\u00e9fique.<\/p>\n\n\n\n<p>Il s\u2019agit d\u2019une collaboration exemplaire qui vise \u00e0 s\u00e9curiser les parcours de tous ceux qui cherchent \u00e0 d\u00e9velopper une exp\u00e9rience \u00e0 l\u2019international dans le cadre de la mobilit\u00e9 professionnelle, a-t-il soulign\u00e9, mettant en avant l\u2019engagement du Maroc dans la coop\u00e9ration avec l\u2019UE en faveur d\u2019une migration ordonn\u00e9e, r\u00e9guli\u00e8re et l\u00e9gale.<\/p>\n\n\n\n<p>Pour sa part, M. Tzantchev a indiqu\u00e9 que ces projets constituent l\u2019affirmation d\u2019un mod\u00e8le t\u00e9moignant que \u201cl\u2019Union europ\u00e9enne, la France et le Maroc, quand ils agissent ensemble avec coh\u00e9rence, ambition et des moyens \u00e0 la hauteur, produisent des r\u00e9sultats concrets\u201d.<\/p>\n\n\n\n<p>Cette initiative s\u2019inscrit dans le cadre du partenariat strat\u00e9gique entre le Maroc et l\u2019UE en mati\u00e8re de migration, fond\u00e9 sur la responsabilit\u00e9 partag\u00e9e, la protection des droits et le d\u00e9veloppement de voies de migration s\u00fbres et r\u00e9guli\u00e8res, a relev\u00e9 le diplomate europ\u00e9en.<\/p>\n\n\n\n<p>\u201cTHAMM+\u00c9quipe France est l\u2019illustration concr\u00e8te du Partenariat des Talents : cr\u00e9er de la valeur pour les individus, pour le Maroc et pour l\u2019Europe. L\u2019UE s\u2019engage \u00e0 ce que la migration soit un pont entre nos soci\u00e9t\u00e9s- l\u00e9gale, s\u00fbre et mutuellement b\u00e9n\u00e9fique\u201d, a-t-il dit.<\/p>\n\n\n\n<p>De son c\u00f4t\u00e9, M. Lecourtier a fait savoir que les deux projets interviennent dans la continuit\u00e9 de la Strat\u00e9gie nationale d\u2019immigration et d\u2019asile adopt\u00e9e par le Maroc sous l\u2019impulsion de Sa Majest\u00e9 le Roi Mohammed VI, et qui fait du Royaume un mod\u00e8le pour beaucoup de ses partenaires internationaux.<\/p>\n\n\n\n<p>\u201cNotre coop\u00e9ration migratoire se renouvelle avec ambition : faire de la mobilit\u00e9 un triple avantage aussi bien pour les individus et le Maroc que pour la France. \u2018THAMM+\u00c9quipe France\u2019 concr\u00e9tise cette vision d\u2019une migration positive et structur\u00e9e, h\u00e9riti\u00e8re de d\u00e9cennies de partenariat franco-marocain\u201d, a-t-il poursuivi.<\/p>\n\n\n\n<p>Mme. Breni\u00e8re, a quant \u00e0 elle, indiqu\u00e9 que \u201cPRIM2\u201d, r\u00e9alis\u00e9 en partenariat avec les r\u00e9gions du Souss-Massa et de l\u2019Oriental, accompagne le processus de r\u00e9gionalisation de la politique migratoire, avec pour but d\u2019accompagner les acteurs r\u00e9gionaux pour l\u2019appropriation et la mise en ouvre au niveau local des politiques migratoires adopt\u00e9es par le Maroc.<\/p>\n\n\n\n<p>Pour ce qui est de THAMM+, inscrit dans l\u2019initiative Partenariat des Talents de l\u2019UE, il offre l\u2019opportunit\u00e9 de cr\u00e9er des parcours structur\u00e9s dans les secteurs de l\u2019agriculture et de l\u2019h\u00f4tellerie restauration, en couvrant l\u2019ensemble du cycle migratoire, pr\u00e9-d\u00e9part, mobilit\u00e9 et retour avec une attention constante accord\u00e9e aux droits des travailleurs, a-t-elle expliqu\u00e9.<\/p>\n\n\n\n<p>Le lancement conjoint de ces deux projets illustre la compl\u00e9mentarit\u00e9 des approches mises en \u0153uvre dans le cadre de la coop\u00e9ration migratoire entre le Maroc, la France et l\u2019UE, en combinant la structuration du parcours de mobilit\u00e9 professionnelle et la promotion de politiques territoriales inclusives.<\/p>\n","protected":false},"excerpt":{"rendered":"<p>Dpress Deux projets baptis\u00e9s \u201cTHAMM+ \u00e9quipe France\u201d et le Programme r\u00e9gional des initiatives de la migration dans sa deuxi\u00e8me phase \u201cPRIM2\u201d, portant sur la migration l\u00e9gale, circulaire et vectrice de d\u00e9veloppement, ont \u00e9t\u00e9 lanc\u00e9s, jeudi \u00e0 Rabat, dans l\u2019objectif de promouvoir une mobilit\u00e9 de travail l\u00e9gale, durable et mutuellement b\u00e9n\u00e9fique entre le Maroc et la &hellip;<\/p>\n","protected":false},"author":2,"featured_media":28090,"comment_status":"open","ping_status":"open","sticky":false,"template":"","format":"standard","meta":{"footnotes":""},"categories":[25],"tags":[],"class_list":["post-28089","post","type-post","status-publish","format-standard","has-post-thumbnail","hentry","category-economie"],"yoast_head":"<!-- This site is optimized with the Yoast SEO plugin v27.5 - https:\/\/yoast.com\/product\/yoast-seo-wordpress\/ -->\n<title>Migration l\u00e9gale : Lancement \u00e0 Rabat de projets THAMM+ \u00c9quipe France et PRIM2 - Dpress.ma\/fr<\/title>\n<meta name=\"robots\" content=\"index, follow, max-snippet:-1, max-image-preview:large, max-video-preview:-1\" \/>\n<link rel=\"canonical\" href=\"https:\/\/dpress.ma\/fr\/2026\/04\/09\/migration-legale-lancement-a-rabat-de-projets-thamm-equipe-france-et-prim2\/\" \/>\n<meta property=\"og:locale\" content=\"fr_FR\" \/>\n<meta property=\"og:type\" content=\"article\" \/>\n<meta property=\"og:title\" content=\"Migration l\u00e9gale : Lancement \u00e0 Rabat de projets THAMM+ \u00c9quipe France et PRIM2 - Dpress.ma\/fr\" \/>\n<meta property=\"og:description\" content=\"Dpress Deux projets baptis\u00e9s \u201cTHAMM+ \u00e9quipe France\u201d et le Programme r\u00e9gional des initiatives de la migration dans sa deuxi\u00e8me phase \u201cPRIM2\u201d, portant sur la migration l\u00e9gale, circulaire et vectrice de d\u00e9veloppement, ont \u00e9t\u00e9 lanc\u00e9s, jeudi \u00e0 Rabat, dans l\u2019objectif de promouvoir une mobilit\u00e9 de travail l\u00e9gale, durable et mutuellement b\u00e9n\u00e9fique entre le Maroc et la &hellip;\" \/>\n<meta property=\"og:url\" content=\"https:\/\/dpress.ma\/fr\/2026\/04\/09\/migration-legale-lancement-a-rabat-de-projets-thamm-equipe-france-et-prim2\/\" \/>\n<meta property=\"og:site_name\" content=\"Dpress.ma\/fr\" \/>\n<meta property=\"article:published_time\" content=\"2026-04-09T17:11:11+00:00\" \/>\n<meta property=\"article:modified_time\" content=\"2026-04-09T17:11:13+00:00\" \/>\n<meta property=\"og:image\" content=\"https:\/\/dpress.ma\/fr\/wp-content\/uploads\/sites\/2\/2026\/04\/53-5.jpg\" \/>\n\t<meta property=\"og:image:width\" content=\"2539\" \/>\n\t<meta property=\"og:image:height\" content=\"1594\" \/>\n\t<meta property=\"og:image:type\" content=\"image\/jpeg\" \/>\n<meta name=\"author\" content=\"Dpress.ma\" \/>\n<meta name=\"twitter:card\" content=\"summary_large_image\" \/>\n<meta name=\"twitter:label1\" content=\"\u00c9crit par\" \/>\n\t<meta name=\"twitter:data1\" content=\"Dpress.ma\" \/>\n\t<meta name=\"twitter:label2\" content=\"Dur\u00e9e de lecture estim\u00e9e\" \/>\n\t<meta name=\"twitter:data2\" content=\"4 minutes\" \/>\n<script type=\"application\/ld+json\" class=\"yoast-schema-graph\">{\"@context\":\"https:\\\/\\\/schema.org\",\"@graph\":[{\"@type\":\"Article\",\"@id\":\"https:\\\/\\\/dpress.ma\\\/fr\\\/2026\\\/04\\\/09\\\/migration-legale-lancement-a-rabat-de-projets-thamm-equipe-france-et-prim2\\\/#article\",\"isPartOf\":{\"@id\":\"https:\\\/\\\/dpress.ma\\\/fr\\\/2026\\\/04\\\/09\\\/migration-legale-lancement-a-rabat-de-projets-thamm-equipe-france-et-prim2\\\/\"},\"author\":{\"name\":\"Dpress.ma\",\"@id\":\"https:\\\/\\\/dpress.ma\\\/fr\\\/#\\\/schema\\\/person\\\/4898febf3ccd59e6578d838656a306a0\"},\"headline\":\"Migration l\u00e9gale : Lancement \u00e0 Rabat de projets THAMM+ \u00c9quipe France et PRIM2\",\"datePublished\":\"2026-04-09T17:11:11+00:00\",\"dateModified\":\"2026-04-09T17:11:13+00:00\",\"mainEntityOfPage\":{\"@id\":\"https:\\\/\\\/dpress.ma\\\/fr\\\/2026\\\/04\\\/09\\\/migration-legale-lancement-a-rabat-de-projets-thamm-equipe-france-et-prim2\\\/\"},\"wordCount\":809,\"commentCount\":0,\"image\":{\"@id\":\"https:\\\/\\\/dpress.ma\\\/fr\\\/2026\\\/04\\\/09\\\/migration-legale-lancement-a-rabat-de-projets-thamm-equipe-france-et-prim2\\\/#primaryimage\"},\"thumbnailUrl\":\"https:\\\/\\\/dpress.ma\\\/fr\\\/wp-content\\\/uploads\\\/sites\\\/2\\\/2026\\\/04\\\/53-5.jpg\",\"articleSection\":[\"\u00c9conomie\"],\"inLanguage\":\"fr-FR\",\"potentialAction\":[{\"@type\":\"CommentAction\",\"name\":\"Comment\",\"target\":[\"https:\\\/\\\/dpress.ma\\\/fr\\\/2026\\\/04\\\/09\\\/migration-legale-lancement-a-rabat-de-projets-thamm-equipe-france-et-prim2\\\/#respond\"]}]},{\"@type\":\"WebPage\",\"@id\":\"https:\\\/\\\/dpress.ma\\\/fr\\\/2026\\\/04\\\/09\\\/migration-legale-lancement-a-rabat-de-projets-thamm-equipe-france-et-prim2\\\/\",\"url\":\"https:\\\/\\\/dpress.ma\\\/fr\\\/2026\\\/04\\\/09\\\/migration-legale-lancement-a-rabat-de-projets-thamm-equipe-france-et-prim2\\\/\",\"name\":\"Migration l\u00e9gale : Lancement \u00e0 Rabat de projets THAMM+ \u00c9quipe France et PRIM2 - Dpress.ma\\\/fr\",\"isPartOf\":{\"@id\":\"https:\\\/\\\/dpress.ma\\\/fr\\\/#website\"},\"primaryImageOfPage\":{\"@id\":\"https:\\\/\\\/dpress.ma\\\/fr\\\/2026\\\/04\\\/09\\\/migration-legale-lancement-a-rabat-de-projets-thamm-equipe-france-et-prim2\\\/#primaryimage\"},\"image\":{\"@id\":\"https:\\\/\\\/dpress.ma\\\/fr\\\/2026\\\/04\\\/09\\\/migration-legale-lancement-a-rabat-de-projets-thamm-equipe-france-et-prim2\\\/#primaryimage\"},\"thumbnailUrl\":\"https:\\\/\\\/dpress.ma\\\/fr\\\/wp-content\\\/uploads\\\/sites\\\/2\\\/2026\\\/04\\\/53-5.jpg\",\"datePublished\":\"2026-04-09T17:11:11+00:00\",\"dateModified\":\"2026-04-09T17:11:13+00:00\",\"author\":{\"@id\":\"https:\\\/\\\/dpress.ma\\\/fr\\\/#\\\/schema\\\/person\\\/4898febf3ccd59e6578d838656a306a0\"},\"breadcrumb\":{\"@id\":\"https:\\\/\\\/dpress.ma\\\/fr\\\/2026\\\/04\\\/09\\\/migration-legale-lancement-a-rabat-de-projets-thamm-equipe-france-et-prim2\\\/#breadcrumb\"},\"inLanguage\":\"fr-FR\",\"potentialAction\":[{\"@type\":\"ReadAction\",\"target\":[\"https:\\\/\\\/dpress.ma\\\/fr\\\/2026\\\/04\\\/09\\\/migration-legale-lancement-a-rabat-de-projets-thamm-equipe-france-et-prim2\\\/\"]}]},{\"@type\":\"ImageObject\",\"inLanguage\":\"fr-FR\",\"@id\":\"https:\\\/\\\/dpress.ma\\\/fr\\\/2026\\\/04\\\/09\\\/migration-legale-lancement-a-rabat-de-projets-thamm-equipe-france-et-prim2\\\/#primaryimage\",\"url\":\"https:\\\/\\\/dpress.ma\\\/fr\\\/wp-content\\\/uploads\\\/sites\\\/2\\\/2026\\\/04\\\/53-5.jpg\",\"contentUrl\":\"https:\\\/\\\/dpress.ma\\\/fr\\\/wp-content\\\/uploads\\\/sites\\\/2\\\/2026\\\/04\\\/53-5.jpg\",\"width\":2539,\"height\":1594},{\"@type\":\"BreadcrumbList\",\"@id\":\"https:\\\/\\\/dpress.ma\\\/fr\\\/2026\\\/04\\\/09\\\/migration-legale-lancement-a-rabat-de-projets-thamm-equipe-france-et-prim2\\\/#breadcrumb\",\"itemListElement\":[{\"@type\":\"ListItem\",\"position\":1,\"name\":\"Home\",\"item\":\"https:\\\/\\\/dpress.ma\\\/fr\\\/\"},{\"@type\":\"ListItem\",\"position\":2,\"name\":\"Migration l\u00e9gale : Lancement \u00e0 Rabat de projets THAMM+ \u00c9quipe France et PRIM2\"}]},{\"@type\":\"WebSite\",\"@id\":\"https:\\\/\\\/dpress.ma\\\/fr\\\/#website\",\"url\":\"https:\\\/\\\/dpress.ma\\\/fr\\\/\",\"name\":\"Dpress.ma\\\/fr\",\"description\":\"\",\"potentialAction\":[{\"@type\":\"SearchAction\",\"target\":{\"@type\":\"EntryPoint\",\"urlTemplate\":\"https:\\\/\\\/dpress.ma\\\/fr\\\/?s={search_term_string}\"},\"query-input\":{\"@type\":\"PropertyValueSpecification\",\"valueRequired\":true,\"valueName\":\"search_term_string\"}}],\"inLanguage\":\"fr-FR\"},{\"@type\":\"Person\",\"@id\":\"https:\\\/\\\/dpress.ma\\\/fr\\\/#\\\/schema\\\/person\\\/4898febf3ccd59e6578d838656a306a0\",\"name\":\"Dpress.ma\",\"image\":{\"@type\":\"ImageObject\",\"inLanguage\":\"fr-FR\",\"@id\":\"https:\\\/\\\/secure.gravatar.com\\\/avatar\\\/72ecc30e9db047a2e0e7176561eb9d564ed77c8108376495b19bd8336405198a?s=96&d=mm&r=g\",\"url\":\"https:\\\/\\\/secure.gravatar.com\\\/avatar\\\/72ecc30e9db047a2e0e7176561eb9d564ed77c8108376495b19bd8336405198a?s=96&d=mm&r=g\",\"contentUrl\":\"https:\\\/\\\/secure.gravatar.com\\\/avatar\\\/72ecc30e9db047a2e0e7176561eb9d564ed77c8108376495b19bd8336405198a?s=96&d=mm&r=g\",\"caption\":\"Dpress.ma\"},\"sameAs\":[\"https:\\\/\\\/www.dpress.ma\"],\"url\":\"https:\\\/\\\/dpress.ma\\\/fr\\\/author\\\/dpress-ma\\\/\"}]}<\/script>\n<!-- \/ Yoast SEO plugin. -->","yoast_head_json":{"title":"Migration l\u00e9gale : Lancement \u00e0 Rabat de projets THAMM+ \u00c9quipe France et PRIM2 - Dpress.ma\/fr","robots":{"index":"index","follow":"follow","max-snippet":"max-snippet:-1","max-image-preview":"max-image-preview:large","max-video-preview":"max-video-preview:-1"},"canonical":"https:\/\/dpress.ma\/fr\/2026\/04\/09\/migration-legale-lancement-a-rabat-de-projets-thamm-equipe-france-et-prim2\/","og_locale":"fr_FR","og_type":"article","og_title":"Migration l\u00e9gale : Lancement \u00e0 Rabat de projets THAMM+ \u00c9quipe France et PRIM2 - Dpress.ma\/fr","og_description":"Dpress Deux projets baptis\u00e9s \u201cTHAMM+ \u00e9quipe France\u201d et le Programme r\u00e9gional des initiatives de la migration dans sa deuxi\u00e8me phase \u201cPRIM2\u201d, portant sur la migration l\u00e9gale, circulaire et vectrice de d\u00e9veloppement, ont \u00e9t\u00e9 lanc\u00e9s, jeudi \u00e0 Rabat, dans l\u2019objectif de promouvoir une mobilit\u00e9 de travail l\u00e9gale, durable et mutuellement b\u00e9n\u00e9fique entre le Maroc et la &hellip;","og_url":"https:\/\/dpress.ma\/fr\/2026\/04\/09\/migration-legale-lancement-a-rabat-de-projets-thamm-equipe-france-et-prim2\/","og_site_name":"Dpress.ma\/fr","article_published_time":"2026-04-09T17:11:11+00:00","article_modified_time":"2026-04-09T17:11:13+00:00","og_image":[{"width":2539,"height":1594,"url":"https:\/\/dpress.ma\/fr\/wp-content\/uploads\/sites\/2\/2026\/04\/53-5.jpg","type":"image\/jpeg"}],"author":"Dpress.ma","twitter_card":"summary_large_image","twitter_misc":{"\u00c9crit par":"Dpress.ma","Dur\u00e9e de lecture estim\u00e9e":"4 minutes"},"schema":{"@context":"https:\/\/schema.org","@graph":[{"@type":"Article","@id":"https:\/\/dpress.ma\/fr\/2026\/04\/09\/migration-legale-lancement-a-rabat-de-projets-thamm-equipe-france-et-prim2\/#article","isPartOf":{"@id":"https:\/\/dpress.ma\/fr\/2026\/04\/09\/migration-legale-lancement-a-rabat-de-projets-thamm-equipe-france-et-prim2\/"},"author":{"name":"Dpress.ma","@id":"https:\/\/dpress.ma\/fr\/#\/schema\/person\/4898febf3ccd59e6578d838656a306a0"},"headline":"Migration l\u00e9gale : Lancement \u00e0 Rabat de projets THAMM+ \u00c9quipe France et PRIM2","datePublished":"2026-04-09T17:11:11+00:00","dateModified":"2026-04-09T17:11:13+00:00","mainEntityOfPage":{"@id":"https:\/\/dpress.ma\/fr\/2026\/04\/09\/migration-legale-lancement-a-rabat-de-projets-thamm-equipe-france-et-prim2\/"},"wordCount":809,"commentCount":0,"image":{"@id":"https:\/\/dpress.ma\/fr\/2026\/04\/09\/migration-legale-lancement-a-rabat-de-projets-thamm-equipe-france-et-prim2\/#primaryimage"},"thumbnailUrl":"https:\/\/dpress.ma\/fr\/wp-content\/uploads\/sites\/2\/2026\/04\/53-5.jpg","articleSection":["\u00c9conomie"],"inLanguage":"fr-FR","potentialAction":[{"@type":"CommentAction","name":"Comment","target":["https:\/\/dpress.ma\/fr\/2026\/04\/09\/migration-legale-lancement-a-rabat-de-projets-thamm-equipe-france-et-prim2\/#respond"]}]},{"@type":"WebPage","@id":"https:\/\/dpress.ma\/fr\/2026\/04\/09\/migration-legale-lancement-a-rabat-de-projets-thamm-equipe-france-et-prim2\/","url":"https:\/\/dpress.ma\/fr\/2026\/04\/09\/migration-legale-lancement-a-rabat-de-projets-thamm-equipe-france-et-prim2\/","name":"Migration l\u00e9gale : Lancement \u00e0 Rabat de projets THAMM+ \u00c9quipe France et PRIM2 - Dpress.ma\/fr","isPartOf":{"@id":"https:\/\/dpress.ma\/fr\/#website"},"primaryImageOfPage":{"@id":"https:\/\/dpress.ma\/fr\/2026\/04\/09\/migration-legale-lancement-a-rabat-de-projets-thamm-equipe-france-et-prim2\/#primaryimage"},"image":{"@id":"https:\/\/dpress.ma\/fr\/2026\/04\/09\/migration-legale-lancement-a-rabat-de-projets-thamm-equipe-france-et-prim2\/#primaryimage"},"thumbnailUrl":"https:\/\/dpress.ma\/fr\/wp-content\/uploads\/sites\/2\/2026\/04\/53-5.jpg","datePublished":"2026-04-09T17:11:11+00:00","dateModified":"2026-04-09T17:11:13+00:00","author":{"@id":"https:\/\/dpress.ma\/fr\/#\/schema\/person\/4898febf3ccd59e6578d838656a306a0"},"breadcrumb":{"@id":"https:\/\/dpress.ma\/fr\/2026\/04\/09\/migration-legale-lancement-a-rabat-de-projets-thamm-equipe-france-et-prim2\/#breadcrumb"},"inLanguage":"fr-FR","potentialAction":[{"@type":"ReadAction","target":["https:\/\/dpress.ma\/fr\/2026\/04\/09\/migration-legale-lancement-a-rabat-de-projets-thamm-equipe-france-et-prim2\/"]}]},{"@type":"ImageObject","inLanguage":"fr-FR","@id":"https:\/\/dpress.ma\/fr\/2026\/04\/09\/migration-legale-lancement-a-rabat-de-projets-thamm-equipe-france-et-prim2\/#primaryimage","url":"https:\/\/dpress.ma\/fr\/wp-content\/uploads\/sites\/2\/2026\/04\/53-5.jpg","contentUrl":"https:\/\/dpress.ma\/fr\/wp-content\/uploads\/sites\/2\/2026\/04\/53-5.jpg","width":2539,"height":1594},{"@type":"BreadcrumbList","@id":"https:\/\/dpress.ma\/fr\/2026\/04\/09\/migration-legale-lancement-a-rabat-de-projets-thamm-equipe-france-et-prim2\/#breadcrumb","itemListElement":[{"@type":"ListItem","position":1,"name":"Home","item":"https:\/\/dpress.ma\/fr\/"},{"@type":"ListItem","position":2,"name":"Migration l\u00e9gale : Lancement \u00e0 Rabat de projets THAMM+ \u00c9quipe France et PRIM2"}]},{"@type":"WebSite","@id":"https:\/\/dpress.ma\/fr\/#website","url":"https:\/\/dpress.ma\/fr\/","name":"Dpress.ma\/fr","description":"","potentialAction":[{"@type":"SearchAction","target":{"@type":"EntryPoint","urlTemplate":"https:\/\/dpress.ma\/fr\/?s={search_term_string}"},"query-input":{"@type":"PropertyValueSpecification","valueRequired":true,"valueName":"search_term_string"}}],"inLanguage":"fr-FR"},{"@type":"Person","@id":"https:\/\/dpress.ma\/fr\/#\/schema\/person\/4898febf3ccd59e6578d838656a306a0","name":"Dpress.ma","image":{"@type":"ImageObject","inLanguage":"fr-FR","@id":"https:\/\/secure.gravatar.com\/avatar\/72ecc30e9db047a2e0e7176561eb9d564ed77c8108376495b19bd8336405198a?s=96&d=mm&r=g","url":"https:\/\/secure.gravatar.com\/avatar\/72ecc30e9db047a2e0e7176561eb9d564ed77c8108376495b19bd8336405198a?s=96&d=mm&r=g","contentUrl":"https:\/\/secure.gravatar.com\/avatar\/72ecc30e9db047a2e0e7176561eb9d564ed77c8108376495b19bd8336405198a?s=96&d=mm&r=g","caption":"Dpress.ma"},"sameAs":["https:\/\/www.dpress.ma"],"url":"https:\/\/dpress.ma\/fr\/author\/dpress-ma\/"}]}},"amp_enabled":true,"_links":{"self":[{"href":"https:\/\/dpress.ma\/fr\/wp-json\/wp\/v2\/posts\/28089","targetHints":{"allow":["GET"]}}],"collection":[{"href":"https:\/\/dpress.ma\/fr\/wp-json\/wp\/v2\/posts"}],"about":[{"href":"https:\/\/dpress.ma\/fr\/wp-json\/wp\/v2\/types\/post"}],"author":[{"embeddable":true,"href":"https:\/\/dpress.ma\/fr\/wp-json\/wp\/v2\/users\/2"}],"replies":[{"embeddable":true,"href":"https:\/\/dpress.ma\/fr\/wp-json\/wp\/v2\/comments?post=28089"}],"version-history":[{"count":1,"href":"https:\/\/dpress.ma\/fr\/wp-json\/wp\/v2\/posts\/28089\/revisions"}],"predecessor-version":[{"id":28091,"href":"https:\/\/dpress.ma\/fr\/wp-json\/wp\/v2\/posts\/28089\/revisions\/28091"}],"wp:featuredmedia":[{"embeddable":true,"href":"https:\/\/dpress.ma\/fr\/wp-json\/wp\/v2\/media\/28090"}],"wp:attachment":[{"href":"https:\/\/dpress.ma\/fr\/wp-json\/wp\/v2\/media?parent=28089"}],"wp:term":[{"taxonomy":"category","embeddable":true,"href":"https:\/\/dpress.ma\/fr\/wp-json\/wp\/v2\/categories?post=28089"},{"taxonomy":"post_tag","embeddable":true,"href":"https:\/\/dpress.ma\/fr\/wp-json\/wp\/v2\/tags?post=28089"}],"curies":[{"name":"wp","href":"https:\/\/api.w.org\/{rel}","templated":true}]}}