{"id":28086,"date":"2026-04-09T17:09:13","date_gmt":"2026-04-09T17:09:13","guid":{"rendered":"https:\/\/dpress.ma\/fr\/?p=28086"},"modified":"2026-04-09T17:09:14","modified_gmt":"2026-04-09T17:09:14","slug":"maroc-portugal-entretiens-sur-le-renforcement-du-partenariat-dans-le-domaine-de-la-justice-et-la-promotion-de-la-securite-juridique-et-judiciaire","status":"publish","type":"post","link":"https:\/\/dpress.ma\/fr\/2026\/04\/09\/maroc-portugal-entretiens-sur-le-renforcement-du-partenariat-dans-le-domaine-de-la-justice-et-la-promotion-de-la-securite-juridique-et-judiciaire\/","title":{"rendered":"Maroc-Portugal: entretiens sur le renforcement du partenariat dans le domaine de la justice et la promotion de la s\u00e9curit\u00e9 juridique et judiciaire"},"content":{"rendered":"\n<p>Dpress<\/p>\n\n\n\n<p>Le renforcement des relations de coop\u00e9ration entre le Maroc et le Portugal dans les domaines de la justice et de la consolidation de la s\u00e9curit\u00e9 juridique et judiciaire a \u00e9t\u00e9 au centre d\u2019entretiens, jeudi \u00e0 Rabat, entre le ministre de la Justice, Abdellatif Ouahbi, et son homologue portugaise, Rita Alarcao J\u00fadice, en visite de travail au Maroc.<\/p>\n\n\n\n<p>Cette rencontre a \u00e9t\u00e9 l\u2019occasion pour M. Ouahbi et Mme Alarcao J\u00fadice de discuter des moyens de d\u00e9velopper les m\u00e9canismes de coop\u00e9ration juridique et judiciaire entre les deux pays, de favoriser l\u2019\u00e9change des exp\u00e9riences et d\u2019explorer de nouvelles perspectives de partenariat dans les diff\u00e9rents domaines de la justice, y compris la coop\u00e9ration civile et p\u00e9nale, la gestion des affaires \u00e0 caract\u00e8re transfrontalier et le renforcement des m\u00e9canismes d\u2019entraide judiciaire.<\/p>\n\n\n\n<p>Les deux ministres ont aussi convenu de poursuivre l\u2019op\u00e9rationnalisation des m\u00e9canismes de coop\u00e9ration en cours, de renforcer la coordination institutionnelle et de lancer de nouvelles initiatives communes portant sur l\u2019organisation de rencontres r\u00e9guli\u00e8res entre les responsables et experts, l\u2019\u00e9change de visites, ainsi que l\u2019\u00e9laboration de plans d\u2019action communs et le d\u00e9veloppement des canaux de communication directe entre les institutions judiciaires des deux pays.<\/p>\n\n\n\n<p>Dans une d\u00e9claration \u00e0 la MAP, M. Ouahbi a indiqu\u00e9 que cette rencontre illustre la volont\u00e9 commune de hisser la coop\u00e9ration judiciaire entre le Maroc et le Portugal \u00e0 des niveaux plus avanc\u00e9s, par le d\u00e9veloppement des m\u00e9canismes de coordination et d\u2019\u00e9change des expertises, eu \u00e9gard aux d\u00e9fis croissants relatifs au crime transfrontalier, ajoutant que le renforcement de la s\u00e9curit\u00e9 juridique et judiciaire constitue un levier essentiel pour consolider la confiance dans la justice et garantir la protection des droits et des libert\u00e9s.<\/p>\n\n\n\n<p>A cet effet, le ministre a soulign\u00e9 l\u2019importance de poursuivre la modernisation du syst\u00e8me de la justice par l\u2019acc\u00e9l\u00e9ration de la transformation num\u00e9rique, la simplification des proc\u00e9dures, le d\u00e9veloppement des m\u00e9canismes de coop\u00e9ration internationale et l\u2019ex\u00e9cution efficace des d\u00e9cisions de justice, l\u2019objectif \u00e9tant d\u2019am\u00e9liorer les performances judiciaires et la qualit\u00e9 des services fournis aux usagers.<\/p>\n\n\n\n<p>Pour sa part, Mme Alarcao J\u00fadice a affirm\u00e9 que la coop\u00e9ration entre le Portugal et le Maroc dans le domaine judiciaire constitue un mod\u00e8le distingu\u00e9 de partenariat constructif fond\u00e9 sur la confiance et l\u2019\u00e9change des expertises, notant que le renforcement de la coordination entre les institutions judiciaires contribue \u00e0 soutenir les efforts communs en mati\u00e8re de lutte contre les diff\u00e9rents d\u00e9fis juridiques actuels.<\/p>\n\n\n\n<p>Elle a \u00e9galement fait part de l\u2019engagement de son pays \u00e0 poursuivre le soutien de cette dynamique positive \u00e0 travers l\u2019\u00e9change des bonnes pratiques et le renforcement de la coop\u00e9ration dans les domaines d\u2019int\u00e9r\u00eat commun, notamment en ce qui concerne la lutte contre le crime organis\u00e9, la modernisation de l\u2019administration judiciaire, le d\u00e9veloppement de la formation et de la qualification ainsi que la promotion de l\u2019utilisation des outils num\u00e9riques dans la gestion des structures judiciaires.<\/p>\n","protected":false},"excerpt":{"rendered":"<p>Dpress Le renforcement des relations de coop\u00e9ration entre le Maroc et le Portugal dans les domaines de la justice et de la consolidation de la s\u00e9curit\u00e9 juridique et judiciaire a \u00e9t\u00e9 au centre d\u2019entretiens, jeudi \u00e0 Rabat, entre le ministre de la Justice, Abdellatif Ouahbi, et son homologue portugaise, Rita Alarcao J\u00fadice, en visite de &hellip;<\/p>\n","protected":false},"author":2,"featured_media":28087,"comment_status":"open","ping_status":"open","sticky":false,"template":"","format":"standard","meta":{"footnotes":""},"categories":[33],"tags":[],"class_list":["post-28086","post","type-post","status-publish","format-standard","has-post-thumbnail","hentry","category-diplomatie-parallele"],"yoast_head":"<!-- This site is optimized with the Yoast SEO plugin v27.5 - https:\/\/yoast.com\/product\/yoast-seo-wordpress\/ -->\n<title>Maroc-Portugal: entretiens sur le renforcement du partenariat dans le domaine de la justice et la promotion de la s\u00e9curit\u00e9 juridique et judiciaire - Dpress.ma\/fr<\/title>\n<meta name=\"robots\" content=\"index, follow, max-snippet:-1, max-image-preview:large, max-video-preview:-1\" \/>\n<link rel=\"canonical\" href=\"https:\/\/dpress.ma\/fr\/2026\/04\/09\/maroc-portugal-entretiens-sur-le-renforcement-du-partenariat-dans-le-domaine-de-la-justice-et-la-promotion-de-la-securite-juridique-et-judiciaire\/\" \/>\n<meta property=\"og:locale\" content=\"fr_FR\" \/>\n<meta property=\"og:type\" content=\"article\" \/>\n<meta property=\"og:title\" content=\"Maroc-Portugal: entretiens sur le renforcement du partenariat dans le domaine de la justice et la promotion de la s\u00e9curit\u00e9 juridique et judiciaire - Dpress.ma\/fr\" \/>\n<meta property=\"og:description\" content=\"Dpress Le renforcement des relations de coop\u00e9ration entre le Maroc et le Portugal dans les domaines de la justice et de la consolidation de la s\u00e9curit\u00e9 juridique et judiciaire a \u00e9t\u00e9 au centre d\u2019entretiens, jeudi \u00e0 Rabat, entre le ministre de la Justice, Abdellatif Ouahbi, et son homologue portugaise, Rita Alarcao J\u00fadice, en visite de &hellip;\" \/>\n<meta property=\"og:url\" content=\"https:\/\/dpress.ma\/fr\/2026\/04\/09\/maroc-portugal-entretiens-sur-le-renforcement-du-partenariat-dans-le-domaine-de-la-justice-et-la-promotion-de-la-securite-juridique-et-judiciaire\/\" \/>\n<meta property=\"og:site_name\" content=\"Dpress.ma\/fr\" \/>\n<meta property=\"article:published_time\" content=\"2026-04-09T17:09:13+00:00\" \/>\n<meta property=\"article:modified_time\" content=\"2026-04-09T17:09:14+00:00\" \/>\n<meta property=\"og:image\" content=\"https:\/\/dpress.ma\/fr\/wp-content\/uploads\/sites\/2\/2026\/04\/52-7.jpg\" \/>\n\t<meta property=\"og:image:width\" content=\"2539\" \/>\n\t<meta property=\"og:image:height\" content=\"1594\" \/>\n\t<meta property=\"og:image:type\" content=\"image\/jpeg\" \/>\n<meta name=\"author\" content=\"Dpress.ma\" \/>\n<meta name=\"twitter:card\" content=\"summary_large_image\" \/>\n<meta name=\"twitter:label1\" content=\"\u00c9crit par\" \/>\n\t<meta name=\"twitter:data1\" content=\"Dpress.ma\" \/>\n\t<meta name=\"twitter:label2\" content=\"Dur\u00e9e de lecture estim\u00e9e\" \/>\n\t<meta name=\"twitter:data2\" content=\"3 minutes\" \/>\n<script type=\"application\/ld+json\" class=\"yoast-schema-graph\">{\"@context\":\"https:\\\/\\\/schema.org\",\"@graph\":[{\"@type\":\"Article\",\"@id\":\"https:\\\/\\\/dpress.ma\\\/fr\\\/2026\\\/04\\\/09\\\/maroc-portugal-entretiens-sur-le-renforcement-du-partenariat-dans-le-domaine-de-la-justice-et-la-promotion-de-la-securite-juridique-et-judiciaire\\\/#article\",\"isPartOf\":{\"@id\":\"https:\\\/\\\/dpress.ma\\\/fr\\\/2026\\\/04\\\/09\\\/maroc-portugal-entretiens-sur-le-renforcement-du-partenariat-dans-le-domaine-de-la-justice-et-la-promotion-de-la-securite-juridique-et-judiciaire\\\/\"},\"author\":{\"name\":\"Dpress.ma\",\"@id\":\"https:\\\/\\\/dpress.ma\\\/fr\\\/#\\\/schema\\\/person\\\/4898febf3ccd59e6578d838656a306a0\"},\"headline\":\"Maroc-Portugal: entretiens sur le renforcement du partenariat dans le domaine de la justice et la promotion de la s\u00e9curit\u00e9 juridique et judiciaire\",\"datePublished\":\"2026-04-09T17:09:13+00:00\",\"dateModified\":\"2026-04-09T17:09:14+00:00\",\"mainEntityOfPage\":{\"@id\":\"https:\\\/\\\/dpress.ma\\\/fr\\\/2026\\\/04\\\/09\\\/maroc-portugal-entretiens-sur-le-renforcement-du-partenariat-dans-le-domaine-de-la-justice-et-la-promotion-de-la-securite-juridique-et-judiciaire\\\/\"},\"wordCount\":553,\"commentCount\":0,\"image\":{\"@id\":\"https:\\\/\\\/dpress.ma\\\/fr\\\/2026\\\/04\\\/09\\\/maroc-portugal-entretiens-sur-le-renforcement-du-partenariat-dans-le-domaine-de-la-justice-et-la-promotion-de-la-securite-juridique-et-judiciaire\\\/#primaryimage\"},\"thumbnailUrl\":\"https:\\\/\\\/dpress.ma\\\/fr\\\/wp-content\\\/uploads\\\/sites\\\/2\\\/2026\\\/04\\\/52-7.jpg\",\"articleSection\":[\"Diplomatie Parall\u00e8le\"],\"inLanguage\":\"fr-FR\",\"potentialAction\":[{\"@type\":\"CommentAction\",\"name\":\"Comment\",\"target\":[\"https:\\\/\\\/dpress.ma\\\/fr\\\/2026\\\/04\\\/09\\\/maroc-portugal-entretiens-sur-le-renforcement-du-partenariat-dans-le-domaine-de-la-justice-et-la-promotion-de-la-securite-juridique-et-judiciaire\\\/#respond\"]}]},{\"@type\":\"WebPage\",\"@id\":\"https:\\\/\\\/dpress.ma\\\/fr\\\/2026\\\/04\\\/09\\\/maroc-portugal-entretiens-sur-le-renforcement-du-partenariat-dans-le-domaine-de-la-justice-et-la-promotion-de-la-securite-juridique-et-judiciaire\\\/\",\"url\":\"https:\\\/\\\/dpress.ma\\\/fr\\\/2026\\\/04\\\/09\\\/maroc-portugal-entretiens-sur-le-renforcement-du-partenariat-dans-le-domaine-de-la-justice-et-la-promotion-de-la-securite-juridique-et-judiciaire\\\/\",\"name\":\"Maroc-Portugal: entretiens sur le renforcement du partenariat dans le domaine de la justice et la promotion de la s\u00e9curit\u00e9 juridique et judiciaire - Dpress.ma\\\/fr\",\"isPartOf\":{\"@id\":\"https:\\\/\\\/dpress.ma\\\/fr\\\/#website\"},\"primaryImageOfPage\":{\"@id\":\"https:\\\/\\\/dpress.ma\\\/fr\\\/2026\\\/04\\\/09\\\/maroc-portugal-entretiens-sur-le-renforcement-du-partenariat-dans-le-domaine-de-la-justice-et-la-promotion-de-la-securite-juridique-et-judiciaire\\\/#primaryimage\"},\"image\":{\"@id\":\"https:\\\/\\\/dpress.ma\\\/fr\\\/2026\\\/04\\\/09\\\/maroc-portugal-entretiens-sur-le-renforcement-du-partenariat-dans-le-domaine-de-la-justice-et-la-promotion-de-la-securite-juridique-et-judiciaire\\\/#primaryimage\"},\"thumbnailUrl\":\"https:\\\/\\\/dpress.ma\\\/fr\\\/wp-content\\\/uploads\\\/sites\\\/2\\\/2026\\\/04\\\/52-7.jpg\",\"datePublished\":\"2026-04-09T17:09:13+00:00\",\"dateModified\":\"2026-04-09T17:09:14+00:00\",\"author\":{\"@id\":\"https:\\\/\\\/dpress.ma\\\/fr\\\/#\\\/schema\\\/person\\\/4898febf3ccd59e6578d838656a306a0\"},\"breadcrumb\":{\"@id\":\"https:\\\/\\\/dpress.ma\\\/fr\\\/2026\\\/04\\\/09\\\/maroc-portugal-entretiens-sur-le-renforcement-du-partenariat-dans-le-domaine-de-la-justice-et-la-promotion-de-la-securite-juridique-et-judiciaire\\\/#breadcrumb\"},\"inLanguage\":\"fr-FR\",\"potentialAction\":[{\"@type\":\"ReadAction\",\"target\":[\"https:\\\/\\\/dpress.ma\\\/fr\\\/2026\\\/04\\\/09\\\/maroc-portugal-entretiens-sur-le-renforcement-du-partenariat-dans-le-domaine-de-la-justice-et-la-promotion-de-la-securite-juridique-et-judiciaire\\\/\"]}]},{\"@type\":\"ImageObject\",\"inLanguage\":\"fr-FR\",\"@id\":\"https:\\\/\\\/dpress.ma\\\/fr\\\/2026\\\/04\\\/09\\\/maroc-portugal-entretiens-sur-le-renforcement-du-partenariat-dans-le-domaine-de-la-justice-et-la-promotion-de-la-securite-juridique-et-judiciaire\\\/#primaryimage\",\"url\":\"https:\\\/\\\/dpress.ma\\\/fr\\\/wp-content\\\/uploads\\\/sites\\\/2\\\/2026\\\/04\\\/52-7.jpg\",\"contentUrl\":\"https:\\\/\\\/dpress.ma\\\/fr\\\/wp-content\\\/uploads\\\/sites\\\/2\\\/2026\\\/04\\\/52-7.jpg\",\"width\":2539,\"height\":1594},{\"@type\":\"BreadcrumbList\",\"@id\":\"https:\\\/\\\/dpress.ma\\\/fr\\\/2026\\\/04\\\/09\\\/maroc-portugal-entretiens-sur-le-renforcement-du-partenariat-dans-le-domaine-de-la-justice-et-la-promotion-de-la-securite-juridique-et-judiciaire\\\/#breadcrumb\",\"itemListElement\":[{\"@type\":\"ListItem\",\"position\":1,\"name\":\"Home\",\"item\":\"https:\\\/\\\/dpress.ma\\\/fr\\\/\"},{\"@type\":\"ListItem\",\"position\":2,\"name\":\"Maroc-Portugal: entretiens sur le renforcement du partenariat dans le domaine de la justice et la promotion de la s\u00e9curit\u00e9 juridique et judiciaire\"}]},{\"@type\":\"WebSite\",\"@id\":\"https:\\\/\\\/dpress.ma\\\/fr\\\/#website\",\"url\":\"https:\\\/\\\/dpress.ma\\\/fr\\\/\",\"name\":\"Dpress.ma\\\/fr\",\"description\":\"\",\"potentialAction\":[{\"@type\":\"SearchAction\",\"target\":{\"@type\":\"EntryPoint\",\"urlTemplate\":\"https:\\\/\\\/dpress.ma\\\/fr\\\/?s={search_term_string}\"},\"query-input\":{\"@type\":\"PropertyValueSpecification\",\"valueRequired\":true,\"valueName\":\"search_term_string\"}}],\"inLanguage\":\"fr-FR\"},{\"@type\":\"Person\",\"@id\":\"https:\\\/\\\/dpress.ma\\\/fr\\\/#\\\/schema\\\/person\\\/4898febf3ccd59e6578d838656a306a0\",\"name\":\"Dpress.ma\",\"image\":{\"@type\":\"ImageObject\",\"inLanguage\":\"fr-FR\",\"@id\":\"https:\\\/\\\/secure.gravatar.com\\\/avatar\\\/72ecc30e9db047a2e0e7176561eb9d564ed77c8108376495b19bd8336405198a?s=96&d=mm&r=g\",\"url\":\"https:\\\/\\\/secure.gravatar.com\\\/avatar\\\/72ecc30e9db047a2e0e7176561eb9d564ed77c8108376495b19bd8336405198a?s=96&d=mm&r=g\",\"contentUrl\":\"https:\\\/\\\/secure.gravatar.com\\\/avatar\\\/72ecc30e9db047a2e0e7176561eb9d564ed77c8108376495b19bd8336405198a?s=96&d=mm&r=g\",\"caption\":\"Dpress.ma\"},\"sameAs\":[\"https:\\\/\\\/www.dpress.ma\"],\"url\":\"https:\\\/\\\/dpress.ma\\\/fr\\\/author\\\/dpress-ma\\\/\"}]}<\/script>\n<!-- \/ Yoast SEO plugin. -->","yoast_head_json":{"title":"Maroc-Portugal: entretiens sur le renforcement du partenariat dans le domaine de la justice et la promotion de la s\u00e9curit\u00e9 juridique et judiciaire - Dpress.ma\/fr","robots":{"index":"index","follow":"follow","max-snippet":"max-snippet:-1","max-image-preview":"max-image-preview:large","max-video-preview":"max-video-preview:-1"},"canonical":"https:\/\/dpress.ma\/fr\/2026\/04\/09\/maroc-portugal-entretiens-sur-le-renforcement-du-partenariat-dans-le-domaine-de-la-justice-et-la-promotion-de-la-securite-juridique-et-judiciaire\/","og_locale":"fr_FR","og_type":"article","og_title":"Maroc-Portugal: entretiens sur le renforcement du partenariat dans le domaine de la justice et la promotion de la s\u00e9curit\u00e9 juridique et judiciaire - Dpress.ma\/fr","og_description":"Dpress Le renforcement des relations de coop\u00e9ration entre le Maroc et le Portugal dans les domaines de la justice et de la consolidation de la s\u00e9curit\u00e9 juridique et judiciaire a \u00e9t\u00e9 au centre d\u2019entretiens, jeudi \u00e0 Rabat, entre le ministre de la Justice, Abdellatif Ouahbi, et son homologue portugaise, Rita Alarcao J\u00fadice, en visite de &hellip;","og_url":"https:\/\/dpress.ma\/fr\/2026\/04\/09\/maroc-portugal-entretiens-sur-le-renforcement-du-partenariat-dans-le-domaine-de-la-justice-et-la-promotion-de-la-securite-juridique-et-judiciaire\/","og_site_name":"Dpress.ma\/fr","article_published_time":"2026-04-09T17:09:13+00:00","article_modified_time":"2026-04-09T17:09:14+00:00","og_image":[{"width":2539,"height":1594,"url":"https:\/\/dpress.ma\/fr\/wp-content\/uploads\/sites\/2\/2026\/04\/52-7.jpg","type":"image\/jpeg"}],"author":"Dpress.ma","twitter_card":"summary_large_image","twitter_misc":{"\u00c9crit par":"Dpress.ma","Dur\u00e9e de lecture estim\u00e9e":"3 minutes"},"schema":{"@context":"https:\/\/schema.org","@graph":[{"@type":"Article","@id":"https:\/\/dpress.ma\/fr\/2026\/04\/09\/maroc-portugal-entretiens-sur-le-renforcement-du-partenariat-dans-le-domaine-de-la-justice-et-la-promotion-de-la-securite-juridique-et-judiciaire\/#article","isPartOf":{"@id":"https:\/\/dpress.ma\/fr\/2026\/04\/09\/maroc-portugal-entretiens-sur-le-renforcement-du-partenariat-dans-le-domaine-de-la-justice-et-la-promotion-de-la-securite-juridique-et-judiciaire\/"},"author":{"name":"Dpress.ma","@id":"https:\/\/dpress.ma\/fr\/#\/schema\/person\/4898febf3ccd59e6578d838656a306a0"},"headline":"Maroc-Portugal: entretiens sur le renforcement du partenariat dans le domaine de la justice et la promotion de la s\u00e9curit\u00e9 juridique et judiciaire","datePublished":"2026-04-09T17:09:13+00:00","dateModified":"2026-04-09T17:09:14+00:00","mainEntityOfPage":{"@id":"https:\/\/dpress.ma\/fr\/2026\/04\/09\/maroc-portugal-entretiens-sur-le-renforcement-du-partenariat-dans-le-domaine-de-la-justice-et-la-promotion-de-la-securite-juridique-et-judiciaire\/"},"wordCount":553,"commentCount":0,"image":{"@id":"https:\/\/dpress.ma\/fr\/2026\/04\/09\/maroc-portugal-entretiens-sur-le-renforcement-du-partenariat-dans-le-domaine-de-la-justice-et-la-promotion-de-la-securite-juridique-et-judiciaire\/#primaryimage"},"thumbnailUrl":"https:\/\/dpress.ma\/fr\/wp-content\/uploads\/sites\/2\/2026\/04\/52-7.jpg","articleSection":["Diplomatie Parall\u00e8le"],"inLanguage":"fr-FR","potentialAction":[{"@type":"CommentAction","name":"Comment","target":["https:\/\/dpress.ma\/fr\/2026\/04\/09\/maroc-portugal-entretiens-sur-le-renforcement-du-partenariat-dans-le-domaine-de-la-justice-et-la-promotion-de-la-securite-juridique-et-judiciaire\/#respond"]}]},{"@type":"WebPage","@id":"https:\/\/dpress.ma\/fr\/2026\/04\/09\/maroc-portugal-entretiens-sur-le-renforcement-du-partenariat-dans-le-domaine-de-la-justice-et-la-promotion-de-la-securite-juridique-et-judiciaire\/","url":"https:\/\/dpress.ma\/fr\/2026\/04\/09\/maroc-portugal-entretiens-sur-le-renforcement-du-partenariat-dans-le-domaine-de-la-justice-et-la-promotion-de-la-securite-juridique-et-judiciaire\/","name":"Maroc-Portugal: entretiens sur le renforcement du partenariat dans le domaine de la justice et la promotion de la s\u00e9curit\u00e9 juridique et judiciaire - Dpress.ma\/fr","isPartOf":{"@id":"https:\/\/dpress.ma\/fr\/#website"},"primaryImageOfPage":{"@id":"https:\/\/dpress.ma\/fr\/2026\/04\/09\/maroc-portugal-entretiens-sur-le-renforcement-du-partenariat-dans-le-domaine-de-la-justice-et-la-promotion-de-la-securite-juridique-et-judiciaire\/#primaryimage"},"image":{"@id":"https:\/\/dpress.ma\/fr\/2026\/04\/09\/maroc-portugal-entretiens-sur-le-renforcement-du-partenariat-dans-le-domaine-de-la-justice-et-la-promotion-de-la-securite-juridique-et-judiciaire\/#primaryimage"},"thumbnailUrl":"https:\/\/dpress.ma\/fr\/wp-content\/uploads\/sites\/2\/2026\/04\/52-7.jpg","datePublished":"2026-04-09T17:09:13+00:00","dateModified":"2026-04-09T17:09:14+00:00","author":{"@id":"https:\/\/dpress.ma\/fr\/#\/schema\/person\/4898febf3ccd59e6578d838656a306a0"},"breadcrumb":{"@id":"https:\/\/dpress.ma\/fr\/2026\/04\/09\/maroc-portugal-entretiens-sur-le-renforcement-du-partenariat-dans-le-domaine-de-la-justice-et-la-promotion-de-la-securite-juridique-et-judiciaire\/#breadcrumb"},"inLanguage":"fr-FR","potentialAction":[{"@type":"ReadAction","target":["https:\/\/dpress.ma\/fr\/2026\/04\/09\/maroc-portugal-entretiens-sur-le-renforcement-du-partenariat-dans-le-domaine-de-la-justice-et-la-promotion-de-la-securite-juridique-et-judiciaire\/"]}]},{"@type":"ImageObject","inLanguage":"fr-FR","@id":"https:\/\/dpress.ma\/fr\/2026\/04\/09\/maroc-portugal-entretiens-sur-le-renforcement-du-partenariat-dans-le-domaine-de-la-justice-et-la-promotion-de-la-securite-juridique-et-judiciaire\/#primaryimage","url":"https:\/\/dpress.ma\/fr\/wp-content\/uploads\/sites\/2\/2026\/04\/52-7.jpg","contentUrl":"https:\/\/dpress.ma\/fr\/wp-content\/uploads\/sites\/2\/2026\/04\/52-7.jpg","width":2539,"height":1594},{"@type":"BreadcrumbList","@id":"https:\/\/dpress.ma\/fr\/2026\/04\/09\/maroc-portugal-entretiens-sur-le-renforcement-du-partenariat-dans-le-domaine-de-la-justice-et-la-promotion-de-la-securite-juridique-et-judiciaire\/#breadcrumb","itemListElement":[{"@type":"ListItem","position":1,"name":"Home","item":"https:\/\/dpress.ma\/fr\/"},{"@type":"ListItem","position":2,"name":"Maroc-Portugal: entretiens sur le renforcement du partenariat dans le domaine de la justice et la promotion de la s\u00e9curit\u00e9 juridique et judiciaire"}]},{"@type":"WebSite","@id":"https:\/\/dpress.ma\/fr\/#website","url":"https:\/\/dpress.ma\/fr\/","name":"Dpress.ma\/fr","description":"","potentialAction":[{"@type":"SearchAction","target":{"@type":"EntryPoint","urlTemplate":"https:\/\/dpress.ma\/fr\/?s={search_term_string}"},"query-input":{"@type":"PropertyValueSpecification","valueRequired":true,"valueName":"search_term_string"}}],"inLanguage":"fr-FR"},{"@type":"Person","@id":"https:\/\/dpress.ma\/fr\/#\/schema\/person\/4898febf3ccd59e6578d838656a306a0","name":"Dpress.ma","image":{"@type":"ImageObject","inLanguage":"fr-FR","@id":"https:\/\/secure.gravatar.com\/avatar\/72ecc30e9db047a2e0e7176561eb9d564ed77c8108376495b19bd8336405198a?s=96&d=mm&r=g","url":"https:\/\/secure.gravatar.com\/avatar\/72ecc30e9db047a2e0e7176561eb9d564ed77c8108376495b19bd8336405198a?s=96&d=mm&r=g","contentUrl":"https:\/\/secure.gravatar.com\/avatar\/72ecc30e9db047a2e0e7176561eb9d564ed77c8108376495b19bd8336405198a?s=96&d=mm&r=g","caption":"Dpress.ma"},"sameAs":["https:\/\/www.dpress.ma"],"url":"https:\/\/dpress.ma\/fr\/author\/dpress-ma\/"}]}},"amp_enabled":true,"_links":{"self":[{"href":"https:\/\/dpress.ma\/fr\/wp-json\/wp\/v2\/posts\/28086","targetHints":{"allow":["GET"]}}],"collection":[{"href":"https:\/\/dpress.ma\/fr\/wp-json\/wp\/v2\/posts"}],"about":[{"href":"https:\/\/dpress.ma\/fr\/wp-json\/wp\/v2\/types\/post"}],"author":[{"embeddable":true,"href":"https:\/\/dpress.ma\/fr\/wp-json\/wp\/v2\/users\/2"}],"replies":[{"embeddable":true,"href":"https:\/\/dpress.ma\/fr\/wp-json\/wp\/v2\/comments?post=28086"}],"version-history":[{"count":1,"href":"https:\/\/dpress.ma\/fr\/wp-json\/wp\/v2\/posts\/28086\/revisions"}],"predecessor-version":[{"id":28088,"href":"https:\/\/dpress.ma\/fr\/wp-json\/wp\/v2\/posts\/28086\/revisions\/28088"}],"wp:featuredmedia":[{"embeddable":true,"href":"https:\/\/dpress.ma\/fr\/wp-json\/wp\/v2\/media\/28087"}],"wp:attachment":[{"href":"https:\/\/dpress.ma\/fr\/wp-json\/wp\/v2\/media?parent=28086"}],"wp:term":[{"taxonomy":"category","embeddable":true,"href":"https:\/\/dpress.ma\/fr\/wp-json\/wp\/v2\/categories?post=28086"},{"taxonomy":"post_tag","embeddable":true,"href":"https:\/\/dpress.ma\/fr\/wp-json\/wp\/v2\/tags?post=28086"}],"curies":[{"name":"wp","href":"https:\/\/api.w.org\/{rel}","templated":true}]}}