{"id":28084,"date":"2026-04-09T17:07:06","date_gmt":"2026-04-09T17:07:06","guid":{"rendered":"https:\/\/dpress.ma\/fr\/?p=28084"},"modified":"2026-04-09T17:07:08","modified_gmt":"2026-04-09T17:07:08","slug":"lancement-a-casablanca-de-mh-first-une-plateforme-dediee-a-la-promotion-de-la-sante-mentale-en-milieu-professionnel","status":"publish","type":"post","link":"https:\/\/dpress.ma\/fr\/2026\/04\/09\/lancement-a-casablanca-de-mh-first-une-plateforme-dediee-a-la-promotion-de-la-sante-mentale-en-milieu-professionnel\/","title":{"rendered":"Lancement \u00e0 Casablanca de \u201cMH First\u201d, une plateforme d\u00e9di\u00e9e \u00e0 la promotion de la sant\u00e9 mentale en milieu professionnel"},"content":{"rendered":"\n<p>Dpress<\/p>\n\n\n\n<p>La plateforme \u201cMental Health First\u201d (MH First), d\u00e9di\u00e9e \u00e0 la promotion de la sant\u00e9 mentale en milieu professionnel, a \u00e9t\u00e9 lanc\u00e9e, jeudi \u00e0 Casablanca, lors d\u2019une conf\u00e9rence sous le th\u00e8me \u201cAnticiper plut\u00f4t que r\u00e9agir : Transformer la sant\u00e9 mentale en levier de performance durable\u201d<\/p>\n\n\n\n<p>Organis\u00e9e en partenariat avec l\u2019\u00c9cole de Management ESCA, cette rencontre, marquant la deuxi\u00e8me \u00e9tape du lancement de la plateforme MH First au Maroc, s\u2019inscrit dans une dynamique visant \u00e0 positionner la sant\u00e9 mentale comme un levier strat\u00e9gique de performance durable au sein des organisations.<\/p>\n\n\n\n<p>R\u00e9unissant dirigeants, DRH, professionnels de sant\u00e9, acteurs du sport et universitaires, la conf\u00e9rence a mis en lumi\u00e8re l\u2019importance d\u2019une approche pr\u00e9ventive et fond\u00e9e sur la donn\u00e9e face aux transformations du monde du travail.<\/p>\n\n\n\n<p>Initi\u00e9e en Belgique par Seen-Apps, Human Orga et WingedProw Advisory, et adapt\u00e9e au Maroc avec l\u2019accompagnement de SNM Consulting, la plateforme MH First ambitionne de structurer un \u00e9cosyst\u00e8me national d\u00e9di\u00e9 \u00e0 la pr\u00e9vention en sant\u00e9 mentale, en s\u2019appuyant sur une approche collaborative et fond\u00e9e sur la donn\u00e9e.<\/p>\n\n\n\n<p>S\u2019exprimant \u00e0 cette occasion, le directeur des Relations Institutionnelles et du Capital Humain \u00e0 l\u2019Ecole de Management ESCA, Abdellatif Komat, a affirm\u00e9 que la sant\u00e9 mentale s\u2019impose aujourd\u2019hui comme un enjeu strat\u00e9gique pour les organisations, appelant \u00e0 son int\u00e9gration au c\u0153ur des politiques manag\u00e9riales et des pratiques de gouvernance.<\/p>\n\n\n\n<p>M. Komat a soulign\u00e9 que les institutions acad\u00e9miques et les \u00e9coles de management ont un r\u00f4le cl\u00e9 \u00e0 jouer dans la formation de leaders capables d\u2019int\u00e9grer pleinement la dimension humaine dans la performance globale.<\/p>\n\n\n\n<p>Il a, dans ce sens, mis en avant la n\u00e9cessit\u00e9 de repenser les mod\u00e8les de management en y int\u00e9grant davantage les enjeux li\u00e9s au bien-\u00eatre, \u00e0 l\u2019engagement et \u00e0 la r\u00e9silience des collaborateurs, consid\u00e9rant que la performance durable repose d\u00e9sormais sur un \u00e9quilibre entre efficacit\u00e9 \u00e9conomique et sant\u00e9 psychologique.<\/p>\n\n\n\n<p>Dans son intervention lors de cette conf\u00e9rence, le cofondateur de la plateforme MH First, Boussa El Ouafi, a soulign\u00e9 que la sant\u00e9 mentale constitue aujourd\u2019hui un facteur d\u00e9terminant de la performance collective, notant cette initiative vise \u00e0 cr\u00e9er des ponts entre les experts et les professionnels, en mettant \u00e0 disposition des outils d\u00e9velopp\u00e9s pour mieux comprendre et anticiper les enjeux li\u00e9s \u00e0 la sant\u00e9 mentale.<\/p>\n\n\n\n<p>Il a expliqu\u00e9 que la plateforme MH First vise \u00e0 \u201crendre visible l\u2019invisible\u201d en permettant aux organisations de d\u00e9tecter en amont les signaux de fragilit\u00e9 des \u00e9quipes. Selon lui, les approches neurocognitives offrent des outils concrets pour mieux comprendre les comportements humains en milieu professionnel et anticiper les situations de d\u00e9sengagement, d\u2019absent\u00e9isme ou de surcharge mentale.<\/p>\n\n\n\n<p>Il a \u00e9galement insist\u00e9 sur la n\u00e9cessit\u00e9 de doter les managers d\u2019indicateurs clairs et d\u2019un langage commun, permettant de relier les enjeux humains aux performances \u00e9conomiques, afin d\u2019ancrer durablement la pr\u00e9vention dans la strat\u00e9gie des organisations.<\/p>\n\n\n\n<p>De son c\u00f4t\u00e9, Adrien Bailly, cofondateur de MH First et de Seen-apps, a mis l\u2019accent sur l\u2019apport de la science et des donn\u00e9es dans la compr\u00e9hension des m\u00e9canismes de la sant\u00e9 mentale.<\/p>\n\n\n\n<p>M. Bailly, psychologue en neurosciences cognitives et comportementales, a expliqu\u00e9 que les outils d\u00e9velopp\u00e9s permettent de mesurer de mani\u00e8re fine les dynamiques collectives, en identifiant notamment les facteurs de stress, les niveaux d\u2019engagement et les risques psychosociaux. L\u2019objectif \u00e9tant de transformer ces donn\u00e9es en leviers d\u2019action concrets, adapt\u00e9s aux r\u00e9alit\u00e9s de chaque organisation.<\/p>\n\n\n\n<p>Il a par ailleurs soulign\u00e9 que de nombreuses probl\u00e9matiques pourraient \u00eatre \u00e9vit\u00e9es si les entreprises disposaient d\u2019indicateurs pr\u00e9coces fiables, permettant d\u2019agir avant l\u2019apparition de situations critiques, notant que cette approche proactive contribue ainsi \u00e0 am\u00e9liorer \u00e0 la fois le bien-\u00eatre des collaborateurs et la performance globale.<\/p>\n\n\n\n<p>Le programme de la conf\u00e9rence s\u2019est articul\u00e9 autour d\u2019une s\u00e9ance pl\u00e9ni\u00e8re consacr\u00e9e \u00e0 l\u2019impact des donn\u00e9es sur la sant\u00e9 mentale, suivie de trois ateliers pratiques portant sur le syst\u00e8me de soins, le sport et la performance durable, ainsi que l\u2019entreprise et la qualit\u00e9 de vie au travail.<\/p>\n\n\n\n<p>A noter que la plateforme MH First, a \u00e9t\u00e9 \u00e9galement lanc\u00e9e mercredi \u00e0 Rabat, lors d\u2019une conf\u00e9rence organis\u00e9e \u00e0 la Facult\u00e9 des Sciences de l\u2019\u00c9ducation, relevant de l\u2019Universit\u00e9 Mohammed V.<\/p>\n","protected":false},"excerpt":{"rendered":"<p>Dpress La plateforme \u201cMental Health First\u201d (MH First), d\u00e9di\u00e9e \u00e0 la promotion de la sant\u00e9 mentale en milieu professionnel, a \u00e9t\u00e9 lanc\u00e9e, jeudi \u00e0 Casablanca, lors d\u2019une conf\u00e9rence sous le th\u00e8me \u201cAnticiper plut\u00f4t que r\u00e9agir : Transformer la sant\u00e9 mentale en levier de performance durable\u201d Organis\u00e9e en partenariat avec l\u2019\u00c9cole de Management ESCA, cette rencontre, &hellip;<\/p>\n","protected":false},"author":2,"featured_media":27976,"comment_status":"open","ping_status":"open","sticky":false,"template":"","format":"standard","meta":{"footnotes":""},"categories":[40],"tags":[],"class_list":["post-28084","post","type-post","status-publish","format-standard","has-post-thumbnail","hentry","category-societe-et-regions"],"yoast_head":"<!-- This site is optimized with the Yoast SEO plugin v27.5 - https:\/\/yoast.com\/product\/yoast-seo-wordpress\/ -->\n<title>Lancement \u00e0 Casablanca de \u201cMH First\u201d, une plateforme d\u00e9di\u00e9e \u00e0 la promotion de la sant\u00e9 mentale en milieu professionnel - Dpress.ma\/fr<\/title>\n<meta name=\"robots\" content=\"index, follow, max-snippet:-1, max-image-preview:large, max-video-preview:-1\" \/>\n<link rel=\"canonical\" href=\"https:\/\/dpress.ma\/fr\/2026\/04\/09\/lancement-a-casablanca-de-mh-first-une-plateforme-dediee-a-la-promotion-de-la-sante-mentale-en-milieu-professionnel\/\" \/>\n<meta property=\"og:locale\" content=\"fr_FR\" \/>\n<meta property=\"og:type\" content=\"article\" \/>\n<meta property=\"og:title\" content=\"Lancement \u00e0 Casablanca de \u201cMH First\u201d, une plateforme d\u00e9di\u00e9e \u00e0 la promotion de la sant\u00e9 mentale en milieu professionnel - Dpress.ma\/fr\" \/>\n<meta property=\"og:description\" content=\"Dpress La plateforme \u201cMental Health First\u201d (MH First), d\u00e9di\u00e9e \u00e0 la promotion de la sant\u00e9 mentale en milieu professionnel, a \u00e9t\u00e9 lanc\u00e9e, jeudi \u00e0 Casablanca, lors d\u2019une conf\u00e9rence sous le th\u00e8me \u201cAnticiper plut\u00f4t que r\u00e9agir : Transformer la sant\u00e9 mentale en levier de performance durable\u201d Organis\u00e9e en partenariat avec l\u2019\u00c9cole de Management ESCA, cette rencontre, &hellip;\" \/>\n<meta property=\"og:url\" content=\"https:\/\/dpress.ma\/fr\/2026\/04\/09\/lancement-a-casablanca-de-mh-first-une-plateforme-dediee-a-la-promotion-de-la-sante-mentale-en-milieu-professionnel\/\" \/>\n<meta property=\"og:site_name\" content=\"Dpress.ma\/fr\" \/>\n<meta property=\"article:published_time\" content=\"2026-04-09T17:07:06+00:00\" \/>\n<meta property=\"article:modified_time\" content=\"2026-04-09T17:07:08+00:00\" \/>\n<meta property=\"og:image\" content=\"https:\/\/dpress.ma\/fr\/wp-content\/uploads\/sites\/2\/2026\/04\/39-5.jpg\" \/>\n\t<meta property=\"og:image:width\" content=\"2539\" \/>\n\t<meta property=\"og:image:height\" content=\"1594\" \/>\n\t<meta property=\"og:image:type\" content=\"image\/jpeg\" \/>\n<meta name=\"author\" content=\"Dpress.ma\" \/>\n<meta name=\"twitter:card\" content=\"summary_large_image\" \/>\n<meta name=\"twitter:label1\" content=\"\u00c9crit par\" \/>\n\t<meta name=\"twitter:data1\" content=\"Dpress.ma\" \/>\n\t<meta name=\"twitter:label2\" content=\"Dur\u00e9e de lecture estim\u00e9e\" \/>\n\t<meta name=\"twitter:data2\" content=\"4 minutes\" \/>\n<script type=\"application\/ld+json\" class=\"yoast-schema-graph\">{\"@context\":\"https:\\\/\\\/schema.org\",\"@graph\":[{\"@type\":\"Article\",\"@id\":\"https:\\\/\\\/dpress.ma\\\/fr\\\/2026\\\/04\\\/09\\\/lancement-a-casablanca-de-mh-first-une-plateforme-dediee-a-la-promotion-de-la-sante-mentale-en-milieu-professionnel\\\/#article\",\"isPartOf\":{\"@id\":\"https:\\\/\\\/dpress.ma\\\/fr\\\/2026\\\/04\\\/09\\\/lancement-a-casablanca-de-mh-first-une-plateforme-dediee-a-la-promotion-de-la-sante-mentale-en-milieu-professionnel\\\/\"},\"author\":{\"name\":\"Dpress.ma\",\"@id\":\"https:\\\/\\\/dpress.ma\\\/fr\\\/#\\\/schema\\\/person\\\/4898febf3ccd59e6578d838656a306a0\"},\"headline\":\"Lancement \u00e0 Casablanca de \u201cMH First\u201d, une plateforme d\u00e9di\u00e9e \u00e0 la promotion de la sant\u00e9 mentale en milieu professionnel\",\"datePublished\":\"2026-04-09T17:07:06+00:00\",\"dateModified\":\"2026-04-09T17:07:08+00:00\",\"mainEntityOfPage\":{\"@id\":\"https:\\\/\\\/dpress.ma\\\/fr\\\/2026\\\/04\\\/09\\\/lancement-a-casablanca-de-mh-first-une-plateforme-dediee-a-la-promotion-de-la-sante-mentale-en-milieu-professionnel\\\/\"},\"wordCount\":775,\"commentCount\":0,\"image\":{\"@id\":\"https:\\\/\\\/dpress.ma\\\/fr\\\/2026\\\/04\\\/09\\\/lancement-a-casablanca-de-mh-first-une-plateforme-dediee-a-la-promotion-de-la-sante-mentale-en-milieu-professionnel\\\/#primaryimage\"},\"thumbnailUrl\":\"https:\\\/\\\/dpress.ma\\\/fr\\\/wp-content\\\/uploads\\\/sites\\\/2\\\/2026\\\/04\\\/39-5.jpg\",\"articleSection\":[\"societe et regions\"],\"inLanguage\":\"fr-FR\",\"potentialAction\":[{\"@type\":\"CommentAction\",\"name\":\"Comment\",\"target\":[\"https:\\\/\\\/dpress.ma\\\/fr\\\/2026\\\/04\\\/09\\\/lancement-a-casablanca-de-mh-first-une-plateforme-dediee-a-la-promotion-de-la-sante-mentale-en-milieu-professionnel\\\/#respond\"]}]},{\"@type\":\"WebPage\",\"@id\":\"https:\\\/\\\/dpress.ma\\\/fr\\\/2026\\\/04\\\/09\\\/lancement-a-casablanca-de-mh-first-une-plateforme-dediee-a-la-promotion-de-la-sante-mentale-en-milieu-professionnel\\\/\",\"url\":\"https:\\\/\\\/dpress.ma\\\/fr\\\/2026\\\/04\\\/09\\\/lancement-a-casablanca-de-mh-first-une-plateforme-dediee-a-la-promotion-de-la-sante-mentale-en-milieu-professionnel\\\/\",\"name\":\"Lancement \u00e0 Casablanca de \u201cMH First\u201d, une plateforme d\u00e9di\u00e9e \u00e0 la promotion de la sant\u00e9 mentale en milieu professionnel - Dpress.ma\\\/fr\",\"isPartOf\":{\"@id\":\"https:\\\/\\\/dpress.ma\\\/fr\\\/#website\"},\"primaryImageOfPage\":{\"@id\":\"https:\\\/\\\/dpress.ma\\\/fr\\\/2026\\\/04\\\/09\\\/lancement-a-casablanca-de-mh-first-une-plateforme-dediee-a-la-promotion-de-la-sante-mentale-en-milieu-professionnel\\\/#primaryimage\"},\"image\":{\"@id\":\"https:\\\/\\\/dpress.ma\\\/fr\\\/2026\\\/04\\\/09\\\/lancement-a-casablanca-de-mh-first-une-plateforme-dediee-a-la-promotion-de-la-sante-mentale-en-milieu-professionnel\\\/#primaryimage\"},\"thumbnailUrl\":\"https:\\\/\\\/dpress.ma\\\/fr\\\/wp-content\\\/uploads\\\/sites\\\/2\\\/2026\\\/04\\\/39-5.jpg\",\"datePublished\":\"2026-04-09T17:07:06+00:00\",\"dateModified\":\"2026-04-09T17:07:08+00:00\",\"author\":{\"@id\":\"https:\\\/\\\/dpress.ma\\\/fr\\\/#\\\/schema\\\/person\\\/4898febf3ccd59e6578d838656a306a0\"},\"breadcrumb\":{\"@id\":\"https:\\\/\\\/dpress.ma\\\/fr\\\/2026\\\/04\\\/09\\\/lancement-a-casablanca-de-mh-first-une-plateforme-dediee-a-la-promotion-de-la-sante-mentale-en-milieu-professionnel\\\/#breadcrumb\"},\"inLanguage\":\"fr-FR\",\"potentialAction\":[{\"@type\":\"ReadAction\",\"target\":[\"https:\\\/\\\/dpress.ma\\\/fr\\\/2026\\\/04\\\/09\\\/lancement-a-casablanca-de-mh-first-une-plateforme-dediee-a-la-promotion-de-la-sante-mentale-en-milieu-professionnel\\\/\"]}]},{\"@type\":\"ImageObject\",\"inLanguage\":\"fr-FR\",\"@id\":\"https:\\\/\\\/dpress.ma\\\/fr\\\/2026\\\/04\\\/09\\\/lancement-a-casablanca-de-mh-first-une-plateforme-dediee-a-la-promotion-de-la-sante-mentale-en-milieu-professionnel\\\/#primaryimage\",\"url\":\"https:\\\/\\\/dpress.ma\\\/fr\\\/wp-content\\\/uploads\\\/sites\\\/2\\\/2026\\\/04\\\/39-5.jpg\",\"contentUrl\":\"https:\\\/\\\/dpress.ma\\\/fr\\\/wp-content\\\/uploads\\\/sites\\\/2\\\/2026\\\/04\\\/39-5.jpg\",\"width\":2539,\"height\":1594},{\"@type\":\"BreadcrumbList\",\"@id\":\"https:\\\/\\\/dpress.ma\\\/fr\\\/2026\\\/04\\\/09\\\/lancement-a-casablanca-de-mh-first-une-plateforme-dediee-a-la-promotion-de-la-sante-mentale-en-milieu-professionnel\\\/#breadcrumb\",\"itemListElement\":[{\"@type\":\"ListItem\",\"position\":1,\"name\":\"Home\",\"item\":\"https:\\\/\\\/dpress.ma\\\/fr\\\/\"},{\"@type\":\"ListItem\",\"position\":2,\"name\":\"Lancement \u00e0 Casablanca de \u201cMH First\u201d, une plateforme d\u00e9di\u00e9e \u00e0 la promotion de la sant\u00e9 mentale en milieu professionnel\"}]},{\"@type\":\"WebSite\",\"@id\":\"https:\\\/\\\/dpress.ma\\\/fr\\\/#website\",\"url\":\"https:\\\/\\\/dpress.ma\\\/fr\\\/\",\"name\":\"Dpress.ma\\\/fr\",\"description\":\"\",\"potentialAction\":[{\"@type\":\"SearchAction\",\"target\":{\"@type\":\"EntryPoint\",\"urlTemplate\":\"https:\\\/\\\/dpress.ma\\\/fr\\\/?s={search_term_string}\"},\"query-input\":{\"@type\":\"PropertyValueSpecification\",\"valueRequired\":true,\"valueName\":\"search_term_string\"}}],\"inLanguage\":\"fr-FR\"},{\"@type\":\"Person\",\"@id\":\"https:\\\/\\\/dpress.ma\\\/fr\\\/#\\\/schema\\\/person\\\/4898febf3ccd59e6578d838656a306a0\",\"name\":\"Dpress.ma\",\"image\":{\"@type\":\"ImageObject\",\"inLanguage\":\"fr-FR\",\"@id\":\"https:\\\/\\\/secure.gravatar.com\\\/avatar\\\/72ecc30e9db047a2e0e7176561eb9d564ed77c8108376495b19bd8336405198a?s=96&d=mm&r=g\",\"url\":\"https:\\\/\\\/secure.gravatar.com\\\/avatar\\\/72ecc30e9db047a2e0e7176561eb9d564ed77c8108376495b19bd8336405198a?s=96&d=mm&r=g\",\"contentUrl\":\"https:\\\/\\\/secure.gravatar.com\\\/avatar\\\/72ecc30e9db047a2e0e7176561eb9d564ed77c8108376495b19bd8336405198a?s=96&d=mm&r=g\",\"caption\":\"Dpress.ma\"},\"sameAs\":[\"https:\\\/\\\/www.dpress.ma\"],\"url\":\"https:\\\/\\\/dpress.ma\\\/fr\\\/author\\\/dpress-ma\\\/\"}]}<\/script>\n<!-- \/ Yoast SEO plugin. -->","yoast_head_json":{"title":"Lancement \u00e0 Casablanca de \u201cMH First\u201d, une plateforme d\u00e9di\u00e9e \u00e0 la promotion de la sant\u00e9 mentale en milieu professionnel - Dpress.ma\/fr","robots":{"index":"index","follow":"follow","max-snippet":"max-snippet:-1","max-image-preview":"max-image-preview:large","max-video-preview":"max-video-preview:-1"},"canonical":"https:\/\/dpress.ma\/fr\/2026\/04\/09\/lancement-a-casablanca-de-mh-first-une-plateforme-dediee-a-la-promotion-de-la-sante-mentale-en-milieu-professionnel\/","og_locale":"fr_FR","og_type":"article","og_title":"Lancement \u00e0 Casablanca de \u201cMH First\u201d, une plateforme d\u00e9di\u00e9e \u00e0 la promotion de la sant\u00e9 mentale en milieu professionnel - Dpress.ma\/fr","og_description":"Dpress La plateforme \u201cMental Health First\u201d (MH First), d\u00e9di\u00e9e \u00e0 la promotion de la sant\u00e9 mentale en milieu professionnel, a \u00e9t\u00e9 lanc\u00e9e, jeudi \u00e0 Casablanca, lors d\u2019une conf\u00e9rence sous le th\u00e8me \u201cAnticiper plut\u00f4t que r\u00e9agir : Transformer la sant\u00e9 mentale en levier de performance durable\u201d Organis\u00e9e en partenariat avec l\u2019\u00c9cole de Management ESCA, cette rencontre, &hellip;","og_url":"https:\/\/dpress.ma\/fr\/2026\/04\/09\/lancement-a-casablanca-de-mh-first-une-plateforme-dediee-a-la-promotion-de-la-sante-mentale-en-milieu-professionnel\/","og_site_name":"Dpress.ma\/fr","article_published_time":"2026-04-09T17:07:06+00:00","article_modified_time":"2026-04-09T17:07:08+00:00","og_image":[{"width":2539,"height":1594,"url":"https:\/\/dpress.ma\/fr\/wp-content\/uploads\/sites\/2\/2026\/04\/39-5.jpg","type":"image\/jpeg"}],"author":"Dpress.ma","twitter_card":"summary_large_image","twitter_misc":{"\u00c9crit par":"Dpress.ma","Dur\u00e9e de lecture estim\u00e9e":"4 minutes"},"schema":{"@context":"https:\/\/schema.org","@graph":[{"@type":"Article","@id":"https:\/\/dpress.ma\/fr\/2026\/04\/09\/lancement-a-casablanca-de-mh-first-une-plateforme-dediee-a-la-promotion-de-la-sante-mentale-en-milieu-professionnel\/#article","isPartOf":{"@id":"https:\/\/dpress.ma\/fr\/2026\/04\/09\/lancement-a-casablanca-de-mh-first-une-plateforme-dediee-a-la-promotion-de-la-sante-mentale-en-milieu-professionnel\/"},"author":{"name":"Dpress.ma","@id":"https:\/\/dpress.ma\/fr\/#\/schema\/person\/4898febf3ccd59e6578d838656a306a0"},"headline":"Lancement \u00e0 Casablanca de \u201cMH First\u201d, une plateforme d\u00e9di\u00e9e \u00e0 la promotion de la sant\u00e9 mentale en milieu professionnel","datePublished":"2026-04-09T17:07:06+00:00","dateModified":"2026-04-09T17:07:08+00:00","mainEntityOfPage":{"@id":"https:\/\/dpress.ma\/fr\/2026\/04\/09\/lancement-a-casablanca-de-mh-first-une-plateforme-dediee-a-la-promotion-de-la-sante-mentale-en-milieu-professionnel\/"},"wordCount":775,"commentCount":0,"image":{"@id":"https:\/\/dpress.ma\/fr\/2026\/04\/09\/lancement-a-casablanca-de-mh-first-une-plateforme-dediee-a-la-promotion-de-la-sante-mentale-en-milieu-professionnel\/#primaryimage"},"thumbnailUrl":"https:\/\/dpress.ma\/fr\/wp-content\/uploads\/sites\/2\/2026\/04\/39-5.jpg","articleSection":["societe et regions"],"inLanguage":"fr-FR","potentialAction":[{"@type":"CommentAction","name":"Comment","target":["https:\/\/dpress.ma\/fr\/2026\/04\/09\/lancement-a-casablanca-de-mh-first-une-plateforme-dediee-a-la-promotion-de-la-sante-mentale-en-milieu-professionnel\/#respond"]}]},{"@type":"WebPage","@id":"https:\/\/dpress.ma\/fr\/2026\/04\/09\/lancement-a-casablanca-de-mh-first-une-plateforme-dediee-a-la-promotion-de-la-sante-mentale-en-milieu-professionnel\/","url":"https:\/\/dpress.ma\/fr\/2026\/04\/09\/lancement-a-casablanca-de-mh-first-une-plateforme-dediee-a-la-promotion-de-la-sante-mentale-en-milieu-professionnel\/","name":"Lancement \u00e0 Casablanca de \u201cMH First\u201d, une plateforme d\u00e9di\u00e9e \u00e0 la promotion de la sant\u00e9 mentale en milieu professionnel - Dpress.ma\/fr","isPartOf":{"@id":"https:\/\/dpress.ma\/fr\/#website"},"primaryImageOfPage":{"@id":"https:\/\/dpress.ma\/fr\/2026\/04\/09\/lancement-a-casablanca-de-mh-first-une-plateforme-dediee-a-la-promotion-de-la-sante-mentale-en-milieu-professionnel\/#primaryimage"},"image":{"@id":"https:\/\/dpress.ma\/fr\/2026\/04\/09\/lancement-a-casablanca-de-mh-first-une-plateforme-dediee-a-la-promotion-de-la-sante-mentale-en-milieu-professionnel\/#primaryimage"},"thumbnailUrl":"https:\/\/dpress.ma\/fr\/wp-content\/uploads\/sites\/2\/2026\/04\/39-5.jpg","datePublished":"2026-04-09T17:07:06+00:00","dateModified":"2026-04-09T17:07:08+00:00","author":{"@id":"https:\/\/dpress.ma\/fr\/#\/schema\/person\/4898febf3ccd59e6578d838656a306a0"},"breadcrumb":{"@id":"https:\/\/dpress.ma\/fr\/2026\/04\/09\/lancement-a-casablanca-de-mh-first-une-plateforme-dediee-a-la-promotion-de-la-sante-mentale-en-milieu-professionnel\/#breadcrumb"},"inLanguage":"fr-FR","potentialAction":[{"@type":"ReadAction","target":["https:\/\/dpress.ma\/fr\/2026\/04\/09\/lancement-a-casablanca-de-mh-first-une-plateforme-dediee-a-la-promotion-de-la-sante-mentale-en-milieu-professionnel\/"]}]},{"@type":"ImageObject","inLanguage":"fr-FR","@id":"https:\/\/dpress.ma\/fr\/2026\/04\/09\/lancement-a-casablanca-de-mh-first-une-plateforme-dediee-a-la-promotion-de-la-sante-mentale-en-milieu-professionnel\/#primaryimage","url":"https:\/\/dpress.ma\/fr\/wp-content\/uploads\/sites\/2\/2026\/04\/39-5.jpg","contentUrl":"https:\/\/dpress.ma\/fr\/wp-content\/uploads\/sites\/2\/2026\/04\/39-5.jpg","width":2539,"height":1594},{"@type":"BreadcrumbList","@id":"https:\/\/dpress.ma\/fr\/2026\/04\/09\/lancement-a-casablanca-de-mh-first-une-plateforme-dediee-a-la-promotion-de-la-sante-mentale-en-milieu-professionnel\/#breadcrumb","itemListElement":[{"@type":"ListItem","position":1,"name":"Home","item":"https:\/\/dpress.ma\/fr\/"},{"@type":"ListItem","position":2,"name":"Lancement \u00e0 Casablanca de \u201cMH First\u201d, une plateforme d\u00e9di\u00e9e \u00e0 la promotion de la sant\u00e9 mentale en milieu professionnel"}]},{"@type":"WebSite","@id":"https:\/\/dpress.ma\/fr\/#website","url":"https:\/\/dpress.ma\/fr\/","name":"Dpress.ma\/fr","description":"","potentialAction":[{"@type":"SearchAction","target":{"@type":"EntryPoint","urlTemplate":"https:\/\/dpress.ma\/fr\/?s={search_term_string}"},"query-input":{"@type":"PropertyValueSpecification","valueRequired":true,"valueName":"search_term_string"}}],"inLanguage":"fr-FR"},{"@type":"Person","@id":"https:\/\/dpress.ma\/fr\/#\/schema\/person\/4898febf3ccd59e6578d838656a306a0","name":"Dpress.ma","image":{"@type":"ImageObject","inLanguage":"fr-FR","@id":"https:\/\/secure.gravatar.com\/avatar\/72ecc30e9db047a2e0e7176561eb9d564ed77c8108376495b19bd8336405198a?s=96&d=mm&r=g","url":"https:\/\/secure.gravatar.com\/avatar\/72ecc30e9db047a2e0e7176561eb9d564ed77c8108376495b19bd8336405198a?s=96&d=mm&r=g","contentUrl":"https:\/\/secure.gravatar.com\/avatar\/72ecc30e9db047a2e0e7176561eb9d564ed77c8108376495b19bd8336405198a?s=96&d=mm&r=g","caption":"Dpress.ma"},"sameAs":["https:\/\/www.dpress.ma"],"url":"https:\/\/dpress.ma\/fr\/author\/dpress-ma\/"}]}},"amp_enabled":true,"_links":{"self":[{"href":"https:\/\/dpress.ma\/fr\/wp-json\/wp\/v2\/posts\/28084","targetHints":{"allow":["GET"]}}],"collection":[{"href":"https:\/\/dpress.ma\/fr\/wp-json\/wp\/v2\/posts"}],"about":[{"href":"https:\/\/dpress.ma\/fr\/wp-json\/wp\/v2\/types\/post"}],"author":[{"embeddable":true,"href":"https:\/\/dpress.ma\/fr\/wp-json\/wp\/v2\/users\/2"}],"replies":[{"embeddable":true,"href":"https:\/\/dpress.ma\/fr\/wp-json\/wp\/v2\/comments?post=28084"}],"version-history":[{"count":1,"href":"https:\/\/dpress.ma\/fr\/wp-json\/wp\/v2\/posts\/28084\/revisions"}],"predecessor-version":[{"id":28085,"href":"https:\/\/dpress.ma\/fr\/wp-json\/wp\/v2\/posts\/28084\/revisions\/28085"}],"wp:featuredmedia":[{"embeddable":true,"href":"https:\/\/dpress.ma\/fr\/wp-json\/wp\/v2\/media\/27976"}],"wp:attachment":[{"href":"https:\/\/dpress.ma\/fr\/wp-json\/wp\/v2\/media?parent=28084"}],"wp:term":[{"taxonomy":"category","embeddable":true,"href":"https:\/\/dpress.ma\/fr\/wp-json\/wp\/v2\/categories?post=28084"},{"taxonomy":"post_tag","embeddable":true,"href":"https:\/\/dpress.ma\/fr\/wp-json\/wp\/v2\/tags?post=28084"}],"curies":[{"name":"wp","href":"https:\/\/api.w.org\/{rel}","templated":true}]}}