{"id":28078,"date":"2026-04-09T15:47:49","date_gmt":"2026-04-09T15:47:49","guid":{"rendered":"https:\/\/dpress.ma\/fr\/?p=28078"},"modified":"2026-04-09T15:47:50","modified_gmt":"2026-04-09T15:47:50","slug":"lua-salue-laccord-de-cessez-le-feu-entre-les-etats-unis-et-liran","status":"publish","type":"post","link":"https:\/\/dpress.ma\/fr\/2026\/04\/09\/lua-salue-laccord-de-cessez-le-feu-entre-les-etats-unis-et-liran\/","title":{"rendered":"L\u2019UA salue l\u2019accord de cessez-le-feu entre les \u00c9tats-Unis et l\u2019Iran"},"content":{"rendered":"\n<p>Dpress<\/p>\n\n\n\n<p>Le pr\u00e9sident de la Commission de l\u2019Union africaine (CUA) Mahmoud Ali Youssouf a&nbsp;salu\u00e9, mercredi, l\u2019accord de cessez-le-feu entre les \u00c9tats-Unis et l\u2019Iran,&nbsp;exhortant toutes les parties \u00e0 maintenir l\u2019\u00e9lan vers une paix durable et globale.<\/p>\n\n\n\n<p>Dans un communiqu\u00e9, M. Ali Youssouf a qualifi\u00e9 cet accord d\u2019\u00e9tape importante qui refl\u00e8te un engagement commun pour la d\u00e9sescalade, rappelant que les r\u00e9percussions du conflit se sont fait sentir \u00e0 l\u2019\u00e9chelle mondiale, y compris dans toute l\u2019Afrique, o\u00f9 les perturbations de l\u2019approvisionnement en carburant ont entra\u00een\u00e9 l\u2019inflation et augment\u00e9 le co\u00fbt des produits de base.<\/p>\n\n\n\n<p>Le pr\u00e9sident de la CUA a aussi indiqu\u00e9 que&nbsp;ce cessez-le-feu offre une occasion d\u2019att\u00e9nuer les souffrances des populations touch\u00e9es directement et indirectement, soulignant qu\u2019un dialogue soutenu et une diplomatie inclusive seront essentiels pour consolider les acquis.<\/p>\n\n\n\n<p>Il a relev\u00e9 que la diplomatie et le dialogue, conform\u00e9ment \u00e0 la Charte des Nations Unies, restent la seule voie viable vers le r\u00e8glement des crises internationales.<\/p>\n","protected":false},"excerpt":{"rendered":"<p>Dpress Le pr\u00e9sident de la Commission de l\u2019Union africaine (CUA) Mahmoud Ali Youssouf a&nbsp;salu\u00e9, mercredi, l\u2019accord de cessez-le-feu entre les \u00c9tats-Unis et l\u2019Iran,&nbsp;exhortant toutes les parties \u00e0 maintenir l\u2019\u00e9lan vers une paix durable et globale. Dans un communiqu\u00e9, M. Ali Youssouf a qualifi\u00e9 cet accord d\u2019\u00e9tape importante qui refl\u00e8te un engagement commun pour la d\u00e9sescalade, &hellip;<\/p>\n","protected":false},"author":2,"featured_media":28079,"comment_status":"open","ping_status":"open","sticky":false,"template":"","format":"standard","meta":{"footnotes":""},"categories":[42],"tags":[],"class_list":["post-28078","post","type-post","status-publish","format-standard","has-post-thumbnail","hentry","category-monde"],"yoast_head":"<!-- This site is optimized with the Yoast SEO plugin v27.5 - https:\/\/yoast.com\/product\/yoast-seo-wordpress\/ -->\n<title>L\u2019UA salue l\u2019accord de cessez-le-feu entre les \u00c9tats-Unis et l\u2019Iran - Dpress.ma\/fr<\/title>\n<meta name=\"robots\" content=\"index, follow, max-snippet:-1, max-image-preview:large, max-video-preview:-1\" \/>\n<link rel=\"canonical\" href=\"https:\/\/dpress.ma\/fr\/2026\/04\/09\/lua-salue-laccord-de-cessez-le-feu-entre-les-etats-unis-et-liran\/\" \/>\n<meta property=\"og:locale\" content=\"fr_FR\" \/>\n<meta property=\"og:type\" content=\"article\" \/>\n<meta property=\"og:title\" content=\"L\u2019UA salue l\u2019accord de cessez-le-feu entre les \u00c9tats-Unis et l\u2019Iran - Dpress.ma\/fr\" \/>\n<meta property=\"og:description\" content=\"Dpress Le pr\u00e9sident de la Commission de l\u2019Union africaine (CUA) Mahmoud Ali Youssouf a&nbsp;salu\u00e9, mercredi, l\u2019accord de cessez-le-feu entre les \u00c9tats-Unis et l\u2019Iran,&nbsp;exhortant toutes les parties \u00e0 maintenir l\u2019\u00e9lan vers une paix durable et globale. Dans un communiqu\u00e9, M. Ali Youssouf a qualifi\u00e9 cet accord d\u2019\u00e9tape importante qui refl\u00e8te un engagement commun pour la d\u00e9sescalade, &hellip;\" \/>\n<meta property=\"og:url\" content=\"https:\/\/dpress.ma\/fr\/2026\/04\/09\/lua-salue-laccord-de-cessez-le-feu-entre-les-etats-unis-et-liran\/\" \/>\n<meta property=\"og:site_name\" content=\"Dpress.ma\/fr\" \/>\n<meta property=\"article:published_time\" content=\"2026-04-09T15:47:49+00:00\" \/>\n<meta property=\"article:modified_time\" content=\"2026-04-09T15:47:50+00:00\" \/>\n<meta property=\"og:image\" content=\"https:\/\/dpress.ma\/fr\/wp-content\/uploads\/sites\/2\/2026\/04\/34-2.jpg\" \/>\n\t<meta property=\"og:image:width\" content=\"2539\" \/>\n\t<meta property=\"og:image:height\" content=\"1594\" \/>\n\t<meta property=\"og:image:type\" content=\"image\/jpeg\" \/>\n<meta name=\"author\" content=\"Dpress.ma\" \/>\n<meta name=\"twitter:card\" content=\"summary_large_image\" \/>\n<meta name=\"twitter:label1\" content=\"\u00c9crit par\" \/>\n\t<meta name=\"twitter:data1\" content=\"Dpress.ma\" \/>\n\t<meta name=\"twitter:label2\" content=\"Dur\u00e9e de lecture estim\u00e9e\" \/>\n\t<meta name=\"twitter:data2\" content=\"1 minute\" \/>\n<script type=\"application\/ld+json\" class=\"yoast-schema-graph\">{\"@context\":\"https:\\\/\\\/schema.org\",\"@graph\":[{\"@type\":\"Article\",\"@id\":\"https:\\\/\\\/dpress.ma\\\/fr\\\/2026\\\/04\\\/09\\\/lua-salue-laccord-de-cessez-le-feu-entre-les-etats-unis-et-liran\\\/#article\",\"isPartOf\":{\"@id\":\"https:\\\/\\\/dpress.ma\\\/fr\\\/2026\\\/04\\\/09\\\/lua-salue-laccord-de-cessez-le-feu-entre-les-etats-unis-et-liran\\\/\"},\"author\":{\"name\":\"Dpress.ma\",\"@id\":\"https:\\\/\\\/dpress.ma\\\/fr\\\/#\\\/schema\\\/person\\\/4898febf3ccd59e6578d838656a306a0\"},\"headline\":\"L\u2019UA salue l\u2019accord de cessez-le-feu entre les \u00c9tats-Unis et l\u2019Iran\",\"datePublished\":\"2026-04-09T15:47:49+00:00\",\"dateModified\":\"2026-04-09T15:47:50+00:00\",\"mainEntityOfPage\":{\"@id\":\"https:\\\/\\\/dpress.ma\\\/fr\\\/2026\\\/04\\\/09\\\/lua-salue-laccord-de-cessez-le-feu-entre-les-etats-unis-et-liran\\\/\"},\"wordCount\":192,\"commentCount\":0,\"image\":{\"@id\":\"https:\\\/\\\/dpress.ma\\\/fr\\\/2026\\\/04\\\/09\\\/lua-salue-laccord-de-cessez-le-feu-entre-les-etats-unis-et-liran\\\/#primaryimage\"},\"thumbnailUrl\":\"https:\\\/\\\/dpress.ma\\\/fr\\\/wp-content\\\/uploads\\\/sites\\\/2\\\/2026\\\/04\\\/34-2.jpg\",\"articleSection\":[\"monde\"],\"inLanguage\":\"fr-FR\",\"potentialAction\":[{\"@type\":\"CommentAction\",\"name\":\"Comment\",\"target\":[\"https:\\\/\\\/dpress.ma\\\/fr\\\/2026\\\/04\\\/09\\\/lua-salue-laccord-de-cessez-le-feu-entre-les-etats-unis-et-liran\\\/#respond\"]}]},{\"@type\":\"WebPage\",\"@id\":\"https:\\\/\\\/dpress.ma\\\/fr\\\/2026\\\/04\\\/09\\\/lua-salue-laccord-de-cessez-le-feu-entre-les-etats-unis-et-liran\\\/\",\"url\":\"https:\\\/\\\/dpress.ma\\\/fr\\\/2026\\\/04\\\/09\\\/lua-salue-laccord-de-cessez-le-feu-entre-les-etats-unis-et-liran\\\/\",\"name\":\"L\u2019UA salue l\u2019accord de cessez-le-feu entre les \u00c9tats-Unis et l\u2019Iran - Dpress.ma\\\/fr\",\"isPartOf\":{\"@id\":\"https:\\\/\\\/dpress.ma\\\/fr\\\/#website\"},\"primaryImageOfPage\":{\"@id\":\"https:\\\/\\\/dpress.ma\\\/fr\\\/2026\\\/04\\\/09\\\/lua-salue-laccord-de-cessez-le-feu-entre-les-etats-unis-et-liran\\\/#primaryimage\"},\"image\":{\"@id\":\"https:\\\/\\\/dpress.ma\\\/fr\\\/2026\\\/04\\\/09\\\/lua-salue-laccord-de-cessez-le-feu-entre-les-etats-unis-et-liran\\\/#primaryimage\"},\"thumbnailUrl\":\"https:\\\/\\\/dpress.ma\\\/fr\\\/wp-content\\\/uploads\\\/sites\\\/2\\\/2026\\\/04\\\/34-2.jpg\",\"datePublished\":\"2026-04-09T15:47:49+00:00\",\"dateModified\":\"2026-04-09T15:47:50+00:00\",\"author\":{\"@id\":\"https:\\\/\\\/dpress.ma\\\/fr\\\/#\\\/schema\\\/person\\\/4898febf3ccd59e6578d838656a306a0\"},\"breadcrumb\":{\"@id\":\"https:\\\/\\\/dpress.ma\\\/fr\\\/2026\\\/04\\\/09\\\/lua-salue-laccord-de-cessez-le-feu-entre-les-etats-unis-et-liran\\\/#breadcrumb\"},\"inLanguage\":\"fr-FR\",\"potentialAction\":[{\"@type\":\"ReadAction\",\"target\":[\"https:\\\/\\\/dpress.ma\\\/fr\\\/2026\\\/04\\\/09\\\/lua-salue-laccord-de-cessez-le-feu-entre-les-etats-unis-et-liran\\\/\"]}]},{\"@type\":\"ImageObject\",\"inLanguage\":\"fr-FR\",\"@id\":\"https:\\\/\\\/dpress.ma\\\/fr\\\/2026\\\/04\\\/09\\\/lua-salue-laccord-de-cessez-le-feu-entre-les-etats-unis-et-liran\\\/#primaryimage\",\"url\":\"https:\\\/\\\/dpress.ma\\\/fr\\\/wp-content\\\/uploads\\\/sites\\\/2\\\/2026\\\/04\\\/34-2.jpg\",\"contentUrl\":\"https:\\\/\\\/dpress.ma\\\/fr\\\/wp-content\\\/uploads\\\/sites\\\/2\\\/2026\\\/04\\\/34-2.jpg\",\"width\":2539,\"height\":1594},{\"@type\":\"BreadcrumbList\",\"@id\":\"https:\\\/\\\/dpress.ma\\\/fr\\\/2026\\\/04\\\/09\\\/lua-salue-laccord-de-cessez-le-feu-entre-les-etats-unis-et-liran\\\/#breadcrumb\",\"itemListElement\":[{\"@type\":\"ListItem\",\"position\":1,\"name\":\"Home\",\"item\":\"https:\\\/\\\/dpress.ma\\\/fr\\\/\"},{\"@type\":\"ListItem\",\"position\":2,\"name\":\"L\u2019UA salue l\u2019accord de cessez-le-feu entre les \u00c9tats-Unis et l\u2019Iran\"}]},{\"@type\":\"WebSite\",\"@id\":\"https:\\\/\\\/dpress.ma\\\/fr\\\/#website\",\"url\":\"https:\\\/\\\/dpress.ma\\\/fr\\\/\",\"name\":\"Dpress.ma\\\/fr\",\"description\":\"\",\"potentialAction\":[{\"@type\":\"SearchAction\",\"target\":{\"@type\":\"EntryPoint\",\"urlTemplate\":\"https:\\\/\\\/dpress.ma\\\/fr\\\/?s={search_term_string}\"},\"query-input\":{\"@type\":\"PropertyValueSpecification\",\"valueRequired\":true,\"valueName\":\"search_term_string\"}}],\"inLanguage\":\"fr-FR\"},{\"@type\":\"Person\",\"@id\":\"https:\\\/\\\/dpress.ma\\\/fr\\\/#\\\/schema\\\/person\\\/4898febf3ccd59e6578d838656a306a0\",\"name\":\"Dpress.ma\",\"image\":{\"@type\":\"ImageObject\",\"inLanguage\":\"fr-FR\",\"@id\":\"https:\\\/\\\/secure.gravatar.com\\\/avatar\\\/72ecc30e9db047a2e0e7176561eb9d564ed77c8108376495b19bd8336405198a?s=96&d=mm&r=g\",\"url\":\"https:\\\/\\\/secure.gravatar.com\\\/avatar\\\/72ecc30e9db047a2e0e7176561eb9d564ed77c8108376495b19bd8336405198a?s=96&d=mm&r=g\",\"contentUrl\":\"https:\\\/\\\/secure.gravatar.com\\\/avatar\\\/72ecc30e9db047a2e0e7176561eb9d564ed77c8108376495b19bd8336405198a?s=96&d=mm&r=g\",\"caption\":\"Dpress.ma\"},\"sameAs\":[\"https:\\\/\\\/www.dpress.ma\"],\"url\":\"https:\\\/\\\/dpress.ma\\\/fr\\\/author\\\/dpress-ma\\\/\"}]}<\/script>\n<!-- \/ Yoast SEO plugin. -->","yoast_head_json":{"title":"L\u2019UA salue l\u2019accord de cessez-le-feu entre les \u00c9tats-Unis et l\u2019Iran - Dpress.ma\/fr","robots":{"index":"index","follow":"follow","max-snippet":"max-snippet:-1","max-image-preview":"max-image-preview:large","max-video-preview":"max-video-preview:-1"},"canonical":"https:\/\/dpress.ma\/fr\/2026\/04\/09\/lua-salue-laccord-de-cessez-le-feu-entre-les-etats-unis-et-liran\/","og_locale":"fr_FR","og_type":"article","og_title":"L\u2019UA salue l\u2019accord de cessez-le-feu entre les \u00c9tats-Unis et l\u2019Iran - Dpress.ma\/fr","og_description":"Dpress Le pr\u00e9sident de la Commission de l\u2019Union africaine (CUA) Mahmoud Ali Youssouf a&nbsp;salu\u00e9, mercredi, l\u2019accord de cessez-le-feu entre les \u00c9tats-Unis et l\u2019Iran,&nbsp;exhortant toutes les parties \u00e0 maintenir l\u2019\u00e9lan vers une paix durable et globale. Dans un communiqu\u00e9, M. Ali Youssouf a qualifi\u00e9 cet accord d\u2019\u00e9tape importante qui refl\u00e8te un engagement commun pour la d\u00e9sescalade, &hellip;","og_url":"https:\/\/dpress.ma\/fr\/2026\/04\/09\/lua-salue-laccord-de-cessez-le-feu-entre-les-etats-unis-et-liran\/","og_site_name":"Dpress.ma\/fr","article_published_time":"2026-04-09T15:47:49+00:00","article_modified_time":"2026-04-09T15:47:50+00:00","og_image":[{"width":2539,"height":1594,"url":"https:\/\/dpress.ma\/fr\/wp-content\/uploads\/sites\/2\/2026\/04\/34-2.jpg","type":"image\/jpeg"}],"author":"Dpress.ma","twitter_card":"summary_large_image","twitter_misc":{"\u00c9crit par":"Dpress.ma","Dur\u00e9e de lecture estim\u00e9e":"1 minute"},"schema":{"@context":"https:\/\/schema.org","@graph":[{"@type":"Article","@id":"https:\/\/dpress.ma\/fr\/2026\/04\/09\/lua-salue-laccord-de-cessez-le-feu-entre-les-etats-unis-et-liran\/#article","isPartOf":{"@id":"https:\/\/dpress.ma\/fr\/2026\/04\/09\/lua-salue-laccord-de-cessez-le-feu-entre-les-etats-unis-et-liran\/"},"author":{"name":"Dpress.ma","@id":"https:\/\/dpress.ma\/fr\/#\/schema\/person\/4898febf3ccd59e6578d838656a306a0"},"headline":"L\u2019UA salue l\u2019accord de cessez-le-feu entre les \u00c9tats-Unis et l\u2019Iran","datePublished":"2026-04-09T15:47:49+00:00","dateModified":"2026-04-09T15:47:50+00:00","mainEntityOfPage":{"@id":"https:\/\/dpress.ma\/fr\/2026\/04\/09\/lua-salue-laccord-de-cessez-le-feu-entre-les-etats-unis-et-liran\/"},"wordCount":192,"commentCount":0,"image":{"@id":"https:\/\/dpress.ma\/fr\/2026\/04\/09\/lua-salue-laccord-de-cessez-le-feu-entre-les-etats-unis-et-liran\/#primaryimage"},"thumbnailUrl":"https:\/\/dpress.ma\/fr\/wp-content\/uploads\/sites\/2\/2026\/04\/34-2.jpg","articleSection":["monde"],"inLanguage":"fr-FR","potentialAction":[{"@type":"CommentAction","name":"Comment","target":["https:\/\/dpress.ma\/fr\/2026\/04\/09\/lua-salue-laccord-de-cessez-le-feu-entre-les-etats-unis-et-liran\/#respond"]}]},{"@type":"WebPage","@id":"https:\/\/dpress.ma\/fr\/2026\/04\/09\/lua-salue-laccord-de-cessez-le-feu-entre-les-etats-unis-et-liran\/","url":"https:\/\/dpress.ma\/fr\/2026\/04\/09\/lua-salue-laccord-de-cessez-le-feu-entre-les-etats-unis-et-liran\/","name":"L\u2019UA salue l\u2019accord de cessez-le-feu entre les \u00c9tats-Unis et l\u2019Iran - Dpress.ma\/fr","isPartOf":{"@id":"https:\/\/dpress.ma\/fr\/#website"},"primaryImageOfPage":{"@id":"https:\/\/dpress.ma\/fr\/2026\/04\/09\/lua-salue-laccord-de-cessez-le-feu-entre-les-etats-unis-et-liran\/#primaryimage"},"image":{"@id":"https:\/\/dpress.ma\/fr\/2026\/04\/09\/lua-salue-laccord-de-cessez-le-feu-entre-les-etats-unis-et-liran\/#primaryimage"},"thumbnailUrl":"https:\/\/dpress.ma\/fr\/wp-content\/uploads\/sites\/2\/2026\/04\/34-2.jpg","datePublished":"2026-04-09T15:47:49+00:00","dateModified":"2026-04-09T15:47:50+00:00","author":{"@id":"https:\/\/dpress.ma\/fr\/#\/schema\/person\/4898febf3ccd59e6578d838656a306a0"},"breadcrumb":{"@id":"https:\/\/dpress.ma\/fr\/2026\/04\/09\/lua-salue-laccord-de-cessez-le-feu-entre-les-etats-unis-et-liran\/#breadcrumb"},"inLanguage":"fr-FR","potentialAction":[{"@type":"ReadAction","target":["https:\/\/dpress.ma\/fr\/2026\/04\/09\/lua-salue-laccord-de-cessez-le-feu-entre-les-etats-unis-et-liran\/"]}]},{"@type":"ImageObject","inLanguage":"fr-FR","@id":"https:\/\/dpress.ma\/fr\/2026\/04\/09\/lua-salue-laccord-de-cessez-le-feu-entre-les-etats-unis-et-liran\/#primaryimage","url":"https:\/\/dpress.ma\/fr\/wp-content\/uploads\/sites\/2\/2026\/04\/34-2.jpg","contentUrl":"https:\/\/dpress.ma\/fr\/wp-content\/uploads\/sites\/2\/2026\/04\/34-2.jpg","width":2539,"height":1594},{"@type":"BreadcrumbList","@id":"https:\/\/dpress.ma\/fr\/2026\/04\/09\/lua-salue-laccord-de-cessez-le-feu-entre-les-etats-unis-et-liran\/#breadcrumb","itemListElement":[{"@type":"ListItem","position":1,"name":"Home","item":"https:\/\/dpress.ma\/fr\/"},{"@type":"ListItem","position":2,"name":"L\u2019UA salue l\u2019accord de cessez-le-feu entre les \u00c9tats-Unis et l\u2019Iran"}]},{"@type":"WebSite","@id":"https:\/\/dpress.ma\/fr\/#website","url":"https:\/\/dpress.ma\/fr\/","name":"Dpress.ma\/fr","description":"","potentialAction":[{"@type":"SearchAction","target":{"@type":"EntryPoint","urlTemplate":"https:\/\/dpress.ma\/fr\/?s={search_term_string}"},"query-input":{"@type":"PropertyValueSpecification","valueRequired":true,"valueName":"search_term_string"}}],"inLanguage":"fr-FR"},{"@type":"Person","@id":"https:\/\/dpress.ma\/fr\/#\/schema\/person\/4898febf3ccd59e6578d838656a306a0","name":"Dpress.ma","image":{"@type":"ImageObject","inLanguage":"fr-FR","@id":"https:\/\/secure.gravatar.com\/avatar\/72ecc30e9db047a2e0e7176561eb9d564ed77c8108376495b19bd8336405198a?s=96&d=mm&r=g","url":"https:\/\/secure.gravatar.com\/avatar\/72ecc30e9db047a2e0e7176561eb9d564ed77c8108376495b19bd8336405198a?s=96&d=mm&r=g","contentUrl":"https:\/\/secure.gravatar.com\/avatar\/72ecc30e9db047a2e0e7176561eb9d564ed77c8108376495b19bd8336405198a?s=96&d=mm&r=g","caption":"Dpress.ma"},"sameAs":["https:\/\/www.dpress.ma"],"url":"https:\/\/dpress.ma\/fr\/author\/dpress-ma\/"}]}},"amp_enabled":true,"_links":{"self":[{"href":"https:\/\/dpress.ma\/fr\/wp-json\/wp\/v2\/posts\/28078","targetHints":{"allow":["GET"]}}],"collection":[{"href":"https:\/\/dpress.ma\/fr\/wp-json\/wp\/v2\/posts"}],"about":[{"href":"https:\/\/dpress.ma\/fr\/wp-json\/wp\/v2\/types\/post"}],"author":[{"embeddable":true,"href":"https:\/\/dpress.ma\/fr\/wp-json\/wp\/v2\/users\/2"}],"replies":[{"embeddable":true,"href":"https:\/\/dpress.ma\/fr\/wp-json\/wp\/v2\/comments?post=28078"}],"version-history":[{"count":1,"href":"https:\/\/dpress.ma\/fr\/wp-json\/wp\/v2\/posts\/28078\/revisions"}],"predecessor-version":[{"id":28080,"href":"https:\/\/dpress.ma\/fr\/wp-json\/wp\/v2\/posts\/28078\/revisions\/28080"}],"wp:featuredmedia":[{"embeddable":true,"href":"https:\/\/dpress.ma\/fr\/wp-json\/wp\/v2\/media\/28079"}],"wp:attachment":[{"href":"https:\/\/dpress.ma\/fr\/wp-json\/wp\/v2\/media?parent=28078"}],"wp:term":[{"taxonomy":"category","embeddable":true,"href":"https:\/\/dpress.ma\/fr\/wp-json\/wp\/v2\/categories?post=28078"},{"taxonomy":"post_tag","embeddable":true,"href":"https:\/\/dpress.ma\/fr\/wp-json\/wp\/v2\/tags?post=28078"}],"curies":[{"name":"wp","href":"https:\/\/api.w.org\/{rel}","templated":true}]}}