{"id":2807,"date":"2022-12-07T16:39:26","date_gmt":"2022-12-07T16:39:26","guid":{"rendered":"https:\/\/dpress.ma\/fr\/?p=2807"},"modified":"2022-12-07T16:39:27","modified_gmt":"2022-12-07T16:39:27","slug":"reconstitution-des-ressources-du-fad-le-maroc-contribue-avec-5-millions-de-dollars-president-de-la-bad","status":"publish","type":"post","link":"https:\/\/dpress.ma\/fr\/2022\/12\/07\/reconstitution-des-ressources-du-fad-le-maroc-contribue-avec-5-millions-de-dollars-president-de-la-bad\/","title":{"rendered":"Reconstitution des ressources du FAD: le Maroc contribue avec 5 millions de dollars (pr\u00e9sident de la BAD)"},"content":{"rendered":"\n<p>Dpress<\/p>\n\n\n\n<p><strong>\u00a0<\/strong>Le Maroc a contribu\u00e9 avec 5 millions de dollars au Fonds africain de d\u00e9veloppement (FAD), le guichet concessionnel du Groupe de la Banque africaine de d\u00e9veloppement (BAD), a annonc\u00e9 le pr\u00e9sident de la Banque, Akinwumi A. Adesina.<\/p>\n\n\n\n<p>\u00ab\u00a0Pour la premi\u00e8re fois, le Maroc a d\u00e9cid\u00e9 de contribuer \u00e0 la seizi\u00e8me reconstitution des ressources du Fonds pour la p\u00e9riode 2023-2025\u00a0\u00bb, s&rsquo;est f\u00e9licit\u00e9 M. Adesina dans une interview exclusive accord\u00e9e \u00e0 la MAP.<\/p>\n\n\n\n<p>Pour la premi\u00e8re fois \u00e9galement, le Royaume accueille une r\u00e9union de reconstitution du Fonds, a not\u00e9 le pr\u00e9sident, mettant en avant l&rsquo;importance de cette rencontre pour le continent tant elle ouvre un nouveau champ de possibilit\u00e9s et de nouvelles perspectives \u00e0 pr\u00e8s de 40 pays africains.<\/p>\n\n\n\n<p>\u00ab\u00a0Au nom du Groupe de la Banque africaine de d\u00e9veloppement, je voudrais saluer la forte et constante implication du Royaume dans le d\u00e9veloppement de son continent\u00a0\u00bb, a-t-il dit.<\/p>\n\n\n\n<p>Une enveloppe totale de 8,9 milliards de dollars a \u00e9t\u00e9 engag\u00e9e par les partenaires, lors cette quatri\u00e8me et derni\u00e8re r\u00e9union de la seizi\u00e8me reconstitution des ressources du FAD, tenue \u00e0 Tanger.<\/p>\n\n\n\n<p>Il s&rsquo;agit de la plus importante reconstitution de l&rsquo;histoire du FAD, qui accorde des dons et des pr\u00eats \u00e0 des conditions favorables aux pays \u00e0 faible revenu du continent.<\/p>\n","protected":false},"excerpt":{"rendered":"<p>Dpress \u00a0Le Maroc a contribu\u00e9 avec 5 millions de dollars au Fonds africain de d\u00e9veloppement (FAD), le guichet concessionnel du Groupe de la Banque africaine de d\u00e9veloppement (BAD), a annonc\u00e9 le pr\u00e9sident de la Banque, Akinwumi A. Adesina. \u00ab\u00a0Pour la premi\u00e8re fois, le Maroc a d\u00e9cid\u00e9 de contribuer \u00e0 la seizi\u00e8me reconstitution des ressources du &hellip;<\/p>\n","protected":false},"author":2,"featured_media":2808,"comment_status":"open","ping_status":"open","sticky":false,"template":"","format":"standard","meta":{"footnotes":""},"categories":[25],"tags":[],"class_list":["post-2807","post","type-post","status-publish","format-standard","has-post-thumbnail","hentry","category-economie"],"yoast_head":"<!-- This site is optimized with the Yoast SEO plugin v27.5 - https:\/\/yoast.com\/product\/yoast-seo-wordpress\/ -->\n<title>Reconstitution des ressources du FAD: le Maroc contribue avec 5 millions de dollars (pr\u00e9sident de la BAD) - Dpress.ma\/fr<\/title>\n<meta name=\"description\" content=\"Le Maroc a contribu\u00e9 avec 5 millions de dollars au Fonds africain de d\u00e9veloppement (FAD), le guichet concessionnel du Groupe de la Banque africaine de d\u00e9veloppement (BAD), a annonc\u00e9 le pr\u00e9sident de la Banque, Akinwumi A. Adesina.\" \/>\n<meta name=\"robots\" content=\"index, follow, max-snippet:-1, max-image-preview:large, max-video-preview:-1\" \/>\n<link rel=\"canonical\" href=\"https:\/\/dpress.ma\/fr\/2022\/12\/07\/reconstitution-des-ressources-du-fad-le-maroc-contribue-avec-5-millions-de-dollars-president-de-la-bad\/\" \/>\n<meta property=\"og:locale\" content=\"fr_FR\" \/>\n<meta property=\"og:type\" content=\"article\" \/>\n<meta property=\"og:title\" content=\"Reconstitution des ressources du FAD: le Maroc contribue avec 5 millions de dollars (pr\u00e9sident de la BAD) - Dpress.ma\/fr\" \/>\n<meta property=\"og:description\" content=\"Le Maroc a contribu\u00e9 avec 5 millions de dollars au Fonds africain de d\u00e9veloppement (FAD), le guichet concessionnel du Groupe de la Banque africaine de d\u00e9veloppement (BAD), a annonc\u00e9 le pr\u00e9sident de la Banque, Akinwumi A. Adesina.\" \/>\n<meta property=\"og:url\" content=\"https:\/\/dpress.ma\/fr\/2022\/12\/07\/reconstitution-des-ressources-du-fad-le-maroc-contribue-avec-5-millions-de-dollars-president-de-la-bad\/\" \/>\n<meta property=\"og:site_name\" content=\"Dpress.ma\/fr\" \/>\n<meta property=\"article:published_time\" content=\"2022-12-07T16:39:26+00:00\" \/>\n<meta property=\"article:modified_time\" content=\"2022-12-07T16:39:27+00:00\" \/>\n<meta property=\"og:image\" content=\"https:\/\/dpress.ma\/fr\/wp-content\/uploads\/sites\/2\/2022\/12\/dimensions2-25.jpg\" \/>\n\t<meta property=\"og:image:width\" content=\"2539\" \/>\n\t<meta property=\"og:image:height\" content=\"1594\" \/>\n\t<meta property=\"og:image:type\" content=\"image\/jpeg\" \/>\n<meta name=\"author\" content=\"Dpress.ma\" \/>\n<meta name=\"twitter:card\" content=\"summary_large_image\" \/>\n<meta name=\"twitter:label1\" content=\"\u00c9crit par\" \/>\n\t<meta name=\"twitter:data1\" content=\"Dpress.ma\" \/>\n\t<meta name=\"twitter:label2\" content=\"Dur\u00e9e de lecture estim\u00e9e\" \/>\n\t<meta name=\"twitter:data2\" content=\"2 minutes\" \/>\n<script type=\"application\/ld+json\" class=\"yoast-schema-graph\">{\"@context\":\"https:\\\/\\\/schema.org\",\"@graph\":[{\"@type\":\"Article\",\"@id\":\"https:\\\/\\\/dpress.ma\\\/fr\\\/2022\\\/12\\\/07\\\/reconstitution-des-ressources-du-fad-le-maroc-contribue-avec-5-millions-de-dollars-president-de-la-bad\\\/#article\",\"isPartOf\":{\"@id\":\"https:\\\/\\\/dpress.ma\\\/fr\\\/2022\\\/12\\\/07\\\/reconstitution-des-ressources-du-fad-le-maroc-contribue-avec-5-millions-de-dollars-president-de-la-bad\\\/\"},\"author\":{\"name\":\"Dpress.ma\",\"@id\":\"https:\\\/\\\/dpress.ma\\\/fr\\\/#\\\/schema\\\/person\\\/4898febf3ccd59e6578d838656a306a0\"},\"headline\":\"Reconstitution des ressources du FAD: le Maroc contribue avec 5 millions de dollars (pr\u00e9sident de la BAD)\",\"datePublished\":\"2022-12-07T16:39:26+00:00\",\"dateModified\":\"2022-12-07T16:39:27+00:00\",\"mainEntityOfPage\":{\"@id\":\"https:\\\/\\\/dpress.ma\\\/fr\\\/2022\\\/12\\\/07\\\/reconstitution-des-ressources-du-fad-le-maroc-contribue-avec-5-millions-de-dollars-president-de-la-bad\\\/\"},\"wordCount\":236,\"commentCount\":0,\"image\":{\"@id\":\"https:\\\/\\\/dpress.ma\\\/fr\\\/2022\\\/12\\\/07\\\/reconstitution-des-ressources-du-fad-le-maroc-contribue-avec-5-millions-de-dollars-president-de-la-bad\\\/#primaryimage\"},\"thumbnailUrl\":\"https:\\\/\\\/dpress.ma\\\/fr\\\/wp-content\\\/uploads\\\/sites\\\/2\\\/2022\\\/12\\\/dimensions2-25.jpg\",\"articleSection\":[\"\u00c9conomie\"],\"inLanguage\":\"fr-FR\",\"potentialAction\":[{\"@type\":\"CommentAction\",\"name\":\"Comment\",\"target\":[\"https:\\\/\\\/dpress.ma\\\/fr\\\/2022\\\/12\\\/07\\\/reconstitution-des-ressources-du-fad-le-maroc-contribue-avec-5-millions-de-dollars-president-de-la-bad\\\/#respond\"]}]},{\"@type\":\"WebPage\",\"@id\":\"https:\\\/\\\/dpress.ma\\\/fr\\\/2022\\\/12\\\/07\\\/reconstitution-des-ressources-du-fad-le-maroc-contribue-avec-5-millions-de-dollars-president-de-la-bad\\\/\",\"url\":\"https:\\\/\\\/dpress.ma\\\/fr\\\/2022\\\/12\\\/07\\\/reconstitution-des-ressources-du-fad-le-maroc-contribue-avec-5-millions-de-dollars-president-de-la-bad\\\/\",\"name\":\"Reconstitution des ressources du FAD: le Maroc contribue avec 5 millions de dollars (pr\u00e9sident de la BAD) - Dpress.ma\\\/fr\",\"isPartOf\":{\"@id\":\"https:\\\/\\\/dpress.ma\\\/fr\\\/#website\"},\"primaryImageOfPage\":{\"@id\":\"https:\\\/\\\/dpress.ma\\\/fr\\\/2022\\\/12\\\/07\\\/reconstitution-des-ressources-du-fad-le-maroc-contribue-avec-5-millions-de-dollars-president-de-la-bad\\\/#primaryimage\"},\"image\":{\"@id\":\"https:\\\/\\\/dpress.ma\\\/fr\\\/2022\\\/12\\\/07\\\/reconstitution-des-ressources-du-fad-le-maroc-contribue-avec-5-millions-de-dollars-president-de-la-bad\\\/#primaryimage\"},\"thumbnailUrl\":\"https:\\\/\\\/dpress.ma\\\/fr\\\/wp-content\\\/uploads\\\/sites\\\/2\\\/2022\\\/12\\\/dimensions2-25.jpg\",\"datePublished\":\"2022-12-07T16:39:26+00:00\",\"dateModified\":\"2022-12-07T16:39:27+00:00\",\"author\":{\"@id\":\"https:\\\/\\\/dpress.ma\\\/fr\\\/#\\\/schema\\\/person\\\/4898febf3ccd59e6578d838656a306a0\"},\"description\":\"Le Maroc a contribu\u00e9 avec 5 millions de dollars au Fonds africain de d\u00e9veloppement (FAD), le guichet concessionnel du Groupe de la Banque africaine de d\u00e9veloppement (BAD), a annonc\u00e9 le pr\u00e9sident de la Banque, Akinwumi A. Adesina.\",\"breadcrumb\":{\"@id\":\"https:\\\/\\\/dpress.ma\\\/fr\\\/2022\\\/12\\\/07\\\/reconstitution-des-ressources-du-fad-le-maroc-contribue-avec-5-millions-de-dollars-president-de-la-bad\\\/#breadcrumb\"},\"inLanguage\":\"fr-FR\",\"potentialAction\":[{\"@type\":\"ReadAction\",\"target\":[\"https:\\\/\\\/dpress.ma\\\/fr\\\/2022\\\/12\\\/07\\\/reconstitution-des-ressources-du-fad-le-maroc-contribue-avec-5-millions-de-dollars-president-de-la-bad\\\/\"]}]},{\"@type\":\"ImageObject\",\"inLanguage\":\"fr-FR\",\"@id\":\"https:\\\/\\\/dpress.ma\\\/fr\\\/2022\\\/12\\\/07\\\/reconstitution-des-ressources-du-fad-le-maroc-contribue-avec-5-millions-de-dollars-president-de-la-bad\\\/#primaryimage\",\"url\":\"https:\\\/\\\/dpress.ma\\\/fr\\\/wp-content\\\/uploads\\\/sites\\\/2\\\/2022\\\/12\\\/dimensions2-25.jpg\",\"contentUrl\":\"https:\\\/\\\/dpress.ma\\\/fr\\\/wp-content\\\/uploads\\\/sites\\\/2\\\/2022\\\/12\\\/dimensions2-25.jpg\",\"width\":2539,\"height\":1594},{\"@type\":\"BreadcrumbList\",\"@id\":\"https:\\\/\\\/dpress.ma\\\/fr\\\/2022\\\/12\\\/07\\\/reconstitution-des-ressources-du-fad-le-maroc-contribue-avec-5-millions-de-dollars-president-de-la-bad\\\/#breadcrumb\",\"itemListElement\":[{\"@type\":\"ListItem\",\"position\":1,\"name\":\"Home\",\"item\":\"https:\\\/\\\/dpress.ma\\\/fr\\\/\"},{\"@type\":\"ListItem\",\"position\":2,\"name\":\"Reconstitution des ressources du FAD: le Maroc contribue avec 5 millions de dollars (pr\u00e9sident de la BAD)\"}]},{\"@type\":\"WebSite\",\"@id\":\"https:\\\/\\\/dpress.ma\\\/fr\\\/#website\",\"url\":\"https:\\\/\\\/dpress.ma\\\/fr\\\/\",\"name\":\"Dpress.ma\\\/fr\",\"description\":\"\",\"potentialAction\":[{\"@type\":\"SearchAction\",\"target\":{\"@type\":\"EntryPoint\",\"urlTemplate\":\"https:\\\/\\\/dpress.ma\\\/fr\\\/?s={search_term_string}\"},\"query-input\":{\"@type\":\"PropertyValueSpecification\",\"valueRequired\":true,\"valueName\":\"search_term_string\"}}],\"inLanguage\":\"fr-FR\"},{\"@type\":\"Person\",\"@id\":\"https:\\\/\\\/dpress.ma\\\/fr\\\/#\\\/schema\\\/person\\\/4898febf3ccd59e6578d838656a306a0\",\"name\":\"Dpress.ma\",\"image\":{\"@type\":\"ImageObject\",\"inLanguage\":\"fr-FR\",\"@id\":\"https:\\\/\\\/secure.gravatar.com\\\/avatar\\\/72ecc30e9db047a2e0e7176561eb9d564ed77c8108376495b19bd8336405198a?s=96&d=mm&r=g\",\"url\":\"https:\\\/\\\/secure.gravatar.com\\\/avatar\\\/72ecc30e9db047a2e0e7176561eb9d564ed77c8108376495b19bd8336405198a?s=96&d=mm&r=g\",\"contentUrl\":\"https:\\\/\\\/secure.gravatar.com\\\/avatar\\\/72ecc30e9db047a2e0e7176561eb9d564ed77c8108376495b19bd8336405198a?s=96&d=mm&r=g\",\"caption\":\"Dpress.ma\"},\"sameAs\":[\"https:\\\/\\\/www.dpress.ma\"],\"url\":\"https:\\\/\\\/dpress.ma\\\/fr\\\/author\\\/dpress-ma\\\/\"}]}<\/script>\n<!-- \/ Yoast SEO plugin. -->","yoast_head_json":{"title":"Reconstitution des ressources du FAD: le Maroc contribue avec 5 millions de dollars (pr\u00e9sident de la BAD) - Dpress.ma\/fr","description":"Le Maroc a contribu\u00e9 avec 5 millions de dollars au Fonds africain de d\u00e9veloppement (FAD), le guichet concessionnel du Groupe de la Banque africaine de d\u00e9veloppement (BAD), a annonc\u00e9 le pr\u00e9sident de la Banque, Akinwumi A. Adesina.","robots":{"index":"index","follow":"follow","max-snippet":"max-snippet:-1","max-image-preview":"max-image-preview:large","max-video-preview":"max-video-preview:-1"},"canonical":"https:\/\/dpress.ma\/fr\/2022\/12\/07\/reconstitution-des-ressources-du-fad-le-maroc-contribue-avec-5-millions-de-dollars-president-de-la-bad\/","og_locale":"fr_FR","og_type":"article","og_title":"Reconstitution des ressources du FAD: le Maroc contribue avec 5 millions de dollars (pr\u00e9sident de la BAD) - Dpress.ma\/fr","og_description":"Le Maroc a contribu\u00e9 avec 5 millions de dollars au Fonds africain de d\u00e9veloppement (FAD), le guichet concessionnel du Groupe de la Banque africaine de d\u00e9veloppement (BAD), a annonc\u00e9 le pr\u00e9sident de la Banque, Akinwumi A. Adesina.","og_url":"https:\/\/dpress.ma\/fr\/2022\/12\/07\/reconstitution-des-ressources-du-fad-le-maroc-contribue-avec-5-millions-de-dollars-president-de-la-bad\/","og_site_name":"Dpress.ma\/fr","article_published_time":"2022-12-07T16:39:26+00:00","article_modified_time":"2022-12-07T16:39:27+00:00","og_image":[{"width":2539,"height":1594,"url":"https:\/\/dpress.ma\/fr\/wp-content\/uploads\/sites\/2\/2022\/12\/dimensions2-25.jpg","type":"image\/jpeg"}],"author":"Dpress.ma","twitter_card":"summary_large_image","twitter_misc":{"\u00c9crit par":"Dpress.ma","Dur\u00e9e de lecture estim\u00e9e":"2 minutes"},"schema":{"@context":"https:\/\/schema.org","@graph":[{"@type":"Article","@id":"https:\/\/dpress.ma\/fr\/2022\/12\/07\/reconstitution-des-ressources-du-fad-le-maroc-contribue-avec-5-millions-de-dollars-president-de-la-bad\/#article","isPartOf":{"@id":"https:\/\/dpress.ma\/fr\/2022\/12\/07\/reconstitution-des-ressources-du-fad-le-maroc-contribue-avec-5-millions-de-dollars-president-de-la-bad\/"},"author":{"name":"Dpress.ma","@id":"https:\/\/dpress.ma\/fr\/#\/schema\/person\/4898febf3ccd59e6578d838656a306a0"},"headline":"Reconstitution des ressources du FAD: le Maroc contribue avec 5 millions de dollars (pr\u00e9sident de la BAD)","datePublished":"2022-12-07T16:39:26+00:00","dateModified":"2022-12-07T16:39:27+00:00","mainEntityOfPage":{"@id":"https:\/\/dpress.ma\/fr\/2022\/12\/07\/reconstitution-des-ressources-du-fad-le-maroc-contribue-avec-5-millions-de-dollars-president-de-la-bad\/"},"wordCount":236,"commentCount":0,"image":{"@id":"https:\/\/dpress.ma\/fr\/2022\/12\/07\/reconstitution-des-ressources-du-fad-le-maroc-contribue-avec-5-millions-de-dollars-president-de-la-bad\/#primaryimage"},"thumbnailUrl":"https:\/\/dpress.ma\/fr\/wp-content\/uploads\/sites\/2\/2022\/12\/dimensions2-25.jpg","articleSection":["\u00c9conomie"],"inLanguage":"fr-FR","potentialAction":[{"@type":"CommentAction","name":"Comment","target":["https:\/\/dpress.ma\/fr\/2022\/12\/07\/reconstitution-des-ressources-du-fad-le-maroc-contribue-avec-5-millions-de-dollars-president-de-la-bad\/#respond"]}]},{"@type":"WebPage","@id":"https:\/\/dpress.ma\/fr\/2022\/12\/07\/reconstitution-des-ressources-du-fad-le-maroc-contribue-avec-5-millions-de-dollars-president-de-la-bad\/","url":"https:\/\/dpress.ma\/fr\/2022\/12\/07\/reconstitution-des-ressources-du-fad-le-maroc-contribue-avec-5-millions-de-dollars-president-de-la-bad\/","name":"Reconstitution des ressources du FAD: le Maroc contribue avec 5 millions de dollars (pr\u00e9sident de la BAD) - Dpress.ma\/fr","isPartOf":{"@id":"https:\/\/dpress.ma\/fr\/#website"},"primaryImageOfPage":{"@id":"https:\/\/dpress.ma\/fr\/2022\/12\/07\/reconstitution-des-ressources-du-fad-le-maroc-contribue-avec-5-millions-de-dollars-president-de-la-bad\/#primaryimage"},"image":{"@id":"https:\/\/dpress.ma\/fr\/2022\/12\/07\/reconstitution-des-ressources-du-fad-le-maroc-contribue-avec-5-millions-de-dollars-president-de-la-bad\/#primaryimage"},"thumbnailUrl":"https:\/\/dpress.ma\/fr\/wp-content\/uploads\/sites\/2\/2022\/12\/dimensions2-25.jpg","datePublished":"2022-12-07T16:39:26+00:00","dateModified":"2022-12-07T16:39:27+00:00","author":{"@id":"https:\/\/dpress.ma\/fr\/#\/schema\/person\/4898febf3ccd59e6578d838656a306a0"},"description":"Le Maroc a contribu\u00e9 avec 5 millions de dollars au Fonds africain de d\u00e9veloppement (FAD), le guichet concessionnel du Groupe de la Banque africaine de d\u00e9veloppement (BAD), a annonc\u00e9 le pr\u00e9sident de la Banque, Akinwumi A. Adesina.","breadcrumb":{"@id":"https:\/\/dpress.ma\/fr\/2022\/12\/07\/reconstitution-des-ressources-du-fad-le-maroc-contribue-avec-5-millions-de-dollars-president-de-la-bad\/#breadcrumb"},"inLanguage":"fr-FR","potentialAction":[{"@type":"ReadAction","target":["https:\/\/dpress.ma\/fr\/2022\/12\/07\/reconstitution-des-ressources-du-fad-le-maroc-contribue-avec-5-millions-de-dollars-president-de-la-bad\/"]}]},{"@type":"ImageObject","inLanguage":"fr-FR","@id":"https:\/\/dpress.ma\/fr\/2022\/12\/07\/reconstitution-des-ressources-du-fad-le-maroc-contribue-avec-5-millions-de-dollars-president-de-la-bad\/#primaryimage","url":"https:\/\/dpress.ma\/fr\/wp-content\/uploads\/sites\/2\/2022\/12\/dimensions2-25.jpg","contentUrl":"https:\/\/dpress.ma\/fr\/wp-content\/uploads\/sites\/2\/2022\/12\/dimensions2-25.jpg","width":2539,"height":1594},{"@type":"BreadcrumbList","@id":"https:\/\/dpress.ma\/fr\/2022\/12\/07\/reconstitution-des-ressources-du-fad-le-maroc-contribue-avec-5-millions-de-dollars-president-de-la-bad\/#breadcrumb","itemListElement":[{"@type":"ListItem","position":1,"name":"Home","item":"https:\/\/dpress.ma\/fr\/"},{"@type":"ListItem","position":2,"name":"Reconstitution des ressources du FAD: le Maroc contribue avec 5 millions de dollars (pr\u00e9sident de la BAD)"}]},{"@type":"WebSite","@id":"https:\/\/dpress.ma\/fr\/#website","url":"https:\/\/dpress.ma\/fr\/","name":"Dpress.ma\/fr","description":"","potentialAction":[{"@type":"SearchAction","target":{"@type":"EntryPoint","urlTemplate":"https:\/\/dpress.ma\/fr\/?s={search_term_string}"},"query-input":{"@type":"PropertyValueSpecification","valueRequired":true,"valueName":"search_term_string"}}],"inLanguage":"fr-FR"},{"@type":"Person","@id":"https:\/\/dpress.ma\/fr\/#\/schema\/person\/4898febf3ccd59e6578d838656a306a0","name":"Dpress.ma","image":{"@type":"ImageObject","inLanguage":"fr-FR","@id":"https:\/\/secure.gravatar.com\/avatar\/72ecc30e9db047a2e0e7176561eb9d564ed77c8108376495b19bd8336405198a?s=96&d=mm&r=g","url":"https:\/\/secure.gravatar.com\/avatar\/72ecc30e9db047a2e0e7176561eb9d564ed77c8108376495b19bd8336405198a?s=96&d=mm&r=g","contentUrl":"https:\/\/secure.gravatar.com\/avatar\/72ecc30e9db047a2e0e7176561eb9d564ed77c8108376495b19bd8336405198a?s=96&d=mm&r=g","caption":"Dpress.ma"},"sameAs":["https:\/\/www.dpress.ma"],"url":"https:\/\/dpress.ma\/fr\/author\/dpress-ma\/"}]}},"amp_enabled":true,"_links":{"self":[{"href":"https:\/\/dpress.ma\/fr\/wp-json\/wp\/v2\/posts\/2807","targetHints":{"allow":["GET"]}}],"collection":[{"href":"https:\/\/dpress.ma\/fr\/wp-json\/wp\/v2\/posts"}],"about":[{"href":"https:\/\/dpress.ma\/fr\/wp-json\/wp\/v2\/types\/post"}],"author":[{"embeddable":true,"href":"https:\/\/dpress.ma\/fr\/wp-json\/wp\/v2\/users\/2"}],"replies":[{"embeddable":true,"href":"https:\/\/dpress.ma\/fr\/wp-json\/wp\/v2\/comments?post=2807"}],"version-history":[{"count":1,"href":"https:\/\/dpress.ma\/fr\/wp-json\/wp\/v2\/posts\/2807\/revisions"}],"predecessor-version":[{"id":2809,"href":"https:\/\/dpress.ma\/fr\/wp-json\/wp\/v2\/posts\/2807\/revisions\/2809"}],"wp:featuredmedia":[{"embeddable":true,"href":"https:\/\/dpress.ma\/fr\/wp-json\/wp\/v2\/media\/2808"}],"wp:attachment":[{"href":"https:\/\/dpress.ma\/fr\/wp-json\/wp\/v2\/media?parent=2807"}],"wp:term":[{"taxonomy":"category","embeddable":true,"href":"https:\/\/dpress.ma\/fr\/wp-json\/wp\/v2\/categories?post=2807"},{"taxonomy":"post_tag","embeddable":true,"href":"https:\/\/dpress.ma\/fr\/wp-json\/wp\/v2\/tags?post=2807"}],"curies":[{"name":"wp","href":"https:\/\/api.w.org\/{rel}","templated":true}]}}