{"id":28065,"date":"2026-04-09T15:41:32","date_gmt":"2026-04-09T15:41:32","guid":{"rendered":"https:\/\/dpress.ma\/fr\/?p=28065"},"modified":"2026-04-09T15:41:34","modified_gmt":"2026-04-09T15:41:34","slug":"sahara-marocain-le-kenya-soutient-lautonomie-sous-souverainete-marocaine-et-entend-cooperer-avec-les-etats-partageant-les-memes-vues-pour-favoriser-sa-concretisation","status":"publish","type":"post","link":"https:\/\/dpress.ma\/fr\/2026\/04\/09\/sahara-marocain-le-kenya-soutient-lautonomie-sous-souverainete-marocaine-et-entend-cooperer-avec-les-etats-partageant-les-memes-vues-pour-favoriser-sa-concretisation\/","title":{"rendered":"Sahara marocain : le Kenya soutient l\u2019autonomie sous souverainet\u00e9 marocaine et entend coop\u00e9rer avec les \u00c9tats partageant les m\u00eames vues pour favoriser sa concr\u00e9tisation"},"content":{"rendered":"\n<p>Dpress<\/p>\n\n\n\n<p>Le Kenya a exprim\u00e9, jeudi, son soutien \u00e0 l\u2019autonomie sous souverainet\u00e9 marocaine et affirm\u00e9 son intention de coop\u00e9rer avec les \u00c9tats partageant les m\u00eames vues pour favoriser sa concr\u00e9tisation.<\/p>\n\n\n\n<p>Cette position a \u00e9t\u00e9 exprim\u00e9e \u00e0 l\u2019occasion des travaux de la premi\u00e8re session de la Commission mixte de coop\u00e9ration maroco-k\u00e9nyane, co-pr\u00e9sid\u00e9s, \u00e0 Nairobi, par le ministre des Affaires \u00e9trang\u00e8res, de la Coop\u00e9ration africaine et des Marocains r\u00e9sidant \u00e0 l\u2019\u00e9tranger, Nasser Bourita, et le Premier Secr\u00e9taire du Cabinet et Secr\u00e9taire du Cabinet des Affaires \u00e9trang\u00e8res et de la Diaspora de la R\u00e9publique du Kenya, Dr. Musalia Mudavadi.<\/p>\n\n\n\n<p>Dans le Communiqu\u00e9 conjoint adopt\u00e9 \u00e0 l\u2019issue des travaux de cette Commission mixte, le Kenya s\u2019est \u201cf\u00e9licit\u00e9 du consensus international croissant et de la dynamique impuls\u00e9e par Sa Majest\u00e9 le Roi Mohammed VI en faveur du plan d\u2019autonomie pr\u00e9sent\u00e9 par le Royaume du Maroc\u201d, qualifiant l\u2019autonomie comme \u201cla seule solution cr\u00e9dible et r\u00e9aliste pour r\u00e9soudre le diff\u00e9rend sur le Sahara\u201d.<\/p>\n\n\n\n<p>Consid\u00e9rant le plan d\u2019autonomie pr\u00e9sent\u00e9 par le Maroc comme une \u201capproche durable\u201d pour r\u00e9soudre le diff\u00e9rend r\u00e9gional autour du Sahara marocain, le Kenya a d\u00e9clar\u00e9 son intention de \u201ccoop\u00e9rer avec les \u00c9tats partageant les m\u00eames vues pour favoriser sa concr\u00e9tisation\u201d.<\/p>\n\n\n\n<p>Par ailleurs, la R\u00e9publique du Kenya a salu\u00e9 l\u2019adoption de la r\u00e9solution 2797 du Conseil de s\u00e9curit\u00e9 consacrant \u201cle plan d\u2019autonomie sous souverainet\u00e9 marocaine comme base pour un r\u00e8glement juste, durable et mutuellement acceptable du diff\u00e9rend\u201d.<\/p>\n\n\n\n<p>\u00c0 cet \u00e9gard, le Kenya a d\u00e9clar\u00e9 qu\u2019il \u201capprouve les efforts du Secr\u00e9taire g\u00e9n\u00e9ral et de son Envoy\u00e9 personnel pour faciliter et mener des n\u00e9gociations bas\u00e9es sur le plan d\u2019autonomie\u201d.<\/p>\n\n\n\n<p>Dans ce Communiqu\u00e9 conjoint, le Royaume du Maroc a \u201csalu\u00e9 le soutien de la R\u00e9publique du Kenya au cadre des Nations Unies comme m\u00e9canisme exclusif pour parvenir \u00e0 une solution politique durable\u201d au diff\u00e9rend sur la question du Sahara.<\/p>\n\n\n\n<p>Le Maroc a, par ailleurs, exprim\u00e9 son \u201cappr\u00e9ciation pour la reconnaissance par le Kenya de la coop\u00e9ration continue du Royaume avec le Secr\u00e9taire g\u00e9n\u00e9ral de l\u2019ONU et son Envoy\u00e9 personnel pour faire avancer le processus politique\u201d sur la base des r\u00e9solutions pertinentes du Conseil de s\u00e9curit\u00e9.<\/p>\n","protected":false},"excerpt":{"rendered":"<p>Dpress Le Kenya a exprim\u00e9, jeudi, son soutien \u00e0 l\u2019autonomie sous souverainet\u00e9 marocaine et affirm\u00e9 son intention de coop\u00e9rer avec les \u00c9tats partageant les m\u00eames vues pour favoriser sa concr\u00e9tisation. Cette position a \u00e9t\u00e9 exprim\u00e9e \u00e0 l\u2019occasion des travaux de la premi\u00e8re session de la Commission mixte de coop\u00e9ration maroco-k\u00e9nyane, co-pr\u00e9sid\u00e9s, \u00e0 Nairobi, par le &hellip;<\/p>\n","protected":false},"author":2,"featured_media":28066,"comment_status":"open","ping_status":"open","sticky":false,"template":"","format":"standard","meta":{"footnotes":""},"categories":[30],"tags":[],"class_list":["post-28065","post","type-post","status-publish","format-standard","has-post-thumbnail","hentry","category-sahara-marocain"],"yoast_head":"<!-- This site is optimized with the Yoast SEO plugin v27.5 - https:\/\/yoast.com\/product\/yoast-seo-wordpress\/ -->\n<title>Sahara marocain : le Kenya soutient l\u2019autonomie sous souverainet\u00e9 marocaine et entend coop\u00e9rer avec les \u00c9tats partageant les m\u00eames vues pour favoriser sa concr\u00e9tisation - Dpress.ma\/fr<\/title>\n<meta name=\"robots\" content=\"index, follow, max-snippet:-1, max-image-preview:large, max-video-preview:-1\" \/>\n<link rel=\"canonical\" href=\"https:\/\/dpress.ma\/fr\/2026\/04\/09\/sahara-marocain-le-kenya-soutient-lautonomie-sous-souverainete-marocaine-et-entend-cooperer-avec-les-etats-partageant-les-memes-vues-pour-favoriser-sa-concretisation\/\" \/>\n<meta property=\"og:locale\" content=\"fr_FR\" \/>\n<meta property=\"og:type\" content=\"article\" \/>\n<meta property=\"og:title\" content=\"Sahara marocain : le Kenya soutient l\u2019autonomie sous souverainet\u00e9 marocaine et entend coop\u00e9rer avec les \u00c9tats partageant les m\u00eames vues pour favoriser sa concr\u00e9tisation - Dpress.ma\/fr\" \/>\n<meta property=\"og:description\" content=\"Dpress Le Kenya a exprim\u00e9, jeudi, son soutien \u00e0 l\u2019autonomie sous souverainet\u00e9 marocaine et affirm\u00e9 son intention de coop\u00e9rer avec les \u00c9tats partageant les m\u00eames vues pour favoriser sa concr\u00e9tisation. Cette position a \u00e9t\u00e9 exprim\u00e9e \u00e0 l\u2019occasion des travaux de la premi\u00e8re session de la Commission mixte de coop\u00e9ration maroco-k\u00e9nyane, co-pr\u00e9sid\u00e9s, \u00e0 Nairobi, par le &hellip;\" \/>\n<meta property=\"og:url\" content=\"https:\/\/dpress.ma\/fr\/2026\/04\/09\/sahara-marocain-le-kenya-soutient-lautonomie-sous-souverainete-marocaine-et-entend-cooperer-avec-les-etats-partageant-les-memes-vues-pour-favoriser-sa-concretisation\/\" \/>\n<meta property=\"og:site_name\" content=\"Dpress.ma\/fr\" \/>\n<meta property=\"article:published_time\" content=\"2026-04-09T15:41:32+00:00\" \/>\n<meta property=\"article:modified_time\" content=\"2026-04-09T15:41:34+00:00\" \/>\n<meta property=\"og:image\" content=\"https:\/\/dpress.ma\/fr\/wp-content\/uploads\/sites\/2\/2026\/04\/31-3.jpg\" \/>\n\t<meta property=\"og:image:width\" content=\"2539\" \/>\n\t<meta property=\"og:image:height\" content=\"1594\" \/>\n\t<meta property=\"og:image:type\" content=\"image\/jpeg\" \/>\n<meta name=\"author\" content=\"Dpress.ma\" \/>\n<meta name=\"twitter:card\" content=\"summary_large_image\" \/>\n<meta name=\"twitter:label1\" content=\"\u00c9crit par\" \/>\n\t<meta name=\"twitter:data1\" content=\"Dpress.ma\" \/>\n\t<meta name=\"twitter:label2\" content=\"Dur\u00e9e de lecture estim\u00e9e\" \/>\n\t<meta name=\"twitter:data2\" content=\"2 minutes\" \/>\n<script type=\"application\/ld+json\" class=\"yoast-schema-graph\">{\"@context\":\"https:\\\/\\\/schema.org\",\"@graph\":[{\"@type\":\"Article\",\"@id\":\"https:\\\/\\\/dpress.ma\\\/fr\\\/2026\\\/04\\\/09\\\/sahara-marocain-le-kenya-soutient-lautonomie-sous-souverainete-marocaine-et-entend-cooperer-avec-les-etats-partageant-les-memes-vues-pour-favoriser-sa-concretisation\\\/#article\",\"isPartOf\":{\"@id\":\"https:\\\/\\\/dpress.ma\\\/fr\\\/2026\\\/04\\\/09\\\/sahara-marocain-le-kenya-soutient-lautonomie-sous-souverainete-marocaine-et-entend-cooperer-avec-les-etats-partageant-les-memes-vues-pour-favoriser-sa-concretisation\\\/\"},\"author\":{\"name\":\"Dpress.ma\",\"@id\":\"https:\\\/\\\/dpress.ma\\\/fr\\\/#\\\/schema\\\/person\\\/4898febf3ccd59e6578d838656a306a0\"},\"headline\":\"Sahara marocain : le Kenya soutient l\u2019autonomie sous souverainet\u00e9 marocaine et entend coop\u00e9rer avec les \u00c9tats partageant les m\u00eames vues pour favoriser sa concr\u00e9tisation\",\"datePublished\":\"2026-04-09T15:41:32+00:00\",\"dateModified\":\"2026-04-09T15:41:34+00:00\",\"mainEntityOfPage\":{\"@id\":\"https:\\\/\\\/dpress.ma\\\/fr\\\/2026\\\/04\\\/09\\\/sahara-marocain-le-kenya-soutient-lautonomie-sous-souverainete-marocaine-et-entend-cooperer-avec-les-etats-partageant-les-memes-vues-pour-favoriser-sa-concretisation\\\/\"},\"wordCount\":432,\"commentCount\":0,\"image\":{\"@id\":\"https:\\\/\\\/dpress.ma\\\/fr\\\/2026\\\/04\\\/09\\\/sahara-marocain-le-kenya-soutient-lautonomie-sous-souverainete-marocaine-et-entend-cooperer-avec-les-etats-partageant-les-memes-vues-pour-favoriser-sa-concretisation\\\/#primaryimage\"},\"thumbnailUrl\":\"https:\\\/\\\/dpress.ma\\\/fr\\\/wp-content\\\/uploads\\\/sites\\\/2\\\/2026\\\/04\\\/31-3.jpg\",\"articleSection\":[\"Sahara Marocain\"],\"inLanguage\":\"fr-FR\",\"potentialAction\":[{\"@type\":\"CommentAction\",\"name\":\"Comment\",\"target\":[\"https:\\\/\\\/dpress.ma\\\/fr\\\/2026\\\/04\\\/09\\\/sahara-marocain-le-kenya-soutient-lautonomie-sous-souverainete-marocaine-et-entend-cooperer-avec-les-etats-partageant-les-memes-vues-pour-favoriser-sa-concretisation\\\/#respond\"]}]},{\"@type\":\"WebPage\",\"@id\":\"https:\\\/\\\/dpress.ma\\\/fr\\\/2026\\\/04\\\/09\\\/sahara-marocain-le-kenya-soutient-lautonomie-sous-souverainete-marocaine-et-entend-cooperer-avec-les-etats-partageant-les-memes-vues-pour-favoriser-sa-concretisation\\\/\",\"url\":\"https:\\\/\\\/dpress.ma\\\/fr\\\/2026\\\/04\\\/09\\\/sahara-marocain-le-kenya-soutient-lautonomie-sous-souverainete-marocaine-et-entend-cooperer-avec-les-etats-partageant-les-memes-vues-pour-favoriser-sa-concretisation\\\/\",\"name\":\"Sahara marocain : le Kenya soutient l\u2019autonomie sous souverainet\u00e9 marocaine et entend coop\u00e9rer avec les \u00c9tats partageant les m\u00eames vues pour favoriser sa concr\u00e9tisation - Dpress.ma\\\/fr\",\"isPartOf\":{\"@id\":\"https:\\\/\\\/dpress.ma\\\/fr\\\/#website\"},\"primaryImageOfPage\":{\"@id\":\"https:\\\/\\\/dpress.ma\\\/fr\\\/2026\\\/04\\\/09\\\/sahara-marocain-le-kenya-soutient-lautonomie-sous-souverainete-marocaine-et-entend-cooperer-avec-les-etats-partageant-les-memes-vues-pour-favoriser-sa-concretisation\\\/#primaryimage\"},\"image\":{\"@id\":\"https:\\\/\\\/dpress.ma\\\/fr\\\/2026\\\/04\\\/09\\\/sahara-marocain-le-kenya-soutient-lautonomie-sous-souverainete-marocaine-et-entend-cooperer-avec-les-etats-partageant-les-memes-vues-pour-favoriser-sa-concretisation\\\/#primaryimage\"},\"thumbnailUrl\":\"https:\\\/\\\/dpress.ma\\\/fr\\\/wp-content\\\/uploads\\\/sites\\\/2\\\/2026\\\/04\\\/31-3.jpg\",\"datePublished\":\"2026-04-09T15:41:32+00:00\",\"dateModified\":\"2026-04-09T15:41:34+00:00\",\"author\":{\"@id\":\"https:\\\/\\\/dpress.ma\\\/fr\\\/#\\\/schema\\\/person\\\/4898febf3ccd59e6578d838656a306a0\"},\"breadcrumb\":{\"@id\":\"https:\\\/\\\/dpress.ma\\\/fr\\\/2026\\\/04\\\/09\\\/sahara-marocain-le-kenya-soutient-lautonomie-sous-souverainete-marocaine-et-entend-cooperer-avec-les-etats-partageant-les-memes-vues-pour-favoriser-sa-concretisation\\\/#breadcrumb\"},\"inLanguage\":\"fr-FR\",\"potentialAction\":[{\"@type\":\"ReadAction\",\"target\":[\"https:\\\/\\\/dpress.ma\\\/fr\\\/2026\\\/04\\\/09\\\/sahara-marocain-le-kenya-soutient-lautonomie-sous-souverainete-marocaine-et-entend-cooperer-avec-les-etats-partageant-les-memes-vues-pour-favoriser-sa-concretisation\\\/\"]}]},{\"@type\":\"ImageObject\",\"inLanguage\":\"fr-FR\",\"@id\":\"https:\\\/\\\/dpress.ma\\\/fr\\\/2026\\\/04\\\/09\\\/sahara-marocain-le-kenya-soutient-lautonomie-sous-souverainete-marocaine-et-entend-cooperer-avec-les-etats-partageant-les-memes-vues-pour-favoriser-sa-concretisation\\\/#primaryimage\",\"url\":\"https:\\\/\\\/dpress.ma\\\/fr\\\/wp-content\\\/uploads\\\/sites\\\/2\\\/2026\\\/04\\\/31-3.jpg\",\"contentUrl\":\"https:\\\/\\\/dpress.ma\\\/fr\\\/wp-content\\\/uploads\\\/sites\\\/2\\\/2026\\\/04\\\/31-3.jpg\",\"width\":2539,\"height\":1594},{\"@type\":\"BreadcrumbList\",\"@id\":\"https:\\\/\\\/dpress.ma\\\/fr\\\/2026\\\/04\\\/09\\\/sahara-marocain-le-kenya-soutient-lautonomie-sous-souverainete-marocaine-et-entend-cooperer-avec-les-etats-partageant-les-memes-vues-pour-favoriser-sa-concretisation\\\/#breadcrumb\",\"itemListElement\":[{\"@type\":\"ListItem\",\"position\":1,\"name\":\"Home\",\"item\":\"https:\\\/\\\/dpress.ma\\\/fr\\\/\"},{\"@type\":\"ListItem\",\"position\":2,\"name\":\"Sahara marocain : le Kenya soutient l\u2019autonomie sous souverainet\u00e9 marocaine et entend coop\u00e9rer avec les \u00c9tats partageant les m\u00eames vues pour favoriser sa concr\u00e9tisation\"}]},{\"@type\":\"WebSite\",\"@id\":\"https:\\\/\\\/dpress.ma\\\/fr\\\/#website\",\"url\":\"https:\\\/\\\/dpress.ma\\\/fr\\\/\",\"name\":\"Dpress.ma\\\/fr\",\"description\":\"\",\"potentialAction\":[{\"@type\":\"SearchAction\",\"target\":{\"@type\":\"EntryPoint\",\"urlTemplate\":\"https:\\\/\\\/dpress.ma\\\/fr\\\/?s={search_term_string}\"},\"query-input\":{\"@type\":\"PropertyValueSpecification\",\"valueRequired\":true,\"valueName\":\"search_term_string\"}}],\"inLanguage\":\"fr-FR\"},{\"@type\":\"Person\",\"@id\":\"https:\\\/\\\/dpress.ma\\\/fr\\\/#\\\/schema\\\/person\\\/4898febf3ccd59e6578d838656a306a0\",\"name\":\"Dpress.ma\",\"image\":{\"@type\":\"ImageObject\",\"inLanguage\":\"fr-FR\",\"@id\":\"https:\\\/\\\/secure.gravatar.com\\\/avatar\\\/72ecc30e9db047a2e0e7176561eb9d564ed77c8108376495b19bd8336405198a?s=96&d=mm&r=g\",\"url\":\"https:\\\/\\\/secure.gravatar.com\\\/avatar\\\/72ecc30e9db047a2e0e7176561eb9d564ed77c8108376495b19bd8336405198a?s=96&d=mm&r=g\",\"contentUrl\":\"https:\\\/\\\/secure.gravatar.com\\\/avatar\\\/72ecc30e9db047a2e0e7176561eb9d564ed77c8108376495b19bd8336405198a?s=96&d=mm&r=g\",\"caption\":\"Dpress.ma\"},\"sameAs\":[\"https:\\\/\\\/www.dpress.ma\"],\"url\":\"https:\\\/\\\/dpress.ma\\\/fr\\\/author\\\/dpress-ma\\\/\"}]}<\/script>\n<!-- \/ Yoast SEO plugin. -->","yoast_head_json":{"title":"Sahara marocain : le Kenya soutient l\u2019autonomie sous souverainet\u00e9 marocaine et entend coop\u00e9rer avec les \u00c9tats partageant les m\u00eames vues pour favoriser sa concr\u00e9tisation - Dpress.ma\/fr","robots":{"index":"index","follow":"follow","max-snippet":"max-snippet:-1","max-image-preview":"max-image-preview:large","max-video-preview":"max-video-preview:-1"},"canonical":"https:\/\/dpress.ma\/fr\/2026\/04\/09\/sahara-marocain-le-kenya-soutient-lautonomie-sous-souverainete-marocaine-et-entend-cooperer-avec-les-etats-partageant-les-memes-vues-pour-favoriser-sa-concretisation\/","og_locale":"fr_FR","og_type":"article","og_title":"Sahara marocain : le Kenya soutient l\u2019autonomie sous souverainet\u00e9 marocaine et entend coop\u00e9rer avec les \u00c9tats partageant les m\u00eames vues pour favoriser sa concr\u00e9tisation - Dpress.ma\/fr","og_description":"Dpress Le Kenya a exprim\u00e9, jeudi, son soutien \u00e0 l\u2019autonomie sous souverainet\u00e9 marocaine et affirm\u00e9 son intention de coop\u00e9rer avec les \u00c9tats partageant les m\u00eames vues pour favoriser sa concr\u00e9tisation. Cette position a \u00e9t\u00e9 exprim\u00e9e \u00e0 l\u2019occasion des travaux de la premi\u00e8re session de la Commission mixte de coop\u00e9ration maroco-k\u00e9nyane, co-pr\u00e9sid\u00e9s, \u00e0 Nairobi, par le &hellip;","og_url":"https:\/\/dpress.ma\/fr\/2026\/04\/09\/sahara-marocain-le-kenya-soutient-lautonomie-sous-souverainete-marocaine-et-entend-cooperer-avec-les-etats-partageant-les-memes-vues-pour-favoriser-sa-concretisation\/","og_site_name":"Dpress.ma\/fr","article_published_time":"2026-04-09T15:41:32+00:00","article_modified_time":"2026-04-09T15:41:34+00:00","og_image":[{"width":2539,"height":1594,"url":"https:\/\/dpress.ma\/fr\/wp-content\/uploads\/sites\/2\/2026\/04\/31-3.jpg","type":"image\/jpeg"}],"author":"Dpress.ma","twitter_card":"summary_large_image","twitter_misc":{"\u00c9crit par":"Dpress.ma","Dur\u00e9e de lecture estim\u00e9e":"2 minutes"},"schema":{"@context":"https:\/\/schema.org","@graph":[{"@type":"Article","@id":"https:\/\/dpress.ma\/fr\/2026\/04\/09\/sahara-marocain-le-kenya-soutient-lautonomie-sous-souverainete-marocaine-et-entend-cooperer-avec-les-etats-partageant-les-memes-vues-pour-favoriser-sa-concretisation\/#article","isPartOf":{"@id":"https:\/\/dpress.ma\/fr\/2026\/04\/09\/sahara-marocain-le-kenya-soutient-lautonomie-sous-souverainete-marocaine-et-entend-cooperer-avec-les-etats-partageant-les-memes-vues-pour-favoriser-sa-concretisation\/"},"author":{"name":"Dpress.ma","@id":"https:\/\/dpress.ma\/fr\/#\/schema\/person\/4898febf3ccd59e6578d838656a306a0"},"headline":"Sahara marocain : le Kenya soutient l\u2019autonomie sous souverainet\u00e9 marocaine et entend coop\u00e9rer avec les \u00c9tats partageant les m\u00eames vues pour favoriser sa concr\u00e9tisation","datePublished":"2026-04-09T15:41:32+00:00","dateModified":"2026-04-09T15:41:34+00:00","mainEntityOfPage":{"@id":"https:\/\/dpress.ma\/fr\/2026\/04\/09\/sahara-marocain-le-kenya-soutient-lautonomie-sous-souverainete-marocaine-et-entend-cooperer-avec-les-etats-partageant-les-memes-vues-pour-favoriser-sa-concretisation\/"},"wordCount":432,"commentCount":0,"image":{"@id":"https:\/\/dpress.ma\/fr\/2026\/04\/09\/sahara-marocain-le-kenya-soutient-lautonomie-sous-souverainete-marocaine-et-entend-cooperer-avec-les-etats-partageant-les-memes-vues-pour-favoriser-sa-concretisation\/#primaryimage"},"thumbnailUrl":"https:\/\/dpress.ma\/fr\/wp-content\/uploads\/sites\/2\/2026\/04\/31-3.jpg","articleSection":["Sahara Marocain"],"inLanguage":"fr-FR","potentialAction":[{"@type":"CommentAction","name":"Comment","target":["https:\/\/dpress.ma\/fr\/2026\/04\/09\/sahara-marocain-le-kenya-soutient-lautonomie-sous-souverainete-marocaine-et-entend-cooperer-avec-les-etats-partageant-les-memes-vues-pour-favoriser-sa-concretisation\/#respond"]}]},{"@type":"WebPage","@id":"https:\/\/dpress.ma\/fr\/2026\/04\/09\/sahara-marocain-le-kenya-soutient-lautonomie-sous-souverainete-marocaine-et-entend-cooperer-avec-les-etats-partageant-les-memes-vues-pour-favoriser-sa-concretisation\/","url":"https:\/\/dpress.ma\/fr\/2026\/04\/09\/sahara-marocain-le-kenya-soutient-lautonomie-sous-souverainete-marocaine-et-entend-cooperer-avec-les-etats-partageant-les-memes-vues-pour-favoriser-sa-concretisation\/","name":"Sahara marocain : le Kenya soutient l\u2019autonomie sous souverainet\u00e9 marocaine et entend coop\u00e9rer avec les \u00c9tats partageant les m\u00eames vues pour favoriser sa concr\u00e9tisation - Dpress.ma\/fr","isPartOf":{"@id":"https:\/\/dpress.ma\/fr\/#website"},"primaryImageOfPage":{"@id":"https:\/\/dpress.ma\/fr\/2026\/04\/09\/sahara-marocain-le-kenya-soutient-lautonomie-sous-souverainete-marocaine-et-entend-cooperer-avec-les-etats-partageant-les-memes-vues-pour-favoriser-sa-concretisation\/#primaryimage"},"image":{"@id":"https:\/\/dpress.ma\/fr\/2026\/04\/09\/sahara-marocain-le-kenya-soutient-lautonomie-sous-souverainete-marocaine-et-entend-cooperer-avec-les-etats-partageant-les-memes-vues-pour-favoriser-sa-concretisation\/#primaryimage"},"thumbnailUrl":"https:\/\/dpress.ma\/fr\/wp-content\/uploads\/sites\/2\/2026\/04\/31-3.jpg","datePublished":"2026-04-09T15:41:32+00:00","dateModified":"2026-04-09T15:41:34+00:00","author":{"@id":"https:\/\/dpress.ma\/fr\/#\/schema\/person\/4898febf3ccd59e6578d838656a306a0"},"breadcrumb":{"@id":"https:\/\/dpress.ma\/fr\/2026\/04\/09\/sahara-marocain-le-kenya-soutient-lautonomie-sous-souverainete-marocaine-et-entend-cooperer-avec-les-etats-partageant-les-memes-vues-pour-favoriser-sa-concretisation\/#breadcrumb"},"inLanguage":"fr-FR","potentialAction":[{"@type":"ReadAction","target":["https:\/\/dpress.ma\/fr\/2026\/04\/09\/sahara-marocain-le-kenya-soutient-lautonomie-sous-souverainete-marocaine-et-entend-cooperer-avec-les-etats-partageant-les-memes-vues-pour-favoriser-sa-concretisation\/"]}]},{"@type":"ImageObject","inLanguage":"fr-FR","@id":"https:\/\/dpress.ma\/fr\/2026\/04\/09\/sahara-marocain-le-kenya-soutient-lautonomie-sous-souverainete-marocaine-et-entend-cooperer-avec-les-etats-partageant-les-memes-vues-pour-favoriser-sa-concretisation\/#primaryimage","url":"https:\/\/dpress.ma\/fr\/wp-content\/uploads\/sites\/2\/2026\/04\/31-3.jpg","contentUrl":"https:\/\/dpress.ma\/fr\/wp-content\/uploads\/sites\/2\/2026\/04\/31-3.jpg","width":2539,"height":1594},{"@type":"BreadcrumbList","@id":"https:\/\/dpress.ma\/fr\/2026\/04\/09\/sahara-marocain-le-kenya-soutient-lautonomie-sous-souverainete-marocaine-et-entend-cooperer-avec-les-etats-partageant-les-memes-vues-pour-favoriser-sa-concretisation\/#breadcrumb","itemListElement":[{"@type":"ListItem","position":1,"name":"Home","item":"https:\/\/dpress.ma\/fr\/"},{"@type":"ListItem","position":2,"name":"Sahara marocain : le Kenya soutient l\u2019autonomie sous souverainet\u00e9 marocaine et entend coop\u00e9rer avec les \u00c9tats partageant les m\u00eames vues pour favoriser sa concr\u00e9tisation"}]},{"@type":"WebSite","@id":"https:\/\/dpress.ma\/fr\/#website","url":"https:\/\/dpress.ma\/fr\/","name":"Dpress.ma\/fr","description":"","potentialAction":[{"@type":"SearchAction","target":{"@type":"EntryPoint","urlTemplate":"https:\/\/dpress.ma\/fr\/?s={search_term_string}"},"query-input":{"@type":"PropertyValueSpecification","valueRequired":true,"valueName":"search_term_string"}}],"inLanguage":"fr-FR"},{"@type":"Person","@id":"https:\/\/dpress.ma\/fr\/#\/schema\/person\/4898febf3ccd59e6578d838656a306a0","name":"Dpress.ma","image":{"@type":"ImageObject","inLanguage":"fr-FR","@id":"https:\/\/secure.gravatar.com\/avatar\/72ecc30e9db047a2e0e7176561eb9d564ed77c8108376495b19bd8336405198a?s=96&d=mm&r=g","url":"https:\/\/secure.gravatar.com\/avatar\/72ecc30e9db047a2e0e7176561eb9d564ed77c8108376495b19bd8336405198a?s=96&d=mm&r=g","contentUrl":"https:\/\/secure.gravatar.com\/avatar\/72ecc30e9db047a2e0e7176561eb9d564ed77c8108376495b19bd8336405198a?s=96&d=mm&r=g","caption":"Dpress.ma"},"sameAs":["https:\/\/www.dpress.ma"],"url":"https:\/\/dpress.ma\/fr\/author\/dpress-ma\/"}]}},"amp_enabled":true,"_links":{"self":[{"href":"https:\/\/dpress.ma\/fr\/wp-json\/wp\/v2\/posts\/28065","targetHints":{"allow":["GET"]}}],"collection":[{"href":"https:\/\/dpress.ma\/fr\/wp-json\/wp\/v2\/posts"}],"about":[{"href":"https:\/\/dpress.ma\/fr\/wp-json\/wp\/v2\/types\/post"}],"author":[{"embeddable":true,"href":"https:\/\/dpress.ma\/fr\/wp-json\/wp\/v2\/users\/2"}],"replies":[{"embeddable":true,"href":"https:\/\/dpress.ma\/fr\/wp-json\/wp\/v2\/comments?post=28065"}],"version-history":[{"count":1,"href":"https:\/\/dpress.ma\/fr\/wp-json\/wp\/v2\/posts\/28065\/revisions"}],"predecessor-version":[{"id":28067,"href":"https:\/\/dpress.ma\/fr\/wp-json\/wp\/v2\/posts\/28065\/revisions\/28067"}],"wp:featuredmedia":[{"embeddable":true,"href":"https:\/\/dpress.ma\/fr\/wp-json\/wp\/v2\/media\/28066"}],"wp:attachment":[{"href":"https:\/\/dpress.ma\/fr\/wp-json\/wp\/v2\/media?parent=28065"}],"wp:term":[{"taxonomy":"category","embeddable":true,"href":"https:\/\/dpress.ma\/fr\/wp-json\/wp\/v2\/categories?post=28065"},{"taxonomy":"post_tag","embeddable":true,"href":"https:\/\/dpress.ma\/fr\/wp-json\/wp\/v2\/tags?post=28065"}],"curies":[{"name":"wp","href":"https:\/\/api.w.org\/{rel}","templated":true}]}}