{"id":28060,"date":"2026-04-09T15:39:00","date_gmt":"2026-04-09T15:39:00","guid":{"rendered":"https:\/\/dpress.ma\/fr\/?p=28060"},"modified":"2026-04-09T15:39:02","modified_gmt":"2026-04-09T15:39:02","slug":"entretien-avec-javier-tebas-president-de-laliga","status":"publish","type":"post","link":"https:\/\/dpress.ma\/fr\/2026\/04\/09\/entretien-avec-javier-tebas-president-de-laliga\/","title":{"rendered":"Entretien avec Javier Tebas, pr\u00e9sident de LaLiga"},"content":{"rendered":"\n<p>Dpress<\/p>\n\n\n\n<p>Le pr\u00e9sident de LaLiga, Javier Tebas, a accord\u00e9 un entretien \u00e0 la MAP dans lequel il \u00e9voque notamment la place de choix du Royaume dans la strat\u00e9gie d\u2019expansion de LaLiga, ainsi que la possibilit\u00e9 de la tenue de matchs du championnat espagnol au Maroc.<\/p>\n\n\n\n<p>Dans cet entretien, M. Tebas s\u2019attarde \u00e9galement sur des aspects li\u00e9s \u00e0 l\u2019\u00e9volution de LaLiga et son r\u00f4le dans le soutien des \u00e9quipes espagnoles en mati\u00e8re de formation et d\u2019infrastructures.<\/p>\n\n\n\n<p><strong>1-Existe-t-il une possibilit\u00e9 d\u2019organiser des matchs de LaLiga au Maroc ?<\/strong><\/p>\n\n\n\n<p>Oui, compte tenu du nombre de supporters qui suivent le championnat espagnol au Maroc, je pense qu\u2019il serait plus facile de jouer au Maroc, notamment parce que les contraintes logistiques li\u00e9es aux d\u00e9placements sont minimes.<\/p>\n\n\n\n<p>Nous pourrions aussi envisager un match dans le nouveau stade de Casablanca. Pourquoi pas ?<\/p>\n\n\n\n<p><strong>2- LaLiga a mis\u00e9 sur son expansion \u00e0 l\u2019\u00e9chelle mondiale. Quelle place occupe la r\u00e9gion MENA dans cette strat\u00e9gie ? Dans ce m\u00eame contexte, quel r\u00f4le joue le Maroc ?<\/strong><\/p>\n\n\n\n<p>Notre expansion dans la r\u00e9gion du Moyen-Orient et de l\u2019Afrique du Nord (MENA) est un facteur tr\u00e8s important. Il existe une large base de supporters de LaLiga, qui, selon nos donn\u00e9es, serait m\u00eame sup\u00e9rieure \u00e0 celle de la Premier League anglaise.<\/p>\n\n\n\n<p>Nous constatons une passion incroyable pour LaLiga dans toute la r\u00e9gion, de l\u2019Irak au Maroc. Avec le Maroc en particulier, il existe des liens historiques particuliers qui se refl\u00e8tent aussi dans le domaine du football.<\/p>\n\n\n\n<p>Il y a toujours eu des liens forts, une grande proximit\u00e9 et une bonne entente entre l\u2019Espagne et le Maroc dans le domaine du sport, en particulier du football.<\/p>\n\n\n\n<p>Par ailleurs, il est tr\u00e8s r\u00e9jouissant de voir les succ\u00e8s accomplis derni\u00e8rement par le football marocain.<\/p>\n\n\n\n<p><strong>3- Comment \u00e9valuez-vous l\u2019\u00e9volution de LaLiga ces derni\u00e8res ann\u00e9es sur les plans \u00e9conomique et sportif ?<\/strong><\/p>\n\n\n\n<p>Si l\u2019on revenait en arri\u00e8re, il y a 13 ans, on verrait que pr\u00e8s de 750 millions d\u2019euros \u00e9taient dus \u00e0 l\u2019\u00c9tat espagnol. Pr\u00e8s de 100 millions d\u2019euros \u00e9taient \u00e9galement dus aux joueurs et entre 80 et 90 millions d\u2019euros de cotisations sociales \u00e0 la S\u00e9curit\u00e9 sociale. De plus, il existait une dette interclubs tr\u00e8s importante.<\/p>\n\n\n\n<p>Aujourd\u2019hui, sur le plan \u00e9conomique, il n\u2019y a plus de dettes : tout a \u00e9t\u00e9 pay\u00e9 et les clubs contribuent efficacement au quotidien, en s\u2019acquittant de leurs imp\u00f4ts et en payant les salaires de leurs joueurs. Nous avons r\u00e9alis\u00e9 de grands progr\u00e8s sur le plan \u00e9conomique.<\/p>\n\n\n\n<p>En tant qu\u2019industrie, nous avons positionn\u00e9 la marque LaLiga comme l\u2019une des meilleures comp\u00e9titions sportives au monde, qui est en concurrence avec la Premier League anglaise.<\/p>\n\n\n\n<p>Elle est la deuxi\u00e8me sur le plan \u00e9conomique- la Premier League occupant la premi\u00e8re place-, mais sur le plan sportif, je dirai que nous sommes les premiers, gr\u00e2ce \u00e0 l\u2019avantage significatif dont jouissent les clubs espagnols en termes de titres europ\u00e9ens remport\u00e9s par rapport \u00e0 ceux de la Premier League.<\/p>\n\n\n\n<p><strong>4- Quelle est votre appr\u00e9ciation du contr\u00f4le financier et du fair-play dans le football actuel, et en quoi consiste le mod\u00e8le de LaLiga ?<\/strong><\/p>\n\n\n\n<p>Il faut prendre cette question tr\u00e8s au s\u00e9rieux. Il existe des r\u00e8gles qui doivent \u00eatre respect\u00e9es et appliqu\u00e9es. Il faudrait peut-\u00eatre aussi les am\u00e9liorer.<\/p>\n\n\n\n<p>Notre syst\u00e8me est diff\u00e9rent du mod\u00e8le europ\u00e9en : il repose sur un contr\u00f4le \u00e9conomique a priori. Nous informons les clubs des budgets qu\u2019ils peuvent d\u00e9penser, tandis que dans d\u2019autres syst\u00e8mes, les sanctions interviennent apr\u00e8s les d\u00e9passements. C\u2019est pourquoi nous consid\u00e9rons que notre mod\u00e8le est le plus adapt\u00e9.<\/p>\n\n\n\n<p><strong>5- Comment LaLiga aide-t-elle ses clubs en mati\u00e8re d\u2019infrastructures, d\u2019am\u00e9lioration des stades et de g\u00e9n\u00e9ration de revenus ?<\/strong><\/p>\n\n\n\n<p>Il est essentiel d\u2019\u00eatre durable pour attirer des capitaux, des pr\u00eats d\u2019investissement ou des financements bancaires destin\u00e9s aux infrastructures.<\/p>\n\n\n\n<p>C\u2019est dans ce cadre que s\u2019inscrit le projet CVC, qui consiste en une injection de 2 milliards d\u2019euros en \u00e9change de 8,5 % des droits audiovisuels des clubs pendant 50 ans. 75 % de ce montant a \u00e9t\u00e9 consacr\u00e9 \u00e0 l\u2019am\u00e9lioration des infrastructures : stades, centres d\u2019entra\u00eenement, technologie et internationalisation de la comp\u00e9tition.<\/p>\n\n\n\n<p>Cet investissement g\u00e9n\u00e8re d\u00e9j\u00e0 davantage de revenus : des records en termes d\u2019affluence, de recettes les jours de match (matchday) et de revenus commerciaux ont \u00e9t\u00e9 atteints. Nous constatons d\u00e9j\u00e0 les effets positifs de ce projet.<\/p>\n\n\n\n<p><strong>6- Quelles sont les principales cl\u00e9s du mod\u00e8le de formation (cantera) de LaLiga ?<\/strong><\/p>\n\n\n\n<p>Il s\u2019agit d\u2019un effet indirect. Notre fair-play financier n\u2019autorise pas les clubs \u00e0 fonctionner \u00e0 perte. Que se passe-t-il alors ? Les clubs cherchent \u00e0 r\u00e9duire le co\u00fbt de leur principale ressource : les joueurs. Ils choisissent donc de les former en interne, ce qui a entra\u00een\u00e9 un fort investissement dans la formation. Le projet CVC a \u00e9galement favoris\u00e9 des investissements importants dans les acad\u00e9mies.<\/p>\n\n\n\n<p>Cela a conduit \u00e0 ce qu\u2019environ 20 % des joueurs \u00e9voluant en premi\u00e8re division soient issus de centres de formation.<\/p>\n\n\n\n<p>Lorsque nous visitons par exemple les centres d\u2019entra\u00eenement de clubs comme la Real Sociedad, le Betis Seville ou le Deportivo de La Corogne, il est difficile de dire lequel est le meilleur, tant leur niveau est \u00e9lev\u00e9.<\/p>\n","protected":false},"excerpt":{"rendered":"<p>Dpress Le pr\u00e9sident de LaLiga, Javier Tebas, a accord\u00e9 un entretien \u00e0 la MAP dans lequel il \u00e9voque notamment la place de choix du Royaume dans la strat\u00e9gie d\u2019expansion de LaLiga, ainsi que la possibilit\u00e9 de la tenue de matchs du championnat espagnol au Maroc. Dans cet entretien, M. Tebas s\u2019attarde \u00e9galement sur des aspects &hellip;<\/p>\n","protected":false},"author":2,"featured_media":28056,"comment_status":"open","ping_status":"open","sticky":false,"template":"","format":"standard","meta":{"footnotes":""},"categories":[27],"tags":[],"class_list":["post-28060","post","type-post","status-publish","format-standard","has-post-thumbnail","hentry","category-sport"],"yoast_head":"<!-- This site is optimized with the Yoast SEO plugin v27.5 - https:\/\/yoast.com\/product\/yoast-seo-wordpress\/ -->\n<title>Entretien avec Javier Tebas, pr\u00e9sident de LaLiga - Dpress.ma\/fr<\/title>\n<meta name=\"robots\" content=\"index, follow, max-snippet:-1, max-image-preview:large, max-video-preview:-1\" \/>\n<link rel=\"canonical\" href=\"https:\/\/dpress.ma\/fr\/2026\/04\/09\/entretien-avec-javier-tebas-president-de-laliga\/\" \/>\n<meta property=\"og:locale\" content=\"fr_FR\" \/>\n<meta property=\"og:type\" content=\"article\" \/>\n<meta property=\"og:title\" content=\"Entretien avec Javier Tebas, pr\u00e9sident de LaLiga - Dpress.ma\/fr\" \/>\n<meta property=\"og:description\" content=\"Dpress Le pr\u00e9sident de LaLiga, Javier Tebas, a accord\u00e9 un entretien \u00e0 la MAP dans lequel il \u00e9voque notamment la place de choix du Royaume dans la strat\u00e9gie d\u2019expansion de LaLiga, ainsi que la possibilit\u00e9 de la tenue de matchs du championnat espagnol au Maroc. Dans cet entretien, M. Tebas s\u2019attarde \u00e9galement sur des aspects &hellip;\" \/>\n<meta property=\"og:url\" content=\"https:\/\/dpress.ma\/fr\/2026\/04\/09\/entretien-avec-javier-tebas-president-de-laliga\/\" \/>\n<meta property=\"og:site_name\" content=\"Dpress.ma\/fr\" \/>\n<meta property=\"article:published_time\" content=\"2026-04-09T15:39:00+00:00\" \/>\n<meta property=\"article:modified_time\" content=\"2026-04-09T15:39:02+00:00\" \/>\n<meta property=\"og:image\" content=\"https:\/\/dpress.ma\/fr\/wp-content\/uploads\/sites\/2\/2026\/04\/29-3.jpg\" \/>\n\t<meta property=\"og:image:width\" content=\"2539\" \/>\n\t<meta property=\"og:image:height\" content=\"1594\" \/>\n\t<meta property=\"og:image:type\" content=\"image\/jpeg\" \/>\n<meta name=\"author\" content=\"Dpress.ma\" \/>\n<meta name=\"twitter:card\" content=\"summary_large_image\" \/>\n<meta name=\"twitter:label1\" content=\"\u00c9crit par\" \/>\n\t<meta name=\"twitter:data1\" content=\"Dpress.ma\" \/>\n\t<meta name=\"twitter:label2\" content=\"Dur\u00e9e de lecture estim\u00e9e\" \/>\n\t<meta name=\"twitter:data2\" content=\"5 minutes\" \/>\n<script type=\"application\/ld+json\" class=\"yoast-schema-graph\">{\"@context\":\"https:\\\/\\\/schema.org\",\"@graph\":[{\"@type\":\"Article\",\"@id\":\"https:\\\/\\\/dpress.ma\\\/fr\\\/2026\\\/04\\\/09\\\/entretien-avec-javier-tebas-president-de-laliga\\\/#article\",\"isPartOf\":{\"@id\":\"https:\\\/\\\/dpress.ma\\\/fr\\\/2026\\\/04\\\/09\\\/entretien-avec-javier-tebas-president-de-laliga\\\/\"},\"author\":{\"name\":\"Dpress.ma\",\"@id\":\"https:\\\/\\\/dpress.ma\\\/fr\\\/#\\\/schema\\\/person\\\/4898febf3ccd59e6578d838656a306a0\"},\"headline\":\"Entretien avec Javier Tebas, pr\u00e9sident de LaLiga\",\"datePublished\":\"2026-04-09T15:39:00+00:00\",\"dateModified\":\"2026-04-09T15:39:02+00:00\",\"mainEntityOfPage\":{\"@id\":\"https:\\\/\\\/dpress.ma\\\/fr\\\/2026\\\/04\\\/09\\\/entretien-avec-javier-tebas-president-de-laliga\\\/\"},\"wordCount\":926,\"commentCount\":0,\"image\":{\"@id\":\"https:\\\/\\\/dpress.ma\\\/fr\\\/2026\\\/04\\\/09\\\/entretien-avec-javier-tebas-president-de-laliga\\\/#primaryimage\"},\"thumbnailUrl\":\"https:\\\/\\\/dpress.ma\\\/fr\\\/wp-content\\\/uploads\\\/sites\\\/2\\\/2026\\\/04\\\/29-3.jpg\",\"articleSection\":[\"Sport\"],\"inLanguage\":\"fr-FR\",\"potentialAction\":[{\"@type\":\"CommentAction\",\"name\":\"Comment\",\"target\":[\"https:\\\/\\\/dpress.ma\\\/fr\\\/2026\\\/04\\\/09\\\/entretien-avec-javier-tebas-president-de-laliga\\\/#respond\"]}]},{\"@type\":\"WebPage\",\"@id\":\"https:\\\/\\\/dpress.ma\\\/fr\\\/2026\\\/04\\\/09\\\/entretien-avec-javier-tebas-president-de-laliga\\\/\",\"url\":\"https:\\\/\\\/dpress.ma\\\/fr\\\/2026\\\/04\\\/09\\\/entretien-avec-javier-tebas-president-de-laliga\\\/\",\"name\":\"Entretien avec Javier Tebas, pr\u00e9sident de LaLiga - Dpress.ma\\\/fr\",\"isPartOf\":{\"@id\":\"https:\\\/\\\/dpress.ma\\\/fr\\\/#website\"},\"primaryImageOfPage\":{\"@id\":\"https:\\\/\\\/dpress.ma\\\/fr\\\/2026\\\/04\\\/09\\\/entretien-avec-javier-tebas-president-de-laliga\\\/#primaryimage\"},\"image\":{\"@id\":\"https:\\\/\\\/dpress.ma\\\/fr\\\/2026\\\/04\\\/09\\\/entretien-avec-javier-tebas-president-de-laliga\\\/#primaryimage\"},\"thumbnailUrl\":\"https:\\\/\\\/dpress.ma\\\/fr\\\/wp-content\\\/uploads\\\/sites\\\/2\\\/2026\\\/04\\\/29-3.jpg\",\"datePublished\":\"2026-04-09T15:39:00+00:00\",\"dateModified\":\"2026-04-09T15:39:02+00:00\",\"author\":{\"@id\":\"https:\\\/\\\/dpress.ma\\\/fr\\\/#\\\/schema\\\/person\\\/4898febf3ccd59e6578d838656a306a0\"},\"breadcrumb\":{\"@id\":\"https:\\\/\\\/dpress.ma\\\/fr\\\/2026\\\/04\\\/09\\\/entretien-avec-javier-tebas-president-de-laliga\\\/#breadcrumb\"},\"inLanguage\":\"fr-FR\",\"potentialAction\":[{\"@type\":\"ReadAction\",\"target\":[\"https:\\\/\\\/dpress.ma\\\/fr\\\/2026\\\/04\\\/09\\\/entretien-avec-javier-tebas-president-de-laliga\\\/\"]}]},{\"@type\":\"ImageObject\",\"inLanguage\":\"fr-FR\",\"@id\":\"https:\\\/\\\/dpress.ma\\\/fr\\\/2026\\\/04\\\/09\\\/entretien-avec-javier-tebas-president-de-laliga\\\/#primaryimage\",\"url\":\"https:\\\/\\\/dpress.ma\\\/fr\\\/wp-content\\\/uploads\\\/sites\\\/2\\\/2026\\\/04\\\/29-3.jpg\",\"contentUrl\":\"https:\\\/\\\/dpress.ma\\\/fr\\\/wp-content\\\/uploads\\\/sites\\\/2\\\/2026\\\/04\\\/29-3.jpg\",\"width\":2539,\"height\":1594},{\"@type\":\"BreadcrumbList\",\"@id\":\"https:\\\/\\\/dpress.ma\\\/fr\\\/2026\\\/04\\\/09\\\/entretien-avec-javier-tebas-president-de-laliga\\\/#breadcrumb\",\"itemListElement\":[{\"@type\":\"ListItem\",\"position\":1,\"name\":\"Home\",\"item\":\"https:\\\/\\\/dpress.ma\\\/fr\\\/\"},{\"@type\":\"ListItem\",\"position\":2,\"name\":\"Entretien avec Javier Tebas, pr\u00e9sident de LaLiga\"}]},{\"@type\":\"WebSite\",\"@id\":\"https:\\\/\\\/dpress.ma\\\/fr\\\/#website\",\"url\":\"https:\\\/\\\/dpress.ma\\\/fr\\\/\",\"name\":\"Dpress.ma\\\/fr\",\"description\":\"\",\"potentialAction\":[{\"@type\":\"SearchAction\",\"target\":{\"@type\":\"EntryPoint\",\"urlTemplate\":\"https:\\\/\\\/dpress.ma\\\/fr\\\/?s={search_term_string}\"},\"query-input\":{\"@type\":\"PropertyValueSpecification\",\"valueRequired\":true,\"valueName\":\"search_term_string\"}}],\"inLanguage\":\"fr-FR\"},{\"@type\":\"Person\",\"@id\":\"https:\\\/\\\/dpress.ma\\\/fr\\\/#\\\/schema\\\/person\\\/4898febf3ccd59e6578d838656a306a0\",\"name\":\"Dpress.ma\",\"image\":{\"@type\":\"ImageObject\",\"inLanguage\":\"fr-FR\",\"@id\":\"https:\\\/\\\/secure.gravatar.com\\\/avatar\\\/72ecc30e9db047a2e0e7176561eb9d564ed77c8108376495b19bd8336405198a?s=96&d=mm&r=g\",\"url\":\"https:\\\/\\\/secure.gravatar.com\\\/avatar\\\/72ecc30e9db047a2e0e7176561eb9d564ed77c8108376495b19bd8336405198a?s=96&d=mm&r=g\",\"contentUrl\":\"https:\\\/\\\/secure.gravatar.com\\\/avatar\\\/72ecc30e9db047a2e0e7176561eb9d564ed77c8108376495b19bd8336405198a?s=96&d=mm&r=g\",\"caption\":\"Dpress.ma\"},\"sameAs\":[\"https:\\\/\\\/www.dpress.ma\"],\"url\":\"https:\\\/\\\/dpress.ma\\\/fr\\\/author\\\/dpress-ma\\\/\"}]}<\/script>\n<!-- \/ Yoast SEO plugin. -->","yoast_head_json":{"title":"Entretien avec Javier Tebas, pr\u00e9sident de LaLiga - Dpress.ma\/fr","robots":{"index":"index","follow":"follow","max-snippet":"max-snippet:-1","max-image-preview":"max-image-preview:large","max-video-preview":"max-video-preview:-1"},"canonical":"https:\/\/dpress.ma\/fr\/2026\/04\/09\/entretien-avec-javier-tebas-president-de-laliga\/","og_locale":"fr_FR","og_type":"article","og_title":"Entretien avec Javier Tebas, pr\u00e9sident de LaLiga - Dpress.ma\/fr","og_description":"Dpress Le pr\u00e9sident de LaLiga, Javier Tebas, a accord\u00e9 un entretien \u00e0 la MAP dans lequel il \u00e9voque notamment la place de choix du Royaume dans la strat\u00e9gie d\u2019expansion de LaLiga, ainsi que la possibilit\u00e9 de la tenue de matchs du championnat espagnol au Maroc. Dans cet entretien, M. Tebas s\u2019attarde \u00e9galement sur des aspects &hellip;","og_url":"https:\/\/dpress.ma\/fr\/2026\/04\/09\/entretien-avec-javier-tebas-president-de-laliga\/","og_site_name":"Dpress.ma\/fr","article_published_time":"2026-04-09T15:39:00+00:00","article_modified_time":"2026-04-09T15:39:02+00:00","og_image":[{"width":2539,"height":1594,"url":"https:\/\/dpress.ma\/fr\/wp-content\/uploads\/sites\/2\/2026\/04\/29-3.jpg","type":"image\/jpeg"}],"author":"Dpress.ma","twitter_card":"summary_large_image","twitter_misc":{"\u00c9crit par":"Dpress.ma","Dur\u00e9e de lecture estim\u00e9e":"5 minutes"},"schema":{"@context":"https:\/\/schema.org","@graph":[{"@type":"Article","@id":"https:\/\/dpress.ma\/fr\/2026\/04\/09\/entretien-avec-javier-tebas-president-de-laliga\/#article","isPartOf":{"@id":"https:\/\/dpress.ma\/fr\/2026\/04\/09\/entretien-avec-javier-tebas-president-de-laliga\/"},"author":{"name":"Dpress.ma","@id":"https:\/\/dpress.ma\/fr\/#\/schema\/person\/4898febf3ccd59e6578d838656a306a0"},"headline":"Entretien avec Javier Tebas, pr\u00e9sident de LaLiga","datePublished":"2026-04-09T15:39:00+00:00","dateModified":"2026-04-09T15:39:02+00:00","mainEntityOfPage":{"@id":"https:\/\/dpress.ma\/fr\/2026\/04\/09\/entretien-avec-javier-tebas-president-de-laliga\/"},"wordCount":926,"commentCount":0,"image":{"@id":"https:\/\/dpress.ma\/fr\/2026\/04\/09\/entretien-avec-javier-tebas-president-de-laliga\/#primaryimage"},"thumbnailUrl":"https:\/\/dpress.ma\/fr\/wp-content\/uploads\/sites\/2\/2026\/04\/29-3.jpg","articleSection":["Sport"],"inLanguage":"fr-FR","potentialAction":[{"@type":"CommentAction","name":"Comment","target":["https:\/\/dpress.ma\/fr\/2026\/04\/09\/entretien-avec-javier-tebas-president-de-laliga\/#respond"]}]},{"@type":"WebPage","@id":"https:\/\/dpress.ma\/fr\/2026\/04\/09\/entretien-avec-javier-tebas-president-de-laliga\/","url":"https:\/\/dpress.ma\/fr\/2026\/04\/09\/entretien-avec-javier-tebas-president-de-laliga\/","name":"Entretien avec Javier Tebas, pr\u00e9sident de LaLiga - Dpress.ma\/fr","isPartOf":{"@id":"https:\/\/dpress.ma\/fr\/#website"},"primaryImageOfPage":{"@id":"https:\/\/dpress.ma\/fr\/2026\/04\/09\/entretien-avec-javier-tebas-president-de-laliga\/#primaryimage"},"image":{"@id":"https:\/\/dpress.ma\/fr\/2026\/04\/09\/entretien-avec-javier-tebas-president-de-laliga\/#primaryimage"},"thumbnailUrl":"https:\/\/dpress.ma\/fr\/wp-content\/uploads\/sites\/2\/2026\/04\/29-3.jpg","datePublished":"2026-04-09T15:39:00+00:00","dateModified":"2026-04-09T15:39:02+00:00","author":{"@id":"https:\/\/dpress.ma\/fr\/#\/schema\/person\/4898febf3ccd59e6578d838656a306a0"},"breadcrumb":{"@id":"https:\/\/dpress.ma\/fr\/2026\/04\/09\/entretien-avec-javier-tebas-president-de-laliga\/#breadcrumb"},"inLanguage":"fr-FR","potentialAction":[{"@type":"ReadAction","target":["https:\/\/dpress.ma\/fr\/2026\/04\/09\/entretien-avec-javier-tebas-president-de-laliga\/"]}]},{"@type":"ImageObject","inLanguage":"fr-FR","@id":"https:\/\/dpress.ma\/fr\/2026\/04\/09\/entretien-avec-javier-tebas-president-de-laliga\/#primaryimage","url":"https:\/\/dpress.ma\/fr\/wp-content\/uploads\/sites\/2\/2026\/04\/29-3.jpg","contentUrl":"https:\/\/dpress.ma\/fr\/wp-content\/uploads\/sites\/2\/2026\/04\/29-3.jpg","width":2539,"height":1594},{"@type":"BreadcrumbList","@id":"https:\/\/dpress.ma\/fr\/2026\/04\/09\/entretien-avec-javier-tebas-president-de-laliga\/#breadcrumb","itemListElement":[{"@type":"ListItem","position":1,"name":"Home","item":"https:\/\/dpress.ma\/fr\/"},{"@type":"ListItem","position":2,"name":"Entretien avec Javier Tebas, pr\u00e9sident de LaLiga"}]},{"@type":"WebSite","@id":"https:\/\/dpress.ma\/fr\/#website","url":"https:\/\/dpress.ma\/fr\/","name":"Dpress.ma\/fr","description":"","potentialAction":[{"@type":"SearchAction","target":{"@type":"EntryPoint","urlTemplate":"https:\/\/dpress.ma\/fr\/?s={search_term_string}"},"query-input":{"@type":"PropertyValueSpecification","valueRequired":true,"valueName":"search_term_string"}}],"inLanguage":"fr-FR"},{"@type":"Person","@id":"https:\/\/dpress.ma\/fr\/#\/schema\/person\/4898febf3ccd59e6578d838656a306a0","name":"Dpress.ma","image":{"@type":"ImageObject","inLanguage":"fr-FR","@id":"https:\/\/secure.gravatar.com\/avatar\/72ecc30e9db047a2e0e7176561eb9d564ed77c8108376495b19bd8336405198a?s=96&d=mm&r=g","url":"https:\/\/secure.gravatar.com\/avatar\/72ecc30e9db047a2e0e7176561eb9d564ed77c8108376495b19bd8336405198a?s=96&d=mm&r=g","contentUrl":"https:\/\/secure.gravatar.com\/avatar\/72ecc30e9db047a2e0e7176561eb9d564ed77c8108376495b19bd8336405198a?s=96&d=mm&r=g","caption":"Dpress.ma"},"sameAs":["https:\/\/www.dpress.ma"],"url":"https:\/\/dpress.ma\/fr\/author\/dpress-ma\/"}]}},"amp_enabled":true,"_links":{"self":[{"href":"https:\/\/dpress.ma\/fr\/wp-json\/wp\/v2\/posts\/28060","targetHints":{"allow":["GET"]}}],"collection":[{"href":"https:\/\/dpress.ma\/fr\/wp-json\/wp\/v2\/posts"}],"about":[{"href":"https:\/\/dpress.ma\/fr\/wp-json\/wp\/v2\/types\/post"}],"author":[{"embeddable":true,"href":"https:\/\/dpress.ma\/fr\/wp-json\/wp\/v2\/users\/2"}],"replies":[{"embeddable":true,"href":"https:\/\/dpress.ma\/fr\/wp-json\/wp\/v2\/comments?post=28060"}],"version-history":[{"count":1,"href":"https:\/\/dpress.ma\/fr\/wp-json\/wp\/v2\/posts\/28060\/revisions"}],"predecessor-version":[{"id":28061,"href":"https:\/\/dpress.ma\/fr\/wp-json\/wp\/v2\/posts\/28060\/revisions\/28061"}],"wp:featuredmedia":[{"embeddable":true,"href":"https:\/\/dpress.ma\/fr\/wp-json\/wp\/v2\/media\/28056"}],"wp:attachment":[{"href":"https:\/\/dpress.ma\/fr\/wp-json\/wp\/v2\/media?parent=28060"}],"wp:term":[{"taxonomy":"category","embeddable":true,"href":"https:\/\/dpress.ma\/fr\/wp-json\/wp\/v2\/categories?post=28060"},{"taxonomy":"post_tag","embeddable":true,"href":"https:\/\/dpress.ma\/fr\/wp-json\/wp\/v2\/tags?post=28060"}],"curies":[{"name":"wp","href":"https:\/\/api.w.org\/{rel}","templated":true}]}}