{"id":28058,"date":"2026-04-09T15:38:17","date_gmt":"2026-04-09T15:38:17","guid":{"rendered":"https:\/\/dpress.ma\/fr\/?p=28058"},"modified":"2026-04-09T15:38:19","modified_gmt":"2026-04-09T15:38:19","slug":"javier-tebas-favorable-a-des-matchs-de-la-liga-au-maroc","status":"publish","type":"post","link":"https:\/\/dpress.ma\/fr\/2026\/04\/09\/javier-tebas-favorable-a-des-matchs-de-la-liga-au-maroc\/","title":{"rendered":"Javier Tebas favorable \u00e0 des matchs de la liga au Maroc"},"content":{"rendered":"\n<p>Dpress<\/p>\n\n\n\n<p>Le pr\u00e9sident de LaLiga, Javier Tebas, a laiss\u00e9 entendre que des matchs du championnat espagnol pourraient \u00eatre disput\u00e9s au Maroc, se f\u00e9licitant de la forte popularit\u00e9 du football espagnol dans le Royaume.<\/p>\n\n\n\n<p>Dans une interview accord\u00e9e \u00e0 la MAP, Tebas a estim\u00e9 que le grand nombre de supporters passionn\u00e9s de LaLiga au Maroc rend \u00e9galement cette option raisonnable et viable.<\/p>\n\n\n\n<p>\u201cCompte tenu du nombre de supporters qui suivent le championnat espagnol au Maroc, je pense qu\u2019il serait plus facile de jouer au Maroc, notamment parce que les contraintes logistiques li\u00e9es aux d\u00e9placements sont minimes\u201d, a affirm\u00e9 Tebas.<\/p>\n\n\n\n<p>\u201cNous pourrions envisager un match dans le nouveau stade de Casablanca. Pourquoi pas ?, a-t-il soutenu.<\/p>\n\n\n\n<p>Dans ce sens, il a soulign\u00e9 l\u2019importance du m\u00e9morandum d\u2019entente sign\u00e9 entre LaLiga et la Ligue nationale de football professionnel du Maroc, visant \u00e0 \u00e9tablir des passerelles de coordination et \u00e0 renforcer la coop\u00e9ration au service du football dans les deux pays.<\/p>\n","protected":false},"excerpt":{"rendered":"<p>Dpress Le pr\u00e9sident de LaLiga, Javier Tebas, a laiss\u00e9 entendre que des matchs du championnat espagnol pourraient \u00eatre disput\u00e9s au Maroc, se f\u00e9licitant de la forte popularit\u00e9 du football espagnol dans le Royaume. Dans une interview accord\u00e9e \u00e0 la MAP, Tebas a estim\u00e9 que le grand nombre de supporters passionn\u00e9s de LaLiga au Maroc rend &hellip;<\/p>\n","protected":false},"author":2,"featured_media":28056,"comment_status":"open","ping_status":"open","sticky":false,"template":"","format":"standard","meta":{"footnotes":""},"categories":[27],"tags":[],"class_list":["post-28058","post","type-post","status-publish","format-standard","has-post-thumbnail","hentry","category-sport"],"yoast_head":"<!-- This site is optimized with the Yoast SEO plugin v27.5 - https:\/\/yoast.com\/product\/yoast-seo-wordpress\/ -->\n<title>Javier Tebas favorable \u00e0 des matchs de la liga au Maroc - Dpress.ma\/fr<\/title>\n<meta name=\"robots\" content=\"index, follow, max-snippet:-1, max-image-preview:large, max-video-preview:-1\" \/>\n<link rel=\"canonical\" href=\"https:\/\/dpress.ma\/fr\/2026\/04\/09\/javier-tebas-favorable-a-des-matchs-de-la-liga-au-maroc\/\" \/>\n<meta property=\"og:locale\" content=\"fr_FR\" \/>\n<meta property=\"og:type\" content=\"article\" \/>\n<meta property=\"og:title\" content=\"Javier Tebas favorable \u00e0 des matchs de la liga au Maroc - Dpress.ma\/fr\" \/>\n<meta property=\"og:description\" content=\"Dpress Le pr\u00e9sident de LaLiga, Javier Tebas, a laiss\u00e9 entendre que des matchs du championnat espagnol pourraient \u00eatre disput\u00e9s au Maroc, se f\u00e9licitant de la forte popularit\u00e9 du football espagnol dans le Royaume. Dans une interview accord\u00e9e \u00e0 la MAP, Tebas a estim\u00e9 que le grand nombre de supporters passionn\u00e9s de LaLiga au Maroc rend &hellip;\" \/>\n<meta property=\"og:url\" content=\"https:\/\/dpress.ma\/fr\/2026\/04\/09\/javier-tebas-favorable-a-des-matchs-de-la-liga-au-maroc\/\" \/>\n<meta property=\"og:site_name\" content=\"Dpress.ma\/fr\" \/>\n<meta property=\"article:published_time\" content=\"2026-04-09T15:38:17+00:00\" \/>\n<meta property=\"article:modified_time\" content=\"2026-04-09T15:38:19+00:00\" \/>\n<meta property=\"og:image\" content=\"https:\/\/dpress.ma\/fr\/wp-content\/uploads\/sites\/2\/2026\/04\/29-3.jpg\" \/>\n\t<meta property=\"og:image:width\" content=\"2539\" \/>\n\t<meta property=\"og:image:height\" content=\"1594\" \/>\n\t<meta property=\"og:image:type\" content=\"image\/jpeg\" \/>\n<meta name=\"author\" content=\"Dpress.ma\" \/>\n<meta name=\"twitter:card\" content=\"summary_large_image\" \/>\n<meta name=\"twitter:label1\" content=\"\u00c9crit par\" \/>\n\t<meta name=\"twitter:data1\" content=\"Dpress.ma\" \/>\n\t<meta name=\"twitter:label2\" content=\"Dur\u00e9e de lecture estim\u00e9e\" \/>\n\t<meta name=\"twitter:data2\" content=\"1 minute\" \/>\n<script type=\"application\/ld+json\" class=\"yoast-schema-graph\">{\"@context\":\"https:\\\/\\\/schema.org\",\"@graph\":[{\"@type\":\"Article\",\"@id\":\"https:\\\/\\\/dpress.ma\\\/fr\\\/2026\\\/04\\\/09\\\/javier-tebas-favorable-a-des-matchs-de-la-liga-au-maroc\\\/#article\",\"isPartOf\":{\"@id\":\"https:\\\/\\\/dpress.ma\\\/fr\\\/2026\\\/04\\\/09\\\/javier-tebas-favorable-a-des-matchs-de-la-liga-au-maroc\\\/\"},\"author\":{\"name\":\"Dpress.ma\",\"@id\":\"https:\\\/\\\/dpress.ma\\\/fr\\\/#\\\/schema\\\/person\\\/4898febf3ccd59e6578d838656a306a0\"},\"headline\":\"Javier Tebas favorable \u00e0 des matchs de la liga au Maroc\",\"datePublished\":\"2026-04-09T15:38:17+00:00\",\"dateModified\":\"2026-04-09T15:38:19+00:00\",\"mainEntityOfPage\":{\"@id\":\"https:\\\/\\\/dpress.ma\\\/fr\\\/2026\\\/04\\\/09\\\/javier-tebas-favorable-a-des-matchs-de-la-liga-au-maroc\\\/\"},\"wordCount\":174,\"commentCount\":0,\"image\":{\"@id\":\"https:\\\/\\\/dpress.ma\\\/fr\\\/2026\\\/04\\\/09\\\/javier-tebas-favorable-a-des-matchs-de-la-liga-au-maroc\\\/#primaryimage\"},\"thumbnailUrl\":\"https:\\\/\\\/dpress.ma\\\/fr\\\/wp-content\\\/uploads\\\/sites\\\/2\\\/2026\\\/04\\\/29-3.jpg\",\"articleSection\":[\"Sport\"],\"inLanguage\":\"fr-FR\",\"potentialAction\":[{\"@type\":\"CommentAction\",\"name\":\"Comment\",\"target\":[\"https:\\\/\\\/dpress.ma\\\/fr\\\/2026\\\/04\\\/09\\\/javier-tebas-favorable-a-des-matchs-de-la-liga-au-maroc\\\/#respond\"]}]},{\"@type\":\"WebPage\",\"@id\":\"https:\\\/\\\/dpress.ma\\\/fr\\\/2026\\\/04\\\/09\\\/javier-tebas-favorable-a-des-matchs-de-la-liga-au-maroc\\\/\",\"url\":\"https:\\\/\\\/dpress.ma\\\/fr\\\/2026\\\/04\\\/09\\\/javier-tebas-favorable-a-des-matchs-de-la-liga-au-maroc\\\/\",\"name\":\"Javier Tebas favorable \u00e0 des matchs de la liga au Maroc - Dpress.ma\\\/fr\",\"isPartOf\":{\"@id\":\"https:\\\/\\\/dpress.ma\\\/fr\\\/#website\"},\"primaryImageOfPage\":{\"@id\":\"https:\\\/\\\/dpress.ma\\\/fr\\\/2026\\\/04\\\/09\\\/javier-tebas-favorable-a-des-matchs-de-la-liga-au-maroc\\\/#primaryimage\"},\"image\":{\"@id\":\"https:\\\/\\\/dpress.ma\\\/fr\\\/2026\\\/04\\\/09\\\/javier-tebas-favorable-a-des-matchs-de-la-liga-au-maroc\\\/#primaryimage\"},\"thumbnailUrl\":\"https:\\\/\\\/dpress.ma\\\/fr\\\/wp-content\\\/uploads\\\/sites\\\/2\\\/2026\\\/04\\\/29-3.jpg\",\"datePublished\":\"2026-04-09T15:38:17+00:00\",\"dateModified\":\"2026-04-09T15:38:19+00:00\",\"author\":{\"@id\":\"https:\\\/\\\/dpress.ma\\\/fr\\\/#\\\/schema\\\/person\\\/4898febf3ccd59e6578d838656a306a0\"},\"breadcrumb\":{\"@id\":\"https:\\\/\\\/dpress.ma\\\/fr\\\/2026\\\/04\\\/09\\\/javier-tebas-favorable-a-des-matchs-de-la-liga-au-maroc\\\/#breadcrumb\"},\"inLanguage\":\"fr-FR\",\"potentialAction\":[{\"@type\":\"ReadAction\",\"target\":[\"https:\\\/\\\/dpress.ma\\\/fr\\\/2026\\\/04\\\/09\\\/javier-tebas-favorable-a-des-matchs-de-la-liga-au-maroc\\\/\"]}]},{\"@type\":\"ImageObject\",\"inLanguage\":\"fr-FR\",\"@id\":\"https:\\\/\\\/dpress.ma\\\/fr\\\/2026\\\/04\\\/09\\\/javier-tebas-favorable-a-des-matchs-de-la-liga-au-maroc\\\/#primaryimage\",\"url\":\"https:\\\/\\\/dpress.ma\\\/fr\\\/wp-content\\\/uploads\\\/sites\\\/2\\\/2026\\\/04\\\/29-3.jpg\",\"contentUrl\":\"https:\\\/\\\/dpress.ma\\\/fr\\\/wp-content\\\/uploads\\\/sites\\\/2\\\/2026\\\/04\\\/29-3.jpg\",\"width\":2539,\"height\":1594},{\"@type\":\"BreadcrumbList\",\"@id\":\"https:\\\/\\\/dpress.ma\\\/fr\\\/2026\\\/04\\\/09\\\/javier-tebas-favorable-a-des-matchs-de-la-liga-au-maroc\\\/#breadcrumb\",\"itemListElement\":[{\"@type\":\"ListItem\",\"position\":1,\"name\":\"Home\",\"item\":\"https:\\\/\\\/dpress.ma\\\/fr\\\/\"},{\"@type\":\"ListItem\",\"position\":2,\"name\":\"Javier Tebas favorable \u00e0 des matchs de la liga au Maroc\"}]},{\"@type\":\"WebSite\",\"@id\":\"https:\\\/\\\/dpress.ma\\\/fr\\\/#website\",\"url\":\"https:\\\/\\\/dpress.ma\\\/fr\\\/\",\"name\":\"Dpress.ma\\\/fr\",\"description\":\"\",\"potentialAction\":[{\"@type\":\"SearchAction\",\"target\":{\"@type\":\"EntryPoint\",\"urlTemplate\":\"https:\\\/\\\/dpress.ma\\\/fr\\\/?s={search_term_string}\"},\"query-input\":{\"@type\":\"PropertyValueSpecification\",\"valueRequired\":true,\"valueName\":\"search_term_string\"}}],\"inLanguage\":\"fr-FR\"},{\"@type\":\"Person\",\"@id\":\"https:\\\/\\\/dpress.ma\\\/fr\\\/#\\\/schema\\\/person\\\/4898febf3ccd59e6578d838656a306a0\",\"name\":\"Dpress.ma\",\"image\":{\"@type\":\"ImageObject\",\"inLanguage\":\"fr-FR\",\"@id\":\"https:\\\/\\\/secure.gravatar.com\\\/avatar\\\/72ecc30e9db047a2e0e7176561eb9d564ed77c8108376495b19bd8336405198a?s=96&d=mm&r=g\",\"url\":\"https:\\\/\\\/secure.gravatar.com\\\/avatar\\\/72ecc30e9db047a2e0e7176561eb9d564ed77c8108376495b19bd8336405198a?s=96&d=mm&r=g\",\"contentUrl\":\"https:\\\/\\\/secure.gravatar.com\\\/avatar\\\/72ecc30e9db047a2e0e7176561eb9d564ed77c8108376495b19bd8336405198a?s=96&d=mm&r=g\",\"caption\":\"Dpress.ma\"},\"sameAs\":[\"https:\\\/\\\/www.dpress.ma\"],\"url\":\"https:\\\/\\\/dpress.ma\\\/fr\\\/author\\\/dpress-ma\\\/\"}]}<\/script>\n<!-- \/ Yoast SEO plugin. -->","yoast_head_json":{"title":"Javier Tebas favorable \u00e0 des matchs de la liga au Maroc - Dpress.ma\/fr","robots":{"index":"index","follow":"follow","max-snippet":"max-snippet:-1","max-image-preview":"max-image-preview:large","max-video-preview":"max-video-preview:-1"},"canonical":"https:\/\/dpress.ma\/fr\/2026\/04\/09\/javier-tebas-favorable-a-des-matchs-de-la-liga-au-maroc\/","og_locale":"fr_FR","og_type":"article","og_title":"Javier Tebas favorable \u00e0 des matchs de la liga au Maroc - Dpress.ma\/fr","og_description":"Dpress Le pr\u00e9sident de LaLiga, Javier Tebas, a laiss\u00e9 entendre que des matchs du championnat espagnol pourraient \u00eatre disput\u00e9s au Maroc, se f\u00e9licitant de la forte popularit\u00e9 du football espagnol dans le Royaume. Dans une interview accord\u00e9e \u00e0 la MAP, Tebas a estim\u00e9 que le grand nombre de supporters passionn\u00e9s de LaLiga au Maroc rend &hellip;","og_url":"https:\/\/dpress.ma\/fr\/2026\/04\/09\/javier-tebas-favorable-a-des-matchs-de-la-liga-au-maroc\/","og_site_name":"Dpress.ma\/fr","article_published_time":"2026-04-09T15:38:17+00:00","article_modified_time":"2026-04-09T15:38:19+00:00","og_image":[{"width":2539,"height":1594,"url":"https:\/\/dpress.ma\/fr\/wp-content\/uploads\/sites\/2\/2026\/04\/29-3.jpg","type":"image\/jpeg"}],"author":"Dpress.ma","twitter_card":"summary_large_image","twitter_misc":{"\u00c9crit par":"Dpress.ma","Dur\u00e9e de lecture estim\u00e9e":"1 minute"},"schema":{"@context":"https:\/\/schema.org","@graph":[{"@type":"Article","@id":"https:\/\/dpress.ma\/fr\/2026\/04\/09\/javier-tebas-favorable-a-des-matchs-de-la-liga-au-maroc\/#article","isPartOf":{"@id":"https:\/\/dpress.ma\/fr\/2026\/04\/09\/javier-tebas-favorable-a-des-matchs-de-la-liga-au-maroc\/"},"author":{"name":"Dpress.ma","@id":"https:\/\/dpress.ma\/fr\/#\/schema\/person\/4898febf3ccd59e6578d838656a306a0"},"headline":"Javier Tebas favorable \u00e0 des matchs de la liga au Maroc","datePublished":"2026-04-09T15:38:17+00:00","dateModified":"2026-04-09T15:38:19+00:00","mainEntityOfPage":{"@id":"https:\/\/dpress.ma\/fr\/2026\/04\/09\/javier-tebas-favorable-a-des-matchs-de-la-liga-au-maroc\/"},"wordCount":174,"commentCount":0,"image":{"@id":"https:\/\/dpress.ma\/fr\/2026\/04\/09\/javier-tebas-favorable-a-des-matchs-de-la-liga-au-maroc\/#primaryimage"},"thumbnailUrl":"https:\/\/dpress.ma\/fr\/wp-content\/uploads\/sites\/2\/2026\/04\/29-3.jpg","articleSection":["Sport"],"inLanguage":"fr-FR","potentialAction":[{"@type":"CommentAction","name":"Comment","target":["https:\/\/dpress.ma\/fr\/2026\/04\/09\/javier-tebas-favorable-a-des-matchs-de-la-liga-au-maroc\/#respond"]}]},{"@type":"WebPage","@id":"https:\/\/dpress.ma\/fr\/2026\/04\/09\/javier-tebas-favorable-a-des-matchs-de-la-liga-au-maroc\/","url":"https:\/\/dpress.ma\/fr\/2026\/04\/09\/javier-tebas-favorable-a-des-matchs-de-la-liga-au-maroc\/","name":"Javier Tebas favorable \u00e0 des matchs de la liga au Maroc - Dpress.ma\/fr","isPartOf":{"@id":"https:\/\/dpress.ma\/fr\/#website"},"primaryImageOfPage":{"@id":"https:\/\/dpress.ma\/fr\/2026\/04\/09\/javier-tebas-favorable-a-des-matchs-de-la-liga-au-maroc\/#primaryimage"},"image":{"@id":"https:\/\/dpress.ma\/fr\/2026\/04\/09\/javier-tebas-favorable-a-des-matchs-de-la-liga-au-maroc\/#primaryimage"},"thumbnailUrl":"https:\/\/dpress.ma\/fr\/wp-content\/uploads\/sites\/2\/2026\/04\/29-3.jpg","datePublished":"2026-04-09T15:38:17+00:00","dateModified":"2026-04-09T15:38:19+00:00","author":{"@id":"https:\/\/dpress.ma\/fr\/#\/schema\/person\/4898febf3ccd59e6578d838656a306a0"},"breadcrumb":{"@id":"https:\/\/dpress.ma\/fr\/2026\/04\/09\/javier-tebas-favorable-a-des-matchs-de-la-liga-au-maroc\/#breadcrumb"},"inLanguage":"fr-FR","potentialAction":[{"@type":"ReadAction","target":["https:\/\/dpress.ma\/fr\/2026\/04\/09\/javier-tebas-favorable-a-des-matchs-de-la-liga-au-maroc\/"]}]},{"@type":"ImageObject","inLanguage":"fr-FR","@id":"https:\/\/dpress.ma\/fr\/2026\/04\/09\/javier-tebas-favorable-a-des-matchs-de-la-liga-au-maroc\/#primaryimage","url":"https:\/\/dpress.ma\/fr\/wp-content\/uploads\/sites\/2\/2026\/04\/29-3.jpg","contentUrl":"https:\/\/dpress.ma\/fr\/wp-content\/uploads\/sites\/2\/2026\/04\/29-3.jpg","width":2539,"height":1594},{"@type":"BreadcrumbList","@id":"https:\/\/dpress.ma\/fr\/2026\/04\/09\/javier-tebas-favorable-a-des-matchs-de-la-liga-au-maroc\/#breadcrumb","itemListElement":[{"@type":"ListItem","position":1,"name":"Home","item":"https:\/\/dpress.ma\/fr\/"},{"@type":"ListItem","position":2,"name":"Javier Tebas favorable \u00e0 des matchs de la liga au Maroc"}]},{"@type":"WebSite","@id":"https:\/\/dpress.ma\/fr\/#website","url":"https:\/\/dpress.ma\/fr\/","name":"Dpress.ma\/fr","description":"","potentialAction":[{"@type":"SearchAction","target":{"@type":"EntryPoint","urlTemplate":"https:\/\/dpress.ma\/fr\/?s={search_term_string}"},"query-input":{"@type":"PropertyValueSpecification","valueRequired":true,"valueName":"search_term_string"}}],"inLanguage":"fr-FR"},{"@type":"Person","@id":"https:\/\/dpress.ma\/fr\/#\/schema\/person\/4898febf3ccd59e6578d838656a306a0","name":"Dpress.ma","image":{"@type":"ImageObject","inLanguage":"fr-FR","@id":"https:\/\/secure.gravatar.com\/avatar\/72ecc30e9db047a2e0e7176561eb9d564ed77c8108376495b19bd8336405198a?s=96&d=mm&r=g","url":"https:\/\/secure.gravatar.com\/avatar\/72ecc30e9db047a2e0e7176561eb9d564ed77c8108376495b19bd8336405198a?s=96&d=mm&r=g","contentUrl":"https:\/\/secure.gravatar.com\/avatar\/72ecc30e9db047a2e0e7176561eb9d564ed77c8108376495b19bd8336405198a?s=96&d=mm&r=g","caption":"Dpress.ma"},"sameAs":["https:\/\/www.dpress.ma"],"url":"https:\/\/dpress.ma\/fr\/author\/dpress-ma\/"}]}},"amp_enabled":true,"_links":{"self":[{"href":"https:\/\/dpress.ma\/fr\/wp-json\/wp\/v2\/posts\/28058","targetHints":{"allow":["GET"]}}],"collection":[{"href":"https:\/\/dpress.ma\/fr\/wp-json\/wp\/v2\/posts"}],"about":[{"href":"https:\/\/dpress.ma\/fr\/wp-json\/wp\/v2\/types\/post"}],"author":[{"embeddable":true,"href":"https:\/\/dpress.ma\/fr\/wp-json\/wp\/v2\/users\/2"}],"replies":[{"embeddable":true,"href":"https:\/\/dpress.ma\/fr\/wp-json\/wp\/v2\/comments?post=28058"}],"version-history":[{"count":1,"href":"https:\/\/dpress.ma\/fr\/wp-json\/wp\/v2\/posts\/28058\/revisions"}],"predecessor-version":[{"id":28059,"href":"https:\/\/dpress.ma\/fr\/wp-json\/wp\/v2\/posts\/28058\/revisions\/28059"}],"wp:featuredmedia":[{"embeddable":true,"href":"https:\/\/dpress.ma\/fr\/wp-json\/wp\/v2\/media\/28056"}],"wp:attachment":[{"href":"https:\/\/dpress.ma\/fr\/wp-json\/wp\/v2\/media?parent=28058"}],"wp:term":[{"taxonomy":"category","embeddable":true,"href":"https:\/\/dpress.ma\/fr\/wp-json\/wp\/v2\/categories?post=28058"},{"taxonomy":"post_tag","embeddable":true,"href":"https:\/\/dpress.ma\/fr\/wp-json\/wp\/v2\/tags?post=28058"}],"curies":[{"name":"wp","href":"https:\/\/api.w.org\/{rel}","templated":true}]}}