{"id":28055,"date":"2026-04-09T15:37:38","date_gmt":"2026-04-09T15:37:38","guid":{"rendered":"https:\/\/dpress.ma\/fr\/?p=28055"},"modified":"2026-04-09T15:37:39","modified_gmt":"2026-04-09T15:37:39","slug":"le-maroc-un-acteur-cle-de-lexpansion-de-laliga-a-linternational","status":"publish","type":"post","link":"https:\/\/dpress.ma\/fr\/2026\/04\/09\/le-maroc-un-acteur-cle-de-lexpansion-de-laliga-a-linternational\/","title":{"rendered":"Le Maroc, un acteur cl\u00e9 de l\u2019expansion de LaLiga \u00e0 l\u2019international"},"content":{"rendered":"\n<p>Dpress<\/p>\n\n\n\n<p>La projection internationale du championnat espagnol trouve au Maroc l\u2019un de ses piliers strat\u00e9giques les plus solides. C\u2019est ce qu\u2019a soulign\u00e9 le pr\u00e9sident de LaLiga, Javier Tebas, dans un entretien exclusif accord\u00e9 \u00e0 la MAP, mettant en avant les liens historiques, culturels et sportifs unissant les deux pays.<\/p>\n\n\n\n<p>Selon Tebas, la r\u00e9gion du Moyen-Orient et de l\u2019Afrique du Nord constitue un march\u00e9 strat\u00e9gique pour LaLiga, \u00e0 la faveur de l\u2019engouement des supporters passionn\u00e9s. Dans ce contexte, le Maroc occupe une place privil\u00e9gi\u00e9e : \u00ab Il existe une relation historique particuli\u00e8re avec le Maroc, et je pense que cela se ressent aussi dans le football \u00bb, a-t-il affirm\u00e9.<\/p>\n\n\n\n<p>Le pr\u00e9sident de LaLiga a, dans ce sens, rappel\u00e9 la profondeur des relations entre les deux pays sur le plan sportif. \u00abIl y a eu toujours de nombreux liens, ainsi qu\u2019un esprit d\u2019unit\u00e9 et de compr\u00e9hension mutuelle entre l\u2019Espagne et le Maroc dans le domaine du sport en g\u00e9n\u00e9ral, et du football en particulier\u00bb, a-t-il expliqu\u00e9.<\/p>\n\n\n\n<p>L\u2019enthousiasme des supporters marocains pour le football espagnol constitue, pour LaLiga, un avantage concurrentiel face \u00e0 d\u2019autres comp\u00e9titions comme la Premier League. Tebas a estim\u00e9 qu\u2019en termes de suivi dans cette r\u00e9gion, LaLiga pourrait m\u00eame se situer au-dessus de son principal rival anglais.<\/p>\n\n\n\n<p>Ce constat est confort\u00e9 par la proximit\u00e9 g\u00e9ographique, l\u2019histoire partag\u00e9e et les succ\u00e8s r\u00e9cents du football marocain que Tebas a qualifi\u00e9s de \u00absucc\u00e8s structur\u00e9s et m\u00e9rit\u00e9s \u00bb.<\/p>\n\n\n\n<p><strong>+De la crise \u00e9conomique \u00e0 la stabilit\u00e9+<\/strong><\/p>\n\n\n\n<p>Le positionnement international de LaLiga ne peut \u00eatre compris sans la profonde transformation \u00e9conomique qu\u2019elle a connue au cours de la derni\u00e8re d\u00e9cennie. Tebas a, \u00e0 cet \u00e9gard, rappel\u00e9 une situation critique il y a 13 ans : \u00ab Nous devions \u00e0 l\u2019\u00c9tat espagnol pr\u00e8s de 750 millions d\u2019euros, aux joueurs pr\u00e8s de 100 millions et \u00e0 la S\u00e9curit\u00e9 sociale entre 80 et 90 millions d\u2019euros\u00bb. \u00c0 cela s\u2019ajoutait une importante dette entre clubs.<\/p>\n\n\n\n<p>Aujourd\u2019hui, la situation est radicalement diff\u00e9rente. \u00abIl n\u2019y a plus de dettes : tout a \u00e9t\u00e9 pay\u00e9\u00bb, a-t-il assur\u00e9. Ce redressement repose sur un syst\u00e8me de contr\u00f4le \u00e9conomique pr\u00e9ventif qui, selon Tebas, distingue LaLiga des autres comp\u00e9titions footballistiques europ\u00e9ennes. \u00ab Nous expliquons aux clubs ce qu\u2019ils peuvent d\u00e9penser, alors que sous d\u2019autres cieux, les clubs sont sanctionn\u00e9s apr\u00e8s des d\u00e9passements\u00bb, a-t-il poursuivi.<\/p>\n\n\n\n<p><strong>+Investissement, croissance et formation+<\/strong><\/p>\n\n\n\n<p>La stabilit\u00e9 financi\u00e8re de LaLiga a permis de lancer des projets strat\u00e9giques, \u00e0 l\u2019image de l\u2019accord avec le fonds CVC, qui a inject\u00e9 de pr\u00e8s de 2 milliards d\u2019euros en \u00e9change de 8,5% des droits audiovisuels sur 50 ans, a fait savoir M. Tebas, pr\u00e9cisant que 75 % de cet investissement a \u00e9t\u00e9 consacr\u00e9 aux infrastructures, \u00e0 la technologie et \u00e0 l\u2019internationalisation de la comp\u00e9tition.<\/p>\n\n\n\n<p>Les r\u00e9sultats sont d\u00e9j\u00e0 visibles, selon le pr\u00e9sident de LaLiga : records d\u2019affluence, hausse des revenus les jours de match et croissance commerciale soutenue.<\/p>\n\n\n\n<p>En outre, le mod\u00e8le de LaLiga encourage fortement l\u2019investissement dans la formation, avec pr\u00e8s de 20 % des joueurs de premi\u00e8re division issus des centres de formation des clubs, s\u2019est f\u00e9licit\u00e9 Tebas.<\/p>\n","protected":false},"excerpt":{"rendered":"<p>Dpress La projection internationale du championnat espagnol trouve au Maroc l\u2019un de ses piliers strat\u00e9giques les plus solides. C\u2019est ce qu\u2019a soulign\u00e9 le pr\u00e9sident de LaLiga, Javier Tebas, dans un entretien exclusif accord\u00e9 \u00e0 la MAP, mettant en avant les liens historiques, culturels et sportifs unissant les deux pays. Selon Tebas, la r\u00e9gion du Moyen-Orient &hellip;<\/p>\n","protected":false},"author":2,"featured_media":28056,"comment_status":"open","ping_status":"open","sticky":false,"template":"","format":"standard","meta":{"footnotes":""},"categories":[27],"tags":[],"class_list":["post-28055","post","type-post","status-publish","format-standard","has-post-thumbnail","hentry","category-sport"],"yoast_head":"<!-- This site is optimized with the Yoast SEO plugin v27.5 - https:\/\/yoast.com\/product\/yoast-seo-wordpress\/ -->\n<title>Le Maroc, un acteur cl\u00e9 de l\u2019expansion de LaLiga \u00e0 l\u2019international - Dpress.ma\/fr<\/title>\n<meta name=\"robots\" content=\"index, follow, max-snippet:-1, max-image-preview:large, max-video-preview:-1\" \/>\n<link rel=\"canonical\" href=\"https:\/\/dpress.ma\/fr\/2026\/04\/09\/le-maroc-un-acteur-cle-de-lexpansion-de-laliga-a-linternational\/\" \/>\n<meta property=\"og:locale\" content=\"fr_FR\" \/>\n<meta property=\"og:type\" content=\"article\" \/>\n<meta property=\"og:title\" content=\"Le Maroc, un acteur cl\u00e9 de l\u2019expansion de LaLiga \u00e0 l\u2019international - Dpress.ma\/fr\" \/>\n<meta property=\"og:description\" content=\"Dpress La projection internationale du championnat espagnol trouve au Maroc l\u2019un de ses piliers strat\u00e9giques les plus solides. C\u2019est ce qu\u2019a soulign\u00e9 le pr\u00e9sident de LaLiga, Javier Tebas, dans un entretien exclusif accord\u00e9 \u00e0 la MAP, mettant en avant les liens historiques, culturels et sportifs unissant les deux pays. Selon Tebas, la r\u00e9gion du Moyen-Orient &hellip;\" \/>\n<meta property=\"og:url\" content=\"https:\/\/dpress.ma\/fr\/2026\/04\/09\/le-maroc-un-acteur-cle-de-lexpansion-de-laliga-a-linternational\/\" \/>\n<meta property=\"og:site_name\" content=\"Dpress.ma\/fr\" \/>\n<meta property=\"article:published_time\" content=\"2026-04-09T15:37:38+00:00\" \/>\n<meta property=\"article:modified_time\" content=\"2026-04-09T15:37:39+00:00\" \/>\n<meta property=\"og:image\" content=\"https:\/\/dpress.ma\/fr\/wp-content\/uploads\/sites\/2\/2026\/04\/29-3.jpg\" \/>\n\t<meta property=\"og:image:width\" content=\"2539\" \/>\n\t<meta property=\"og:image:height\" content=\"1594\" \/>\n\t<meta property=\"og:image:type\" content=\"image\/jpeg\" \/>\n<meta name=\"author\" content=\"Dpress.ma\" \/>\n<meta name=\"twitter:card\" content=\"summary_large_image\" \/>\n<meta name=\"twitter:label1\" content=\"\u00c9crit par\" \/>\n\t<meta name=\"twitter:data1\" content=\"Dpress.ma\" \/>\n\t<meta name=\"twitter:label2\" content=\"Dur\u00e9e de lecture estim\u00e9e\" \/>\n\t<meta name=\"twitter:data2\" content=\"3 minutes\" \/>\n<script type=\"application\/ld+json\" class=\"yoast-schema-graph\">{\"@context\":\"https:\\\/\\\/schema.org\",\"@graph\":[{\"@type\":\"Article\",\"@id\":\"https:\\\/\\\/dpress.ma\\\/fr\\\/2026\\\/04\\\/09\\\/le-maroc-un-acteur-cle-de-lexpansion-de-laliga-a-linternational\\\/#article\",\"isPartOf\":{\"@id\":\"https:\\\/\\\/dpress.ma\\\/fr\\\/2026\\\/04\\\/09\\\/le-maroc-un-acteur-cle-de-lexpansion-de-laliga-a-linternational\\\/\"},\"author\":{\"name\":\"Dpress.ma\",\"@id\":\"https:\\\/\\\/dpress.ma\\\/fr\\\/#\\\/schema\\\/person\\\/4898febf3ccd59e6578d838656a306a0\"},\"headline\":\"Le Maroc, un acteur cl\u00e9 de l\u2019expansion de LaLiga \u00e0 l\u2019international\",\"datePublished\":\"2026-04-09T15:37:38+00:00\",\"dateModified\":\"2026-04-09T15:37:39+00:00\",\"mainEntityOfPage\":{\"@id\":\"https:\\\/\\\/dpress.ma\\\/fr\\\/2026\\\/04\\\/09\\\/le-maroc-un-acteur-cle-de-lexpansion-de-laliga-a-linternational\\\/\"},\"wordCount\":561,\"commentCount\":0,\"image\":{\"@id\":\"https:\\\/\\\/dpress.ma\\\/fr\\\/2026\\\/04\\\/09\\\/le-maroc-un-acteur-cle-de-lexpansion-de-laliga-a-linternational\\\/#primaryimage\"},\"thumbnailUrl\":\"https:\\\/\\\/dpress.ma\\\/fr\\\/wp-content\\\/uploads\\\/sites\\\/2\\\/2026\\\/04\\\/29-3.jpg\",\"articleSection\":[\"Sport\"],\"inLanguage\":\"fr-FR\",\"potentialAction\":[{\"@type\":\"CommentAction\",\"name\":\"Comment\",\"target\":[\"https:\\\/\\\/dpress.ma\\\/fr\\\/2026\\\/04\\\/09\\\/le-maroc-un-acteur-cle-de-lexpansion-de-laliga-a-linternational\\\/#respond\"]}]},{\"@type\":\"WebPage\",\"@id\":\"https:\\\/\\\/dpress.ma\\\/fr\\\/2026\\\/04\\\/09\\\/le-maroc-un-acteur-cle-de-lexpansion-de-laliga-a-linternational\\\/\",\"url\":\"https:\\\/\\\/dpress.ma\\\/fr\\\/2026\\\/04\\\/09\\\/le-maroc-un-acteur-cle-de-lexpansion-de-laliga-a-linternational\\\/\",\"name\":\"Le Maroc, un acteur cl\u00e9 de l\u2019expansion de LaLiga \u00e0 l\u2019international - Dpress.ma\\\/fr\",\"isPartOf\":{\"@id\":\"https:\\\/\\\/dpress.ma\\\/fr\\\/#website\"},\"primaryImageOfPage\":{\"@id\":\"https:\\\/\\\/dpress.ma\\\/fr\\\/2026\\\/04\\\/09\\\/le-maroc-un-acteur-cle-de-lexpansion-de-laliga-a-linternational\\\/#primaryimage\"},\"image\":{\"@id\":\"https:\\\/\\\/dpress.ma\\\/fr\\\/2026\\\/04\\\/09\\\/le-maroc-un-acteur-cle-de-lexpansion-de-laliga-a-linternational\\\/#primaryimage\"},\"thumbnailUrl\":\"https:\\\/\\\/dpress.ma\\\/fr\\\/wp-content\\\/uploads\\\/sites\\\/2\\\/2026\\\/04\\\/29-3.jpg\",\"datePublished\":\"2026-04-09T15:37:38+00:00\",\"dateModified\":\"2026-04-09T15:37:39+00:00\",\"author\":{\"@id\":\"https:\\\/\\\/dpress.ma\\\/fr\\\/#\\\/schema\\\/person\\\/4898febf3ccd59e6578d838656a306a0\"},\"breadcrumb\":{\"@id\":\"https:\\\/\\\/dpress.ma\\\/fr\\\/2026\\\/04\\\/09\\\/le-maroc-un-acteur-cle-de-lexpansion-de-laliga-a-linternational\\\/#breadcrumb\"},\"inLanguage\":\"fr-FR\",\"potentialAction\":[{\"@type\":\"ReadAction\",\"target\":[\"https:\\\/\\\/dpress.ma\\\/fr\\\/2026\\\/04\\\/09\\\/le-maroc-un-acteur-cle-de-lexpansion-de-laliga-a-linternational\\\/\"]}]},{\"@type\":\"ImageObject\",\"inLanguage\":\"fr-FR\",\"@id\":\"https:\\\/\\\/dpress.ma\\\/fr\\\/2026\\\/04\\\/09\\\/le-maroc-un-acteur-cle-de-lexpansion-de-laliga-a-linternational\\\/#primaryimage\",\"url\":\"https:\\\/\\\/dpress.ma\\\/fr\\\/wp-content\\\/uploads\\\/sites\\\/2\\\/2026\\\/04\\\/29-3.jpg\",\"contentUrl\":\"https:\\\/\\\/dpress.ma\\\/fr\\\/wp-content\\\/uploads\\\/sites\\\/2\\\/2026\\\/04\\\/29-3.jpg\",\"width\":2539,\"height\":1594},{\"@type\":\"BreadcrumbList\",\"@id\":\"https:\\\/\\\/dpress.ma\\\/fr\\\/2026\\\/04\\\/09\\\/le-maroc-un-acteur-cle-de-lexpansion-de-laliga-a-linternational\\\/#breadcrumb\",\"itemListElement\":[{\"@type\":\"ListItem\",\"position\":1,\"name\":\"Home\",\"item\":\"https:\\\/\\\/dpress.ma\\\/fr\\\/\"},{\"@type\":\"ListItem\",\"position\":2,\"name\":\"Le Maroc, un acteur cl\u00e9 de l\u2019expansion de LaLiga \u00e0 l\u2019international\"}]},{\"@type\":\"WebSite\",\"@id\":\"https:\\\/\\\/dpress.ma\\\/fr\\\/#website\",\"url\":\"https:\\\/\\\/dpress.ma\\\/fr\\\/\",\"name\":\"Dpress.ma\\\/fr\",\"description\":\"\",\"potentialAction\":[{\"@type\":\"SearchAction\",\"target\":{\"@type\":\"EntryPoint\",\"urlTemplate\":\"https:\\\/\\\/dpress.ma\\\/fr\\\/?s={search_term_string}\"},\"query-input\":{\"@type\":\"PropertyValueSpecification\",\"valueRequired\":true,\"valueName\":\"search_term_string\"}}],\"inLanguage\":\"fr-FR\"},{\"@type\":\"Person\",\"@id\":\"https:\\\/\\\/dpress.ma\\\/fr\\\/#\\\/schema\\\/person\\\/4898febf3ccd59e6578d838656a306a0\",\"name\":\"Dpress.ma\",\"image\":{\"@type\":\"ImageObject\",\"inLanguage\":\"fr-FR\",\"@id\":\"https:\\\/\\\/secure.gravatar.com\\\/avatar\\\/72ecc30e9db047a2e0e7176561eb9d564ed77c8108376495b19bd8336405198a?s=96&d=mm&r=g\",\"url\":\"https:\\\/\\\/secure.gravatar.com\\\/avatar\\\/72ecc30e9db047a2e0e7176561eb9d564ed77c8108376495b19bd8336405198a?s=96&d=mm&r=g\",\"contentUrl\":\"https:\\\/\\\/secure.gravatar.com\\\/avatar\\\/72ecc30e9db047a2e0e7176561eb9d564ed77c8108376495b19bd8336405198a?s=96&d=mm&r=g\",\"caption\":\"Dpress.ma\"},\"sameAs\":[\"https:\\\/\\\/www.dpress.ma\"],\"url\":\"https:\\\/\\\/dpress.ma\\\/fr\\\/author\\\/dpress-ma\\\/\"}]}<\/script>\n<!-- \/ Yoast SEO plugin. -->","yoast_head_json":{"title":"Le Maroc, un acteur cl\u00e9 de l\u2019expansion de LaLiga \u00e0 l\u2019international - Dpress.ma\/fr","robots":{"index":"index","follow":"follow","max-snippet":"max-snippet:-1","max-image-preview":"max-image-preview:large","max-video-preview":"max-video-preview:-1"},"canonical":"https:\/\/dpress.ma\/fr\/2026\/04\/09\/le-maroc-un-acteur-cle-de-lexpansion-de-laliga-a-linternational\/","og_locale":"fr_FR","og_type":"article","og_title":"Le Maroc, un acteur cl\u00e9 de l\u2019expansion de LaLiga \u00e0 l\u2019international - Dpress.ma\/fr","og_description":"Dpress La projection internationale du championnat espagnol trouve au Maroc l\u2019un de ses piliers strat\u00e9giques les plus solides. C\u2019est ce qu\u2019a soulign\u00e9 le pr\u00e9sident de LaLiga, Javier Tebas, dans un entretien exclusif accord\u00e9 \u00e0 la MAP, mettant en avant les liens historiques, culturels et sportifs unissant les deux pays. Selon Tebas, la r\u00e9gion du Moyen-Orient &hellip;","og_url":"https:\/\/dpress.ma\/fr\/2026\/04\/09\/le-maroc-un-acteur-cle-de-lexpansion-de-laliga-a-linternational\/","og_site_name":"Dpress.ma\/fr","article_published_time":"2026-04-09T15:37:38+00:00","article_modified_time":"2026-04-09T15:37:39+00:00","og_image":[{"width":2539,"height":1594,"url":"https:\/\/dpress.ma\/fr\/wp-content\/uploads\/sites\/2\/2026\/04\/29-3.jpg","type":"image\/jpeg"}],"author":"Dpress.ma","twitter_card":"summary_large_image","twitter_misc":{"\u00c9crit par":"Dpress.ma","Dur\u00e9e de lecture estim\u00e9e":"3 minutes"},"schema":{"@context":"https:\/\/schema.org","@graph":[{"@type":"Article","@id":"https:\/\/dpress.ma\/fr\/2026\/04\/09\/le-maroc-un-acteur-cle-de-lexpansion-de-laliga-a-linternational\/#article","isPartOf":{"@id":"https:\/\/dpress.ma\/fr\/2026\/04\/09\/le-maroc-un-acteur-cle-de-lexpansion-de-laliga-a-linternational\/"},"author":{"name":"Dpress.ma","@id":"https:\/\/dpress.ma\/fr\/#\/schema\/person\/4898febf3ccd59e6578d838656a306a0"},"headline":"Le Maroc, un acteur cl\u00e9 de l\u2019expansion de LaLiga \u00e0 l\u2019international","datePublished":"2026-04-09T15:37:38+00:00","dateModified":"2026-04-09T15:37:39+00:00","mainEntityOfPage":{"@id":"https:\/\/dpress.ma\/fr\/2026\/04\/09\/le-maroc-un-acteur-cle-de-lexpansion-de-laliga-a-linternational\/"},"wordCount":561,"commentCount":0,"image":{"@id":"https:\/\/dpress.ma\/fr\/2026\/04\/09\/le-maroc-un-acteur-cle-de-lexpansion-de-laliga-a-linternational\/#primaryimage"},"thumbnailUrl":"https:\/\/dpress.ma\/fr\/wp-content\/uploads\/sites\/2\/2026\/04\/29-3.jpg","articleSection":["Sport"],"inLanguage":"fr-FR","potentialAction":[{"@type":"CommentAction","name":"Comment","target":["https:\/\/dpress.ma\/fr\/2026\/04\/09\/le-maroc-un-acteur-cle-de-lexpansion-de-laliga-a-linternational\/#respond"]}]},{"@type":"WebPage","@id":"https:\/\/dpress.ma\/fr\/2026\/04\/09\/le-maroc-un-acteur-cle-de-lexpansion-de-laliga-a-linternational\/","url":"https:\/\/dpress.ma\/fr\/2026\/04\/09\/le-maroc-un-acteur-cle-de-lexpansion-de-laliga-a-linternational\/","name":"Le Maroc, un acteur cl\u00e9 de l\u2019expansion de LaLiga \u00e0 l\u2019international - Dpress.ma\/fr","isPartOf":{"@id":"https:\/\/dpress.ma\/fr\/#website"},"primaryImageOfPage":{"@id":"https:\/\/dpress.ma\/fr\/2026\/04\/09\/le-maroc-un-acteur-cle-de-lexpansion-de-laliga-a-linternational\/#primaryimage"},"image":{"@id":"https:\/\/dpress.ma\/fr\/2026\/04\/09\/le-maroc-un-acteur-cle-de-lexpansion-de-laliga-a-linternational\/#primaryimage"},"thumbnailUrl":"https:\/\/dpress.ma\/fr\/wp-content\/uploads\/sites\/2\/2026\/04\/29-3.jpg","datePublished":"2026-04-09T15:37:38+00:00","dateModified":"2026-04-09T15:37:39+00:00","author":{"@id":"https:\/\/dpress.ma\/fr\/#\/schema\/person\/4898febf3ccd59e6578d838656a306a0"},"breadcrumb":{"@id":"https:\/\/dpress.ma\/fr\/2026\/04\/09\/le-maroc-un-acteur-cle-de-lexpansion-de-laliga-a-linternational\/#breadcrumb"},"inLanguage":"fr-FR","potentialAction":[{"@type":"ReadAction","target":["https:\/\/dpress.ma\/fr\/2026\/04\/09\/le-maroc-un-acteur-cle-de-lexpansion-de-laliga-a-linternational\/"]}]},{"@type":"ImageObject","inLanguage":"fr-FR","@id":"https:\/\/dpress.ma\/fr\/2026\/04\/09\/le-maroc-un-acteur-cle-de-lexpansion-de-laliga-a-linternational\/#primaryimage","url":"https:\/\/dpress.ma\/fr\/wp-content\/uploads\/sites\/2\/2026\/04\/29-3.jpg","contentUrl":"https:\/\/dpress.ma\/fr\/wp-content\/uploads\/sites\/2\/2026\/04\/29-3.jpg","width":2539,"height":1594},{"@type":"BreadcrumbList","@id":"https:\/\/dpress.ma\/fr\/2026\/04\/09\/le-maroc-un-acteur-cle-de-lexpansion-de-laliga-a-linternational\/#breadcrumb","itemListElement":[{"@type":"ListItem","position":1,"name":"Home","item":"https:\/\/dpress.ma\/fr\/"},{"@type":"ListItem","position":2,"name":"Le Maroc, un acteur cl\u00e9 de l\u2019expansion de LaLiga \u00e0 l\u2019international"}]},{"@type":"WebSite","@id":"https:\/\/dpress.ma\/fr\/#website","url":"https:\/\/dpress.ma\/fr\/","name":"Dpress.ma\/fr","description":"","potentialAction":[{"@type":"SearchAction","target":{"@type":"EntryPoint","urlTemplate":"https:\/\/dpress.ma\/fr\/?s={search_term_string}"},"query-input":{"@type":"PropertyValueSpecification","valueRequired":true,"valueName":"search_term_string"}}],"inLanguage":"fr-FR"},{"@type":"Person","@id":"https:\/\/dpress.ma\/fr\/#\/schema\/person\/4898febf3ccd59e6578d838656a306a0","name":"Dpress.ma","image":{"@type":"ImageObject","inLanguage":"fr-FR","@id":"https:\/\/secure.gravatar.com\/avatar\/72ecc30e9db047a2e0e7176561eb9d564ed77c8108376495b19bd8336405198a?s=96&d=mm&r=g","url":"https:\/\/secure.gravatar.com\/avatar\/72ecc30e9db047a2e0e7176561eb9d564ed77c8108376495b19bd8336405198a?s=96&d=mm&r=g","contentUrl":"https:\/\/secure.gravatar.com\/avatar\/72ecc30e9db047a2e0e7176561eb9d564ed77c8108376495b19bd8336405198a?s=96&d=mm&r=g","caption":"Dpress.ma"},"sameAs":["https:\/\/www.dpress.ma"],"url":"https:\/\/dpress.ma\/fr\/author\/dpress-ma\/"}]}},"amp_enabled":true,"_links":{"self":[{"href":"https:\/\/dpress.ma\/fr\/wp-json\/wp\/v2\/posts\/28055","targetHints":{"allow":["GET"]}}],"collection":[{"href":"https:\/\/dpress.ma\/fr\/wp-json\/wp\/v2\/posts"}],"about":[{"href":"https:\/\/dpress.ma\/fr\/wp-json\/wp\/v2\/types\/post"}],"author":[{"embeddable":true,"href":"https:\/\/dpress.ma\/fr\/wp-json\/wp\/v2\/users\/2"}],"replies":[{"embeddable":true,"href":"https:\/\/dpress.ma\/fr\/wp-json\/wp\/v2\/comments?post=28055"}],"version-history":[{"count":1,"href":"https:\/\/dpress.ma\/fr\/wp-json\/wp\/v2\/posts\/28055\/revisions"}],"predecessor-version":[{"id":28057,"href":"https:\/\/dpress.ma\/fr\/wp-json\/wp\/v2\/posts\/28055\/revisions\/28057"}],"wp:featuredmedia":[{"embeddable":true,"href":"https:\/\/dpress.ma\/fr\/wp-json\/wp\/v2\/media\/28056"}],"wp:attachment":[{"href":"https:\/\/dpress.ma\/fr\/wp-json\/wp\/v2\/media?parent=28055"}],"wp:term":[{"taxonomy":"category","embeddable":true,"href":"https:\/\/dpress.ma\/fr\/wp-json\/wp\/v2\/categories?post=28055"},{"taxonomy":"post_tag","embeddable":true,"href":"https:\/\/dpress.ma\/fr\/wp-json\/wp\/v2\/tags?post=28055"}],"curies":[{"name":"wp","href":"https:\/\/api.w.org\/{rel}","templated":true}]}}