{"id":28052,"date":"2026-04-09T15:36:00","date_gmt":"2026-04-09T15:36:00","guid":{"rendered":"https:\/\/dpress.ma\/fr\/?p=28052"},"modified":"2026-04-09T15:36:01","modified_gmt":"2026-04-09T15:36:01","slug":"la-can-maroc-2025-la-plus-reussie-de-lhistoire","status":"publish","type":"post","link":"https:\/\/dpress.ma\/fr\/2026\/04\/09\/la-can-maroc-2025-la-plus-reussie-de-lhistoire\/","title":{"rendered":"La CAN Maroc-2025, la plus r\u00e9ussie de l\u2019histoire"},"content":{"rendered":"\n<p>Dpress<\/p>\n\n\n\n<p>Le pr\u00e9sident de la Conf\u00e9d\u00e9ration africaine de football (CAF), Patrice Motsepe, a affirm\u00e9, jeudi, que la phase finale de la Coupe d\u2019Afrique des Nations Maroc-2025 a \u00e9t\u00e9, \u00e0 tous \u00e9gards, la plus r\u00e9ussie de l\u2019histoire de la comp\u00e9tition, soulignant que les r\u00e9alisations de cette \u00e9dition refl\u00e8tent la place d\u00e9sormais occup\u00e9e par le football africain sur la sc\u00e8ne internationale.<\/p>\n\n\n\n<p>Dans une d\u00e9claration \u00e0 la presse \u00e0 son arriv\u00e9e \u00e0 l\u2019a\u00e9roport de Rabat-Sal\u00e9 dans le cadre d\u2019une visite au Maroc, Motsepe a pr\u00e9cis\u00e9 que cette \u00e9dition a connu un succ\u00e8s sans pr\u00e9c\u00e9dent \u00e0 tous les niveaux, que ce soit en termes d\u2019organisation, de rayonnement ou d\u2019audience.<\/p>\n\n\n\n<p>Dans ce sens, il a ajout\u00e9 que la principale comp\u00e9tition continentale en Afrique a, une fois de plus, d\u00e9montr\u00e9 sa capacit\u00e9 \u00e0 se hisser au niveau des plus grandes manifestations footballistiques mondiales.<\/p>\n\n\n\n<p>En revanche, le pr\u00e9sident de la CAF a exprim\u00e9 ses regrets quant \u00e0 ce qui s\u2019est produit lors de la finale du tournoi, indiquant que l\u2019instance africaine a entam\u00e9 l\u2019introduction de modifications \u00e0 ses statuts et r\u00e8glements, ainsi qu\u2019aux r\u00e8glements sp\u00e9cifiques de la Coupe d\u2019Afrique des Nations, afin de rem\u00e9dier aux insuffisances constat\u00e9es et de renforcer la cr\u00e9dibilit\u00e9 des comp\u00e9titions africaines.<\/p>\n\n\n\n<p>Il a ajout\u00e9 que ces amendements visent notamment \u00e0 garantir que les sanctions soient proportionnelles \u00e0 certaines infractions, refl\u00e9tant ainsi la volont\u00e9 de la CAF d\u2019imposer le respect de ses r\u00e8gles et de consolider l\u2019image du football africain comme sport respect\u00e9 et comp\u00e9titif \u00e0 l\u2019\u00e9chelle mondiale.<\/p>\n\n\n\n<p>Motsepe a \u00e9galement relev\u00e9 que la CAF accorde une importance particuli\u00e8re au renforcement de la confiance dans le syst\u00e8me d\u2019arbitrage et les instances judiciaires, soulignant que la Conf\u00e9d\u00e9ration est d\u00e9termin\u00e9e \u00e0 poursuivre les r\u00e9formes n\u00e9cessaires pour consolider ces institutions et capitaliser sur les acquis des derni\u00e8res ann\u00e9es.<\/p>\n\n\n\n<p>Par ailleurs, le pr\u00e9sident de la CAF a insist\u00e9 sur le fait que le football doit rester un facteur d\u2019unit\u00e9 entre les peuples africains, appelant \u00e0 soutenir les s\u00e9lections africaines qualifi\u00e9es pour la prochaine Coupe du monde.<\/p>\n\n\n\n<p>L\u2019ensemble du continent, avec toutes ses composantes, se tient derri\u00e8re ces \u00e9quipes afin d\u2019honorer le football africain sur la sc\u00e8ne mondiale, a-t-il insist\u00e9.<\/p>\n","protected":false},"excerpt":{"rendered":"<p>Dpress Le pr\u00e9sident de la Conf\u00e9d\u00e9ration africaine de football (CAF), Patrice Motsepe, a affirm\u00e9, jeudi, que la phase finale de la Coupe d\u2019Afrique des Nations Maroc-2025 a \u00e9t\u00e9, \u00e0 tous \u00e9gards, la plus r\u00e9ussie de l\u2019histoire de la comp\u00e9tition, soulignant que les r\u00e9alisations de cette \u00e9dition refl\u00e8tent la place d\u00e9sormais occup\u00e9e par le football africain &hellip;<\/p>\n","protected":false},"author":2,"featured_media":28053,"comment_status":"open","ping_status":"open","sticky":false,"template":"","format":"standard","meta":{"footnotes":""},"categories":[27],"tags":[],"class_list":["post-28052","post","type-post","status-publish","format-standard","has-post-thumbnail","hentry","category-sport"],"yoast_head":"<!-- This site is optimized with the Yoast SEO plugin v27.5 - https:\/\/yoast.com\/product\/yoast-seo-wordpress\/ -->\n<title>La CAN Maroc-2025, la plus r\u00e9ussie de l\u2019histoire - Dpress.ma\/fr<\/title>\n<meta name=\"robots\" content=\"index, follow, max-snippet:-1, max-image-preview:large, max-video-preview:-1\" \/>\n<link rel=\"canonical\" href=\"https:\/\/dpress.ma\/fr\/2026\/04\/09\/la-can-maroc-2025-la-plus-reussie-de-lhistoire\/\" \/>\n<meta property=\"og:locale\" content=\"fr_FR\" \/>\n<meta property=\"og:type\" content=\"article\" \/>\n<meta property=\"og:title\" content=\"La CAN Maroc-2025, la plus r\u00e9ussie de l\u2019histoire - Dpress.ma\/fr\" \/>\n<meta property=\"og:description\" content=\"Dpress Le pr\u00e9sident de la Conf\u00e9d\u00e9ration africaine de football (CAF), Patrice Motsepe, a affirm\u00e9, jeudi, que la phase finale de la Coupe d\u2019Afrique des Nations Maroc-2025 a \u00e9t\u00e9, \u00e0 tous \u00e9gards, la plus r\u00e9ussie de l\u2019histoire de la comp\u00e9tition, soulignant que les r\u00e9alisations de cette \u00e9dition refl\u00e8tent la place d\u00e9sormais occup\u00e9e par le football africain &hellip;\" \/>\n<meta property=\"og:url\" content=\"https:\/\/dpress.ma\/fr\/2026\/04\/09\/la-can-maroc-2025-la-plus-reussie-de-lhistoire\/\" \/>\n<meta property=\"og:site_name\" content=\"Dpress.ma\/fr\" \/>\n<meta property=\"article:published_time\" content=\"2026-04-09T15:36:00+00:00\" \/>\n<meta property=\"article:modified_time\" content=\"2026-04-09T15:36:01+00:00\" \/>\n<meta property=\"og:image\" content=\"https:\/\/dpress.ma\/fr\/wp-content\/uploads\/sites\/2\/2026\/04\/28-4.jpg\" \/>\n\t<meta property=\"og:image:width\" content=\"2539\" \/>\n\t<meta property=\"og:image:height\" content=\"1594\" \/>\n\t<meta property=\"og:image:type\" content=\"image\/jpeg\" \/>\n<meta name=\"author\" content=\"Dpress.ma\" \/>\n<meta name=\"twitter:card\" content=\"summary_large_image\" \/>\n<meta name=\"twitter:label1\" content=\"\u00c9crit par\" \/>\n\t<meta name=\"twitter:data1\" content=\"Dpress.ma\" \/>\n\t<meta name=\"twitter:label2\" content=\"Dur\u00e9e de lecture estim\u00e9e\" \/>\n\t<meta name=\"twitter:data2\" content=\"2 minutes\" \/>\n<script type=\"application\/ld+json\" class=\"yoast-schema-graph\">{\"@context\":\"https:\\\/\\\/schema.org\",\"@graph\":[{\"@type\":\"Article\",\"@id\":\"https:\\\/\\\/dpress.ma\\\/fr\\\/2026\\\/04\\\/09\\\/la-can-maroc-2025-la-plus-reussie-de-lhistoire\\\/#article\",\"isPartOf\":{\"@id\":\"https:\\\/\\\/dpress.ma\\\/fr\\\/2026\\\/04\\\/09\\\/la-can-maroc-2025-la-plus-reussie-de-lhistoire\\\/\"},\"author\":{\"name\":\"Dpress.ma\",\"@id\":\"https:\\\/\\\/dpress.ma\\\/fr\\\/#\\\/schema\\\/person\\\/4898febf3ccd59e6578d838656a306a0\"},\"headline\":\"La CAN Maroc-2025, la plus r\u00e9ussie de l\u2019histoire\",\"datePublished\":\"2026-04-09T15:36:00+00:00\",\"dateModified\":\"2026-04-09T15:36:01+00:00\",\"mainEntityOfPage\":{\"@id\":\"https:\\\/\\\/dpress.ma\\\/fr\\\/2026\\\/04\\\/09\\\/la-can-maroc-2025-la-plus-reussie-de-lhistoire\\\/\"},\"wordCount\":411,\"commentCount\":0,\"image\":{\"@id\":\"https:\\\/\\\/dpress.ma\\\/fr\\\/2026\\\/04\\\/09\\\/la-can-maroc-2025-la-plus-reussie-de-lhistoire\\\/#primaryimage\"},\"thumbnailUrl\":\"https:\\\/\\\/dpress.ma\\\/fr\\\/wp-content\\\/uploads\\\/sites\\\/2\\\/2026\\\/04\\\/28-4.jpg\",\"articleSection\":[\"Sport\"],\"inLanguage\":\"fr-FR\",\"potentialAction\":[{\"@type\":\"CommentAction\",\"name\":\"Comment\",\"target\":[\"https:\\\/\\\/dpress.ma\\\/fr\\\/2026\\\/04\\\/09\\\/la-can-maroc-2025-la-plus-reussie-de-lhistoire\\\/#respond\"]}]},{\"@type\":\"WebPage\",\"@id\":\"https:\\\/\\\/dpress.ma\\\/fr\\\/2026\\\/04\\\/09\\\/la-can-maroc-2025-la-plus-reussie-de-lhistoire\\\/\",\"url\":\"https:\\\/\\\/dpress.ma\\\/fr\\\/2026\\\/04\\\/09\\\/la-can-maroc-2025-la-plus-reussie-de-lhistoire\\\/\",\"name\":\"La CAN Maroc-2025, la plus r\u00e9ussie de l\u2019histoire - Dpress.ma\\\/fr\",\"isPartOf\":{\"@id\":\"https:\\\/\\\/dpress.ma\\\/fr\\\/#website\"},\"primaryImageOfPage\":{\"@id\":\"https:\\\/\\\/dpress.ma\\\/fr\\\/2026\\\/04\\\/09\\\/la-can-maroc-2025-la-plus-reussie-de-lhistoire\\\/#primaryimage\"},\"image\":{\"@id\":\"https:\\\/\\\/dpress.ma\\\/fr\\\/2026\\\/04\\\/09\\\/la-can-maroc-2025-la-plus-reussie-de-lhistoire\\\/#primaryimage\"},\"thumbnailUrl\":\"https:\\\/\\\/dpress.ma\\\/fr\\\/wp-content\\\/uploads\\\/sites\\\/2\\\/2026\\\/04\\\/28-4.jpg\",\"datePublished\":\"2026-04-09T15:36:00+00:00\",\"dateModified\":\"2026-04-09T15:36:01+00:00\",\"author\":{\"@id\":\"https:\\\/\\\/dpress.ma\\\/fr\\\/#\\\/schema\\\/person\\\/4898febf3ccd59e6578d838656a306a0\"},\"breadcrumb\":{\"@id\":\"https:\\\/\\\/dpress.ma\\\/fr\\\/2026\\\/04\\\/09\\\/la-can-maroc-2025-la-plus-reussie-de-lhistoire\\\/#breadcrumb\"},\"inLanguage\":\"fr-FR\",\"potentialAction\":[{\"@type\":\"ReadAction\",\"target\":[\"https:\\\/\\\/dpress.ma\\\/fr\\\/2026\\\/04\\\/09\\\/la-can-maroc-2025-la-plus-reussie-de-lhistoire\\\/\"]}]},{\"@type\":\"ImageObject\",\"inLanguage\":\"fr-FR\",\"@id\":\"https:\\\/\\\/dpress.ma\\\/fr\\\/2026\\\/04\\\/09\\\/la-can-maroc-2025-la-plus-reussie-de-lhistoire\\\/#primaryimage\",\"url\":\"https:\\\/\\\/dpress.ma\\\/fr\\\/wp-content\\\/uploads\\\/sites\\\/2\\\/2026\\\/04\\\/28-4.jpg\",\"contentUrl\":\"https:\\\/\\\/dpress.ma\\\/fr\\\/wp-content\\\/uploads\\\/sites\\\/2\\\/2026\\\/04\\\/28-4.jpg\",\"width\":2539,\"height\":1594},{\"@type\":\"BreadcrumbList\",\"@id\":\"https:\\\/\\\/dpress.ma\\\/fr\\\/2026\\\/04\\\/09\\\/la-can-maroc-2025-la-plus-reussie-de-lhistoire\\\/#breadcrumb\",\"itemListElement\":[{\"@type\":\"ListItem\",\"position\":1,\"name\":\"Home\",\"item\":\"https:\\\/\\\/dpress.ma\\\/fr\\\/\"},{\"@type\":\"ListItem\",\"position\":2,\"name\":\"La CAN Maroc-2025, la plus r\u00e9ussie de l\u2019histoire\"}]},{\"@type\":\"WebSite\",\"@id\":\"https:\\\/\\\/dpress.ma\\\/fr\\\/#website\",\"url\":\"https:\\\/\\\/dpress.ma\\\/fr\\\/\",\"name\":\"Dpress.ma\\\/fr\",\"description\":\"\",\"potentialAction\":[{\"@type\":\"SearchAction\",\"target\":{\"@type\":\"EntryPoint\",\"urlTemplate\":\"https:\\\/\\\/dpress.ma\\\/fr\\\/?s={search_term_string}\"},\"query-input\":{\"@type\":\"PropertyValueSpecification\",\"valueRequired\":true,\"valueName\":\"search_term_string\"}}],\"inLanguage\":\"fr-FR\"},{\"@type\":\"Person\",\"@id\":\"https:\\\/\\\/dpress.ma\\\/fr\\\/#\\\/schema\\\/person\\\/4898febf3ccd59e6578d838656a306a0\",\"name\":\"Dpress.ma\",\"image\":{\"@type\":\"ImageObject\",\"inLanguage\":\"fr-FR\",\"@id\":\"https:\\\/\\\/secure.gravatar.com\\\/avatar\\\/72ecc30e9db047a2e0e7176561eb9d564ed77c8108376495b19bd8336405198a?s=96&d=mm&r=g\",\"url\":\"https:\\\/\\\/secure.gravatar.com\\\/avatar\\\/72ecc30e9db047a2e0e7176561eb9d564ed77c8108376495b19bd8336405198a?s=96&d=mm&r=g\",\"contentUrl\":\"https:\\\/\\\/secure.gravatar.com\\\/avatar\\\/72ecc30e9db047a2e0e7176561eb9d564ed77c8108376495b19bd8336405198a?s=96&d=mm&r=g\",\"caption\":\"Dpress.ma\"},\"sameAs\":[\"https:\\\/\\\/www.dpress.ma\"],\"url\":\"https:\\\/\\\/dpress.ma\\\/fr\\\/author\\\/dpress-ma\\\/\"}]}<\/script>\n<!-- \/ Yoast SEO plugin. -->","yoast_head_json":{"title":"La CAN Maroc-2025, la plus r\u00e9ussie de l\u2019histoire - Dpress.ma\/fr","robots":{"index":"index","follow":"follow","max-snippet":"max-snippet:-1","max-image-preview":"max-image-preview:large","max-video-preview":"max-video-preview:-1"},"canonical":"https:\/\/dpress.ma\/fr\/2026\/04\/09\/la-can-maroc-2025-la-plus-reussie-de-lhistoire\/","og_locale":"fr_FR","og_type":"article","og_title":"La CAN Maroc-2025, la plus r\u00e9ussie de l\u2019histoire - Dpress.ma\/fr","og_description":"Dpress Le pr\u00e9sident de la Conf\u00e9d\u00e9ration africaine de football (CAF), Patrice Motsepe, a affirm\u00e9, jeudi, que la phase finale de la Coupe d\u2019Afrique des Nations Maroc-2025 a \u00e9t\u00e9, \u00e0 tous \u00e9gards, la plus r\u00e9ussie de l\u2019histoire de la comp\u00e9tition, soulignant que les r\u00e9alisations de cette \u00e9dition refl\u00e8tent la place d\u00e9sormais occup\u00e9e par le football africain &hellip;","og_url":"https:\/\/dpress.ma\/fr\/2026\/04\/09\/la-can-maroc-2025-la-plus-reussie-de-lhistoire\/","og_site_name":"Dpress.ma\/fr","article_published_time":"2026-04-09T15:36:00+00:00","article_modified_time":"2026-04-09T15:36:01+00:00","og_image":[{"width":2539,"height":1594,"url":"https:\/\/dpress.ma\/fr\/wp-content\/uploads\/sites\/2\/2026\/04\/28-4.jpg","type":"image\/jpeg"}],"author":"Dpress.ma","twitter_card":"summary_large_image","twitter_misc":{"\u00c9crit par":"Dpress.ma","Dur\u00e9e de lecture estim\u00e9e":"2 minutes"},"schema":{"@context":"https:\/\/schema.org","@graph":[{"@type":"Article","@id":"https:\/\/dpress.ma\/fr\/2026\/04\/09\/la-can-maroc-2025-la-plus-reussie-de-lhistoire\/#article","isPartOf":{"@id":"https:\/\/dpress.ma\/fr\/2026\/04\/09\/la-can-maroc-2025-la-plus-reussie-de-lhistoire\/"},"author":{"name":"Dpress.ma","@id":"https:\/\/dpress.ma\/fr\/#\/schema\/person\/4898febf3ccd59e6578d838656a306a0"},"headline":"La CAN Maroc-2025, la plus r\u00e9ussie de l\u2019histoire","datePublished":"2026-04-09T15:36:00+00:00","dateModified":"2026-04-09T15:36:01+00:00","mainEntityOfPage":{"@id":"https:\/\/dpress.ma\/fr\/2026\/04\/09\/la-can-maroc-2025-la-plus-reussie-de-lhistoire\/"},"wordCount":411,"commentCount":0,"image":{"@id":"https:\/\/dpress.ma\/fr\/2026\/04\/09\/la-can-maroc-2025-la-plus-reussie-de-lhistoire\/#primaryimage"},"thumbnailUrl":"https:\/\/dpress.ma\/fr\/wp-content\/uploads\/sites\/2\/2026\/04\/28-4.jpg","articleSection":["Sport"],"inLanguage":"fr-FR","potentialAction":[{"@type":"CommentAction","name":"Comment","target":["https:\/\/dpress.ma\/fr\/2026\/04\/09\/la-can-maroc-2025-la-plus-reussie-de-lhistoire\/#respond"]}]},{"@type":"WebPage","@id":"https:\/\/dpress.ma\/fr\/2026\/04\/09\/la-can-maroc-2025-la-plus-reussie-de-lhistoire\/","url":"https:\/\/dpress.ma\/fr\/2026\/04\/09\/la-can-maroc-2025-la-plus-reussie-de-lhistoire\/","name":"La CAN Maroc-2025, la plus r\u00e9ussie de l\u2019histoire - Dpress.ma\/fr","isPartOf":{"@id":"https:\/\/dpress.ma\/fr\/#website"},"primaryImageOfPage":{"@id":"https:\/\/dpress.ma\/fr\/2026\/04\/09\/la-can-maroc-2025-la-plus-reussie-de-lhistoire\/#primaryimage"},"image":{"@id":"https:\/\/dpress.ma\/fr\/2026\/04\/09\/la-can-maroc-2025-la-plus-reussie-de-lhistoire\/#primaryimage"},"thumbnailUrl":"https:\/\/dpress.ma\/fr\/wp-content\/uploads\/sites\/2\/2026\/04\/28-4.jpg","datePublished":"2026-04-09T15:36:00+00:00","dateModified":"2026-04-09T15:36:01+00:00","author":{"@id":"https:\/\/dpress.ma\/fr\/#\/schema\/person\/4898febf3ccd59e6578d838656a306a0"},"breadcrumb":{"@id":"https:\/\/dpress.ma\/fr\/2026\/04\/09\/la-can-maroc-2025-la-plus-reussie-de-lhistoire\/#breadcrumb"},"inLanguage":"fr-FR","potentialAction":[{"@type":"ReadAction","target":["https:\/\/dpress.ma\/fr\/2026\/04\/09\/la-can-maroc-2025-la-plus-reussie-de-lhistoire\/"]}]},{"@type":"ImageObject","inLanguage":"fr-FR","@id":"https:\/\/dpress.ma\/fr\/2026\/04\/09\/la-can-maroc-2025-la-plus-reussie-de-lhistoire\/#primaryimage","url":"https:\/\/dpress.ma\/fr\/wp-content\/uploads\/sites\/2\/2026\/04\/28-4.jpg","contentUrl":"https:\/\/dpress.ma\/fr\/wp-content\/uploads\/sites\/2\/2026\/04\/28-4.jpg","width":2539,"height":1594},{"@type":"BreadcrumbList","@id":"https:\/\/dpress.ma\/fr\/2026\/04\/09\/la-can-maroc-2025-la-plus-reussie-de-lhistoire\/#breadcrumb","itemListElement":[{"@type":"ListItem","position":1,"name":"Home","item":"https:\/\/dpress.ma\/fr\/"},{"@type":"ListItem","position":2,"name":"La CAN Maroc-2025, la plus r\u00e9ussie de l\u2019histoire"}]},{"@type":"WebSite","@id":"https:\/\/dpress.ma\/fr\/#website","url":"https:\/\/dpress.ma\/fr\/","name":"Dpress.ma\/fr","description":"","potentialAction":[{"@type":"SearchAction","target":{"@type":"EntryPoint","urlTemplate":"https:\/\/dpress.ma\/fr\/?s={search_term_string}"},"query-input":{"@type":"PropertyValueSpecification","valueRequired":true,"valueName":"search_term_string"}}],"inLanguage":"fr-FR"},{"@type":"Person","@id":"https:\/\/dpress.ma\/fr\/#\/schema\/person\/4898febf3ccd59e6578d838656a306a0","name":"Dpress.ma","image":{"@type":"ImageObject","inLanguage":"fr-FR","@id":"https:\/\/secure.gravatar.com\/avatar\/72ecc30e9db047a2e0e7176561eb9d564ed77c8108376495b19bd8336405198a?s=96&d=mm&r=g","url":"https:\/\/secure.gravatar.com\/avatar\/72ecc30e9db047a2e0e7176561eb9d564ed77c8108376495b19bd8336405198a?s=96&d=mm&r=g","contentUrl":"https:\/\/secure.gravatar.com\/avatar\/72ecc30e9db047a2e0e7176561eb9d564ed77c8108376495b19bd8336405198a?s=96&d=mm&r=g","caption":"Dpress.ma"},"sameAs":["https:\/\/www.dpress.ma"],"url":"https:\/\/dpress.ma\/fr\/author\/dpress-ma\/"}]}},"amp_enabled":true,"_links":{"self":[{"href":"https:\/\/dpress.ma\/fr\/wp-json\/wp\/v2\/posts\/28052","targetHints":{"allow":["GET"]}}],"collection":[{"href":"https:\/\/dpress.ma\/fr\/wp-json\/wp\/v2\/posts"}],"about":[{"href":"https:\/\/dpress.ma\/fr\/wp-json\/wp\/v2\/types\/post"}],"author":[{"embeddable":true,"href":"https:\/\/dpress.ma\/fr\/wp-json\/wp\/v2\/users\/2"}],"replies":[{"embeddable":true,"href":"https:\/\/dpress.ma\/fr\/wp-json\/wp\/v2\/comments?post=28052"}],"version-history":[{"count":1,"href":"https:\/\/dpress.ma\/fr\/wp-json\/wp\/v2\/posts\/28052\/revisions"}],"predecessor-version":[{"id":28054,"href":"https:\/\/dpress.ma\/fr\/wp-json\/wp\/v2\/posts\/28052\/revisions\/28054"}],"wp:featuredmedia":[{"embeddable":true,"href":"https:\/\/dpress.ma\/fr\/wp-json\/wp\/v2\/media\/28053"}],"wp:attachment":[{"href":"https:\/\/dpress.ma\/fr\/wp-json\/wp\/v2\/media?parent=28052"}],"wp:term":[{"taxonomy":"category","embeddable":true,"href":"https:\/\/dpress.ma\/fr\/wp-json\/wp\/v2\/categories?post=28052"},{"taxonomy":"post_tag","embeddable":true,"href":"https:\/\/dpress.ma\/fr\/wp-json\/wp\/v2\/tags?post=28052"}],"curies":[{"name":"wp","href":"https:\/\/api.w.org\/{rel}","templated":true}]}}