{"id":28034,"date":"2026-04-09T15:25:35","date_gmt":"2026-04-09T15:25:35","guid":{"rendered":"https:\/\/dpress.ma\/fr\/?p=28034"},"modified":"2026-04-09T15:25:36","modified_gmt":"2026-04-09T15:25:36","slug":"le-ministere-de-linterieur-dement-la-publication-dun-communique-sur-la-gestion-et-lexploitation-des-agrements-de-taxis","status":"publish","type":"post","link":"https:\/\/dpress.ma\/fr\/2026\/04\/09\/le-ministere-de-linterieur-dement-la-publication-dun-communique-sur-la-gestion-et-lexploitation-des-agrements-de-taxis\/","title":{"rendered":"Le minist\u00e8re de l\u2019Int\u00e9rieur d\u00e9ment la publication d\u2019un communiqu\u00e9 sur la gestion et l\u2019exploitation des agr\u00e9ments de taxis"},"content":{"rendered":"\n<p>Dpress<\/p>\n\n\n\n<p>Le minist\u00e8re de l\u2019Int\u00e9rieur a d\u00e9menti, jeudi, la publication d\u2019un communiqu\u00e9 au sujet de suppos\u00e9es mesures r\u00e9glementaires concernant la gestion et l\u2019exploitation des agr\u00e9ments de taxis.<\/p>\n\n\n\n<p>Dans une mise au point, le minist\u00e8re pr\u00e9cise que suite \u00e0 la diffusion sur certains r\u00e9seaux sociaux d\u2019une publication attribu\u00e9e au minist\u00e8re de l\u2019Int\u00e9rieur sous le titre \u201cCommuniqu\u00e9 officiel au public et aux professionnels du secteur des taxis dans les diff\u00e9rentes r\u00e9gions du Royaume\u201d, contenant un certain nombre de pr\u00e9tendues mesures r\u00e9glementaires concernant la gestion et l\u2019exploitation des agr\u00e9ments de taxis, que le minist\u00e8re de l\u2019Int\u00e9rieur aurait l\u2019intention de mettre en \u0153uvre \u00e0 partir du 1er juillet 2026, qu\u2019il n\u2019a \u00e9mis aucun communiqu\u00e9 de ce type et que le contenu de la publication qui lui est attribu\u00e9e n\u2019a aucun fondement.<\/p>\n\n\n\n<p>Le minist\u00e8re insiste que l\u2019information du public, des cat\u00e9gories ou des personnes concern\u00e9es par ses d\u00e9cisions s\u2019effectue conform\u00e9ment aux proc\u00e9dures et mesures l\u00e9gales et administratives en vigueur et via les canaux officiels.<\/p>\n","protected":false},"excerpt":{"rendered":"<p>Dpress Le minist\u00e8re de l\u2019Int\u00e9rieur a d\u00e9menti, jeudi, la publication d\u2019un communiqu\u00e9 au sujet de suppos\u00e9es mesures r\u00e9glementaires concernant la gestion et l\u2019exploitation des agr\u00e9ments de taxis. Dans une mise au point, le minist\u00e8re pr\u00e9cise que suite \u00e0 la diffusion sur certains r\u00e9seaux sociaux d\u2019une publication attribu\u00e9e au minist\u00e8re de l\u2019Int\u00e9rieur sous le titre \u201cCommuniqu\u00e9 &hellip;<\/p>\n","protected":false},"author":2,"featured_media":28035,"comment_status":"open","ping_status":"open","sticky":false,"template":"","format":"standard","meta":{"footnotes":""},"categories":[40],"tags":[],"class_list":["post-28034","post","type-post","status-publish","format-standard","has-post-thumbnail","hentry","category-societe-et-regions"],"yoast_head":"<!-- This site is optimized with the Yoast SEO plugin v27.5 - https:\/\/yoast.com\/product\/yoast-seo-wordpress\/ -->\n<title>Le minist\u00e8re de l\u2019Int\u00e9rieur d\u00e9ment la publication d\u2019un communiqu\u00e9 sur la gestion et l\u2019exploitation des agr\u00e9ments de taxis - Dpress.ma\/fr<\/title>\n<meta name=\"robots\" content=\"index, follow, max-snippet:-1, max-image-preview:large, max-video-preview:-1\" \/>\n<link rel=\"canonical\" href=\"https:\/\/dpress.ma\/fr\/2026\/04\/09\/le-ministere-de-linterieur-dement-la-publication-dun-communique-sur-la-gestion-et-lexploitation-des-agrements-de-taxis\/\" \/>\n<meta property=\"og:locale\" content=\"fr_FR\" \/>\n<meta property=\"og:type\" content=\"article\" \/>\n<meta property=\"og:title\" content=\"Le minist\u00e8re de l\u2019Int\u00e9rieur d\u00e9ment la publication d\u2019un communiqu\u00e9 sur la gestion et l\u2019exploitation des agr\u00e9ments de taxis - Dpress.ma\/fr\" \/>\n<meta property=\"og:description\" content=\"Dpress Le minist\u00e8re de l\u2019Int\u00e9rieur a d\u00e9menti, jeudi, la publication d\u2019un communiqu\u00e9 au sujet de suppos\u00e9es mesures r\u00e9glementaires concernant la gestion et l\u2019exploitation des agr\u00e9ments de taxis. Dans une mise au point, le minist\u00e8re pr\u00e9cise que suite \u00e0 la diffusion sur certains r\u00e9seaux sociaux d\u2019une publication attribu\u00e9e au minist\u00e8re de l\u2019Int\u00e9rieur sous le titre \u201cCommuniqu\u00e9 &hellip;\" \/>\n<meta property=\"og:url\" content=\"https:\/\/dpress.ma\/fr\/2026\/04\/09\/le-ministere-de-linterieur-dement-la-publication-dun-communique-sur-la-gestion-et-lexploitation-des-agrements-de-taxis\/\" \/>\n<meta property=\"og:site_name\" content=\"Dpress.ma\/fr\" \/>\n<meta property=\"article:published_time\" content=\"2026-04-09T15:25:35+00:00\" \/>\n<meta property=\"article:modified_time\" content=\"2026-04-09T15:25:36+00:00\" \/>\n<meta property=\"og:image\" content=\"https:\/\/dpress.ma\/fr\/wp-content\/uploads\/sites\/2\/2026\/04\/22-4.jpg\" \/>\n\t<meta property=\"og:image:width\" content=\"2539\" \/>\n\t<meta property=\"og:image:height\" content=\"1594\" \/>\n\t<meta property=\"og:image:type\" content=\"image\/jpeg\" \/>\n<meta name=\"author\" content=\"Dpress.ma\" \/>\n<meta name=\"twitter:card\" content=\"summary_large_image\" \/>\n<meta name=\"twitter:label1\" content=\"\u00c9crit par\" \/>\n\t<meta name=\"twitter:data1\" content=\"Dpress.ma\" \/>\n\t<meta name=\"twitter:label2\" content=\"Dur\u00e9e de lecture estim\u00e9e\" \/>\n\t<meta name=\"twitter:data2\" content=\"1 minute\" \/>\n<script type=\"application\/ld+json\" class=\"yoast-schema-graph\">{\"@context\":\"https:\\\/\\\/schema.org\",\"@graph\":[{\"@type\":\"Article\",\"@id\":\"https:\\\/\\\/dpress.ma\\\/fr\\\/2026\\\/04\\\/09\\\/le-ministere-de-linterieur-dement-la-publication-dun-communique-sur-la-gestion-et-lexploitation-des-agrements-de-taxis\\\/#article\",\"isPartOf\":{\"@id\":\"https:\\\/\\\/dpress.ma\\\/fr\\\/2026\\\/04\\\/09\\\/le-ministere-de-linterieur-dement-la-publication-dun-communique-sur-la-gestion-et-lexploitation-des-agrements-de-taxis\\\/\"},\"author\":{\"name\":\"Dpress.ma\",\"@id\":\"https:\\\/\\\/dpress.ma\\\/fr\\\/#\\\/schema\\\/person\\\/4898febf3ccd59e6578d838656a306a0\"},\"headline\":\"Le minist\u00e8re de l\u2019Int\u00e9rieur d\u00e9ment la publication d\u2019un communiqu\u00e9 sur la gestion et l\u2019exploitation des agr\u00e9ments de taxis\",\"datePublished\":\"2026-04-09T15:25:35+00:00\",\"dateModified\":\"2026-04-09T15:25:36+00:00\",\"mainEntityOfPage\":{\"@id\":\"https:\\\/\\\/dpress.ma\\\/fr\\\/2026\\\/04\\\/09\\\/le-ministere-de-linterieur-dement-la-publication-dun-communique-sur-la-gestion-et-lexploitation-des-agrements-de-taxis\\\/\"},\"wordCount\":221,\"commentCount\":0,\"image\":{\"@id\":\"https:\\\/\\\/dpress.ma\\\/fr\\\/2026\\\/04\\\/09\\\/le-ministere-de-linterieur-dement-la-publication-dun-communique-sur-la-gestion-et-lexploitation-des-agrements-de-taxis\\\/#primaryimage\"},\"thumbnailUrl\":\"https:\\\/\\\/dpress.ma\\\/fr\\\/wp-content\\\/uploads\\\/sites\\\/2\\\/2026\\\/04\\\/22-4.jpg\",\"articleSection\":[\"societe et regions\"],\"inLanguage\":\"fr-FR\",\"potentialAction\":[{\"@type\":\"CommentAction\",\"name\":\"Comment\",\"target\":[\"https:\\\/\\\/dpress.ma\\\/fr\\\/2026\\\/04\\\/09\\\/le-ministere-de-linterieur-dement-la-publication-dun-communique-sur-la-gestion-et-lexploitation-des-agrements-de-taxis\\\/#respond\"]}]},{\"@type\":\"WebPage\",\"@id\":\"https:\\\/\\\/dpress.ma\\\/fr\\\/2026\\\/04\\\/09\\\/le-ministere-de-linterieur-dement-la-publication-dun-communique-sur-la-gestion-et-lexploitation-des-agrements-de-taxis\\\/\",\"url\":\"https:\\\/\\\/dpress.ma\\\/fr\\\/2026\\\/04\\\/09\\\/le-ministere-de-linterieur-dement-la-publication-dun-communique-sur-la-gestion-et-lexploitation-des-agrements-de-taxis\\\/\",\"name\":\"Le minist\u00e8re de l\u2019Int\u00e9rieur d\u00e9ment la publication d\u2019un communiqu\u00e9 sur la gestion et l\u2019exploitation des agr\u00e9ments de taxis - Dpress.ma\\\/fr\",\"isPartOf\":{\"@id\":\"https:\\\/\\\/dpress.ma\\\/fr\\\/#website\"},\"primaryImageOfPage\":{\"@id\":\"https:\\\/\\\/dpress.ma\\\/fr\\\/2026\\\/04\\\/09\\\/le-ministere-de-linterieur-dement-la-publication-dun-communique-sur-la-gestion-et-lexploitation-des-agrements-de-taxis\\\/#primaryimage\"},\"image\":{\"@id\":\"https:\\\/\\\/dpress.ma\\\/fr\\\/2026\\\/04\\\/09\\\/le-ministere-de-linterieur-dement-la-publication-dun-communique-sur-la-gestion-et-lexploitation-des-agrements-de-taxis\\\/#primaryimage\"},\"thumbnailUrl\":\"https:\\\/\\\/dpress.ma\\\/fr\\\/wp-content\\\/uploads\\\/sites\\\/2\\\/2026\\\/04\\\/22-4.jpg\",\"datePublished\":\"2026-04-09T15:25:35+00:00\",\"dateModified\":\"2026-04-09T15:25:36+00:00\",\"author\":{\"@id\":\"https:\\\/\\\/dpress.ma\\\/fr\\\/#\\\/schema\\\/person\\\/4898febf3ccd59e6578d838656a306a0\"},\"breadcrumb\":{\"@id\":\"https:\\\/\\\/dpress.ma\\\/fr\\\/2026\\\/04\\\/09\\\/le-ministere-de-linterieur-dement-la-publication-dun-communique-sur-la-gestion-et-lexploitation-des-agrements-de-taxis\\\/#breadcrumb\"},\"inLanguage\":\"fr-FR\",\"potentialAction\":[{\"@type\":\"ReadAction\",\"target\":[\"https:\\\/\\\/dpress.ma\\\/fr\\\/2026\\\/04\\\/09\\\/le-ministere-de-linterieur-dement-la-publication-dun-communique-sur-la-gestion-et-lexploitation-des-agrements-de-taxis\\\/\"]}]},{\"@type\":\"ImageObject\",\"inLanguage\":\"fr-FR\",\"@id\":\"https:\\\/\\\/dpress.ma\\\/fr\\\/2026\\\/04\\\/09\\\/le-ministere-de-linterieur-dement-la-publication-dun-communique-sur-la-gestion-et-lexploitation-des-agrements-de-taxis\\\/#primaryimage\",\"url\":\"https:\\\/\\\/dpress.ma\\\/fr\\\/wp-content\\\/uploads\\\/sites\\\/2\\\/2026\\\/04\\\/22-4.jpg\",\"contentUrl\":\"https:\\\/\\\/dpress.ma\\\/fr\\\/wp-content\\\/uploads\\\/sites\\\/2\\\/2026\\\/04\\\/22-4.jpg\",\"width\":2539,\"height\":1594},{\"@type\":\"BreadcrumbList\",\"@id\":\"https:\\\/\\\/dpress.ma\\\/fr\\\/2026\\\/04\\\/09\\\/le-ministere-de-linterieur-dement-la-publication-dun-communique-sur-la-gestion-et-lexploitation-des-agrements-de-taxis\\\/#breadcrumb\",\"itemListElement\":[{\"@type\":\"ListItem\",\"position\":1,\"name\":\"Home\",\"item\":\"https:\\\/\\\/dpress.ma\\\/fr\\\/\"},{\"@type\":\"ListItem\",\"position\":2,\"name\":\"Le minist\u00e8re de l\u2019Int\u00e9rieur d\u00e9ment la publication d\u2019un communiqu\u00e9 sur la gestion et l\u2019exploitation des agr\u00e9ments de taxis\"}]},{\"@type\":\"WebSite\",\"@id\":\"https:\\\/\\\/dpress.ma\\\/fr\\\/#website\",\"url\":\"https:\\\/\\\/dpress.ma\\\/fr\\\/\",\"name\":\"Dpress.ma\\\/fr\",\"description\":\"\",\"potentialAction\":[{\"@type\":\"SearchAction\",\"target\":{\"@type\":\"EntryPoint\",\"urlTemplate\":\"https:\\\/\\\/dpress.ma\\\/fr\\\/?s={search_term_string}\"},\"query-input\":{\"@type\":\"PropertyValueSpecification\",\"valueRequired\":true,\"valueName\":\"search_term_string\"}}],\"inLanguage\":\"fr-FR\"},{\"@type\":\"Person\",\"@id\":\"https:\\\/\\\/dpress.ma\\\/fr\\\/#\\\/schema\\\/person\\\/4898febf3ccd59e6578d838656a306a0\",\"name\":\"Dpress.ma\",\"image\":{\"@type\":\"ImageObject\",\"inLanguage\":\"fr-FR\",\"@id\":\"https:\\\/\\\/secure.gravatar.com\\\/avatar\\\/72ecc30e9db047a2e0e7176561eb9d564ed77c8108376495b19bd8336405198a?s=96&d=mm&r=g\",\"url\":\"https:\\\/\\\/secure.gravatar.com\\\/avatar\\\/72ecc30e9db047a2e0e7176561eb9d564ed77c8108376495b19bd8336405198a?s=96&d=mm&r=g\",\"contentUrl\":\"https:\\\/\\\/secure.gravatar.com\\\/avatar\\\/72ecc30e9db047a2e0e7176561eb9d564ed77c8108376495b19bd8336405198a?s=96&d=mm&r=g\",\"caption\":\"Dpress.ma\"},\"sameAs\":[\"https:\\\/\\\/www.dpress.ma\"],\"url\":\"https:\\\/\\\/dpress.ma\\\/fr\\\/author\\\/dpress-ma\\\/\"}]}<\/script>\n<!-- \/ Yoast SEO plugin. -->","yoast_head_json":{"title":"Le minist\u00e8re de l\u2019Int\u00e9rieur d\u00e9ment la publication d\u2019un communiqu\u00e9 sur la gestion et l\u2019exploitation des agr\u00e9ments de taxis - Dpress.ma\/fr","robots":{"index":"index","follow":"follow","max-snippet":"max-snippet:-1","max-image-preview":"max-image-preview:large","max-video-preview":"max-video-preview:-1"},"canonical":"https:\/\/dpress.ma\/fr\/2026\/04\/09\/le-ministere-de-linterieur-dement-la-publication-dun-communique-sur-la-gestion-et-lexploitation-des-agrements-de-taxis\/","og_locale":"fr_FR","og_type":"article","og_title":"Le minist\u00e8re de l\u2019Int\u00e9rieur d\u00e9ment la publication d\u2019un communiqu\u00e9 sur la gestion et l\u2019exploitation des agr\u00e9ments de taxis - Dpress.ma\/fr","og_description":"Dpress Le minist\u00e8re de l\u2019Int\u00e9rieur a d\u00e9menti, jeudi, la publication d\u2019un communiqu\u00e9 au sujet de suppos\u00e9es mesures r\u00e9glementaires concernant la gestion et l\u2019exploitation des agr\u00e9ments de taxis. Dans une mise au point, le minist\u00e8re pr\u00e9cise que suite \u00e0 la diffusion sur certains r\u00e9seaux sociaux d\u2019une publication attribu\u00e9e au minist\u00e8re de l\u2019Int\u00e9rieur sous le titre \u201cCommuniqu\u00e9 &hellip;","og_url":"https:\/\/dpress.ma\/fr\/2026\/04\/09\/le-ministere-de-linterieur-dement-la-publication-dun-communique-sur-la-gestion-et-lexploitation-des-agrements-de-taxis\/","og_site_name":"Dpress.ma\/fr","article_published_time":"2026-04-09T15:25:35+00:00","article_modified_time":"2026-04-09T15:25:36+00:00","og_image":[{"width":2539,"height":1594,"url":"https:\/\/dpress.ma\/fr\/wp-content\/uploads\/sites\/2\/2026\/04\/22-4.jpg","type":"image\/jpeg"}],"author":"Dpress.ma","twitter_card":"summary_large_image","twitter_misc":{"\u00c9crit par":"Dpress.ma","Dur\u00e9e de lecture estim\u00e9e":"1 minute"},"schema":{"@context":"https:\/\/schema.org","@graph":[{"@type":"Article","@id":"https:\/\/dpress.ma\/fr\/2026\/04\/09\/le-ministere-de-linterieur-dement-la-publication-dun-communique-sur-la-gestion-et-lexploitation-des-agrements-de-taxis\/#article","isPartOf":{"@id":"https:\/\/dpress.ma\/fr\/2026\/04\/09\/le-ministere-de-linterieur-dement-la-publication-dun-communique-sur-la-gestion-et-lexploitation-des-agrements-de-taxis\/"},"author":{"name":"Dpress.ma","@id":"https:\/\/dpress.ma\/fr\/#\/schema\/person\/4898febf3ccd59e6578d838656a306a0"},"headline":"Le minist\u00e8re de l\u2019Int\u00e9rieur d\u00e9ment la publication d\u2019un communiqu\u00e9 sur la gestion et l\u2019exploitation des agr\u00e9ments de taxis","datePublished":"2026-04-09T15:25:35+00:00","dateModified":"2026-04-09T15:25:36+00:00","mainEntityOfPage":{"@id":"https:\/\/dpress.ma\/fr\/2026\/04\/09\/le-ministere-de-linterieur-dement-la-publication-dun-communique-sur-la-gestion-et-lexploitation-des-agrements-de-taxis\/"},"wordCount":221,"commentCount":0,"image":{"@id":"https:\/\/dpress.ma\/fr\/2026\/04\/09\/le-ministere-de-linterieur-dement-la-publication-dun-communique-sur-la-gestion-et-lexploitation-des-agrements-de-taxis\/#primaryimage"},"thumbnailUrl":"https:\/\/dpress.ma\/fr\/wp-content\/uploads\/sites\/2\/2026\/04\/22-4.jpg","articleSection":["societe et regions"],"inLanguage":"fr-FR","potentialAction":[{"@type":"CommentAction","name":"Comment","target":["https:\/\/dpress.ma\/fr\/2026\/04\/09\/le-ministere-de-linterieur-dement-la-publication-dun-communique-sur-la-gestion-et-lexploitation-des-agrements-de-taxis\/#respond"]}]},{"@type":"WebPage","@id":"https:\/\/dpress.ma\/fr\/2026\/04\/09\/le-ministere-de-linterieur-dement-la-publication-dun-communique-sur-la-gestion-et-lexploitation-des-agrements-de-taxis\/","url":"https:\/\/dpress.ma\/fr\/2026\/04\/09\/le-ministere-de-linterieur-dement-la-publication-dun-communique-sur-la-gestion-et-lexploitation-des-agrements-de-taxis\/","name":"Le minist\u00e8re de l\u2019Int\u00e9rieur d\u00e9ment la publication d\u2019un communiqu\u00e9 sur la gestion et l\u2019exploitation des agr\u00e9ments de taxis - Dpress.ma\/fr","isPartOf":{"@id":"https:\/\/dpress.ma\/fr\/#website"},"primaryImageOfPage":{"@id":"https:\/\/dpress.ma\/fr\/2026\/04\/09\/le-ministere-de-linterieur-dement-la-publication-dun-communique-sur-la-gestion-et-lexploitation-des-agrements-de-taxis\/#primaryimage"},"image":{"@id":"https:\/\/dpress.ma\/fr\/2026\/04\/09\/le-ministere-de-linterieur-dement-la-publication-dun-communique-sur-la-gestion-et-lexploitation-des-agrements-de-taxis\/#primaryimage"},"thumbnailUrl":"https:\/\/dpress.ma\/fr\/wp-content\/uploads\/sites\/2\/2026\/04\/22-4.jpg","datePublished":"2026-04-09T15:25:35+00:00","dateModified":"2026-04-09T15:25:36+00:00","author":{"@id":"https:\/\/dpress.ma\/fr\/#\/schema\/person\/4898febf3ccd59e6578d838656a306a0"},"breadcrumb":{"@id":"https:\/\/dpress.ma\/fr\/2026\/04\/09\/le-ministere-de-linterieur-dement-la-publication-dun-communique-sur-la-gestion-et-lexploitation-des-agrements-de-taxis\/#breadcrumb"},"inLanguage":"fr-FR","potentialAction":[{"@type":"ReadAction","target":["https:\/\/dpress.ma\/fr\/2026\/04\/09\/le-ministere-de-linterieur-dement-la-publication-dun-communique-sur-la-gestion-et-lexploitation-des-agrements-de-taxis\/"]}]},{"@type":"ImageObject","inLanguage":"fr-FR","@id":"https:\/\/dpress.ma\/fr\/2026\/04\/09\/le-ministere-de-linterieur-dement-la-publication-dun-communique-sur-la-gestion-et-lexploitation-des-agrements-de-taxis\/#primaryimage","url":"https:\/\/dpress.ma\/fr\/wp-content\/uploads\/sites\/2\/2026\/04\/22-4.jpg","contentUrl":"https:\/\/dpress.ma\/fr\/wp-content\/uploads\/sites\/2\/2026\/04\/22-4.jpg","width":2539,"height":1594},{"@type":"BreadcrumbList","@id":"https:\/\/dpress.ma\/fr\/2026\/04\/09\/le-ministere-de-linterieur-dement-la-publication-dun-communique-sur-la-gestion-et-lexploitation-des-agrements-de-taxis\/#breadcrumb","itemListElement":[{"@type":"ListItem","position":1,"name":"Home","item":"https:\/\/dpress.ma\/fr\/"},{"@type":"ListItem","position":2,"name":"Le minist\u00e8re de l\u2019Int\u00e9rieur d\u00e9ment la publication d\u2019un communiqu\u00e9 sur la gestion et l\u2019exploitation des agr\u00e9ments de taxis"}]},{"@type":"WebSite","@id":"https:\/\/dpress.ma\/fr\/#website","url":"https:\/\/dpress.ma\/fr\/","name":"Dpress.ma\/fr","description":"","potentialAction":[{"@type":"SearchAction","target":{"@type":"EntryPoint","urlTemplate":"https:\/\/dpress.ma\/fr\/?s={search_term_string}"},"query-input":{"@type":"PropertyValueSpecification","valueRequired":true,"valueName":"search_term_string"}}],"inLanguage":"fr-FR"},{"@type":"Person","@id":"https:\/\/dpress.ma\/fr\/#\/schema\/person\/4898febf3ccd59e6578d838656a306a0","name":"Dpress.ma","image":{"@type":"ImageObject","inLanguage":"fr-FR","@id":"https:\/\/secure.gravatar.com\/avatar\/72ecc30e9db047a2e0e7176561eb9d564ed77c8108376495b19bd8336405198a?s=96&d=mm&r=g","url":"https:\/\/secure.gravatar.com\/avatar\/72ecc30e9db047a2e0e7176561eb9d564ed77c8108376495b19bd8336405198a?s=96&d=mm&r=g","contentUrl":"https:\/\/secure.gravatar.com\/avatar\/72ecc30e9db047a2e0e7176561eb9d564ed77c8108376495b19bd8336405198a?s=96&d=mm&r=g","caption":"Dpress.ma"},"sameAs":["https:\/\/www.dpress.ma"],"url":"https:\/\/dpress.ma\/fr\/author\/dpress-ma\/"}]}},"amp_enabled":true,"_links":{"self":[{"href":"https:\/\/dpress.ma\/fr\/wp-json\/wp\/v2\/posts\/28034","targetHints":{"allow":["GET"]}}],"collection":[{"href":"https:\/\/dpress.ma\/fr\/wp-json\/wp\/v2\/posts"}],"about":[{"href":"https:\/\/dpress.ma\/fr\/wp-json\/wp\/v2\/types\/post"}],"author":[{"embeddable":true,"href":"https:\/\/dpress.ma\/fr\/wp-json\/wp\/v2\/users\/2"}],"replies":[{"embeddable":true,"href":"https:\/\/dpress.ma\/fr\/wp-json\/wp\/v2\/comments?post=28034"}],"version-history":[{"count":1,"href":"https:\/\/dpress.ma\/fr\/wp-json\/wp\/v2\/posts\/28034\/revisions"}],"predecessor-version":[{"id":28036,"href":"https:\/\/dpress.ma\/fr\/wp-json\/wp\/v2\/posts\/28034\/revisions\/28036"}],"wp:featuredmedia":[{"embeddable":true,"href":"https:\/\/dpress.ma\/fr\/wp-json\/wp\/v2\/media\/28035"}],"wp:attachment":[{"href":"https:\/\/dpress.ma\/fr\/wp-json\/wp\/v2\/media?parent=28034"}],"wp:term":[{"taxonomy":"category","embeddable":true,"href":"https:\/\/dpress.ma\/fr\/wp-json\/wp\/v2\/categories?post=28034"},{"taxonomy":"post_tag","embeddable":true,"href":"https:\/\/dpress.ma\/fr\/wp-json\/wp\/v2\/tags?post=28034"}],"curies":[{"name":"wp","href":"https:\/\/api.w.org\/{rel}","templated":true}]}}