{"id":28032,"date":"2026-04-09T15:23:49","date_gmt":"2026-04-09T15:23:49","guid":{"rendered":"https:\/\/dpress.ma\/fr\/?p=28032"},"modified":"2026-04-09T15:23:51","modified_gmt":"2026-04-09T15:23:51","slug":"indh-a-el-kelaa-des-sraghna-remise-dambulances-au-profit-de-plusieurs-communes-de-la-province","status":"publish","type":"post","link":"https:\/\/dpress.ma\/fr\/2026\/04\/09\/indh-a-el-kelaa-des-sraghna-remise-dambulances-au-profit-de-plusieurs-communes-de-la-province\/","title":{"rendered":"INDH \u00e0 El Kela\u00e2 des Sraghna : Remise d\u2019ambulances au profit de plusieurs communes de la province"},"content":{"rendered":"\n<p>Dpress<\/p>\n\n\n\n<p>Quelque&nbsp;22 ambulances ont \u00e9t\u00e9 remises, mercredi \u00e0 El Kela\u00e2 des Sraghna, au profit de 21 collectivit\u00e9s territoriales et un \u00e9tablissement de protection sociale, dans le cadre des efforts continus de l\u2019Initiative Nationale pour le D\u00e9veloppement Humain (INDH) visant \u00e0 am\u00e9liorer les services de sant\u00e9 et \u00e0 renforcer l\u2019acc\u00e8s aux soins dans la province.<\/p>\n\n\n\n<p>Pr\u00e9sid\u00e9e par le gouverneur de la province, Samir Lyazidi, en pr\u00e9sence du secr\u00e9taire g\u00e9n\u00e9ral de la province et des membres du Comit\u00e9 provincial de d\u00e9veloppement humain (CPDH), cette op\u00e9ration vise \u00e0 am\u00e9liorer les conditions de transport des patients vers les h\u00f4pitaux de la province et de la r\u00e9gion, ainsi qu\u2019\u00e0 am\u00e9liorer l\u2019\u00e9tat de sant\u00e9 de la population en g\u00e9n\u00e9ral, et plus particuli\u00e8rement celui des enfants et des femmes.<\/p>\n\n\n\n<p>Acquises gr\u00e2ce \u00e0 un financement de l\u2019INDH \u00e0 hauteur de 9,7 millions de dirhams, ces ambulances permettront \u00e9galement de renforcer le syst\u00e8me de transport des patients vers les \u00e9tablissements de sant\u00e9 au niveau provincial et r\u00e9gional, et d\u2019am\u00e9liorer la qualit\u00e9 des services de sant\u00e9 fournis \u00e0 la population, notamment aux cat\u00e9gories vuln\u00e9rables.<\/p>\n\n\n\n<p>Dans une d\u00e9claration \u00e0 la MAP, le chef de la Division de l\u2019Action Sociale (DAS) \u00e0 la province d\u2019El Kela\u00e2 des Sraghna, Hanid Salek, a pr\u00e9cis\u00e9 que l\u2019acquisition de ces ambulances s\u2019inscrit dans le cadre du deuxi\u00e8me programme de l\u2019INDH visant \u00e0 accompagner les personnes en situation de vuln\u00e9rabilit\u00e9 et \u00e0 am\u00e9liorer les conditions de prise en charge sanitaire.<\/p>\n\n\n\n<p>Cette op\u00e9ration, a-t-il ajout\u00e9, a \u00e9galement pour objectifs d\u2019am\u00e9liorer les services de sant\u00e9 et de renforcer l\u2019acc\u00e8s aux soins, de consolider le parc d\u2019ambulances de la province d\u2019El Kela\u00e2 des Sraghna et de rapprocher les services de sant\u00e9 des populations vuln\u00e9rables, en particulier les femmes, les enfants et les personnes \u00e2g\u00e9es.<\/p>\n\n\n\n<p>De son c\u00f4t\u00e9, le d\u00e9l\u00e9gu\u00e9 provincial de la Sant\u00e9 et de la Protection sociale \u00e0 El Kela\u00e2 des Sraghna, Younes Lakrik, a soulign\u00e9 que cette op\u00e9ration s\u2019inscrit dans le cadre des efforts et des actions men\u00e9s par l\u2019INDH pour am\u00e9liorer et consolider l\u2019offre de soins dans la province.<\/p>\n\n\n\n<p>Il a fait savoir que la remise de ces ambulances \u00e9quip\u00e9es s\u2019inscrit \u00e9galement dans le renforcement du transport sanitaire et l\u2019am\u00e9lioration des services destin\u00e9s \u00e0 la population locale, notamment dans les zones \u00e9loign\u00e9es.<\/p>\n\n\n\n<p>Par ailleurs, une ambulance \u00e9quip\u00e9e a \u00e9t\u00e9 sp\u00e9cialement remise au centre \u201cAouatif\u201d pour les personnes en situation de handicap d\u2019El Kela\u00e2 des Sraghna, contribuant ainsi \u00e0 l\u2019am\u00e9lioration des services de transport sanitaire en faveur de cette cat\u00e9gorie et \u00e0 la promotion de son insertion sociale.<\/p>\n","protected":false},"excerpt":{"rendered":"<p>Dpress Quelque&nbsp;22 ambulances ont \u00e9t\u00e9 remises, mercredi \u00e0 El Kela\u00e2 des Sraghna, au profit de 21 collectivit\u00e9s territoriales et un \u00e9tablissement de protection sociale, dans le cadre des efforts continus de l\u2019Initiative Nationale pour le D\u00e9veloppement Humain (INDH) visant \u00e0 am\u00e9liorer les services de sant\u00e9 et \u00e0 renforcer l\u2019acc\u00e8s aux soins dans la province. Pr\u00e9sid\u00e9e &hellip;<\/p>\n","protected":false},"author":2,"featured_media":27088,"comment_status":"open","ping_status":"open","sticky":false,"template":"","format":"standard","meta":{"footnotes":""},"categories":[40],"tags":[],"class_list":["post-28032","post","type-post","status-publish","format-standard","has-post-thumbnail","hentry","category-societe-et-regions"],"yoast_head":"<!-- This site is optimized with the Yoast SEO plugin v27.5 - https:\/\/yoast.com\/product\/yoast-seo-wordpress\/ -->\n<title>INDH \u00e0 El Kela\u00e2 des Sraghna : Remise d\u2019ambulances au profit de plusieurs communes de la province - Dpress.ma\/fr<\/title>\n<meta name=\"robots\" content=\"index, follow, max-snippet:-1, max-image-preview:large, max-video-preview:-1\" \/>\n<link rel=\"canonical\" href=\"https:\/\/dpress.ma\/fr\/2026\/04\/09\/indh-a-el-kelaa-des-sraghna-remise-dambulances-au-profit-de-plusieurs-communes-de-la-province\/\" \/>\n<meta property=\"og:locale\" content=\"fr_FR\" \/>\n<meta property=\"og:type\" content=\"article\" \/>\n<meta property=\"og:title\" content=\"INDH \u00e0 El Kela\u00e2 des Sraghna : Remise d\u2019ambulances au profit de plusieurs communes de la province - Dpress.ma\/fr\" \/>\n<meta property=\"og:description\" content=\"Dpress Quelque&nbsp;22 ambulances ont \u00e9t\u00e9 remises, mercredi \u00e0 El Kela\u00e2 des Sraghna, au profit de 21 collectivit\u00e9s territoriales et un \u00e9tablissement de protection sociale, dans le cadre des efforts continus de l\u2019Initiative Nationale pour le D\u00e9veloppement Humain (INDH) visant \u00e0 am\u00e9liorer les services de sant\u00e9 et \u00e0 renforcer l\u2019acc\u00e8s aux soins dans la province. Pr\u00e9sid\u00e9e &hellip;\" \/>\n<meta property=\"og:url\" content=\"https:\/\/dpress.ma\/fr\/2026\/04\/09\/indh-a-el-kelaa-des-sraghna-remise-dambulances-au-profit-de-plusieurs-communes-de-la-province\/\" \/>\n<meta property=\"og:site_name\" content=\"Dpress.ma\/fr\" \/>\n<meta property=\"article:published_time\" content=\"2026-04-09T15:23:49+00:00\" \/>\n<meta property=\"article:modified_time\" content=\"2026-04-09T15:23:51+00:00\" \/>\n<meta property=\"og:image\" content=\"https:\/\/dpress.ma\/fr\/wp-content\/uploads\/sites\/2\/2026\/03\/32-12.jpg\" \/>\n\t<meta property=\"og:image:width\" content=\"2539\" \/>\n\t<meta property=\"og:image:height\" content=\"1594\" \/>\n\t<meta property=\"og:image:type\" content=\"image\/jpeg\" \/>\n<meta name=\"author\" content=\"Dpress.ma\" \/>\n<meta name=\"twitter:card\" content=\"summary_large_image\" \/>\n<meta name=\"twitter:label1\" content=\"\u00c9crit par\" \/>\n\t<meta name=\"twitter:data1\" content=\"Dpress.ma\" \/>\n\t<meta name=\"twitter:label2\" content=\"Dur\u00e9e de lecture estim\u00e9e\" \/>\n\t<meta name=\"twitter:data2\" content=\"3 minutes\" \/>\n<script type=\"application\/ld+json\" class=\"yoast-schema-graph\">{\"@context\":\"https:\\\/\\\/schema.org\",\"@graph\":[{\"@type\":\"Article\",\"@id\":\"https:\\\/\\\/dpress.ma\\\/fr\\\/2026\\\/04\\\/09\\\/indh-a-el-kelaa-des-sraghna-remise-dambulances-au-profit-de-plusieurs-communes-de-la-province\\\/#article\",\"isPartOf\":{\"@id\":\"https:\\\/\\\/dpress.ma\\\/fr\\\/2026\\\/04\\\/09\\\/indh-a-el-kelaa-des-sraghna-remise-dambulances-au-profit-de-plusieurs-communes-de-la-province\\\/\"},\"author\":{\"name\":\"Dpress.ma\",\"@id\":\"https:\\\/\\\/dpress.ma\\\/fr\\\/#\\\/schema\\\/person\\\/4898febf3ccd59e6578d838656a306a0\"},\"headline\":\"INDH \u00e0 El Kela\u00e2 des Sraghna : Remise d\u2019ambulances au profit de plusieurs communes de la province\",\"datePublished\":\"2026-04-09T15:23:49+00:00\",\"dateModified\":\"2026-04-09T15:23:51+00:00\",\"mainEntityOfPage\":{\"@id\":\"https:\\\/\\\/dpress.ma\\\/fr\\\/2026\\\/04\\\/09\\\/indh-a-el-kelaa-des-sraghna-remise-dambulances-au-profit-de-plusieurs-communes-de-la-province\\\/\"},\"wordCount\":480,\"commentCount\":0,\"image\":{\"@id\":\"https:\\\/\\\/dpress.ma\\\/fr\\\/2026\\\/04\\\/09\\\/indh-a-el-kelaa-des-sraghna-remise-dambulances-au-profit-de-plusieurs-communes-de-la-province\\\/#primaryimage\"},\"thumbnailUrl\":\"https:\\\/\\\/dpress.ma\\\/fr\\\/wp-content\\\/uploads\\\/sites\\\/2\\\/2026\\\/03\\\/32-12.jpg\",\"articleSection\":[\"societe et regions\"],\"inLanguage\":\"fr-FR\",\"potentialAction\":[{\"@type\":\"CommentAction\",\"name\":\"Comment\",\"target\":[\"https:\\\/\\\/dpress.ma\\\/fr\\\/2026\\\/04\\\/09\\\/indh-a-el-kelaa-des-sraghna-remise-dambulances-au-profit-de-plusieurs-communes-de-la-province\\\/#respond\"]}]},{\"@type\":\"WebPage\",\"@id\":\"https:\\\/\\\/dpress.ma\\\/fr\\\/2026\\\/04\\\/09\\\/indh-a-el-kelaa-des-sraghna-remise-dambulances-au-profit-de-plusieurs-communes-de-la-province\\\/\",\"url\":\"https:\\\/\\\/dpress.ma\\\/fr\\\/2026\\\/04\\\/09\\\/indh-a-el-kelaa-des-sraghna-remise-dambulances-au-profit-de-plusieurs-communes-de-la-province\\\/\",\"name\":\"INDH \u00e0 El Kela\u00e2 des Sraghna : Remise d\u2019ambulances au profit de plusieurs communes de la province - Dpress.ma\\\/fr\",\"isPartOf\":{\"@id\":\"https:\\\/\\\/dpress.ma\\\/fr\\\/#website\"},\"primaryImageOfPage\":{\"@id\":\"https:\\\/\\\/dpress.ma\\\/fr\\\/2026\\\/04\\\/09\\\/indh-a-el-kelaa-des-sraghna-remise-dambulances-au-profit-de-plusieurs-communes-de-la-province\\\/#primaryimage\"},\"image\":{\"@id\":\"https:\\\/\\\/dpress.ma\\\/fr\\\/2026\\\/04\\\/09\\\/indh-a-el-kelaa-des-sraghna-remise-dambulances-au-profit-de-plusieurs-communes-de-la-province\\\/#primaryimage\"},\"thumbnailUrl\":\"https:\\\/\\\/dpress.ma\\\/fr\\\/wp-content\\\/uploads\\\/sites\\\/2\\\/2026\\\/03\\\/32-12.jpg\",\"datePublished\":\"2026-04-09T15:23:49+00:00\",\"dateModified\":\"2026-04-09T15:23:51+00:00\",\"author\":{\"@id\":\"https:\\\/\\\/dpress.ma\\\/fr\\\/#\\\/schema\\\/person\\\/4898febf3ccd59e6578d838656a306a0\"},\"breadcrumb\":{\"@id\":\"https:\\\/\\\/dpress.ma\\\/fr\\\/2026\\\/04\\\/09\\\/indh-a-el-kelaa-des-sraghna-remise-dambulances-au-profit-de-plusieurs-communes-de-la-province\\\/#breadcrumb\"},\"inLanguage\":\"fr-FR\",\"potentialAction\":[{\"@type\":\"ReadAction\",\"target\":[\"https:\\\/\\\/dpress.ma\\\/fr\\\/2026\\\/04\\\/09\\\/indh-a-el-kelaa-des-sraghna-remise-dambulances-au-profit-de-plusieurs-communes-de-la-province\\\/\"]}]},{\"@type\":\"ImageObject\",\"inLanguage\":\"fr-FR\",\"@id\":\"https:\\\/\\\/dpress.ma\\\/fr\\\/2026\\\/04\\\/09\\\/indh-a-el-kelaa-des-sraghna-remise-dambulances-au-profit-de-plusieurs-communes-de-la-province\\\/#primaryimage\",\"url\":\"https:\\\/\\\/dpress.ma\\\/fr\\\/wp-content\\\/uploads\\\/sites\\\/2\\\/2026\\\/03\\\/32-12.jpg\",\"contentUrl\":\"https:\\\/\\\/dpress.ma\\\/fr\\\/wp-content\\\/uploads\\\/sites\\\/2\\\/2026\\\/03\\\/32-12.jpg\",\"width\":2539,\"height\":1594},{\"@type\":\"BreadcrumbList\",\"@id\":\"https:\\\/\\\/dpress.ma\\\/fr\\\/2026\\\/04\\\/09\\\/indh-a-el-kelaa-des-sraghna-remise-dambulances-au-profit-de-plusieurs-communes-de-la-province\\\/#breadcrumb\",\"itemListElement\":[{\"@type\":\"ListItem\",\"position\":1,\"name\":\"Home\",\"item\":\"https:\\\/\\\/dpress.ma\\\/fr\\\/\"},{\"@type\":\"ListItem\",\"position\":2,\"name\":\"INDH \u00e0 El Kela\u00e2 des Sraghna : Remise d\u2019ambulances au profit de plusieurs communes de la province\"}]},{\"@type\":\"WebSite\",\"@id\":\"https:\\\/\\\/dpress.ma\\\/fr\\\/#website\",\"url\":\"https:\\\/\\\/dpress.ma\\\/fr\\\/\",\"name\":\"Dpress.ma\\\/fr\",\"description\":\"\",\"potentialAction\":[{\"@type\":\"SearchAction\",\"target\":{\"@type\":\"EntryPoint\",\"urlTemplate\":\"https:\\\/\\\/dpress.ma\\\/fr\\\/?s={search_term_string}\"},\"query-input\":{\"@type\":\"PropertyValueSpecification\",\"valueRequired\":true,\"valueName\":\"search_term_string\"}}],\"inLanguage\":\"fr-FR\"},{\"@type\":\"Person\",\"@id\":\"https:\\\/\\\/dpress.ma\\\/fr\\\/#\\\/schema\\\/person\\\/4898febf3ccd59e6578d838656a306a0\",\"name\":\"Dpress.ma\",\"image\":{\"@type\":\"ImageObject\",\"inLanguage\":\"fr-FR\",\"@id\":\"https:\\\/\\\/secure.gravatar.com\\\/avatar\\\/72ecc30e9db047a2e0e7176561eb9d564ed77c8108376495b19bd8336405198a?s=96&d=mm&r=g\",\"url\":\"https:\\\/\\\/secure.gravatar.com\\\/avatar\\\/72ecc30e9db047a2e0e7176561eb9d564ed77c8108376495b19bd8336405198a?s=96&d=mm&r=g\",\"contentUrl\":\"https:\\\/\\\/secure.gravatar.com\\\/avatar\\\/72ecc30e9db047a2e0e7176561eb9d564ed77c8108376495b19bd8336405198a?s=96&d=mm&r=g\",\"caption\":\"Dpress.ma\"},\"sameAs\":[\"https:\\\/\\\/www.dpress.ma\"],\"url\":\"https:\\\/\\\/dpress.ma\\\/fr\\\/author\\\/dpress-ma\\\/\"}]}<\/script>\n<!-- \/ Yoast SEO plugin. -->","yoast_head_json":{"title":"INDH \u00e0 El Kela\u00e2 des Sraghna : Remise d\u2019ambulances au profit de plusieurs communes de la province - Dpress.ma\/fr","robots":{"index":"index","follow":"follow","max-snippet":"max-snippet:-1","max-image-preview":"max-image-preview:large","max-video-preview":"max-video-preview:-1"},"canonical":"https:\/\/dpress.ma\/fr\/2026\/04\/09\/indh-a-el-kelaa-des-sraghna-remise-dambulances-au-profit-de-plusieurs-communes-de-la-province\/","og_locale":"fr_FR","og_type":"article","og_title":"INDH \u00e0 El Kela\u00e2 des Sraghna : Remise d\u2019ambulances au profit de plusieurs communes de la province - Dpress.ma\/fr","og_description":"Dpress Quelque&nbsp;22 ambulances ont \u00e9t\u00e9 remises, mercredi \u00e0 El Kela\u00e2 des Sraghna, au profit de 21 collectivit\u00e9s territoriales et un \u00e9tablissement de protection sociale, dans le cadre des efforts continus de l\u2019Initiative Nationale pour le D\u00e9veloppement Humain (INDH) visant \u00e0 am\u00e9liorer les services de sant\u00e9 et \u00e0 renforcer l\u2019acc\u00e8s aux soins dans la province. Pr\u00e9sid\u00e9e &hellip;","og_url":"https:\/\/dpress.ma\/fr\/2026\/04\/09\/indh-a-el-kelaa-des-sraghna-remise-dambulances-au-profit-de-plusieurs-communes-de-la-province\/","og_site_name":"Dpress.ma\/fr","article_published_time":"2026-04-09T15:23:49+00:00","article_modified_time":"2026-04-09T15:23:51+00:00","og_image":[{"width":2539,"height":1594,"url":"https:\/\/dpress.ma\/fr\/wp-content\/uploads\/sites\/2\/2026\/03\/32-12.jpg","type":"image\/jpeg"}],"author":"Dpress.ma","twitter_card":"summary_large_image","twitter_misc":{"\u00c9crit par":"Dpress.ma","Dur\u00e9e de lecture estim\u00e9e":"3 minutes"},"schema":{"@context":"https:\/\/schema.org","@graph":[{"@type":"Article","@id":"https:\/\/dpress.ma\/fr\/2026\/04\/09\/indh-a-el-kelaa-des-sraghna-remise-dambulances-au-profit-de-plusieurs-communes-de-la-province\/#article","isPartOf":{"@id":"https:\/\/dpress.ma\/fr\/2026\/04\/09\/indh-a-el-kelaa-des-sraghna-remise-dambulances-au-profit-de-plusieurs-communes-de-la-province\/"},"author":{"name":"Dpress.ma","@id":"https:\/\/dpress.ma\/fr\/#\/schema\/person\/4898febf3ccd59e6578d838656a306a0"},"headline":"INDH \u00e0 El Kela\u00e2 des Sraghna : Remise d\u2019ambulances au profit de plusieurs communes de la province","datePublished":"2026-04-09T15:23:49+00:00","dateModified":"2026-04-09T15:23:51+00:00","mainEntityOfPage":{"@id":"https:\/\/dpress.ma\/fr\/2026\/04\/09\/indh-a-el-kelaa-des-sraghna-remise-dambulances-au-profit-de-plusieurs-communes-de-la-province\/"},"wordCount":480,"commentCount":0,"image":{"@id":"https:\/\/dpress.ma\/fr\/2026\/04\/09\/indh-a-el-kelaa-des-sraghna-remise-dambulances-au-profit-de-plusieurs-communes-de-la-province\/#primaryimage"},"thumbnailUrl":"https:\/\/dpress.ma\/fr\/wp-content\/uploads\/sites\/2\/2026\/03\/32-12.jpg","articleSection":["societe et regions"],"inLanguage":"fr-FR","potentialAction":[{"@type":"CommentAction","name":"Comment","target":["https:\/\/dpress.ma\/fr\/2026\/04\/09\/indh-a-el-kelaa-des-sraghna-remise-dambulances-au-profit-de-plusieurs-communes-de-la-province\/#respond"]}]},{"@type":"WebPage","@id":"https:\/\/dpress.ma\/fr\/2026\/04\/09\/indh-a-el-kelaa-des-sraghna-remise-dambulances-au-profit-de-plusieurs-communes-de-la-province\/","url":"https:\/\/dpress.ma\/fr\/2026\/04\/09\/indh-a-el-kelaa-des-sraghna-remise-dambulances-au-profit-de-plusieurs-communes-de-la-province\/","name":"INDH \u00e0 El Kela\u00e2 des Sraghna : Remise d\u2019ambulances au profit de plusieurs communes de la province - Dpress.ma\/fr","isPartOf":{"@id":"https:\/\/dpress.ma\/fr\/#website"},"primaryImageOfPage":{"@id":"https:\/\/dpress.ma\/fr\/2026\/04\/09\/indh-a-el-kelaa-des-sraghna-remise-dambulances-au-profit-de-plusieurs-communes-de-la-province\/#primaryimage"},"image":{"@id":"https:\/\/dpress.ma\/fr\/2026\/04\/09\/indh-a-el-kelaa-des-sraghna-remise-dambulances-au-profit-de-plusieurs-communes-de-la-province\/#primaryimage"},"thumbnailUrl":"https:\/\/dpress.ma\/fr\/wp-content\/uploads\/sites\/2\/2026\/03\/32-12.jpg","datePublished":"2026-04-09T15:23:49+00:00","dateModified":"2026-04-09T15:23:51+00:00","author":{"@id":"https:\/\/dpress.ma\/fr\/#\/schema\/person\/4898febf3ccd59e6578d838656a306a0"},"breadcrumb":{"@id":"https:\/\/dpress.ma\/fr\/2026\/04\/09\/indh-a-el-kelaa-des-sraghna-remise-dambulances-au-profit-de-plusieurs-communes-de-la-province\/#breadcrumb"},"inLanguage":"fr-FR","potentialAction":[{"@type":"ReadAction","target":["https:\/\/dpress.ma\/fr\/2026\/04\/09\/indh-a-el-kelaa-des-sraghna-remise-dambulances-au-profit-de-plusieurs-communes-de-la-province\/"]}]},{"@type":"ImageObject","inLanguage":"fr-FR","@id":"https:\/\/dpress.ma\/fr\/2026\/04\/09\/indh-a-el-kelaa-des-sraghna-remise-dambulances-au-profit-de-plusieurs-communes-de-la-province\/#primaryimage","url":"https:\/\/dpress.ma\/fr\/wp-content\/uploads\/sites\/2\/2026\/03\/32-12.jpg","contentUrl":"https:\/\/dpress.ma\/fr\/wp-content\/uploads\/sites\/2\/2026\/03\/32-12.jpg","width":2539,"height":1594},{"@type":"BreadcrumbList","@id":"https:\/\/dpress.ma\/fr\/2026\/04\/09\/indh-a-el-kelaa-des-sraghna-remise-dambulances-au-profit-de-plusieurs-communes-de-la-province\/#breadcrumb","itemListElement":[{"@type":"ListItem","position":1,"name":"Home","item":"https:\/\/dpress.ma\/fr\/"},{"@type":"ListItem","position":2,"name":"INDH \u00e0 El Kela\u00e2 des Sraghna : Remise d\u2019ambulances au profit de plusieurs communes de la province"}]},{"@type":"WebSite","@id":"https:\/\/dpress.ma\/fr\/#website","url":"https:\/\/dpress.ma\/fr\/","name":"Dpress.ma\/fr","description":"","potentialAction":[{"@type":"SearchAction","target":{"@type":"EntryPoint","urlTemplate":"https:\/\/dpress.ma\/fr\/?s={search_term_string}"},"query-input":{"@type":"PropertyValueSpecification","valueRequired":true,"valueName":"search_term_string"}}],"inLanguage":"fr-FR"},{"@type":"Person","@id":"https:\/\/dpress.ma\/fr\/#\/schema\/person\/4898febf3ccd59e6578d838656a306a0","name":"Dpress.ma","image":{"@type":"ImageObject","inLanguage":"fr-FR","@id":"https:\/\/secure.gravatar.com\/avatar\/72ecc30e9db047a2e0e7176561eb9d564ed77c8108376495b19bd8336405198a?s=96&d=mm&r=g","url":"https:\/\/secure.gravatar.com\/avatar\/72ecc30e9db047a2e0e7176561eb9d564ed77c8108376495b19bd8336405198a?s=96&d=mm&r=g","contentUrl":"https:\/\/secure.gravatar.com\/avatar\/72ecc30e9db047a2e0e7176561eb9d564ed77c8108376495b19bd8336405198a?s=96&d=mm&r=g","caption":"Dpress.ma"},"sameAs":["https:\/\/www.dpress.ma"],"url":"https:\/\/dpress.ma\/fr\/author\/dpress-ma\/"}]}},"amp_enabled":true,"_links":{"self":[{"href":"https:\/\/dpress.ma\/fr\/wp-json\/wp\/v2\/posts\/28032","targetHints":{"allow":["GET"]}}],"collection":[{"href":"https:\/\/dpress.ma\/fr\/wp-json\/wp\/v2\/posts"}],"about":[{"href":"https:\/\/dpress.ma\/fr\/wp-json\/wp\/v2\/types\/post"}],"author":[{"embeddable":true,"href":"https:\/\/dpress.ma\/fr\/wp-json\/wp\/v2\/users\/2"}],"replies":[{"embeddable":true,"href":"https:\/\/dpress.ma\/fr\/wp-json\/wp\/v2\/comments?post=28032"}],"version-history":[{"count":1,"href":"https:\/\/dpress.ma\/fr\/wp-json\/wp\/v2\/posts\/28032\/revisions"}],"predecessor-version":[{"id":28033,"href":"https:\/\/dpress.ma\/fr\/wp-json\/wp\/v2\/posts\/28032\/revisions\/28033"}],"wp:featuredmedia":[{"embeddable":true,"href":"https:\/\/dpress.ma\/fr\/wp-json\/wp\/v2\/media\/27088"}],"wp:attachment":[{"href":"https:\/\/dpress.ma\/fr\/wp-json\/wp\/v2\/media?parent=28032"}],"wp:term":[{"taxonomy":"category","embeddable":true,"href":"https:\/\/dpress.ma\/fr\/wp-json\/wp\/v2\/categories?post=28032"},{"taxonomy":"post_tag","embeddable":true,"href":"https:\/\/dpress.ma\/fr\/wp-json\/wp\/v2\/tags?post=28032"}],"curies":[{"name":"wp","href":"https:\/\/api.w.org\/{rel}","templated":true}]}}