{"id":28029,"date":"2026-04-09T15:20:49","date_gmt":"2026-04-09T15:20:49","guid":{"rendered":"https:\/\/dpress.ma\/fr\/?p=28029"},"modified":"2026-04-09T15:20:51","modified_gmt":"2026-04-09T15:20:51","slug":"fondation-mohammed-vi-de-promotion-des-oeuvres-sociales-de-leducation-formation-ouverture-des-souscriptions-a-la-subvention-du-pelerinage-1448h","status":"publish","type":"post","link":"https:\/\/dpress.ma\/fr\/2026\/04\/09\/fondation-mohammed-vi-de-promotion-des-oeuvres-sociales-de-leducation-formation-ouverture-des-souscriptions-a-la-subvention-du-pelerinage-1448h\/","title":{"rendered":"Fondation Mohammed VI de promotion des \u0153uvres sociales de l\u2019\u00e9ducation-formation : ouverture des souscriptions \u00e0 la subvention du p\u00e8lerinage 1448H"},"content":{"rendered":"\n<p>Dpress<\/p>\n\n\n\n<p>&nbsp;La Fondation Mohammed VI de Promotion des \u0153uvres sociales de l\u2019\u00e9ducation-formation a annonc\u00e9 l\u2019ouverture,&nbsp;du 16 mars au 10 juillet 2026,&nbsp;des souscriptions \u00e0 la subvention financi\u00e8re du Hajj, au profit de ses adh\u00e9rents \u00e9ligibles et d\u00e9sireux d\u2019accomplir le p\u00e8lerinage au titre de la saison 1448H\/2027.<\/p>\n\n\n\n<p>Dans ce cadre, la Fondation invite dans un communiqu\u00e9 les adh\u00e9rents relevant du circuit officiel et souhaitant b\u00e9n\u00e9ficier de ladite subvention avant l\u2019accomplissement du Hajj, \u00e0 d\u00e9poser leur dossier de candidature aupr\u00e8s des cellules administratives r\u00e9gionales de la Fondation ou \u00e0 l\u2019adresser par voie postale au si\u00e8ge central \u00e0 Rabat.&nbsp;La p\u00e9riode de d\u00e9p\u00f4t s\u2019\u00e9tend du 16 mars au 10 juillet 2026, incluant la p\u00e9riode fix\u00e9e par le minist\u00e8re des Habous et des Affaires Islamiques, pour le r\u00e8glement des frais du p\u00e8lerinage 1448H\/2027.<\/p>\n\n\n\n<p>Par ailleurs, les adh\u00e9rents n\u2019ayant pas pu soumettre leur dossier dans les d\u00e9lais impartis, ou ceux dont les dossiers sont incomplets, ou encore ceux qui accompliront le Hajj via une agence de voyages, ont la possibilit\u00e9 de pr\u00e9senter une demande de remboursement apr\u00e8s leur retour, au plus tard le 31 octobre 2027.<\/p>\n\n\n\n<p>Sur le plan proc\u00e9dural, la Fondation met \u00e0 pr\u00e9sent \u00e0 disposition de ses adh\u00e9rents un formulaire de demande de la subvention en ligne, rempla\u00e7ant la demande manuscrite. T\u00e9l\u00e9chargeable depuis le site officiel de la Fondation, ce document doit \u00eatre imprim\u00e9, d\u00fbment renseign\u00e9 puis soumis avec l\u2019ensemble des pi\u00e8ces constituant le dossier de candidature.<\/p>\n\n\n\n<p>Il est \u00e0 rappeler que la Fondation accorde une subvention financi\u00e8re de 50.000 dirhams aux adh\u00e9rents class\u00e9s \u00e0 l\u2019\u00e9chelle 9 ou inf\u00e9rieure, ou percevant un salaire mensuel brut de moins de 5.000 DH et ne sont pas class\u00e9s \u00e0 des \u00e9chelles similaires \u00e0 celles de la fonction publique. Elle attribue \u00e9galement un montant de 40.000 dirhams aux adh\u00e9rents class\u00e9s \u00e0 l\u2019\u00e9chelle 10 ou assimil\u00e9e, \u00e2g\u00e9s de 64 ans ou plus, au plus tard le 10 mai 2027.<\/p>\n\n\n\n<p>Engag\u00e9e dans une d\u00e9marche d\u2019am\u00e9lioration continue de ses prestations, la Fondation a r\u00e9guli\u00e8rement fait \u00e9voluer la subvention du Hajj afin de mieux r\u00e9pondre aux attentes de ses adh\u00e9rents. Elle l\u2019a notamment \u00e9largi pour inclure les adh\u00e9rents relevant de l\u2019\u00e9chelle 10 ou similaire et \u00e2g\u00e9s d\u2019au moins 64 ans. En outre, les montants de la subvention ont \u00e9t\u00e9 revaloris\u00e9s \u00e0 plusieurs reprises, pour tenir compte de l\u2019\u00e9volution des frais du Hajj, tels que fix\u00e9s par le minist\u00e8re des Habous et des Affaires Islamiques.<\/p>\n\n\n\n<p>\u00c0 fin 2025, pr\u00e8s de 4 600 adh\u00e9rents ont b\u00e9n\u00e9fici\u00e9 de l\u2019aide financi\u00e8re au p\u00e8lerinage, pour une enveloppe globale avoisinant 130 millions de dirhams.<\/p>\n\n\n\n<p>Pour de plus amples informations, la Fondation invite les int\u00e9ress\u00e9s \u00e0 consulter le site web de la Fondation : fm6education.ma, notamment la rubrique P\u00e8lerinage : https:\/\/fm6education.ma\/pelerinage.<\/p>\n","protected":false},"excerpt":{"rendered":"<p>Dpress &nbsp;La Fondation Mohammed VI de Promotion des \u0153uvres sociales de l\u2019\u00e9ducation-formation a annonc\u00e9 l\u2019ouverture,&nbsp;du 16 mars au 10 juillet 2026,&nbsp;des souscriptions \u00e0 la subvention financi\u00e8re du Hajj, au profit de ses adh\u00e9rents \u00e9ligibles et d\u00e9sireux d\u2019accomplir le p\u00e8lerinage au titre de la saison 1448H\/2027. Dans ce cadre, la Fondation invite dans un communiqu\u00e9 les &hellip;<\/p>\n","protected":false},"author":2,"featured_media":28030,"comment_status":"open","ping_status":"open","sticky":false,"template":"","format":"standard","meta":{"footnotes":""},"categories":[40],"tags":[],"class_list":["post-28029","post","type-post","status-publish","format-standard","has-post-thumbnail","hentry","category-societe-et-regions"],"yoast_head":"<!-- This site is optimized with the Yoast SEO plugin v27.5 - https:\/\/yoast.com\/product\/yoast-seo-wordpress\/ -->\n<title>Fondation Mohammed VI de promotion des \u0153uvres sociales de l\u2019\u00e9ducation-formation : ouverture des souscriptions \u00e0 la subvention du p\u00e8lerinage 1448H - Dpress.ma\/fr<\/title>\n<meta name=\"robots\" content=\"index, follow, max-snippet:-1, max-image-preview:large, max-video-preview:-1\" \/>\n<link rel=\"canonical\" href=\"https:\/\/dpress.ma\/fr\/2026\/04\/09\/fondation-mohammed-vi-de-promotion-des-oeuvres-sociales-de-leducation-formation-ouverture-des-souscriptions-a-la-subvention-du-pelerinage-1448h\/\" \/>\n<meta property=\"og:locale\" content=\"fr_FR\" \/>\n<meta property=\"og:type\" content=\"article\" \/>\n<meta property=\"og:title\" content=\"Fondation Mohammed VI de promotion des \u0153uvres sociales de l\u2019\u00e9ducation-formation : ouverture des souscriptions \u00e0 la subvention du p\u00e8lerinage 1448H - Dpress.ma\/fr\" \/>\n<meta property=\"og:description\" content=\"Dpress &nbsp;La Fondation Mohammed VI de Promotion des \u0153uvres sociales de l\u2019\u00e9ducation-formation a annonc\u00e9 l\u2019ouverture,&nbsp;du 16 mars au 10 juillet 2026,&nbsp;des souscriptions \u00e0 la subvention financi\u00e8re du Hajj, au profit de ses adh\u00e9rents \u00e9ligibles et d\u00e9sireux d\u2019accomplir le p\u00e8lerinage au titre de la saison 1448H\/2027. Dans ce cadre, la Fondation invite dans un communiqu\u00e9 les &hellip;\" \/>\n<meta property=\"og:url\" content=\"https:\/\/dpress.ma\/fr\/2026\/04\/09\/fondation-mohammed-vi-de-promotion-des-oeuvres-sociales-de-leducation-formation-ouverture-des-souscriptions-a-la-subvention-du-pelerinage-1448h\/\" \/>\n<meta property=\"og:site_name\" content=\"Dpress.ma\/fr\" \/>\n<meta property=\"article:published_time\" content=\"2026-04-09T15:20:49+00:00\" \/>\n<meta property=\"article:modified_time\" content=\"2026-04-09T15:20:51+00:00\" \/>\n<meta property=\"og:image\" content=\"https:\/\/dpress.ma\/fr\/wp-content\/uploads\/sites\/2\/2026\/04\/21-4.jpg\" \/>\n\t<meta property=\"og:image:width\" content=\"2539\" \/>\n\t<meta property=\"og:image:height\" content=\"1594\" \/>\n\t<meta property=\"og:image:type\" content=\"image\/jpeg\" \/>\n<meta name=\"author\" content=\"Dpress.ma\" \/>\n<meta name=\"twitter:card\" content=\"summary_large_image\" \/>\n<meta name=\"twitter:label1\" content=\"\u00c9crit par\" \/>\n\t<meta name=\"twitter:data1\" content=\"Dpress.ma\" \/>\n\t<meta name=\"twitter:label2\" content=\"Dur\u00e9e de lecture estim\u00e9e\" \/>\n\t<meta name=\"twitter:data2\" content=\"3 minutes\" \/>\n<script type=\"application\/ld+json\" class=\"yoast-schema-graph\">{\"@context\":\"https:\\\/\\\/schema.org\",\"@graph\":[{\"@type\":\"Article\",\"@id\":\"https:\\\/\\\/dpress.ma\\\/fr\\\/2026\\\/04\\\/09\\\/fondation-mohammed-vi-de-promotion-des-oeuvres-sociales-de-leducation-formation-ouverture-des-souscriptions-a-la-subvention-du-pelerinage-1448h\\\/#article\",\"isPartOf\":{\"@id\":\"https:\\\/\\\/dpress.ma\\\/fr\\\/2026\\\/04\\\/09\\\/fondation-mohammed-vi-de-promotion-des-oeuvres-sociales-de-leducation-formation-ouverture-des-souscriptions-a-la-subvention-du-pelerinage-1448h\\\/\"},\"author\":{\"name\":\"Dpress.ma\",\"@id\":\"https:\\\/\\\/dpress.ma\\\/fr\\\/#\\\/schema\\\/person\\\/4898febf3ccd59e6578d838656a306a0\"},\"headline\":\"Fondation Mohammed VI de promotion des \u0153uvres sociales de l\u2019\u00e9ducation-formation : ouverture des souscriptions \u00e0 la subvention du p\u00e8lerinage 1448H\",\"datePublished\":\"2026-04-09T15:20:49+00:00\",\"dateModified\":\"2026-04-09T15:20:51+00:00\",\"mainEntityOfPage\":{\"@id\":\"https:\\\/\\\/dpress.ma\\\/fr\\\/2026\\\/04\\\/09\\\/fondation-mohammed-vi-de-promotion-des-oeuvres-sociales-de-leducation-formation-ouverture-des-souscriptions-a-la-subvention-du-pelerinage-1448h\\\/\"},\"wordCount\":513,\"commentCount\":0,\"image\":{\"@id\":\"https:\\\/\\\/dpress.ma\\\/fr\\\/2026\\\/04\\\/09\\\/fondation-mohammed-vi-de-promotion-des-oeuvres-sociales-de-leducation-formation-ouverture-des-souscriptions-a-la-subvention-du-pelerinage-1448h\\\/#primaryimage\"},\"thumbnailUrl\":\"https:\\\/\\\/dpress.ma\\\/fr\\\/wp-content\\\/uploads\\\/sites\\\/2\\\/2026\\\/04\\\/21-4.jpg\",\"articleSection\":[\"societe et regions\"],\"inLanguage\":\"fr-FR\",\"potentialAction\":[{\"@type\":\"CommentAction\",\"name\":\"Comment\",\"target\":[\"https:\\\/\\\/dpress.ma\\\/fr\\\/2026\\\/04\\\/09\\\/fondation-mohammed-vi-de-promotion-des-oeuvres-sociales-de-leducation-formation-ouverture-des-souscriptions-a-la-subvention-du-pelerinage-1448h\\\/#respond\"]}]},{\"@type\":\"WebPage\",\"@id\":\"https:\\\/\\\/dpress.ma\\\/fr\\\/2026\\\/04\\\/09\\\/fondation-mohammed-vi-de-promotion-des-oeuvres-sociales-de-leducation-formation-ouverture-des-souscriptions-a-la-subvention-du-pelerinage-1448h\\\/\",\"url\":\"https:\\\/\\\/dpress.ma\\\/fr\\\/2026\\\/04\\\/09\\\/fondation-mohammed-vi-de-promotion-des-oeuvres-sociales-de-leducation-formation-ouverture-des-souscriptions-a-la-subvention-du-pelerinage-1448h\\\/\",\"name\":\"Fondation Mohammed VI de promotion des \u0153uvres sociales de l\u2019\u00e9ducation-formation : ouverture des souscriptions \u00e0 la subvention du p\u00e8lerinage 1448H - Dpress.ma\\\/fr\",\"isPartOf\":{\"@id\":\"https:\\\/\\\/dpress.ma\\\/fr\\\/#website\"},\"primaryImageOfPage\":{\"@id\":\"https:\\\/\\\/dpress.ma\\\/fr\\\/2026\\\/04\\\/09\\\/fondation-mohammed-vi-de-promotion-des-oeuvres-sociales-de-leducation-formation-ouverture-des-souscriptions-a-la-subvention-du-pelerinage-1448h\\\/#primaryimage\"},\"image\":{\"@id\":\"https:\\\/\\\/dpress.ma\\\/fr\\\/2026\\\/04\\\/09\\\/fondation-mohammed-vi-de-promotion-des-oeuvres-sociales-de-leducation-formation-ouverture-des-souscriptions-a-la-subvention-du-pelerinage-1448h\\\/#primaryimage\"},\"thumbnailUrl\":\"https:\\\/\\\/dpress.ma\\\/fr\\\/wp-content\\\/uploads\\\/sites\\\/2\\\/2026\\\/04\\\/21-4.jpg\",\"datePublished\":\"2026-04-09T15:20:49+00:00\",\"dateModified\":\"2026-04-09T15:20:51+00:00\",\"author\":{\"@id\":\"https:\\\/\\\/dpress.ma\\\/fr\\\/#\\\/schema\\\/person\\\/4898febf3ccd59e6578d838656a306a0\"},\"breadcrumb\":{\"@id\":\"https:\\\/\\\/dpress.ma\\\/fr\\\/2026\\\/04\\\/09\\\/fondation-mohammed-vi-de-promotion-des-oeuvres-sociales-de-leducation-formation-ouverture-des-souscriptions-a-la-subvention-du-pelerinage-1448h\\\/#breadcrumb\"},\"inLanguage\":\"fr-FR\",\"potentialAction\":[{\"@type\":\"ReadAction\",\"target\":[\"https:\\\/\\\/dpress.ma\\\/fr\\\/2026\\\/04\\\/09\\\/fondation-mohammed-vi-de-promotion-des-oeuvres-sociales-de-leducation-formation-ouverture-des-souscriptions-a-la-subvention-du-pelerinage-1448h\\\/\"]}]},{\"@type\":\"ImageObject\",\"inLanguage\":\"fr-FR\",\"@id\":\"https:\\\/\\\/dpress.ma\\\/fr\\\/2026\\\/04\\\/09\\\/fondation-mohammed-vi-de-promotion-des-oeuvres-sociales-de-leducation-formation-ouverture-des-souscriptions-a-la-subvention-du-pelerinage-1448h\\\/#primaryimage\",\"url\":\"https:\\\/\\\/dpress.ma\\\/fr\\\/wp-content\\\/uploads\\\/sites\\\/2\\\/2026\\\/04\\\/21-4.jpg\",\"contentUrl\":\"https:\\\/\\\/dpress.ma\\\/fr\\\/wp-content\\\/uploads\\\/sites\\\/2\\\/2026\\\/04\\\/21-4.jpg\",\"width\":2539,\"height\":1594},{\"@type\":\"BreadcrumbList\",\"@id\":\"https:\\\/\\\/dpress.ma\\\/fr\\\/2026\\\/04\\\/09\\\/fondation-mohammed-vi-de-promotion-des-oeuvres-sociales-de-leducation-formation-ouverture-des-souscriptions-a-la-subvention-du-pelerinage-1448h\\\/#breadcrumb\",\"itemListElement\":[{\"@type\":\"ListItem\",\"position\":1,\"name\":\"Home\",\"item\":\"https:\\\/\\\/dpress.ma\\\/fr\\\/\"},{\"@type\":\"ListItem\",\"position\":2,\"name\":\"Fondation Mohammed VI de promotion des \u0153uvres sociales de l\u2019\u00e9ducation-formation : ouverture des souscriptions \u00e0 la subvention du p\u00e8lerinage 1448H\"}]},{\"@type\":\"WebSite\",\"@id\":\"https:\\\/\\\/dpress.ma\\\/fr\\\/#website\",\"url\":\"https:\\\/\\\/dpress.ma\\\/fr\\\/\",\"name\":\"Dpress.ma\\\/fr\",\"description\":\"\",\"potentialAction\":[{\"@type\":\"SearchAction\",\"target\":{\"@type\":\"EntryPoint\",\"urlTemplate\":\"https:\\\/\\\/dpress.ma\\\/fr\\\/?s={search_term_string}\"},\"query-input\":{\"@type\":\"PropertyValueSpecification\",\"valueRequired\":true,\"valueName\":\"search_term_string\"}}],\"inLanguage\":\"fr-FR\"},{\"@type\":\"Person\",\"@id\":\"https:\\\/\\\/dpress.ma\\\/fr\\\/#\\\/schema\\\/person\\\/4898febf3ccd59e6578d838656a306a0\",\"name\":\"Dpress.ma\",\"image\":{\"@type\":\"ImageObject\",\"inLanguage\":\"fr-FR\",\"@id\":\"https:\\\/\\\/secure.gravatar.com\\\/avatar\\\/72ecc30e9db047a2e0e7176561eb9d564ed77c8108376495b19bd8336405198a?s=96&d=mm&r=g\",\"url\":\"https:\\\/\\\/secure.gravatar.com\\\/avatar\\\/72ecc30e9db047a2e0e7176561eb9d564ed77c8108376495b19bd8336405198a?s=96&d=mm&r=g\",\"contentUrl\":\"https:\\\/\\\/secure.gravatar.com\\\/avatar\\\/72ecc30e9db047a2e0e7176561eb9d564ed77c8108376495b19bd8336405198a?s=96&d=mm&r=g\",\"caption\":\"Dpress.ma\"},\"sameAs\":[\"https:\\\/\\\/www.dpress.ma\"],\"url\":\"https:\\\/\\\/dpress.ma\\\/fr\\\/author\\\/dpress-ma\\\/\"}]}<\/script>\n<!-- \/ Yoast SEO plugin. -->","yoast_head_json":{"title":"Fondation Mohammed VI de promotion des \u0153uvres sociales de l\u2019\u00e9ducation-formation : ouverture des souscriptions \u00e0 la subvention du p\u00e8lerinage 1448H - Dpress.ma\/fr","robots":{"index":"index","follow":"follow","max-snippet":"max-snippet:-1","max-image-preview":"max-image-preview:large","max-video-preview":"max-video-preview:-1"},"canonical":"https:\/\/dpress.ma\/fr\/2026\/04\/09\/fondation-mohammed-vi-de-promotion-des-oeuvres-sociales-de-leducation-formation-ouverture-des-souscriptions-a-la-subvention-du-pelerinage-1448h\/","og_locale":"fr_FR","og_type":"article","og_title":"Fondation Mohammed VI de promotion des \u0153uvres sociales de l\u2019\u00e9ducation-formation : ouverture des souscriptions \u00e0 la subvention du p\u00e8lerinage 1448H - Dpress.ma\/fr","og_description":"Dpress &nbsp;La Fondation Mohammed VI de Promotion des \u0153uvres sociales de l\u2019\u00e9ducation-formation a annonc\u00e9 l\u2019ouverture,&nbsp;du 16 mars au 10 juillet 2026,&nbsp;des souscriptions \u00e0 la subvention financi\u00e8re du Hajj, au profit de ses adh\u00e9rents \u00e9ligibles et d\u00e9sireux d\u2019accomplir le p\u00e8lerinage au titre de la saison 1448H\/2027. Dans ce cadre, la Fondation invite dans un communiqu\u00e9 les &hellip;","og_url":"https:\/\/dpress.ma\/fr\/2026\/04\/09\/fondation-mohammed-vi-de-promotion-des-oeuvres-sociales-de-leducation-formation-ouverture-des-souscriptions-a-la-subvention-du-pelerinage-1448h\/","og_site_name":"Dpress.ma\/fr","article_published_time":"2026-04-09T15:20:49+00:00","article_modified_time":"2026-04-09T15:20:51+00:00","og_image":[{"width":2539,"height":1594,"url":"https:\/\/dpress.ma\/fr\/wp-content\/uploads\/sites\/2\/2026\/04\/21-4.jpg","type":"image\/jpeg"}],"author":"Dpress.ma","twitter_card":"summary_large_image","twitter_misc":{"\u00c9crit par":"Dpress.ma","Dur\u00e9e de lecture estim\u00e9e":"3 minutes"},"schema":{"@context":"https:\/\/schema.org","@graph":[{"@type":"Article","@id":"https:\/\/dpress.ma\/fr\/2026\/04\/09\/fondation-mohammed-vi-de-promotion-des-oeuvres-sociales-de-leducation-formation-ouverture-des-souscriptions-a-la-subvention-du-pelerinage-1448h\/#article","isPartOf":{"@id":"https:\/\/dpress.ma\/fr\/2026\/04\/09\/fondation-mohammed-vi-de-promotion-des-oeuvres-sociales-de-leducation-formation-ouverture-des-souscriptions-a-la-subvention-du-pelerinage-1448h\/"},"author":{"name":"Dpress.ma","@id":"https:\/\/dpress.ma\/fr\/#\/schema\/person\/4898febf3ccd59e6578d838656a306a0"},"headline":"Fondation Mohammed VI de promotion des \u0153uvres sociales de l\u2019\u00e9ducation-formation : ouverture des souscriptions \u00e0 la subvention du p\u00e8lerinage 1448H","datePublished":"2026-04-09T15:20:49+00:00","dateModified":"2026-04-09T15:20:51+00:00","mainEntityOfPage":{"@id":"https:\/\/dpress.ma\/fr\/2026\/04\/09\/fondation-mohammed-vi-de-promotion-des-oeuvres-sociales-de-leducation-formation-ouverture-des-souscriptions-a-la-subvention-du-pelerinage-1448h\/"},"wordCount":513,"commentCount":0,"image":{"@id":"https:\/\/dpress.ma\/fr\/2026\/04\/09\/fondation-mohammed-vi-de-promotion-des-oeuvres-sociales-de-leducation-formation-ouverture-des-souscriptions-a-la-subvention-du-pelerinage-1448h\/#primaryimage"},"thumbnailUrl":"https:\/\/dpress.ma\/fr\/wp-content\/uploads\/sites\/2\/2026\/04\/21-4.jpg","articleSection":["societe et regions"],"inLanguage":"fr-FR","potentialAction":[{"@type":"CommentAction","name":"Comment","target":["https:\/\/dpress.ma\/fr\/2026\/04\/09\/fondation-mohammed-vi-de-promotion-des-oeuvres-sociales-de-leducation-formation-ouverture-des-souscriptions-a-la-subvention-du-pelerinage-1448h\/#respond"]}]},{"@type":"WebPage","@id":"https:\/\/dpress.ma\/fr\/2026\/04\/09\/fondation-mohammed-vi-de-promotion-des-oeuvres-sociales-de-leducation-formation-ouverture-des-souscriptions-a-la-subvention-du-pelerinage-1448h\/","url":"https:\/\/dpress.ma\/fr\/2026\/04\/09\/fondation-mohammed-vi-de-promotion-des-oeuvres-sociales-de-leducation-formation-ouverture-des-souscriptions-a-la-subvention-du-pelerinage-1448h\/","name":"Fondation Mohammed VI de promotion des \u0153uvres sociales de l\u2019\u00e9ducation-formation : ouverture des souscriptions \u00e0 la subvention du p\u00e8lerinage 1448H - Dpress.ma\/fr","isPartOf":{"@id":"https:\/\/dpress.ma\/fr\/#website"},"primaryImageOfPage":{"@id":"https:\/\/dpress.ma\/fr\/2026\/04\/09\/fondation-mohammed-vi-de-promotion-des-oeuvres-sociales-de-leducation-formation-ouverture-des-souscriptions-a-la-subvention-du-pelerinage-1448h\/#primaryimage"},"image":{"@id":"https:\/\/dpress.ma\/fr\/2026\/04\/09\/fondation-mohammed-vi-de-promotion-des-oeuvres-sociales-de-leducation-formation-ouverture-des-souscriptions-a-la-subvention-du-pelerinage-1448h\/#primaryimage"},"thumbnailUrl":"https:\/\/dpress.ma\/fr\/wp-content\/uploads\/sites\/2\/2026\/04\/21-4.jpg","datePublished":"2026-04-09T15:20:49+00:00","dateModified":"2026-04-09T15:20:51+00:00","author":{"@id":"https:\/\/dpress.ma\/fr\/#\/schema\/person\/4898febf3ccd59e6578d838656a306a0"},"breadcrumb":{"@id":"https:\/\/dpress.ma\/fr\/2026\/04\/09\/fondation-mohammed-vi-de-promotion-des-oeuvres-sociales-de-leducation-formation-ouverture-des-souscriptions-a-la-subvention-du-pelerinage-1448h\/#breadcrumb"},"inLanguage":"fr-FR","potentialAction":[{"@type":"ReadAction","target":["https:\/\/dpress.ma\/fr\/2026\/04\/09\/fondation-mohammed-vi-de-promotion-des-oeuvres-sociales-de-leducation-formation-ouverture-des-souscriptions-a-la-subvention-du-pelerinage-1448h\/"]}]},{"@type":"ImageObject","inLanguage":"fr-FR","@id":"https:\/\/dpress.ma\/fr\/2026\/04\/09\/fondation-mohammed-vi-de-promotion-des-oeuvres-sociales-de-leducation-formation-ouverture-des-souscriptions-a-la-subvention-du-pelerinage-1448h\/#primaryimage","url":"https:\/\/dpress.ma\/fr\/wp-content\/uploads\/sites\/2\/2026\/04\/21-4.jpg","contentUrl":"https:\/\/dpress.ma\/fr\/wp-content\/uploads\/sites\/2\/2026\/04\/21-4.jpg","width":2539,"height":1594},{"@type":"BreadcrumbList","@id":"https:\/\/dpress.ma\/fr\/2026\/04\/09\/fondation-mohammed-vi-de-promotion-des-oeuvres-sociales-de-leducation-formation-ouverture-des-souscriptions-a-la-subvention-du-pelerinage-1448h\/#breadcrumb","itemListElement":[{"@type":"ListItem","position":1,"name":"Home","item":"https:\/\/dpress.ma\/fr\/"},{"@type":"ListItem","position":2,"name":"Fondation Mohammed VI de promotion des \u0153uvres sociales de l\u2019\u00e9ducation-formation : ouverture des souscriptions \u00e0 la subvention du p\u00e8lerinage 1448H"}]},{"@type":"WebSite","@id":"https:\/\/dpress.ma\/fr\/#website","url":"https:\/\/dpress.ma\/fr\/","name":"Dpress.ma\/fr","description":"","potentialAction":[{"@type":"SearchAction","target":{"@type":"EntryPoint","urlTemplate":"https:\/\/dpress.ma\/fr\/?s={search_term_string}"},"query-input":{"@type":"PropertyValueSpecification","valueRequired":true,"valueName":"search_term_string"}}],"inLanguage":"fr-FR"},{"@type":"Person","@id":"https:\/\/dpress.ma\/fr\/#\/schema\/person\/4898febf3ccd59e6578d838656a306a0","name":"Dpress.ma","image":{"@type":"ImageObject","inLanguage":"fr-FR","@id":"https:\/\/secure.gravatar.com\/avatar\/72ecc30e9db047a2e0e7176561eb9d564ed77c8108376495b19bd8336405198a?s=96&d=mm&r=g","url":"https:\/\/secure.gravatar.com\/avatar\/72ecc30e9db047a2e0e7176561eb9d564ed77c8108376495b19bd8336405198a?s=96&d=mm&r=g","contentUrl":"https:\/\/secure.gravatar.com\/avatar\/72ecc30e9db047a2e0e7176561eb9d564ed77c8108376495b19bd8336405198a?s=96&d=mm&r=g","caption":"Dpress.ma"},"sameAs":["https:\/\/www.dpress.ma"],"url":"https:\/\/dpress.ma\/fr\/author\/dpress-ma\/"}]}},"amp_enabled":true,"_links":{"self":[{"href":"https:\/\/dpress.ma\/fr\/wp-json\/wp\/v2\/posts\/28029","targetHints":{"allow":["GET"]}}],"collection":[{"href":"https:\/\/dpress.ma\/fr\/wp-json\/wp\/v2\/posts"}],"about":[{"href":"https:\/\/dpress.ma\/fr\/wp-json\/wp\/v2\/types\/post"}],"author":[{"embeddable":true,"href":"https:\/\/dpress.ma\/fr\/wp-json\/wp\/v2\/users\/2"}],"replies":[{"embeddable":true,"href":"https:\/\/dpress.ma\/fr\/wp-json\/wp\/v2\/comments?post=28029"}],"version-history":[{"count":1,"href":"https:\/\/dpress.ma\/fr\/wp-json\/wp\/v2\/posts\/28029\/revisions"}],"predecessor-version":[{"id":28031,"href":"https:\/\/dpress.ma\/fr\/wp-json\/wp\/v2\/posts\/28029\/revisions\/28031"}],"wp:featuredmedia":[{"embeddable":true,"href":"https:\/\/dpress.ma\/fr\/wp-json\/wp\/v2\/media\/28030"}],"wp:attachment":[{"href":"https:\/\/dpress.ma\/fr\/wp-json\/wp\/v2\/media?parent=28029"}],"wp:term":[{"taxonomy":"category","embeddable":true,"href":"https:\/\/dpress.ma\/fr\/wp-json\/wp\/v2\/categories?post=28029"},{"taxonomy":"post_tag","embeddable":true,"href":"https:\/\/dpress.ma\/fr\/wp-json\/wp\/v2\/tags?post=28029"}],"curies":[{"name":"wp","href":"https:\/\/api.w.org\/{rel}","templated":true}]}}