{"id":28026,"date":"2026-04-09T15:16:21","date_gmt":"2026-04-09T15:16:21","guid":{"rendered":"https:\/\/dpress.ma\/fr\/?p=28026"},"modified":"2026-04-09T15:16:23","modified_gmt":"2026-04-09T15:16:23","slug":"indh-a-el-kelaa-des-sraghna-plus-de-600-beneficiaires-dune-caravane-medicale-de-la-chirurgie-de-la-cataracte","status":"publish","type":"post","link":"https:\/\/dpress.ma\/fr\/2026\/04\/09\/indh-a-el-kelaa-des-sraghna-plus-de-600-beneficiaires-dune-caravane-medicale-de-la-chirurgie-de-la-cataracte\/","title":{"rendered":"INDH \u00e0 El Kela\u00e2 des Sraghna : Plus de 600 b\u00e9n\u00e9ficiaires d\u2019une caravane m\u00e9dicale de la chirurgie de la cataracte"},"content":{"rendered":"\n<p>Dpress<\/p>\n\n\n\n<p>Plus de 600 personnes issues de la province d\u2019El Kela\u00e2 des Sraghna b\u00e9n\u00e9ficient d\u2019une caravane m\u00e9dicale de la chirurgie de la cataracte, organis\u00e9e du 4 au 17 avril courant \u00e0 l\u2019h\u00f4pital provincial \u201cSAR la Princesse Lalla Khadija\u201d \u00e0 la ville de Tamellalt.<\/p>\n\n\n\n<p>Organis\u00e9e par le Comit\u00e9 provincial du d\u00e9veloppement humain (CPDH), en partenariat avec la D\u00e9l\u00e9gation provinciale de la Sant\u00e9 et de la Protection sociale et la Fondation Albasar International au Maroc, cette caravane mobilise d\u2019importantes ressources humaines et logistiques afin d\u2019assurer la r\u00e9ussite de cette initiative solidaire.<\/p>\n\n\n\n<p>S\u2019inscrivant dans le cadre des programmes de l\u2019Initiative nationale pour le d\u00e9veloppement humain (INDH), notamment le quatri\u00e8me programme, cette action vise \u00e0 r\u00e9duire le taux de maladies oculaires li\u00e9es \u00e0 la cataracte, en particulier chez les personnes \u00e2g\u00e9es.<\/p>\n\n\n\n<p>Les organisateurs de cette caravane pr\u00e9voient de traiter entre 80 % et 90 % des cas recens\u00e9s, tout en am\u00e9liorant l\u2019acc\u00e8s aux services de sant\u00e9 et en les rapprochant des populations vuln\u00e9rables.<\/p>\n\n\n\n<p>Dans une d\u00e9claration \u00e0 la MAP, le chef de la Division de l\u2019action sociale (DAS)&nbsp;\u00e0 la province d\u2019El Kela\u00e2 des Sraghna, Hanid Salek, a indiqu\u00e9 que cette caravane \u201cqualitative\u201d a \u00e9t\u00e9 pr\u00e9par\u00e9e depuis d\u00e9cembre 2025, avec un financement de l\u2019INDH \u00e0 hauteur de 700.000 dirhams, relevant que le staff m\u00e9dical encadrant comprend 10 m\u00e9decins sp\u00e9cialistes issus des secteurs public et priv\u00e9.<\/p>\n\n\n\n<p>Salek a \u00e9galement soulign\u00e9 que la campagne comprend, en plus des interventions chirurgicales, un volet consacr\u00e9 au d\u00e9pistage pr\u00e9coce et \u00e0 la prise en charge m\u00e9dicale de certaines pathologies li\u00e9es au d\u00e9veloppement intellectuel et affectif chez les jeunes enfants.<\/p>\n\n\n\n<p>Dans une d\u00e9claration similaire, le d\u00e9l\u00e9gu\u00e9 provincial du minist\u00e8re de la Sant\u00e9 et de la Protection sociale, Younes Lakrik, a pr\u00e9cis\u00e9 que cette initiative humanitaire vise \u00e0 rapprocher les services de sant\u00e9 des citoyens et \u00e0 renforcer l\u2019offre sanitaire, notamment au profit des cat\u00e9gories vuln\u00e9rables confront\u00e9es \u00e0 des difficult\u00e9s d\u2019acc\u00e8s aux soins.<\/p>\n\n\n\n<p>De son c\u00f4t\u00e9, le repr\u00e9sentant de la Fondation Albasar International au Maroc, Mouad El Jasni, a indiqu\u00e9 que cette caravane pr\u00e9voit la r\u00e9alisation de 600 interventions chirurgicales, pr\u00e9cisant que 200 op\u00e9rations ont d\u00e9j\u00e0 \u00e9t\u00e9 r\u00e9alis\u00e9es \u00e0 ce jour, tandis que les consultations de d\u00e9pistage se poursuivent.<\/p>\n\n\n\n<p>Il a ajout\u00e9 que les op\u00e9rations de d\u00e9pistage ont concern\u00e9 plus de 2.000 patients, dont 550 ont \u00e9t\u00e9 retenus pour les interventions chirurgicales, avec pour objectif d\u2019atteindre le nombre pr\u00e9vu d\u2019ici la fin de la campagne.<\/p>\n","protected":false},"excerpt":{"rendered":"<p>Dpress Plus de 600 personnes issues de la province d\u2019El Kela\u00e2 des Sraghna b\u00e9n\u00e9ficient d\u2019une caravane m\u00e9dicale de la chirurgie de la cataracte, organis\u00e9e du 4 au 17 avril courant \u00e0 l\u2019h\u00f4pital provincial \u201cSAR la Princesse Lalla Khadija\u201d \u00e0 la ville de Tamellalt. Organis\u00e9e par le Comit\u00e9 provincial du d\u00e9veloppement humain (CPDH), en partenariat avec &hellip;<\/p>\n","protected":false},"author":2,"featured_media":28027,"comment_status":"open","ping_status":"open","sticky":false,"template":"","format":"standard","meta":{"footnotes":""},"categories":[40],"tags":[],"class_list":["post-28026","post","type-post","status-publish","format-standard","has-post-thumbnail","hentry","category-societe-et-regions"],"yoast_head":"<!-- This site is optimized with the Yoast SEO plugin v27.5 - https:\/\/yoast.com\/product\/yoast-seo-wordpress\/ -->\n<title>INDH \u00e0 El Kela\u00e2 des Sraghna : Plus de 600 b\u00e9n\u00e9ficiaires d\u2019une caravane m\u00e9dicale de la chirurgie de la cataracte - Dpress.ma\/fr<\/title>\n<meta name=\"robots\" content=\"index, follow, max-snippet:-1, max-image-preview:large, max-video-preview:-1\" \/>\n<link rel=\"canonical\" href=\"https:\/\/dpress.ma\/fr\/2026\/04\/09\/indh-a-el-kelaa-des-sraghna-plus-de-600-beneficiaires-dune-caravane-medicale-de-la-chirurgie-de-la-cataracte\/\" \/>\n<meta property=\"og:locale\" content=\"fr_FR\" \/>\n<meta property=\"og:type\" content=\"article\" \/>\n<meta property=\"og:title\" content=\"INDH \u00e0 El Kela\u00e2 des Sraghna : Plus de 600 b\u00e9n\u00e9ficiaires d\u2019une caravane m\u00e9dicale de la chirurgie de la cataracte - Dpress.ma\/fr\" \/>\n<meta property=\"og:description\" content=\"Dpress Plus de 600 personnes issues de la province d\u2019El Kela\u00e2 des Sraghna b\u00e9n\u00e9ficient d\u2019une caravane m\u00e9dicale de la chirurgie de la cataracte, organis\u00e9e du 4 au 17 avril courant \u00e0 l\u2019h\u00f4pital provincial \u201cSAR la Princesse Lalla Khadija\u201d \u00e0 la ville de Tamellalt. Organis\u00e9e par le Comit\u00e9 provincial du d\u00e9veloppement humain (CPDH), en partenariat avec &hellip;\" \/>\n<meta property=\"og:url\" content=\"https:\/\/dpress.ma\/fr\/2026\/04\/09\/indh-a-el-kelaa-des-sraghna-plus-de-600-beneficiaires-dune-caravane-medicale-de-la-chirurgie-de-la-cataracte\/\" \/>\n<meta property=\"og:site_name\" content=\"Dpress.ma\/fr\" \/>\n<meta property=\"article:published_time\" content=\"2026-04-09T15:16:21+00:00\" \/>\n<meta property=\"article:modified_time\" content=\"2026-04-09T15:16:23+00:00\" \/>\n<meta property=\"og:image\" content=\"https:\/\/dpress.ma\/fr\/wp-content\/uploads\/sites\/2\/2026\/04\/20-2.jpg\" \/>\n\t<meta property=\"og:image:width\" content=\"2539\" \/>\n\t<meta property=\"og:image:height\" content=\"1594\" \/>\n\t<meta property=\"og:image:type\" content=\"image\/jpeg\" \/>\n<meta name=\"author\" content=\"Dpress.ma\" \/>\n<meta name=\"twitter:card\" content=\"summary_large_image\" \/>\n<meta name=\"twitter:label1\" content=\"\u00c9crit par\" \/>\n\t<meta name=\"twitter:data1\" content=\"Dpress.ma\" \/>\n\t<meta name=\"twitter:label2\" content=\"Dur\u00e9e de lecture estim\u00e9e\" \/>\n\t<meta name=\"twitter:data2\" content=\"3 minutes\" \/>\n<script type=\"application\/ld+json\" class=\"yoast-schema-graph\">{\"@context\":\"https:\\\/\\\/schema.org\",\"@graph\":[{\"@type\":\"Article\",\"@id\":\"https:\\\/\\\/dpress.ma\\\/fr\\\/2026\\\/04\\\/09\\\/indh-a-el-kelaa-des-sraghna-plus-de-600-beneficiaires-dune-caravane-medicale-de-la-chirurgie-de-la-cataracte\\\/#article\",\"isPartOf\":{\"@id\":\"https:\\\/\\\/dpress.ma\\\/fr\\\/2026\\\/04\\\/09\\\/indh-a-el-kelaa-des-sraghna-plus-de-600-beneficiaires-dune-caravane-medicale-de-la-chirurgie-de-la-cataracte\\\/\"},\"author\":{\"name\":\"Dpress.ma\",\"@id\":\"https:\\\/\\\/dpress.ma\\\/fr\\\/#\\\/schema\\\/person\\\/4898febf3ccd59e6578d838656a306a0\"},\"headline\":\"INDH \u00e0 El Kela\u00e2 des Sraghna : Plus de 600 b\u00e9n\u00e9ficiaires d\u2019une caravane m\u00e9dicale de la chirurgie de la cataracte\",\"datePublished\":\"2026-04-09T15:16:21+00:00\",\"dateModified\":\"2026-04-09T15:16:23+00:00\",\"mainEntityOfPage\":{\"@id\":\"https:\\\/\\\/dpress.ma\\\/fr\\\/2026\\\/04\\\/09\\\/indh-a-el-kelaa-des-sraghna-plus-de-600-beneficiaires-dune-caravane-medicale-de-la-chirurgie-de-la-cataracte\\\/\"},\"wordCount\":460,\"commentCount\":0,\"image\":{\"@id\":\"https:\\\/\\\/dpress.ma\\\/fr\\\/2026\\\/04\\\/09\\\/indh-a-el-kelaa-des-sraghna-plus-de-600-beneficiaires-dune-caravane-medicale-de-la-chirurgie-de-la-cataracte\\\/#primaryimage\"},\"thumbnailUrl\":\"https:\\\/\\\/dpress.ma\\\/fr\\\/wp-content\\\/uploads\\\/sites\\\/2\\\/2026\\\/04\\\/20-2.jpg\",\"articleSection\":[\"societe et regions\"],\"inLanguage\":\"fr-FR\",\"potentialAction\":[{\"@type\":\"CommentAction\",\"name\":\"Comment\",\"target\":[\"https:\\\/\\\/dpress.ma\\\/fr\\\/2026\\\/04\\\/09\\\/indh-a-el-kelaa-des-sraghna-plus-de-600-beneficiaires-dune-caravane-medicale-de-la-chirurgie-de-la-cataracte\\\/#respond\"]}]},{\"@type\":\"WebPage\",\"@id\":\"https:\\\/\\\/dpress.ma\\\/fr\\\/2026\\\/04\\\/09\\\/indh-a-el-kelaa-des-sraghna-plus-de-600-beneficiaires-dune-caravane-medicale-de-la-chirurgie-de-la-cataracte\\\/\",\"url\":\"https:\\\/\\\/dpress.ma\\\/fr\\\/2026\\\/04\\\/09\\\/indh-a-el-kelaa-des-sraghna-plus-de-600-beneficiaires-dune-caravane-medicale-de-la-chirurgie-de-la-cataracte\\\/\",\"name\":\"INDH \u00e0 El Kela\u00e2 des Sraghna : Plus de 600 b\u00e9n\u00e9ficiaires d\u2019une caravane m\u00e9dicale de la chirurgie de la cataracte - Dpress.ma\\\/fr\",\"isPartOf\":{\"@id\":\"https:\\\/\\\/dpress.ma\\\/fr\\\/#website\"},\"primaryImageOfPage\":{\"@id\":\"https:\\\/\\\/dpress.ma\\\/fr\\\/2026\\\/04\\\/09\\\/indh-a-el-kelaa-des-sraghna-plus-de-600-beneficiaires-dune-caravane-medicale-de-la-chirurgie-de-la-cataracte\\\/#primaryimage\"},\"image\":{\"@id\":\"https:\\\/\\\/dpress.ma\\\/fr\\\/2026\\\/04\\\/09\\\/indh-a-el-kelaa-des-sraghna-plus-de-600-beneficiaires-dune-caravane-medicale-de-la-chirurgie-de-la-cataracte\\\/#primaryimage\"},\"thumbnailUrl\":\"https:\\\/\\\/dpress.ma\\\/fr\\\/wp-content\\\/uploads\\\/sites\\\/2\\\/2026\\\/04\\\/20-2.jpg\",\"datePublished\":\"2026-04-09T15:16:21+00:00\",\"dateModified\":\"2026-04-09T15:16:23+00:00\",\"author\":{\"@id\":\"https:\\\/\\\/dpress.ma\\\/fr\\\/#\\\/schema\\\/person\\\/4898febf3ccd59e6578d838656a306a0\"},\"breadcrumb\":{\"@id\":\"https:\\\/\\\/dpress.ma\\\/fr\\\/2026\\\/04\\\/09\\\/indh-a-el-kelaa-des-sraghna-plus-de-600-beneficiaires-dune-caravane-medicale-de-la-chirurgie-de-la-cataracte\\\/#breadcrumb\"},\"inLanguage\":\"fr-FR\",\"potentialAction\":[{\"@type\":\"ReadAction\",\"target\":[\"https:\\\/\\\/dpress.ma\\\/fr\\\/2026\\\/04\\\/09\\\/indh-a-el-kelaa-des-sraghna-plus-de-600-beneficiaires-dune-caravane-medicale-de-la-chirurgie-de-la-cataracte\\\/\"]}]},{\"@type\":\"ImageObject\",\"inLanguage\":\"fr-FR\",\"@id\":\"https:\\\/\\\/dpress.ma\\\/fr\\\/2026\\\/04\\\/09\\\/indh-a-el-kelaa-des-sraghna-plus-de-600-beneficiaires-dune-caravane-medicale-de-la-chirurgie-de-la-cataracte\\\/#primaryimage\",\"url\":\"https:\\\/\\\/dpress.ma\\\/fr\\\/wp-content\\\/uploads\\\/sites\\\/2\\\/2026\\\/04\\\/20-2.jpg\",\"contentUrl\":\"https:\\\/\\\/dpress.ma\\\/fr\\\/wp-content\\\/uploads\\\/sites\\\/2\\\/2026\\\/04\\\/20-2.jpg\",\"width\":2539,\"height\":1594},{\"@type\":\"BreadcrumbList\",\"@id\":\"https:\\\/\\\/dpress.ma\\\/fr\\\/2026\\\/04\\\/09\\\/indh-a-el-kelaa-des-sraghna-plus-de-600-beneficiaires-dune-caravane-medicale-de-la-chirurgie-de-la-cataracte\\\/#breadcrumb\",\"itemListElement\":[{\"@type\":\"ListItem\",\"position\":1,\"name\":\"Home\",\"item\":\"https:\\\/\\\/dpress.ma\\\/fr\\\/\"},{\"@type\":\"ListItem\",\"position\":2,\"name\":\"INDH \u00e0 El Kela\u00e2 des Sraghna : Plus de 600 b\u00e9n\u00e9ficiaires d\u2019une caravane m\u00e9dicale de la chirurgie de la cataracte\"}]},{\"@type\":\"WebSite\",\"@id\":\"https:\\\/\\\/dpress.ma\\\/fr\\\/#website\",\"url\":\"https:\\\/\\\/dpress.ma\\\/fr\\\/\",\"name\":\"Dpress.ma\\\/fr\",\"description\":\"\",\"potentialAction\":[{\"@type\":\"SearchAction\",\"target\":{\"@type\":\"EntryPoint\",\"urlTemplate\":\"https:\\\/\\\/dpress.ma\\\/fr\\\/?s={search_term_string}\"},\"query-input\":{\"@type\":\"PropertyValueSpecification\",\"valueRequired\":true,\"valueName\":\"search_term_string\"}}],\"inLanguage\":\"fr-FR\"},{\"@type\":\"Person\",\"@id\":\"https:\\\/\\\/dpress.ma\\\/fr\\\/#\\\/schema\\\/person\\\/4898febf3ccd59e6578d838656a306a0\",\"name\":\"Dpress.ma\",\"image\":{\"@type\":\"ImageObject\",\"inLanguage\":\"fr-FR\",\"@id\":\"https:\\\/\\\/secure.gravatar.com\\\/avatar\\\/72ecc30e9db047a2e0e7176561eb9d564ed77c8108376495b19bd8336405198a?s=96&d=mm&r=g\",\"url\":\"https:\\\/\\\/secure.gravatar.com\\\/avatar\\\/72ecc30e9db047a2e0e7176561eb9d564ed77c8108376495b19bd8336405198a?s=96&d=mm&r=g\",\"contentUrl\":\"https:\\\/\\\/secure.gravatar.com\\\/avatar\\\/72ecc30e9db047a2e0e7176561eb9d564ed77c8108376495b19bd8336405198a?s=96&d=mm&r=g\",\"caption\":\"Dpress.ma\"},\"sameAs\":[\"https:\\\/\\\/www.dpress.ma\"],\"url\":\"https:\\\/\\\/dpress.ma\\\/fr\\\/author\\\/dpress-ma\\\/\"}]}<\/script>\n<!-- \/ Yoast SEO plugin. -->","yoast_head_json":{"title":"INDH \u00e0 El Kela\u00e2 des Sraghna : Plus de 600 b\u00e9n\u00e9ficiaires d\u2019une caravane m\u00e9dicale de la chirurgie de la cataracte - Dpress.ma\/fr","robots":{"index":"index","follow":"follow","max-snippet":"max-snippet:-1","max-image-preview":"max-image-preview:large","max-video-preview":"max-video-preview:-1"},"canonical":"https:\/\/dpress.ma\/fr\/2026\/04\/09\/indh-a-el-kelaa-des-sraghna-plus-de-600-beneficiaires-dune-caravane-medicale-de-la-chirurgie-de-la-cataracte\/","og_locale":"fr_FR","og_type":"article","og_title":"INDH \u00e0 El Kela\u00e2 des Sraghna : Plus de 600 b\u00e9n\u00e9ficiaires d\u2019une caravane m\u00e9dicale de la chirurgie de la cataracte - Dpress.ma\/fr","og_description":"Dpress Plus de 600 personnes issues de la province d\u2019El Kela\u00e2 des Sraghna b\u00e9n\u00e9ficient d\u2019une caravane m\u00e9dicale de la chirurgie de la cataracte, organis\u00e9e du 4 au 17 avril courant \u00e0 l\u2019h\u00f4pital provincial \u201cSAR la Princesse Lalla Khadija\u201d \u00e0 la ville de Tamellalt. Organis\u00e9e par le Comit\u00e9 provincial du d\u00e9veloppement humain (CPDH), en partenariat avec &hellip;","og_url":"https:\/\/dpress.ma\/fr\/2026\/04\/09\/indh-a-el-kelaa-des-sraghna-plus-de-600-beneficiaires-dune-caravane-medicale-de-la-chirurgie-de-la-cataracte\/","og_site_name":"Dpress.ma\/fr","article_published_time":"2026-04-09T15:16:21+00:00","article_modified_time":"2026-04-09T15:16:23+00:00","og_image":[{"width":2539,"height":1594,"url":"https:\/\/dpress.ma\/fr\/wp-content\/uploads\/sites\/2\/2026\/04\/20-2.jpg","type":"image\/jpeg"}],"author":"Dpress.ma","twitter_card":"summary_large_image","twitter_misc":{"\u00c9crit par":"Dpress.ma","Dur\u00e9e de lecture estim\u00e9e":"3 minutes"},"schema":{"@context":"https:\/\/schema.org","@graph":[{"@type":"Article","@id":"https:\/\/dpress.ma\/fr\/2026\/04\/09\/indh-a-el-kelaa-des-sraghna-plus-de-600-beneficiaires-dune-caravane-medicale-de-la-chirurgie-de-la-cataracte\/#article","isPartOf":{"@id":"https:\/\/dpress.ma\/fr\/2026\/04\/09\/indh-a-el-kelaa-des-sraghna-plus-de-600-beneficiaires-dune-caravane-medicale-de-la-chirurgie-de-la-cataracte\/"},"author":{"name":"Dpress.ma","@id":"https:\/\/dpress.ma\/fr\/#\/schema\/person\/4898febf3ccd59e6578d838656a306a0"},"headline":"INDH \u00e0 El Kela\u00e2 des Sraghna : Plus de 600 b\u00e9n\u00e9ficiaires d\u2019une caravane m\u00e9dicale de la chirurgie de la cataracte","datePublished":"2026-04-09T15:16:21+00:00","dateModified":"2026-04-09T15:16:23+00:00","mainEntityOfPage":{"@id":"https:\/\/dpress.ma\/fr\/2026\/04\/09\/indh-a-el-kelaa-des-sraghna-plus-de-600-beneficiaires-dune-caravane-medicale-de-la-chirurgie-de-la-cataracte\/"},"wordCount":460,"commentCount":0,"image":{"@id":"https:\/\/dpress.ma\/fr\/2026\/04\/09\/indh-a-el-kelaa-des-sraghna-plus-de-600-beneficiaires-dune-caravane-medicale-de-la-chirurgie-de-la-cataracte\/#primaryimage"},"thumbnailUrl":"https:\/\/dpress.ma\/fr\/wp-content\/uploads\/sites\/2\/2026\/04\/20-2.jpg","articleSection":["societe et regions"],"inLanguage":"fr-FR","potentialAction":[{"@type":"CommentAction","name":"Comment","target":["https:\/\/dpress.ma\/fr\/2026\/04\/09\/indh-a-el-kelaa-des-sraghna-plus-de-600-beneficiaires-dune-caravane-medicale-de-la-chirurgie-de-la-cataracte\/#respond"]}]},{"@type":"WebPage","@id":"https:\/\/dpress.ma\/fr\/2026\/04\/09\/indh-a-el-kelaa-des-sraghna-plus-de-600-beneficiaires-dune-caravane-medicale-de-la-chirurgie-de-la-cataracte\/","url":"https:\/\/dpress.ma\/fr\/2026\/04\/09\/indh-a-el-kelaa-des-sraghna-plus-de-600-beneficiaires-dune-caravane-medicale-de-la-chirurgie-de-la-cataracte\/","name":"INDH \u00e0 El Kela\u00e2 des Sraghna : Plus de 600 b\u00e9n\u00e9ficiaires d\u2019une caravane m\u00e9dicale de la chirurgie de la cataracte - Dpress.ma\/fr","isPartOf":{"@id":"https:\/\/dpress.ma\/fr\/#website"},"primaryImageOfPage":{"@id":"https:\/\/dpress.ma\/fr\/2026\/04\/09\/indh-a-el-kelaa-des-sraghna-plus-de-600-beneficiaires-dune-caravane-medicale-de-la-chirurgie-de-la-cataracte\/#primaryimage"},"image":{"@id":"https:\/\/dpress.ma\/fr\/2026\/04\/09\/indh-a-el-kelaa-des-sraghna-plus-de-600-beneficiaires-dune-caravane-medicale-de-la-chirurgie-de-la-cataracte\/#primaryimage"},"thumbnailUrl":"https:\/\/dpress.ma\/fr\/wp-content\/uploads\/sites\/2\/2026\/04\/20-2.jpg","datePublished":"2026-04-09T15:16:21+00:00","dateModified":"2026-04-09T15:16:23+00:00","author":{"@id":"https:\/\/dpress.ma\/fr\/#\/schema\/person\/4898febf3ccd59e6578d838656a306a0"},"breadcrumb":{"@id":"https:\/\/dpress.ma\/fr\/2026\/04\/09\/indh-a-el-kelaa-des-sraghna-plus-de-600-beneficiaires-dune-caravane-medicale-de-la-chirurgie-de-la-cataracte\/#breadcrumb"},"inLanguage":"fr-FR","potentialAction":[{"@type":"ReadAction","target":["https:\/\/dpress.ma\/fr\/2026\/04\/09\/indh-a-el-kelaa-des-sraghna-plus-de-600-beneficiaires-dune-caravane-medicale-de-la-chirurgie-de-la-cataracte\/"]}]},{"@type":"ImageObject","inLanguage":"fr-FR","@id":"https:\/\/dpress.ma\/fr\/2026\/04\/09\/indh-a-el-kelaa-des-sraghna-plus-de-600-beneficiaires-dune-caravane-medicale-de-la-chirurgie-de-la-cataracte\/#primaryimage","url":"https:\/\/dpress.ma\/fr\/wp-content\/uploads\/sites\/2\/2026\/04\/20-2.jpg","contentUrl":"https:\/\/dpress.ma\/fr\/wp-content\/uploads\/sites\/2\/2026\/04\/20-2.jpg","width":2539,"height":1594},{"@type":"BreadcrumbList","@id":"https:\/\/dpress.ma\/fr\/2026\/04\/09\/indh-a-el-kelaa-des-sraghna-plus-de-600-beneficiaires-dune-caravane-medicale-de-la-chirurgie-de-la-cataracte\/#breadcrumb","itemListElement":[{"@type":"ListItem","position":1,"name":"Home","item":"https:\/\/dpress.ma\/fr\/"},{"@type":"ListItem","position":2,"name":"INDH \u00e0 El Kela\u00e2 des Sraghna : Plus de 600 b\u00e9n\u00e9ficiaires d\u2019une caravane m\u00e9dicale de la chirurgie de la cataracte"}]},{"@type":"WebSite","@id":"https:\/\/dpress.ma\/fr\/#website","url":"https:\/\/dpress.ma\/fr\/","name":"Dpress.ma\/fr","description":"","potentialAction":[{"@type":"SearchAction","target":{"@type":"EntryPoint","urlTemplate":"https:\/\/dpress.ma\/fr\/?s={search_term_string}"},"query-input":{"@type":"PropertyValueSpecification","valueRequired":true,"valueName":"search_term_string"}}],"inLanguage":"fr-FR"},{"@type":"Person","@id":"https:\/\/dpress.ma\/fr\/#\/schema\/person\/4898febf3ccd59e6578d838656a306a0","name":"Dpress.ma","image":{"@type":"ImageObject","inLanguage":"fr-FR","@id":"https:\/\/secure.gravatar.com\/avatar\/72ecc30e9db047a2e0e7176561eb9d564ed77c8108376495b19bd8336405198a?s=96&d=mm&r=g","url":"https:\/\/secure.gravatar.com\/avatar\/72ecc30e9db047a2e0e7176561eb9d564ed77c8108376495b19bd8336405198a?s=96&d=mm&r=g","contentUrl":"https:\/\/secure.gravatar.com\/avatar\/72ecc30e9db047a2e0e7176561eb9d564ed77c8108376495b19bd8336405198a?s=96&d=mm&r=g","caption":"Dpress.ma"},"sameAs":["https:\/\/www.dpress.ma"],"url":"https:\/\/dpress.ma\/fr\/author\/dpress-ma\/"}]}},"amp_enabled":true,"_links":{"self":[{"href":"https:\/\/dpress.ma\/fr\/wp-json\/wp\/v2\/posts\/28026","targetHints":{"allow":["GET"]}}],"collection":[{"href":"https:\/\/dpress.ma\/fr\/wp-json\/wp\/v2\/posts"}],"about":[{"href":"https:\/\/dpress.ma\/fr\/wp-json\/wp\/v2\/types\/post"}],"author":[{"embeddable":true,"href":"https:\/\/dpress.ma\/fr\/wp-json\/wp\/v2\/users\/2"}],"replies":[{"embeddable":true,"href":"https:\/\/dpress.ma\/fr\/wp-json\/wp\/v2\/comments?post=28026"}],"version-history":[{"count":1,"href":"https:\/\/dpress.ma\/fr\/wp-json\/wp\/v2\/posts\/28026\/revisions"}],"predecessor-version":[{"id":28028,"href":"https:\/\/dpress.ma\/fr\/wp-json\/wp\/v2\/posts\/28026\/revisions\/28028"}],"wp:featuredmedia":[{"embeddable":true,"href":"https:\/\/dpress.ma\/fr\/wp-json\/wp\/v2\/media\/28027"}],"wp:attachment":[{"href":"https:\/\/dpress.ma\/fr\/wp-json\/wp\/v2\/media?parent=28026"}],"wp:term":[{"taxonomy":"category","embeddable":true,"href":"https:\/\/dpress.ma\/fr\/wp-json\/wp\/v2\/categories?post=28026"},{"taxonomy":"post_tag","embeddable":true,"href":"https:\/\/dpress.ma\/fr\/wp-json\/wp\/v2\/tags?post=28026"}],"curies":[{"name":"wp","href":"https:\/\/api.w.org\/{rel}","templated":true}]}}