{"id":28023,"date":"2026-04-09T15:15:01","date_gmt":"2026-04-09T15:15:01","guid":{"rendered":"https:\/\/dpress.ma\/fr\/?p=28023"},"modified":"2026-04-09T15:15:03","modified_gmt":"2026-04-09T15:15:03","slug":"tetouan-les-journees-de-la-recherche-scientifique-mettent-en-avant-limportance-de-linnovation","status":"publish","type":"post","link":"https:\/\/dpress.ma\/fr\/2026\/04\/09\/tetouan-les-journees-de-la-recherche-scientifique-mettent-en-avant-limportance-de-linnovation\/","title":{"rendered":"T\u00e9touan: Les Journ\u00e9es de la recherche scientifique mettent en avant l\u2019importance de l\u2019innovation"},"content":{"rendered":"\n<p>Dpress<\/p>\n\n\n\n<p>La 25\u00e8me \u00e9dition des Journ\u00e9es de la recherche scientifique de l\u2019Universit\u00e9 Abdelmalek Essa\u00e2di s\u2019est tenue, les 7 et 8 avril \u00e0 T\u00e9touan, sous le th\u00e8me \u201cLa recherche et l\u2019innovation au service de la diplomatie scientifique\u201d.<\/p>\n\n\n\n<p>Cette manifestation acad\u00e9mique, voulue comme un espace ouvert d\u2019\u00e9change d\u2019expertises et de renforcement de la coop\u00e9ration entre les diff\u00e9rents acteurs du syst\u00e8me de recherche scientifique, tend \u00e0 promouvoir le rayonnement de l\u2019universit\u00e9 aux niveaux national et international, tout en consolidant le concept de \u201cdiplomatie scientifique\u201d en tant que passerelle de communication entre cultures et savoirs.<\/p>\n\n\n\n<p>Selon ses initiateurs, cet \u00e9v\u00e9nement scientifique pluridisciplinaire se veut une plateforme de rencontre pour chercheurs, universitaires, \u00e9tudiants et partenaires issus de divers horizons acad\u00e9miques et \u00e9conomiques, qui offre l\u2019occasion de d\u00e9battre des avanc\u00e9es scientifiques r\u00e9centes et des d\u00e9fis futurs, tout en mettant en avant les r\u00e9sultats des travaux de recherche r\u00e9alis\u00e9s par les doctorants et les jeunes chercheurs, contribuant ainsi \u00e0 stimuler l\u2019innovation et les \u00e9changes scientifiques.<\/p>\n\n\n\n<p>Le programme de ces journ\u00e9es a vu la tenue de sessions scientifiques et d\u2019ateliers th\u00e9matiques pluridisciplinaires, abordant des questions majeures telles que \u201cla diplomatie scientifique et ses perspectives \u00e0 l\u2019\u00e8re des mutations technologiques\u201d, \u201cl\u2019intelligence artificielle et le transfert de connaissances\u201d, \u201cles sciences de l\u2019ing\u00e9nieur et les technologies modernes\u201d, \u201cles sciences de la sant\u00e9 et les innovations m\u00e9dicales\u201d, \u201cles sciences juridiques, \u00e9conomiques et sociales\u201d, ainsi que \u201cles humanit\u00e9s et leur r\u00f4le dans la construction de la soci\u00e9t\u00e9 du savoir\u201d.<\/p>\n\n\n\n<p>Dans ce sens, le pr\u00e9sident de l\u2019Universit\u00e9 Abdelmalek Essa\u00e2di, Bouchta El Moumni, a soulign\u00e9, dans une d\u00e9claration \u00e0 la MAP, que cette 25\u00e8 \u00e9dition se caract\u00e9rise par la pr\u00e9sentation de plus de 500 communications et conf\u00e9rences couvrant diverses disciplines acad\u00e9miques et scientifiques.<\/p>\n\n\n\n<p>La sp\u00e9cificit\u00e9 de cette \u00e9dition r\u00e9side \u00e9galement dans le choix du th\u00e8me de la \u201cdiplomatie scientifique\u201d, en ad\u00e9quation avec les Hautes Orientations Royales visant \u00e0 renforcer l\u2019ouverture du Royaume sur son environnement, notamment africain, et \u00e0 mettre la recherche scientifique au service des priorit\u00e9s et des enjeux nationaux, a-t-il expliqu\u00e9.<\/p>\n\n\n\n<p>Pour sa part, la vice-pr\u00e9sidente de l\u2019universit\u00e9 charg\u00e9e de la recherche scientifique, Hind Cherkaoui Dekkaki, a indiqu\u00e9 que cette \u00e9dition, \u00e0 faible empreinte carbone, s\u2019inscrit dans le cadre de la responsabilit\u00e9 sociale de l\u2019universit\u00e9, refl\u00e9tant son ancrage territorial, son ouverture internationale et son engagement en faveur des objectifs de d\u00e9veloppement durable.<\/p>\n\n\n\n<p>De son cot\u00e9, le doyen de la Facult\u00e9 des sciences de T\u00e9touan, Mostafa Stitou, a affirm\u00e9 que la \u201cdiplomatie scientifique\u201d constitue un levier essentiel pour faire face aux d\u00e9fis mondiaux, notamment en mati\u00e8re de changements climatiques, de s\u00e9curit\u00e9 alimentaire, de sant\u00e9, de transition \u00e9nerg\u00e9tique et d\u2019intelligence artificielle.<\/p>\n\n\n\n<p>A travers la coop\u00e9ration scientifique, l\u2019\u00e9change d\u2019expertises et le lancement de projets de recherche conjoints, a-t-il poursuivi, l\u2019Universit\u00e9 Abdelmalek Essa\u00e2di joue un r\u00f4le central dans le renforcement du dialogue scientifique entre les pays.<\/p>\n\n\n\n<p>Quant \u00e0 Ahmed Ibrahim, diplomate de l\u2019Union des Comores participant \u00e0 une formation encadr\u00e9e par l\u2019universit\u00e9, il a salu\u00e9 les relations de coop\u00e9ration entre son pays et le Maroc dans les domaines politique, diplomatique, scientifique et acad\u00e9mique.<\/p>\n\n\n\n<p>Les Journ\u00e9es de la recherche scientifique s\u2019inscrivent dans la dynamique continue que conna\u00eet l\u2019Universit\u00e9 Abdelmalek Essa\u00e2di pour consolider sa position en tant qu\u2019acteur acad\u00e9mique de premier plan dans la production du savoir, le soutien \u00e0 l\u2019innovation et l\u2019ouverture sur son environnement national et international, contribuant ainsi \u00e0 faire de la recherche scientifique un levier de d\u00e9veloppement durable et un outil de promotion du dialogue et de la coop\u00e9ration entre les nations.<\/p>\n","protected":false},"excerpt":{"rendered":"<p>Dpress La 25\u00e8me \u00e9dition des Journ\u00e9es de la recherche scientifique de l\u2019Universit\u00e9 Abdelmalek Essa\u00e2di s\u2019est tenue, les 7 et 8 avril \u00e0 T\u00e9touan, sous le th\u00e8me \u201cLa recherche et l\u2019innovation au service de la diplomatie scientifique\u201d. Cette manifestation acad\u00e9mique, voulue comme un espace ouvert d\u2019\u00e9change d\u2019expertises et de renforcement de la coop\u00e9ration entre les diff\u00e9rents &hellip;<\/p>\n","protected":false},"author":2,"featured_media":28024,"comment_status":"open","ping_status":"open","sticky":false,"template":"","format":"standard","meta":{"footnotes":""},"categories":[40],"tags":[],"class_list":["post-28023","post","type-post","status-publish","format-standard","has-post-thumbnail","hentry","category-societe-et-regions"],"yoast_head":"<!-- This site is optimized with the Yoast SEO plugin v27.5 - https:\/\/yoast.com\/product\/yoast-seo-wordpress\/ -->\n<title>T\u00e9touan: Les Journ\u00e9es de la recherche scientifique mettent en avant l\u2019importance de l\u2019innovation - Dpress.ma\/fr<\/title>\n<meta name=\"robots\" content=\"index, follow, max-snippet:-1, max-image-preview:large, max-video-preview:-1\" \/>\n<link rel=\"canonical\" href=\"https:\/\/dpress.ma\/fr\/2026\/04\/09\/tetouan-les-journees-de-la-recherche-scientifique-mettent-en-avant-limportance-de-linnovation\/\" \/>\n<meta property=\"og:locale\" content=\"fr_FR\" \/>\n<meta property=\"og:type\" content=\"article\" \/>\n<meta property=\"og:title\" content=\"T\u00e9touan: Les Journ\u00e9es de la recherche scientifique mettent en avant l\u2019importance de l\u2019innovation - Dpress.ma\/fr\" \/>\n<meta property=\"og:description\" content=\"Dpress La 25\u00e8me \u00e9dition des Journ\u00e9es de la recherche scientifique de l\u2019Universit\u00e9 Abdelmalek Essa\u00e2di s\u2019est tenue, les 7 et 8 avril \u00e0 T\u00e9touan, sous le th\u00e8me \u201cLa recherche et l\u2019innovation au service de la diplomatie scientifique\u201d. Cette manifestation acad\u00e9mique, voulue comme un espace ouvert d\u2019\u00e9change d\u2019expertises et de renforcement de la coop\u00e9ration entre les diff\u00e9rents &hellip;\" \/>\n<meta property=\"og:url\" content=\"https:\/\/dpress.ma\/fr\/2026\/04\/09\/tetouan-les-journees-de-la-recherche-scientifique-mettent-en-avant-limportance-de-linnovation\/\" \/>\n<meta property=\"og:site_name\" content=\"Dpress.ma\/fr\" \/>\n<meta property=\"article:published_time\" content=\"2026-04-09T15:15:01+00:00\" \/>\n<meta property=\"article:modified_time\" content=\"2026-04-09T15:15:03+00:00\" \/>\n<meta property=\"og:image\" content=\"https:\/\/dpress.ma\/fr\/wp-content\/uploads\/sites\/2\/2026\/04\/19-3.jpg\" \/>\n\t<meta property=\"og:image:width\" content=\"2539\" \/>\n\t<meta property=\"og:image:height\" content=\"1594\" \/>\n\t<meta property=\"og:image:type\" content=\"image\/jpeg\" \/>\n<meta name=\"author\" content=\"Dpress.ma\" \/>\n<meta name=\"twitter:card\" content=\"summary_large_image\" \/>\n<meta name=\"twitter:label1\" content=\"\u00c9crit par\" \/>\n\t<meta name=\"twitter:data1\" content=\"Dpress.ma\" \/>\n\t<meta name=\"twitter:label2\" content=\"Dur\u00e9e de lecture estim\u00e9e\" \/>\n\t<meta name=\"twitter:data2\" content=\"4 minutes\" \/>\n<script type=\"application\/ld+json\" class=\"yoast-schema-graph\">{\"@context\":\"https:\\\/\\\/schema.org\",\"@graph\":[{\"@type\":\"Article\",\"@id\":\"https:\\\/\\\/dpress.ma\\\/fr\\\/2026\\\/04\\\/09\\\/tetouan-les-journees-de-la-recherche-scientifique-mettent-en-avant-limportance-de-linnovation\\\/#article\",\"isPartOf\":{\"@id\":\"https:\\\/\\\/dpress.ma\\\/fr\\\/2026\\\/04\\\/09\\\/tetouan-les-journees-de-la-recherche-scientifique-mettent-en-avant-limportance-de-linnovation\\\/\"},\"author\":{\"name\":\"Dpress.ma\",\"@id\":\"https:\\\/\\\/dpress.ma\\\/fr\\\/#\\\/schema\\\/person\\\/4898febf3ccd59e6578d838656a306a0\"},\"headline\":\"T\u00e9touan: Les Journ\u00e9es de la recherche scientifique mettent en avant l\u2019importance de l\u2019innovation\",\"datePublished\":\"2026-04-09T15:15:01+00:00\",\"dateModified\":\"2026-04-09T15:15:03+00:00\",\"mainEntityOfPage\":{\"@id\":\"https:\\\/\\\/dpress.ma\\\/fr\\\/2026\\\/04\\\/09\\\/tetouan-les-journees-de-la-recherche-scientifique-mettent-en-avant-limportance-de-linnovation\\\/\"},\"wordCount\":653,\"commentCount\":0,\"image\":{\"@id\":\"https:\\\/\\\/dpress.ma\\\/fr\\\/2026\\\/04\\\/09\\\/tetouan-les-journees-de-la-recherche-scientifique-mettent-en-avant-limportance-de-linnovation\\\/#primaryimage\"},\"thumbnailUrl\":\"https:\\\/\\\/dpress.ma\\\/fr\\\/wp-content\\\/uploads\\\/sites\\\/2\\\/2026\\\/04\\\/19-3.jpg\",\"articleSection\":[\"societe et regions\"],\"inLanguage\":\"fr-FR\",\"potentialAction\":[{\"@type\":\"CommentAction\",\"name\":\"Comment\",\"target\":[\"https:\\\/\\\/dpress.ma\\\/fr\\\/2026\\\/04\\\/09\\\/tetouan-les-journees-de-la-recherche-scientifique-mettent-en-avant-limportance-de-linnovation\\\/#respond\"]}]},{\"@type\":\"WebPage\",\"@id\":\"https:\\\/\\\/dpress.ma\\\/fr\\\/2026\\\/04\\\/09\\\/tetouan-les-journees-de-la-recherche-scientifique-mettent-en-avant-limportance-de-linnovation\\\/\",\"url\":\"https:\\\/\\\/dpress.ma\\\/fr\\\/2026\\\/04\\\/09\\\/tetouan-les-journees-de-la-recherche-scientifique-mettent-en-avant-limportance-de-linnovation\\\/\",\"name\":\"T\u00e9touan: Les Journ\u00e9es de la recherche scientifique mettent en avant l\u2019importance de l\u2019innovation - Dpress.ma\\\/fr\",\"isPartOf\":{\"@id\":\"https:\\\/\\\/dpress.ma\\\/fr\\\/#website\"},\"primaryImageOfPage\":{\"@id\":\"https:\\\/\\\/dpress.ma\\\/fr\\\/2026\\\/04\\\/09\\\/tetouan-les-journees-de-la-recherche-scientifique-mettent-en-avant-limportance-de-linnovation\\\/#primaryimage\"},\"image\":{\"@id\":\"https:\\\/\\\/dpress.ma\\\/fr\\\/2026\\\/04\\\/09\\\/tetouan-les-journees-de-la-recherche-scientifique-mettent-en-avant-limportance-de-linnovation\\\/#primaryimage\"},\"thumbnailUrl\":\"https:\\\/\\\/dpress.ma\\\/fr\\\/wp-content\\\/uploads\\\/sites\\\/2\\\/2026\\\/04\\\/19-3.jpg\",\"datePublished\":\"2026-04-09T15:15:01+00:00\",\"dateModified\":\"2026-04-09T15:15:03+00:00\",\"author\":{\"@id\":\"https:\\\/\\\/dpress.ma\\\/fr\\\/#\\\/schema\\\/person\\\/4898febf3ccd59e6578d838656a306a0\"},\"breadcrumb\":{\"@id\":\"https:\\\/\\\/dpress.ma\\\/fr\\\/2026\\\/04\\\/09\\\/tetouan-les-journees-de-la-recherche-scientifique-mettent-en-avant-limportance-de-linnovation\\\/#breadcrumb\"},\"inLanguage\":\"fr-FR\",\"potentialAction\":[{\"@type\":\"ReadAction\",\"target\":[\"https:\\\/\\\/dpress.ma\\\/fr\\\/2026\\\/04\\\/09\\\/tetouan-les-journees-de-la-recherche-scientifique-mettent-en-avant-limportance-de-linnovation\\\/\"]}]},{\"@type\":\"ImageObject\",\"inLanguage\":\"fr-FR\",\"@id\":\"https:\\\/\\\/dpress.ma\\\/fr\\\/2026\\\/04\\\/09\\\/tetouan-les-journees-de-la-recherche-scientifique-mettent-en-avant-limportance-de-linnovation\\\/#primaryimage\",\"url\":\"https:\\\/\\\/dpress.ma\\\/fr\\\/wp-content\\\/uploads\\\/sites\\\/2\\\/2026\\\/04\\\/19-3.jpg\",\"contentUrl\":\"https:\\\/\\\/dpress.ma\\\/fr\\\/wp-content\\\/uploads\\\/sites\\\/2\\\/2026\\\/04\\\/19-3.jpg\",\"width\":2539,\"height\":1594},{\"@type\":\"BreadcrumbList\",\"@id\":\"https:\\\/\\\/dpress.ma\\\/fr\\\/2026\\\/04\\\/09\\\/tetouan-les-journees-de-la-recherche-scientifique-mettent-en-avant-limportance-de-linnovation\\\/#breadcrumb\",\"itemListElement\":[{\"@type\":\"ListItem\",\"position\":1,\"name\":\"Home\",\"item\":\"https:\\\/\\\/dpress.ma\\\/fr\\\/\"},{\"@type\":\"ListItem\",\"position\":2,\"name\":\"T\u00e9touan: Les Journ\u00e9es de la recherche scientifique mettent en avant l\u2019importance de l\u2019innovation\"}]},{\"@type\":\"WebSite\",\"@id\":\"https:\\\/\\\/dpress.ma\\\/fr\\\/#website\",\"url\":\"https:\\\/\\\/dpress.ma\\\/fr\\\/\",\"name\":\"Dpress.ma\\\/fr\",\"description\":\"\",\"potentialAction\":[{\"@type\":\"SearchAction\",\"target\":{\"@type\":\"EntryPoint\",\"urlTemplate\":\"https:\\\/\\\/dpress.ma\\\/fr\\\/?s={search_term_string}\"},\"query-input\":{\"@type\":\"PropertyValueSpecification\",\"valueRequired\":true,\"valueName\":\"search_term_string\"}}],\"inLanguage\":\"fr-FR\"},{\"@type\":\"Person\",\"@id\":\"https:\\\/\\\/dpress.ma\\\/fr\\\/#\\\/schema\\\/person\\\/4898febf3ccd59e6578d838656a306a0\",\"name\":\"Dpress.ma\",\"image\":{\"@type\":\"ImageObject\",\"inLanguage\":\"fr-FR\",\"@id\":\"https:\\\/\\\/secure.gravatar.com\\\/avatar\\\/72ecc30e9db047a2e0e7176561eb9d564ed77c8108376495b19bd8336405198a?s=96&d=mm&r=g\",\"url\":\"https:\\\/\\\/secure.gravatar.com\\\/avatar\\\/72ecc30e9db047a2e0e7176561eb9d564ed77c8108376495b19bd8336405198a?s=96&d=mm&r=g\",\"contentUrl\":\"https:\\\/\\\/secure.gravatar.com\\\/avatar\\\/72ecc30e9db047a2e0e7176561eb9d564ed77c8108376495b19bd8336405198a?s=96&d=mm&r=g\",\"caption\":\"Dpress.ma\"},\"sameAs\":[\"https:\\\/\\\/www.dpress.ma\"],\"url\":\"https:\\\/\\\/dpress.ma\\\/fr\\\/author\\\/dpress-ma\\\/\"}]}<\/script>\n<!-- \/ Yoast SEO plugin. -->","yoast_head_json":{"title":"T\u00e9touan: Les Journ\u00e9es de la recherche scientifique mettent en avant l\u2019importance de l\u2019innovation - Dpress.ma\/fr","robots":{"index":"index","follow":"follow","max-snippet":"max-snippet:-1","max-image-preview":"max-image-preview:large","max-video-preview":"max-video-preview:-1"},"canonical":"https:\/\/dpress.ma\/fr\/2026\/04\/09\/tetouan-les-journees-de-la-recherche-scientifique-mettent-en-avant-limportance-de-linnovation\/","og_locale":"fr_FR","og_type":"article","og_title":"T\u00e9touan: Les Journ\u00e9es de la recherche scientifique mettent en avant l\u2019importance de l\u2019innovation - Dpress.ma\/fr","og_description":"Dpress La 25\u00e8me \u00e9dition des Journ\u00e9es de la recherche scientifique de l\u2019Universit\u00e9 Abdelmalek Essa\u00e2di s\u2019est tenue, les 7 et 8 avril \u00e0 T\u00e9touan, sous le th\u00e8me \u201cLa recherche et l\u2019innovation au service de la diplomatie scientifique\u201d. Cette manifestation acad\u00e9mique, voulue comme un espace ouvert d\u2019\u00e9change d\u2019expertises et de renforcement de la coop\u00e9ration entre les diff\u00e9rents &hellip;","og_url":"https:\/\/dpress.ma\/fr\/2026\/04\/09\/tetouan-les-journees-de-la-recherche-scientifique-mettent-en-avant-limportance-de-linnovation\/","og_site_name":"Dpress.ma\/fr","article_published_time":"2026-04-09T15:15:01+00:00","article_modified_time":"2026-04-09T15:15:03+00:00","og_image":[{"width":2539,"height":1594,"url":"https:\/\/dpress.ma\/fr\/wp-content\/uploads\/sites\/2\/2026\/04\/19-3.jpg","type":"image\/jpeg"}],"author":"Dpress.ma","twitter_card":"summary_large_image","twitter_misc":{"\u00c9crit par":"Dpress.ma","Dur\u00e9e de lecture estim\u00e9e":"4 minutes"},"schema":{"@context":"https:\/\/schema.org","@graph":[{"@type":"Article","@id":"https:\/\/dpress.ma\/fr\/2026\/04\/09\/tetouan-les-journees-de-la-recherche-scientifique-mettent-en-avant-limportance-de-linnovation\/#article","isPartOf":{"@id":"https:\/\/dpress.ma\/fr\/2026\/04\/09\/tetouan-les-journees-de-la-recherche-scientifique-mettent-en-avant-limportance-de-linnovation\/"},"author":{"name":"Dpress.ma","@id":"https:\/\/dpress.ma\/fr\/#\/schema\/person\/4898febf3ccd59e6578d838656a306a0"},"headline":"T\u00e9touan: Les Journ\u00e9es de la recherche scientifique mettent en avant l\u2019importance de l\u2019innovation","datePublished":"2026-04-09T15:15:01+00:00","dateModified":"2026-04-09T15:15:03+00:00","mainEntityOfPage":{"@id":"https:\/\/dpress.ma\/fr\/2026\/04\/09\/tetouan-les-journees-de-la-recherche-scientifique-mettent-en-avant-limportance-de-linnovation\/"},"wordCount":653,"commentCount":0,"image":{"@id":"https:\/\/dpress.ma\/fr\/2026\/04\/09\/tetouan-les-journees-de-la-recherche-scientifique-mettent-en-avant-limportance-de-linnovation\/#primaryimage"},"thumbnailUrl":"https:\/\/dpress.ma\/fr\/wp-content\/uploads\/sites\/2\/2026\/04\/19-3.jpg","articleSection":["societe et regions"],"inLanguage":"fr-FR","potentialAction":[{"@type":"CommentAction","name":"Comment","target":["https:\/\/dpress.ma\/fr\/2026\/04\/09\/tetouan-les-journees-de-la-recherche-scientifique-mettent-en-avant-limportance-de-linnovation\/#respond"]}]},{"@type":"WebPage","@id":"https:\/\/dpress.ma\/fr\/2026\/04\/09\/tetouan-les-journees-de-la-recherche-scientifique-mettent-en-avant-limportance-de-linnovation\/","url":"https:\/\/dpress.ma\/fr\/2026\/04\/09\/tetouan-les-journees-de-la-recherche-scientifique-mettent-en-avant-limportance-de-linnovation\/","name":"T\u00e9touan: Les Journ\u00e9es de la recherche scientifique mettent en avant l\u2019importance de l\u2019innovation - Dpress.ma\/fr","isPartOf":{"@id":"https:\/\/dpress.ma\/fr\/#website"},"primaryImageOfPage":{"@id":"https:\/\/dpress.ma\/fr\/2026\/04\/09\/tetouan-les-journees-de-la-recherche-scientifique-mettent-en-avant-limportance-de-linnovation\/#primaryimage"},"image":{"@id":"https:\/\/dpress.ma\/fr\/2026\/04\/09\/tetouan-les-journees-de-la-recherche-scientifique-mettent-en-avant-limportance-de-linnovation\/#primaryimage"},"thumbnailUrl":"https:\/\/dpress.ma\/fr\/wp-content\/uploads\/sites\/2\/2026\/04\/19-3.jpg","datePublished":"2026-04-09T15:15:01+00:00","dateModified":"2026-04-09T15:15:03+00:00","author":{"@id":"https:\/\/dpress.ma\/fr\/#\/schema\/person\/4898febf3ccd59e6578d838656a306a0"},"breadcrumb":{"@id":"https:\/\/dpress.ma\/fr\/2026\/04\/09\/tetouan-les-journees-de-la-recherche-scientifique-mettent-en-avant-limportance-de-linnovation\/#breadcrumb"},"inLanguage":"fr-FR","potentialAction":[{"@type":"ReadAction","target":["https:\/\/dpress.ma\/fr\/2026\/04\/09\/tetouan-les-journees-de-la-recherche-scientifique-mettent-en-avant-limportance-de-linnovation\/"]}]},{"@type":"ImageObject","inLanguage":"fr-FR","@id":"https:\/\/dpress.ma\/fr\/2026\/04\/09\/tetouan-les-journees-de-la-recherche-scientifique-mettent-en-avant-limportance-de-linnovation\/#primaryimage","url":"https:\/\/dpress.ma\/fr\/wp-content\/uploads\/sites\/2\/2026\/04\/19-3.jpg","contentUrl":"https:\/\/dpress.ma\/fr\/wp-content\/uploads\/sites\/2\/2026\/04\/19-3.jpg","width":2539,"height":1594},{"@type":"BreadcrumbList","@id":"https:\/\/dpress.ma\/fr\/2026\/04\/09\/tetouan-les-journees-de-la-recherche-scientifique-mettent-en-avant-limportance-de-linnovation\/#breadcrumb","itemListElement":[{"@type":"ListItem","position":1,"name":"Home","item":"https:\/\/dpress.ma\/fr\/"},{"@type":"ListItem","position":2,"name":"T\u00e9touan: Les Journ\u00e9es de la recherche scientifique mettent en avant l\u2019importance de l\u2019innovation"}]},{"@type":"WebSite","@id":"https:\/\/dpress.ma\/fr\/#website","url":"https:\/\/dpress.ma\/fr\/","name":"Dpress.ma\/fr","description":"","potentialAction":[{"@type":"SearchAction","target":{"@type":"EntryPoint","urlTemplate":"https:\/\/dpress.ma\/fr\/?s={search_term_string}"},"query-input":{"@type":"PropertyValueSpecification","valueRequired":true,"valueName":"search_term_string"}}],"inLanguage":"fr-FR"},{"@type":"Person","@id":"https:\/\/dpress.ma\/fr\/#\/schema\/person\/4898febf3ccd59e6578d838656a306a0","name":"Dpress.ma","image":{"@type":"ImageObject","inLanguage":"fr-FR","@id":"https:\/\/secure.gravatar.com\/avatar\/72ecc30e9db047a2e0e7176561eb9d564ed77c8108376495b19bd8336405198a?s=96&d=mm&r=g","url":"https:\/\/secure.gravatar.com\/avatar\/72ecc30e9db047a2e0e7176561eb9d564ed77c8108376495b19bd8336405198a?s=96&d=mm&r=g","contentUrl":"https:\/\/secure.gravatar.com\/avatar\/72ecc30e9db047a2e0e7176561eb9d564ed77c8108376495b19bd8336405198a?s=96&d=mm&r=g","caption":"Dpress.ma"},"sameAs":["https:\/\/www.dpress.ma"],"url":"https:\/\/dpress.ma\/fr\/author\/dpress-ma\/"}]}},"amp_enabled":true,"_links":{"self":[{"href":"https:\/\/dpress.ma\/fr\/wp-json\/wp\/v2\/posts\/28023","targetHints":{"allow":["GET"]}}],"collection":[{"href":"https:\/\/dpress.ma\/fr\/wp-json\/wp\/v2\/posts"}],"about":[{"href":"https:\/\/dpress.ma\/fr\/wp-json\/wp\/v2\/types\/post"}],"author":[{"embeddable":true,"href":"https:\/\/dpress.ma\/fr\/wp-json\/wp\/v2\/users\/2"}],"replies":[{"embeddable":true,"href":"https:\/\/dpress.ma\/fr\/wp-json\/wp\/v2\/comments?post=28023"}],"version-history":[{"count":1,"href":"https:\/\/dpress.ma\/fr\/wp-json\/wp\/v2\/posts\/28023\/revisions"}],"predecessor-version":[{"id":28025,"href":"https:\/\/dpress.ma\/fr\/wp-json\/wp\/v2\/posts\/28023\/revisions\/28025"}],"wp:featuredmedia":[{"embeddable":true,"href":"https:\/\/dpress.ma\/fr\/wp-json\/wp\/v2\/media\/28024"}],"wp:attachment":[{"href":"https:\/\/dpress.ma\/fr\/wp-json\/wp\/v2\/media?parent=28023"}],"wp:term":[{"taxonomy":"category","embeddable":true,"href":"https:\/\/dpress.ma\/fr\/wp-json\/wp\/v2\/categories?post=28023"},{"taxonomy":"post_tag","embeddable":true,"href":"https:\/\/dpress.ma\/fr\/wp-json\/wp\/v2\/tags?post=28023"}],"curies":[{"name":"wp","href":"https:\/\/api.w.org\/{rel}","templated":true}]}}