{"id":28018,"date":"2026-04-09T15:12:02","date_gmt":"2026-04-09T15:12:02","guid":{"rendered":"https:\/\/dpress.ma\/fr\/?p=28018"},"modified":"2026-04-09T15:12:04","modified_gmt":"2026-04-09T15:12:04","slug":"le-maroc-et-le-kenya-tiennent-leur-premiere-commission-mixte-de-cooperation-et-signent-onze-accords","status":"publish","type":"post","link":"https:\/\/dpress.ma\/fr\/2026\/04\/09\/le-maroc-et-le-kenya-tiennent-leur-premiere-commission-mixte-de-cooperation-et-signent-onze-accords\/","title":{"rendered":"Le Maroc et le Kenya tiennent leur premi\u00e8re Commission mixte de coop\u00e9ration et signent onze accords"},"content":{"rendered":"\n<p>Dpress<\/p>\n\n\n\n<p>Le ministre des Affaires \u00e9trang\u00e8res, de la Coop\u00e9ration africaine et des Marocains r\u00e9sidant \u00e0 l\u2019\u00e9tranger, M. Nasser Bourita, et le Premier Secr\u00e9taire du Cabinet et Secr\u00e9taire du Cabinet des Affaires \u00e9trang\u00e8res et de la Diaspora de la R\u00e9publique du Kenya, Dr. Musalia Mudavadi, ont pr\u00e9sid\u00e9, jeudi \u00e0 Nairobi, la session minist\u00e9rielle de la Commission mixte de coop\u00e9ration entre les deux pays.<\/p>\n\n\n\n<p>Cette session, qui fait suite \u00e0 la r\u00e9union des hauts fonctionnaires tenue \u00e0 Rabat du 1er au 3 octobre 2025, a \u00e9t\u00e9 marqu\u00e9e par la signature de onze instruments bilat\u00e9raux couvrant l\u2019agriculture, la justice, la sant\u00e9, la p\u00eache maritime et l\u2019aquaculture, l\u2019\u00e9galit\u00e9 des genres et l\u2019autonomisation des femmes, la coop\u00e9ration culturelle, l\u2019enseignement sup\u00e9rieur, les sports, la faune sauvage, l\u2019exemption de visa pour les passeports diplomatiques, de service et officiels, outre un accord-cadre relatif \u00e0 l\u2019octroi de bourses universitaires, de stages et au partage d\u2019expertises.<\/p>\n\n\n\n<p>Ces accords s\u2019ajoutent aux cinq protocoles d\u2019entente paraph\u00e9s en mai 2025 dans les domaines de la formation diplomatique, de l\u2019habitat, de la coop\u00e9ration commerciale, de la jeunesse et du renforcement des capacit\u00e9s de la fonction publique.<\/p>\n\n\n\n<p>Les deux hauts responsables ont adopt\u00e9 les proc\u00e8s-verbaux approuv\u00e9s de la Commission mixte, qui constituent un cadre strat\u00e9gique de coop\u00e9ration, destin\u00e9 \u00e0 guider les relations bilat\u00e9rales dans les secteurs prioritaires, ainsi qu\u2019un m\u00e9canisme de mise en \u0153uvre et de suivi garantissant une ex\u00e9cution coordonn\u00e9e des engagements pris.<\/p>\n\n\n\n<p>En mati\u00e8re de commerce et d\u2019investissement, les deux parties ont soulign\u00e9 la n\u00e9cessit\u00e9 de corriger le d\u00e9s\u00e9quilibre commercial existant, d\u2019\u00e9largir l\u2019acc\u00e8s aux march\u00e9s pour les produits agricoles et \u00e0 valeur ajout\u00e9e, et d\u2019encourager les investissements crois\u00e9s dans les \u00e9nergies renouvelables, l\u2019agro-industrie, la pharmacie, l\u2019automobile et les infrastructures.<\/p>\n\n\n\n<p>Elles ont \u00e9galement convenu d\u2019acc\u00e9l\u00e9rer les n\u00e9gociations en vue de la conclusion d\u2019accords dans les domaines des ports, de la non-double imposition, de l\u2019\u00e9nergie, des services a\u00e9riens, des mines et du tourisme.<\/p>\n\n\n\n<p>Sur le plan de la connectivit\u00e9, les deux hauts responsables ont d\u00e9cid\u00e9 de donner la priorit\u00e9 \u00e0 la reprise de vols directs entre le Kenya et le Maroc afin de stimuler les \u00e9changes commerciaux, touristiques et humains.<\/p>\n","protected":false},"excerpt":{"rendered":"<p>Dpress Le ministre des Affaires \u00e9trang\u00e8res, de la Coop\u00e9ration africaine et des Marocains r\u00e9sidant \u00e0 l\u2019\u00e9tranger, M. Nasser Bourita, et le Premier Secr\u00e9taire du Cabinet et Secr\u00e9taire du Cabinet des Affaires \u00e9trang\u00e8res et de la Diaspora de la R\u00e9publique du Kenya, Dr. Musalia Mudavadi, ont pr\u00e9sid\u00e9, jeudi \u00e0 Nairobi, la session minist\u00e9rielle de la Commission &hellip;<\/p>\n","protected":false},"author":2,"featured_media":28019,"comment_status":"open","ping_status":"open","sticky":false,"template":"","format":"standard","meta":{"footnotes":""},"categories":[26],"tags":[],"class_list":["post-28018","post","type-post","status-publish","format-standard","has-post-thumbnail","hentry","category-politiques"],"yoast_head":"<!-- This site is optimized with the Yoast SEO plugin v27.5 - https:\/\/yoast.com\/product\/yoast-seo-wordpress\/ -->\n<title>Le Maroc et le Kenya tiennent leur premi\u00e8re Commission mixte de coop\u00e9ration et signent onze accords - Dpress.ma\/fr<\/title>\n<meta name=\"robots\" content=\"index, follow, max-snippet:-1, max-image-preview:large, max-video-preview:-1\" \/>\n<link rel=\"canonical\" href=\"https:\/\/dpress.ma\/fr\/2026\/04\/09\/le-maroc-et-le-kenya-tiennent-leur-premiere-commission-mixte-de-cooperation-et-signent-onze-accords\/\" \/>\n<meta property=\"og:locale\" content=\"fr_FR\" \/>\n<meta property=\"og:type\" content=\"article\" \/>\n<meta property=\"og:title\" content=\"Le Maroc et le Kenya tiennent leur premi\u00e8re Commission mixte de coop\u00e9ration et signent onze accords - Dpress.ma\/fr\" \/>\n<meta property=\"og:description\" content=\"Dpress Le ministre des Affaires \u00e9trang\u00e8res, de la Coop\u00e9ration africaine et des Marocains r\u00e9sidant \u00e0 l\u2019\u00e9tranger, M. Nasser Bourita, et le Premier Secr\u00e9taire du Cabinet et Secr\u00e9taire du Cabinet des Affaires \u00e9trang\u00e8res et de la Diaspora de la R\u00e9publique du Kenya, Dr. Musalia Mudavadi, ont pr\u00e9sid\u00e9, jeudi \u00e0 Nairobi, la session minist\u00e9rielle de la Commission &hellip;\" \/>\n<meta property=\"og:url\" content=\"https:\/\/dpress.ma\/fr\/2026\/04\/09\/le-maroc-et-le-kenya-tiennent-leur-premiere-commission-mixte-de-cooperation-et-signent-onze-accords\/\" \/>\n<meta property=\"og:site_name\" content=\"Dpress.ma\/fr\" \/>\n<meta property=\"article:published_time\" content=\"2026-04-09T15:12:02+00:00\" \/>\n<meta property=\"article:modified_time\" content=\"2026-04-09T15:12:04+00:00\" \/>\n<meta property=\"og:image\" content=\"https:\/\/dpress.ma\/fr\/wp-content\/uploads\/sites\/2\/2026\/04\/18-2.jpg\" \/>\n\t<meta property=\"og:image:width\" content=\"2539\" \/>\n\t<meta property=\"og:image:height\" content=\"1594\" \/>\n\t<meta property=\"og:image:type\" content=\"image\/jpeg\" \/>\n<meta name=\"author\" content=\"Dpress.ma\" \/>\n<meta name=\"twitter:card\" content=\"summary_large_image\" \/>\n<meta name=\"twitter:label1\" content=\"\u00c9crit par\" \/>\n\t<meta name=\"twitter:data1\" content=\"Dpress.ma\" \/>\n\t<meta name=\"twitter:label2\" content=\"Dur\u00e9e de lecture estim\u00e9e\" \/>\n\t<meta name=\"twitter:data2\" content=\"2 minutes\" \/>\n<script type=\"application\/ld+json\" class=\"yoast-schema-graph\">{\"@context\":\"https:\\\/\\\/schema.org\",\"@graph\":[{\"@type\":\"Article\",\"@id\":\"https:\\\/\\\/dpress.ma\\\/fr\\\/2026\\\/04\\\/09\\\/le-maroc-et-le-kenya-tiennent-leur-premiere-commission-mixte-de-cooperation-et-signent-onze-accords\\\/#article\",\"isPartOf\":{\"@id\":\"https:\\\/\\\/dpress.ma\\\/fr\\\/2026\\\/04\\\/09\\\/le-maroc-et-le-kenya-tiennent-leur-premiere-commission-mixte-de-cooperation-et-signent-onze-accords\\\/\"},\"author\":{\"name\":\"Dpress.ma\",\"@id\":\"https:\\\/\\\/dpress.ma\\\/fr\\\/#\\\/schema\\\/person\\\/4898febf3ccd59e6578d838656a306a0\"},\"headline\":\"Le Maroc et le Kenya tiennent leur premi\u00e8re Commission mixte de coop\u00e9ration et signent onze accords\",\"datePublished\":\"2026-04-09T15:12:02+00:00\",\"dateModified\":\"2026-04-09T15:12:04+00:00\",\"mainEntityOfPage\":{\"@id\":\"https:\\\/\\\/dpress.ma\\\/fr\\\/2026\\\/04\\\/09\\\/le-maroc-et-le-kenya-tiennent-leur-premiere-commission-mixte-de-cooperation-et-signent-onze-accords\\\/\"},\"wordCount\":414,\"commentCount\":0,\"image\":{\"@id\":\"https:\\\/\\\/dpress.ma\\\/fr\\\/2026\\\/04\\\/09\\\/le-maroc-et-le-kenya-tiennent-leur-premiere-commission-mixte-de-cooperation-et-signent-onze-accords\\\/#primaryimage\"},\"thumbnailUrl\":\"https:\\\/\\\/dpress.ma\\\/fr\\\/wp-content\\\/uploads\\\/sites\\\/2\\\/2026\\\/04\\\/18-2.jpg\",\"articleSection\":[\"Politiques\"],\"inLanguage\":\"fr-FR\",\"potentialAction\":[{\"@type\":\"CommentAction\",\"name\":\"Comment\",\"target\":[\"https:\\\/\\\/dpress.ma\\\/fr\\\/2026\\\/04\\\/09\\\/le-maroc-et-le-kenya-tiennent-leur-premiere-commission-mixte-de-cooperation-et-signent-onze-accords\\\/#respond\"]}]},{\"@type\":\"WebPage\",\"@id\":\"https:\\\/\\\/dpress.ma\\\/fr\\\/2026\\\/04\\\/09\\\/le-maroc-et-le-kenya-tiennent-leur-premiere-commission-mixte-de-cooperation-et-signent-onze-accords\\\/\",\"url\":\"https:\\\/\\\/dpress.ma\\\/fr\\\/2026\\\/04\\\/09\\\/le-maroc-et-le-kenya-tiennent-leur-premiere-commission-mixte-de-cooperation-et-signent-onze-accords\\\/\",\"name\":\"Le Maroc et le Kenya tiennent leur premi\u00e8re Commission mixte de coop\u00e9ration et signent onze accords - Dpress.ma\\\/fr\",\"isPartOf\":{\"@id\":\"https:\\\/\\\/dpress.ma\\\/fr\\\/#website\"},\"primaryImageOfPage\":{\"@id\":\"https:\\\/\\\/dpress.ma\\\/fr\\\/2026\\\/04\\\/09\\\/le-maroc-et-le-kenya-tiennent-leur-premiere-commission-mixte-de-cooperation-et-signent-onze-accords\\\/#primaryimage\"},\"image\":{\"@id\":\"https:\\\/\\\/dpress.ma\\\/fr\\\/2026\\\/04\\\/09\\\/le-maroc-et-le-kenya-tiennent-leur-premiere-commission-mixte-de-cooperation-et-signent-onze-accords\\\/#primaryimage\"},\"thumbnailUrl\":\"https:\\\/\\\/dpress.ma\\\/fr\\\/wp-content\\\/uploads\\\/sites\\\/2\\\/2026\\\/04\\\/18-2.jpg\",\"datePublished\":\"2026-04-09T15:12:02+00:00\",\"dateModified\":\"2026-04-09T15:12:04+00:00\",\"author\":{\"@id\":\"https:\\\/\\\/dpress.ma\\\/fr\\\/#\\\/schema\\\/person\\\/4898febf3ccd59e6578d838656a306a0\"},\"breadcrumb\":{\"@id\":\"https:\\\/\\\/dpress.ma\\\/fr\\\/2026\\\/04\\\/09\\\/le-maroc-et-le-kenya-tiennent-leur-premiere-commission-mixte-de-cooperation-et-signent-onze-accords\\\/#breadcrumb\"},\"inLanguage\":\"fr-FR\",\"potentialAction\":[{\"@type\":\"ReadAction\",\"target\":[\"https:\\\/\\\/dpress.ma\\\/fr\\\/2026\\\/04\\\/09\\\/le-maroc-et-le-kenya-tiennent-leur-premiere-commission-mixte-de-cooperation-et-signent-onze-accords\\\/\"]}]},{\"@type\":\"ImageObject\",\"inLanguage\":\"fr-FR\",\"@id\":\"https:\\\/\\\/dpress.ma\\\/fr\\\/2026\\\/04\\\/09\\\/le-maroc-et-le-kenya-tiennent-leur-premiere-commission-mixte-de-cooperation-et-signent-onze-accords\\\/#primaryimage\",\"url\":\"https:\\\/\\\/dpress.ma\\\/fr\\\/wp-content\\\/uploads\\\/sites\\\/2\\\/2026\\\/04\\\/18-2.jpg\",\"contentUrl\":\"https:\\\/\\\/dpress.ma\\\/fr\\\/wp-content\\\/uploads\\\/sites\\\/2\\\/2026\\\/04\\\/18-2.jpg\",\"width\":2539,\"height\":1594},{\"@type\":\"BreadcrumbList\",\"@id\":\"https:\\\/\\\/dpress.ma\\\/fr\\\/2026\\\/04\\\/09\\\/le-maroc-et-le-kenya-tiennent-leur-premiere-commission-mixte-de-cooperation-et-signent-onze-accords\\\/#breadcrumb\",\"itemListElement\":[{\"@type\":\"ListItem\",\"position\":1,\"name\":\"Home\",\"item\":\"https:\\\/\\\/dpress.ma\\\/fr\\\/\"},{\"@type\":\"ListItem\",\"position\":2,\"name\":\"Le Maroc et le Kenya tiennent leur premi\u00e8re Commission mixte de coop\u00e9ration et signent onze accords\"}]},{\"@type\":\"WebSite\",\"@id\":\"https:\\\/\\\/dpress.ma\\\/fr\\\/#website\",\"url\":\"https:\\\/\\\/dpress.ma\\\/fr\\\/\",\"name\":\"Dpress.ma\\\/fr\",\"description\":\"\",\"potentialAction\":[{\"@type\":\"SearchAction\",\"target\":{\"@type\":\"EntryPoint\",\"urlTemplate\":\"https:\\\/\\\/dpress.ma\\\/fr\\\/?s={search_term_string}\"},\"query-input\":{\"@type\":\"PropertyValueSpecification\",\"valueRequired\":true,\"valueName\":\"search_term_string\"}}],\"inLanguage\":\"fr-FR\"},{\"@type\":\"Person\",\"@id\":\"https:\\\/\\\/dpress.ma\\\/fr\\\/#\\\/schema\\\/person\\\/4898febf3ccd59e6578d838656a306a0\",\"name\":\"Dpress.ma\",\"image\":{\"@type\":\"ImageObject\",\"inLanguage\":\"fr-FR\",\"@id\":\"https:\\\/\\\/secure.gravatar.com\\\/avatar\\\/72ecc30e9db047a2e0e7176561eb9d564ed77c8108376495b19bd8336405198a?s=96&d=mm&r=g\",\"url\":\"https:\\\/\\\/secure.gravatar.com\\\/avatar\\\/72ecc30e9db047a2e0e7176561eb9d564ed77c8108376495b19bd8336405198a?s=96&d=mm&r=g\",\"contentUrl\":\"https:\\\/\\\/secure.gravatar.com\\\/avatar\\\/72ecc30e9db047a2e0e7176561eb9d564ed77c8108376495b19bd8336405198a?s=96&d=mm&r=g\",\"caption\":\"Dpress.ma\"},\"sameAs\":[\"https:\\\/\\\/www.dpress.ma\"],\"url\":\"https:\\\/\\\/dpress.ma\\\/fr\\\/author\\\/dpress-ma\\\/\"}]}<\/script>\n<!-- \/ Yoast SEO plugin. -->","yoast_head_json":{"title":"Le Maroc et le Kenya tiennent leur premi\u00e8re Commission mixte de coop\u00e9ration et signent onze accords - Dpress.ma\/fr","robots":{"index":"index","follow":"follow","max-snippet":"max-snippet:-1","max-image-preview":"max-image-preview:large","max-video-preview":"max-video-preview:-1"},"canonical":"https:\/\/dpress.ma\/fr\/2026\/04\/09\/le-maroc-et-le-kenya-tiennent-leur-premiere-commission-mixte-de-cooperation-et-signent-onze-accords\/","og_locale":"fr_FR","og_type":"article","og_title":"Le Maroc et le Kenya tiennent leur premi\u00e8re Commission mixte de coop\u00e9ration et signent onze accords - Dpress.ma\/fr","og_description":"Dpress Le ministre des Affaires \u00e9trang\u00e8res, de la Coop\u00e9ration africaine et des Marocains r\u00e9sidant \u00e0 l\u2019\u00e9tranger, M. Nasser Bourita, et le Premier Secr\u00e9taire du Cabinet et Secr\u00e9taire du Cabinet des Affaires \u00e9trang\u00e8res et de la Diaspora de la R\u00e9publique du Kenya, Dr. Musalia Mudavadi, ont pr\u00e9sid\u00e9, jeudi \u00e0 Nairobi, la session minist\u00e9rielle de la Commission &hellip;","og_url":"https:\/\/dpress.ma\/fr\/2026\/04\/09\/le-maroc-et-le-kenya-tiennent-leur-premiere-commission-mixte-de-cooperation-et-signent-onze-accords\/","og_site_name":"Dpress.ma\/fr","article_published_time":"2026-04-09T15:12:02+00:00","article_modified_time":"2026-04-09T15:12:04+00:00","og_image":[{"width":2539,"height":1594,"url":"https:\/\/dpress.ma\/fr\/wp-content\/uploads\/sites\/2\/2026\/04\/18-2.jpg","type":"image\/jpeg"}],"author":"Dpress.ma","twitter_card":"summary_large_image","twitter_misc":{"\u00c9crit par":"Dpress.ma","Dur\u00e9e de lecture estim\u00e9e":"2 minutes"},"schema":{"@context":"https:\/\/schema.org","@graph":[{"@type":"Article","@id":"https:\/\/dpress.ma\/fr\/2026\/04\/09\/le-maroc-et-le-kenya-tiennent-leur-premiere-commission-mixte-de-cooperation-et-signent-onze-accords\/#article","isPartOf":{"@id":"https:\/\/dpress.ma\/fr\/2026\/04\/09\/le-maroc-et-le-kenya-tiennent-leur-premiere-commission-mixte-de-cooperation-et-signent-onze-accords\/"},"author":{"name":"Dpress.ma","@id":"https:\/\/dpress.ma\/fr\/#\/schema\/person\/4898febf3ccd59e6578d838656a306a0"},"headline":"Le Maroc et le Kenya tiennent leur premi\u00e8re Commission mixte de coop\u00e9ration et signent onze accords","datePublished":"2026-04-09T15:12:02+00:00","dateModified":"2026-04-09T15:12:04+00:00","mainEntityOfPage":{"@id":"https:\/\/dpress.ma\/fr\/2026\/04\/09\/le-maroc-et-le-kenya-tiennent-leur-premiere-commission-mixte-de-cooperation-et-signent-onze-accords\/"},"wordCount":414,"commentCount":0,"image":{"@id":"https:\/\/dpress.ma\/fr\/2026\/04\/09\/le-maroc-et-le-kenya-tiennent-leur-premiere-commission-mixte-de-cooperation-et-signent-onze-accords\/#primaryimage"},"thumbnailUrl":"https:\/\/dpress.ma\/fr\/wp-content\/uploads\/sites\/2\/2026\/04\/18-2.jpg","articleSection":["Politiques"],"inLanguage":"fr-FR","potentialAction":[{"@type":"CommentAction","name":"Comment","target":["https:\/\/dpress.ma\/fr\/2026\/04\/09\/le-maroc-et-le-kenya-tiennent-leur-premiere-commission-mixte-de-cooperation-et-signent-onze-accords\/#respond"]}]},{"@type":"WebPage","@id":"https:\/\/dpress.ma\/fr\/2026\/04\/09\/le-maroc-et-le-kenya-tiennent-leur-premiere-commission-mixte-de-cooperation-et-signent-onze-accords\/","url":"https:\/\/dpress.ma\/fr\/2026\/04\/09\/le-maroc-et-le-kenya-tiennent-leur-premiere-commission-mixte-de-cooperation-et-signent-onze-accords\/","name":"Le Maroc et le Kenya tiennent leur premi\u00e8re Commission mixte de coop\u00e9ration et signent onze accords - Dpress.ma\/fr","isPartOf":{"@id":"https:\/\/dpress.ma\/fr\/#website"},"primaryImageOfPage":{"@id":"https:\/\/dpress.ma\/fr\/2026\/04\/09\/le-maroc-et-le-kenya-tiennent-leur-premiere-commission-mixte-de-cooperation-et-signent-onze-accords\/#primaryimage"},"image":{"@id":"https:\/\/dpress.ma\/fr\/2026\/04\/09\/le-maroc-et-le-kenya-tiennent-leur-premiere-commission-mixte-de-cooperation-et-signent-onze-accords\/#primaryimage"},"thumbnailUrl":"https:\/\/dpress.ma\/fr\/wp-content\/uploads\/sites\/2\/2026\/04\/18-2.jpg","datePublished":"2026-04-09T15:12:02+00:00","dateModified":"2026-04-09T15:12:04+00:00","author":{"@id":"https:\/\/dpress.ma\/fr\/#\/schema\/person\/4898febf3ccd59e6578d838656a306a0"},"breadcrumb":{"@id":"https:\/\/dpress.ma\/fr\/2026\/04\/09\/le-maroc-et-le-kenya-tiennent-leur-premiere-commission-mixte-de-cooperation-et-signent-onze-accords\/#breadcrumb"},"inLanguage":"fr-FR","potentialAction":[{"@type":"ReadAction","target":["https:\/\/dpress.ma\/fr\/2026\/04\/09\/le-maroc-et-le-kenya-tiennent-leur-premiere-commission-mixte-de-cooperation-et-signent-onze-accords\/"]}]},{"@type":"ImageObject","inLanguage":"fr-FR","@id":"https:\/\/dpress.ma\/fr\/2026\/04\/09\/le-maroc-et-le-kenya-tiennent-leur-premiere-commission-mixte-de-cooperation-et-signent-onze-accords\/#primaryimage","url":"https:\/\/dpress.ma\/fr\/wp-content\/uploads\/sites\/2\/2026\/04\/18-2.jpg","contentUrl":"https:\/\/dpress.ma\/fr\/wp-content\/uploads\/sites\/2\/2026\/04\/18-2.jpg","width":2539,"height":1594},{"@type":"BreadcrumbList","@id":"https:\/\/dpress.ma\/fr\/2026\/04\/09\/le-maroc-et-le-kenya-tiennent-leur-premiere-commission-mixte-de-cooperation-et-signent-onze-accords\/#breadcrumb","itemListElement":[{"@type":"ListItem","position":1,"name":"Home","item":"https:\/\/dpress.ma\/fr\/"},{"@type":"ListItem","position":2,"name":"Le Maroc et le Kenya tiennent leur premi\u00e8re Commission mixte de coop\u00e9ration et signent onze accords"}]},{"@type":"WebSite","@id":"https:\/\/dpress.ma\/fr\/#website","url":"https:\/\/dpress.ma\/fr\/","name":"Dpress.ma\/fr","description":"","potentialAction":[{"@type":"SearchAction","target":{"@type":"EntryPoint","urlTemplate":"https:\/\/dpress.ma\/fr\/?s={search_term_string}"},"query-input":{"@type":"PropertyValueSpecification","valueRequired":true,"valueName":"search_term_string"}}],"inLanguage":"fr-FR"},{"@type":"Person","@id":"https:\/\/dpress.ma\/fr\/#\/schema\/person\/4898febf3ccd59e6578d838656a306a0","name":"Dpress.ma","image":{"@type":"ImageObject","inLanguage":"fr-FR","@id":"https:\/\/secure.gravatar.com\/avatar\/72ecc30e9db047a2e0e7176561eb9d564ed77c8108376495b19bd8336405198a?s=96&d=mm&r=g","url":"https:\/\/secure.gravatar.com\/avatar\/72ecc30e9db047a2e0e7176561eb9d564ed77c8108376495b19bd8336405198a?s=96&d=mm&r=g","contentUrl":"https:\/\/secure.gravatar.com\/avatar\/72ecc30e9db047a2e0e7176561eb9d564ed77c8108376495b19bd8336405198a?s=96&d=mm&r=g","caption":"Dpress.ma"},"sameAs":["https:\/\/www.dpress.ma"],"url":"https:\/\/dpress.ma\/fr\/author\/dpress-ma\/"}]}},"amp_enabled":true,"_links":{"self":[{"href":"https:\/\/dpress.ma\/fr\/wp-json\/wp\/v2\/posts\/28018","targetHints":{"allow":["GET"]}}],"collection":[{"href":"https:\/\/dpress.ma\/fr\/wp-json\/wp\/v2\/posts"}],"about":[{"href":"https:\/\/dpress.ma\/fr\/wp-json\/wp\/v2\/types\/post"}],"author":[{"embeddable":true,"href":"https:\/\/dpress.ma\/fr\/wp-json\/wp\/v2\/users\/2"}],"replies":[{"embeddable":true,"href":"https:\/\/dpress.ma\/fr\/wp-json\/wp\/v2\/comments?post=28018"}],"version-history":[{"count":1,"href":"https:\/\/dpress.ma\/fr\/wp-json\/wp\/v2\/posts\/28018\/revisions"}],"predecessor-version":[{"id":28020,"href":"https:\/\/dpress.ma\/fr\/wp-json\/wp\/v2\/posts\/28018\/revisions\/28020"}],"wp:featuredmedia":[{"embeddable":true,"href":"https:\/\/dpress.ma\/fr\/wp-json\/wp\/v2\/media\/28019"}],"wp:attachment":[{"href":"https:\/\/dpress.ma\/fr\/wp-json\/wp\/v2\/media?parent=28018"}],"wp:term":[{"taxonomy":"category","embeddable":true,"href":"https:\/\/dpress.ma\/fr\/wp-json\/wp\/v2\/categories?post=28018"},{"taxonomy":"post_tag","embeddable":true,"href":"https:\/\/dpress.ma\/fr\/wp-json\/wp\/v2\/tags?post=28018"}],"curies":[{"name":"wp","href":"https:\/\/api.w.org\/{rel}","templated":true}]}}