{"id":28012,"date":"2026-04-09T09:54:59","date_gmt":"2026-04-09T09:54:59","guid":{"rendered":"https:\/\/dpress.ma\/fr\/?p=28012"},"modified":"2026-04-09T09:55:01","modified_gmt":"2026-04-09T09:55:01","slug":"assises-nationales-sur-les-archives-vers-une-gouvernance-qui-protege-la-memoire-et-la-souverainete-numerique","status":"publish","type":"post","link":"https:\/\/dpress.ma\/fr\/2026\/04\/09\/assises-nationales-sur-les-archives-vers-une-gouvernance-qui-protege-la-memoire-et-la-souverainete-numerique\/","title":{"rendered":"Assises nationales sur les archives : vers une gouvernance qui prot\u00e8ge la m\u00e9moire et la souverainet\u00e9 num\u00e9rique"},"content":{"rendered":"\n<p>Dpress<\/p>\n\n\n\n<p>Les travaux des premi\u00e8res Assises nationales sur les archives au Maroc se sont ouverts, mercredi \u00e0 Rabat, avec la participation d\u2019une pl\u00e9iade de responsables et d\u2019experts qui se penchent sur les moyens de d\u00e9velopper une gouvernance tourn\u00e9e vers l\u2019avenir, \u00e0 m\u00eame de prot\u00e9ger la m\u00e9moire nationale et la souverainet\u00e9 num\u00e9rique \u00e0 l\u2019\u00e8re des transformations technologiques.<\/p>\n\n\n\n<p>Lors de la s\u00e9ance d\u2019ouverture de ces Assises, organis\u00e9es&nbsp;sous le Haut Patronage de Sa Majest\u00e9 le Roi Mohammed VI&nbsp;par le minist\u00e8re de la Jeunesse, de la Culture et de la Communication, l\u2019Institution des Archives du Maroc et l\u2019Acad\u00e9mie du Royaume du Maroc,&nbsp;les intervenants ont mis en relief le caract\u00e8re strat\u00e9gique de l\u2019archive en tant que secteur transversal offrant un service vital \u00e0 l\u2019\u00c9tat et ses institutions ainsi qu\u2019aux citoyens, plaidant pour une mobilisation collective afin de tracer une feuille de route d\u00e9di\u00e9e.<\/p>\n\n\n\n<p>S\u2019exprimant \u00e0 l\u2019occasion de cette rencontre qui s\u2019est d\u00e9roul\u00e9e en pr\u00e9sence du Conseiller de Sa Majest\u00e9 le Roi, Omar Azziman, des responsables d\u2019institutions publiques et d\u2019experts et universitaires, le ministre de la Jeunesse, de la Culture et de la Communication, Mohamed Mehdi Bensaid, a soulign\u00e9 que l\u2019archive constitue l\u2019une des principales r\u00e9f\u00e9rences de la m\u00e9moire et de l\u2019histoire, d\u2019o\u00f9 la n\u00e9cessit\u00e9 de promouvoir ce secteur pour qu\u2019il puisse contribuer pleinement \u00e0 la pr\u00e9servation du patrimoine et \u00e0 la promotion des industries cr\u00e9atives.<\/p>\n\n\n\n<p>L\u2019exp\u00e9rience marocaine dans le domaine des archives est consubstantielle \u00e0 une dynamique de r\u00e9flexion collective sur la r\u00e9forme et le d\u00e9veloppement durable, a fait observer M. Bensaid, notant que les grands chantiers de r\u00e9forme engag\u00e9s au Maroc requi\u00e8rent un accompagnement en termes de documentation.<\/p>\n\n\n\n<p>Pour sa part,&nbsp;le Secr\u00e9taire perp\u00e9tuel de l\u2019Acad\u00e9mie du Royaume du Maroc, Abdeljalil Lahjomri, a indiqu\u00e9 que r\u00e9fl\u00e9chir \u00e0 la question des archives \u201crevient \u00e0 questionner la m\u00e9moire du pays et son avenir au moment o\u00f9 l\u2019on assiste \u00e0 une prise de conscience accrue quant \u00e0 l\u2019importance de la m\u00e9moire dans le parcours des nations\u201d.<\/p>\n\n\n\n<p>Les archives, a-t-il dit, constituent une m\u00e9moire vivante, un syst\u00e8me de connaissances et un outil de souverainet\u00e9 permettant de documenter les d\u00e9cisions et les politiques, offrant ainsi aux historiens une mati\u00e8re authentique pour comprendre la soci\u00e9t\u00e9 et l\u2019\u00c9tat.<\/p>\n\n\n\n<p>Quant \u00e0 elle, la Directrice&nbsp;des Archives du Maroc, Latifa Moftaqir, a mis en exergue l\u2019importance des archives pour la mise en place d\u2019une gouvernance d\u00e9mocratique et la promotion de la transparence et de la culture institutionnelle, \u00e9voquant la complexit\u00e9 des missions archivistiques dans un monde en mutation et la n\u00e9cessit\u00e9 d\u2019une r\u00e9flexion collective pour repenser la gouvernance de ce secteur qui implique de multiples acteurs.<\/p>\n\n\n\n<p>La responsable a mis l\u2019accent, \u00e0 cet \u00e9gard, sur l\u2019importance d\u2019investir dans la formation en combinant les expertises traditionnelles et les innovations technologiques, y compris l\u2019intelligence artificielle, dans un contexte mondial marqu\u00e9 par une concurrence ardue pour la ma\u00eetrise de l\u2019information et la prolif\u00e9ration des fausses informations, exprimant son souhait de voir ces efforts collectifs aboutir \u00e0 l\u2019adoption d\u2019une charte nationale des archives.<\/p>\n\n\n\n<p>\u00c0 travers diff\u00e9rentes sessions th\u00e9matiques, les Assises nationales sur les archives visent \u00e0 cr\u00e9er un espace de dialogue autour des enjeux de la gouvernance archivistique, en vue d\u2019\u00e9laborer une feuille de route nationale 2026-2036 pour la gestion des archives publiques au Maroc.<\/p>\n\n\n\n<p>L\u2019objectif consiste \u00e9galement consacrer la place des archives comme levier de bonne gouvernance et de transparence, promouvoir le dialogue entre d\u00e9cideurs, chercheurs et professionnels et \u00e9laborer une politique nationale int\u00e9gr\u00e9e, moderne et inclusive en mati\u00e8re d\u2019archives, ainsi qu\u2019\u00e0 valoriser les archives en tant que patrimoine commun et levier du d\u00e9veloppement durable.<\/p>\n\n\n\n<p>Il s\u2019agit, d\u2019autre part, de dresser un bilan global des pratiques archivistiques au Maroc, formuler des recommandations concr\u00e8tes pour faire face aux d\u00e9fis du secteur, renforcer la coop\u00e9ration entre les institutions, y compris les administrations publiques, les chercheurs, les collectivit\u00e9s territoriales et les partenaires internationaux, en plus d\u2019encourager l\u2019utilisation des nouvelles technologies dans le traitement et la conservation du patrimoine archivistique.<\/p>\n\n\n\n<p>Les travaux de ces Assises sont r\u00e9partis sur neuf sessions th\u00e9matiques portant notamment sur \u201cla politique nationale de gestion des archives : vers une vision archivistique unifi\u00e9e\u201d, \u201cles archives r\u00e9gionales comme levier de la d\u00e9mocratie locale et du d\u00e9veloppement territorial\u201d, \u201cles archives priv\u00e9es au Maroc : enjeux et perspectives d\u2019int\u00e9gration dans le patrimoine national\u201d et \u201cla vision, la gouvernance et le cadre juridique des archives\u201d.<\/p>\n\n\n\n<p>Ces sessions abordent \u00e9galement les th\u00e9matiques de \u201cla num\u00e9risation, l\u2019intelligence artificielle et l\u2019innovation archivistique\u201d, \u201cles archives et les industries culturelles et cr\u00e9atives et leur r\u00f4le dans l\u2019\u00e9conomie de la connaissance\u201d, \u201d les archives comme source de savoir et outil de recherche acad\u00e9mique\u201d, \u201cla formation et la qualification dans les m\u00e9tiers des archives au Maroc\u201d ainsi que \u201cla coop\u00e9ration internationale et technique, la souverainet\u00e9 archivistique et les partenariats\u201d.<\/p>\n","protected":false},"excerpt":{"rendered":"<p>Dpress Les travaux des premi\u00e8res Assises nationales sur les archives au Maroc se sont ouverts, mercredi \u00e0 Rabat, avec la participation d\u2019une pl\u00e9iade de responsables et d\u2019experts qui se penchent sur les moyens de d\u00e9velopper une gouvernance tourn\u00e9e vers l\u2019avenir, \u00e0 m\u00eame de prot\u00e9ger la m\u00e9moire nationale et la souverainet\u00e9 num\u00e9rique \u00e0 l\u2019\u00e8re des transformations &hellip;<\/p>\n","protected":false},"author":2,"featured_media":28013,"comment_status":"open","ping_status":"open","sticky":false,"template":"","format":"standard","meta":{"footnotes":""},"categories":[31],"tags":[],"class_list":["post-28012","post","type-post","status-publish","format-standard","has-post-thumbnail","hentry","category-art-et-culture"],"yoast_head":"<!-- This site is optimized with the Yoast SEO plugin v27.5 - https:\/\/yoast.com\/product\/yoast-seo-wordpress\/ -->\n<title>Assises nationales sur les archives : vers une gouvernance qui prot\u00e8ge la m\u00e9moire et la souverainet\u00e9 num\u00e9rique - Dpress.ma\/fr<\/title>\n<meta name=\"robots\" content=\"index, follow, max-snippet:-1, max-image-preview:large, max-video-preview:-1\" \/>\n<link rel=\"canonical\" href=\"https:\/\/dpress.ma\/fr\/2026\/04\/09\/assises-nationales-sur-les-archives-vers-une-gouvernance-qui-protege-la-memoire-et-la-souverainete-numerique\/\" \/>\n<meta property=\"og:locale\" content=\"fr_FR\" \/>\n<meta property=\"og:type\" content=\"article\" \/>\n<meta property=\"og:title\" content=\"Assises nationales sur les archives : vers une gouvernance qui prot\u00e8ge la m\u00e9moire et la souverainet\u00e9 num\u00e9rique - Dpress.ma\/fr\" \/>\n<meta property=\"og:description\" content=\"Dpress Les travaux des premi\u00e8res Assises nationales sur les archives au Maroc se sont ouverts, mercredi \u00e0 Rabat, avec la participation d\u2019une pl\u00e9iade de responsables et d\u2019experts qui se penchent sur les moyens de d\u00e9velopper une gouvernance tourn\u00e9e vers l\u2019avenir, \u00e0 m\u00eame de prot\u00e9ger la m\u00e9moire nationale et la souverainet\u00e9 num\u00e9rique \u00e0 l\u2019\u00e8re des transformations &hellip;\" \/>\n<meta property=\"og:url\" content=\"https:\/\/dpress.ma\/fr\/2026\/04\/09\/assises-nationales-sur-les-archives-vers-une-gouvernance-qui-protege-la-memoire-et-la-souverainete-numerique\/\" \/>\n<meta property=\"og:site_name\" content=\"Dpress.ma\/fr\" \/>\n<meta property=\"article:published_time\" content=\"2026-04-09T09:54:59+00:00\" \/>\n<meta property=\"article:modified_time\" content=\"2026-04-09T09:55:01+00:00\" \/>\n<meta property=\"og:image\" content=\"https:\/\/dpress.ma\/fr\/wp-content\/uploads\/sites\/2\/2026\/04\/50-6.jpg\" \/>\n\t<meta property=\"og:image:width\" content=\"2539\" \/>\n\t<meta property=\"og:image:height\" content=\"1594\" \/>\n\t<meta property=\"og:image:type\" content=\"image\/jpeg\" \/>\n<meta name=\"author\" content=\"Dpress.ma\" \/>\n<meta name=\"twitter:card\" content=\"summary_large_image\" \/>\n<meta name=\"twitter:label1\" content=\"\u00c9crit par\" \/>\n\t<meta name=\"twitter:data1\" content=\"Dpress.ma\" \/>\n\t<meta name=\"twitter:label2\" content=\"Dur\u00e9e de lecture estim\u00e9e\" \/>\n\t<meta name=\"twitter:data2\" content=\"5 minutes\" \/>\n<script type=\"application\/ld+json\" class=\"yoast-schema-graph\">{\"@context\":\"https:\\\/\\\/schema.org\",\"@graph\":[{\"@type\":\"Article\",\"@id\":\"https:\\\/\\\/dpress.ma\\\/fr\\\/2026\\\/04\\\/09\\\/assises-nationales-sur-les-archives-vers-une-gouvernance-qui-protege-la-memoire-et-la-souverainete-numerique\\\/#article\",\"isPartOf\":{\"@id\":\"https:\\\/\\\/dpress.ma\\\/fr\\\/2026\\\/04\\\/09\\\/assises-nationales-sur-les-archives-vers-une-gouvernance-qui-protege-la-memoire-et-la-souverainete-numerique\\\/\"},\"author\":{\"name\":\"Dpress.ma\",\"@id\":\"https:\\\/\\\/dpress.ma\\\/fr\\\/#\\\/schema\\\/person\\\/4898febf3ccd59e6578d838656a306a0\"},\"headline\":\"Assises nationales sur les archives : vers une gouvernance qui prot\u00e8ge la m\u00e9moire et la souverainet\u00e9 num\u00e9rique\",\"datePublished\":\"2026-04-09T09:54:59+00:00\",\"dateModified\":\"2026-04-09T09:55:01+00:00\",\"mainEntityOfPage\":{\"@id\":\"https:\\\/\\\/dpress.ma\\\/fr\\\/2026\\\/04\\\/09\\\/assises-nationales-sur-les-archives-vers-une-gouvernance-qui-protege-la-memoire-et-la-souverainete-numerique\\\/\"},\"wordCount\":901,\"commentCount\":0,\"image\":{\"@id\":\"https:\\\/\\\/dpress.ma\\\/fr\\\/2026\\\/04\\\/09\\\/assises-nationales-sur-les-archives-vers-une-gouvernance-qui-protege-la-memoire-et-la-souverainete-numerique\\\/#primaryimage\"},\"thumbnailUrl\":\"https:\\\/\\\/dpress.ma\\\/fr\\\/wp-content\\\/uploads\\\/sites\\\/2\\\/2026\\\/04\\\/50-6.jpg\",\"articleSection\":[\"Art et Culture\"],\"inLanguage\":\"fr-FR\",\"potentialAction\":[{\"@type\":\"CommentAction\",\"name\":\"Comment\",\"target\":[\"https:\\\/\\\/dpress.ma\\\/fr\\\/2026\\\/04\\\/09\\\/assises-nationales-sur-les-archives-vers-une-gouvernance-qui-protege-la-memoire-et-la-souverainete-numerique\\\/#respond\"]}]},{\"@type\":\"WebPage\",\"@id\":\"https:\\\/\\\/dpress.ma\\\/fr\\\/2026\\\/04\\\/09\\\/assises-nationales-sur-les-archives-vers-une-gouvernance-qui-protege-la-memoire-et-la-souverainete-numerique\\\/\",\"url\":\"https:\\\/\\\/dpress.ma\\\/fr\\\/2026\\\/04\\\/09\\\/assises-nationales-sur-les-archives-vers-une-gouvernance-qui-protege-la-memoire-et-la-souverainete-numerique\\\/\",\"name\":\"Assises nationales sur les archives : vers une gouvernance qui prot\u00e8ge la m\u00e9moire et la souverainet\u00e9 num\u00e9rique - Dpress.ma\\\/fr\",\"isPartOf\":{\"@id\":\"https:\\\/\\\/dpress.ma\\\/fr\\\/#website\"},\"primaryImageOfPage\":{\"@id\":\"https:\\\/\\\/dpress.ma\\\/fr\\\/2026\\\/04\\\/09\\\/assises-nationales-sur-les-archives-vers-une-gouvernance-qui-protege-la-memoire-et-la-souverainete-numerique\\\/#primaryimage\"},\"image\":{\"@id\":\"https:\\\/\\\/dpress.ma\\\/fr\\\/2026\\\/04\\\/09\\\/assises-nationales-sur-les-archives-vers-une-gouvernance-qui-protege-la-memoire-et-la-souverainete-numerique\\\/#primaryimage\"},\"thumbnailUrl\":\"https:\\\/\\\/dpress.ma\\\/fr\\\/wp-content\\\/uploads\\\/sites\\\/2\\\/2026\\\/04\\\/50-6.jpg\",\"datePublished\":\"2026-04-09T09:54:59+00:00\",\"dateModified\":\"2026-04-09T09:55:01+00:00\",\"author\":{\"@id\":\"https:\\\/\\\/dpress.ma\\\/fr\\\/#\\\/schema\\\/person\\\/4898febf3ccd59e6578d838656a306a0\"},\"breadcrumb\":{\"@id\":\"https:\\\/\\\/dpress.ma\\\/fr\\\/2026\\\/04\\\/09\\\/assises-nationales-sur-les-archives-vers-une-gouvernance-qui-protege-la-memoire-et-la-souverainete-numerique\\\/#breadcrumb\"},\"inLanguage\":\"fr-FR\",\"potentialAction\":[{\"@type\":\"ReadAction\",\"target\":[\"https:\\\/\\\/dpress.ma\\\/fr\\\/2026\\\/04\\\/09\\\/assises-nationales-sur-les-archives-vers-une-gouvernance-qui-protege-la-memoire-et-la-souverainete-numerique\\\/\"]}]},{\"@type\":\"ImageObject\",\"inLanguage\":\"fr-FR\",\"@id\":\"https:\\\/\\\/dpress.ma\\\/fr\\\/2026\\\/04\\\/09\\\/assises-nationales-sur-les-archives-vers-une-gouvernance-qui-protege-la-memoire-et-la-souverainete-numerique\\\/#primaryimage\",\"url\":\"https:\\\/\\\/dpress.ma\\\/fr\\\/wp-content\\\/uploads\\\/sites\\\/2\\\/2026\\\/04\\\/50-6.jpg\",\"contentUrl\":\"https:\\\/\\\/dpress.ma\\\/fr\\\/wp-content\\\/uploads\\\/sites\\\/2\\\/2026\\\/04\\\/50-6.jpg\",\"width\":2539,\"height\":1594},{\"@type\":\"BreadcrumbList\",\"@id\":\"https:\\\/\\\/dpress.ma\\\/fr\\\/2026\\\/04\\\/09\\\/assises-nationales-sur-les-archives-vers-une-gouvernance-qui-protege-la-memoire-et-la-souverainete-numerique\\\/#breadcrumb\",\"itemListElement\":[{\"@type\":\"ListItem\",\"position\":1,\"name\":\"Home\",\"item\":\"https:\\\/\\\/dpress.ma\\\/fr\\\/\"},{\"@type\":\"ListItem\",\"position\":2,\"name\":\"Assises nationales sur les archives : vers une gouvernance qui prot\u00e8ge la m\u00e9moire et la souverainet\u00e9 num\u00e9rique\"}]},{\"@type\":\"WebSite\",\"@id\":\"https:\\\/\\\/dpress.ma\\\/fr\\\/#website\",\"url\":\"https:\\\/\\\/dpress.ma\\\/fr\\\/\",\"name\":\"Dpress.ma\\\/fr\",\"description\":\"\",\"potentialAction\":[{\"@type\":\"SearchAction\",\"target\":{\"@type\":\"EntryPoint\",\"urlTemplate\":\"https:\\\/\\\/dpress.ma\\\/fr\\\/?s={search_term_string}\"},\"query-input\":{\"@type\":\"PropertyValueSpecification\",\"valueRequired\":true,\"valueName\":\"search_term_string\"}}],\"inLanguage\":\"fr-FR\"},{\"@type\":\"Person\",\"@id\":\"https:\\\/\\\/dpress.ma\\\/fr\\\/#\\\/schema\\\/person\\\/4898febf3ccd59e6578d838656a306a0\",\"name\":\"Dpress.ma\",\"image\":{\"@type\":\"ImageObject\",\"inLanguage\":\"fr-FR\",\"@id\":\"https:\\\/\\\/secure.gravatar.com\\\/avatar\\\/72ecc30e9db047a2e0e7176561eb9d564ed77c8108376495b19bd8336405198a?s=96&d=mm&r=g\",\"url\":\"https:\\\/\\\/secure.gravatar.com\\\/avatar\\\/72ecc30e9db047a2e0e7176561eb9d564ed77c8108376495b19bd8336405198a?s=96&d=mm&r=g\",\"contentUrl\":\"https:\\\/\\\/secure.gravatar.com\\\/avatar\\\/72ecc30e9db047a2e0e7176561eb9d564ed77c8108376495b19bd8336405198a?s=96&d=mm&r=g\",\"caption\":\"Dpress.ma\"},\"sameAs\":[\"https:\\\/\\\/www.dpress.ma\"],\"url\":\"https:\\\/\\\/dpress.ma\\\/fr\\\/author\\\/dpress-ma\\\/\"}]}<\/script>\n<!-- \/ Yoast SEO plugin. -->","yoast_head_json":{"title":"Assises nationales sur les archives : vers une gouvernance qui prot\u00e8ge la m\u00e9moire et la souverainet\u00e9 num\u00e9rique - Dpress.ma\/fr","robots":{"index":"index","follow":"follow","max-snippet":"max-snippet:-1","max-image-preview":"max-image-preview:large","max-video-preview":"max-video-preview:-1"},"canonical":"https:\/\/dpress.ma\/fr\/2026\/04\/09\/assises-nationales-sur-les-archives-vers-une-gouvernance-qui-protege-la-memoire-et-la-souverainete-numerique\/","og_locale":"fr_FR","og_type":"article","og_title":"Assises nationales sur les archives : vers une gouvernance qui prot\u00e8ge la m\u00e9moire et la souverainet\u00e9 num\u00e9rique - Dpress.ma\/fr","og_description":"Dpress Les travaux des premi\u00e8res Assises nationales sur les archives au Maroc se sont ouverts, mercredi \u00e0 Rabat, avec la participation d\u2019une pl\u00e9iade de responsables et d\u2019experts qui se penchent sur les moyens de d\u00e9velopper une gouvernance tourn\u00e9e vers l\u2019avenir, \u00e0 m\u00eame de prot\u00e9ger la m\u00e9moire nationale et la souverainet\u00e9 num\u00e9rique \u00e0 l\u2019\u00e8re des transformations &hellip;","og_url":"https:\/\/dpress.ma\/fr\/2026\/04\/09\/assises-nationales-sur-les-archives-vers-une-gouvernance-qui-protege-la-memoire-et-la-souverainete-numerique\/","og_site_name":"Dpress.ma\/fr","article_published_time":"2026-04-09T09:54:59+00:00","article_modified_time":"2026-04-09T09:55:01+00:00","og_image":[{"width":2539,"height":1594,"url":"https:\/\/dpress.ma\/fr\/wp-content\/uploads\/sites\/2\/2026\/04\/50-6.jpg","type":"image\/jpeg"}],"author":"Dpress.ma","twitter_card":"summary_large_image","twitter_misc":{"\u00c9crit par":"Dpress.ma","Dur\u00e9e de lecture estim\u00e9e":"5 minutes"},"schema":{"@context":"https:\/\/schema.org","@graph":[{"@type":"Article","@id":"https:\/\/dpress.ma\/fr\/2026\/04\/09\/assises-nationales-sur-les-archives-vers-une-gouvernance-qui-protege-la-memoire-et-la-souverainete-numerique\/#article","isPartOf":{"@id":"https:\/\/dpress.ma\/fr\/2026\/04\/09\/assises-nationales-sur-les-archives-vers-une-gouvernance-qui-protege-la-memoire-et-la-souverainete-numerique\/"},"author":{"name":"Dpress.ma","@id":"https:\/\/dpress.ma\/fr\/#\/schema\/person\/4898febf3ccd59e6578d838656a306a0"},"headline":"Assises nationales sur les archives : vers une gouvernance qui prot\u00e8ge la m\u00e9moire et la souverainet\u00e9 num\u00e9rique","datePublished":"2026-04-09T09:54:59+00:00","dateModified":"2026-04-09T09:55:01+00:00","mainEntityOfPage":{"@id":"https:\/\/dpress.ma\/fr\/2026\/04\/09\/assises-nationales-sur-les-archives-vers-une-gouvernance-qui-protege-la-memoire-et-la-souverainete-numerique\/"},"wordCount":901,"commentCount":0,"image":{"@id":"https:\/\/dpress.ma\/fr\/2026\/04\/09\/assises-nationales-sur-les-archives-vers-une-gouvernance-qui-protege-la-memoire-et-la-souverainete-numerique\/#primaryimage"},"thumbnailUrl":"https:\/\/dpress.ma\/fr\/wp-content\/uploads\/sites\/2\/2026\/04\/50-6.jpg","articleSection":["Art et Culture"],"inLanguage":"fr-FR","potentialAction":[{"@type":"CommentAction","name":"Comment","target":["https:\/\/dpress.ma\/fr\/2026\/04\/09\/assises-nationales-sur-les-archives-vers-une-gouvernance-qui-protege-la-memoire-et-la-souverainete-numerique\/#respond"]}]},{"@type":"WebPage","@id":"https:\/\/dpress.ma\/fr\/2026\/04\/09\/assises-nationales-sur-les-archives-vers-une-gouvernance-qui-protege-la-memoire-et-la-souverainete-numerique\/","url":"https:\/\/dpress.ma\/fr\/2026\/04\/09\/assises-nationales-sur-les-archives-vers-une-gouvernance-qui-protege-la-memoire-et-la-souverainete-numerique\/","name":"Assises nationales sur les archives : vers une gouvernance qui prot\u00e8ge la m\u00e9moire et la souverainet\u00e9 num\u00e9rique - Dpress.ma\/fr","isPartOf":{"@id":"https:\/\/dpress.ma\/fr\/#website"},"primaryImageOfPage":{"@id":"https:\/\/dpress.ma\/fr\/2026\/04\/09\/assises-nationales-sur-les-archives-vers-une-gouvernance-qui-protege-la-memoire-et-la-souverainete-numerique\/#primaryimage"},"image":{"@id":"https:\/\/dpress.ma\/fr\/2026\/04\/09\/assises-nationales-sur-les-archives-vers-une-gouvernance-qui-protege-la-memoire-et-la-souverainete-numerique\/#primaryimage"},"thumbnailUrl":"https:\/\/dpress.ma\/fr\/wp-content\/uploads\/sites\/2\/2026\/04\/50-6.jpg","datePublished":"2026-04-09T09:54:59+00:00","dateModified":"2026-04-09T09:55:01+00:00","author":{"@id":"https:\/\/dpress.ma\/fr\/#\/schema\/person\/4898febf3ccd59e6578d838656a306a0"},"breadcrumb":{"@id":"https:\/\/dpress.ma\/fr\/2026\/04\/09\/assises-nationales-sur-les-archives-vers-une-gouvernance-qui-protege-la-memoire-et-la-souverainete-numerique\/#breadcrumb"},"inLanguage":"fr-FR","potentialAction":[{"@type":"ReadAction","target":["https:\/\/dpress.ma\/fr\/2026\/04\/09\/assises-nationales-sur-les-archives-vers-une-gouvernance-qui-protege-la-memoire-et-la-souverainete-numerique\/"]}]},{"@type":"ImageObject","inLanguage":"fr-FR","@id":"https:\/\/dpress.ma\/fr\/2026\/04\/09\/assises-nationales-sur-les-archives-vers-une-gouvernance-qui-protege-la-memoire-et-la-souverainete-numerique\/#primaryimage","url":"https:\/\/dpress.ma\/fr\/wp-content\/uploads\/sites\/2\/2026\/04\/50-6.jpg","contentUrl":"https:\/\/dpress.ma\/fr\/wp-content\/uploads\/sites\/2\/2026\/04\/50-6.jpg","width":2539,"height":1594},{"@type":"BreadcrumbList","@id":"https:\/\/dpress.ma\/fr\/2026\/04\/09\/assises-nationales-sur-les-archives-vers-une-gouvernance-qui-protege-la-memoire-et-la-souverainete-numerique\/#breadcrumb","itemListElement":[{"@type":"ListItem","position":1,"name":"Home","item":"https:\/\/dpress.ma\/fr\/"},{"@type":"ListItem","position":2,"name":"Assises nationales sur les archives : vers une gouvernance qui prot\u00e8ge la m\u00e9moire et la souverainet\u00e9 num\u00e9rique"}]},{"@type":"WebSite","@id":"https:\/\/dpress.ma\/fr\/#website","url":"https:\/\/dpress.ma\/fr\/","name":"Dpress.ma\/fr","description":"","potentialAction":[{"@type":"SearchAction","target":{"@type":"EntryPoint","urlTemplate":"https:\/\/dpress.ma\/fr\/?s={search_term_string}"},"query-input":{"@type":"PropertyValueSpecification","valueRequired":true,"valueName":"search_term_string"}}],"inLanguage":"fr-FR"},{"@type":"Person","@id":"https:\/\/dpress.ma\/fr\/#\/schema\/person\/4898febf3ccd59e6578d838656a306a0","name":"Dpress.ma","image":{"@type":"ImageObject","inLanguage":"fr-FR","@id":"https:\/\/secure.gravatar.com\/avatar\/72ecc30e9db047a2e0e7176561eb9d564ed77c8108376495b19bd8336405198a?s=96&d=mm&r=g","url":"https:\/\/secure.gravatar.com\/avatar\/72ecc30e9db047a2e0e7176561eb9d564ed77c8108376495b19bd8336405198a?s=96&d=mm&r=g","contentUrl":"https:\/\/secure.gravatar.com\/avatar\/72ecc30e9db047a2e0e7176561eb9d564ed77c8108376495b19bd8336405198a?s=96&d=mm&r=g","caption":"Dpress.ma"},"sameAs":["https:\/\/www.dpress.ma"],"url":"https:\/\/dpress.ma\/fr\/author\/dpress-ma\/"}]}},"amp_enabled":true,"_links":{"self":[{"href":"https:\/\/dpress.ma\/fr\/wp-json\/wp\/v2\/posts\/28012","targetHints":{"allow":["GET"]}}],"collection":[{"href":"https:\/\/dpress.ma\/fr\/wp-json\/wp\/v2\/posts"}],"about":[{"href":"https:\/\/dpress.ma\/fr\/wp-json\/wp\/v2\/types\/post"}],"author":[{"embeddable":true,"href":"https:\/\/dpress.ma\/fr\/wp-json\/wp\/v2\/users\/2"}],"replies":[{"embeddable":true,"href":"https:\/\/dpress.ma\/fr\/wp-json\/wp\/v2\/comments?post=28012"}],"version-history":[{"count":1,"href":"https:\/\/dpress.ma\/fr\/wp-json\/wp\/v2\/posts\/28012\/revisions"}],"predecessor-version":[{"id":28014,"href":"https:\/\/dpress.ma\/fr\/wp-json\/wp\/v2\/posts\/28012\/revisions\/28014"}],"wp:featuredmedia":[{"embeddable":true,"href":"https:\/\/dpress.ma\/fr\/wp-json\/wp\/v2\/media\/28013"}],"wp:attachment":[{"href":"https:\/\/dpress.ma\/fr\/wp-json\/wp\/v2\/media?parent=28012"}],"wp:term":[{"taxonomy":"category","embeddable":true,"href":"https:\/\/dpress.ma\/fr\/wp-json\/wp\/v2\/categories?post=28012"},{"taxonomy":"post_tag","embeddable":true,"href":"https:\/\/dpress.ma\/fr\/wp-json\/wp\/v2\/tags?post=28012"}],"curies":[{"name":"wp","href":"https:\/\/api.w.org\/{rel}","templated":true}]}}