{"id":28009,"date":"2026-04-09T09:48:01","date_gmt":"2026-04-09T09:48:01","guid":{"rendered":"https:\/\/dpress.ma\/fr\/?p=28009"},"modified":"2026-04-09T09:48:02","modified_gmt":"2026-04-09T09:48:02","slug":"le-maroc-represente-un-modele-louable-en-matiere-de-protection-de-la-memoire-nationale","status":"publish","type":"post","link":"https:\/\/dpress.ma\/fr\/2026\/04\/09\/le-maroc-represente-un-modele-louable-en-matiere-de-protection-de-la-memoire-nationale\/","title":{"rendered":"Le Maroc repr\u00e9sente un mod\u00e8le louable en mati\u00e8re de protection de la m\u00e9moire nationale"},"content":{"rendered":"\n<p>Dpress<\/p>\n\n\n\n<p>Le Maroc repr\u00e9sente un mod\u00e8le louable en mati\u00e8re de protection de la m\u00e9moire nationale, a affirm\u00e9, mercredi \u00e0 Rabat, la directrice du Conseil International des Archives (ICA), Jos\u00e9e Kirps.<\/p>\n\n\n\n<p>Dans une allocution \u00e0 l\u2019ouverture des travaux des premi\u00e8res Assises nationales sur les Archives au Maroc, Mme&nbsp;Kirps&nbsp;a salu\u00e9 l\u2019exp\u00e9rience marocaine dans le domaine des archives, qu\u2019elle a consid\u00e9r\u00e9 comme un levier fondamental pour la bonne gouvernance du processus de d\u00e9veloppement national durable, indiquant avoir \u00e9t\u00e9 ravie de d\u00e9couvrir t\u00f4t la riche histoire du Royaume et la diversit\u00e9 de son patrimoine.<\/p>\n\n\n\n<p>Mme Kirps, qui est \u00e9galement directrice des Archives nationales de Luxembourg, a relev\u00e9 qu\u2019\u00e0 l\u2019\u00e8re des transformations majeures, les archives repr\u00e9sentent un gage de continuit\u00e9 et un lien qui unit les g\u00e9n\u00e9rations, soulignant la n\u00e9cessit\u00e9 de doter ce secteur d\u2019une vision int\u00e9gr\u00e9e dans les politiques publiques, compte tenu de son r\u00f4le dans la garantie de la transparence des informations, la fourniture des donn\u00e9es n\u00e9cessaires \u00e0 la planification et l\u2019\u00e9tablissement de sources d\u2019information fiables.<\/p>\n\n\n\n<p>S\u2019agissant des d\u00e9fis technologiques croissants, la directrice du Conseil International des Archives a relev\u00e9 que l\u2019intelligence artificielle ouvre de nouvelles perspectives pour la gouvernance des archives et la pr\u00e9servation de leur cr\u00e9dibilit\u00e9, pour en faire un m\u00e9canisme crucial de sauvegarde et d\u2019expression de la souverainet\u00e9 culturelle \u00e0 l\u2019\u00e9chelle internationale.<\/p>\n\n\n\n<p>A cette occasion, la responsable s\u2019est attard\u00e9e sur le r\u00f4le jou\u00e9 par l\u2019ICA, plac\u00e9 sous l\u2019\u00e9gide de l\u2019UNESCO et bas\u00e9 \u00e0 Paris, dans la mise en r\u00e9seau des acteurs concern\u00e9s par les archives dans 150 pays, dans le cadre d\u2019une vision internationale ax\u00e9e sur la coop\u00e9ration et le partage des expertises et des donn\u00e9es.<\/p>\n\n\n\n<p>Le&nbsp;Conseil International des Archives s\u2019assigne pour missions&nbsp;la pr\u00e9servation du patrimoine archivistique mondial, l\u2019instauration d\u2019une gouvernance solide des archives et la protection du patrimoine \u00e9crit, sur la base de normes reconnues \u00e0 l\u2019\u00e9chelle internationale.<\/p>\n\n\n\n<p>Mme&nbsp;Kirps a pris part,&nbsp;\u00e0 c\u00f4t\u00e9 de plusieurs experts et acteurs internationaux, aux premi\u00e8res Assises nationales sur les archives&nbsp;au Maroc, dont les travaux ont d\u00e9but\u00e9 mercredi, en vue d\u2019\u00e9laborer une vision collective pour une gouvernance \u00e0 m\u00eame de pr\u00e9server la m\u00e9moire nationale et de consacrer la souverainet\u00e9 num\u00e9rique \u00e0 l\u2019\u00e8re des transformations technologiques.<\/p>\n\n\n\n<p>Ces Assises sont organis\u00e9es&nbsp;sous le Haut Patronage de Sa Majest\u00e9 le Roi Mohammed VI&nbsp;par le minist\u00e8re de la Jeunesse, de la Culture et de la Communication, l\u2019Institution des Archives du Maroc et l\u2019Acad\u00e9mie du Royaume du Maroc, sous le th\u00e8me \u201cArchives et transformations nationales et internationales : quelle nouvelle gouvernance ?\u201d.<\/p>\n\n\n\n<p>\u00c0 travers les diff\u00e9rentes sessions th\u00e9matiques programm\u00e9es, cet \u00e9v\u00e9nement vise \u00e0 cr\u00e9er un espace de dialogue autour des questions relatives \u00e0 la gouvernance archivistique, en vue d\u2019\u00e9laborer une feuille de route nationale 2026-2036 pour la gestion des archives publiques au Maroc.<\/p>\n","protected":false},"excerpt":{"rendered":"<p>Dpress Le Maroc repr\u00e9sente un mod\u00e8le louable en mati\u00e8re de protection de la m\u00e9moire nationale, a affirm\u00e9, mercredi \u00e0 Rabat, la directrice du Conseil International des Archives (ICA), Jos\u00e9e Kirps. Dans une allocution \u00e0 l\u2019ouverture des travaux des premi\u00e8res Assises nationales sur les Archives au Maroc, Mme&nbsp;Kirps&nbsp;a salu\u00e9 l\u2019exp\u00e9rience marocaine dans le domaine des archives, &hellip;<\/p>\n","protected":false},"author":2,"featured_media":28010,"comment_status":"open","ping_status":"open","sticky":false,"template":"","format":"standard","meta":{"footnotes":""},"categories":[31],"tags":[],"class_list":["post-28009","post","type-post","status-publish","format-standard","has-post-thumbnail","hentry","category-art-et-culture"],"yoast_head":"<!-- This site is optimized with the Yoast SEO plugin v27.5 - https:\/\/yoast.com\/product\/yoast-seo-wordpress\/ -->\n<title>Le Maroc repr\u00e9sente un mod\u00e8le louable en mati\u00e8re de protection de la m\u00e9moire nationale - Dpress.ma\/fr<\/title>\n<meta name=\"robots\" content=\"index, follow, max-snippet:-1, max-image-preview:large, max-video-preview:-1\" \/>\n<link rel=\"canonical\" href=\"https:\/\/dpress.ma\/fr\/2026\/04\/09\/le-maroc-represente-un-modele-louable-en-matiere-de-protection-de-la-memoire-nationale\/\" \/>\n<meta property=\"og:locale\" content=\"fr_FR\" \/>\n<meta property=\"og:type\" content=\"article\" \/>\n<meta property=\"og:title\" content=\"Le Maroc repr\u00e9sente un mod\u00e8le louable en mati\u00e8re de protection de la m\u00e9moire nationale - Dpress.ma\/fr\" \/>\n<meta property=\"og:description\" content=\"Dpress Le Maroc repr\u00e9sente un mod\u00e8le louable en mati\u00e8re de protection de la m\u00e9moire nationale, a affirm\u00e9, mercredi \u00e0 Rabat, la directrice du Conseil International des Archives (ICA), Jos\u00e9e Kirps. Dans une allocution \u00e0 l\u2019ouverture des travaux des premi\u00e8res Assises nationales sur les Archives au Maroc, Mme&nbsp;Kirps&nbsp;a salu\u00e9 l\u2019exp\u00e9rience marocaine dans le domaine des archives, &hellip;\" \/>\n<meta property=\"og:url\" content=\"https:\/\/dpress.ma\/fr\/2026\/04\/09\/le-maroc-represente-un-modele-louable-en-matiere-de-protection-de-la-memoire-nationale\/\" \/>\n<meta property=\"og:site_name\" content=\"Dpress.ma\/fr\" \/>\n<meta property=\"article:published_time\" content=\"2026-04-09T09:48:01+00:00\" \/>\n<meta property=\"article:modified_time\" content=\"2026-04-09T09:48:02+00:00\" \/>\n<meta property=\"og:image\" content=\"https:\/\/dpress.ma\/fr\/wp-content\/uploads\/sites\/2\/2026\/04\/49-6.jpg\" \/>\n\t<meta property=\"og:image:width\" content=\"2539\" \/>\n\t<meta property=\"og:image:height\" content=\"1594\" \/>\n\t<meta property=\"og:image:type\" content=\"image\/jpeg\" \/>\n<meta name=\"author\" content=\"Dpress.ma\" \/>\n<meta name=\"twitter:card\" content=\"summary_large_image\" \/>\n<meta name=\"twitter:label1\" content=\"\u00c9crit par\" \/>\n\t<meta name=\"twitter:data1\" content=\"Dpress.ma\" \/>\n\t<meta name=\"twitter:label2\" content=\"Dur\u00e9e de lecture estim\u00e9e\" \/>\n\t<meta name=\"twitter:data2\" content=\"3 minutes\" \/>\n<script type=\"application\/ld+json\" class=\"yoast-schema-graph\">{\"@context\":\"https:\\\/\\\/schema.org\",\"@graph\":[{\"@type\":\"Article\",\"@id\":\"https:\\\/\\\/dpress.ma\\\/fr\\\/2026\\\/04\\\/09\\\/le-maroc-represente-un-modele-louable-en-matiere-de-protection-de-la-memoire-nationale\\\/#article\",\"isPartOf\":{\"@id\":\"https:\\\/\\\/dpress.ma\\\/fr\\\/2026\\\/04\\\/09\\\/le-maroc-represente-un-modele-louable-en-matiere-de-protection-de-la-memoire-nationale\\\/\"},\"author\":{\"name\":\"Dpress.ma\",\"@id\":\"https:\\\/\\\/dpress.ma\\\/fr\\\/#\\\/schema\\\/person\\\/4898febf3ccd59e6578d838656a306a0\"},\"headline\":\"Le Maroc repr\u00e9sente un mod\u00e8le louable en mati\u00e8re de protection de la m\u00e9moire nationale\",\"datePublished\":\"2026-04-09T09:48:01+00:00\",\"dateModified\":\"2026-04-09T09:48:02+00:00\",\"mainEntityOfPage\":{\"@id\":\"https:\\\/\\\/dpress.ma\\\/fr\\\/2026\\\/04\\\/09\\\/le-maroc-represente-un-modele-louable-en-matiere-de-protection-de-la-memoire-nationale\\\/\"},\"wordCount\":537,\"commentCount\":0,\"image\":{\"@id\":\"https:\\\/\\\/dpress.ma\\\/fr\\\/2026\\\/04\\\/09\\\/le-maroc-represente-un-modele-louable-en-matiere-de-protection-de-la-memoire-nationale\\\/#primaryimage\"},\"thumbnailUrl\":\"https:\\\/\\\/dpress.ma\\\/fr\\\/wp-content\\\/uploads\\\/sites\\\/2\\\/2026\\\/04\\\/49-6.jpg\",\"articleSection\":[\"Art et Culture\"],\"inLanguage\":\"fr-FR\",\"potentialAction\":[{\"@type\":\"CommentAction\",\"name\":\"Comment\",\"target\":[\"https:\\\/\\\/dpress.ma\\\/fr\\\/2026\\\/04\\\/09\\\/le-maroc-represente-un-modele-louable-en-matiere-de-protection-de-la-memoire-nationale\\\/#respond\"]}]},{\"@type\":\"WebPage\",\"@id\":\"https:\\\/\\\/dpress.ma\\\/fr\\\/2026\\\/04\\\/09\\\/le-maroc-represente-un-modele-louable-en-matiere-de-protection-de-la-memoire-nationale\\\/\",\"url\":\"https:\\\/\\\/dpress.ma\\\/fr\\\/2026\\\/04\\\/09\\\/le-maroc-represente-un-modele-louable-en-matiere-de-protection-de-la-memoire-nationale\\\/\",\"name\":\"Le Maroc repr\u00e9sente un mod\u00e8le louable en mati\u00e8re de protection de la m\u00e9moire nationale - Dpress.ma\\\/fr\",\"isPartOf\":{\"@id\":\"https:\\\/\\\/dpress.ma\\\/fr\\\/#website\"},\"primaryImageOfPage\":{\"@id\":\"https:\\\/\\\/dpress.ma\\\/fr\\\/2026\\\/04\\\/09\\\/le-maroc-represente-un-modele-louable-en-matiere-de-protection-de-la-memoire-nationale\\\/#primaryimage\"},\"image\":{\"@id\":\"https:\\\/\\\/dpress.ma\\\/fr\\\/2026\\\/04\\\/09\\\/le-maroc-represente-un-modele-louable-en-matiere-de-protection-de-la-memoire-nationale\\\/#primaryimage\"},\"thumbnailUrl\":\"https:\\\/\\\/dpress.ma\\\/fr\\\/wp-content\\\/uploads\\\/sites\\\/2\\\/2026\\\/04\\\/49-6.jpg\",\"datePublished\":\"2026-04-09T09:48:01+00:00\",\"dateModified\":\"2026-04-09T09:48:02+00:00\",\"author\":{\"@id\":\"https:\\\/\\\/dpress.ma\\\/fr\\\/#\\\/schema\\\/person\\\/4898febf3ccd59e6578d838656a306a0\"},\"breadcrumb\":{\"@id\":\"https:\\\/\\\/dpress.ma\\\/fr\\\/2026\\\/04\\\/09\\\/le-maroc-represente-un-modele-louable-en-matiere-de-protection-de-la-memoire-nationale\\\/#breadcrumb\"},\"inLanguage\":\"fr-FR\",\"potentialAction\":[{\"@type\":\"ReadAction\",\"target\":[\"https:\\\/\\\/dpress.ma\\\/fr\\\/2026\\\/04\\\/09\\\/le-maroc-represente-un-modele-louable-en-matiere-de-protection-de-la-memoire-nationale\\\/\"]}]},{\"@type\":\"ImageObject\",\"inLanguage\":\"fr-FR\",\"@id\":\"https:\\\/\\\/dpress.ma\\\/fr\\\/2026\\\/04\\\/09\\\/le-maroc-represente-un-modele-louable-en-matiere-de-protection-de-la-memoire-nationale\\\/#primaryimage\",\"url\":\"https:\\\/\\\/dpress.ma\\\/fr\\\/wp-content\\\/uploads\\\/sites\\\/2\\\/2026\\\/04\\\/49-6.jpg\",\"contentUrl\":\"https:\\\/\\\/dpress.ma\\\/fr\\\/wp-content\\\/uploads\\\/sites\\\/2\\\/2026\\\/04\\\/49-6.jpg\",\"width\":2539,\"height\":1594},{\"@type\":\"BreadcrumbList\",\"@id\":\"https:\\\/\\\/dpress.ma\\\/fr\\\/2026\\\/04\\\/09\\\/le-maroc-represente-un-modele-louable-en-matiere-de-protection-de-la-memoire-nationale\\\/#breadcrumb\",\"itemListElement\":[{\"@type\":\"ListItem\",\"position\":1,\"name\":\"Home\",\"item\":\"https:\\\/\\\/dpress.ma\\\/fr\\\/\"},{\"@type\":\"ListItem\",\"position\":2,\"name\":\"Le Maroc repr\u00e9sente un mod\u00e8le louable en mati\u00e8re de protection de la m\u00e9moire nationale\"}]},{\"@type\":\"WebSite\",\"@id\":\"https:\\\/\\\/dpress.ma\\\/fr\\\/#website\",\"url\":\"https:\\\/\\\/dpress.ma\\\/fr\\\/\",\"name\":\"Dpress.ma\\\/fr\",\"description\":\"\",\"potentialAction\":[{\"@type\":\"SearchAction\",\"target\":{\"@type\":\"EntryPoint\",\"urlTemplate\":\"https:\\\/\\\/dpress.ma\\\/fr\\\/?s={search_term_string}\"},\"query-input\":{\"@type\":\"PropertyValueSpecification\",\"valueRequired\":true,\"valueName\":\"search_term_string\"}}],\"inLanguage\":\"fr-FR\"},{\"@type\":\"Person\",\"@id\":\"https:\\\/\\\/dpress.ma\\\/fr\\\/#\\\/schema\\\/person\\\/4898febf3ccd59e6578d838656a306a0\",\"name\":\"Dpress.ma\",\"image\":{\"@type\":\"ImageObject\",\"inLanguage\":\"fr-FR\",\"@id\":\"https:\\\/\\\/secure.gravatar.com\\\/avatar\\\/72ecc30e9db047a2e0e7176561eb9d564ed77c8108376495b19bd8336405198a?s=96&d=mm&r=g\",\"url\":\"https:\\\/\\\/secure.gravatar.com\\\/avatar\\\/72ecc30e9db047a2e0e7176561eb9d564ed77c8108376495b19bd8336405198a?s=96&d=mm&r=g\",\"contentUrl\":\"https:\\\/\\\/secure.gravatar.com\\\/avatar\\\/72ecc30e9db047a2e0e7176561eb9d564ed77c8108376495b19bd8336405198a?s=96&d=mm&r=g\",\"caption\":\"Dpress.ma\"},\"sameAs\":[\"https:\\\/\\\/www.dpress.ma\"],\"url\":\"https:\\\/\\\/dpress.ma\\\/fr\\\/author\\\/dpress-ma\\\/\"}]}<\/script>\n<!-- \/ Yoast SEO plugin. -->","yoast_head_json":{"title":"Le Maroc repr\u00e9sente un mod\u00e8le louable en mati\u00e8re de protection de la m\u00e9moire nationale - Dpress.ma\/fr","robots":{"index":"index","follow":"follow","max-snippet":"max-snippet:-1","max-image-preview":"max-image-preview:large","max-video-preview":"max-video-preview:-1"},"canonical":"https:\/\/dpress.ma\/fr\/2026\/04\/09\/le-maroc-represente-un-modele-louable-en-matiere-de-protection-de-la-memoire-nationale\/","og_locale":"fr_FR","og_type":"article","og_title":"Le Maroc repr\u00e9sente un mod\u00e8le louable en mati\u00e8re de protection de la m\u00e9moire nationale - Dpress.ma\/fr","og_description":"Dpress Le Maroc repr\u00e9sente un mod\u00e8le louable en mati\u00e8re de protection de la m\u00e9moire nationale, a affirm\u00e9, mercredi \u00e0 Rabat, la directrice du Conseil International des Archives (ICA), Jos\u00e9e Kirps. Dans une allocution \u00e0 l\u2019ouverture des travaux des premi\u00e8res Assises nationales sur les Archives au Maroc, Mme&nbsp;Kirps&nbsp;a salu\u00e9 l\u2019exp\u00e9rience marocaine dans le domaine des archives, &hellip;","og_url":"https:\/\/dpress.ma\/fr\/2026\/04\/09\/le-maroc-represente-un-modele-louable-en-matiere-de-protection-de-la-memoire-nationale\/","og_site_name":"Dpress.ma\/fr","article_published_time":"2026-04-09T09:48:01+00:00","article_modified_time":"2026-04-09T09:48:02+00:00","og_image":[{"width":2539,"height":1594,"url":"https:\/\/dpress.ma\/fr\/wp-content\/uploads\/sites\/2\/2026\/04\/49-6.jpg","type":"image\/jpeg"}],"author":"Dpress.ma","twitter_card":"summary_large_image","twitter_misc":{"\u00c9crit par":"Dpress.ma","Dur\u00e9e de lecture estim\u00e9e":"3 minutes"},"schema":{"@context":"https:\/\/schema.org","@graph":[{"@type":"Article","@id":"https:\/\/dpress.ma\/fr\/2026\/04\/09\/le-maroc-represente-un-modele-louable-en-matiere-de-protection-de-la-memoire-nationale\/#article","isPartOf":{"@id":"https:\/\/dpress.ma\/fr\/2026\/04\/09\/le-maroc-represente-un-modele-louable-en-matiere-de-protection-de-la-memoire-nationale\/"},"author":{"name":"Dpress.ma","@id":"https:\/\/dpress.ma\/fr\/#\/schema\/person\/4898febf3ccd59e6578d838656a306a0"},"headline":"Le Maroc repr\u00e9sente un mod\u00e8le louable en mati\u00e8re de protection de la m\u00e9moire nationale","datePublished":"2026-04-09T09:48:01+00:00","dateModified":"2026-04-09T09:48:02+00:00","mainEntityOfPage":{"@id":"https:\/\/dpress.ma\/fr\/2026\/04\/09\/le-maroc-represente-un-modele-louable-en-matiere-de-protection-de-la-memoire-nationale\/"},"wordCount":537,"commentCount":0,"image":{"@id":"https:\/\/dpress.ma\/fr\/2026\/04\/09\/le-maroc-represente-un-modele-louable-en-matiere-de-protection-de-la-memoire-nationale\/#primaryimage"},"thumbnailUrl":"https:\/\/dpress.ma\/fr\/wp-content\/uploads\/sites\/2\/2026\/04\/49-6.jpg","articleSection":["Art et Culture"],"inLanguage":"fr-FR","potentialAction":[{"@type":"CommentAction","name":"Comment","target":["https:\/\/dpress.ma\/fr\/2026\/04\/09\/le-maroc-represente-un-modele-louable-en-matiere-de-protection-de-la-memoire-nationale\/#respond"]}]},{"@type":"WebPage","@id":"https:\/\/dpress.ma\/fr\/2026\/04\/09\/le-maroc-represente-un-modele-louable-en-matiere-de-protection-de-la-memoire-nationale\/","url":"https:\/\/dpress.ma\/fr\/2026\/04\/09\/le-maroc-represente-un-modele-louable-en-matiere-de-protection-de-la-memoire-nationale\/","name":"Le Maroc repr\u00e9sente un mod\u00e8le louable en mati\u00e8re de protection de la m\u00e9moire nationale - Dpress.ma\/fr","isPartOf":{"@id":"https:\/\/dpress.ma\/fr\/#website"},"primaryImageOfPage":{"@id":"https:\/\/dpress.ma\/fr\/2026\/04\/09\/le-maroc-represente-un-modele-louable-en-matiere-de-protection-de-la-memoire-nationale\/#primaryimage"},"image":{"@id":"https:\/\/dpress.ma\/fr\/2026\/04\/09\/le-maroc-represente-un-modele-louable-en-matiere-de-protection-de-la-memoire-nationale\/#primaryimage"},"thumbnailUrl":"https:\/\/dpress.ma\/fr\/wp-content\/uploads\/sites\/2\/2026\/04\/49-6.jpg","datePublished":"2026-04-09T09:48:01+00:00","dateModified":"2026-04-09T09:48:02+00:00","author":{"@id":"https:\/\/dpress.ma\/fr\/#\/schema\/person\/4898febf3ccd59e6578d838656a306a0"},"breadcrumb":{"@id":"https:\/\/dpress.ma\/fr\/2026\/04\/09\/le-maroc-represente-un-modele-louable-en-matiere-de-protection-de-la-memoire-nationale\/#breadcrumb"},"inLanguage":"fr-FR","potentialAction":[{"@type":"ReadAction","target":["https:\/\/dpress.ma\/fr\/2026\/04\/09\/le-maroc-represente-un-modele-louable-en-matiere-de-protection-de-la-memoire-nationale\/"]}]},{"@type":"ImageObject","inLanguage":"fr-FR","@id":"https:\/\/dpress.ma\/fr\/2026\/04\/09\/le-maroc-represente-un-modele-louable-en-matiere-de-protection-de-la-memoire-nationale\/#primaryimage","url":"https:\/\/dpress.ma\/fr\/wp-content\/uploads\/sites\/2\/2026\/04\/49-6.jpg","contentUrl":"https:\/\/dpress.ma\/fr\/wp-content\/uploads\/sites\/2\/2026\/04\/49-6.jpg","width":2539,"height":1594},{"@type":"BreadcrumbList","@id":"https:\/\/dpress.ma\/fr\/2026\/04\/09\/le-maroc-represente-un-modele-louable-en-matiere-de-protection-de-la-memoire-nationale\/#breadcrumb","itemListElement":[{"@type":"ListItem","position":1,"name":"Home","item":"https:\/\/dpress.ma\/fr\/"},{"@type":"ListItem","position":2,"name":"Le Maroc repr\u00e9sente un mod\u00e8le louable en mati\u00e8re de protection de la m\u00e9moire nationale"}]},{"@type":"WebSite","@id":"https:\/\/dpress.ma\/fr\/#website","url":"https:\/\/dpress.ma\/fr\/","name":"Dpress.ma\/fr","description":"","potentialAction":[{"@type":"SearchAction","target":{"@type":"EntryPoint","urlTemplate":"https:\/\/dpress.ma\/fr\/?s={search_term_string}"},"query-input":{"@type":"PropertyValueSpecification","valueRequired":true,"valueName":"search_term_string"}}],"inLanguage":"fr-FR"},{"@type":"Person","@id":"https:\/\/dpress.ma\/fr\/#\/schema\/person\/4898febf3ccd59e6578d838656a306a0","name":"Dpress.ma","image":{"@type":"ImageObject","inLanguage":"fr-FR","@id":"https:\/\/secure.gravatar.com\/avatar\/72ecc30e9db047a2e0e7176561eb9d564ed77c8108376495b19bd8336405198a?s=96&d=mm&r=g","url":"https:\/\/secure.gravatar.com\/avatar\/72ecc30e9db047a2e0e7176561eb9d564ed77c8108376495b19bd8336405198a?s=96&d=mm&r=g","contentUrl":"https:\/\/secure.gravatar.com\/avatar\/72ecc30e9db047a2e0e7176561eb9d564ed77c8108376495b19bd8336405198a?s=96&d=mm&r=g","caption":"Dpress.ma"},"sameAs":["https:\/\/www.dpress.ma"],"url":"https:\/\/dpress.ma\/fr\/author\/dpress-ma\/"}]}},"amp_enabled":true,"_links":{"self":[{"href":"https:\/\/dpress.ma\/fr\/wp-json\/wp\/v2\/posts\/28009","targetHints":{"allow":["GET"]}}],"collection":[{"href":"https:\/\/dpress.ma\/fr\/wp-json\/wp\/v2\/posts"}],"about":[{"href":"https:\/\/dpress.ma\/fr\/wp-json\/wp\/v2\/types\/post"}],"author":[{"embeddable":true,"href":"https:\/\/dpress.ma\/fr\/wp-json\/wp\/v2\/users\/2"}],"replies":[{"embeddable":true,"href":"https:\/\/dpress.ma\/fr\/wp-json\/wp\/v2\/comments?post=28009"}],"version-history":[{"count":1,"href":"https:\/\/dpress.ma\/fr\/wp-json\/wp\/v2\/posts\/28009\/revisions"}],"predecessor-version":[{"id":28011,"href":"https:\/\/dpress.ma\/fr\/wp-json\/wp\/v2\/posts\/28009\/revisions\/28011"}],"wp:featuredmedia":[{"embeddable":true,"href":"https:\/\/dpress.ma\/fr\/wp-json\/wp\/v2\/media\/28010"}],"wp:attachment":[{"href":"https:\/\/dpress.ma\/fr\/wp-json\/wp\/v2\/media?parent=28009"}],"wp:term":[{"taxonomy":"category","embeddable":true,"href":"https:\/\/dpress.ma\/fr\/wp-json\/wp\/v2\/categories?post=28009"},{"taxonomy":"post_tag","embeddable":true,"href":"https:\/\/dpress.ma\/fr\/wp-json\/wp\/v2\/tags?post=28009"}],"curies":[{"name":"wp","href":"https:\/\/api.w.org\/{rel}","templated":true}]}}