{"id":28004,"date":"2026-04-09T09:45:17","date_gmt":"2026-04-09T09:45:17","guid":{"rendered":"https:\/\/dpress.ma\/fr\/?p=28004"},"modified":"2026-04-09T09:45:19","modified_gmt":"2026-04-09T09:45:19","slug":"marrakech-le-privacy-by-design-une-necessite-absolue-pour-proteger-les-droits-a-lere-du-big-data","status":"publish","type":"post","link":"https:\/\/dpress.ma\/fr\/2026\/04\/09\/marrakech-le-privacy-by-design-une-necessite-absolue-pour-proteger-les-droits-a-lere-du-big-data\/","title":{"rendered":"Marrakech: Le \u201cPrivacy by Design\u201d, une n\u00e9cessit\u00e9 absolue pour prot\u00e9ger les droits \u00e0 l\u2019\u00e8re du Big Data"},"content":{"rendered":"\n<p>Dpress<\/p>\n\n\n\n<p>Le \u201cPrivacy by Design\u201d, principe consistant \u00e0 int\u00e9grer la protection des donn\u00e9es \u00e0 caract\u00e8re personnel d\u00e8s la conception des syst\u00e8mes informatiques, est une n\u00e9cessit\u00e9 absolue pour prot\u00e9ger les droits et libert\u00e9s, ont soulign\u00e9, mercredi \u00e0 Marrakech, les participants \u00e0 un panel, organis\u00e9 dans le cadre de la 4e \u00e9dition du GITEX Africa Morocco (7-9 avril).<\/p>\n\n\n\n<p>Lors de cette rencontre, tenue sous le th\u00e8me \u201cPrivacy by Design: Sacraliser la confiance \u00e0 l\u2019\u00e8re du Big Data\u201d, Firdaous Methqal, charg\u00e9e de mission \u00e0 la Commission nationale de contr\u00f4le de la protection des donn\u00e9es \u00e0 caract\u00e8re personnel (CNDP) a relev\u00e9 que la protection des donn\u00e9es \u00e0 caract\u00e8re personnel doit \u00eatre per\u00e7ue comme une opportunit\u00e9 pour garantir les droits des personnes et non comme une contrainte.<\/p>\n\n\n\n<p>La loi 09.08 relative \u00e0 la protection des personnes physiques \u00e0 l\u2019\u00e9gard du traitement des donn\u00e9es \u00e0 caract\u00e8re personnel exige le respect de nombre de principes comme la proportionnalit\u00e9 et la minimisation de la collecte de la data, afin de tirer profit de la digitalisation tout en respectant les droits et libert\u00e9s, a pr\u00e9cis\u00e9 Mme Methqal.<\/p>\n\n\n\n<p>Elle a aussi soulign\u00e9 que, loin de se limiter au contr\u00f4le de la protection des donn\u00e9es personnelles, la CNDP accompagne \u00e9galement les responsables de traitement dans leur conformit\u00e9 de cette loi.<\/p>\n\n\n\n<p>De son c\u00f4t\u00e9, l\u2019expert en cybers\u00e9curit\u00e9 et PDG de SecureValley, Nouh Droussi, a jug\u00e9 n\u00e9cessaire d\u2019int\u00e9grer les solutions de protection des donn\u00e9es \u00e0 caract\u00e8re personnel d\u00e8s la phase de conception de tout projet, produit ou service.<\/p>\n\n\n\n<p>\u201cPlus on les int\u00e8gre t\u00f4t, plus on \u00e9vite les probl\u00e8mes de derni\u00e8re minute qui peuvent nuire au projet\u201d, a-t-il dit, notant que le \u201cPrivacy by Design\u201d n\u2019est en aucun cas une perte de temps, mais une solution qui permet de gagner en performance et de pr\u00e9venir les incidents pouvant constituer une r\u00e9elle menace pour le projet.<\/p>\n\n\n\n<p>Pour sa part, le directeur des syst\u00e8mes d\u2019information de l\u2019Agence de d\u00e9veloppement du Haut Atlas (ADHA), Adil Allach, a fait observer que \u201cla protection d\u00e8s la conception\u201d n\u2019est plus une option, mais un imp\u00e9ratif qui s\u2019impose \u00e0 tout responsable souhaitant gagner la confiance des usagers et prot\u00e9ger son produit.<\/p>\n\n\n\n<p>Il a en outre rappel\u00e9 que le Maroc dispose de solutions de protection de donn\u00e9es de haute qualit\u00e9 d\u00e9velopp\u00e9es selon les standards internationaux.<\/p>\n\n\n\n<p>Le directeur des partenariats de l\u2019Agence nationale pour la soci\u00e9t\u00e9 de l\u2019information (ANSI) du Niger, Aminoulaye Mounkaila a, quant \u00e0 lui, mis l\u2019accent sur l\u2019importance des Big Data pour les \u00c9tats, en ce sens qu\u2019elles permettent de mieux comprendre et analyser les tendances, tout en facilitant la prise de d\u00e9cision et la mise en place des initiatives les plus optimales.<\/p>\n\n\n\n<p>Par ailleurs, il a insist\u00e9 sur l\u2019imp\u00e9ratif de prot\u00e9ger ces donn\u00e9es, tout en passant en revue certaines exp\u00e9riences internationales en la mati\u00e8re.<\/p>\n","protected":false},"excerpt":{"rendered":"<p>Dpress Le \u201cPrivacy by Design\u201d, principe consistant \u00e0 int\u00e9grer la protection des donn\u00e9es \u00e0 caract\u00e8re personnel d\u00e8s la conception des syst\u00e8mes informatiques, est une n\u00e9cessit\u00e9 absolue pour prot\u00e9ger les droits et libert\u00e9s, ont soulign\u00e9, mercredi \u00e0 Marrakech, les participants \u00e0 un panel, organis\u00e9 dans le cadre de la 4e \u00e9dition du GITEX Africa Morocco (7-9 &hellip;<\/p>\n","protected":false},"author":2,"featured_media":28005,"comment_status":"open","ping_status":"open","sticky":false,"template":"","format":"standard","meta":{"footnotes":""},"categories":[25],"tags":[],"class_list":["post-28004","post","type-post","status-publish","format-standard","has-post-thumbnail","hentry","category-economie"],"yoast_head":"<!-- This site is optimized with the Yoast SEO plugin v27.5 - https:\/\/yoast.com\/product\/yoast-seo-wordpress\/ -->\n<title>Marrakech: Le \u201cPrivacy by Design\u201d, une n\u00e9cessit\u00e9 absolue pour prot\u00e9ger les droits \u00e0 l\u2019\u00e8re du Big Data - Dpress.ma\/fr<\/title>\n<meta name=\"robots\" content=\"index, follow, max-snippet:-1, max-image-preview:large, max-video-preview:-1\" \/>\n<link rel=\"canonical\" href=\"https:\/\/dpress.ma\/fr\/2026\/04\/09\/marrakech-le-privacy-by-design-une-necessite-absolue-pour-proteger-les-droits-a-lere-du-big-data\/\" \/>\n<meta property=\"og:locale\" content=\"fr_FR\" \/>\n<meta property=\"og:type\" content=\"article\" \/>\n<meta property=\"og:title\" content=\"Marrakech: Le \u201cPrivacy by Design\u201d, une n\u00e9cessit\u00e9 absolue pour prot\u00e9ger les droits \u00e0 l\u2019\u00e8re du Big Data - Dpress.ma\/fr\" \/>\n<meta property=\"og:description\" content=\"Dpress Le \u201cPrivacy by Design\u201d, principe consistant \u00e0 int\u00e9grer la protection des donn\u00e9es \u00e0 caract\u00e8re personnel d\u00e8s la conception des syst\u00e8mes informatiques, est une n\u00e9cessit\u00e9 absolue pour prot\u00e9ger les droits et libert\u00e9s, ont soulign\u00e9, mercredi \u00e0 Marrakech, les participants \u00e0 un panel, organis\u00e9 dans le cadre de la 4e \u00e9dition du GITEX Africa Morocco (7-9 &hellip;\" \/>\n<meta property=\"og:url\" content=\"https:\/\/dpress.ma\/fr\/2026\/04\/09\/marrakech-le-privacy-by-design-une-necessite-absolue-pour-proteger-les-droits-a-lere-du-big-data\/\" \/>\n<meta property=\"og:site_name\" content=\"Dpress.ma\/fr\" \/>\n<meta property=\"article:published_time\" content=\"2026-04-09T09:45:17+00:00\" \/>\n<meta property=\"article:modified_time\" content=\"2026-04-09T09:45:19+00:00\" \/>\n<meta property=\"og:image\" content=\"https:\/\/dpress.ma\/fr\/wp-content\/uploads\/sites\/2\/2026\/04\/48-6.jpg\" \/>\n\t<meta property=\"og:image:width\" content=\"2539\" \/>\n\t<meta property=\"og:image:height\" content=\"1594\" \/>\n\t<meta property=\"og:image:type\" content=\"image\/jpeg\" \/>\n<meta name=\"author\" content=\"Dpress.ma\" \/>\n<meta name=\"twitter:card\" content=\"summary_large_image\" \/>\n<meta name=\"twitter:label1\" content=\"\u00c9crit par\" \/>\n\t<meta name=\"twitter:data1\" content=\"Dpress.ma\" \/>\n\t<meta name=\"twitter:label2\" content=\"Dur\u00e9e de lecture estim\u00e9e\" \/>\n\t<meta name=\"twitter:data2\" content=\"3 minutes\" \/>\n<script type=\"application\/ld+json\" class=\"yoast-schema-graph\">{\"@context\":\"https:\\\/\\\/schema.org\",\"@graph\":[{\"@type\":\"Article\",\"@id\":\"https:\\\/\\\/dpress.ma\\\/fr\\\/2026\\\/04\\\/09\\\/marrakech-le-privacy-by-design-une-necessite-absolue-pour-proteger-les-droits-a-lere-du-big-data\\\/#article\",\"isPartOf\":{\"@id\":\"https:\\\/\\\/dpress.ma\\\/fr\\\/2026\\\/04\\\/09\\\/marrakech-le-privacy-by-design-une-necessite-absolue-pour-proteger-les-droits-a-lere-du-big-data\\\/\"},\"author\":{\"name\":\"Dpress.ma\",\"@id\":\"https:\\\/\\\/dpress.ma\\\/fr\\\/#\\\/schema\\\/person\\\/4898febf3ccd59e6578d838656a306a0\"},\"headline\":\"Marrakech: Le \u201cPrivacy by Design\u201d, une n\u00e9cessit\u00e9 absolue pour prot\u00e9ger les droits \u00e0 l\u2019\u00e8re du Big Data\",\"datePublished\":\"2026-04-09T09:45:17+00:00\",\"dateModified\":\"2026-04-09T09:45:19+00:00\",\"mainEntityOfPage\":{\"@id\":\"https:\\\/\\\/dpress.ma\\\/fr\\\/2026\\\/04\\\/09\\\/marrakech-le-privacy-by-design-une-necessite-absolue-pour-proteger-les-droits-a-lere-du-big-data\\\/\"},\"wordCount\":524,\"commentCount\":0,\"image\":{\"@id\":\"https:\\\/\\\/dpress.ma\\\/fr\\\/2026\\\/04\\\/09\\\/marrakech-le-privacy-by-design-une-necessite-absolue-pour-proteger-les-droits-a-lere-du-big-data\\\/#primaryimage\"},\"thumbnailUrl\":\"https:\\\/\\\/dpress.ma\\\/fr\\\/wp-content\\\/uploads\\\/sites\\\/2\\\/2026\\\/04\\\/48-6.jpg\",\"articleSection\":[\"\u00c9conomie\"],\"inLanguage\":\"fr-FR\",\"potentialAction\":[{\"@type\":\"CommentAction\",\"name\":\"Comment\",\"target\":[\"https:\\\/\\\/dpress.ma\\\/fr\\\/2026\\\/04\\\/09\\\/marrakech-le-privacy-by-design-une-necessite-absolue-pour-proteger-les-droits-a-lere-du-big-data\\\/#respond\"]}]},{\"@type\":\"WebPage\",\"@id\":\"https:\\\/\\\/dpress.ma\\\/fr\\\/2026\\\/04\\\/09\\\/marrakech-le-privacy-by-design-une-necessite-absolue-pour-proteger-les-droits-a-lere-du-big-data\\\/\",\"url\":\"https:\\\/\\\/dpress.ma\\\/fr\\\/2026\\\/04\\\/09\\\/marrakech-le-privacy-by-design-une-necessite-absolue-pour-proteger-les-droits-a-lere-du-big-data\\\/\",\"name\":\"Marrakech: Le \u201cPrivacy by Design\u201d, une n\u00e9cessit\u00e9 absolue pour prot\u00e9ger les droits \u00e0 l\u2019\u00e8re du Big Data - Dpress.ma\\\/fr\",\"isPartOf\":{\"@id\":\"https:\\\/\\\/dpress.ma\\\/fr\\\/#website\"},\"primaryImageOfPage\":{\"@id\":\"https:\\\/\\\/dpress.ma\\\/fr\\\/2026\\\/04\\\/09\\\/marrakech-le-privacy-by-design-une-necessite-absolue-pour-proteger-les-droits-a-lere-du-big-data\\\/#primaryimage\"},\"image\":{\"@id\":\"https:\\\/\\\/dpress.ma\\\/fr\\\/2026\\\/04\\\/09\\\/marrakech-le-privacy-by-design-une-necessite-absolue-pour-proteger-les-droits-a-lere-du-big-data\\\/#primaryimage\"},\"thumbnailUrl\":\"https:\\\/\\\/dpress.ma\\\/fr\\\/wp-content\\\/uploads\\\/sites\\\/2\\\/2026\\\/04\\\/48-6.jpg\",\"datePublished\":\"2026-04-09T09:45:17+00:00\",\"dateModified\":\"2026-04-09T09:45:19+00:00\",\"author\":{\"@id\":\"https:\\\/\\\/dpress.ma\\\/fr\\\/#\\\/schema\\\/person\\\/4898febf3ccd59e6578d838656a306a0\"},\"breadcrumb\":{\"@id\":\"https:\\\/\\\/dpress.ma\\\/fr\\\/2026\\\/04\\\/09\\\/marrakech-le-privacy-by-design-une-necessite-absolue-pour-proteger-les-droits-a-lere-du-big-data\\\/#breadcrumb\"},\"inLanguage\":\"fr-FR\",\"potentialAction\":[{\"@type\":\"ReadAction\",\"target\":[\"https:\\\/\\\/dpress.ma\\\/fr\\\/2026\\\/04\\\/09\\\/marrakech-le-privacy-by-design-une-necessite-absolue-pour-proteger-les-droits-a-lere-du-big-data\\\/\"]}]},{\"@type\":\"ImageObject\",\"inLanguage\":\"fr-FR\",\"@id\":\"https:\\\/\\\/dpress.ma\\\/fr\\\/2026\\\/04\\\/09\\\/marrakech-le-privacy-by-design-une-necessite-absolue-pour-proteger-les-droits-a-lere-du-big-data\\\/#primaryimage\",\"url\":\"https:\\\/\\\/dpress.ma\\\/fr\\\/wp-content\\\/uploads\\\/sites\\\/2\\\/2026\\\/04\\\/48-6.jpg\",\"contentUrl\":\"https:\\\/\\\/dpress.ma\\\/fr\\\/wp-content\\\/uploads\\\/sites\\\/2\\\/2026\\\/04\\\/48-6.jpg\",\"width\":2539,\"height\":1594},{\"@type\":\"BreadcrumbList\",\"@id\":\"https:\\\/\\\/dpress.ma\\\/fr\\\/2026\\\/04\\\/09\\\/marrakech-le-privacy-by-design-une-necessite-absolue-pour-proteger-les-droits-a-lere-du-big-data\\\/#breadcrumb\",\"itemListElement\":[{\"@type\":\"ListItem\",\"position\":1,\"name\":\"Home\",\"item\":\"https:\\\/\\\/dpress.ma\\\/fr\\\/\"},{\"@type\":\"ListItem\",\"position\":2,\"name\":\"Marrakech: Le \u201cPrivacy by Design\u201d, une n\u00e9cessit\u00e9 absolue pour prot\u00e9ger les droits \u00e0 l\u2019\u00e8re du Big Data\"}]},{\"@type\":\"WebSite\",\"@id\":\"https:\\\/\\\/dpress.ma\\\/fr\\\/#website\",\"url\":\"https:\\\/\\\/dpress.ma\\\/fr\\\/\",\"name\":\"Dpress.ma\\\/fr\",\"description\":\"\",\"potentialAction\":[{\"@type\":\"SearchAction\",\"target\":{\"@type\":\"EntryPoint\",\"urlTemplate\":\"https:\\\/\\\/dpress.ma\\\/fr\\\/?s={search_term_string}\"},\"query-input\":{\"@type\":\"PropertyValueSpecification\",\"valueRequired\":true,\"valueName\":\"search_term_string\"}}],\"inLanguage\":\"fr-FR\"},{\"@type\":\"Person\",\"@id\":\"https:\\\/\\\/dpress.ma\\\/fr\\\/#\\\/schema\\\/person\\\/4898febf3ccd59e6578d838656a306a0\",\"name\":\"Dpress.ma\",\"image\":{\"@type\":\"ImageObject\",\"inLanguage\":\"fr-FR\",\"@id\":\"https:\\\/\\\/secure.gravatar.com\\\/avatar\\\/72ecc30e9db047a2e0e7176561eb9d564ed77c8108376495b19bd8336405198a?s=96&d=mm&r=g\",\"url\":\"https:\\\/\\\/secure.gravatar.com\\\/avatar\\\/72ecc30e9db047a2e0e7176561eb9d564ed77c8108376495b19bd8336405198a?s=96&d=mm&r=g\",\"contentUrl\":\"https:\\\/\\\/secure.gravatar.com\\\/avatar\\\/72ecc30e9db047a2e0e7176561eb9d564ed77c8108376495b19bd8336405198a?s=96&d=mm&r=g\",\"caption\":\"Dpress.ma\"},\"sameAs\":[\"https:\\\/\\\/www.dpress.ma\"],\"url\":\"https:\\\/\\\/dpress.ma\\\/fr\\\/author\\\/dpress-ma\\\/\"}]}<\/script>\n<!-- \/ Yoast SEO plugin. -->","yoast_head_json":{"title":"Marrakech: Le \u201cPrivacy by Design\u201d, une n\u00e9cessit\u00e9 absolue pour prot\u00e9ger les droits \u00e0 l\u2019\u00e8re du Big Data - Dpress.ma\/fr","robots":{"index":"index","follow":"follow","max-snippet":"max-snippet:-1","max-image-preview":"max-image-preview:large","max-video-preview":"max-video-preview:-1"},"canonical":"https:\/\/dpress.ma\/fr\/2026\/04\/09\/marrakech-le-privacy-by-design-une-necessite-absolue-pour-proteger-les-droits-a-lere-du-big-data\/","og_locale":"fr_FR","og_type":"article","og_title":"Marrakech: Le \u201cPrivacy by Design\u201d, une n\u00e9cessit\u00e9 absolue pour prot\u00e9ger les droits \u00e0 l\u2019\u00e8re du Big Data - Dpress.ma\/fr","og_description":"Dpress Le \u201cPrivacy by Design\u201d, principe consistant \u00e0 int\u00e9grer la protection des donn\u00e9es \u00e0 caract\u00e8re personnel d\u00e8s la conception des syst\u00e8mes informatiques, est une n\u00e9cessit\u00e9 absolue pour prot\u00e9ger les droits et libert\u00e9s, ont soulign\u00e9, mercredi \u00e0 Marrakech, les participants \u00e0 un panel, organis\u00e9 dans le cadre de la 4e \u00e9dition du GITEX Africa Morocco (7-9 &hellip;","og_url":"https:\/\/dpress.ma\/fr\/2026\/04\/09\/marrakech-le-privacy-by-design-une-necessite-absolue-pour-proteger-les-droits-a-lere-du-big-data\/","og_site_name":"Dpress.ma\/fr","article_published_time":"2026-04-09T09:45:17+00:00","article_modified_time":"2026-04-09T09:45:19+00:00","og_image":[{"width":2539,"height":1594,"url":"https:\/\/dpress.ma\/fr\/wp-content\/uploads\/sites\/2\/2026\/04\/48-6.jpg","type":"image\/jpeg"}],"author":"Dpress.ma","twitter_card":"summary_large_image","twitter_misc":{"\u00c9crit par":"Dpress.ma","Dur\u00e9e de lecture estim\u00e9e":"3 minutes"},"schema":{"@context":"https:\/\/schema.org","@graph":[{"@type":"Article","@id":"https:\/\/dpress.ma\/fr\/2026\/04\/09\/marrakech-le-privacy-by-design-une-necessite-absolue-pour-proteger-les-droits-a-lere-du-big-data\/#article","isPartOf":{"@id":"https:\/\/dpress.ma\/fr\/2026\/04\/09\/marrakech-le-privacy-by-design-une-necessite-absolue-pour-proteger-les-droits-a-lere-du-big-data\/"},"author":{"name":"Dpress.ma","@id":"https:\/\/dpress.ma\/fr\/#\/schema\/person\/4898febf3ccd59e6578d838656a306a0"},"headline":"Marrakech: Le \u201cPrivacy by Design\u201d, une n\u00e9cessit\u00e9 absolue pour prot\u00e9ger les droits \u00e0 l\u2019\u00e8re du Big Data","datePublished":"2026-04-09T09:45:17+00:00","dateModified":"2026-04-09T09:45:19+00:00","mainEntityOfPage":{"@id":"https:\/\/dpress.ma\/fr\/2026\/04\/09\/marrakech-le-privacy-by-design-une-necessite-absolue-pour-proteger-les-droits-a-lere-du-big-data\/"},"wordCount":524,"commentCount":0,"image":{"@id":"https:\/\/dpress.ma\/fr\/2026\/04\/09\/marrakech-le-privacy-by-design-une-necessite-absolue-pour-proteger-les-droits-a-lere-du-big-data\/#primaryimage"},"thumbnailUrl":"https:\/\/dpress.ma\/fr\/wp-content\/uploads\/sites\/2\/2026\/04\/48-6.jpg","articleSection":["\u00c9conomie"],"inLanguage":"fr-FR","potentialAction":[{"@type":"CommentAction","name":"Comment","target":["https:\/\/dpress.ma\/fr\/2026\/04\/09\/marrakech-le-privacy-by-design-une-necessite-absolue-pour-proteger-les-droits-a-lere-du-big-data\/#respond"]}]},{"@type":"WebPage","@id":"https:\/\/dpress.ma\/fr\/2026\/04\/09\/marrakech-le-privacy-by-design-une-necessite-absolue-pour-proteger-les-droits-a-lere-du-big-data\/","url":"https:\/\/dpress.ma\/fr\/2026\/04\/09\/marrakech-le-privacy-by-design-une-necessite-absolue-pour-proteger-les-droits-a-lere-du-big-data\/","name":"Marrakech: Le \u201cPrivacy by Design\u201d, une n\u00e9cessit\u00e9 absolue pour prot\u00e9ger les droits \u00e0 l\u2019\u00e8re du Big Data - Dpress.ma\/fr","isPartOf":{"@id":"https:\/\/dpress.ma\/fr\/#website"},"primaryImageOfPage":{"@id":"https:\/\/dpress.ma\/fr\/2026\/04\/09\/marrakech-le-privacy-by-design-une-necessite-absolue-pour-proteger-les-droits-a-lere-du-big-data\/#primaryimage"},"image":{"@id":"https:\/\/dpress.ma\/fr\/2026\/04\/09\/marrakech-le-privacy-by-design-une-necessite-absolue-pour-proteger-les-droits-a-lere-du-big-data\/#primaryimage"},"thumbnailUrl":"https:\/\/dpress.ma\/fr\/wp-content\/uploads\/sites\/2\/2026\/04\/48-6.jpg","datePublished":"2026-04-09T09:45:17+00:00","dateModified":"2026-04-09T09:45:19+00:00","author":{"@id":"https:\/\/dpress.ma\/fr\/#\/schema\/person\/4898febf3ccd59e6578d838656a306a0"},"breadcrumb":{"@id":"https:\/\/dpress.ma\/fr\/2026\/04\/09\/marrakech-le-privacy-by-design-une-necessite-absolue-pour-proteger-les-droits-a-lere-du-big-data\/#breadcrumb"},"inLanguage":"fr-FR","potentialAction":[{"@type":"ReadAction","target":["https:\/\/dpress.ma\/fr\/2026\/04\/09\/marrakech-le-privacy-by-design-une-necessite-absolue-pour-proteger-les-droits-a-lere-du-big-data\/"]}]},{"@type":"ImageObject","inLanguage":"fr-FR","@id":"https:\/\/dpress.ma\/fr\/2026\/04\/09\/marrakech-le-privacy-by-design-une-necessite-absolue-pour-proteger-les-droits-a-lere-du-big-data\/#primaryimage","url":"https:\/\/dpress.ma\/fr\/wp-content\/uploads\/sites\/2\/2026\/04\/48-6.jpg","contentUrl":"https:\/\/dpress.ma\/fr\/wp-content\/uploads\/sites\/2\/2026\/04\/48-6.jpg","width":2539,"height":1594},{"@type":"BreadcrumbList","@id":"https:\/\/dpress.ma\/fr\/2026\/04\/09\/marrakech-le-privacy-by-design-une-necessite-absolue-pour-proteger-les-droits-a-lere-du-big-data\/#breadcrumb","itemListElement":[{"@type":"ListItem","position":1,"name":"Home","item":"https:\/\/dpress.ma\/fr\/"},{"@type":"ListItem","position":2,"name":"Marrakech: Le \u201cPrivacy by Design\u201d, une n\u00e9cessit\u00e9 absolue pour prot\u00e9ger les droits \u00e0 l\u2019\u00e8re du Big Data"}]},{"@type":"WebSite","@id":"https:\/\/dpress.ma\/fr\/#website","url":"https:\/\/dpress.ma\/fr\/","name":"Dpress.ma\/fr","description":"","potentialAction":[{"@type":"SearchAction","target":{"@type":"EntryPoint","urlTemplate":"https:\/\/dpress.ma\/fr\/?s={search_term_string}"},"query-input":{"@type":"PropertyValueSpecification","valueRequired":true,"valueName":"search_term_string"}}],"inLanguage":"fr-FR"},{"@type":"Person","@id":"https:\/\/dpress.ma\/fr\/#\/schema\/person\/4898febf3ccd59e6578d838656a306a0","name":"Dpress.ma","image":{"@type":"ImageObject","inLanguage":"fr-FR","@id":"https:\/\/secure.gravatar.com\/avatar\/72ecc30e9db047a2e0e7176561eb9d564ed77c8108376495b19bd8336405198a?s=96&d=mm&r=g","url":"https:\/\/secure.gravatar.com\/avatar\/72ecc30e9db047a2e0e7176561eb9d564ed77c8108376495b19bd8336405198a?s=96&d=mm&r=g","contentUrl":"https:\/\/secure.gravatar.com\/avatar\/72ecc30e9db047a2e0e7176561eb9d564ed77c8108376495b19bd8336405198a?s=96&d=mm&r=g","caption":"Dpress.ma"},"sameAs":["https:\/\/www.dpress.ma"],"url":"https:\/\/dpress.ma\/fr\/author\/dpress-ma\/"}]}},"amp_enabled":true,"_links":{"self":[{"href":"https:\/\/dpress.ma\/fr\/wp-json\/wp\/v2\/posts\/28004","targetHints":{"allow":["GET"]}}],"collection":[{"href":"https:\/\/dpress.ma\/fr\/wp-json\/wp\/v2\/posts"}],"about":[{"href":"https:\/\/dpress.ma\/fr\/wp-json\/wp\/v2\/types\/post"}],"author":[{"embeddable":true,"href":"https:\/\/dpress.ma\/fr\/wp-json\/wp\/v2\/users\/2"}],"replies":[{"embeddable":true,"href":"https:\/\/dpress.ma\/fr\/wp-json\/wp\/v2\/comments?post=28004"}],"version-history":[{"count":1,"href":"https:\/\/dpress.ma\/fr\/wp-json\/wp\/v2\/posts\/28004\/revisions"}],"predecessor-version":[{"id":28006,"href":"https:\/\/dpress.ma\/fr\/wp-json\/wp\/v2\/posts\/28004\/revisions\/28006"}],"wp:featuredmedia":[{"embeddable":true,"href":"https:\/\/dpress.ma\/fr\/wp-json\/wp\/v2\/media\/28005"}],"wp:attachment":[{"href":"https:\/\/dpress.ma\/fr\/wp-json\/wp\/v2\/media?parent=28004"}],"wp:term":[{"taxonomy":"category","embeddable":true,"href":"https:\/\/dpress.ma\/fr\/wp-json\/wp\/v2\/categories?post=28004"},{"taxonomy":"post_tag","embeddable":true,"href":"https:\/\/dpress.ma\/fr\/wp-json\/wp\/v2\/tags?post=28004"}],"curies":[{"name":"wp","href":"https:\/\/api.w.org\/{rel}","templated":true}]}}