{"id":27986,"date":"2026-04-09T09:36:48","date_gmt":"2026-04-09T09:36:48","guid":{"rendered":"https:\/\/dpress.ma\/fr\/?p=27986"},"modified":"2026-04-09T09:36:51","modified_gmt":"2026-04-09T09:36:51","slug":"maroc-mercosur-mm-mezzour-et-gamarra-discutent-du-renforcement-du-partenariat-industriel-et-des-echanges-economiques","status":"publish","type":"post","link":"https:\/\/dpress.ma\/fr\/2026\/04\/09\/maroc-mercosur-mm-mezzour-et-gamarra-discutent-du-renforcement-du-partenariat-industriel-et-des-echanges-economiques\/","title":{"rendered":"Maroc-Mercosur : MM. Mezzour et Gamarra discutent du renforcement du partenariat industriel et des \u00e9changes \u00e9conomiques"},"content":{"rendered":"\n<p>Dpress<\/p>\n\n\n\n<p>Les perspectives de renforcement de la coop\u00e9ration \u00e9conomique et industrielle entre le Maroc et les pays d\u2019Am\u00e9rique du Sud ont \u00e9t\u00e9 au centre d\u2019entretiens, mercredi \u00e0 Rabat, entre le ministre de l\u2019Industrie et du Commerce, Ryad Mezzour, et le pr\u00e9sident du Parlement du March\u00e9 commun du Sud (Mercosur), Rodrigo Gamarra qui effectue une visite de travail au Maroc.<\/p>\n\n\n\n<p>Cette visite s\u2019inscrit dans le cadre du partenariat que le Royaume d\u00e9veloppe avec les pays d\u2019Am\u00e9rique du Sud, sous l\u2019impulsion de Sa Majest\u00e9 le Roi Mohammed VI.&nbsp;\u00c0 cette occasion, MM. Mezzour et Gamarra ont mis en avant la volont\u00e9 commune de concr\u00e9tiser ce partenariat \u00e0 travers des projets et des initiatives \u00e0 fort impact.<\/p>\n\n\n\n<p>Dans ce sens, le ministre de l\u2019Industrie et du Commerce a soulign\u00e9 que le Maroc conna\u00eet une dynamique soutenue de d\u00e9veloppement \u00e9conomique et de d\u00e9ploiement de projets structurants, ouvrant la voie \u00e0 de nouvelles opportunit\u00e9s de coop\u00e9ration.<\/p>\n\n\n\n<p>Il a \u00e9galement mis en exergue les perspectives offertes en mati\u00e8re d\u2019investissements et de renforcement des \u00e9changes commerciaux, ainsi que l\u2019importance du dialogue politique sur les questions d\u2019int\u00e9r\u00eat commun.<\/p>\n\n\n\n<p>De son c\u00f4t\u00e9, M. Gamarra a fait savoir que les discussions ont port\u00e9 sur des domaines d\u2019int\u00e9r\u00eat partag\u00e9, notamment l\u2019industrie, la promotion de l\u2019emploi, la production et le d\u00e9veloppement des \u00e9conomies.<\/p>\n\n\n\n<p>Il a, en outre, mis en avant le potentiel consid\u00e9rable de l\u2019Am\u00e9rique du Sud en tant que partenaire strat\u00e9gique de l\u2019Afrique, affirmant que le Maroc constitue une porte d\u2019entr\u00e9e vers le monde arabe.<\/p>\n\n\n\n<p>M. Gamarra a fait part de son souhait de voir \u00e9merger, \u00e0 court terme, des projets communs d\u2019envergure, avant de saluer&nbsp;les initiatives engag\u00e9es par le Royaume dans le domaine industriel.<\/p>\n\n\n\n<p>Il s\u2019est dit impressionn\u00e9 par la dynamique de travail et de production observ\u00e9e, exprimant l\u2019ambition de faire du Mercosur une passerelle vers l\u2019Am\u00e9rique du Sud, dans le cadre d\u2019un partenariat mutuellement b\u00e9n\u00e9fique.<\/p>\n","protected":false},"excerpt":{"rendered":"<p>Dpress Les perspectives de renforcement de la coop\u00e9ration \u00e9conomique et industrielle entre le Maroc et les pays d\u2019Am\u00e9rique du Sud ont \u00e9t\u00e9 au centre d\u2019entretiens, mercredi \u00e0 Rabat, entre le ministre de l\u2019Industrie et du Commerce, Ryad Mezzour, et le pr\u00e9sident du Parlement du March\u00e9 commun du Sud (Mercosur), Rodrigo Gamarra qui effectue une visite &hellip;<\/p>\n","protected":false},"author":2,"featured_media":27987,"comment_status":"open","ping_status":"open","sticky":false,"template":"","format":"standard","meta":{"footnotes":""},"categories":[25],"tags":[],"class_list":["post-27986","post","type-post","status-publish","format-standard","has-post-thumbnail","hentry","category-economie"],"yoast_head":"<!-- This site is optimized with the Yoast SEO plugin v27.5 - https:\/\/yoast.com\/product\/yoast-seo-wordpress\/ -->\n<title>Maroc-Mercosur : MM. Mezzour et Gamarra discutent du renforcement du partenariat industriel et des \u00e9changes \u00e9conomiques - Dpress.ma\/fr<\/title>\n<meta name=\"robots\" content=\"index, follow, max-snippet:-1, max-image-preview:large, max-video-preview:-1\" \/>\n<link rel=\"canonical\" href=\"https:\/\/dpress.ma\/fr\/2026\/04\/09\/maroc-mercosur-mm-mezzour-et-gamarra-discutent-du-renforcement-du-partenariat-industriel-et-des-echanges-economiques\/\" \/>\n<meta property=\"og:locale\" content=\"fr_FR\" \/>\n<meta property=\"og:type\" content=\"article\" \/>\n<meta property=\"og:title\" content=\"Maroc-Mercosur : MM. Mezzour et Gamarra discutent du renforcement du partenariat industriel et des \u00e9changes \u00e9conomiques - Dpress.ma\/fr\" \/>\n<meta property=\"og:description\" content=\"Dpress Les perspectives de renforcement de la coop\u00e9ration \u00e9conomique et industrielle entre le Maroc et les pays d\u2019Am\u00e9rique du Sud ont \u00e9t\u00e9 au centre d\u2019entretiens, mercredi \u00e0 Rabat, entre le ministre de l\u2019Industrie et du Commerce, Ryad Mezzour, et le pr\u00e9sident du Parlement du March\u00e9 commun du Sud (Mercosur), Rodrigo Gamarra qui effectue une visite &hellip;\" \/>\n<meta property=\"og:url\" content=\"https:\/\/dpress.ma\/fr\/2026\/04\/09\/maroc-mercosur-mm-mezzour-et-gamarra-discutent-du-renforcement-du-partenariat-industriel-et-des-echanges-economiques\/\" \/>\n<meta property=\"og:site_name\" content=\"Dpress.ma\/fr\" \/>\n<meta property=\"article:published_time\" content=\"2026-04-09T09:36:48+00:00\" \/>\n<meta property=\"article:modified_time\" content=\"2026-04-09T09:36:51+00:00\" \/>\n<meta property=\"og:image\" content=\"https:\/\/dpress.ma\/fr\/wp-content\/uploads\/sites\/2\/2026\/04\/42-5.jpg\" \/>\n\t<meta property=\"og:image:width\" content=\"2539\" \/>\n\t<meta property=\"og:image:height\" content=\"1594\" \/>\n\t<meta property=\"og:image:type\" content=\"image\/jpeg\" \/>\n<meta name=\"author\" content=\"Dpress.ma\" \/>\n<meta name=\"twitter:card\" content=\"summary_large_image\" \/>\n<meta name=\"twitter:label1\" content=\"\u00c9crit par\" \/>\n\t<meta name=\"twitter:data1\" content=\"Dpress.ma\" \/>\n\t<meta name=\"twitter:label2\" content=\"Dur\u00e9e de lecture estim\u00e9e\" \/>\n\t<meta name=\"twitter:data2\" content=\"2 minutes\" \/>\n<script type=\"application\/ld+json\" class=\"yoast-schema-graph\">{\"@context\":\"https:\\\/\\\/schema.org\",\"@graph\":[{\"@type\":\"Article\",\"@id\":\"https:\\\/\\\/dpress.ma\\\/fr\\\/2026\\\/04\\\/09\\\/maroc-mercosur-mm-mezzour-et-gamarra-discutent-du-renforcement-du-partenariat-industriel-et-des-echanges-economiques\\\/#article\",\"isPartOf\":{\"@id\":\"https:\\\/\\\/dpress.ma\\\/fr\\\/2026\\\/04\\\/09\\\/maroc-mercosur-mm-mezzour-et-gamarra-discutent-du-renforcement-du-partenariat-industriel-et-des-echanges-economiques\\\/\"},\"author\":{\"name\":\"Dpress.ma\",\"@id\":\"https:\\\/\\\/dpress.ma\\\/fr\\\/#\\\/schema\\\/person\\\/4898febf3ccd59e6578d838656a306a0\"},\"headline\":\"Maroc-Mercosur : MM. Mezzour et Gamarra discutent du renforcement du partenariat industriel et des \u00e9changes \u00e9conomiques\",\"datePublished\":\"2026-04-09T09:36:48+00:00\",\"dateModified\":\"2026-04-09T09:36:51+00:00\",\"mainEntityOfPage\":{\"@id\":\"https:\\\/\\\/dpress.ma\\\/fr\\\/2026\\\/04\\\/09\\\/maroc-mercosur-mm-mezzour-et-gamarra-discutent-du-renforcement-du-partenariat-industriel-et-des-echanges-economiques\\\/\"},\"wordCount\":366,\"commentCount\":0,\"image\":{\"@id\":\"https:\\\/\\\/dpress.ma\\\/fr\\\/2026\\\/04\\\/09\\\/maroc-mercosur-mm-mezzour-et-gamarra-discutent-du-renforcement-du-partenariat-industriel-et-des-echanges-economiques\\\/#primaryimage\"},\"thumbnailUrl\":\"https:\\\/\\\/dpress.ma\\\/fr\\\/wp-content\\\/uploads\\\/sites\\\/2\\\/2026\\\/04\\\/42-5.jpg\",\"articleSection\":[\"\u00c9conomie\"],\"inLanguage\":\"fr-FR\",\"potentialAction\":[{\"@type\":\"CommentAction\",\"name\":\"Comment\",\"target\":[\"https:\\\/\\\/dpress.ma\\\/fr\\\/2026\\\/04\\\/09\\\/maroc-mercosur-mm-mezzour-et-gamarra-discutent-du-renforcement-du-partenariat-industriel-et-des-echanges-economiques\\\/#respond\"]}]},{\"@type\":\"WebPage\",\"@id\":\"https:\\\/\\\/dpress.ma\\\/fr\\\/2026\\\/04\\\/09\\\/maroc-mercosur-mm-mezzour-et-gamarra-discutent-du-renforcement-du-partenariat-industriel-et-des-echanges-economiques\\\/\",\"url\":\"https:\\\/\\\/dpress.ma\\\/fr\\\/2026\\\/04\\\/09\\\/maroc-mercosur-mm-mezzour-et-gamarra-discutent-du-renforcement-du-partenariat-industriel-et-des-echanges-economiques\\\/\",\"name\":\"Maroc-Mercosur : MM. Mezzour et Gamarra discutent du renforcement du partenariat industriel et des \u00e9changes \u00e9conomiques - Dpress.ma\\\/fr\",\"isPartOf\":{\"@id\":\"https:\\\/\\\/dpress.ma\\\/fr\\\/#website\"},\"primaryImageOfPage\":{\"@id\":\"https:\\\/\\\/dpress.ma\\\/fr\\\/2026\\\/04\\\/09\\\/maroc-mercosur-mm-mezzour-et-gamarra-discutent-du-renforcement-du-partenariat-industriel-et-des-echanges-economiques\\\/#primaryimage\"},\"image\":{\"@id\":\"https:\\\/\\\/dpress.ma\\\/fr\\\/2026\\\/04\\\/09\\\/maroc-mercosur-mm-mezzour-et-gamarra-discutent-du-renforcement-du-partenariat-industriel-et-des-echanges-economiques\\\/#primaryimage\"},\"thumbnailUrl\":\"https:\\\/\\\/dpress.ma\\\/fr\\\/wp-content\\\/uploads\\\/sites\\\/2\\\/2026\\\/04\\\/42-5.jpg\",\"datePublished\":\"2026-04-09T09:36:48+00:00\",\"dateModified\":\"2026-04-09T09:36:51+00:00\",\"author\":{\"@id\":\"https:\\\/\\\/dpress.ma\\\/fr\\\/#\\\/schema\\\/person\\\/4898febf3ccd59e6578d838656a306a0\"},\"breadcrumb\":{\"@id\":\"https:\\\/\\\/dpress.ma\\\/fr\\\/2026\\\/04\\\/09\\\/maroc-mercosur-mm-mezzour-et-gamarra-discutent-du-renforcement-du-partenariat-industriel-et-des-echanges-economiques\\\/#breadcrumb\"},\"inLanguage\":\"fr-FR\",\"potentialAction\":[{\"@type\":\"ReadAction\",\"target\":[\"https:\\\/\\\/dpress.ma\\\/fr\\\/2026\\\/04\\\/09\\\/maroc-mercosur-mm-mezzour-et-gamarra-discutent-du-renforcement-du-partenariat-industriel-et-des-echanges-economiques\\\/\"]}]},{\"@type\":\"ImageObject\",\"inLanguage\":\"fr-FR\",\"@id\":\"https:\\\/\\\/dpress.ma\\\/fr\\\/2026\\\/04\\\/09\\\/maroc-mercosur-mm-mezzour-et-gamarra-discutent-du-renforcement-du-partenariat-industriel-et-des-echanges-economiques\\\/#primaryimage\",\"url\":\"https:\\\/\\\/dpress.ma\\\/fr\\\/wp-content\\\/uploads\\\/sites\\\/2\\\/2026\\\/04\\\/42-5.jpg\",\"contentUrl\":\"https:\\\/\\\/dpress.ma\\\/fr\\\/wp-content\\\/uploads\\\/sites\\\/2\\\/2026\\\/04\\\/42-5.jpg\",\"width\":2539,\"height\":1594},{\"@type\":\"BreadcrumbList\",\"@id\":\"https:\\\/\\\/dpress.ma\\\/fr\\\/2026\\\/04\\\/09\\\/maroc-mercosur-mm-mezzour-et-gamarra-discutent-du-renforcement-du-partenariat-industriel-et-des-echanges-economiques\\\/#breadcrumb\",\"itemListElement\":[{\"@type\":\"ListItem\",\"position\":1,\"name\":\"Home\",\"item\":\"https:\\\/\\\/dpress.ma\\\/fr\\\/\"},{\"@type\":\"ListItem\",\"position\":2,\"name\":\"Maroc-Mercosur : MM. Mezzour et Gamarra discutent du renforcement du partenariat industriel et des \u00e9changes \u00e9conomiques\"}]},{\"@type\":\"WebSite\",\"@id\":\"https:\\\/\\\/dpress.ma\\\/fr\\\/#website\",\"url\":\"https:\\\/\\\/dpress.ma\\\/fr\\\/\",\"name\":\"Dpress.ma\\\/fr\",\"description\":\"\",\"potentialAction\":[{\"@type\":\"SearchAction\",\"target\":{\"@type\":\"EntryPoint\",\"urlTemplate\":\"https:\\\/\\\/dpress.ma\\\/fr\\\/?s={search_term_string}\"},\"query-input\":{\"@type\":\"PropertyValueSpecification\",\"valueRequired\":true,\"valueName\":\"search_term_string\"}}],\"inLanguage\":\"fr-FR\"},{\"@type\":\"Person\",\"@id\":\"https:\\\/\\\/dpress.ma\\\/fr\\\/#\\\/schema\\\/person\\\/4898febf3ccd59e6578d838656a306a0\",\"name\":\"Dpress.ma\",\"image\":{\"@type\":\"ImageObject\",\"inLanguage\":\"fr-FR\",\"@id\":\"https:\\\/\\\/secure.gravatar.com\\\/avatar\\\/72ecc30e9db047a2e0e7176561eb9d564ed77c8108376495b19bd8336405198a?s=96&d=mm&r=g\",\"url\":\"https:\\\/\\\/secure.gravatar.com\\\/avatar\\\/72ecc30e9db047a2e0e7176561eb9d564ed77c8108376495b19bd8336405198a?s=96&d=mm&r=g\",\"contentUrl\":\"https:\\\/\\\/secure.gravatar.com\\\/avatar\\\/72ecc30e9db047a2e0e7176561eb9d564ed77c8108376495b19bd8336405198a?s=96&d=mm&r=g\",\"caption\":\"Dpress.ma\"},\"sameAs\":[\"https:\\\/\\\/www.dpress.ma\"],\"url\":\"https:\\\/\\\/dpress.ma\\\/fr\\\/author\\\/dpress-ma\\\/\"}]}<\/script>\n<!-- \/ Yoast SEO plugin. -->","yoast_head_json":{"title":"Maroc-Mercosur : MM. Mezzour et Gamarra discutent du renforcement du partenariat industriel et des \u00e9changes \u00e9conomiques - Dpress.ma\/fr","robots":{"index":"index","follow":"follow","max-snippet":"max-snippet:-1","max-image-preview":"max-image-preview:large","max-video-preview":"max-video-preview:-1"},"canonical":"https:\/\/dpress.ma\/fr\/2026\/04\/09\/maroc-mercosur-mm-mezzour-et-gamarra-discutent-du-renforcement-du-partenariat-industriel-et-des-echanges-economiques\/","og_locale":"fr_FR","og_type":"article","og_title":"Maroc-Mercosur : MM. Mezzour et Gamarra discutent du renforcement du partenariat industriel et des \u00e9changes \u00e9conomiques - Dpress.ma\/fr","og_description":"Dpress Les perspectives de renforcement de la coop\u00e9ration \u00e9conomique et industrielle entre le Maroc et les pays d\u2019Am\u00e9rique du Sud ont \u00e9t\u00e9 au centre d\u2019entretiens, mercredi \u00e0 Rabat, entre le ministre de l\u2019Industrie et du Commerce, Ryad Mezzour, et le pr\u00e9sident du Parlement du March\u00e9 commun du Sud (Mercosur), Rodrigo Gamarra qui effectue une visite &hellip;","og_url":"https:\/\/dpress.ma\/fr\/2026\/04\/09\/maroc-mercosur-mm-mezzour-et-gamarra-discutent-du-renforcement-du-partenariat-industriel-et-des-echanges-economiques\/","og_site_name":"Dpress.ma\/fr","article_published_time":"2026-04-09T09:36:48+00:00","article_modified_time":"2026-04-09T09:36:51+00:00","og_image":[{"width":2539,"height":1594,"url":"https:\/\/dpress.ma\/fr\/wp-content\/uploads\/sites\/2\/2026\/04\/42-5.jpg","type":"image\/jpeg"}],"author":"Dpress.ma","twitter_card":"summary_large_image","twitter_misc":{"\u00c9crit par":"Dpress.ma","Dur\u00e9e de lecture estim\u00e9e":"2 minutes"},"schema":{"@context":"https:\/\/schema.org","@graph":[{"@type":"Article","@id":"https:\/\/dpress.ma\/fr\/2026\/04\/09\/maroc-mercosur-mm-mezzour-et-gamarra-discutent-du-renforcement-du-partenariat-industriel-et-des-echanges-economiques\/#article","isPartOf":{"@id":"https:\/\/dpress.ma\/fr\/2026\/04\/09\/maroc-mercosur-mm-mezzour-et-gamarra-discutent-du-renforcement-du-partenariat-industriel-et-des-echanges-economiques\/"},"author":{"name":"Dpress.ma","@id":"https:\/\/dpress.ma\/fr\/#\/schema\/person\/4898febf3ccd59e6578d838656a306a0"},"headline":"Maroc-Mercosur : MM. Mezzour et Gamarra discutent du renforcement du partenariat industriel et des \u00e9changes \u00e9conomiques","datePublished":"2026-04-09T09:36:48+00:00","dateModified":"2026-04-09T09:36:51+00:00","mainEntityOfPage":{"@id":"https:\/\/dpress.ma\/fr\/2026\/04\/09\/maroc-mercosur-mm-mezzour-et-gamarra-discutent-du-renforcement-du-partenariat-industriel-et-des-echanges-economiques\/"},"wordCount":366,"commentCount":0,"image":{"@id":"https:\/\/dpress.ma\/fr\/2026\/04\/09\/maroc-mercosur-mm-mezzour-et-gamarra-discutent-du-renforcement-du-partenariat-industriel-et-des-echanges-economiques\/#primaryimage"},"thumbnailUrl":"https:\/\/dpress.ma\/fr\/wp-content\/uploads\/sites\/2\/2026\/04\/42-5.jpg","articleSection":["\u00c9conomie"],"inLanguage":"fr-FR","potentialAction":[{"@type":"CommentAction","name":"Comment","target":["https:\/\/dpress.ma\/fr\/2026\/04\/09\/maroc-mercosur-mm-mezzour-et-gamarra-discutent-du-renforcement-du-partenariat-industriel-et-des-echanges-economiques\/#respond"]}]},{"@type":"WebPage","@id":"https:\/\/dpress.ma\/fr\/2026\/04\/09\/maroc-mercosur-mm-mezzour-et-gamarra-discutent-du-renforcement-du-partenariat-industriel-et-des-echanges-economiques\/","url":"https:\/\/dpress.ma\/fr\/2026\/04\/09\/maroc-mercosur-mm-mezzour-et-gamarra-discutent-du-renforcement-du-partenariat-industriel-et-des-echanges-economiques\/","name":"Maroc-Mercosur : MM. Mezzour et Gamarra discutent du renforcement du partenariat industriel et des \u00e9changes \u00e9conomiques - Dpress.ma\/fr","isPartOf":{"@id":"https:\/\/dpress.ma\/fr\/#website"},"primaryImageOfPage":{"@id":"https:\/\/dpress.ma\/fr\/2026\/04\/09\/maroc-mercosur-mm-mezzour-et-gamarra-discutent-du-renforcement-du-partenariat-industriel-et-des-echanges-economiques\/#primaryimage"},"image":{"@id":"https:\/\/dpress.ma\/fr\/2026\/04\/09\/maroc-mercosur-mm-mezzour-et-gamarra-discutent-du-renforcement-du-partenariat-industriel-et-des-echanges-economiques\/#primaryimage"},"thumbnailUrl":"https:\/\/dpress.ma\/fr\/wp-content\/uploads\/sites\/2\/2026\/04\/42-5.jpg","datePublished":"2026-04-09T09:36:48+00:00","dateModified":"2026-04-09T09:36:51+00:00","author":{"@id":"https:\/\/dpress.ma\/fr\/#\/schema\/person\/4898febf3ccd59e6578d838656a306a0"},"breadcrumb":{"@id":"https:\/\/dpress.ma\/fr\/2026\/04\/09\/maroc-mercosur-mm-mezzour-et-gamarra-discutent-du-renforcement-du-partenariat-industriel-et-des-echanges-economiques\/#breadcrumb"},"inLanguage":"fr-FR","potentialAction":[{"@type":"ReadAction","target":["https:\/\/dpress.ma\/fr\/2026\/04\/09\/maroc-mercosur-mm-mezzour-et-gamarra-discutent-du-renforcement-du-partenariat-industriel-et-des-echanges-economiques\/"]}]},{"@type":"ImageObject","inLanguage":"fr-FR","@id":"https:\/\/dpress.ma\/fr\/2026\/04\/09\/maroc-mercosur-mm-mezzour-et-gamarra-discutent-du-renforcement-du-partenariat-industriel-et-des-echanges-economiques\/#primaryimage","url":"https:\/\/dpress.ma\/fr\/wp-content\/uploads\/sites\/2\/2026\/04\/42-5.jpg","contentUrl":"https:\/\/dpress.ma\/fr\/wp-content\/uploads\/sites\/2\/2026\/04\/42-5.jpg","width":2539,"height":1594},{"@type":"BreadcrumbList","@id":"https:\/\/dpress.ma\/fr\/2026\/04\/09\/maroc-mercosur-mm-mezzour-et-gamarra-discutent-du-renforcement-du-partenariat-industriel-et-des-echanges-economiques\/#breadcrumb","itemListElement":[{"@type":"ListItem","position":1,"name":"Home","item":"https:\/\/dpress.ma\/fr\/"},{"@type":"ListItem","position":2,"name":"Maroc-Mercosur : MM. Mezzour et Gamarra discutent du renforcement du partenariat industriel et des \u00e9changes \u00e9conomiques"}]},{"@type":"WebSite","@id":"https:\/\/dpress.ma\/fr\/#website","url":"https:\/\/dpress.ma\/fr\/","name":"Dpress.ma\/fr","description":"","potentialAction":[{"@type":"SearchAction","target":{"@type":"EntryPoint","urlTemplate":"https:\/\/dpress.ma\/fr\/?s={search_term_string}"},"query-input":{"@type":"PropertyValueSpecification","valueRequired":true,"valueName":"search_term_string"}}],"inLanguage":"fr-FR"},{"@type":"Person","@id":"https:\/\/dpress.ma\/fr\/#\/schema\/person\/4898febf3ccd59e6578d838656a306a0","name":"Dpress.ma","image":{"@type":"ImageObject","inLanguage":"fr-FR","@id":"https:\/\/secure.gravatar.com\/avatar\/72ecc30e9db047a2e0e7176561eb9d564ed77c8108376495b19bd8336405198a?s=96&d=mm&r=g","url":"https:\/\/secure.gravatar.com\/avatar\/72ecc30e9db047a2e0e7176561eb9d564ed77c8108376495b19bd8336405198a?s=96&d=mm&r=g","contentUrl":"https:\/\/secure.gravatar.com\/avatar\/72ecc30e9db047a2e0e7176561eb9d564ed77c8108376495b19bd8336405198a?s=96&d=mm&r=g","caption":"Dpress.ma"},"sameAs":["https:\/\/www.dpress.ma"],"url":"https:\/\/dpress.ma\/fr\/author\/dpress-ma\/"}]}},"amp_enabled":true,"_links":{"self":[{"href":"https:\/\/dpress.ma\/fr\/wp-json\/wp\/v2\/posts\/27986","targetHints":{"allow":["GET"]}}],"collection":[{"href":"https:\/\/dpress.ma\/fr\/wp-json\/wp\/v2\/posts"}],"about":[{"href":"https:\/\/dpress.ma\/fr\/wp-json\/wp\/v2\/types\/post"}],"author":[{"embeddable":true,"href":"https:\/\/dpress.ma\/fr\/wp-json\/wp\/v2\/users\/2"}],"replies":[{"embeddable":true,"href":"https:\/\/dpress.ma\/fr\/wp-json\/wp\/v2\/comments?post=27986"}],"version-history":[{"count":1,"href":"https:\/\/dpress.ma\/fr\/wp-json\/wp\/v2\/posts\/27986\/revisions"}],"predecessor-version":[{"id":27988,"href":"https:\/\/dpress.ma\/fr\/wp-json\/wp\/v2\/posts\/27986\/revisions\/27988"}],"wp:featuredmedia":[{"embeddable":true,"href":"https:\/\/dpress.ma\/fr\/wp-json\/wp\/v2\/media\/27987"}],"wp:attachment":[{"href":"https:\/\/dpress.ma\/fr\/wp-json\/wp\/v2\/media?parent=27986"}],"wp:term":[{"taxonomy":"category","embeddable":true,"href":"https:\/\/dpress.ma\/fr\/wp-json\/wp\/v2\/categories?post=27986"},{"taxonomy":"post_tag","embeddable":true,"href":"https:\/\/dpress.ma\/fr\/wp-json\/wp\/v2\/tags?post=27986"}],"curies":[{"name":"wp","href":"https:\/\/api.w.org\/{rel}","templated":true}]}}