{"id":27983,"date":"2026-04-09T09:35:17","date_gmt":"2026-04-09T09:35:17","guid":{"rendered":"https:\/\/dpress.ma\/fr\/?p=27983"},"modified":"2026-04-09T09:35:20","modified_gmt":"2026-04-09T09:35:20","slug":"la-regulation-du-digital-cle-pour-garantir-confiance-et-ethique-dans-la-gestion-des-donnees-personnelles","status":"publish","type":"post","link":"https:\/\/dpress.ma\/fr\/2026\/04\/09\/la-regulation-du-digital-cle-pour-garantir-confiance-et-ethique-dans-la-gestion-des-donnees-personnelles\/","title":{"rendered":"La r\u00e9gulation du digital, cl\u00e9 pour garantir confiance et \u00e9thique dans la gestion des donn\u00e9es personnelles"},"content":{"rendered":"\n<p>Dpress<\/p>\n\n\n\n<p>La r\u00e9gulation de l\u2019usage du num\u00e9rique et des donn\u00e9es \u00e0 caract\u00e8re personnel est essentielle pour garantir la confiance et l\u2019\u00e9thique dans les soci\u00e9t\u00e9s modernes, a affirm\u00e9, mercredi \u00e0 Marrakech, Omar Seghrouchni, pr\u00e9sident de la Commission nationale de contr\u00f4le de la protection des donn\u00e9es \u00e0 caract\u00e8re personnel (CNDP).<\/p>\n\n\n\n<p>Intervenant lors d\u2019un panel organis\u00e9 dans le cadre de la 4e \u00e9dition du GITEX Africa Morocco, sur le th\u00e8me \u201cProtection des donn\u00e9es personnelles \u00e0 l\u2019\u00e8re de l\u2019IA et des cybermenaces : un imp\u00e9ratif strat\u00e9gique pour la souverainet\u00e9 et la confiance\u201d, M. Seghrouchni a soulign\u00e9 que le digital facilite et acc\u00e9l\u00e8re le traitement des informations personnelles, qu\u2019il s\u2019agisse de documents administratifs, de donn\u00e9es de sant\u00e9 ou de traces comportementales g\u00e9n\u00e9r\u00e9es par l\u2019Internet des objets et les smart cities.<\/p>\n\n\n\n<p>\u201cLe num\u00e9rique permet d\u2019acc\u00e9der \u00e0 nos traces plus facilement que le papier ou l\u2019oral, et d\u2019obtenir des informations sur une personne en un temps record\u201d, a-t-il expliqu\u00e9, en&nbsp;illustrant ce changement \u00e0 travers le passage du formulaire papier \u00e0 la d\u00e9mat\u00e9rialisation des d\u00e9marches administratives.<\/p>\n\n\n\n<p>\u201cAlors qu\u2019auparavant, il fallait se d\u00e9placer dans plusieurs services pour consulter diff\u00e9rents formulaires et synth\u00e9tiser les informations, une simple requ\u00eate sur un serveur num\u00e9rique unique partag\u00e9 par toutes les administrations permet d\u00e9sormais d\u2019obtenir la r\u00e9ponse en quelques secondes\u201d,&nbsp;a-t-il fait savoir.<\/p>\n\n\n\n<p>Cette acc\u00e9l\u00e9ration de l\u2019acc\u00e8s aux donn\u00e9es, a-t-il ajout\u00e9, s\u2019accompagne d\u2019une multiplication ph\u00e9nom\u00e9nale des traces digitales, qui rendent indispensables les outils d\u2019intelligence artificielle pour le suivi, l\u2019analyse et la cat\u00e9gorisation des donn\u00e9es.<\/p>\n\n\n\n<p>Il a dans ce sens fait savoir que ces m\u00e9canismes techniques deviennent de v\u00e9ritables instruments d\u2019interpr\u00e9tation et de d\u00e9cision, mais n\u00e9cessitent une r\u00e9gulation stricte pour prot\u00e9ger la vie priv\u00e9e des citoyens.<\/p>\n\n\n\n<p>M. Seghrouchni a par ailleurs insist\u00e9 sur la gestion rigoureuse des documents et des donn\u00e9es personnelles afin&nbsp;de pr\u00e9venir tout d\u00e9tournement, tout en favorisant la modernisation et l\u2019interop\u00e9rabilit\u00e9 des syst\u00e8mes administratifs et des services num\u00e9riques au Maroc.<\/p>\n\n\n\n<p>Plac\u00e9e sous le Haut Patronage de Sa Majest\u00e9 le Roi Mohammed VI, la 4e \u00e9dition du GITEX Africa Morocco (7-9 avril) r\u00e9unit quelque 50.000 participants et plus de 1.450 exposants de 130 pays, pour d\u00e9battre des enjeux de l\u2019\u00e9conomie num\u00e9rique et des solutions technologiques \u00e0 fort impact territorial.<\/p>\n","protected":false},"excerpt":{"rendered":"<p>Dpress La r\u00e9gulation de l\u2019usage du num\u00e9rique et des donn\u00e9es \u00e0 caract\u00e8re personnel est essentielle pour garantir la confiance et l\u2019\u00e9thique dans les soci\u00e9t\u00e9s modernes, a affirm\u00e9, mercredi \u00e0 Marrakech, Omar Seghrouchni, pr\u00e9sident de la Commission nationale de contr\u00f4le de la protection des donn\u00e9es \u00e0 caract\u00e8re personnel (CNDP). Intervenant lors d\u2019un panel organis\u00e9 dans le &hellip;<\/p>\n","protected":false},"author":2,"featured_media":27984,"comment_status":"open","ping_status":"open","sticky":false,"template":"","format":"standard","meta":{"footnotes":""},"categories":[25],"tags":[],"class_list":["post-27983","post","type-post","status-publish","format-standard","has-post-thumbnail","hentry","category-economie"],"yoast_head":"<!-- This site is optimized with the Yoast SEO plugin v27.5 - https:\/\/yoast.com\/product\/yoast-seo-wordpress\/ -->\n<title>La r\u00e9gulation du digital, cl\u00e9 pour garantir confiance et \u00e9thique dans la gestion des donn\u00e9es personnelles - Dpress.ma\/fr<\/title>\n<meta name=\"robots\" content=\"index, follow, max-snippet:-1, max-image-preview:large, max-video-preview:-1\" \/>\n<link rel=\"canonical\" href=\"https:\/\/dpress.ma\/fr\/2026\/04\/09\/la-regulation-du-digital-cle-pour-garantir-confiance-et-ethique-dans-la-gestion-des-donnees-personnelles\/\" \/>\n<meta property=\"og:locale\" content=\"fr_FR\" \/>\n<meta property=\"og:type\" content=\"article\" \/>\n<meta property=\"og:title\" content=\"La r\u00e9gulation du digital, cl\u00e9 pour garantir confiance et \u00e9thique dans la gestion des donn\u00e9es personnelles - Dpress.ma\/fr\" \/>\n<meta property=\"og:description\" content=\"Dpress La r\u00e9gulation de l\u2019usage du num\u00e9rique et des donn\u00e9es \u00e0 caract\u00e8re personnel est essentielle pour garantir la confiance et l\u2019\u00e9thique dans les soci\u00e9t\u00e9s modernes, a affirm\u00e9, mercredi \u00e0 Marrakech, Omar Seghrouchni, pr\u00e9sident de la Commission nationale de contr\u00f4le de la protection des donn\u00e9es \u00e0 caract\u00e8re personnel (CNDP). Intervenant lors d\u2019un panel organis\u00e9 dans le &hellip;\" \/>\n<meta property=\"og:url\" content=\"https:\/\/dpress.ma\/fr\/2026\/04\/09\/la-regulation-du-digital-cle-pour-garantir-confiance-et-ethique-dans-la-gestion-des-donnees-personnelles\/\" \/>\n<meta property=\"og:site_name\" content=\"Dpress.ma\/fr\" \/>\n<meta property=\"article:published_time\" content=\"2026-04-09T09:35:17+00:00\" \/>\n<meta property=\"article:modified_time\" content=\"2026-04-09T09:35:20+00:00\" \/>\n<meta property=\"og:image\" content=\"https:\/\/dpress.ma\/fr\/wp-content\/uploads\/sites\/2\/2026\/04\/41-5.jpg\" \/>\n\t<meta property=\"og:image:width\" content=\"2539\" \/>\n\t<meta property=\"og:image:height\" content=\"1594\" \/>\n\t<meta property=\"og:image:type\" content=\"image\/jpeg\" \/>\n<meta name=\"author\" content=\"Dpress.ma\" \/>\n<meta name=\"twitter:card\" content=\"summary_large_image\" \/>\n<meta name=\"twitter:label1\" content=\"\u00c9crit par\" \/>\n\t<meta name=\"twitter:data1\" content=\"Dpress.ma\" \/>\n\t<meta name=\"twitter:label2\" content=\"Dur\u00e9e de lecture estim\u00e9e\" \/>\n\t<meta name=\"twitter:data2\" content=\"3 minutes\" \/>\n<script type=\"application\/ld+json\" class=\"yoast-schema-graph\">{\"@context\":\"https:\\\/\\\/schema.org\",\"@graph\":[{\"@type\":\"Article\",\"@id\":\"https:\\\/\\\/dpress.ma\\\/fr\\\/2026\\\/04\\\/09\\\/la-regulation-du-digital-cle-pour-garantir-confiance-et-ethique-dans-la-gestion-des-donnees-personnelles\\\/#article\",\"isPartOf\":{\"@id\":\"https:\\\/\\\/dpress.ma\\\/fr\\\/2026\\\/04\\\/09\\\/la-regulation-du-digital-cle-pour-garantir-confiance-et-ethique-dans-la-gestion-des-donnees-personnelles\\\/\"},\"author\":{\"name\":\"Dpress.ma\",\"@id\":\"https:\\\/\\\/dpress.ma\\\/fr\\\/#\\\/schema\\\/person\\\/4898febf3ccd59e6578d838656a306a0\"},\"headline\":\"La r\u00e9gulation du digital, cl\u00e9 pour garantir confiance et \u00e9thique dans la gestion des donn\u00e9es personnelles\",\"datePublished\":\"2026-04-09T09:35:17+00:00\",\"dateModified\":\"2026-04-09T09:35:20+00:00\",\"mainEntityOfPage\":{\"@id\":\"https:\\\/\\\/dpress.ma\\\/fr\\\/2026\\\/04\\\/09\\\/la-regulation-du-digital-cle-pour-garantir-confiance-et-ethique-dans-la-gestion-des-donnees-personnelles\\\/\"},\"wordCount\":445,\"commentCount\":0,\"image\":{\"@id\":\"https:\\\/\\\/dpress.ma\\\/fr\\\/2026\\\/04\\\/09\\\/la-regulation-du-digital-cle-pour-garantir-confiance-et-ethique-dans-la-gestion-des-donnees-personnelles\\\/#primaryimage\"},\"thumbnailUrl\":\"https:\\\/\\\/dpress.ma\\\/fr\\\/wp-content\\\/uploads\\\/sites\\\/2\\\/2026\\\/04\\\/41-5.jpg\",\"articleSection\":[\"\u00c9conomie\"],\"inLanguage\":\"fr-FR\",\"potentialAction\":[{\"@type\":\"CommentAction\",\"name\":\"Comment\",\"target\":[\"https:\\\/\\\/dpress.ma\\\/fr\\\/2026\\\/04\\\/09\\\/la-regulation-du-digital-cle-pour-garantir-confiance-et-ethique-dans-la-gestion-des-donnees-personnelles\\\/#respond\"]}]},{\"@type\":\"WebPage\",\"@id\":\"https:\\\/\\\/dpress.ma\\\/fr\\\/2026\\\/04\\\/09\\\/la-regulation-du-digital-cle-pour-garantir-confiance-et-ethique-dans-la-gestion-des-donnees-personnelles\\\/\",\"url\":\"https:\\\/\\\/dpress.ma\\\/fr\\\/2026\\\/04\\\/09\\\/la-regulation-du-digital-cle-pour-garantir-confiance-et-ethique-dans-la-gestion-des-donnees-personnelles\\\/\",\"name\":\"La r\u00e9gulation du digital, cl\u00e9 pour garantir confiance et \u00e9thique dans la gestion des donn\u00e9es personnelles - Dpress.ma\\\/fr\",\"isPartOf\":{\"@id\":\"https:\\\/\\\/dpress.ma\\\/fr\\\/#website\"},\"primaryImageOfPage\":{\"@id\":\"https:\\\/\\\/dpress.ma\\\/fr\\\/2026\\\/04\\\/09\\\/la-regulation-du-digital-cle-pour-garantir-confiance-et-ethique-dans-la-gestion-des-donnees-personnelles\\\/#primaryimage\"},\"image\":{\"@id\":\"https:\\\/\\\/dpress.ma\\\/fr\\\/2026\\\/04\\\/09\\\/la-regulation-du-digital-cle-pour-garantir-confiance-et-ethique-dans-la-gestion-des-donnees-personnelles\\\/#primaryimage\"},\"thumbnailUrl\":\"https:\\\/\\\/dpress.ma\\\/fr\\\/wp-content\\\/uploads\\\/sites\\\/2\\\/2026\\\/04\\\/41-5.jpg\",\"datePublished\":\"2026-04-09T09:35:17+00:00\",\"dateModified\":\"2026-04-09T09:35:20+00:00\",\"author\":{\"@id\":\"https:\\\/\\\/dpress.ma\\\/fr\\\/#\\\/schema\\\/person\\\/4898febf3ccd59e6578d838656a306a0\"},\"breadcrumb\":{\"@id\":\"https:\\\/\\\/dpress.ma\\\/fr\\\/2026\\\/04\\\/09\\\/la-regulation-du-digital-cle-pour-garantir-confiance-et-ethique-dans-la-gestion-des-donnees-personnelles\\\/#breadcrumb\"},\"inLanguage\":\"fr-FR\",\"potentialAction\":[{\"@type\":\"ReadAction\",\"target\":[\"https:\\\/\\\/dpress.ma\\\/fr\\\/2026\\\/04\\\/09\\\/la-regulation-du-digital-cle-pour-garantir-confiance-et-ethique-dans-la-gestion-des-donnees-personnelles\\\/\"]}]},{\"@type\":\"ImageObject\",\"inLanguage\":\"fr-FR\",\"@id\":\"https:\\\/\\\/dpress.ma\\\/fr\\\/2026\\\/04\\\/09\\\/la-regulation-du-digital-cle-pour-garantir-confiance-et-ethique-dans-la-gestion-des-donnees-personnelles\\\/#primaryimage\",\"url\":\"https:\\\/\\\/dpress.ma\\\/fr\\\/wp-content\\\/uploads\\\/sites\\\/2\\\/2026\\\/04\\\/41-5.jpg\",\"contentUrl\":\"https:\\\/\\\/dpress.ma\\\/fr\\\/wp-content\\\/uploads\\\/sites\\\/2\\\/2026\\\/04\\\/41-5.jpg\",\"width\":2539,\"height\":1594},{\"@type\":\"BreadcrumbList\",\"@id\":\"https:\\\/\\\/dpress.ma\\\/fr\\\/2026\\\/04\\\/09\\\/la-regulation-du-digital-cle-pour-garantir-confiance-et-ethique-dans-la-gestion-des-donnees-personnelles\\\/#breadcrumb\",\"itemListElement\":[{\"@type\":\"ListItem\",\"position\":1,\"name\":\"Home\",\"item\":\"https:\\\/\\\/dpress.ma\\\/fr\\\/\"},{\"@type\":\"ListItem\",\"position\":2,\"name\":\"La r\u00e9gulation du digital, cl\u00e9 pour garantir confiance et \u00e9thique dans la gestion des donn\u00e9es personnelles\"}]},{\"@type\":\"WebSite\",\"@id\":\"https:\\\/\\\/dpress.ma\\\/fr\\\/#website\",\"url\":\"https:\\\/\\\/dpress.ma\\\/fr\\\/\",\"name\":\"Dpress.ma\\\/fr\",\"description\":\"\",\"potentialAction\":[{\"@type\":\"SearchAction\",\"target\":{\"@type\":\"EntryPoint\",\"urlTemplate\":\"https:\\\/\\\/dpress.ma\\\/fr\\\/?s={search_term_string}\"},\"query-input\":{\"@type\":\"PropertyValueSpecification\",\"valueRequired\":true,\"valueName\":\"search_term_string\"}}],\"inLanguage\":\"fr-FR\"},{\"@type\":\"Person\",\"@id\":\"https:\\\/\\\/dpress.ma\\\/fr\\\/#\\\/schema\\\/person\\\/4898febf3ccd59e6578d838656a306a0\",\"name\":\"Dpress.ma\",\"image\":{\"@type\":\"ImageObject\",\"inLanguage\":\"fr-FR\",\"@id\":\"https:\\\/\\\/secure.gravatar.com\\\/avatar\\\/72ecc30e9db047a2e0e7176561eb9d564ed77c8108376495b19bd8336405198a?s=96&d=mm&r=g\",\"url\":\"https:\\\/\\\/secure.gravatar.com\\\/avatar\\\/72ecc30e9db047a2e0e7176561eb9d564ed77c8108376495b19bd8336405198a?s=96&d=mm&r=g\",\"contentUrl\":\"https:\\\/\\\/secure.gravatar.com\\\/avatar\\\/72ecc30e9db047a2e0e7176561eb9d564ed77c8108376495b19bd8336405198a?s=96&d=mm&r=g\",\"caption\":\"Dpress.ma\"},\"sameAs\":[\"https:\\\/\\\/www.dpress.ma\"],\"url\":\"https:\\\/\\\/dpress.ma\\\/fr\\\/author\\\/dpress-ma\\\/\"}]}<\/script>\n<!-- \/ Yoast SEO plugin. -->","yoast_head_json":{"title":"La r\u00e9gulation du digital, cl\u00e9 pour garantir confiance et \u00e9thique dans la gestion des donn\u00e9es personnelles - Dpress.ma\/fr","robots":{"index":"index","follow":"follow","max-snippet":"max-snippet:-1","max-image-preview":"max-image-preview:large","max-video-preview":"max-video-preview:-1"},"canonical":"https:\/\/dpress.ma\/fr\/2026\/04\/09\/la-regulation-du-digital-cle-pour-garantir-confiance-et-ethique-dans-la-gestion-des-donnees-personnelles\/","og_locale":"fr_FR","og_type":"article","og_title":"La r\u00e9gulation du digital, cl\u00e9 pour garantir confiance et \u00e9thique dans la gestion des donn\u00e9es personnelles - Dpress.ma\/fr","og_description":"Dpress La r\u00e9gulation de l\u2019usage du num\u00e9rique et des donn\u00e9es \u00e0 caract\u00e8re personnel est essentielle pour garantir la confiance et l\u2019\u00e9thique dans les soci\u00e9t\u00e9s modernes, a affirm\u00e9, mercredi \u00e0 Marrakech, Omar Seghrouchni, pr\u00e9sident de la Commission nationale de contr\u00f4le de la protection des donn\u00e9es \u00e0 caract\u00e8re personnel (CNDP). Intervenant lors d\u2019un panel organis\u00e9 dans le &hellip;","og_url":"https:\/\/dpress.ma\/fr\/2026\/04\/09\/la-regulation-du-digital-cle-pour-garantir-confiance-et-ethique-dans-la-gestion-des-donnees-personnelles\/","og_site_name":"Dpress.ma\/fr","article_published_time":"2026-04-09T09:35:17+00:00","article_modified_time":"2026-04-09T09:35:20+00:00","og_image":[{"width":2539,"height":1594,"url":"https:\/\/dpress.ma\/fr\/wp-content\/uploads\/sites\/2\/2026\/04\/41-5.jpg","type":"image\/jpeg"}],"author":"Dpress.ma","twitter_card":"summary_large_image","twitter_misc":{"\u00c9crit par":"Dpress.ma","Dur\u00e9e de lecture estim\u00e9e":"3 minutes"},"schema":{"@context":"https:\/\/schema.org","@graph":[{"@type":"Article","@id":"https:\/\/dpress.ma\/fr\/2026\/04\/09\/la-regulation-du-digital-cle-pour-garantir-confiance-et-ethique-dans-la-gestion-des-donnees-personnelles\/#article","isPartOf":{"@id":"https:\/\/dpress.ma\/fr\/2026\/04\/09\/la-regulation-du-digital-cle-pour-garantir-confiance-et-ethique-dans-la-gestion-des-donnees-personnelles\/"},"author":{"name":"Dpress.ma","@id":"https:\/\/dpress.ma\/fr\/#\/schema\/person\/4898febf3ccd59e6578d838656a306a0"},"headline":"La r\u00e9gulation du digital, cl\u00e9 pour garantir confiance et \u00e9thique dans la gestion des donn\u00e9es personnelles","datePublished":"2026-04-09T09:35:17+00:00","dateModified":"2026-04-09T09:35:20+00:00","mainEntityOfPage":{"@id":"https:\/\/dpress.ma\/fr\/2026\/04\/09\/la-regulation-du-digital-cle-pour-garantir-confiance-et-ethique-dans-la-gestion-des-donnees-personnelles\/"},"wordCount":445,"commentCount":0,"image":{"@id":"https:\/\/dpress.ma\/fr\/2026\/04\/09\/la-regulation-du-digital-cle-pour-garantir-confiance-et-ethique-dans-la-gestion-des-donnees-personnelles\/#primaryimage"},"thumbnailUrl":"https:\/\/dpress.ma\/fr\/wp-content\/uploads\/sites\/2\/2026\/04\/41-5.jpg","articleSection":["\u00c9conomie"],"inLanguage":"fr-FR","potentialAction":[{"@type":"CommentAction","name":"Comment","target":["https:\/\/dpress.ma\/fr\/2026\/04\/09\/la-regulation-du-digital-cle-pour-garantir-confiance-et-ethique-dans-la-gestion-des-donnees-personnelles\/#respond"]}]},{"@type":"WebPage","@id":"https:\/\/dpress.ma\/fr\/2026\/04\/09\/la-regulation-du-digital-cle-pour-garantir-confiance-et-ethique-dans-la-gestion-des-donnees-personnelles\/","url":"https:\/\/dpress.ma\/fr\/2026\/04\/09\/la-regulation-du-digital-cle-pour-garantir-confiance-et-ethique-dans-la-gestion-des-donnees-personnelles\/","name":"La r\u00e9gulation du digital, cl\u00e9 pour garantir confiance et \u00e9thique dans la gestion des donn\u00e9es personnelles - Dpress.ma\/fr","isPartOf":{"@id":"https:\/\/dpress.ma\/fr\/#website"},"primaryImageOfPage":{"@id":"https:\/\/dpress.ma\/fr\/2026\/04\/09\/la-regulation-du-digital-cle-pour-garantir-confiance-et-ethique-dans-la-gestion-des-donnees-personnelles\/#primaryimage"},"image":{"@id":"https:\/\/dpress.ma\/fr\/2026\/04\/09\/la-regulation-du-digital-cle-pour-garantir-confiance-et-ethique-dans-la-gestion-des-donnees-personnelles\/#primaryimage"},"thumbnailUrl":"https:\/\/dpress.ma\/fr\/wp-content\/uploads\/sites\/2\/2026\/04\/41-5.jpg","datePublished":"2026-04-09T09:35:17+00:00","dateModified":"2026-04-09T09:35:20+00:00","author":{"@id":"https:\/\/dpress.ma\/fr\/#\/schema\/person\/4898febf3ccd59e6578d838656a306a0"},"breadcrumb":{"@id":"https:\/\/dpress.ma\/fr\/2026\/04\/09\/la-regulation-du-digital-cle-pour-garantir-confiance-et-ethique-dans-la-gestion-des-donnees-personnelles\/#breadcrumb"},"inLanguage":"fr-FR","potentialAction":[{"@type":"ReadAction","target":["https:\/\/dpress.ma\/fr\/2026\/04\/09\/la-regulation-du-digital-cle-pour-garantir-confiance-et-ethique-dans-la-gestion-des-donnees-personnelles\/"]}]},{"@type":"ImageObject","inLanguage":"fr-FR","@id":"https:\/\/dpress.ma\/fr\/2026\/04\/09\/la-regulation-du-digital-cle-pour-garantir-confiance-et-ethique-dans-la-gestion-des-donnees-personnelles\/#primaryimage","url":"https:\/\/dpress.ma\/fr\/wp-content\/uploads\/sites\/2\/2026\/04\/41-5.jpg","contentUrl":"https:\/\/dpress.ma\/fr\/wp-content\/uploads\/sites\/2\/2026\/04\/41-5.jpg","width":2539,"height":1594},{"@type":"BreadcrumbList","@id":"https:\/\/dpress.ma\/fr\/2026\/04\/09\/la-regulation-du-digital-cle-pour-garantir-confiance-et-ethique-dans-la-gestion-des-donnees-personnelles\/#breadcrumb","itemListElement":[{"@type":"ListItem","position":1,"name":"Home","item":"https:\/\/dpress.ma\/fr\/"},{"@type":"ListItem","position":2,"name":"La r\u00e9gulation du digital, cl\u00e9 pour garantir confiance et \u00e9thique dans la gestion des donn\u00e9es personnelles"}]},{"@type":"WebSite","@id":"https:\/\/dpress.ma\/fr\/#website","url":"https:\/\/dpress.ma\/fr\/","name":"Dpress.ma\/fr","description":"","potentialAction":[{"@type":"SearchAction","target":{"@type":"EntryPoint","urlTemplate":"https:\/\/dpress.ma\/fr\/?s={search_term_string}"},"query-input":{"@type":"PropertyValueSpecification","valueRequired":true,"valueName":"search_term_string"}}],"inLanguage":"fr-FR"},{"@type":"Person","@id":"https:\/\/dpress.ma\/fr\/#\/schema\/person\/4898febf3ccd59e6578d838656a306a0","name":"Dpress.ma","image":{"@type":"ImageObject","inLanguage":"fr-FR","@id":"https:\/\/secure.gravatar.com\/avatar\/72ecc30e9db047a2e0e7176561eb9d564ed77c8108376495b19bd8336405198a?s=96&d=mm&r=g","url":"https:\/\/secure.gravatar.com\/avatar\/72ecc30e9db047a2e0e7176561eb9d564ed77c8108376495b19bd8336405198a?s=96&d=mm&r=g","contentUrl":"https:\/\/secure.gravatar.com\/avatar\/72ecc30e9db047a2e0e7176561eb9d564ed77c8108376495b19bd8336405198a?s=96&d=mm&r=g","caption":"Dpress.ma"},"sameAs":["https:\/\/www.dpress.ma"],"url":"https:\/\/dpress.ma\/fr\/author\/dpress-ma\/"}]}},"amp_enabled":true,"_links":{"self":[{"href":"https:\/\/dpress.ma\/fr\/wp-json\/wp\/v2\/posts\/27983","targetHints":{"allow":["GET"]}}],"collection":[{"href":"https:\/\/dpress.ma\/fr\/wp-json\/wp\/v2\/posts"}],"about":[{"href":"https:\/\/dpress.ma\/fr\/wp-json\/wp\/v2\/types\/post"}],"author":[{"embeddable":true,"href":"https:\/\/dpress.ma\/fr\/wp-json\/wp\/v2\/users\/2"}],"replies":[{"embeddable":true,"href":"https:\/\/dpress.ma\/fr\/wp-json\/wp\/v2\/comments?post=27983"}],"version-history":[{"count":1,"href":"https:\/\/dpress.ma\/fr\/wp-json\/wp\/v2\/posts\/27983\/revisions"}],"predecessor-version":[{"id":27985,"href":"https:\/\/dpress.ma\/fr\/wp-json\/wp\/v2\/posts\/27983\/revisions\/27985"}],"wp:featuredmedia":[{"embeddable":true,"href":"https:\/\/dpress.ma\/fr\/wp-json\/wp\/v2\/media\/27984"}],"wp:attachment":[{"href":"https:\/\/dpress.ma\/fr\/wp-json\/wp\/v2\/media?parent=27983"}],"wp:term":[{"taxonomy":"category","embeddable":true,"href":"https:\/\/dpress.ma\/fr\/wp-json\/wp\/v2\/categories?post=27983"},{"taxonomy":"post_tag","embeddable":true,"href":"https:\/\/dpress.ma\/fr\/wp-json\/wp\/v2\/tags?post=27983"}],"curies":[{"name":"wp","href":"https:\/\/api.w.org\/{rel}","templated":true}]}}