{"id":27978,"date":"2026-04-09T09:32:37","date_gmt":"2026-04-09T09:32:37","guid":{"rendered":"https:\/\/dpress.ma\/fr\/?p=27978"},"modified":"2026-04-09T09:32:40","modified_gmt":"2026-04-09T09:32:40","slug":"marrakech-lindh-participe-a-la-4eme-edition-du-gitex-africa-morocco","status":"publish","type":"post","link":"https:\/\/dpress.ma\/fr\/2026\/04\/09\/marrakech-lindh-participe-a-la-4eme-edition-du-gitex-africa-morocco\/","title":{"rendered":"Marrakech : L\u2019INDH participe \u00e0 la 4\u00e8me \u00e9dition du GITEX Africa Morocco"},"content":{"rendered":"\n<p>Dpress<\/p>\n\n\n\n<p>L\u2019Initiative nationale pour le d\u00e9veloppement humain (INDH) participe au salon GITEX Africa Morocco, organis\u00e9 du 7 au 9 avril \u00e0 Marrakech, dans le cadre de ses efforts visant \u00e0 renforcer l\u2019utilisation des technologies modernes dans la gestion des projets de d\u00e9veloppement humain.<\/p>\n\n\n\n<p>\u00c0 cette occasion, l\u2019Initiative a pris part au pavillon \u201cHall Digital Cities\u201d, qui constitue une plateforme id\u00e9ale pour pr\u00e9senter des exp\u00e9riences r\u00e9ussies en mati\u00e8re d\u2019inclusion \u00e9conomique et sociale des jeunes \u00e0 travers les m\u00e9tiers du num\u00e9rique.<\/p>\n\n\n\n<p>Cet espace est \u00e9galement l\u2019occasion d\u2019explorer les moyens de mettre en \u0153uvre des solutions digitales innovantes pour faciliter l\u2019acc\u00e8s aux services essentiels, contribuant ainsi \u00e0 am\u00e9liorer la qualit\u00e9 des prestations et \u00e0 renforcer leur impact sur les populations cibl\u00e9es.<\/p>\n\n\n\n<p>Le GITEX Africa Morocco se veut aussi une opportunit\u00e9 d\u2019\u00e9change d\u2019expertises et de renforcement de la coop\u00e9ration avec divers acteurs, tant au niveau national qu\u2019international, en coh\u00e9rence avec la vision strat\u00e9gique de l\u2019Initiative, qui mise sur l\u2019investissement dans le capital humain comme levier fondamental du d\u00e9veloppement, en phase avec les \u00e9volutions num\u00e9riques.<\/p>\n\n\n\n<p>Par ailleurs, l\u2019INDH a sign\u00e9 une convention de partenariat avec l\u2019Agence de d\u00e9veloppement du digital (ADD), avec pour objectif d\u2019am\u00e9liorer les services \u00e0 travers l\u2019int\u00e9gration des technologies modernes et l\u2019accompagnement de la transition num\u00e9rique.<\/p>\n\n\n\n<p>Dans une d\u00e9claration \u00e0 la MAP, la cheffe de la Division de l\u2019Action Sociale (DAS) \u00e0 la wilaya de la r\u00e9gion Marrakech-Safi, Souad Zaghloul, a indiqu\u00e9 que la participation de l\u2019INDH \u00e0 cet \u00e9v\u00e9nement d\u2019envergure s\u2019inscrit dans le cadre de l\u2019accompagnement des mutations nationales dans le domaine num\u00e9rique et de l\u2019ouverture sur les technologies modernes.<\/p>\n\n\n\n<p>Il s\u2019agit aussi, a-t-elle ajout\u00e9, d\u2019une occasion de partager l\u2019exp\u00e9rience de l\u2019Initiative, notamment en mati\u00e8re d\u2019am\u00e9lioration de l\u2019employabilit\u00e9 et de l\u2019inclusion \u00e9conomique et sociale \u00e0 travers les m\u00e9tiers du num\u00e9rique au niveau de l\u2019ensemble des provinces et communes du Royaume.<\/p>\n\n\n\n<p>Cette participation met \u00e9galement en lumi\u00e8re les projets visant \u00e0 accompagner l\u2019int\u00e9gration des technologies modernes, dans le but de renforcer les comp\u00e9tences des b\u00e9n\u00e9ficiaires de l\u2019INDH, notamment dans le domaine du digital, a conclu Mme Zaghloul.<\/p>\n\n\n\n<p>Plac\u00e9e sous le Haut Patronage de Sa Majest\u00e9 le Roi Mohammed VI, la 4e \u00e9dition du GITEX Africa Morocco r\u00e9unit quelque 50.000 participants et plus de 1.450 exposants de 130 pays, pour d\u00e9battre des enjeux de l\u2019\u00e9conomie num\u00e9rique et des solutions technologiques \u00e0 fort impact territorial.<\/p>\n","protected":false},"excerpt":{"rendered":"<p>Dpress L\u2019Initiative nationale pour le d\u00e9veloppement humain (INDH) participe au salon GITEX Africa Morocco, organis\u00e9 du 7 au 9 avril \u00e0 Marrakech, dans le cadre de ses efforts visant \u00e0 renforcer l\u2019utilisation des technologies modernes dans la gestion des projets de d\u00e9veloppement humain. \u00c0 cette occasion, l\u2019Initiative a pris part au pavillon \u201cHall Digital Cities\u201d, &hellip;<\/p>\n","protected":false},"author":2,"featured_media":27937,"comment_status":"open","ping_status":"open","sticky":false,"template":"","format":"standard","meta":{"footnotes":""},"categories":[40],"tags":[],"class_list":["post-27978","post","type-post","status-publish","format-standard","has-post-thumbnail","hentry","category-societe-et-regions"],"yoast_head":"<!-- This site is optimized with the Yoast SEO plugin v27.5 - https:\/\/yoast.com\/product\/yoast-seo-wordpress\/ -->\n<title>Marrakech : L\u2019INDH participe \u00e0 la 4\u00e8me \u00e9dition du GITEX Africa Morocco - Dpress.ma\/fr<\/title>\n<meta name=\"robots\" content=\"index, follow, max-snippet:-1, max-image-preview:large, max-video-preview:-1\" \/>\n<link rel=\"canonical\" href=\"https:\/\/dpress.ma\/fr\/2026\/04\/09\/marrakech-lindh-participe-a-la-4eme-edition-du-gitex-africa-morocco\/\" \/>\n<meta property=\"og:locale\" content=\"fr_FR\" \/>\n<meta property=\"og:type\" content=\"article\" \/>\n<meta property=\"og:title\" content=\"Marrakech : L\u2019INDH participe \u00e0 la 4\u00e8me \u00e9dition du GITEX Africa Morocco - Dpress.ma\/fr\" \/>\n<meta property=\"og:description\" content=\"Dpress L\u2019Initiative nationale pour le d\u00e9veloppement humain (INDH) participe au salon GITEX Africa Morocco, organis\u00e9 du 7 au 9 avril \u00e0 Marrakech, dans le cadre de ses efforts visant \u00e0 renforcer l\u2019utilisation des technologies modernes dans la gestion des projets de d\u00e9veloppement humain. \u00c0 cette occasion, l\u2019Initiative a pris part au pavillon \u201cHall Digital Cities\u201d, &hellip;\" \/>\n<meta property=\"og:url\" content=\"https:\/\/dpress.ma\/fr\/2026\/04\/09\/marrakech-lindh-participe-a-la-4eme-edition-du-gitex-africa-morocco\/\" \/>\n<meta property=\"og:site_name\" content=\"Dpress.ma\/fr\" \/>\n<meta property=\"article:published_time\" content=\"2026-04-09T09:32:37+00:00\" \/>\n<meta property=\"article:modified_time\" content=\"2026-04-09T09:32:40+00:00\" \/>\n<meta property=\"og:image\" content=\"https:\/\/dpress.ma\/fr\/wp-content\/uploads\/sites\/2\/2026\/04\/45-4.jpg\" \/>\n\t<meta property=\"og:image:width\" content=\"2539\" \/>\n\t<meta property=\"og:image:height\" content=\"1594\" \/>\n\t<meta property=\"og:image:type\" content=\"image\/jpeg\" \/>\n<meta name=\"author\" content=\"Dpress.ma\" \/>\n<meta name=\"twitter:card\" content=\"summary_large_image\" \/>\n<meta name=\"twitter:label1\" content=\"\u00c9crit par\" \/>\n\t<meta name=\"twitter:data1\" content=\"Dpress.ma\" \/>\n\t<meta name=\"twitter:label2\" content=\"Dur\u00e9e de lecture estim\u00e9e\" \/>\n\t<meta name=\"twitter:data2\" content=\"2 minutes\" \/>\n<script type=\"application\/ld+json\" class=\"yoast-schema-graph\">{\"@context\":\"https:\\\/\\\/schema.org\",\"@graph\":[{\"@type\":\"Article\",\"@id\":\"https:\\\/\\\/dpress.ma\\\/fr\\\/2026\\\/04\\\/09\\\/marrakech-lindh-participe-a-la-4eme-edition-du-gitex-africa-morocco\\\/#article\",\"isPartOf\":{\"@id\":\"https:\\\/\\\/dpress.ma\\\/fr\\\/2026\\\/04\\\/09\\\/marrakech-lindh-participe-a-la-4eme-edition-du-gitex-africa-morocco\\\/\"},\"author\":{\"name\":\"Dpress.ma\",\"@id\":\"https:\\\/\\\/dpress.ma\\\/fr\\\/#\\\/schema\\\/person\\\/4898febf3ccd59e6578d838656a306a0\"},\"headline\":\"Marrakech : L\u2019INDH participe \u00e0 la 4\u00e8me \u00e9dition du GITEX Africa Morocco\",\"datePublished\":\"2026-04-09T09:32:37+00:00\",\"dateModified\":\"2026-04-09T09:32:40+00:00\",\"mainEntityOfPage\":{\"@id\":\"https:\\\/\\\/dpress.ma\\\/fr\\\/2026\\\/04\\\/09\\\/marrakech-lindh-participe-a-la-4eme-edition-du-gitex-africa-morocco\\\/\"},\"wordCount\":447,\"commentCount\":0,\"image\":{\"@id\":\"https:\\\/\\\/dpress.ma\\\/fr\\\/2026\\\/04\\\/09\\\/marrakech-lindh-participe-a-la-4eme-edition-du-gitex-africa-morocco\\\/#primaryimage\"},\"thumbnailUrl\":\"https:\\\/\\\/dpress.ma\\\/fr\\\/wp-content\\\/uploads\\\/sites\\\/2\\\/2026\\\/04\\\/45-4.jpg\",\"articleSection\":[\"societe et regions\"],\"inLanguage\":\"fr-FR\",\"potentialAction\":[{\"@type\":\"CommentAction\",\"name\":\"Comment\",\"target\":[\"https:\\\/\\\/dpress.ma\\\/fr\\\/2026\\\/04\\\/09\\\/marrakech-lindh-participe-a-la-4eme-edition-du-gitex-africa-morocco\\\/#respond\"]}]},{\"@type\":\"WebPage\",\"@id\":\"https:\\\/\\\/dpress.ma\\\/fr\\\/2026\\\/04\\\/09\\\/marrakech-lindh-participe-a-la-4eme-edition-du-gitex-africa-morocco\\\/\",\"url\":\"https:\\\/\\\/dpress.ma\\\/fr\\\/2026\\\/04\\\/09\\\/marrakech-lindh-participe-a-la-4eme-edition-du-gitex-africa-morocco\\\/\",\"name\":\"Marrakech : L\u2019INDH participe \u00e0 la 4\u00e8me \u00e9dition du GITEX Africa Morocco - Dpress.ma\\\/fr\",\"isPartOf\":{\"@id\":\"https:\\\/\\\/dpress.ma\\\/fr\\\/#website\"},\"primaryImageOfPage\":{\"@id\":\"https:\\\/\\\/dpress.ma\\\/fr\\\/2026\\\/04\\\/09\\\/marrakech-lindh-participe-a-la-4eme-edition-du-gitex-africa-morocco\\\/#primaryimage\"},\"image\":{\"@id\":\"https:\\\/\\\/dpress.ma\\\/fr\\\/2026\\\/04\\\/09\\\/marrakech-lindh-participe-a-la-4eme-edition-du-gitex-africa-morocco\\\/#primaryimage\"},\"thumbnailUrl\":\"https:\\\/\\\/dpress.ma\\\/fr\\\/wp-content\\\/uploads\\\/sites\\\/2\\\/2026\\\/04\\\/45-4.jpg\",\"datePublished\":\"2026-04-09T09:32:37+00:00\",\"dateModified\":\"2026-04-09T09:32:40+00:00\",\"author\":{\"@id\":\"https:\\\/\\\/dpress.ma\\\/fr\\\/#\\\/schema\\\/person\\\/4898febf3ccd59e6578d838656a306a0\"},\"breadcrumb\":{\"@id\":\"https:\\\/\\\/dpress.ma\\\/fr\\\/2026\\\/04\\\/09\\\/marrakech-lindh-participe-a-la-4eme-edition-du-gitex-africa-morocco\\\/#breadcrumb\"},\"inLanguage\":\"fr-FR\",\"potentialAction\":[{\"@type\":\"ReadAction\",\"target\":[\"https:\\\/\\\/dpress.ma\\\/fr\\\/2026\\\/04\\\/09\\\/marrakech-lindh-participe-a-la-4eme-edition-du-gitex-africa-morocco\\\/\"]}]},{\"@type\":\"ImageObject\",\"inLanguage\":\"fr-FR\",\"@id\":\"https:\\\/\\\/dpress.ma\\\/fr\\\/2026\\\/04\\\/09\\\/marrakech-lindh-participe-a-la-4eme-edition-du-gitex-africa-morocco\\\/#primaryimage\",\"url\":\"https:\\\/\\\/dpress.ma\\\/fr\\\/wp-content\\\/uploads\\\/sites\\\/2\\\/2026\\\/04\\\/45-4.jpg\",\"contentUrl\":\"https:\\\/\\\/dpress.ma\\\/fr\\\/wp-content\\\/uploads\\\/sites\\\/2\\\/2026\\\/04\\\/45-4.jpg\",\"width\":2539,\"height\":1594},{\"@type\":\"BreadcrumbList\",\"@id\":\"https:\\\/\\\/dpress.ma\\\/fr\\\/2026\\\/04\\\/09\\\/marrakech-lindh-participe-a-la-4eme-edition-du-gitex-africa-morocco\\\/#breadcrumb\",\"itemListElement\":[{\"@type\":\"ListItem\",\"position\":1,\"name\":\"Home\",\"item\":\"https:\\\/\\\/dpress.ma\\\/fr\\\/\"},{\"@type\":\"ListItem\",\"position\":2,\"name\":\"Marrakech : L\u2019INDH participe \u00e0 la 4\u00e8me \u00e9dition du GITEX Africa Morocco\"}]},{\"@type\":\"WebSite\",\"@id\":\"https:\\\/\\\/dpress.ma\\\/fr\\\/#website\",\"url\":\"https:\\\/\\\/dpress.ma\\\/fr\\\/\",\"name\":\"Dpress.ma\\\/fr\",\"description\":\"\",\"potentialAction\":[{\"@type\":\"SearchAction\",\"target\":{\"@type\":\"EntryPoint\",\"urlTemplate\":\"https:\\\/\\\/dpress.ma\\\/fr\\\/?s={search_term_string}\"},\"query-input\":{\"@type\":\"PropertyValueSpecification\",\"valueRequired\":true,\"valueName\":\"search_term_string\"}}],\"inLanguage\":\"fr-FR\"},{\"@type\":\"Person\",\"@id\":\"https:\\\/\\\/dpress.ma\\\/fr\\\/#\\\/schema\\\/person\\\/4898febf3ccd59e6578d838656a306a0\",\"name\":\"Dpress.ma\",\"image\":{\"@type\":\"ImageObject\",\"inLanguage\":\"fr-FR\",\"@id\":\"https:\\\/\\\/secure.gravatar.com\\\/avatar\\\/72ecc30e9db047a2e0e7176561eb9d564ed77c8108376495b19bd8336405198a?s=96&d=mm&r=g\",\"url\":\"https:\\\/\\\/secure.gravatar.com\\\/avatar\\\/72ecc30e9db047a2e0e7176561eb9d564ed77c8108376495b19bd8336405198a?s=96&d=mm&r=g\",\"contentUrl\":\"https:\\\/\\\/secure.gravatar.com\\\/avatar\\\/72ecc30e9db047a2e0e7176561eb9d564ed77c8108376495b19bd8336405198a?s=96&d=mm&r=g\",\"caption\":\"Dpress.ma\"},\"sameAs\":[\"https:\\\/\\\/www.dpress.ma\"],\"url\":\"https:\\\/\\\/dpress.ma\\\/fr\\\/author\\\/dpress-ma\\\/\"}]}<\/script>\n<!-- \/ Yoast SEO plugin. -->","yoast_head_json":{"title":"Marrakech : L\u2019INDH participe \u00e0 la 4\u00e8me \u00e9dition du GITEX Africa Morocco - Dpress.ma\/fr","robots":{"index":"index","follow":"follow","max-snippet":"max-snippet:-1","max-image-preview":"max-image-preview:large","max-video-preview":"max-video-preview:-1"},"canonical":"https:\/\/dpress.ma\/fr\/2026\/04\/09\/marrakech-lindh-participe-a-la-4eme-edition-du-gitex-africa-morocco\/","og_locale":"fr_FR","og_type":"article","og_title":"Marrakech : L\u2019INDH participe \u00e0 la 4\u00e8me \u00e9dition du GITEX Africa Morocco - Dpress.ma\/fr","og_description":"Dpress L\u2019Initiative nationale pour le d\u00e9veloppement humain (INDH) participe au salon GITEX Africa Morocco, organis\u00e9 du 7 au 9 avril \u00e0 Marrakech, dans le cadre de ses efforts visant \u00e0 renforcer l\u2019utilisation des technologies modernes dans la gestion des projets de d\u00e9veloppement humain. \u00c0 cette occasion, l\u2019Initiative a pris part au pavillon \u201cHall Digital Cities\u201d, &hellip;","og_url":"https:\/\/dpress.ma\/fr\/2026\/04\/09\/marrakech-lindh-participe-a-la-4eme-edition-du-gitex-africa-morocco\/","og_site_name":"Dpress.ma\/fr","article_published_time":"2026-04-09T09:32:37+00:00","article_modified_time":"2026-04-09T09:32:40+00:00","og_image":[{"width":2539,"height":1594,"url":"https:\/\/dpress.ma\/fr\/wp-content\/uploads\/sites\/2\/2026\/04\/45-4.jpg","type":"image\/jpeg"}],"author":"Dpress.ma","twitter_card":"summary_large_image","twitter_misc":{"\u00c9crit par":"Dpress.ma","Dur\u00e9e de lecture estim\u00e9e":"2 minutes"},"schema":{"@context":"https:\/\/schema.org","@graph":[{"@type":"Article","@id":"https:\/\/dpress.ma\/fr\/2026\/04\/09\/marrakech-lindh-participe-a-la-4eme-edition-du-gitex-africa-morocco\/#article","isPartOf":{"@id":"https:\/\/dpress.ma\/fr\/2026\/04\/09\/marrakech-lindh-participe-a-la-4eme-edition-du-gitex-africa-morocco\/"},"author":{"name":"Dpress.ma","@id":"https:\/\/dpress.ma\/fr\/#\/schema\/person\/4898febf3ccd59e6578d838656a306a0"},"headline":"Marrakech : L\u2019INDH participe \u00e0 la 4\u00e8me \u00e9dition du GITEX Africa Morocco","datePublished":"2026-04-09T09:32:37+00:00","dateModified":"2026-04-09T09:32:40+00:00","mainEntityOfPage":{"@id":"https:\/\/dpress.ma\/fr\/2026\/04\/09\/marrakech-lindh-participe-a-la-4eme-edition-du-gitex-africa-morocco\/"},"wordCount":447,"commentCount":0,"image":{"@id":"https:\/\/dpress.ma\/fr\/2026\/04\/09\/marrakech-lindh-participe-a-la-4eme-edition-du-gitex-africa-morocco\/#primaryimage"},"thumbnailUrl":"https:\/\/dpress.ma\/fr\/wp-content\/uploads\/sites\/2\/2026\/04\/45-4.jpg","articleSection":["societe et regions"],"inLanguage":"fr-FR","potentialAction":[{"@type":"CommentAction","name":"Comment","target":["https:\/\/dpress.ma\/fr\/2026\/04\/09\/marrakech-lindh-participe-a-la-4eme-edition-du-gitex-africa-morocco\/#respond"]}]},{"@type":"WebPage","@id":"https:\/\/dpress.ma\/fr\/2026\/04\/09\/marrakech-lindh-participe-a-la-4eme-edition-du-gitex-africa-morocco\/","url":"https:\/\/dpress.ma\/fr\/2026\/04\/09\/marrakech-lindh-participe-a-la-4eme-edition-du-gitex-africa-morocco\/","name":"Marrakech : L\u2019INDH participe \u00e0 la 4\u00e8me \u00e9dition du GITEX Africa Morocco - Dpress.ma\/fr","isPartOf":{"@id":"https:\/\/dpress.ma\/fr\/#website"},"primaryImageOfPage":{"@id":"https:\/\/dpress.ma\/fr\/2026\/04\/09\/marrakech-lindh-participe-a-la-4eme-edition-du-gitex-africa-morocco\/#primaryimage"},"image":{"@id":"https:\/\/dpress.ma\/fr\/2026\/04\/09\/marrakech-lindh-participe-a-la-4eme-edition-du-gitex-africa-morocco\/#primaryimage"},"thumbnailUrl":"https:\/\/dpress.ma\/fr\/wp-content\/uploads\/sites\/2\/2026\/04\/45-4.jpg","datePublished":"2026-04-09T09:32:37+00:00","dateModified":"2026-04-09T09:32:40+00:00","author":{"@id":"https:\/\/dpress.ma\/fr\/#\/schema\/person\/4898febf3ccd59e6578d838656a306a0"},"breadcrumb":{"@id":"https:\/\/dpress.ma\/fr\/2026\/04\/09\/marrakech-lindh-participe-a-la-4eme-edition-du-gitex-africa-morocco\/#breadcrumb"},"inLanguage":"fr-FR","potentialAction":[{"@type":"ReadAction","target":["https:\/\/dpress.ma\/fr\/2026\/04\/09\/marrakech-lindh-participe-a-la-4eme-edition-du-gitex-africa-morocco\/"]}]},{"@type":"ImageObject","inLanguage":"fr-FR","@id":"https:\/\/dpress.ma\/fr\/2026\/04\/09\/marrakech-lindh-participe-a-la-4eme-edition-du-gitex-africa-morocco\/#primaryimage","url":"https:\/\/dpress.ma\/fr\/wp-content\/uploads\/sites\/2\/2026\/04\/45-4.jpg","contentUrl":"https:\/\/dpress.ma\/fr\/wp-content\/uploads\/sites\/2\/2026\/04\/45-4.jpg","width":2539,"height":1594},{"@type":"BreadcrumbList","@id":"https:\/\/dpress.ma\/fr\/2026\/04\/09\/marrakech-lindh-participe-a-la-4eme-edition-du-gitex-africa-morocco\/#breadcrumb","itemListElement":[{"@type":"ListItem","position":1,"name":"Home","item":"https:\/\/dpress.ma\/fr\/"},{"@type":"ListItem","position":2,"name":"Marrakech : L\u2019INDH participe \u00e0 la 4\u00e8me \u00e9dition du GITEX Africa Morocco"}]},{"@type":"WebSite","@id":"https:\/\/dpress.ma\/fr\/#website","url":"https:\/\/dpress.ma\/fr\/","name":"Dpress.ma\/fr","description":"","potentialAction":[{"@type":"SearchAction","target":{"@type":"EntryPoint","urlTemplate":"https:\/\/dpress.ma\/fr\/?s={search_term_string}"},"query-input":{"@type":"PropertyValueSpecification","valueRequired":true,"valueName":"search_term_string"}}],"inLanguage":"fr-FR"},{"@type":"Person","@id":"https:\/\/dpress.ma\/fr\/#\/schema\/person\/4898febf3ccd59e6578d838656a306a0","name":"Dpress.ma","image":{"@type":"ImageObject","inLanguage":"fr-FR","@id":"https:\/\/secure.gravatar.com\/avatar\/72ecc30e9db047a2e0e7176561eb9d564ed77c8108376495b19bd8336405198a?s=96&d=mm&r=g","url":"https:\/\/secure.gravatar.com\/avatar\/72ecc30e9db047a2e0e7176561eb9d564ed77c8108376495b19bd8336405198a?s=96&d=mm&r=g","contentUrl":"https:\/\/secure.gravatar.com\/avatar\/72ecc30e9db047a2e0e7176561eb9d564ed77c8108376495b19bd8336405198a?s=96&d=mm&r=g","caption":"Dpress.ma"},"sameAs":["https:\/\/www.dpress.ma"],"url":"https:\/\/dpress.ma\/fr\/author\/dpress-ma\/"}]}},"amp_enabled":true,"_links":{"self":[{"href":"https:\/\/dpress.ma\/fr\/wp-json\/wp\/v2\/posts\/27978","targetHints":{"allow":["GET"]}}],"collection":[{"href":"https:\/\/dpress.ma\/fr\/wp-json\/wp\/v2\/posts"}],"about":[{"href":"https:\/\/dpress.ma\/fr\/wp-json\/wp\/v2\/types\/post"}],"author":[{"embeddable":true,"href":"https:\/\/dpress.ma\/fr\/wp-json\/wp\/v2\/users\/2"}],"replies":[{"embeddable":true,"href":"https:\/\/dpress.ma\/fr\/wp-json\/wp\/v2\/comments?post=27978"}],"version-history":[{"count":1,"href":"https:\/\/dpress.ma\/fr\/wp-json\/wp\/v2\/posts\/27978\/revisions"}],"predecessor-version":[{"id":27979,"href":"https:\/\/dpress.ma\/fr\/wp-json\/wp\/v2\/posts\/27978\/revisions\/27979"}],"wp:featuredmedia":[{"embeddable":true,"href":"https:\/\/dpress.ma\/fr\/wp-json\/wp\/v2\/media\/27937"}],"wp:attachment":[{"href":"https:\/\/dpress.ma\/fr\/wp-json\/wp\/v2\/media?parent=27978"}],"wp:term":[{"taxonomy":"category","embeddable":true,"href":"https:\/\/dpress.ma\/fr\/wp-json\/wp\/v2\/categories?post=27978"},{"taxonomy":"post_tag","embeddable":true,"href":"https:\/\/dpress.ma\/fr\/wp-json\/wp\/v2\/tags?post=27978"}],"curies":[{"name":"wp","href":"https:\/\/api.w.org\/{rel}","templated":true}]}}