{"id":27975,"date":"2026-04-09T09:30:14","date_gmt":"2026-04-09T09:30:14","guid":{"rendered":"https:\/\/dpress.ma\/fr\/?p=27975"},"modified":"2026-04-09T09:30:17","modified_gmt":"2026-04-09T09:30:17","slug":"lancement-a-rabat-de-mh-first-une-plateforme-pour-la-sante-mentale-en-milieu-professionnel","status":"publish","type":"post","link":"https:\/\/dpress.ma\/fr\/2026\/04\/09\/lancement-a-rabat-de-mh-first-une-plateforme-pour-la-sante-mentale-en-milieu-professionnel\/","title":{"rendered":"Lancement \u00e0 Rabat de \u201cMH First\u201d, une plateforme pour la sant\u00e9 mentale en milieu professionnel"},"content":{"rendered":"\n<p>Dpress<\/p>\n\n\n\n<p>&nbsp;La plateforme \u201cMental Health First\u201d (MH First) d\u00e9di\u00e9e \u00e0 la promotion de la sant\u00e9 mentale en milieu professionnel a \u00e9t\u00e9 lanc\u00e9e, mercredi \u00e0 Rabat, lors d\u2019une conf\u00e9rence sous le th\u00e8me \u201cAnticiper plut\u00f4t que r\u00e9agir : Transformer la sant\u00e9 mentale en levier de performance durable\u201d.<\/p>\n\n\n\n<p>Initi\u00e9e \u00e0 la Facult\u00e9 des Sciences de l\u2019\u00c9ducation, relevant de l\u2019Universit\u00e9 Mohammed V de Rabat, cette conf\u00e9rence inaugurale a r\u00e9uni d\u00e9cideurs, universitaires, professionnels de sant\u00e9 et acteurs du sport afin de sensibiliser aux diff\u00e9rents enjeux de pr\u00e9vention en mati\u00e8re de sant\u00e9 mentale, particuli\u00e8rement dans le milieu professionnel.<\/p>\n\n\n\n<p>S\u2019exprimant \u00e0 cette occasion, le doyen de la Facult\u00e9 des Sciences de l\u2019\u00c9ducation, Abdellatif Kidai, a soulign\u00e9 que \u201cla sant\u00e9 mentale s\u2019impose aujourd\u2019hui comme un pilier fondamental de bien-\u00eatre individuel et de performance collective\u201d, devant s\u2019\u00e9riger en tant que \u201cpriorit\u00e9 strat\u00e9gique\u201d.<\/p>\n\n\n\n<p>Il a, \u00e0 cet \u00e9gard, relev\u00e9 le r\u00f4le central de l\u2019Universit\u00e9 dans la sensibilisation et la formation autour de ces enjeux, estimant que cette rencontre constitue \u201cune opportunit\u00e9 pr\u00e9cieuse pour croiser les expertises et construire des solutions innovantes et durables\u201d.<\/p>\n\n\n\n<p>Organis\u00e9e en coop\u00e9ration avec des partenaires internationaux, cette conf\u00e9rence s\u2019inscrit dans une dynamique d\u2019ouverture sur un sujet \u201cqui m\u00e9rite l\u2019implication de toutes les parties prenantes\u201d,&nbsp;a-t-il indiqu\u00e9, mettant en avant l\u2019importance de telles rencontres pour les \u00e9tudiants et les chercheurs dans le cadre d\u2019une approche moderne de la sant\u00e9 mentale.<\/p>\n\n\n\n<p>Initi\u00e9e en Belgique par Seen-Apps, Human Orga et WingedProw Advisory, et adapt\u00e9e au Maroc avec l\u2019accompagnement de SNM Consulting, la plateforme MH First ambitionne de structurer un \u00e9cosyst\u00e8me national d\u00e9di\u00e9 \u00e0 la pr\u00e9vention en sant\u00e9 mentale, en s\u2019appuyant sur une approche collaborative et fond\u00e9e sur la donn\u00e9e.<\/p>\n\n\n\n<p>Dans son intervention lors de cette conf\u00e9rence, le cofondateur de la plateforme MH First, Boussa El Ouafi, a expliqu\u00e9 que cette initiative vise \u00e0 cr\u00e9er des ponts entre les experts et les professionnels, en mettant \u00e0 disposition des outils d\u00e9velopp\u00e9s notamment en Belgique pour mieux comprendre et anticiper les enjeux li\u00e9s \u00e0 la sant\u00e9 mentale.<\/p>\n\n\n\n<p>Il a \u00e9galement mis en avant l\u2019ambition de la plateforme de devenir \u201cun espace de rencontre et de f\u00e9d\u00e9ration des savoir-faire\u201d, accessible \u00e0 l\u2019ensemble des acteurs, avec pour objectif de favoriser le partage d\u2019exp\u00e9riences et le d\u00e9veloppement d\u2019actions concr\u00e8tes dans les domaines de la sant\u00e9, de l\u2019entreprise et du sport.<\/p>\n\n\n\n<p>Pour sa part, Ga\u00ebtan Hennen, cofondateur de MH First et de Seen-Apps, a soulign\u00e9 que la nouvelle plateforme repose sur la volont\u00e9 de connecter les donn\u00e9es scientifiques aux actions de pr\u00e9vention, afin de permettre aux organisations d\u2019anticiper les situations de fragilit\u00e9 plut\u00f4t que d\u2019y r\u00e9agir.<\/p>\n\n\n\n<p>Il a, par ailleurs, insist\u00e9 sur l\u2019importance d\u2019agir en amont, relevant que \u201cde nombreuses probl\u00e9matiques li\u00e9es \u00e0 la sant\u00e9 mentale pourraient \u00eatre mieux prises en charge gr\u00e2ce \u00e0 des outils de mesure et d\u2019analyse adapt\u00e9s\u201d.<\/p>\n\n\n\n<p>Pour sa part, Adrien Bailly, psychologue en neurosciences et cofondateur de Seen-Apps, a mis l\u2019accent sur le r\u00f4le de la donn\u00e9e dans l\u2019identification des besoins en sant\u00e9 mentale, notant que l\u2019objectif est de \u201crendre accessibles les connaissances scientifiques et de les traduire en actions concr\u00e8tes\u201d.<\/p>\n\n\n\n<p>Il a \u00e9galement soulign\u00e9 que la plateforme ambitionne de renforcer les connexions entre les diff\u00e9rents acteurs, en facilitant l\u2019identification des besoins et des solutions au sein des \u00e9cosyst\u00e8mes locaux.<\/p>\n\n\n\n<p>Les \u00e9changes ont \u00e9galement permis de mettre en lumi\u00e8re les d\u00e9fis croissants li\u00e9s \u00e0 la sant\u00e9 mentale, notamment chez les jeunes et dans les milieux professionnels et sportifs, appelant \u00e0 une approche pr\u00e9ventive fond\u00e9e sur des indicateurs pr\u00e9coces et une meilleure mobilisation des acteurs concern\u00e9s.<\/p>\n\n\n\n<p>Le programme de l\u2019\u00e9v\u00e9nement s\u2019est articul\u00e9 autour de trois ateliers pratiques simultan\u00e9s, le premier ax\u00e9 sur le syst\u00e8me de soins, avec pour objectif de renforcer la pr\u00e9vention et la prise en charge des patients par les donn\u00e9es digitales, le deuxi\u00e8me, sous le th\u00e8me sport et performance durable, a trait\u00e9 des moyens d\u2019allier performance maximale et \u00e9quilibre psychologique gr\u00e2ce aux donn\u00e9es.<\/p>\n\n\n\n<p>Consacr\u00e9 \u00e0 l\u2019entreprise et la performance durable, le troisi\u00e8me atelier a port\u00e9 sur la th\u00e9matique \u201cDe la qualit\u00e9 de vie au travail \u00e0 la performance durable : outils et bonnes pratiques\u201d.<\/p>\n\n\n\n<p>S\u2019inscrivant dans le cadre d\u2019un cycle de conf\u00e9rences inaugurales de la nouvelle plateforme, une seconde rencontre est pr\u00e9vue jeudi \u00e0 Casablanca, \u00e0 l\u2019\u00c9cole de Management ESCA, afin de poursuivre la dynamique de sensibilisation et de mobilisation engag\u00e9e.<\/p>\n\n\n\n<p><\/p>\n","protected":false},"excerpt":{"rendered":"<p>Dpress &nbsp;La plateforme \u201cMental Health First\u201d (MH First) d\u00e9di\u00e9e \u00e0 la promotion de la sant\u00e9 mentale en milieu professionnel a \u00e9t\u00e9 lanc\u00e9e, mercredi \u00e0 Rabat, lors d\u2019une conf\u00e9rence sous le th\u00e8me \u201cAnticiper plut\u00f4t que r\u00e9agir : Transformer la sant\u00e9 mentale en levier de performance durable\u201d. Initi\u00e9e \u00e0 la Facult\u00e9 des Sciences de l\u2019\u00c9ducation, relevant de &hellip;<\/p>\n","protected":false},"author":2,"featured_media":27976,"comment_status":"open","ping_status":"open","sticky":false,"template":"","format":"standard","meta":{"footnotes":""},"categories":[40],"tags":[],"class_list":["post-27975","post","type-post","status-publish","format-standard","has-post-thumbnail","hentry","category-societe-et-regions"],"yoast_head":"<!-- This site is optimized with the Yoast SEO plugin v27.5 - https:\/\/yoast.com\/product\/yoast-seo-wordpress\/ -->\n<title>Lancement \u00e0 Rabat de \u201cMH First\u201d, une plateforme pour la sant\u00e9 mentale en milieu professionnel - Dpress.ma\/fr<\/title>\n<meta name=\"robots\" content=\"index, follow, max-snippet:-1, max-image-preview:large, max-video-preview:-1\" \/>\n<link rel=\"canonical\" href=\"https:\/\/dpress.ma\/fr\/2026\/04\/09\/lancement-a-rabat-de-mh-first-une-plateforme-pour-la-sante-mentale-en-milieu-professionnel\/\" \/>\n<meta property=\"og:locale\" content=\"fr_FR\" \/>\n<meta property=\"og:type\" content=\"article\" \/>\n<meta property=\"og:title\" content=\"Lancement \u00e0 Rabat de \u201cMH First\u201d, une plateforme pour la sant\u00e9 mentale en milieu professionnel - Dpress.ma\/fr\" \/>\n<meta property=\"og:description\" content=\"Dpress &nbsp;La plateforme \u201cMental Health First\u201d (MH First) d\u00e9di\u00e9e \u00e0 la promotion de la sant\u00e9 mentale en milieu professionnel a \u00e9t\u00e9 lanc\u00e9e, mercredi \u00e0 Rabat, lors d\u2019une conf\u00e9rence sous le th\u00e8me \u201cAnticiper plut\u00f4t que r\u00e9agir : Transformer la sant\u00e9 mentale en levier de performance durable\u201d. Initi\u00e9e \u00e0 la Facult\u00e9 des Sciences de l\u2019\u00c9ducation, relevant de &hellip;\" \/>\n<meta property=\"og:url\" content=\"https:\/\/dpress.ma\/fr\/2026\/04\/09\/lancement-a-rabat-de-mh-first-une-plateforme-pour-la-sante-mentale-en-milieu-professionnel\/\" \/>\n<meta property=\"og:site_name\" content=\"Dpress.ma\/fr\" \/>\n<meta property=\"article:published_time\" content=\"2026-04-09T09:30:14+00:00\" \/>\n<meta property=\"article:modified_time\" content=\"2026-04-09T09:30:17+00:00\" \/>\n<meta property=\"og:image\" content=\"https:\/\/dpress.ma\/fr\/wp-content\/uploads\/sites\/2\/2026\/04\/39-5.jpg\" \/>\n\t<meta property=\"og:image:width\" content=\"2539\" \/>\n\t<meta property=\"og:image:height\" content=\"1594\" \/>\n\t<meta property=\"og:image:type\" content=\"image\/jpeg\" \/>\n<meta name=\"author\" content=\"Dpress.ma\" \/>\n<meta name=\"twitter:card\" content=\"summary_large_image\" \/>\n<meta name=\"twitter:label1\" content=\"\u00c9crit par\" \/>\n\t<meta name=\"twitter:data1\" content=\"Dpress.ma\" \/>\n\t<meta name=\"twitter:label2\" content=\"Dur\u00e9e de lecture estim\u00e9e\" \/>\n\t<meta name=\"twitter:data2\" content=\"4 minutes\" \/>\n<script type=\"application\/ld+json\" class=\"yoast-schema-graph\">{\"@context\":\"https:\\\/\\\/schema.org\",\"@graph\":[{\"@type\":\"Article\",\"@id\":\"https:\\\/\\\/dpress.ma\\\/fr\\\/2026\\\/04\\\/09\\\/lancement-a-rabat-de-mh-first-une-plateforme-pour-la-sante-mentale-en-milieu-professionnel\\\/#article\",\"isPartOf\":{\"@id\":\"https:\\\/\\\/dpress.ma\\\/fr\\\/2026\\\/04\\\/09\\\/lancement-a-rabat-de-mh-first-une-plateforme-pour-la-sante-mentale-en-milieu-professionnel\\\/\"},\"author\":{\"name\":\"Dpress.ma\",\"@id\":\"https:\\\/\\\/dpress.ma\\\/fr\\\/#\\\/schema\\\/person\\\/4898febf3ccd59e6578d838656a306a0\"},\"headline\":\"Lancement \u00e0 Rabat de \u201cMH First\u201d, une plateforme pour la sant\u00e9 mentale en milieu professionnel\",\"datePublished\":\"2026-04-09T09:30:14+00:00\",\"dateModified\":\"2026-04-09T09:30:17+00:00\",\"mainEntityOfPage\":{\"@id\":\"https:\\\/\\\/dpress.ma\\\/fr\\\/2026\\\/04\\\/09\\\/lancement-a-rabat-de-mh-first-une-plateforme-pour-la-sante-mentale-en-milieu-professionnel\\\/\"},\"wordCount\":810,\"commentCount\":0,\"image\":{\"@id\":\"https:\\\/\\\/dpress.ma\\\/fr\\\/2026\\\/04\\\/09\\\/lancement-a-rabat-de-mh-first-une-plateforme-pour-la-sante-mentale-en-milieu-professionnel\\\/#primaryimage\"},\"thumbnailUrl\":\"https:\\\/\\\/dpress.ma\\\/fr\\\/wp-content\\\/uploads\\\/sites\\\/2\\\/2026\\\/04\\\/39-5.jpg\",\"articleSection\":[\"societe et regions\"],\"inLanguage\":\"fr-FR\",\"potentialAction\":[{\"@type\":\"CommentAction\",\"name\":\"Comment\",\"target\":[\"https:\\\/\\\/dpress.ma\\\/fr\\\/2026\\\/04\\\/09\\\/lancement-a-rabat-de-mh-first-une-plateforme-pour-la-sante-mentale-en-milieu-professionnel\\\/#respond\"]}]},{\"@type\":\"WebPage\",\"@id\":\"https:\\\/\\\/dpress.ma\\\/fr\\\/2026\\\/04\\\/09\\\/lancement-a-rabat-de-mh-first-une-plateforme-pour-la-sante-mentale-en-milieu-professionnel\\\/\",\"url\":\"https:\\\/\\\/dpress.ma\\\/fr\\\/2026\\\/04\\\/09\\\/lancement-a-rabat-de-mh-first-une-plateforme-pour-la-sante-mentale-en-milieu-professionnel\\\/\",\"name\":\"Lancement \u00e0 Rabat de \u201cMH First\u201d, une plateforme pour la sant\u00e9 mentale en milieu professionnel - Dpress.ma\\\/fr\",\"isPartOf\":{\"@id\":\"https:\\\/\\\/dpress.ma\\\/fr\\\/#website\"},\"primaryImageOfPage\":{\"@id\":\"https:\\\/\\\/dpress.ma\\\/fr\\\/2026\\\/04\\\/09\\\/lancement-a-rabat-de-mh-first-une-plateforme-pour-la-sante-mentale-en-milieu-professionnel\\\/#primaryimage\"},\"image\":{\"@id\":\"https:\\\/\\\/dpress.ma\\\/fr\\\/2026\\\/04\\\/09\\\/lancement-a-rabat-de-mh-first-une-plateforme-pour-la-sante-mentale-en-milieu-professionnel\\\/#primaryimage\"},\"thumbnailUrl\":\"https:\\\/\\\/dpress.ma\\\/fr\\\/wp-content\\\/uploads\\\/sites\\\/2\\\/2026\\\/04\\\/39-5.jpg\",\"datePublished\":\"2026-04-09T09:30:14+00:00\",\"dateModified\":\"2026-04-09T09:30:17+00:00\",\"author\":{\"@id\":\"https:\\\/\\\/dpress.ma\\\/fr\\\/#\\\/schema\\\/person\\\/4898febf3ccd59e6578d838656a306a0\"},\"breadcrumb\":{\"@id\":\"https:\\\/\\\/dpress.ma\\\/fr\\\/2026\\\/04\\\/09\\\/lancement-a-rabat-de-mh-first-une-plateforme-pour-la-sante-mentale-en-milieu-professionnel\\\/#breadcrumb\"},\"inLanguage\":\"fr-FR\",\"potentialAction\":[{\"@type\":\"ReadAction\",\"target\":[\"https:\\\/\\\/dpress.ma\\\/fr\\\/2026\\\/04\\\/09\\\/lancement-a-rabat-de-mh-first-une-plateforme-pour-la-sante-mentale-en-milieu-professionnel\\\/\"]}]},{\"@type\":\"ImageObject\",\"inLanguage\":\"fr-FR\",\"@id\":\"https:\\\/\\\/dpress.ma\\\/fr\\\/2026\\\/04\\\/09\\\/lancement-a-rabat-de-mh-first-une-plateforme-pour-la-sante-mentale-en-milieu-professionnel\\\/#primaryimage\",\"url\":\"https:\\\/\\\/dpress.ma\\\/fr\\\/wp-content\\\/uploads\\\/sites\\\/2\\\/2026\\\/04\\\/39-5.jpg\",\"contentUrl\":\"https:\\\/\\\/dpress.ma\\\/fr\\\/wp-content\\\/uploads\\\/sites\\\/2\\\/2026\\\/04\\\/39-5.jpg\",\"width\":2539,\"height\":1594},{\"@type\":\"BreadcrumbList\",\"@id\":\"https:\\\/\\\/dpress.ma\\\/fr\\\/2026\\\/04\\\/09\\\/lancement-a-rabat-de-mh-first-une-plateforme-pour-la-sante-mentale-en-milieu-professionnel\\\/#breadcrumb\",\"itemListElement\":[{\"@type\":\"ListItem\",\"position\":1,\"name\":\"Home\",\"item\":\"https:\\\/\\\/dpress.ma\\\/fr\\\/\"},{\"@type\":\"ListItem\",\"position\":2,\"name\":\"Lancement \u00e0 Rabat de \u201cMH First\u201d, une plateforme pour la sant\u00e9 mentale en milieu professionnel\"}]},{\"@type\":\"WebSite\",\"@id\":\"https:\\\/\\\/dpress.ma\\\/fr\\\/#website\",\"url\":\"https:\\\/\\\/dpress.ma\\\/fr\\\/\",\"name\":\"Dpress.ma\\\/fr\",\"description\":\"\",\"potentialAction\":[{\"@type\":\"SearchAction\",\"target\":{\"@type\":\"EntryPoint\",\"urlTemplate\":\"https:\\\/\\\/dpress.ma\\\/fr\\\/?s={search_term_string}\"},\"query-input\":{\"@type\":\"PropertyValueSpecification\",\"valueRequired\":true,\"valueName\":\"search_term_string\"}}],\"inLanguage\":\"fr-FR\"},{\"@type\":\"Person\",\"@id\":\"https:\\\/\\\/dpress.ma\\\/fr\\\/#\\\/schema\\\/person\\\/4898febf3ccd59e6578d838656a306a0\",\"name\":\"Dpress.ma\",\"image\":{\"@type\":\"ImageObject\",\"inLanguage\":\"fr-FR\",\"@id\":\"https:\\\/\\\/secure.gravatar.com\\\/avatar\\\/72ecc30e9db047a2e0e7176561eb9d564ed77c8108376495b19bd8336405198a?s=96&d=mm&r=g\",\"url\":\"https:\\\/\\\/secure.gravatar.com\\\/avatar\\\/72ecc30e9db047a2e0e7176561eb9d564ed77c8108376495b19bd8336405198a?s=96&d=mm&r=g\",\"contentUrl\":\"https:\\\/\\\/secure.gravatar.com\\\/avatar\\\/72ecc30e9db047a2e0e7176561eb9d564ed77c8108376495b19bd8336405198a?s=96&d=mm&r=g\",\"caption\":\"Dpress.ma\"},\"sameAs\":[\"https:\\\/\\\/www.dpress.ma\"],\"url\":\"https:\\\/\\\/dpress.ma\\\/fr\\\/author\\\/dpress-ma\\\/\"}]}<\/script>\n<!-- \/ Yoast SEO plugin. -->","yoast_head_json":{"title":"Lancement \u00e0 Rabat de \u201cMH First\u201d, une plateforme pour la sant\u00e9 mentale en milieu professionnel - Dpress.ma\/fr","robots":{"index":"index","follow":"follow","max-snippet":"max-snippet:-1","max-image-preview":"max-image-preview:large","max-video-preview":"max-video-preview:-1"},"canonical":"https:\/\/dpress.ma\/fr\/2026\/04\/09\/lancement-a-rabat-de-mh-first-une-plateforme-pour-la-sante-mentale-en-milieu-professionnel\/","og_locale":"fr_FR","og_type":"article","og_title":"Lancement \u00e0 Rabat de \u201cMH First\u201d, une plateforme pour la sant\u00e9 mentale en milieu professionnel - Dpress.ma\/fr","og_description":"Dpress &nbsp;La plateforme \u201cMental Health First\u201d (MH First) d\u00e9di\u00e9e \u00e0 la promotion de la sant\u00e9 mentale en milieu professionnel a \u00e9t\u00e9 lanc\u00e9e, mercredi \u00e0 Rabat, lors d\u2019une conf\u00e9rence sous le th\u00e8me \u201cAnticiper plut\u00f4t que r\u00e9agir : Transformer la sant\u00e9 mentale en levier de performance durable\u201d. Initi\u00e9e \u00e0 la Facult\u00e9 des Sciences de l\u2019\u00c9ducation, relevant de &hellip;","og_url":"https:\/\/dpress.ma\/fr\/2026\/04\/09\/lancement-a-rabat-de-mh-first-une-plateforme-pour-la-sante-mentale-en-milieu-professionnel\/","og_site_name":"Dpress.ma\/fr","article_published_time":"2026-04-09T09:30:14+00:00","article_modified_time":"2026-04-09T09:30:17+00:00","og_image":[{"width":2539,"height":1594,"url":"https:\/\/dpress.ma\/fr\/wp-content\/uploads\/sites\/2\/2026\/04\/39-5.jpg","type":"image\/jpeg"}],"author":"Dpress.ma","twitter_card":"summary_large_image","twitter_misc":{"\u00c9crit par":"Dpress.ma","Dur\u00e9e de lecture estim\u00e9e":"4 minutes"},"schema":{"@context":"https:\/\/schema.org","@graph":[{"@type":"Article","@id":"https:\/\/dpress.ma\/fr\/2026\/04\/09\/lancement-a-rabat-de-mh-first-une-plateforme-pour-la-sante-mentale-en-milieu-professionnel\/#article","isPartOf":{"@id":"https:\/\/dpress.ma\/fr\/2026\/04\/09\/lancement-a-rabat-de-mh-first-une-plateforme-pour-la-sante-mentale-en-milieu-professionnel\/"},"author":{"name":"Dpress.ma","@id":"https:\/\/dpress.ma\/fr\/#\/schema\/person\/4898febf3ccd59e6578d838656a306a0"},"headline":"Lancement \u00e0 Rabat de \u201cMH First\u201d, une plateforme pour la sant\u00e9 mentale en milieu professionnel","datePublished":"2026-04-09T09:30:14+00:00","dateModified":"2026-04-09T09:30:17+00:00","mainEntityOfPage":{"@id":"https:\/\/dpress.ma\/fr\/2026\/04\/09\/lancement-a-rabat-de-mh-first-une-plateforme-pour-la-sante-mentale-en-milieu-professionnel\/"},"wordCount":810,"commentCount":0,"image":{"@id":"https:\/\/dpress.ma\/fr\/2026\/04\/09\/lancement-a-rabat-de-mh-first-une-plateforme-pour-la-sante-mentale-en-milieu-professionnel\/#primaryimage"},"thumbnailUrl":"https:\/\/dpress.ma\/fr\/wp-content\/uploads\/sites\/2\/2026\/04\/39-5.jpg","articleSection":["societe et regions"],"inLanguage":"fr-FR","potentialAction":[{"@type":"CommentAction","name":"Comment","target":["https:\/\/dpress.ma\/fr\/2026\/04\/09\/lancement-a-rabat-de-mh-first-une-plateforme-pour-la-sante-mentale-en-milieu-professionnel\/#respond"]}]},{"@type":"WebPage","@id":"https:\/\/dpress.ma\/fr\/2026\/04\/09\/lancement-a-rabat-de-mh-first-une-plateforme-pour-la-sante-mentale-en-milieu-professionnel\/","url":"https:\/\/dpress.ma\/fr\/2026\/04\/09\/lancement-a-rabat-de-mh-first-une-plateforme-pour-la-sante-mentale-en-milieu-professionnel\/","name":"Lancement \u00e0 Rabat de \u201cMH First\u201d, une plateforme pour la sant\u00e9 mentale en milieu professionnel - Dpress.ma\/fr","isPartOf":{"@id":"https:\/\/dpress.ma\/fr\/#website"},"primaryImageOfPage":{"@id":"https:\/\/dpress.ma\/fr\/2026\/04\/09\/lancement-a-rabat-de-mh-first-une-plateforme-pour-la-sante-mentale-en-milieu-professionnel\/#primaryimage"},"image":{"@id":"https:\/\/dpress.ma\/fr\/2026\/04\/09\/lancement-a-rabat-de-mh-first-une-plateforme-pour-la-sante-mentale-en-milieu-professionnel\/#primaryimage"},"thumbnailUrl":"https:\/\/dpress.ma\/fr\/wp-content\/uploads\/sites\/2\/2026\/04\/39-5.jpg","datePublished":"2026-04-09T09:30:14+00:00","dateModified":"2026-04-09T09:30:17+00:00","author":{"@id":"https:\/\/dpress.ma\/fr\/#\/schema\/person\/4898febf3ccd59e6578d838656a306a0"},"breadcrumb":{"@id":"https:\/\/dpress.ma\/fr\/2026\/04\/09\/lancement-a-rabat-de-mh-first-une-plateforme-pour-la-sante-mentale-en-milieu-professionnel\/#breadcrumb"},"inLanguage":"fr-FR","potentialAction":[{"@type":"ReadAction","target":["https:\/\/dpress.ma\/fr\/2026\/04\/09\/lancement-a-rabat-de-mh-first-une-plateforme-pour-la-sante-mentale-en-milieu-professionnel\/"]}]},{"@type":"ImageObject","inLanguage":"fr-FR","@id":"https:\/\/dpress.ma\/fr\/2026\/04\/09\/lancement-a-rabat-de-mh-first-une-plateforme-pour-la-sante-mentale-en-milieu-professionnel\/#primaryimage","url":"https:\/\/dpress.ma\/fr\/wp-content\/uploads\/sites\/2\/2026\/04\/39-5.jpg","contentUrl":"https:\/\/dpress.ma\/fr\/wp-content\/uploads\/sites\/2\/2026\/04\/39-5.jpg","width":2539,"height":1594},{"@type":"BreadcrumbList","@id":"https:\/\/dpress.ma\/fr\/2026\/04\/09\/lancement-a-rabat-de-mh-first-une-plateforme-pour-la-sante-mentale-en-milieu-professionnel\/#breadcrumb","itemListElement":[{"@type":"ListItem","position":1,"name":"Home","item":"https:\/\/dpress.ma\/fr\/"},{"@type":"ListItem","position":2,"name":"Lancement \u00e0 Rabat de \u201cMH First\u201d, une plateforme pour la sant\u00e9 mentale en milieu professionnel"}]},{"@type":"WebSite","@id":"https:\/\/dpress.ma\/fr\/#website","url":"https:\/\/dpress.ma\/fr\/","name":"Dpress.ma\/fr","description":"","potentialAction":[{"@type":"SearchAction","target":{"@type":"EntryPoint","urlTemplate":"https:\/\/dpress.ma\/fr\/?s={search_term_string}"},"query-input":{"@type":"PropertyValueSpecification","valueRequired":true,"valueName":"search_term_string"}}],"inLanguage":"fr-FR"},{"@type":"Person","@id":"https:\/\/dpress.ma\/fr\/#\/schema\/person\/4898febf3ccd59e6578d838656a306a0","name":"Dpress.ma","image":{"@type":"ImageObject","inLanguage":"fr-FR","@id":"https:\/\/secure.gravatar.com\/avatar\/72ecc30e9db047a2e0e7176561eb9d564ed77c8108376495b19bd8336405198a?s=96&d=mm&r=g","url":"https:\/\/secure.gravatar.com\/avatar\/72ecc30e9db047a2e0e7176561eb9d564ed77c8108376495b19bd8336405198a?s=96&d=mm&r=g","contentUrl":"https:\/\/secure.gravatar.com\/avatar\/72ecc30e9db047a2e0e7176561eb9d564ed77c8108376495b19bd8336405198a?s=96&d=mm&r=g","caption":"Dpress.ma"},"sameAs":["https:\/\/www.dpress.ma"],"url":"https:\/\/dpress.ma\/fr\/author\/dpress-ma\/"}]}},"amp_enabled":true,"_links":{"self":[{"href":"https:\/\/dpress.ma\/fr\/wp-json\/wp\/v2\/posts\/27975","targetHints":{"allow":["GET"]}}],"collection":[{"href":"https:\/\/dpress.ma\/fr\/wp-json\/wp\/v2\/posts"}],"about":[{"href":"https:\/\/dpress.ma\/fr\/wp-json\/wp\/v2\/types\/post"}],"author":[{"embeddable":true,"href":"https:\/\/dpress.ma\/fr\/wp-json\/wp\/v2\/users\/2"}],"replies":[{"embeddable":true,"href":"https:\/\/dpress.ma\/fr\/wp-json\/wp\/v2\/comments?post=27975"}],"version-history":[{"count":1,"href":"https:\/\/dpress.ma\/fr\/wp-json\/wp\/v2\/posts\/27975\/revisions"}],"predecessor-version":[{"id":27977,"href":"https:\/\/dpress.ma\/fr\/wp-json\/wp\/v2\/posts\/27975\/revisions\/27977"}],"wp:featuredmedia":[{"embeddable":true,"href":"https:\/\/dpress.ma\/fr\/wp-json\/wp\/v2\/media\/27976"}],"wp:attachment":[{"href":"https:\/\/dpress.ma\/fr\/wp-json\/wp\/v2\/media?parent=27975"}],"wp:term":[{"taxonomy":"category","embeddable":true,"href":"https:\/\/dpress.ma\/fr\/wp-json\/wp\/v2\/categories?post=27975"},{"taxonomy":"post_tag","embeddable":true,"href":"https:\/\/dpress.ma\/fr\/wp-json\/wp\/v2\/tags?post=27975"}],"curies":[{"name":"wp","href":"https:\/\/api.w.org\/{rel}","templated":true}]}}