{"id":27970,"date":"2026-04-09T09:25:08","date_gmt":"2026-04-09T09:25:08","guid":{"rendered":"https:\/\/dpress.ma\/fr\/?p=27970"},"modified":"2026-04-09T09:25:13","modified_gmt":"2026-04-09T09:25:13","slug":"londe-et-lunesco-scellent-a-rabat-un-partenariat-pour-renforcer-le-droit-a-leducation-au-maroc","status":"publish","type":"post","link":"https:\/\/dpress.ma\/fr\/2026\/04\/09\/londe-et-lunesco-scellent-a-rabat-un-partenariat-pour-renforcer-le-droit-a-leducation-au-maroc\/","title":{"rendered":"L\u2019ONDE et l\u2019UNESCO scellent \u00e0 Rabat un partenariat pour renforcer le droit \u00e0 l\u2019\u00e9ducation au Maroc"},"content":{"rendered":"\n<p>Dpress<\/p>\n\n\n\n<p>L\u2019Observatoire national des droits de l\u2019enfant (ONDE), pr\u00e9sid\u00e9 par Son Altesse Royale la Princesse Lalla Meryem, et l\u2019Organisation des Nations Unies pour l\u2019\u00e9ducation, la science et la culture (UNESCO) ont sign\u00e9, mercredi \u00e0 Rabat, une convention de partenariat visant \u00e0 soutenir une initiative structurante en faveur du droit \u00e0 l\u2019\u00e9ducation au Maroc.<\/p>\n\n\n\n<p>En vertu de cette convention, paraph\u00e9e par la vice-pr\u00e9sidente de l\u2019ONDE, Ghizlane Benjelloun et le Directeur du Bureau r\u00e9gional de l\u2019UNESCO, Charaf Ahmimed, l\u2019Observatoire va accompagner la mise en \u0153uvre du projet intitul\u00e9 \u201c\u00c9valuer pour transformer : le droit \u00e0 l\u2019\u00e9ducation au Maroc\u201d.<\/p>\n\n\n\n<p>Ce projet s\u2019inscrit dans une dynamique strat\u00e9gique, conform\u00e9ment aux Hautes Orientations de Sa Majest\u00e9 le Roi Mohammed VI, et s\u2019articule autour de plusieurs objectifs cl\u00e9s.<\/p>\n\n\n\n<p>Il s\u2019agit de l\u2019analyse syst\u00e9mique de l\u2019alignement du cadre juridique et des politiques publiques nationales avec les engagements internationaux du Maroc en mati\u00e8re de droit \u00e0 l\u2019\u00e9ducation, du renforcement des capacit\u00e9s nationales en termes d\u2019analyse fond\u00e9e sur les droits humains ainsi que de l\u2019\u00e9laboration d\u2019une feuille de route coh\u00e9rente, prioris\u00e9e et op\u00e9rationnelle pour appuyer les r\u00e9formes en cours dans le secteur de l\u2019\u00e9ducation.<\/p>\n\n\n\n<p>La mise en \u0153uvre du projet pourrait \u00e9galement \u00eatre enrichie par des actions compl\u00e9mentaires, notamment des sessions de formation au profit des acteurs nationaux.<\/p>\n\n\n\n<p>A travers ce partenariat, l\u2019ONDE et l\u2019UNESCO entendent contribuer \u00e0 une meilleure effectivit\u00e9 du droit \u00e0 l\u2019\u00e9ducation, en pla\u00e7ant l\u2019approche bas\u00e9e sur les droits de l\u2019enfant au c\u0153ur des politiques publiques et pla\u00e7ant le Maroc comme pays pilote dans la r\u00e9gion en mati\u00e8re d\u2019auto\u00e9valuation.<\/p>\n","protected":false},"excerpt":{"rendered":"<p>Dpress L\u2019Observatoire national des droits de l\u2019enfant (ONDE), pr\u00e9sid\u00e9 par Son Altesse Royale la Princesse Lalla Meryem, et l\u2019Organisation des Nations Unies pour l\u2019\u00e9ducation, la science et la culture (UNESCO) ont sign\u00e9, mercredi \u00e0 Rabat, une convention de partenariat visant \u00e0 soutenir une initiative structurante en faveur du droit \u00e0 l\u2019\u00e9ducation au Maroc. En vertu &hellip;<\/p>\n","protected":false},"author":2,"featured_media":27971,"comment_status":"open","ping_status":"open","sticky":false,"template":"","format":"standard","meta":{"footnotes":""},"categories":[26],"tags":[],"class_list":["post-27970","post","type-post","status-publish","format-standard","has-post-thumbnail","hentry","category-politiques"],"yoast_head":"<!-- This site is optimized with the Yoast SEO plugin v27.5 - https:\/\/yoast.com\/product\/yoast-seo-wordpress\/ -->\n<title>L\u2019ONDE et l\u2019UNESCO scellent \u00e0 Rabat un partenariat pour renforcer le droit \u00e0 l\u2019\u00e9ducation au Maroc - Dpress.ma\/fr<\/title>\n<meta name=\"robots\" content=\"index, follow, max-snippet:-1, max-image-preview:large, max-video-preview:-1\" \/>\n<link rel=\"canonical\" href=\"https:\/\/dpress.ma\/fr\/2026\/04\/09\/londe-et-lunesco-scellent-a-rabat-un-partenariat-pour-renforcer-le-droit-a-leducation-au-maroc\/\" \/>\n<meta property=\"og:locale\" content=\"fr_FR\" \/>\n<meta property=\"og:type\" content=\"article\" \/>\n<meta property=\"og:title\" content=\"L\u2019ONDE et l\u2019UNESCO scellent \u00e0 Rabat un partenariat pour renforcer le droit \u00e0 l\u2019\u00e9ducation au Maroc - Dpress.ma\/fr\" \/>\n<meta property=\"og:description\" content=\"Dpress L\u2019Observatoire national des droits de l\u2019enfant (ONDE), pr\u00e9sid\u00e9 par Son Altesse Royale la Princesse Lalla Meryem, et l\u2019Organisation des Nations Unies pour l\u2019\u00e9ducation, la science et la culture (UNESCO) ont sign\u00e9, mercredi \u00e0 Rabat, une convention de partenariat visant \u00e0 soutenir une initiative structurante en faveur du droit \u00e0 l\u2019\u00e9ducation au Maroc. En vertu &hellip;\" \/>\n<meta property=\"og:url\" content=\"https:\/\/dpress.ma\/fr\/2026\/04\/09\/londe-et-lunesco-scellent-a-rabat-un-partenariat-pour-renforcer-le-droit-a-leducation-au-maroc\/\" \/>\n<meta property=\"og:site_name\" content=\"Dpress.ma\/fr\" \/>\n<meta property=\"article:published_time\" content=\"2026-04-09T09:25:08+00:00\" \/>\n<meta property=\"article:modified_time\" content=\"2026-04-09T09:25:13+00:00\" \/>\n<meta property=\"og:image\" content=\"https:\/\/dpress.ma\/fr\/wp-content\/uploads\/sites\/2\/2026\/04\/38-5.jpg\" \/>\n\t<meta property=\"og:image:width\" content=\"2539\" \/>\n\t<meta property=\"og:image:height\" content=\"1594\" \/>\n\t<meta property=\"og:image:type\" content=\"image\/jpeg\" \/>\n<meta name=\"author\" content=\"Dpress.ma\" \/>\n<meta name=\"twitter:card\" content=\"summary_large_image\" \/>\n<meta name=\"twitter:label1\" content=\"\u00c9crit par\" \/>\n\t<meta name=\"twitter:data1\" content=\"Dpress.ma\" \/>\n\t<meta name=\"twitter:label2\" content=\"Dur\u00e9e de lecture estim\u00e9e\" \/>\n\t<meta name=\"twitter:data2\" content=\"2 minutes\" \/>\n<script type=\"application\/ld+json\" class=\"yoast-schema-graph\">{\"@context\":\"https:\\\/\\\/schema.org\",\"@graph\":[{\"@type\":\"Article\",\"@id\":\"https:\\\/\\\/dpress.ma\\\/fr\\\/2026\\\/04\\\/09\\\/londe-et-lunesco-scellent-a-rabat-un-partenariat-pour-renforcer-le-droit-a-leducation-au-maroc\\\/#article\",\"isPartOf\":{\"@id\":\"https:\\\/\\\/dpress.ma\\\/fr\\\/2026\\\/04\\\/09\\\/londe-et-lunesco-scellent-a-rabat-un-partenariat-pour-renforcer-le-droit-a-leducation-au-maroc\\\/\"},\"author\":{\"name\":\"Dpress.ma\",\"@id\":\"https:\\\/\\\/dpress.ma\\\/fr\\\/#\\\/schema\\\/person\\\/4898febf3ccd59e6578d838656a306a0\"},\"headline\":\"L\u2019ONDE et l\u2019UNESCO scellent \u00e0 Rabat un partenariat pour renforcer le droit \u00e0 l\u2019\u00e9ducation au Maroc\",\"datePublished\":\"2026-04-09T09:25:08+00:00\",\"dateModified\":\"2026-04-09T09:25:13+00:00\",\"mainEntityOfPage\":{\"@id\":\"https:\\\/\\\/dpress.ma\\\/fr\\\/2026\\\/04\\\/09\\\/londe-et-lunesco-scellent-a-rabat-un-partenariat-pour-renforcer-le-droit-a-leducation-au-maroc\\\/\"},\"wordCount\":309,\"commentCount\":0,\"image\":{\"@id\":\"https:\\\/\\\/dpress.ma\\\/fr\\\/2026\\\/04\\\/09\\\/londe-et-lunesco-scellent-a-rabat-un-partenariat-pour-renforcer-le-droit-a-leducation-au-maroc\\\/#primaryimage\"},\"thumbnailUrl\":\"https:\\\/\\\/dpress.ma\\\/fr\\\/wp-content\\\/uploads\\\/sites\\\/2\\\/2026\\\/04\\\/38-5.jpg\",\"articleSection\":[\"Politiques\"],\"inLanguage\":\"fr-FR\",\"potentialAction\":[{\"@type\":\"CommentAction\",\"name\":\"Comment\",\"target\":[\"https:\\\/\\\/dpress.ma\\\/fr\\\/2026\\\/04\\\/09\\\/londe-et-lunesco-scellent-a-rabat-un-partenariat-pour-renforcer-le-droit-a-leducation-au-maroc\\\/#respond\"]}]},{\"@type\":\"WebPage\",\"@id\":\"https:\\\/\\\/dpress.ma\\\/fr\\\/2026\\\/04\\\/09\\\/londe-et-lunesco-scellent-a-rabat-un-partenariat-pour-renforcer-le-droit-a-leducation-au-maroc\\\/\",\"url\":\"https:\\\/\\\/dpress.ma\\\/fr\\\/2026\\\/04\\\/09\\\/londe-et-lunesco-scellent-a-rabat-un-partenariat-pour-renforcer-le-droit-a-leducation-au-maroc\\\/\",\"name\":\"L\u2019ONDE et l\u2019UNESCO scellent \u00e0 Rabat un partenariat pour renforcer le droit \u00e0 l\u2019\u00e9ducation au Maroc - Dpress.ma\\\/fr\",\"isPartOf\":{\"@id\":\"https:\\\/\\\/dpress.ma\\\/fr\\\/#website\"},\"primaryImageOfPage\":{\"@id\":\"https:\\\/\\\/dpress.ma\\\/fr\\\/2026\\\/04\\\/09\\\/londe-et-lunesco-scellent-a-rabat-un-partenariat-pour-renforcer-le-droit-a-leducation-au-maroc\\\/#primaryimage\"},\"image\":{\"@id\":\"https:\\\/\\\/dpress.ma\\\/fr\\\/2026\\\/04\\\/09\\\/londe-et-lunesco-scellent-a-rabat-un-partenariat-pour-renforcer-le-droit-a-leducation-au-maroc\\\/#primaryimage\"},\"thumbnailUrl\":\"https:\\\/\\\/dpress.ma\\\/fr\\\/wp-content\\\/uploads\\\/sites\\\/2\\\/2026\\\/04\\\/38-5.jpg\",\"datePublished\":\"2026-04-09T09:25:08+00:00\",\"dateModified\":\"2026-04-09T09:25:13+00:00\",\"author\":{\"@id\":\"https:\\\/\\\/dpress.ma\\\/fr\\\/#\\\/schema\\\/person\\\/4898febf3ccd59e6578d838656a306a0\"},\"breadcrumb\":{\"@id\":\"https:\\\/\\\/dpress.ma\\\/fr\\\/2026\\\/04\\\/09\\\/londe-et-lunesco-scellent-a-rabat-un-partenariat-pour-renforcer-le-droit-a-leducation-au-maroc\\\/#breadcrumb\"},\"inLanguage\":\"fr-FR\",\"potentialAction\":[{\"@type\":\"ReadAction\",\"target\":[\"https:\\\/\\\/dpress.ma\\\/fr\\\/2026\\\/04\\\/09\\\/londe-et-lunesco-scellent-a-rabat-un-partenariat-pour-renforcer-le-droit-a-leducation-au-maroc\\\/\"]}]},{\"@type\":\"ImageObject\",\"inLanguage\":\"fr-FR\",\"@id\":\"https:\\\/\\\/dpress.ma\\\/fr\\\/2026\\\/04\\\/09\\\/londe-et-lunesco-scellent-a-rabat-un-partenariat-pour-renforcer-le-droit-a-leducation-au-maroc\\\/#primaryimage\",\"url\":\"https:\\\/\\\/dpress.ma\\\/fr\\\/wp-content\\\/uploads\\\/sites\\\/2\\\/2026\\\/04\\\/38-5.jpg\",\"contentUrl\":\"https:\\\/\\\/dpress.ma\\\/fr\\\/wp-content\\\/uploads\\\/sites\\\/2\\\/2026\\\/04\\\/38-5.jpg\",\"width\":2539,\"height\":1594},{\"@type\":\"BreadcrumbList\",\"@id\":\"https:\\\/\\\/dpress.ma\\\/fr\\\/2026\\\/04\\\/09\\\/londe-et-lunesco-scellent-a-rabat-un-partenariat-pour-renforcer-le-droit-a-leducation-au-maroc\\\/#breadcrumb\",\"itemListElement\":[{\"@type\":\"ListItem\",\"position\":1,\"name\":\"Home\",\"item\":\"https:\\\/\\\/dpress.ma\\\/fr\\\/\"},{\"@type\":\"ListItem\",\"position\":2,\"name\":\"L\u2019ONDE et l\u2019UNESCO scellent \u00e0 Rabat un partenariat pour renforcer le droit \u00e0 l\u2019\u00e9ducation au Maroc\"}]},{\"@type\":\"WebSite\",\"@id\":\"https:\\\/\\\/dpress.ma\\\/fr\\\/#website\",\"url\":\"https:\\\/\\\/dpress.ma\\\/fr\\\/\",\"name\":\"Dpress.ma\\\/fr\",\"description\":\"\",\"potentialAction\":[{\"@type\":\"SearchAction\",\"target\":{\"@type\":\"EntryPoint\",\"urlTemplate\":\"https:\\\/\\\/dpress.ma\\\/fr\\\/?s={search_term_string}\"},\"query-input\":{\"@type\":\"PropertyValueSpecification\",\"valueRequired\":true,\"valueName\":\"search_term_string\"}}],\"inLanguage\":\"fr-FR\"},{\"@type\":\"Person\",\"@id\":\"https:\\\/\\\/dpress.ma\\\/fr\\\/#\\\/schema\\\/person\\\/4898febf3ccd59e6578d838656a306a0\",\"name\":\"Dpress.ma\",\"image\":{\"@type\":\"ImageObject\",\"inLanguage\":\"fr-FR\",\"@id\":\"https:\\\/\\\/secure.gravatar.com\\\/avatar\\\/72ecc30e9db047a2e0e7176561eb9d564ed77c8108376495b19bd8336405198a?s=96&d=mm&r=g\",\"url\":\"https:\\\/\\\/secure.gravatar.com\\\/avatar\\\/72ecc30e9db047a2e0e7176561eb9d564ed77c8108376495b19bd8336405198a?s=96&d=mm&r=g\",\"contentUrl\":\"https:\\\/\\\/secure.gravatar.com\\\/avatar\\\/72ecc30e9db047a2e0e7176561eb9d564ed77c8108376495b19bd8336405198a?s=96&d=mm&r=g\",\"caption\":\"Dpress.ma\"},\"sameAs\":[\"https:\\\/\\\/www.dpress.ma\"],\"url\":\"https:\\\/\\\/dpress.ma\\\/fr\\\/author\\\/dpress-ma\\\/\"}]}<\/script>\n<!-- \/ Yoast SEO plugin. -->","yoast_head_json":{"title":"L\u2019ONDE et l\u2019UNESCO scellent \u00e0 Rabat un partenariat pour renforcer le droit \u00e0 l\u2019\u00e9ducation au Maroc - Dpress.ma\/fr","robots":{"index":"index","follow":"follow","max-snippet":"max-snippet:-1","max-image-preview":"max-image-preview:large","max-video-preview":"max-video-preview:-1"},"canonical":"https:\/\/dpress.ma\/fr\/2026\/04\/09\/londe-et-lunesco-scellent-a-rabat-un-partenariat-pour-renforcer-le-droit-a-leducation-au-maroc\/","og_locale":"fr_FR","og_type":"article","og_title":"L\u2019ONDE et l\u2019UNESCO scellent \u00e0 Rabat un partenariat pour renforcer le droit \u00e0 l\u2019\u00e9ducation au Maroc - Dpress.ma\/fr","og_description":"Dpress L\u2019Observatoire national des droits de l\u2019enfant (ONDE), pr\u00e9sid\u00e9 par Son Altesse Royale la Princesse Lalla Meryem, et l\u2019Organisation des Nations Unies pour l\u2019\u00e9ducation, la science et la culture (UNESCO) ont sign\u00e9, mercredi \u00e0 Rabat, une convention de partenariat visant \u00e0 soutenir une initiative structurante en faveur du droit \u00e0 l\u2019\u00e9ducation au Maroc. En vertu &hellip;","og_url":"https:\/\/dpress.ma\/fr\/2026\/04\/09\/londe-et-lunesco-scellent-a-rabat-un-partenariat-pour-renforcer-le-droit-a-leducation-au-maroc\/","og_site_name":"Dpress.ma\/fr","article_published_time":"2026-04-09T09:25:08+00:00","article_modified_time":"2026-04-09T09:25:13+00:00","og_image":[{"width":2539,"height":1594,"url":"https:\/\/dpress.ma\/fr\/wp-content\/uploads\/sites\/2\/2026\/04\/38-5.jpg","type":"image\/jpeg"}],"author":"Dpress.ma","twitter_card":"summary_large_image","twitter_misc":{"\u00c9crit par":"Dpress.ma","Dur\u00e9e de lecture estim\u00e9e":"2 minutes"},"schema":{"@context":"https:\/\/schema.org","@graph":[{"@type":"Article","@id":"https:\/\/dpress.ma\/fr\/2026\/04\/09\/londe-et-lunesco-scellent-a-rabat-un-partenariat-pour-renforcer-le-droit-a-leducation-au-maroc\/#article","isPartOf":{"@id":"https:\/\/dpress.ma\/fr\/2026\/04\/09\/londe-et-lunesco-scellent-a-rabat-un-partenariat-pour-renforcer-le-droit-a-leducation-au-maroc\/"},"author":{"name":"Dpress.ma","@id":"https:\/\/dpress.ma\/fr\/#\/schema\/person\/4898febf3ccd59e6578d838656a306a0"},"headline":"L\u2019ONDE et l\u2019UNESCO scellent \u00e0 Rabat un partenariat pour renforcer le droit \u00e0 l\u2019\u00e9ducation au Maroc","datePublished":"2026-04-09T09:25:08+00:00","dateModified":"2026-04-09T09:25:13+00:00","mainEntityOfPage":{"@id":"https:\/\/dpress.ma\/fr\/2026\/04\/09\/londe-et-lunesco-scellent-a-rabat-un-partenariat-pour-renforcer-le-droit-a-leducation-au-maroc\/"},"wordCount":309,"commentCount":0,"image":{"@id":"https:\/\/dpress.ma\/fr\/2026\/04\/09\/londe-et-lunesco-scellent-a-rabat-un-partenariat-pour-renforcer-le-droit-a-leducation-au-maroc\/#primaryimage"},"thumbnailUrl":"https:\/\/dpress.ma\/fr\/wp-content\/uploads\/sites\/2\/2026\/04\/38-5.jpg","articleSection":["Politiques"],"inLanguage":"fr-FR","potentialAction":[{"@type":"CommentAction","name":"Comment","target":["https:\/\/dpress.ma\/fr\/2026\/04\/09\/londe-et-lunesco-scellent-a-rabat-un-partenariat-pour-renforcer-le-droit-a-leducation-au-maroc\/#respond"]}]},{"@type":"WebPage","@id":"https:\/\/dpress.ma\/fr\/2026\/04\/09\/londe-et-lunesco-scellent-a-rabat-un-partenariat-pour-renforcer-le-droit-a-leducation-au-maroc\/","url":"https:\/\/dpress.ma\/fr\/2026\/04\/09\/londe-et-lunesco-scellent-a-rabat-un-partenariat-pour-renforcer-le-droit-a-leducation-au-maroc\/","name":"L\u2019ONDE et l\u2019UNESCO scellent \u00e0 Rabat un partenariat pour renforcer le droit \u00e0 l\u2019\u00e9ducation au Maroc - Dpress.ma\/fr","isPartOf":{"@id":"https:\/\/dpress.ma\/fr\/#website"},"primaryImageOfPage":{"@id":"https:\/\/dpress.ma\/fr\/2026\/04\/09\/londe-et-lunesco-scellent-a-rabat-un-partenariat-pour-renforcer-le-droit-a-leducation-au-maroc\/#primaryimage"},"image":{"@id":"https:\/\/dpress.ma\/fr\/2026\/04\/09\/londe-et-lunesco-scellent-a-rabat-un-partenariat-pour-renforcer-le-droit-a-leducation-au-maroc\/#primaryimage"},"thumbnailUrl":"https:\/\/dpress.ma\/fr\/wp-content\/uploads\/sites\/2\/2026\/04\/38-5.jpg","datePublished":"2026-04-09T09:25:08+00:00","dateModified":"2026-04-09T09:25:13+00:00","author":{"@id":"https:\/\/dpress.ma\/fr\/#\/schema\/person\/4898febf3ccd59e6578d838656a306a0"},"breadcrumb":{"@id":"https:\/\/dpress.ma\/fr\/2026\/04\/09\/londe-et-lunesco-scellent-a-rabat-un-partenariat-pour-renforcer-le-droit-a-leducation-au-maroc\/#breadcrumb"},"inLanguage":"fr-FR","potentialAction":[{"@type":"ReadAction","target":["https:\/\/dpress.ma\/fr\/2026\/04\/09\/londe-et-lunesco-scellent-a-rabat-un-partenariat-pour-renforcer-le-droit-a-leducation-au-maroc\/"]}]},{"@type":"ImageObject","inLanguage":"fr-FR","@id":"https:\/\/dpress.ma\/fr\/2026\/04\/09\/londe-et-lunesco-scellent-a-rabat-un-partenariat-pour-renforcer-le-droit-a-leducation-au-maroc\/#primaryimage","url":"https:\/\/dpress.ma\/fr\/wp-content\/uploads\/sites\/2\/2026\/04\/38-5.jpg","contentUrl":"https:\/\/dpress.ma\/fr\/wp-content\/uploads\/sites\/2\/2026\/04\/38-5.jpg","width":2539,"height":1594},{"@type":"BreadcrumbList","@id":"https:\/\/dpress.ma\/fr\/2026\/04\/09\/londe-et-lunesco-scellent-a-rabat-un-partenariat-pour-renforcer-le-droit-a-leducation-au-maroc\/#breadcrumb","itemListElement":[{"@type":"ListItem","position":1,"name":"Home","item":"https:\/\/dpress.ma\/fr\/"},{"@type":"ListItem","position":2,"name":"L\u2019ONDE et l\u2019UNESCO scellent \u00e0 Rabat un partenariat pour renforcer le droit \u00e0 l\u2019\u00e9ducation au Maroc"}]},{"@type":"WebSite","@id":"https:\/\/dpress.ma\/fr\/#website","url":"https:\/\/dpress.ma\/fr\/","name":"Dpress.ma\/fr","description":"","potentialAction":[{"@type":"SearchAction","target":{"@type":"EntryPoint","urlTemplate":"https:\/\/dpress.ma\/fr\/?s={search_term_string}"},"query-input":{"@type":"PropertyValueSpecification","valueRequired":true,"valueName":"search_term_string"}}],"inLanguage":"fr-FR"},{"@type":"Person","@id":"https:\/\/dpress.ma\/fr\/#\/schema\/person\/4898febf3ccd59e6578d838656a306a0","name":"Dpress.ma","image":{"@type":"ImageObject","inLanguage":"fr-FR","@id":"https:\/\/secure.gravatar.com\/avatar\/72ecc30e9db047a2e0e7176561eb9d564ed77c8108376495b19bd8336405198a?s=96&d=mm&r=g","url":"https:\/\/secure.gravatar.com\/avatar\/72ecc30e9db047a2e0e7176561eb9d564ed77c8108376495b19bd8336405198a?s=96&d=mm&r=g","contentUrl":"https:\/\/secure.gravatar.com\/avatar\/72ecc30e9db047a2e0e7176561eb9d564ed77c8108376495b19bd8336405198a?s=96&d=mm&r=g","caption":"Dpress.ma"},"sameAs":["https:\/\/www.dpress.ma"],"url":"https:\/\/dpress.ma\/fr\/author\/dpress-ma\/"}]}},"amp_enabled":true,"_links":{"self":[{"href":"https:\/\/dpress.ma\/fr\/wp-json\/wp\/v2\/posts\/27970","targetHints":{"allow":["GET"]}}],"collection":[{"href":"https:\/\/dpress.ma\/fr\/wp-json\/wp\/v2\/posts"}],"about":[{"href":"https:\/\/dpress.ma\/fr\/wp-json\/wp\/v2\/types\/post"}],"author":[{"embeddable":true,"href":"https:\/\/dpress.ma\/fr\/wp-json\/wp\/v2\/users\/2"}],"replies":[{"embeddable":true,"href":"https:\/\/dpress.ma\/fr\/wp-json\/wp\/v2\/comments?post=27970"}],"version-history":[{"count":1,"href":"https:\/\/dpress.ma\/fr\/wp-json\/wp\/v2\/posts\/27970\/revisions"}],"predecessor-version":[{"id":27972,"href":"https:\/\/dpress.ma\/fr\/wp-json\/wp\/v2\/posts\/27970\/revisions\/27972"}],"wp:featuredmedia":[{"embeddable":true,"href":"https:\/\/dpress.ma\/fr\/wp-json\/wp\/v2\/media\/27971"}],"wp:attachment":[{"href":"https:\/\/dpress.ma\/fr\/wp-json\/wp\/v2\/media?parent=27970"}],"wp:term":[{"taxonomy":"category","embeddable":true,"href":"https:\/\/dpress.ma\/fr\/wp-json\/wp\/v2\/categories?post=27970"},{"taxonomy":"post_tag","embeddable":true,"href":"https:\/\/dpress.ma\/fr\/wp-json\/wp\/v2\/tags?post=27970"}],"curies":[{"name":"wp","href":"https:\/\/api.w.org\/{rel}","templated":true}]}}