{"id":27968,"date":"2026-04-09T09:23:11","date_gmt":"2026-04-09T09:23:11","guid":{"rendered":"https:\/\/dpress.ma\/fr\/?p=27968"},"modified":"2026-04-09T09:23:13","modified_gmt":"2026-04-09T09:23:13","slug":"m-bourita-recu-en-audience-par-le-president-de-la-republique-du-niger","status":"publish","type":"post","link":"https:\/\/dpress.ma\/fr\/2026\/04\/09\/m-bourita-recu-en-audience-par-le-president-de-la-republique-du-niger\/","title":{"rendered":"M. Bourita re\u00e7u en audience par le pr\u00e9sident de la R\u00e9publique du Niger"},"content":{"rendered":"\n<p>Dpress<\/p>\n\n\n\n<p>Le ministre des Affaires \u00e9trang\u00e8res, de la Coop\u00e9ration africaine et des Marocains r\u00e9sidant \u00e0 l\u2019\u00e9tranger, M. Nasser Bourita, a \u00e9t\u00e9 re\u00e7u en audience, mercredi \u00e0 Niamey, par le G\u00e9n\u00e9ral d\u2019Arm\u00e9e Abdourahamane Tiani, Pr\u00e9sident de la R\u00e9publique du Niger, Chef de l\u2019\u00c9tat.<\/p>\n\n\n\n<p>A cette occasion, M. Bourita a transmis au Pr\u00e9sident nig\u00e9rien les salutations fraternelles de Sa Majest\u00e9 le Roi Mohammed VI, que Dieu L\u2019assiste, et les v\u0153ux du Souverain pour le peuple nig\u00e9rien fr\u00e8re.<\/p>\n\n\n\n<p>Le Pr\u00e9sident de la R\u00e9publique du Niger a, de son c\u00f4t\u00e9, exprim\u00e9 ses remerciements \u00e0 Sa Majest\u00e9 le Roi, que Dieu L\u2019assiste, pour les actes de solidarit\u00e9 tangibles en faveur du Niger, ainsi que pour les initiatives r\u00e9gionales louables en faveur du d\u00e9veloppement et de la stabilit\u00e9 du Sahel.<\/p>\n\n\n\n<p>L\u2019audience intervient en marge de la 5e session de la Commission Mixte de Coop\u00e9ration entre le Maroc et le Niger, qui a tenu ses travaux ce jour \u00e0 Niamey, sous la pr\u00e9sidence de M. Nasser Bourita et de son homologue du Niger, M. Bakary Yaou Sangar\u00e9, ministre des Affaires \u00e9trang\u00e8res, de la Coop\u00e9ration et des Nig\u00e9riens \u00e0 l\u2019ext\u00e9rieur.<\/p>\n","protected":false},"excerpt":{"rendered":"<p>Dpress Le ministre des Affaires \u00e9trang\u00e8res, de la Coop\u00e9ration africaine et des Marocains r\u00e9sidant \u00e0 l\u2019\u00e9tranger, M. Nasser Bourita, a \u00e9t\u00e9 re\u00e7u en audience, mercredi \u00e0 Niamey, par le G\u00e9n\u00e9ral d\u2019Arm\u00e9e Abdourahamane Tiani, Pr\u00e9sident de la R\u00e9publique du Niger, Chef de l\u2019\u00c9tat. A cette occasion, M. Bourita a transmis au Pr\u00e9sident nig\u00e9rien les salutations fraternelles &hellip;<\/p>\n","protected":false},"author":2,"featured_media":27904,"comment_status":"open","ping_status":"open","sticky":false,"template":"","format":"standard","meta":{"footnotes":""},"categories":[26],"tags":[],"class_list":["post-27968","post","type-post","status-publish","format-standard","has-post-thumbnail","hentry","category-politiques"],"yoast_head":"<!-- This site is optimized with the Yoast SEO plugin v27.5 - https:\/\/yoast.com\/product\/yoast-seo-wordpress\/ -->\n<title>M. Bourita re\u00e7u en audience par le pr\u00e9sident de la R\u00e9publique du Niger - Dpress.ma\/fr<\/title>\n<meta name=\"robots\" content=\"index, follow, max-snippet:-1, max-image-preview:large, max-video-preview:-1\" \/>\n<link rel=\"canonical\" href=\"https:\/\/dpress.ma\/fr\/2026\/04\/09\/m-bourita-recu-en-audience-par-le-president-de-la-republique-du-niger\/\" \/>\n<meta property=\"og:locale\" content=\"fr_FR\" \/>\n<meta property=\"og:type\" content=\"article\" \/>\n<meta property=\"og:title\" content=\"M. Bourita re\u00e7u en audience par le pr\u00e9sident de la R\u00e9publique du Niger - Dpress.ma\/fr\" \/>\n<meta property=\"og:description\" content=\"Dpress Le ministre des Affaires \u00e9trang\u00e8res, de la Coop\u00e9ration africaine et des Marocains r\u00e9sidant \u00e0 l\u2019\u00e9tranger, M. Nasser Bourita, a \u00e9t\u00e9 re\u00e7u en audience, mercredi \u00e0 Niamey, par le G\u00e9n\u00e9ral d\u2019Arm\u00e9e Abdourahamane Tiani, Pr\u00e9sident de la R\u00e9publique du Niger, Chef de l\u2019\u00c9tat. A cette occasion, M. Bourita a transmis au Pr\u00e9sident nig\u00e9rien les salutations fraternelles &hellip;\" \/>\n<meta property=\"og:url\" content=\"https:\/\/dpress.ma\/fr\/2026\/04\/09\/m-bourita-recu-en-audience-par-le-president-de-la-republique-du-niger\/\" \/>\n<meta property=\"og:site_name\" content=\"Dpress.ma\/fr\" \/>\n<meta property=\"article:published_time\" content=\"2026-04-09T09:23:11+00:00\" \/>\n<meta property=\"article:modified_time\" content=\"2026-04-09T09:23:13+00:00\" \/>\n<meta property=\"og:image\" content=\"https:\/\/dpress.ma\/fr\/wp-content\/uploads\/sites\/2\/2026\/04\/35-2.jpg\" \/>\n\t<meta property=\"og:image:width\" content=\"2539\" \/>\n\t<meta property=\"og:image:height\" content=\"1594\" \/>\n\t<meta property=\"og:image:type\" content=\"image\/jpeg\" \/>\n<meta name=\"author\" content=\"Dpress.ma\" \/>\n<meta name=\"twitter:card\" content=\"summary_large_image\" \/>\n<meta name=\"twitter:label1\" content=\"\u00c9crit par\" \/>\n\t<meta name=\"twitter:data1\" content=\"Dpress.ma\" \/>\n\t<meta name=\"twitter:label2\" content=\"Dur\u00e9e de lecture estim\u00e9e\" \/>\n\t<meta name=\"twitter:data2\" content=\"2 minutes\" \/>\n<script type=\"application\/ld+json\" class=\"yoast-schema-graph\">{\"@context\":\"https:\\\/\\\/schema.org\",\"@graph\":[{\"@type\":\"Article\",\"@id\":\"https:\\\/\\\/dpress.ma\\\/fr\\\/2026\\\/04\\\/09\\\/m-bourita-recu-en-audience-par-le-president-de-la-republique-du-niger\\\/#article\",\"isPartOf\":{\"@id\":\"https:\\\/\\\/dpress.ma\\\/fr\\\/2026\\\/04\\\/09\\\/m-bourita-recu-en-audience-par-le-president-de-la-republique-du-niger\\\/\"},\"author\":{\"name\":\"Dpress.ma\",\"@id\":\"https:\\\/\\\/dpress.ma\\\/fr\\\/#\\\/schema\\\/person\\\/4898febf3ccd59e6578d838656a306a0\"},\"headline\":\"M. Bourita re\u00e7u en audience par le pr\u00e9sident de la R\u00e9publique du Niger\",\"datePublished\":\"2026-04-09T09:23:11+00:00\",\"dateModified\":\"2026-04-09T09:23:13+00:00\",\"mainEntityOfPage\":{\"@id\":\"https:\\\/\\\/dpress.ma\\\/fr\\\/2026\\\/04\\\/09\\\/m-bourita-recu-en-audience-par-le-president-de-la-republique-du-niger\\\/\"},\"wordCount\":225,\"commentCount\":0,\"image\":{\"@id\":\"https:\\\/\\\/dpress.ma\\\/fr\\\/2026\\\/04\\\/09\\\/m-bourita-recu-en-audience-par-le-president-de-la-republique-du-niger\\\/#primaryimage\"},\"thumbnailUrl\":\"https:\\\/\\\/dpress.ma\\\/fr\\\/wp-content\\\/uploads\\\/sites\\\/2\\\/2026\\\/04\\\/35-2.jpg\",\"articleSection\":[\"Politiques\"],\"inLanguage\":\"fr-FR\",\"potentialAction\":[{\"@type\":\"CommentAction\",\"name\":\"Comment\",\"target\":[\"https:\\\/\\\/dpress.ma\\\/fr\\\/2026\\\/04\\\/09\\\/m-bourita-recu-en-audience-par-le-president-de-la-republique-du-niger\\\/#respond\"]}]},{\"@type\":\"WebPage\",\"@id\":\"https:\\\/\\\/dpress.ma\\\/fr\\\/2026\\\/04\\\/09\\\/m-bourita-recu-en-audience-par-le-president-de-la-republique-du-niger\\\/\",\"url\":\"https:\\\/\\\/dpress.ma\\\/fr\\\/2026\\\/04\\\/09\\\/m-bourita-recu-en-audience-par-le-president-de-la-republique-du-niger\\\/\",\"name\":\"M. Bourita re\u00e7u en audience par le pr\u00e9sident de la R\u00e9publique du Niger - Dpress.ma\\\/fr\",\"isPartOf\":{\"@id\":\"https:\\\/\\\/dpress.ma\\\/fr\\\/#website\"},\"primaryImageOfPage\":{\"@id\":\"https:\\\/\\\/dpress.ma\\\/fr\\\/2026\\\/04\\\/09\\\/m-bourita-recu-en-audience-par-le-president-de-la-republique-du-niger\\\/#primaryimage\"},\"image\":{\"@id\":\"https:\\\/\\\/dpress.ma\\\/fr\\\/2026\\\/04\\\/09\\\/m-bourita-recu-en-audience-par-le-president-de-la-republique-du-niger\\\/#primaryimage\"},\"thumbnailUrl\":\"https:\\\/\\\/dpress.ma\\\/fr\\\/wp-content\\\/uploads\\\/sites\\\/2\\\/2026\\\/04\\\/35-2.jpg\",\"datePublished\":\"2026-04-09T09:23:11+00:00\",\"dateModified\":\"2026-04-09T09:23:13+00:00\",\"author\":{\"@id\":\"https:\\\/\\\/dpress.ma\\\/fr\\\/#\\\/schema\\\/person\\\/4898febf3ccd59e6578d838656a306a0\"},\"breadcrumb\":{\"@id\":\"https:\\\/\\\/dpress.ma\\\/fr\\\/2026\\\/04\\\/09\\\/m-bourita-recu-en-audience-par-le-president-de-la-republique-du-niger\\\/#breadcrumb\"},\"inLanguage\":\"fr-FR\",\"potentialAction\":[{\"@type\":\"ReadAction\",\"target\":[\"https:\\\/\\\/dpress.ma\\\/fr\\\/2026\\\/04\\\/09\\\/m-bourita-recu-en-audience-par-le-president-de-la-republique-du-niger\\\/\"]}]},{\"@type\":\"ImageObject\",\"inLanguage\":\"fr-FR\",\"@id\":\"https:\\\/\\\/dpress.ma\\\/fr\\\/2026\\\/04\\\/09\\\/m-bourita-recu-en-audience-par-le-president-de-la-republique-du-niger\\\/#primaryimage\",\"url\":\"https:\\\/\\\/dpress.ma\\\/fr\\\/wp-content\\\/uploads\\\/sites\\\/2\\\/2026\\\/04\\\/35-2.jpg\",\"contentUrl\":\"https:\\\/\\\/dpress.ma\\\/fr\\\/wp-content\\\/uploads\\\/sites\\\/2\\\/2026\\\/04\\\/35-2.jpg\",\"width\":2539,\"height\":1594},{\"@type\":\"BreadcrumbList\",\"@id\":\"https:\\\/\\\/dpress.ma\\\/fr\\\/2026\\\/04\\\/09\\\/m-bourita-recu-en-audience-par-le-president-de-la-republique-du-niger\\\/#breadcrumb\",\"itemListElement\":[{\"@type\":\"ListItem\",\"position\":1,\"name\":\"Home\",\"item\":\"https:\\\/\\\/dpress.ma\\\/fr\\\/\"},{\"@type\":\"ListItem\",\"position\":2,\"name\":\"M. Bourita re\u00e7u en audience par le pr\u00e9sident de la R\u00e9publique du Niger\"}]},{\"@type\":\"WebSite\",\"@id\":\"https:\\\/\\\/dpress.ma\\\/fr\\\/#website\",\"url\":\"https:\\\/\\\/dpress.ma\\\/fr\\\/\",\"name\":\"Dpress.ma\\\/fr\",\"description\":\"\",\"potentialAction\":[{\"@type\":\"SearchAction\",\"target\":{\"@type\":\"EntryPoint\",\"urlTemplate\":\"https:\\\/\\\/dpress.ma\\\/fr\\\/?s={search_term_string}\"},\"query-input\":{\"@type\":\"PropertyValueSpecification\",\"valueRequired\":true,\"valueName\":\"search_term_string\"}}],\"inLanguage\":\"fr-FR\"},{\"@type\":\"Person\",\"@id\":\"https:\\\/\\\/dpress.ma\\\/fr\\\/#\\\/schema\\\/person\\\/4898febf3ccd59e6578d838656a306a0\",\"name\":\"Dpress.ma\",\"image\":{\"@type\":\"ImageObject\",\"inLanguage\":\"fr-FR\",\"@id\":\"https:\\\/\\\/secure.gravatar.com\\\/avatar\\\/72ecc30e9db047a2e0e7176561eb9d564ed77c8108376495b19bd8336405198a?s=96&d=mm&r=g\",\"url\":\"https:\\\/\\\/secure.gravatar.com\\\/avatar\\\/72ecc30e9db047a2e0e7176561eb9d564ed77c8108376495b19bd8336405198a?s=96&d=mm&r=g\",\"contentUrl\":\"https:\\\/\\\/secure.gravatar.com\\\/avatar\\\/72ecc30e9db047a2e0e7176561eb9d564ed77c8108376495b19bd8336405198a?s=96&d=mm&r=g\",\"caption\":\"Dpress.ma\"},\"sameAs\":[\"https:\\\/\\\/www.dpress.ma\"],\"url\":\"https:\\\/\\\/dpress.ma\\\/fr\\\/author\\\/dpress-ma\\\/\"}]}<\/script>\n<!-- \/ Yoast SEO plugin. -->","yoast_head_json":{"title":"M. Bourita re\u00e7u en audience par le pr\u00e9sident de la R\u00e9publique du Niger - Dpress.ma\/fr","robots":{"index":"index","follow":"follow","max-snippet":"max-snippet:-1","max-image-preview":"max-image-preview:large","max-video-preview":"max-video-preview:-1"},"canonical":"https:\/\/dpress.ma\/fr\/2026\/04\/09\/m-bourita-recu-en-audience-par-le-president-de-la-republique-du-niger\/","og_locale":"fr_FR","og_type":"article","og_title":"M. Bourita re\u00e7u en audience par le pr\u00e9sident de la R\u00e9publique du Niger - Dpress.ma\/fr","og_description":"Dpress Le ministre des Affaires \u00e9trang\u00e8res, de la Coop\u00e9ration africaine et des Marocains r\u00e9sidant \u00e0 l\u2019\u00e9tranger, M. Nasser Bourita, a \u00e9t\u00e9 re\u00e7u en audience, mercredi \u00e0 Niamey, par le G\u00e9n\u00e9ral d\u2019Arm\u00e9e Abdourahamane Tiani, Pr\u00e9sident de la R\u00e9publique du Niger, Chef de l\u2019\u00c9tat. A cette occasion, M. Bourita a transmis au Pr\u00e9sident nig\u00e9rien les salutations fraternelles &hellip;","og_url":"https:\/\/dpress.ma\/fr\/2026\/04\/09\/m-bourita-recu-en-audience-par-le-president-de-la-republique-du-niger\/","og_site_name":"Dpress.ma\/fr","article_published_time":"2026-04-09T09:23:11+00:00","article_modified_time":"2026-04-09T09:23:13+00:00","og_image":[{"width":2539,"height":1594,"url":"https:\/\/dpress.ma\/fr\/wp-content\/uploads\/sites\/2\/2026\/04\/35-2.jpg","type":"image\/jpeg"}],"author":"Dpress.ma","twitter_card":"summary_large_image","twitter_misc":{"\u00c9crit par":"Dpress.ma","Dur\u00e9e de lecture estim\u00e9e":"2 minutes"},"schema":{"@context":"https:\/\/schema.org","@graph":[{"@type":"Article","@id":"https:\/\/dpress.ma\/fr\/2026\/04\/09\/m-bourita-recu-en-audience-par-le-president-de-la-republique-du-niger\/#article","isPartOf":{"@id":"https:\/\/dpress.ma\/fr\/2026\/04\/09\/m-bourita-recu-en-audience-par-le-president-de-la-republique-du-niger\/"},"author":{"name":"Dpress.ma","@id":"https:\/\/dpress.ma\/fr\/#\/schema\/person\/4898febf3ccd59e6578d838656a306a0"},"headline":"M. Bourita re\u00e7u en audience par le pr\u00e9sident de la R\u00e9publique du Niger","datePublished":"2026-04-09T09:23:11+00:00","dateModified":"2026-04-09T09:23:13+00:00","mainEntityOfPage":{"@id":"https:\/\/dpress.ma\/fr\/2026\/04\/09\/m-bourita-recu-en-audience-par-le-president-de-la-republique-du-niger\/"},"wordCount":225,"commentCount":0,"image":{"@id":"https:\/\/dpress.ma\/fr\/2026\/04\/09\/m-bourita-recu-en-audience-par-le-president-de-la-republique-du-niger\/#primaryimage"},"thumbnailUrl":"https:\/\/dpress.ma\/fr\/wp-content\/uploads\/sites\/2\/2026\/04\/35-2.jpg","articleSection":["Politiques"],"inLanguage":"fr-FR","potentialAction":[{"@type":"CommentAction","name":"Comment","target":["https:\/\/dpress.ma\/fr\/2026\/04\/09\/m-bourita-recu-en-audience-par-le-president-de-la-republique-du-niger\/#respond"]}]},{"@type":"WebPage","@id":"https:\/\/dpress.ma\/fr\/2026\/04\/09\/m-bourita-recu-en-audience-par-le-president-de-la-republique-du-niger\/","url":"https:\/\/dpress.ma\/fr\/2026\/04\/09\/m-bourita-recu-en-audience-par-le-president-de-la-republique-du-niger\/","name":"M. Bourita re\u00e7u en audience par le pr\u00e9sident de la R\u00e9publique du Niger - Dpress.ma\/fr","isPartOf":{"@id":"https:\/\/dpress.ma\/fr\/#website"},"primaryImageOfPage":{"@id":"https:\/\/dpress.ma\/fr\/2026\/04\/09\/m-bourita-recu-en-audience-par-le-president-de-la-republique-du-niger\/#primaryimage"},"image":{"@id":"https:\/\/dpress.ma\/fr\/2026\/04\/09\/m-bourita-recu-en-audience-par-le-president-de-la-republique-du-niger\/#primaryimage"},"thumbnailUrl":"https:\/\/dpress.ma\/fr\/wp-content\/uploads\/sites\/2\/2026\/04\/35-2.jpg","datePublished":"2026-04-09T09:23:11+00:00","dateModified":"2026-04-09T09:23:13+00:00","author":{"@id":"https:\/\/dpress.ma\/fr\/#\/schema\/person\/4898febf3ccd59e6578d838656a306a0"},"breadcrumb":{"@id":"https:\/\/dpress.ma\/fr\/2026\/04\/09\/m-bourita-recu-en-audience-par-le-president-de-la-republique-du-niger\/#breadcrumb"},"inLanguage":"fr-FR","potentialAction":[{"@type":"ReadAction","target":["https:\/\/dpress.ma\/fr\/2026\/04\/09\/m-bourita-recu-en-audience-par-le-president-de-la-republique-du-niger\/"]}]},{"@type":"ImageObject","inLanguage":"fr-FR","@id":"https:\/\/dpress.ma\/fr\/2026\/04\/09\/m-bourita-recu-en-audience-par-le-president-de-la-republique-du-niger\/#primaryimage","url":"https:\/\/dpress.ma\/fr\/wp-content\/uploads\/sites\/2\/2026\/04\/35-2.jpg","contentUrl":"https:\/\/dpress.ma\/fr\/wp-content\/uploads\/sites\/2\/2026\/04\/35-2.jpg","width":2539,"height":1594},{"@type":"BreadcrumbList","@id":"https:\/\/dpress.ma\/fr\/2026\/04\/09\/m-bourita-recu-en-audience-par-le-president-de-la-republique-du-niger\/#breadcrumb","itemListElement":[{"@type":"ListItem","position":1,"name":"Home","item":"https:\/\/dpress.ma\/fr\/"},{"@type":"ListItem","position":2,"name":"M. Bourita re\u00e7u en audience par le pr\u00e9sident de la R\u00e9publique du Niger"}]},{"@type":"WebSite","@id":"https:\/\/dpress.ma\/fr\/#website","url":"https:\/\/dpress.ma\/fr\/","name":"Dpress.ma\/fr","description":"","potentialAction":[{"@type":"SearchAction","target":{"@type":"EntryPoint","urlTemplate":"https:\/\/dpress.ma\/fr\/?s={search_term_string}"},"query-input":{"@type":"PropertyValueSpecification","valueRequired":true,"valueName":"search_term_string"}}],"inLanguage":"fr-FR"},{"@type":"Person","@id":"https:\/\/dpress.ma\/fr\/#\/schema\/person\/4898febf3ccd59e6578d838656a306a0","name":"Dpress.ma","image":{"@type":"ImageObject","inLanguage":"fr-FR","@id":"https:\/\/secure.gravatar.com\/avatar\/72ecc30e9db047a2e0e7176561eb9d564ed77c8108376495b19bd8336405198a?s=96&d=mm&r=g","url":"https:\/\/secure.gravatar.com\/avatar\/72ecc30e9db047a2e0e7176561eb9d564ed77c8108376495b19bd8336405198a?s=96&d=mm&r=g","contentUrl":"https:\/\/secure.gravatar.com\/avatar\/72ecc30e9db047a2e0e7176561eb9d564ed77c8108376495b19bd8336405198a?s=96&d=mm&r=g","caption":"Dpress.ma"},"sameAs":["https:\/\/www.dpress.ma"],"url":"https:\/\/dpress.ma\/fr\/author\/dpress-ma\/"}]}},"amp_enabled":true,"_links":{"self":[{"href":"https:\/\/dpress.ma\/fr\/wp-json\/wp\/v2\/posts\/27968","targetHints":{"allow":["GET"]}}],"collection":[{"href":"https:\/\/dpress.ma\/fr\/wp-json\/wp\/v2\/posts"}],"about":[{"href":"https:\/\/dpress.ma\/fr\/wp-json\/wp\/v2\/types\/post"}],"author":[{"embeddable":true,"href":"https:\/\/dpress.ma\/fr\/wp-json\/wp\/v2\/users\/2"}],"replies":[{"embeddable":true,"href":"https:\/\/dpress.ma\/fr\/wp-json\/wp\/v2\/comments?post=27968"}],"version-history":[{"count":1,"href":"https:\/\/dpress.ma\/fr\/wp-json\/wp\/v2\/posts\/27968\/revisions"}],"predecessor-version":[{"id":27969,"href":"https:\/\/dpress.ma\/fr\/wp-json\/wp\/v2\/posts\/27968\/revisions\/27969"}],"wp:featuredmedia":[{"embeddable":true,"href":"https:\/\/dpress.ma\/fr\/wp-json\/wp\/v2\/media\/27904"}],"wp:attachment":[{"href":"https:\/\/dpress.ma\/fr\/wp-json\/wp\/v2\/media?parent=27968"}],"wp:term":[{"taxonomy":"category","embeddable":true,"href":"https:\/\/dpress.ma\/fr\/wp-json\/wp\/v2\/categories?post=27968"},{"taxonomy":"post_tag","embeddable":true,"href":"https:\/\/dpress.ma\/fr\/wp-json\/wp\/v2\/tags?post=27968"}],"curies":[{"name":"wp","href":"https:\/\/api.w.org\/{rel}","templated":true}]}}