{"id":27964,"date":"2026-04-09T09:21:05","date_gmt":"2026-04-09T09:21:05","guid":{"rendered":"https:\/\/dpress.ma\/fr\/?p=27964"},"modified":"2026-04-09T09:21:08","modified_gmt":"2026-04-09T09:21:08","slug":"rabat-mise-en-avant-du-role-des-chambres-hautes-des-parlements-africains-dans-la-consolidation-de-la-democratie-et-la-preservation-de-la-paix","status":"publish","type":"post","link":"https:\/\/dpress.ma\/fr\/2026\/04\/09\/rabat-mise-en-avant-du-role-des-chambres-hautes-des-parlements-africains-dans-la-consolidation-de-la-democratie-et-la-preservation-de-la-paix\/","title":{"rendered":"Rabat : mise en avant du r\u00f4le des chambres hautes des parlements africains dans la consolidation de la d\u00e9mocratie et la pr\u00e9servation de la paix"},"content":{"rendered":"\n<p>Dpress<\/p>\n\n\n\n<p>Le r\u00f4le important que jouent les chambres hautes des Parlements dans la consolidation de la d\u00e9mocratie, ainsi que leur contribution majeure au maintien de la paix \u00e0 l\u2019\u00e9chelle du continent, ont \u00e9t\u00e9 salu\u00e9s, mercredi \u00e0 Rabat, par les repr\u00e9sentants des S\u00e9nats africains.<\/p>\n\n\n\n<p>Intervenant \u00e0 l\u2019ouverture des travaux de la conf\u00e9rence annuelle de l\u2019Association des S\u00e9nats d\u2019Afrique, organis\u00e9e sous le th\u00e8me \u201cContribution des chambres hautes des Parlements \u00e0 la consolidation de la d\u00e9mocratie et \u00e0 la pr\u00e9servation de la paix en Afrique\u201d, les repr\u00e9sentants de ces instances ont mis en avant l\u2019importance de ce rendez-vous annuel dans le renforcement de la coop\u00e9ration et de la concertation entre les chambres hautes africaines, \u00e0 m\u00eame de garantir leur contribution effective \u00e0 l\u2019ancrage de la d\u00e9mocratie, au maintien de la paix et \u00e0 la promotion de la gouvernance institutionnelle sur le continent.<\/p>\n\n\n\n<p>Cet \u00e9v\u00e9nement parlementaire devrait \u00e9galement permettre aux participants de \u201cmieux appr\u00e9hender le r\u00f4le constitutionnel et politique des chambres hautes dans l\u2019\u00c9tat de droit, de consolider les fondements des institutions d\u00e9mocratiques, ainsi que d\u2019\u00e9changer visions et exp\u00e9riences sur les m\u00e9canismes parlementaires \u00e0 m\u00eame de pr\u00e9venir et de g\u00e9rer les crises\u201d, ont-ils soulign\u00e9.<\/p>\n\n\n\n<p>Les intervenants ont, en outre, relev\u00e9 que cette conf\u00e9rence permet de partager les meilleures pratiques en mati\u00e8re de m\u00e9diation, de diplomatie parlementaire et de renforcement de la coh\u00e9sion sociale, tout en consolidant les liens de solidarit\u00e9 et de coop\u00e9ration entre les S\u00e9nats africains.<\/p>\n\n\n\n<p>Cette conf\u00e9rence, ont-ils poursuivi, se tient dans un contexte mondial d\u00e9licat et complexe, marqu\u00e9 par l\u2019imbrication des d\u00e9fis s\u00e9curitaires et \u00e9conomiques et l\u2019enchev\u00eatrement des crises r\u00e9gionales et internationales, soulignant que cette r\u00e9alit\u00e9 \u201cnous impose, en tant que parlementaires et dirigeants politiques africains, une responsabilit\u00e9 accrue qui ne se limite pas \u00e0 la tenue de sessions ou \u00e0 l\u2019adoption de recommandations, mais implique la construction d\u2019une vision africaine commune et d\u2019une action parlementaire efficace contribuant \u00e0 la pr\u00e9servation de la paix et \u00e0 la protection de nos \u00c9tats contre les r\u00e9percussions de crises d\u00e9sormais sans fronti\u00e8res\u201d.<\/p>\n\n\n\n<p>Ils ont, \u00e0 cet \u00e9gard, soulign\u00e9 la richesse de l\u2019exp\u00e9rience du processus d\u00e9mocratique en Afrique, marqu\u00e9e par une accumulation de d\u00e9fis et de r\u00e9alisations, ce qui met en \u00e9vidence \u201cle r\u00f4le central des parlementaires africains, non seulement pour documenter cette exp\u00e9rience, mais aussi pour la consolider \u00e0 travers un m\u00e9canisme efficace, \u00e0 savoir l\u2019\u00e9change d\u2019expertises l\u00e9gislatives (\u2026)\u201d.<\/p>\n\n\n\n<p>Dans le m\u00eame contexte, les participants ont soulign\u00e9 que la paix constitue une condition indispensable au renforcement de la d\u00e9mocratie en Afrique, les conflits arm\u00e9s s\u2019\u00e9rigeant en obstacle majeur \u00e0 la pratique d\u00e9mocratique.<\/p>\n\n\n\n<p>Les pays africains, ont-ils indiqu\u00e9, sont aujourd\u2019hui appel\u00e9s \u00e0 relever plusieurs d\u00e9fis majeurs, notamment le renforcement de la gouvernance, la promotion du d\u00e9veloppement durable et la r\u00e9alisation d\u2019une int\u00e9gration africaine globale et coh\u00e9rente, pr\u00e9cisant que le principal enjeu demeure la consolidation de la d\u00e9mocratie et la pr\u00e9servation de la paix, ce qui refl\u00e8te le r\u00f4le fondamental des parlements africains en la mati\u00e8re.<\/p>\n\n\n\n<p>Et de conclure que les S\u00e9nats africains occupent une place unique et strat\u00e9gique, en ce sens qu\u2019ils ne sont pas seulement des organes l\u00e9gislatifs, mais \u00e9galement des forces de stabilit\u00e9 au sein de l\u2019architecture d\u00e9mocratique, garantissant \u00e9quilibre, continuit\u00e9 et vision globale, notamment en p\u00e9riode d\u2019instabilit\u00e9 politique.<\/p>\n\n\n\n<p>Les travaux de cette conf\u00e9rence de deux jours, marqu\u00e9e par la participation des pr\u00e9sidents de 25 chambres hautes des Parlements africains ou de leurs repr\u00e9sentants, seront couronn\u00e9s par l\u2019adoption de la D\u00e9claration de Rabat, consacrant les engagements communs des S\u00e9nats africains en faveur de la d\u00e9mocratie, de la paix et de la stabilit\u00e9.<\/p>\n","protected":false},"excerpt":{"rendered":"<p>Dpress Le r\u00f4le important que jouent les chambres hautes des Parlements dans la consolidation de la d\u00e9mocratie, ainsi que leur contribution majeure au maintien de la paix \u00e0 l\u2019\u00e9chelle du continent, ont \u00e9t\u00e9 salu\u00e9s, mercredi \u00e0 Rabat, par les repr\u00e9sentants des S\u00e9nats africains. Intervenant \u00e0 l\u2019ouverture des travaux de la conf\u00e9rence annuelle de l\u2019Association des &hellip;<\/p>\n","protected":false},"author":2,"featured_media":27898,"comment_status":"open","ping_status":"open","sticky":false,"template":"","format":"standard","meta":{"footnotes":""},"categories":[26],"tags":[],"class_list":["post-27964","post","type-post","status-publish","format-standard","has-post-thumbnail","hentry","category-politiques"],"yoast_head":"<!-- This site is optimized with the Yoast SEO plugin v27.5 - https:\/\/yoast.com\/product\/yoast-seo-wordpress\/ -->\n<title>Rabat : mise en avant du r\u00f4le des chambres hautes des parlements africains dans la consolidation de la d\u00e9mocratie et la pr\u00e9servation de la paix - Dpress.ma\/fr<\/title>\n<meta name=\"robots\" content=\"index, follow, max-snippet:-1, max-image-preview:large, max-video-preview:-1\" \/>\n<link rel=\"canonical\" href=\"https:\/\/dpress.ma\/fr\/2026\/04\/09\/rabat-mise-en-avant-du-role-des-chambres-hautes-des-parlements-africains-dans-la-consolidation-de-la-democratie-et-la-preservation-de-la-paix\/\" \/>\n<meta property=\"og:locale\" content=\"fr_FR\" \/>\n<meta property=\"og:type\" content=\"article\" \/>\n<meta property=\"og:title\" content=\"Rabat : mise en avant du r\u00f4le des chambres hautes des parlements africains dans la consolidation de la d\u00e9mocratie et la pr\u00e9servation de la paix - Dpress.ma\/fr\" \/>\n<meta property=\"og:description\" content=\"Dpress Le r\u00f4le important que jouent les chambres hautes des Parlements dans la consolidation de la d\u00e9mocratie, ainsi que leur contribution majeure au maintien de la paix \u00e0 l\u2019\u00e9chelle du continent, ont \u00e9t\u00e9 salu\u00e9s, mercredi \u00e0 Rabat, par les repr\u00e9sentants des S\u00e9nats africains. Intervenant \u00e0 l\u2019ouverture des travaux de la conf\u00e9rence annuelle de l\u2019Association des &hellip;\" \/>\n<meta property=\"og:url\" content=\"https:\/\/dpress.ma\/fr\/2026\/04\/09\/rabat-mise-en-avant-du-role-des-chambres-hautes-des-parlements-africains-dans-la-consolidation-de-la-democratie-et-la-preservation-de-la-paix\/\" \/>\n<meta property=\"og:site_name\" content=\"Dpress.ma\/fr\" \/>\n<meta property=\"article:published_time\" content=\"2026-04-09T09:21:05+00:00\" \/>\n<meta property=\"article:modified_time\" content=\"2026-04-09T09:21:08+00:00\" \/>\n<meta property=\"og:image\" content=\"https:\/\/dpress.ma\/fr\/wp-content\/uploads\/sites\/2\/2026\/04\/33-2.jpg\" \/>\n\t<meta property=\"og:image:width\" content=\"2539\" \/>\n\t<meta property=\"og:image:height\" content=\"1594\" \/>\n\t<meta property=\"og:image:type\" content=\"image\/jpeg\" \/>\n<meta name=\"author\" content=\"Dpress.ma\" \/>\n<meta name=\"twitter:card\" content=\"summary_large_image\" \/>\n<meta name=\"twitter:label1\" content=\"\u00c9crit par\" \/>\n\t<meta name=\"twitter:data1\" content=\"Dpress.ma\" \/>\n\t<meta name=\"twitter:label2\" content=\"Dur\u00e9e de lecture estim\u00e9e\" \/>\n\t<meta name=\"twitter:data2\" content=\"4 minutes\" \/>\n<script type=\"application\/ld+json\" class=\"yoast-schema-graph\">{\"@context\":\"https:\\\/\\\/schema.org\",\"@graph\":[{\"@type\":\"Article\",\"@id\":\"https:\\\/\\\/dpress.ma\\\/fr\\\/2026\\\/04\\\/09\\\/rabat-mise-en-avant-du-role-des-chambres-hautes-des-parlements-africains-dans-la-consolidation-de-la-democratie-et-la-preservation-de-la-paix\\\/#article\",\"isPartOf\":{\"@id\":\"https:\\\/\\\/dpress.ma\\\/fr\\\/2026\\\/04\\\/09\\\/rabat-mise-en-avant-du-role-des-chambres-hautes-des-parlements-africains-dans-la-consolidation-de-la-democratie-et-la-preservation-de-la-paix\\\/\"},\"author\":{\"name\":\"Dpress.ma\",\"@id\":\"https:\\\/\\\/dpress.ma\\\/fr\\\/#\\\/schema\\\/person\\\/4898febf3ccd59e6578d838656a306a0\"},\"headline\":\"Rabat : mise en avant du r\u00f4le des chambres hautes des parlements africains dans la consolidation de la d\u00e9mocratie et la pr\u00e9servation de la paix\",\"datePublished\":\"2026-04-09T09:21:05+00:00\",\"dateModified\":\"2026-04-09T09:21:08+00:00\",\"mainEntityOfPage\":{\"@id\":\"https:\\\/\\\/dpress.ma\\\/fr\\\/2026\\\/04\\\/09\\\/rabat-mise-en-avant-du-role-des-chambres-hautes-des-parlements-africains-dans-la-consolidation-de-la-democratie-et-la-preservation-de-la-paix\\\/\"},\"wordCount\":688,\"commentCount\":0,\"image\":{\"@id\":\"https:\\\/\\\/dpress.ma\\\/fr\\\/2026\\\/04\\\/09\\\/rabat-mise-en-avant-du-role-des-chambres-hautes-des-parlements-africains-dans-la-consolidation-de-la-democratie-et-la-preservation-de-la-paix\\\/#primaryimage\"},\"thumbnailUrl\":\"https:\\\/\\\/dpress.ma\\\/fr\\\/wp-content\\\/uploads\\\/sites\\\/2\\\/2026\\\/04\\\/33-2.jpg\",\"articleSection\":[\"Politiques\"],\"inLanguage\":\"fr-FR\",\"potentialAction\":[{\"@type\":\"CommentAction\",\"name\":\"Comment\",\"target\":[\"https:\\\/\\\/dpress.ma\\\/fr\\\/2026\\\/04\\\/09\\\/rabat-mise-en-avant-du-role-des-chambres-hautes-des-parlements-africains-dans-la-consolidation-de-la-democratie-et-la-preservation-de-la-paix\\\/#respond\"]}]},{\"@type\":\"WebPage\",\"@id\":\"https:\\\/\\\/dpress.ma\\\/fr\\\/2026\\\/04\\\/09\\\/rabat-mise-en-avant-du-role-des-chambres-hautes-des-parlements-africains-dans-la-consolidation-de-la-democratie-et-la-preservation-de-la-paix\\\/\",\"url\":\"https:\\\/\\\/dpress.ma\\\/fr\\\/2026\\\/04\\\/09\\\/rabat-mise-en-avant-du-role-des-chambres-hautes-des-parlements-africains-dans-la-consolidation-de-la-democratie-et-la-preservation-de-la-paix\\\/\",\"name\":\"Rabat : mise en avant du r\u00f4le des chambres hautes des parlements africains dans la consolidation de la d\u00e9mocratie et la pr\u00e9servation de la paix - Dpress.ma\\\/fr\",\"isPartOf\":{\"@id\":\"https:\\\/\\\/dpress.ma\\\/fr\\\/#website\"},\"primaryImageOfPage\":{\"@id\":\"https:\\\/\\\/dpress.ma\\\/fr\\\/2026\\\/04\\\/09\\\/rabat-mise-en-avant-du-role-des-chambres-hautes-des-parlements-africains-dans-la-consolidation-de-la-democratie-et-la-preservation-de-la-paix\\\/#primaryimage\"},\"image\":{\"@id\":\"https:\\\/\\\/dpress.ma\\\/fr\\\/2026\\\/04\\\/09\\\/rabat-mise-en-avant-du-role-des-chambres-hautes-des-parlements-africains-dans-la-consolidation-de-la-democratie-et-la-preservation-de-la-paix\\\/#primaryimage\"},\"thumbnailUrl\":\"https:\\\/\\\/dpress.ma\\\/fr\\\/wp-content\\\/uploads\\\/sites\\\/2\\\/2026\\\/04\\\/33-2.jpg\",\"datePublished\":\"2026-04-09T09:21:05+00:00\",\"dateModified\":\"2026-04-09T09:21:08+00:00\",\"author\":{\"@id\":\"https:\\\/\\\/dpress.ma\\\/fr\\\/#\\\/schema\\\/person\\\/4898febf3ccd59e6578d838656a306a0\"},\"breadcrumb\":{\"@id\":\"https:\\\/\\\/dpress.ma\\\/fr\\\/2026\\\/04\\\/09\\\/rabat-mise-en-avant-du-role-des-chambres-hautes-des-parlements-africains-dans-la-consolidation-de-la-democratie-et-la-preservation-de-la-paix\\\/#breadcrumb\"},\"inLanguage\":\"fr-FR\",\"potentialAction\":[{\"@type\":\"ReadAction\",\"target\":[\"https:\\\/\\\/dpress.ma\\\/fr\\\/2026\\\/04\\\/09\\\/rabat-mise-en-avant-du-role-des-chambres-hautes-des-parlements-africains-dans-la-consolidation-de-la-democratie-et-la-preservation-de-la-paix\\\/\"]}]},{\"@type\":\"ImageObject\",\"inLanguage\":\"fr-FR\",\"@id\":\"https:\\\/\\\/dpress.ma\\\/fr\\\/2026\\\/04\\\/09\\\/rabat-mise-en-avant-du-role-des-chambres-hautes-des-parlements-africains-dans-la-consolidation-de-la-democratie-et-la-preservation-de-la-paix\\\/#primaryimage\",\"url\":\"https:\\\/\\\/dpress.ma\\\/fr\\\/wp-content\\\/uploads\\\/sites\\\/2\\\/2026\\\/04\\\/33-2.jpg\",\"contentUrl\":\"https:\\\/\\\/dpress.ma\\\/fr\\\/wp-content\\\/uploads\\\/sites\\\/2\\\/2026\\\/04\\\/33-2.jpg\",\"width\":2539,\"height\":1594},{\"@type\":\"BreadcrumbList\",\"@id\":\"https:\\\/\\\/dpress.ma\\\/fr\\\/2026\\\/04\\\/09\\\/rabat-mise-en-avant-du-role-des-chambres-hautes-des-parlements-africains-dans-la-consolidation-de-la-democratie-et-la-preservation-de-la-paix\\\/#breadcrumb\",\"itemListElement\":[{\"@type\":\"ListItem\",\"position\":1,\"name\":\"Home\",\"item\":\"https:\\\/\\\/dpress.ma\\\/fr\\\/\"},{\"@type\":\"ListItem\",\"position\":2,\"name\":\"Rabat : mise en avant du r\u00f4le des chambres hautes des parlements africains dans la consolidation de la d\u00e9mocratie et la pr\u00e9servation de la paix\"}]},{\"@type\":\"WebSite\",\"@id\":\"https:\\\/\\\/dpress.ma\\\/fr\\\/#website\",\"url\":\"https:\\\/\\\/dpress.ma\\\/fr\\\/\",\"name\":\"Dpress.ma\\\/fr\",\"description\":\"\",\"potentialAction\":[{\"@type\":\"SearchAction\",\"target\":{\"@type\":\"EntryPoint\",\"urlTemplate\":\"https:\\\/\\\/dpress.ma\\\/fr\\\/?s={search_term_string}\"},\"query-input\":{\"@type\":\"PropertyValueSpecification\",\"valueRequired\":true,\"valueName\":\"search_term_string\"}}],\"inLanguage\":\"fr-FR\"},{\"@type\":\"Person\",\"@id\":\"https:\\\/\\\/dpress.ma\\\/fr\\\/#\\\/schema\\\/person\\\/4898febf3ccd59e6578d838656a306a0\",\"name\":\"Dpress.ma\",\"image\":{\"@type\":\"ImageObject\",\"inLanguage\":\"fr-FR\",\"@id\":\"https:\\\/\\\/secure.gravatar.com\\\/avatar\\\/72ecc30e9db047a2e0e7176561eb9d564ed77c8108376495b19bd8336405198a?s=96&d=mm&r=g\",\"url\":\"https:\\\/\\\/secure.gravatar.com\\\/avatar\\\/72ecc30e9db047a2e0e7176561eb9d564ed77c8108376495b19bd8336405198a?s=96&d=mm&r=g\",\"contentUrl\":\"https:\\\/\\\/secure.gravatar.com\\\/avatar\\\/72ecc30e9db047a2e0e7176561eb9d564ed77c8108376495b19bd8336405198a?s=96&d=mm&r=g\",\"caption\":\"Dpress.ma\"},\"sameAs\":[\"https:\\\/\\\/www.dpress.ma\"],\"url\":\"https:\\\/\\\/dpress.ma\\\/fr\\\/author\\\/dpress-ma\\\/\"}]}<\/script>\n<!-- \/ Yoast SEO plugin. -->","yoast_head_json":{"title":"Rabat : mise en avant du r\u00f4le des chambres hautes des parlements africains dans la consolidation de la d\u00e9mocratie et la pr\u00e9servation de la paix - Dpress.ma\/fr","robots":{"index":"index","follow":"follow","max-snippet":"max-snippet:-1","max-image-preview":"max-image-preview:large","max-video-preview":"max-video-preview:-1"},"canonical":"https:\/\/dpress.ma\/fr\/2026\/04\/09\/rabat-mise-en-avant-du-role-des-chambres-hautes-des-parlements-africains-dans-la-consolidation-de-la-democratie-et-la-preservation-de-la-paix\/","og_locale":"fr_FR","og_type":"article","og_title":"Rabat : mise en avant du r\u00f4le des chambres hautes des parlements africains dans la consolidation de la d\u00e9mocratie et la pr\u00e9servation de la paix - Dpress.ma\/fr","og_description":"Dpress Le r\u00f4le important que jouent les chambres hautes des Parlements dans la consolidation de la d\u00e9mocratie, ainsi que leur contribution majeure au maintien de la paix \u00e0 l\u2019\u00e9chelle du continent, ont \u00e9t\u00e9 salu\u00e9s, mercredi \u00e0 Rabat, par les repr\u00e9sentants des S\u00e9nats africains. Intervenant \u00e0 l\u2019ouverture des travaux de la conf\u00e9rence annuelle de l\u2019Association des &hellip;","og_url":"https:\/\/dpress.ma\/fr\/2026\/04\/09\/rabat-mise-en-avant-du-role-des-chambres-hautes-des-parlements-africains-dans-la-consolidation-de-la-democratie-et-la-preservation-de-la-paix\/","og_site_name":"Dpress.ma\/fr","article_published_time":"2026-04-09T09:21:05+00:00","article_modified_time":"2026-04-09T09:21:08+00:00","og_image":[{"width":2539,"height":1594,"url":"https:\/\/dpress.ma\/fr\/wp-content\/uploads\/sites\/2\/2026\/04\/33-2.jpg","type":"image\/jpeg"}],"author":"Dpress.ma","twitter_card":"summary_large_image","twitter_misc":{"\u00c9crit par":"Dpress.ma","Dur\u00e9e de lecture estim\u00e9e":"4 minutes"},"schema":{"@context":"https:\/\/schema.org","@graph":[{"@type":"Article","@id":"https:\/\/dpress.ma\/fr\/2026\/04\/09\/rabat-mise-en-avant-du-role-des-chambres-hautes-des-parlements-africains-dans-la-consolidation-de-la-democratie-et-la-preservation-de-la-paix\/#article","isPartOf":{"@id":"https:\/\/dpress.ma\/fr\/2026\/04\/09\/rabat-mise-en-avant-du-role-des-chambres-hautes-des-parlements-africains-dans-la-consolidation-de-la-democratie-et-la-preservation-de-la-paix\/"},"author":{"name":"Dpress.ma","@id":"https:\/\/dpress.ma\/fr\/#\/schema\/person\/4898febf3ccd59e6578d838656a306a0"},"headline":"Rabat : mise en avant du r\u00f4le des chambres hautes des parlements africains dans la consolidation de la d\u00e9mocratie et la pr\u00e9servation de la paix","datePublished":"2026-04-09T09:21:05+00:00","dateModified":"2026-04-09T09:21:08+00:00","mainEntityOfPage":{"@id":"https:\/\/dpress.ma\/fr\/2026\/04\/09\/rabat-mise-en-avant-du-role-des-chambres-hautes-des-parlements-africains-dans-la-consolidation-de-la-democratie-et-la-preservation-de-la-paix\/"},"wordCount":688,"commentCount":0,"image":{"@id":"https:\/\/dpress.ma\/fr\/2026\/04\/09\/rabat-mise-en-avant-du-role-des-chambres-hautes-des-parlements-africains-dans-la-consolidation-de-la-democratie-et-la-preservation-de-la-paix\/#primaryimage"},"thumbnailUrl":"https:\/\/dpress.ma\/fr\/wp-content\/uploads\/sites\/2\/2026\/04\/33-2.jpg","articleSection":["Politiques"],"inLanguage":"fr-FR","potentialAction":[{"@type":"CommentAction","name":"Comment","target":["https:\/\/dpress.ma\/fr\/2026\/04\/09\/rabat-mise-en-avant-du-role-des-chambres-hautes-des-parlements-africains-dans-la-consolidation-de-la-democratie-et-la-preservation-de-la-paix\/#respond"]}]},{"@type":"WebPage","@id":"https:\/\/dpress.ma\/fr\/2026\/04\/09\/rabat-mise-en-avant-du-role-des-chambres-hautes-des-parlements-africains-dans-la-consolidation-de-la-democratie-et-la-preservation-de-la-paix\/","url":"https:\/\/dpress.ma\/fr\/2026\/04\/09\/rabat-mise-en-avant-du-role-des-chambres-hautes-des-parlements-africains-dans-la-consolidation-de-la-democratie-et-la-preservation-de-la-paix\/","name":"Rabat : mise en avant du r\u00f4le des chambres hautes des parlements africains dans la consolidation de la d\u00e9mocratie et la pr\u00e9servation de la paix - Dpress.ma\/fr","isPartOf":{"@id":"https:\/\/dpress.ma\/fr\/#website"},"primaryImageOfPage":{"@id":"https:\/\/dpress.ma\/fr\/2026\/04\/09\/rabat-mise-en-avant-du-role-des-chambres-hautes-des-parlements-africains-dans-la-consolidation-de-la-democratie-et-la-preservation-de-la-paix\/#primaryimage"},"image":{"@id":"https:\/\/dpress.ma\/fr\/2026\/04\/09\/rabat-mise-en-avant-du-role-des-chambres-hautes-des-parlements-africains-dans-la-consolidation-de-la-democratie-et-la-preservation-de-la-paix\/#primaryimage"},"thumbnailUrl":"https:\/\/dpress.ma\/fr\/wp-content\/uploads\/sites\/2\/2026\/04\/33-2.jpg","datePublished":"2026-04-09T09:21:05+00:00","dateModified":"2026-04-09T09:21:08+00:00","author":{"@id":"https:\/\/dpress.ma\/fr\/#\/schema\/person\/4898febf3ccd59e6578d838656a306a0"},"breadcrumb":{"@id":"https:\/\/dpress.ma\/fr\/2026\/04\/09\/rabat-mise-en-avant-du-role-des-chambres-hautes-des-parlements-africains-dans-la-consolidation-de-la-democratie-et-la-preservation-de-la-paix\/#breadcrumb"},"inLanguage":"fr-FR","potentialAction":[{"@type":"ReadAction","target":["https:\/\/dpress.ma\/fr\/2026\/04\/09\/rabat-mise-en-avant-du-role-des-chambres-hautes-des-parlements-africains-dans-la-consolidation-de-la-democratie-et-la-preservation-de-la-paix\/"]}]},{"@type":"ImageObject","inLanguage":"fr-FR","@id":"https:\/\/dpress.ma\/fr\/2026\/04\/09\/rabat-mise-en-avant-du-role-des-chambres-hautes-des-parlements-africains-dans-la-consolidation-de-la-democratie-et-la-preservation-de-la-paix\/#primaryimage","url":"https:\/\/dpress.ma\/fr\/wp-content\/uploads\/sites\/2\/2026\/04\/33-2.jpg","contentUrl":"https:\/\/dpress.ma\/fr\/wp-content\/uploads\/sites\/2\/2026\/04\/33-2.jpg","width":2539,"height":1594},{"@type":"BreadcrumbList","@id":"https:\/\/dpress.ma\/fr\/2026\/04\/09\/rabat-mise-en-avant-du-role-des-chambres-hautes-des-parlements-africains-dans-la-consolidation-de-la-democratie-et-la-preservation-de-la-paix\/#breadcrumb","itemListElement":[{"@type":"ListItem","position":1,"name":"Home","item":"https:\/\/dpress.ma\/fr\/"},{"@type":"ListItem","position":2,"name":"Rabat : mise en avant du r\u00f4le des chambres hautes des parlements africains dans la consolidation de la d\u00e9mocratie et la pr\u00e9servation de la paix"}]},{"@type":"WebSite","@id":"https:\/\/dpress.ma\/fr\/#website","url":"https:\/\/dpress.ma\/fr\/","name":"Dpress.ma\/fr","description":"","potentialAction":[{"@type":"SearchAction","target":{"@type":"EntryPoint","urlTemplate":"https:\/\/dpress.ma\/fr\/?s={search_term_string}"},"query-input":{"@type":"PropertyValueSpecification","valueRequired":true,"valueName":"search_term_string"}}],"inLanguage":"fr-FR"},{"@type":"Person","@id":"https:\/\/dpress.ma\/fr\/#\/schema\/person\/4898febf3ccd59e6578d838656a306a0","name":"Dpress.ma","image":{"@type":"ImageObject","inLanguage":"fr-FR","@id":"https:\/\/secure.gravatar.com\/avatar\/72ecc30e9db047a2e0e7176561eb9d564ed77c8108376495b19bd8336405198a?s=96&d=mm&r=g","url":"https:\/\/secure.gravatar.com\/avatar\/72ecc30e9db047a2e0e7176561eb9d564ed77c8108376495b19bd8336405198a?s=96&d=mm&r=g","contentUrl":"https:\/\/secure.gravatar.com\/avatar\/72ecc30e9db047a2e0e7176561eb9d564ed77c8108376495b19bd8336405198a?s=96&d=mm&r=g","caption":"Dpress.ma"},"sameAs":["https:\/\/www.dpress.ma"],"url":"https:\/\/dpress.ma\/fr\/author\/dpress-ma\/"}]}},"amp_enabled":true,"_links":{"self":[{"href":"https:\/\/dpress.ma\/fr\/wp-json\/wp\/v2\/posts\/27964","targetHints":{"allow":["GET"]}}],"collection":[{"href":"https:\/\/dpress.ma\/fr\/wp-json\/wp\/v2\/posts"}],"about":[{"href":"https:\/\/dpress.ma\/fr\/wp-json\/wp\/v2\/types\/post"}],"author":[{"embeddable":true,"href":"https:\/\/dpress.ma\/fr\/wp-json\/wp\/v2\/users\/2"}],"replies":[{"embeddable":true,"href":"https:\/\/dpress.ma\/fr\/wp-json\/wp\/v2\/comments?post=27964"}],"version-history":[{"count":1,"href":"https:\/\/dpress.ma\/fr\/wp-json\/wp\/v2\/posts\/27964\/revisions"}],"predecessor-version":[{"id":27965,"href":"https:\/\/dpress.ma\/fr\/wp-json\/wp\/v2\/posts\/27964\/revisions\/27965"}],"wp:featuredmedia":[{"embeddable":true,"href":"https:\/\/dpress.ma\/fr\/wp-json\/wp\/v2\/media\/27898"}],"wp:attachment":[{"href":"https:\/\/dpress.ma\/fr\/wp-json\/wp\/v2\/media?parent=27964"}],"wp:term":[{"taxonomy":"category","embeddable":true,"href":"https:\/\/dpress.ma\/fr\/wp-json\/wp\/v2\/categories?post=27964"},{"taxonomy":"post_tag","embeddable":true,"href":"https:\/\/dpress.ma\/fr\/wp-json\/wp\/v2\/tags?post=27964"}],"curies":[{"name":"wp","href":"https:\/\/api.w.org\/{rel}","templated":true}]}}