{"id":27961,"date":"2026-04-09T09:20:14","date_gmt":"2026-04-09T09:20:14","guid":{"rendered":"https:\/\/dpress.ma\/fr\/?p=27961"},"modified":"2026-04-09T09:20:16","modified_gmt":"2026-04-09T09:20:16","slug":"les-senats-garants-de-la-stabilite-institutionnelle-et-acteurs-de-la-mediation-democratique","status":"publish","type":"post","link":"https:\/\/dpress.ma\/fr\/2026\/04\/09\/les-senats-garants-de-la-stabilite-institutionnelle-et-acteurs-de-la-mediation-democratique\/","title":{"rendered":"Les S\u00e9nats, garants de la stabilit\u00e9 institutionnelle et acteurs de la m\u00e9diation d\u00e9mocratique"},"content":{"rendered":"\n<p>Dpress<\/p>\n\n\n\n<p>Les S\u00e9nats s\u2019\u00e9rigent en acteurs cl\u00e9s de la stabilit\u00e9 institutionnelle et de la m\u00e9diation d\u00e9mocratique, contribuant ainsi \u00e0 la pr\u00e9servation de la paix et au renforcement de la confiance entre les citoyens et les institutions publiques, a affirm\u00e9, mercredi \u00e0 Rabat, la pr\u00e9sidente en exercice de l\u2019Association des S\u00e9nats d\u2019Afrique, pr\u00e9sidente du S\u00e9nat de C\u00f4te d\u2019Ivoire, Kandia Kamissoko Camara.<\/p>\n\n\n\n<p>S\u2019exprimant lors des travaux de la conf\u00e9rence de l\u2019Association des S\u00e9nats d\u2019Afrique, abrit\u00e9e par la Chambre des conseillers, Mme Camara a indiqu\u00e9 que dans un contexte international marqu\u00e9 par des mutations profondes, tant sur les plans politique, \u00e9conomique que s\u00e9curitaire, les institutions parlementaires, notamment les Chambres hautes, sont appel\u00e9es \u00e0 jouer un r\u00f4le essentiel.<\/p>\n\n\n\n<p>Dans ce sillage, elle a rappel\u00e9 la contribution des S\u00e9nats dans l\u2019am\u00e9lioration de la qualit\u00e9 de la l\u00e9gislation et la consolidation de l\u2019\u00c9tat de droit, tout en prenant en compte des r\u00e9alit\u00e9s locales dans l\u2019\u00e9laboration des politiques publiques.<\/p>\n\n\n\n<p>\u201cLes Chambres hautes constituent des espaces privil\u00e9gi\u00e9s de concertation politique, capables de pr\u00e9venir les tensions institutionnelles et de favoriser la recherche de solutions consensuelles face aux d\u00e9fis de chaque soci\u00e9t\u00e9\u201d, a-t-elle ajout\u00e9.<\/p>\n\n\n\n<p>\u201cL\u2019Afrique est reconnue comme le continent de la jeunesse. Cette jeunesse dynamique et cr\u00e9ative, constitue une formidable opportunit\u00e9 pour l\u2019avenir de nos nations, \u00e0 condition que nous soyons capables de lui offrir les conditions n\u00e9cessaires \u00e0 son \u00e9panouissement, notamment en mati\u00e8re d\u2019\u00e9ducation, d\u2019emploi et de participation \u00e0 la vie publique\u201d, s\u2019est-elle f\u00e9licit\u00e9e.<\/p>\n\n\n\n<p>Dans ce cadre, Mme Camara a soulign\u00e9 la responsabilit\u00e9 des Chambres hautes africaines dans l\u2019accompagnement des transformations politiques, \u00e9conomiques et sociales des pays africains, tout en veillant \u00e0 la pr\u00e9servation de la paix et \u00e0 la consolidation de la d\u00e9mocratie.<\/p>\n\n\n\n<p>\u201cNotre jeune Association est appel\u00e9e \u00e0 exister dans un continent en pleine mutation, marqu\u00e9 par des exigences croissantes sur les plans de la gouvernance, de la stabilit\u00e9 institutionnelle et du d\u00e9veloppement inclusif\u201d, a-t-elle fait observer.<\/p>\n\n\n\n<p>Sous le th\u00e8me \u201cLa contribution des chambres hautes des Parlements \u00e0 la consolidation de la d\u00e9mocratie et \u00e0 la pr\u00e9servation de la paix en Afrique\u201d, cette conf\u00e9rence entend mettre en exergue le r\u00f4le de l\u2019Association en tant que cadre institutionnel permanent de la coop\u00e9ration entre les chambres hautes africaines, fond\u00e9 sur l\u2019\u00e9change d\u2019expertises et les bonnes pratiques, ainsi que sur le renforcement de la coordination autour des questions d\u2019int\u00e9r\u00eat commun, \u00e0 m\u00eame de renforcer la contribution des parlements au service du d\u00e9veloppement durable au continent.<\/p>\n\n\n\n<p>Ce rendez-vous annuel se propose d\u2019offrir une plateforme de dialogue et d\u2019\u00e9change de vues autour des r\u00f4les des chambres hautes dans la consolidation de l\u2019\u00e9difice d\u00e9mocratique.<\/p>\n\n\n\n<p>Il se veut \u00e9galement une occasion d\u2019examiner les moyens pour renforcer l\u2019\u00e9quilibre institutionnel et pr\u00e9venir des crises, ainsi que d\u2019explorer les perspectives de d\u00e9veloppement de l\u2019action parlementaire africaine \u00e0 la lumi\u00e8re des mutations r\u00e9gionales et internationales acc\u00e9l\u00e9r\u00e9es<\/p>\n","protected":false},"excerpt":{"rendered":"<p>Dpress Les S\u00e9nats s\u2019\u00e9rigent en acteurs cl\u00e9s de la stabilit\u00e9 institutionnelle et de la m\u00e9diation d\u00e9mocratique, contribuant ainsi \u00e0 la pr\u00e9servation de la paix et au renforcement de la confiance entre les citoyens et les institutions publiques, a affirm\u00e9, mercredi \u00e0 Rabat, la pr\u00e9sidente en exercice de l\u2019Association des S\u00e9nats d\u2019Afrique, pr\u00e9sidente du S\u00e9nat de &hellip;<\/p>\n","protected":false},"author":2,"featured_media":27962,"comment_status":"open","ping_status":"open","sticky":false,"template":"","format":"standard","meta":{"footnotes":""},"categories":[26],"tags":[],"class_list":["post-27961","post","type-post","status-publish","format-standard","has-post-thumbnail","hentry","category-politiques"],"yoast_head":"<!-- This site is optimized with the Yoast SEO plugin v27.5 - https:\/\/yoast.com\/product\/yoast-seo-wordpress\/ -->\n<title>Les S\u00e9nats, garants de la stabilit\u00e9 institutionnelle et acteurs de la m\u00e9diation d\u00e9mocratique - Dpress.ma\/fr<\/title>\n<meta name=\"robots\" content=\"index, follow, max-snippet:-1, max-image-preview:large, max-video-preview:-1\" \/>\n<link rel=\"canonical\" href=\"https:\/\/dpress.ma\/fr\/2026\/04\/09\/les-senats-garants-de-la-stabilite-institutionnelle-et-acteurs-de-la-mediation-democratique\/\" \/>\n<meta property=\"og:locale\" content=\"fr_FR\" \/>\n<meta property=\"og:type\" content=\"article\" \/>\n<meta property=\"og:title\" content=\"Les S\u00e9nats, garants de la stabilit\u00e9 institutionnelle et acteurs de la m\u00e9diation d\u00e9mocratique - Dpress.ma\/fr\" \/>\n<meta property=\"og:description\" content=\"Dpress Les S\u00e9nats s\u2019\u00e9rigent en acteurs cl\u00e9s de la stabilit\u00e9 institutionnelle et de la m\u00e9diation d\u00e9mocratique, contribuant ainsi \u00e0 la pr\u00e9servation de la paix et au renforcement de la confiance entre les citoyens et les institutions publiques, a affirm\u00e9, mercredi \u00e0 Rabat, la pr\u00e9sidente en exercice de l\u2019Association des S\u00e9nats d\u2019Afrique, pr\u00e9sidente du S\u00e9nat de &hellip;\" \/>\n<meta property=\"og:url\" content=\"https:\/\/dpress.ma\/fr\/2026\/04\/09\/les-senats-garants-de-la-stabilite-institutionnelle-et-acteurs-de-la-mediation-democratique\/\" \/>\n<meta property=\"og:site_name\" content=\"Dpress.ma\/fr\" \/>\n<meta property=\"article:published_time\" content=\"2026-04-09T09:20:14+00:00\" \/>\n<meta property=\"article:modified_time\" content=\"2026-04-09T09:20:16+00:00\" \/>\n<meta property=\"og:image\" content=\"https:\/\/dpress.ma\/fr\/wp-content\/uploads\/sites\/2\/2026\/04\/371.jpg\" \/>\n\t<meta property=\"og:image:width\" content=\"2539\" \/>\n\t<meta property=\"og:image:height\" content=\"1594\" \/>\n\t<meta property=\"og:image:type\" content=\"image\/jpeg\" \/>\n<meta name=\"author\" content=\"Dpress.ma\" \/>\n<meta name=\"twitter:card\" content=\"summary_large_image\" \/>\n<meta name=\"twitter:label1\" content=\"\u00c9crit par\" \/>\n\t<meta name=\"twitter:data1\" content=\"Dpress.ma\" \/>\n\t<meta name=\"twitter:label2\" content=\"Dur\u00e9e de lecture estim\u00e9e\" \/>\n\t<meta name=\"twitter:data2\" content=\"3 minutes\" \/>\n<script type=\"application\/ld+json\" class=\"yoast-schema-graph\">{\"@context\":\"https:\\\/\\\/schema.org\",\"@graph\":[{\"@type\":\"Article\",\"@id\":\"https:\\\/\\\/dpress.ma\\\/fr\\\/2026\\\/04\\\/09\\\/les-senats-garants-de-la-stabilite-institutionnelle-et-acteurs-de-la-mediation-democratique\\\/#article\",\"isPartOf\":{\"@id\":\"https:\\\/\\\/dpress.ma\\\/fr\\\/2026\\\/04\\\/09\\\/les-senats-garants-de-la-stabilite-institutionnelle-et-acteurs-de-la-mediation-democratique\\\/\"},\"author\":{\"name\":\"Dpress.ma\",\"@id\":\"https:\\\/\\\/dpress.ma\\\/fr\\\/#\\\/schema\\\/person\\\/4898febf3ccd59e6578d838656a306a0\"},\"headline\":\"Les S\u00e9nats, garants de la stabilit\u00e9 institutionnelle et acteurs de la m\u00e9diation d\u00e9mocratique\",\"datePublished\":\"2026-04-09T09:20:14+00:00\",\"dateModified\":\"2026-04-09T09:20:16+00:00\",\"mainEntityOfPage\":{\"@id\":\"https:\\\/\\\/dpress.ma\\\/fr\\\/2026\\\/04\\\/09\\\/les-senats-garants-de-la-stabilite-institutionnelle-et-acteurs-de-la-mediation-democratique\\\/\"},\"wordCount\":543,\"commentCount\":0,\"image\":{\"@id\":\"https:\\\/\\\/dpress.ma\\\/fr\\\/2026\\\/04\\\/09\\\/les-senats-garants-de-la-stabilite-institutionnelle-et-acteurs-de-la-mediation-democratique\\\/#primaryimage\"},\"thumbnailUrl\":\"https:\\\/\\\/dpress.ma\\\/fr\\\/wp-content\\\/uploads\\\/sites\\\/2\\\/2026\\\/04\\\/371.jpg\",\"articleSection\":[\"Politiques\"],\"inLanguage\":\"fr-FR\",\"potentialAction\":[{\"@type\":\"CommentAction\",\"name\":\"Comment\",\"target\":[\"https:\\\/\\\/dpress.ma\\\/fr\\\/2026\\\/04\\\/09\\\/les-senats-garants-de-la-stabilite-institutionnelle-et-acteurs-de-la-mediation-democratique\\\/#respond\"]}]},{\"@type\":\"WebPage\",\"@id\":\"https:\\\/\\\/dpress.ma\\\/fr\\\/2026\\\/04\\\/09\\\/les-senats-garants-de-la-stabilite-institutionnelle-et-acteurs-de-la-mediation-democratique\\\/\",\"url\":\"https:\\\/\\\/dpress.ma\\\/fr\\\/2026\\\/04\\\/09\\\/les-senats-garants-de-la-stabilite-institutionnelle-et-acteurs-de-la-mediation-democratique\\\/\",\"name\":\"Les S\u00e9nats, garants de la stabilit\u00e9 institutionnelle et acteurs de la m\u00e9diation d\u00e9mocratique - Dpress.ma\\\/fr\",\"isPartOf\":{\"@id\":\"https:\\\/\\\/dpress.ma\\\/fr\\\/#website\"},\"primaryImageOfPage\":{\"@id\":\"https:\\\/\\\/dpress.ma\\\/fr\\\/2026\\\/04\\\/09\\\/les-senats-garants-de-la-stabilite-institutionnelle-et-acteurs-de-la-mediation-democratique\\\/#primaryimage\"},\"image\":{\"@id\":\"https:\\\/\\\/dpress.ma\\\/fr\\\/2026\\\/04\\\/09\\\/les-senats-garants-de-la-stabilite-institutionnelle-et-acteurs-de-la-mediation-democratique\\\/#primaryimage\"},\"thumbnailUrl\":\"https:\\\/\\\/dpress.ma\\\/fr\\\/wp-content\\\/uploads\\\/sites\\\/2\\\/2026\\\/04\\\/371.jpg\",\"datePublished\":\"2026-04-09T09:20:14+00:00\",\"dateModified\":\"2026-04-09T09:20:16+00:00\",\"author\":{\"@id\":\"https:\\\/\\\/dpress.ma\\\/fr\\\/#\\\/schema\\\/person\\\/4898febf3ccd59e6578d838656a306a0\"},\"breadcrumb\":{\"@id\":\"https:\\\/\\\/dpress.ma\\\/fr\\\/2026\\\/04\\\/09\\\/les-senats-garants-de-la-stabilite-institutionnelle-et-acteurs-de-la-mediation-democratique\\\/#breadcrumb\"},\"inLanguage\":\"fr-FR\",\"potentialAction\":[{\"@type\":\"ReadAction\",\"target\":[\"https:\\\/\\\/dpress.ma\\\/fr\\\/2026\\\/04\\\/09\\\/les-senats-garants-de-la-stabilite-institutionnelle-et-acteurs-de-la-mediation-democratique\\\/\"]}]},{\"@type\":\"ImageObject\",\"inLanguage\":\"fr-FR\",\"@id\":\"https:\\\/\\\/dpress.ma\\\/fr\\\/2026\\\/04\\\/09\\\/les-senats-garants-de-la-stabilite-institutionnelle-et-acteurs-de-la-mediation-democratique\\\/#primaryimage\",\"url\":\"https:\\\/\\\/dpress.ma\\\/fr\\\/wp-content\\\/uploads\\\/sites\\\/2\\\/2026\\\/04\\\/371.jpg\",\"contentUrl\":\"https:\\\/\\\/dpress.ma\\\/fr\\\/wp-content\\\/uploads\\\/sites\\\/2\\\/2026\\\/04\\\/371.jpg\",\"width\":2539,\"height\":1594},{\"@type\":\"BreadcrumbList\",\"@id\":\"https:\\\/\\\/dpress.ma\\\/fr\\\/2026\\\/04\\\/09\\\/les-senats-garants-de-la-stabilite-institutionnelle-et-acteurs-de-la-mediation-democratique\\\/#breadcrumb\",\"itemListElement\":[{\"@type\":\"ListItem\",\"position\":1,\"name\":\"Home\",\"item\":\"https:\\\/\\\/dpress.ma\\\/fr\\\/\"},{\"@type\":\"ListItem\",\"position\":2,\"name\":\"Les S\u00e9nats, garants de la stabilit\u00e9 institutionnelle et acteurs de la m\u00e9diation d\u00e9mocratique\"}]},{\"@type\":\"WebSite\",\"@id\":\"https:\\\/\\\/dpress.ma\\\/fr\\\/#website\",\"url\":\"https:\\\/\\\/dpress.ma\\\/fr\\\/\",\"name\":\"Dpress.ma\\\/fr\",\"description\":\"\",\"potentialAction\":[{\"@type\":\"SearchAction\",\"target\":{\"@type\":\"EntryPoint\",\"urlTemplate\":\"https:\\\/\\\/dpress.ma\\\/fr\\\/?s={search_term_string}\"},\"query-input\":{\"@type\":\"PropertyValueSpecification\",\"valueRequired\":true,\"valueName\":\"search_term_string\"}}],\"inLanguage\":\"fr-FR\"},{\"@type\":\"Person\",\"@id\":\"https:\\\/\\\/dpress.ma\\\/fr\\\/#\\\/schema\\\/person\\\/4898febf3ccd59e6578d838656a306a0\",\"name\":\"Dpress.ma\",\"image\":{\"@type\":\"ImageObject\",\"inLanguage\":\"fr-FR\",\"@id\":\"https:\\\/\\\/secure.gravatar.com\\\/avatar\\\/72ecc30e9db047a2e0e7176561eb9d564ed77c8108376495b19bd8336405198a?s=96&d=mm&r=g\",\"url\":\"https:\\\/\\\/secure.gravatar.com\\\/avatar\\\/72ecc30e9db047a2e0e7176561eb9d564ed77c8108376495b19bd8336405198a?s=96&d=mm&r=g\",\"contentUrl\":\"https:\\\/\\\/secure.gravatar.com\\\/avatar\\\/72ecc30e9db047a2e0e7176561eb9d564ed77c8108376495b19bd8336405198a?s=96&d=mm&r=g\",\"caption\":\"Dpress.ma\"},\"sameAs\":[\"https:\\\/\\\/www.dpress.ma\"],\"url\":\"https:\\\/\\\/dpress.ma\\\/fr\\\/author\\\/dpress-ma\\\/\"}]}<\/script>\n<!-- \/ Yoast SEO plugin. -->","yoast_head_json":{"title":"Les S\u00e9nats, garants de la stabilit\u00e9 institutionnelle et acteurs de la m\u00e9diation d\u00e9mocratique - Dpress.ma\/fr","robots":{"index":"index","follow":"follow","max-snippet":"max-snippet:-1","max-image-preview":"max-image-preview:large","max-video-preview":"max-video-preview:-1"},"canonical":"https:\/\/dpress.ma\/fr\/2026\/04\/09\/les-senats-garants-de-la-stabilite-institutionnelle-et-acteurs-de-la-mediation-democratique\/","og_locale":"fr_FR","og_type":"article","og_title":"Les S\u00e9nats, garants de la stabilit\u00e9 institutionnelle et acteurs de la m\u00e9diation d\u00e9mocratique - Dpress.ma\/fr","og_description":"Dpress Les S\u00e9nats s\u2019\u00e9rigent en acteurs cl\u00e9s de la stabilit\u00e9 institutionnelle et de la m\u00e9diation d\u00e9mocratique, contribuant ainsi \u00e0 la pr\u00e9servation de la paix et au renforcement de la confiance entre les citoyens et les institutions publiques, a affirm\u00e9, mercredi \u00e0 Rabat, la pr\u00e9sidente en exercice de l\u2019Association des S\u00e9nats d\u2019Afrique, pr\u00e9sidente du S\u00e9nat de &hellip;","og_url":"https:\/\/dpress.ma\/fr\/2026\/04\/09\/les-senats-garants-de-la-stabilite-institutionnelle-et-acteurs-de-la-mediation-democratique\/","og_site_name":"Dpress.ma\/fr","article_published_time":"2026-04-09T09:20:14+00:00","article_modified_time":"2026-04-09T09:20:16+00:00","og_image":[{"width":2539,"height":1594,"url":"https:\/\/dpress.ma\/fr\/wp-content\/uploads\/sites\/2\/2026\/04\/371.jpg","type":"image\/jpeg"}],"author":"Dpress.ma","twitter_card":"summary_large_image","twitter_misc":{"\u00c9crit par":"Dpress.ma","Dur\u00e9e de lecture estim\u00e9e":"3 minutes"},"schema":{"@context":"https:\/\/schema.org","@graph":[{"@type":"Article","@id":"https:\/\/dpress.ma\/fr\/2026\/04\/09\/les-senats-garants-de-la-stabilite-institutionnelle-et-acteurs-de-la-mediation-democratique\/#article","isPartOf":{"@id":"https:\/\/dpress.ma\/fr\/2026\/04\/09\/les-senats-garants-de-la-stabilite-institutionnelle-et-acteurs-de-la-mediation-democratique\/"},"author":{"name":"Dpress.ma","@id":"https:\/\/dpress.ma\/fr\/#\/schema\/person\/4898febf3ccd59e6578d838656a306a0"},"headline":"Les S\u00e9nats, garants de la stabilit\u00e9 institutionnelle et acteurs de la m\u00e9diation d\u00e9mocratique","datePublished":"2026-04-09T09:20:14+00:00","dateModified":"2026-04-09T09:20:16+00:00","mainEntityOfPage":{"@id":"https:\/\/dpress.ma\/fr\/2026\/04\/09\/les-senats-garants-de-la-stabilite-institutionnelle-et-acteurs-de-la-mediation-democratique\/"},"wordCount":543,"commentCount":0,"image":{"@id":"https:\/\/dpress.ma\/fr\/2026\/04\/09\/les-senats-garants-de-la-stabilite-institutionnelle-et-acteurs-de-la-mediation-democratique\/#primaryimage"},"thumbnailUrl":"https:\/\/dpress.ma\/fr\/wp-content\/uploads\/sites\/2\/2026\/04\/371.jpg","articleSection":["Politiques"],"inLanguage":"fr-FR","potentialAction":[{"@type":"CommentAction","name":"Comment","target":["https:\/\/dpress.ma\/fr\/2026\/04\/09\/les-senats-garants-de-la-stabilite-institutionnelle-et-acteurs-de-la-mediation-democratique\/#respond"]}]},{"@type":"WebPage","@id":"https:\/\/dpress.ma\/fr\/2026\/04\/09\/les-senats-garants-de-la-stabilite-institutionnelle-et-acteurs-de-la-mediation-democratique\/","url":"https:\/\/dpress.ma\/fr\/2026\/04\/09\/les-senats-garants-de-la-stabilite-institutionnelle-et-acteurs-de-la-mediation-democratique\/","name":"Les S\u00e9nats, garants de la stabilit\u00e9 institutionnelle et acteurs de la m\u00e9diation d\u00e9mocratique - Dpress.ma\/fr","isPartOf":{"@id":"https:\/\/dpress.ma\/fr\/#website"},"primaryImageOfPage":{"@id":"https:\/\/dpress.ma\/fr\/2026\/04\/09\/les-senats-garants-de-la-stabilite-institutionnelle-et-acteurs-de-la-mediation-democratique\/#primaryimage"},"image":{"@id":"https:\/\/dpress.ma\/fr\/2026\/04\/09\/les-senats-garants-de-la-stabilite-institutionnelle-et-acteurs-de-la-mediation-democratique\/#primaryimage"},"thumbnailUrl":"https:\/\/dpress.ma\/fr\/wp-content\/uploads\/sites\/2\/2026\/04\/371.jpg","datePublished":"2026-04-09T09:20:14+00:00","dateModified":"2026-04-09T09:20:16+00:00","author":{"@id":"https:\/\/dpress.ma\/fr\/#\/schema\/person\/4898febf3ccd59e6578d838656a306a0"},"breadcrumb":{"@id":"https:\/\/dpress.ma\/fr\/2026\/04\/09\/les-senats-garants-de-la-stabilite-institutionnelle-et-acteurs-de-la-mediation-democratique\/#breadcrumb"},"inLanguage":"fr-FR","potentialAction":[{"@type":"ReadAction","target":["https:\/\/dpress.ma\/fr\/2026\/04\/09\/les-senats-garants-de-la-stabilite-institutionnelle-et-acteurs-de-la-mediation-democratique\/"]}]},{"@type":"ImageObject","inLanguage":"fr-FR","@id":"https:\/\/dpress.ma\/fr\/2026\/04\/09\/les-senats-garants-de-la-stabilite-institutionnelle-et-acteurs-de-la-mediation-democratique\/#primaryimage","url":"https:\/\/dpress.ma\/fr\/wp-content\/uploads\/sites\/2\/2026\/04\/371.jpg","contentUrl":"https:\/\/dpress.ma\/fr\/wp-content\/uploads\/sites\/2\/2026\/04\/371.jpg","width":2539,"height":1594},{"@type":"BreadcrumbList","@id":"https:\/\/dpress.ma\/fr\/2026\/04\/09\/les-senats-garants-de-la-stabilite-institutionnelle-et-acteurs-de-la-mediation-democratique\/#breadcrumb","itemListElement":[{"@type":"ListItem","position":1,"name":"Home","item":"https:\/\/dpress.ma\/fr\/"},{"@type":"ListItem","position":2,"name":"Les S\u00e9nats, garants de la stabilit\u00e9 institutionnelle et acteurs de la m\u00e9diation d\u00e9mocratique"}]},{"@type":"WebSite","@id":"https:\/\/dpress.ma\/fr\/#website","url":"https:\/\/dpress.ma\/fr\/","name":"Dpress.ma\/fr","description":"","potentialAction":[{"@type":"SearchAction","target":{"@type":"EntryPoint","urlTemplate":"https:\/\/dpress.ma\/fr\/?s={search_term_string}"},"query-input":{"@type":"PropertyValueSpecification","valueRequired":true,"valueName":"search_term_string"}}],"inLanguage":"fr-FR"},{"@type":"Person","@id":"https:\/\/dpress.ma\/fr\/#\/schema\/person\/4898febf3ccd59e6578d838656a306a0","name":"Dpress.ma","image":{"@type":"ImageObject","inLanguage":"fr-FR","@id":"https:\/\/secure.gravatar.com\/avatar\/72ecc30e9db047a2e0e7176561eb9d564ed77c8108376495b19bd8336405198a?s=96&d=mm&r=g","url":"https:\/\/secure.gravatar.com\/avatar\/72ecc30e9db047a2e0e7176561eb9d564ed77c8108376495b19bd8336405198a?s=96&d=mm&r=g","contentUrl":"https:\/\/secure.gravatar.com\/avatar\/72ecc30e9db047a2e0e7176561eb9d564ed77c8108376495b19bd8336405198a?s=96&d=mm&r=g","caption":"Dpress.ma"},"sameAs":["https:\/\/www.dpress.ma"],"url":"https:\/\/dpress.ma\/fr\/author\/dpress-ma\/"}]}},"amp_enabled":true,"_links":{"self":[{"href":"https:\/\/dpress.ma\/fr\/wp-json\/wp\/v2\/posts\/27961","targetHints":{"allow":["GET"]}}],"collection":[{"href":"https:\/\/dpress.ma\/fr\/wp-json\/wp\/v2\/posts"}],"about":[{"href":"https:\/\/dpress.ma\/fr\/wp-json\/wp\/v2\/types\/post"}],"author":[{"embeddable":true,"href":"https:\/\/dpress.ma\/fr\/wp-json\/wp\/v2\/users\/2"}],"replies":[{"embeddable":true,"href":"https:\/\/dpress.ma\/fr\/wp-json\/wp\/v2\/comments?post=27961"}],"version-history":[{"count":1,"href":"https:\/\/dpress.ma\/fr\/wp-json\/wp\/v2\/posts\/27961\/revisions"}],"predecessor-version":[{"id":27963,"href":"https:\/\/dpress.ma\/fr\/wp-json\/wp\/v2\/posts\/27961\/revisions\/27963"}],"wp:featuredmedia":[{"embeddable":true,"href":"https:\/\/dpress.ma\/fr\/wp-json\/wp\/v2\/media\/27962"}],"wp:attachment":[{"href":"https:\/\/dpress.ma\/fr\/wp-json\/wp\/v2\/media?parent=27961"}],"wp:term":[{"taxonomy":"category","embeddable":true,"href":"https:\/\/dpress.ma\/fr\/wp-json\/wp\/v2\/categories?post=27961"},{"taxonomy":"post_tag","embeddable":true,"href":"https:\/\/dpress.ma\/fr\/wp-json\/wp\/v2\/tags?post=27961"}],"curies":[{"name":"wp","href":"https:\/\/api.w.org\/{rel}","templated":true}]}}