{"id":2795,"date":"2022-12-07T11:12:33","date_gmt":"2022-12-07T11:12:33","guid":{"rendered":"https:\/\/dpress.ma\/fr\/?p=2795"},"modified":"2022-12-07T11:12:35","modified_gmt":"2022-12-07T11:12:35","slug":"mondial-2022-nous-dedions-notre-qualification-a-sm-le-roi-et-au-peuple-marocain-walid-regragui","status":"publish","type":"post","link":"https:\/\/dpress.ma\/fr\/2022\/12\/07\/mondial-2022-nous-dedions-notre-qualification-a-sm-le-roi-et-au-peuple-marocain-walid-regragui\/","title":{"rendered":"Mondial-2022: \u201cNous d\u00e9dions notre qualification \u00e0 SM le Roi et au peuple marocain\u201d (Walid Regragui)"},"content":{"rendered":"\n<p>Dpress<\/p>\n\n\n\n<p>&nbsp;Le s\u00e9lectionneur national, Walid Regragui, a affirm\u00e9 que les composantes de l\u2019\u00e9quipe nationale de football, qualifi\u00e9e aux quarts de finale du Mondial, d\u00e9dient cet exploit \u00e0 SM le Roi Mohammed VI et au peuple marocain.<\/p>\n\n\n\n<p>\u201cNous d\u00e9dions cette qualification historique \u00e0 SM le Roi Mohammed VI, que Dieu L\u2019assiste et \u00e0 l\u2019ensemble du peuple marocain\u201d, a-t-il dit lors de la conf\u00e9rence de presse tenue \u00e0 l\u2019issue du huiti\u00e8me de finale remport\u00e9 par le Maroc aux d\u00e9pens de l\u2019Espagne (3-0, t.a.b, 0-0 apr\u00e8s prolongations).<\/p>\n\n\n\n<p>\u201cJe tiens \u00e0 exprimer mes chaleureuses f\u00e9licitations \u00e0 SM le Roi et au peuple marocain pour cet exploit\u201d in\u00e9dit dans l\u2019histoire du football marocain, a-t-il ajout\u00e9.<\/p>\n\n\n\n<p>Apr\u00e8s avoir soulign\u00e9 que le Souverain n\u2019a eu de cesse de soutenir l\u2019\u00e9quipe nationale pour r\u00e9aliser davantage de performances et promouvoir le football national, le s\u00e9lectionneur national a relev\u00e9 que l\u2019appel t\u00e9l\u00e9phonique qu\u2019il a re\u00e7u de SM le Roi constituera une source de motivation pour le Onze national afin d\u2019aller plus loin dans cette comp\u00e9tition plan\u00e9taire et r\u00e9aliser davantage de performances.<\/p>\n\n\n\n<p>A l\u2019issue du match qui a oppos\u00e9, mardi, la s\u00e9lection nationale de football \u00e0 son homologue espagnole, Sa Majest\u00e9 le Roi Mohammed VI, que Dieu L\u2019assiste, a f\u00e9licit\u00e9 les membres de l\u2019\u00e9quipe nationale pour leur parcours et leur qualification historique aux quarts de finale de la Coupe du Monde de la FIFA, Qatar-2022.<\/p>\n\n\n\n<p>Le Souverain S\u2019est ainsi entretenu au t\u00e9l\u00e9phone avec le Pr\u00e9sident de la F\u00e9d\u00e9ration Royale Marocaine de Football, Fouzi Lekjaa, et l\u2019entra\u00eeneur de l\u2019\u00e9quipe nationale, Walid Regragui, auxquels le Souverain a exprim\u00e9 Ses sinc\u00e8res f\u00e9licitations aux joueurs et aux staffs technique et administratif qui ont su donner le meilleur d\u2019eux-m\u00eames et accomplir un parcours excellent au cours de cette comp\u00e9tition sportive majeure.<\/p>\n","protected":false},"excerpt":{"rendered":"<p>Dpress &nbsp;Le s\u00e9lectionneur national, Walid Regragui, a affirm\u00e9 que les composantes de l\u2019\u00e9quipe nationale de football, qualifi\u00e9e aux quarts de finale du Mondial, d\u00e9dient cet exploit \u00e0 SM le Roi Mohammed VI et au peuple marocain. \u201cNous d\u00e9dions cette qualification historique \u00e0 SM le Roi Mohammed VI, que Dieu L\u2019assiste et \u00e0 l\u2019ensemble du peuple &hellip;<\/p>\n","protected":false},"author":2,"featured_media":2796,"comment_status":"open","ping_status":"open","sticky":false,"template":"","format":"standard","meta":{"footnotes":""},"categories":[27],"tags":[],"class_list":["post-2795","post","type-post","status-publish","format-standard","has-post-thumbnail","hentry","category-sport"],"yoast_head":"<!-- This site is optimized with the Yoast SEO plugin v27.5 - https:\/\/yoast.com\/product\/yoast-seo-wordpress\/ -->\n<title>Mondial-2022: \u201cNous d\u00e9dions notre qualification \u00e0 SM le Roi et au peuple marocain\u201d (Walid Regragui) - Dpress.ma\/fr<\/title>\n<meta name=\"description\" content=\"Le s\u00e9lectionneur national, Walid Regragui, a affirm\u00e9 que les composantes de l\u2019\u00e9quipe nationale de football, qualifi\u00e9e aux quarts de finale du Mondial, d\u00e9dient cet exploit \u00e0 SM le Roi Mohammed VI et au peuple marocain.\" \/>\n<meta name=\"robots\" content=\"index, follow, max-snippet:-1, max-image-preview:large, max-video-preview:-1\" \/>\n<link rel=\"canonical\" href=\"https:\/\/dpress.ma\/fr\/2022\/12\/07\/mondial-2022-nous-dedions-notre-qualification-a-sm-le-roi-et-au-peuple-marocain-walid-regragui\/\" \/>\n<meta property=\"og:locale\" content=\"fr_FR\" \/>\n<meta property=\"og:type\" content=\"article\" \/>\n<meta property=\"og:title\" content=\"Mondial-2022: \u201cNous d\u00e9dions notre qualification \u00e0 SM le Roi et au peuple marocain\u201d (Walid Regragui) - Dpress.ma\/fr\" \/>\n<meta property=\"og:description\" content=\"Le s\u00e9lectionneur national, Walid Regragui, a affirm\u00e9 que les composantes de l\u2019\u00e9quipe nationale de football, qualifi\u00e9e aux quarts de finale du Mondial, d\u00e9dient cet exploit \u00e0 SM le Roi Mohammed VI et au peuple marocain.\" \/>\n<meta property=\"og:url\" content=\"https:\/\/dpress.ma\/fr\/2022\/12\/07\/mondial-2022-nous-dedions-notre-qualification-a-sm-le-roi-et-au-peuple-marocain-walid-regragui\/\" \/>\n<meta property=\"og:site_name\" content=\"Dpress.ma\/fr\" \/>\n<meta property=\"article:published_time\" content=\"2022-12-07T11:12:33+00:00\" \/>\n<meta property=\"article:modified_time\" content=\"2022-12-07T11:12:35+00:00\" \/>\n<meta property=\"og:image\" content=\"https:\/\/dpress.ma\/fr\/wp-content\/uploads\/sites\/2\/2022\/12\/dimensions2-23.jpg\" \/>\n\t<meta property=\"og:image:width\" content=\"2539\" \/>\n\t<meta property=\"og:image:height\" content=\"1594\" \/>\n\t<meta property=\"og:image:type\" content=\"image\/jpeg\" \/>\n<meta name=\"author\" content=\"Dpress.ma\" \/>\n<meta name=\"twitter:card\" content=\"summary_large_image\" \/>\n<meta name=\"twitter:label1\" content=\"\u00c9crit par\" \/>\n\t<meta name=\"twitter:data1\" content=\"Dpress.ma\" \/>\n\t<meta name=\"twitter:label2\" content=\"Dur\u00e9e de lecture estim\u00e9e\" \/>\n\t<meta name=\"twitter:data2\" content=\"2 minutes\" \/>\n<script type=\"application\/ld+json\" class=\"yoast-schema-graph\">{\"@context\":\"https:\\\/\\\/schema.org\",\"@graph\":[{\"@type\":\"Article\",\"@id\":\"https:\\\/\\\/dpress.ma\\\/fr\\\/2022\\\/12\\\/07\\\/mondial-2022-nous-dedions-notre-qualification-a-sm-le-roi-et-au-peuple-marocain-walid-regragui\\\/#article\",\"isPartOf\":{\"@id\":\"https:\\\/\\\/dpress.ma\\\/fr\\\/2022\\\/12\\\/07\\\/mondial-2022-nous-dedions-notre-qualification-a-sm-le-roi-et-au-peuple-marocain-walid-regragui\\\/\"},\"author\":{\"name\":\"Dpress.ma\",\"@id\":\"https:\\\/\\\/dpress.ma\\\/fr\\\/#\\\/schema\\\/person\\\/4898febf3ccd59e6578d838656a306a0\"},\"headline\":\"Mondial-2022: \u201cNous d\u00e9dions notre qualification \u00e0 SM le Roi et au peuple marocain\u201d (Walid Regragui)\",\"datePublished\":\"2022-12-07T11:12:33+00:00\",\"dateModified\":\"2022-12-07T11:12:35+00:00\",\"mainEntityOfPage\":{\"@id\":\"https:\\\/\\\/dpress.ma\\\/fr\\\/2022\\\/12\\\/07\\\/mondial-2022-nous-dedions-notre-qualification-a-sm-le-roi-et-au-peuple-marocain-walid-regragui\\\/\"},\"wordCount\":345,\"commentCount\":0,\"image\":{\"@id\":\"https:\\\/\\\/dpress.ma\\\/fr\\\/2022\\\/12\\\/07\\\/mondial-2022-nous-dedions-notre-qualification-a-sm-le-roi-et-au-peuple-marocain-walid-regragui\\\/#primaryimage\"},\"thumbnailUrl\":\"https:\\\/\\\/dpress.ma\\\/fr\\\/wp-content\\\/uploads\\\/sites\\\/2\\\/2022\\\/12\\\/dimensions2-23.jpg\",\"articleSection\":[\"Sport\"],\"inLanguage\":\"fr-FR\",\"potentialAction\":[{\"@type\":\"CommentAction\",\"name\":\"Comment\",\"target\":[\"https:\\\/\\\/dpress.ma\\\/fr\\\/2022\\\/12\\\/07\\\/mondial-2022-nous-dedions-notre-qualification-a-sm-le-roi-et-au-peuple-marocain-walid-regragui\\\/#respond\"]}]},{\"@type\":\"WebPage\",\"@id\":\"https:\\\/\\\/dpress.ma\\\/fr\\\/2022\\\/12\\\/07\\\/mondial-2022-nous-dedions-notre-qualification-a-sm-le-roi-et-au-peuple-marocain-walid-regragui\\\/\",\"url\":\"https:\\\/\\\/dpress.ma\\\/fr\\\/2022\\\/12\\\/07\\\/mondial-2022-nous-dedions-notre-qualification-a-sm-le-roi-et-au-peuple-marocain-walid-regragui\\\/\",\"name\":\"Mondial-2022: \u201cNous d\u00e9dions notre qualification \u00e0 SM le Roi et au peuple marocain\u201d (Walid Regragui) - Dpress.ma\\\/fr\",\"isPartOf\":{\"@id\":\"https:\\\/\\\/dpress.ma\\\/fr\\\/#website\"},\"primaryImageOfPage\":{\"@id\":\"https:\\\/\\\/dpress.ma\\\/fr\\\/2022\\\/12\\\/07\\\/mondial-2022-nous-dedions-notre-qualification-a-sm-le-roi-et-au-peuple-marocain-walid-regragui\\\/#primaryimage\"},\"image\":{\"@id\":\"https:\\\/\\\/dpress.ma\\\/fr\\\/2022\\\/12\\\/07\\\/mondial-2022-nous-dedions-notre-qualification-a-sm-le-roi-et-au-peuple-marocain-walid-regragui\\\/#primaryimage\"},\"thumbnailUrl\":\"https:\\\/\\\/dpress.ma\\\/fr\\\/wp-content\\\/uploads\\\/sites\\\/2\\\/2022\\\/12\\\/dimensions2-23.jpg\",\"datePublished\":\"2022-12-07T11:12:33+00:00\",\"dateModified\":\"2022-12-07T11:12:35+00:00\",\"author\":{\"@id\":\"https:\\\/\\\/dpress.ma\\\/fr\\\/#\\\/schema\\\/person\\\/4898febf3ccd59e6578d838656a306a0\"},\"description\":\"Le s\u00e9lectionneur national, Walid Regragui, a affirm\u00e9 que les composantes de l\u2019\u00e9quipe nationale de football, qualifi\u00e9e aux quarts de finale du Mondial, d\u00e9dient cet exploit \u00e0 SM le Roi Mohammed VI et au peuple marocain.\",\"breadcrumb\":{\"@id\":\"https:\\\/\\\/dpress.ma\\\/fr\\\/2022\\\/12\\\/07\\\/mondial-2022-nous-dedions-notre-qualification-a-sm-le-roi-et-au-peuple-marocain-walid-regragui\\\/#breadcrumb\"},\"inLanguage\":\"fr-FR\",\"potentialAction\":[{\"@type\":\"ReadAction\",\"target\":[\"https:\\\/\\\/dpress.ma\\\/fr\\\/2022\\\/12\\\/07\\\/mondial-2022-nous-dedions-notre-qualification-a-sm-le-roi-et-au-peuple-marocain-walid-regragui\\\/\"]}]},{\"@type\":\"ImageObject\",\"inLanguage\":\"fr-FR\",\"@id\":\"https:\\\/\\\/dpress.ma\\\/fr\\\/2022\\\/12\\\/07\\\/mondial-2022-nous-dedions-notre-qualification-a-sm-le-roi-et-au-peuple-marocain-walid-regragui\\\/#primaryimage\",\"url\":\"https:\\\/\\\/dpress.ma\\\/fr\\\/wp-content\\\/uploads\\\/sites\\\/2\\\/2022\\\/12\\\/dimensions2-23.jpg\",\"contentUrl\":\"https:\\\/\\\/dpress.ma\\\/fr\\\/wp-content\\\/uploads\\\/sites\\\/2\\\/2022\\\/12\\\/dimensions2-23.jpg\",\"width\":2539,\"height\":1594},{\"@type\":\"BreadcrumbList\",\"@id\":\"https:\\\/\\\/dpress.ma\\\/fr\\\/2022\\\/12\\\/07\\\/mondial-2022-nous-dedions-notre-qualification-a-sm-le-roi-et-au-peuple-marocain-walid-regragui\\\/#breadcrumb\",\"itemListElement\":[{\"@type\":\"ListItem\",\"position\":1,\"name\":\"Home\",\"item\":\"https:\\\/\\\/dpress.ma\\\/fr\\\/\"},{\"@type\":\"ListItem\",\"position\":2,\"name\":\"Mondial-2022: \u201cNous d\u00e9dions notre qualification \u00e0 SM le Roi et au peuple marocain\u201d (Walid Regragui)\"}]},{\"@type\":\"WebSite\",\"@id\":\"https:\\\/\\\/dpress.ma\\\/fr\\\/#website\",\"url\":\"https:\\\/\\\/dpress.ma\\\/fr\\\/\",\"name\":\"Dpress.ma\\\/fr\",\"description\":\"\",\"potentialAction\":[{\"@type\":\"SearchAction\",\"target\":{\"@type\":\"EntryPoint\",\"urlTemplate\":\"https:\\\/\\\/dpress.ma\\\/fr\\\/?s={search_term_string}\"},\"query-input\":{\"@type\":\"PropertyValueSpecification\",\"valueRequired\":true,\"valueName\":\"search_term_string\"}}],\"inLanguage\":\"fr-FR\"},{\"@type\":\"Person\",\"@id\":\"https:\\\/\\\/dpress.ma\\\/fr\\\/#\\\/schema\\\/person\\\/4898febf3ccd59e6578d838656a306a0\",\"name\":\"Dpress.ma\",\"image\":{\"@type\":\"ImageObject\",\"inLanguage\":\"fr-FR\",\"@id\":\"https:\\\/\\\/secure.gravatar.com\\\/avatar\\\/72ecc30e9db047a2e0e7176561eb9d564ed77c8108376495b19bd8336405198a?s=96&d=mm&r=g\",\"url\":\"https:\\\/\\\/secure.gravatar.com\\\/avatar\\\/72ecc30e9db047a2e0e7176561eb9d564ed77c8108376495b19bd8336405198a?s=96&d=mm&r=g\",\"contentUrl\":\"https:\\\/\\\/secure.gravatar.com\\\/avatar\\\/72ecc30e9db047a2e0e7176561eb9d564ed77c8108376495b19bd8336405198a?s=96&d=mm&r=g\",\"caption\":\"Dpress.ma\"},\"sameAs\":[\"https:\\\/\\\/www.dpress.ma\"],\"url\":\"https:\\\/\\\/dpress.ma\\\/fr\\\/author\\\/dpress-ma\\\/\"}]}<\/script>\n<!-- \/ Yoast SEO plugin. -->","yoast_head_json":{"title":"Mondial-2022: \u201cNous d\u00e9dions notre qualification \u00e0 SM le Roi et au peuple marocain\u201d (Walid Regragui) - Dpress.ma\/fr","description":"Le s\u00e9lectionneur national, Walid Regragui, a affirm\u00e9 que les composantes de l\u2019\u00e9quipe nationale de football, qualifi\u00e9e aux quarts de finale du Mondial, d\u00e9dient cet exploit \u00e0 SM le Roi Mohammed VI et au peuple marocain.","robots":{"index":"index","follow":"follow","max-snippet":"max-snippet:-1","max-image-preview":"max-image-preview:large","max-video-preview":"max-video-preview:-1"},"canonical":"https:\/\/dpress.ma\/fr\/2022\/12\/07\/mondial-2022-nous-dedions-notre-qualification-a-sm-le-roi-et-au-peuple-marocain-walid-regragui\/","og_locale":"fr_FR","og_type":"article","og_title":"Mondial-2022: \u201cNous d\u00e9dions notre qualification \u00e0 SM le Roi et au peuple marocain\u201d (Walid Regragui) - Dpress.ma\/fr","og_description":"Le s\u00e9lectionneur national, Walid Regragui, a affirm\u00e9 que les composantes de l\u2019\u00e9quipe nationale de football, qualifi\u00e9e aux quarts de finale du Mondial, d\u00e9dient cet exploit \u00e0 SM le Roi Mohammed VI et au peuple marocain.","og_url":"https:\/\/dpress.ma\/fr\/2022\/12\/07\/mondial-2022-nous-dedions-notre-qualification-a-sm-le-roi-et-au-peuple-marocain-walid-regragui\/","og_site_name":"Dpress.ma\/fr","article_published_time":"2022-12-07T11:12:33+00:00","article_modified_time":"2022-12-07T11:12:35+00:00","og_image":[{"width":2539,"height":1594,"url":"https:\/\/dpress.ma\/fr\/wp-content\/uploads\/sites\/2\/2022\/12\/dimensions2-23.jpg","type":"image\/jpeg"}],"author":"Dpress.ma","twitter_card":"summary_large_image","twitter_misc":{"\u00c9crit par":"Dpress.ma","Dur\u00e9e de lecture estim\u00e9e":"2 minutes"},"schema":{"@context":"https:\/\/schema.org","@graph":[{"@type":"Article","@id":"https:\/\/dpress.ma\/fr\/2022\/12\/07\/mondial-2022-nous-dedions-notre-qualification-a-sm-le-roi-et-au-peuple-marocain-walid-regragui\/#article","isPartOf":{"@id":"https:\/\/dpress.ma\/fr\/2022\/12\/07\/mondial-2022-nous-dedions-notre-qualification-a-sm-le-roi-et-au-peuple-marocain-walid-regragui\/"},"author":{"name":"Dpress.ma","@id":"https:\/\/dpress.ma\/fr\/#\/schema\/person\/4898febf3ccd59e6578d838656a306a0"},"headline":"Mondial-2022: \u201cNous d\u00e9dions notre qualification \u00e0 SM le Roi et au peuple marocain\u201d (Walid Regragui)","datePublished":"2022-12-07T11:12:33+00:00","dateModified":"2022-12-07T11:12:35+00:00","mainEntityOfPage":{"@id":"https:\/\/dpress.ma\/fr\/2022\/12\/07\/mondial-2022-nous-dedions-notre-qualification-a-sm-le-roi-et-au-peuple-marocain-walid-regragui\/"},"wordCount":345,"commentCount":0,"image":{"@id":"https:\/\/dpress.ma\/fr\/2022\/12\/07\/mondial-2022-nous-dedions-notre-qualification-a-sm-le-roi-et-au-peuple-marocain-walid-regragui\/#primaryimage"},"thumbnailUrl":"https:\/\/dpress.ma\/fr\/wp-content\/uploads\/sites\/2\/2022\/12\/dimensions2-23.jpg","articleSection":["Sport"],"inLanguage":"fr-FR","potentialAction":[{"@type":"CommentAction","name":"Comment","target":["https:\/\/dpress.ma\/fr\/2022\/12\/07\/mondial-2022-nous-dedions-notre-qualification-a-sm-le-roi-et-au-peuple-marocain-walid-regragui\/#respond"]}]},{"@type":"WebPage","@id":"https:\/\/dpress.ma\/fr\/2022\/12\/07\/mondial-2022-nous-dedions-notre-qualification-a-sm-le-roi-et-au-peuple-marocain-walid-regragui\/","url":"https:\/\/dpress.ma\/fr\/2022\/12\/07\/mondial-2022-nous-dedions-notre-qualification-a-sm-le-roi-et-au-peuple-marocain-walid-regragui\/","name":"Mondial-2022: \u201cNous d\u00e9dions notre qualification \u00e0 SM le Roi et au peuple marocain\u201d (Walid Regragui) - Dpress.ma\/fr","isPartOf":{"@id":"https:\/\/dpress.ma\/fr\/#website"},"primaryImageOfPage":{"@id":"https:\/\/dpress.ma\/fr\/2022\/12\/07\/mondial-2022-nous-dedions-notre-qualification-a-sm-le-roi-et-au-peuple-marocain-walid-regragui\/#primaryimage"},"image":{"@id":"https:\/\/dpress.ma\/fr\/2022\/12\/07\/mondial-2022-nous-dedions-notre-qualification-a-sm-le-roi-et-au-peuple-marocain-walid-regragui\/#primaryimage"},"thumbnailUrl":"https:\/\/dpress.ma\/fr\/wp-content\/uploads\/sites\/2\/2022\/12\/dimensions2-23.jpg","datePublished":"2022-12-07T11:12:33+00:00","dateModified":"2022-12-07T11:12:35+00:00","author":{"@id":"https:\/\/dpress.ma\/fr\/#\/schema\/person\/4898febf3ccd59e6578d838656a306a0"},"description":"Le s\u00e9lectionneur national, Walid Regragui, a affirm\u00e9 que les composantes de l\u2019\u00e9quipe nationale de football, qualifi\u00e9e aux quarts de finale du Mondial, d\u00e9dient cet exploit \u00e0 SM le Roi Mohammed VI et au peuple marocain.","breadcrumb":{"@id":"https:\/\/dpress.ma\/fr\/2022\/12\/07\/mondial-2022-nous-dedions-notre-qualification-a-sm-le-roi-et-au-peuple-marocain-walid-regragui\/#breadcrumb"},"inLanguage":"fr-FR","potentialAction":[{"@type":"ReadAction","target":["https:\/\/dpress.ma\/fr\/2022\/12\/07\/mondial-2022-nous-dedions-notre-qualification-a-sm-le-roi-et-au-peuple-marocain-walid-regragui\/"]}]},{"@type":"ImageObject","inLanguage":"fr-FR","@id":"https:\/\/dpress.ma\/fr\/2022\/12\/07\/mondial-2022-nous-dedions-notre-qualification-a-sm-le-roi-et-au-peuple-marocain-walid-regragui\/#primaryimage","url":"https:\/\/dpress.ma\/fr\/wp-content\/uploads\/sites\/2\/2022\/12\/dimensions2-23.jpg","contentUrl":"https:\/\/dpress.ma\/fr\/wp-content\/uploads\/sites\/2\/2022\/12\/dimensions2-23.jpg","width":2539,"height":1594},{"@type":"BreadcrumbList","@id":"https:\/\/dpress.ma\/fr\/2022\/12\/07\/mondial-2022-nous-dedions-notre-qualification-a-sm-le-roi-et-au-peuple-marocain-walid-regragui\/#breadcrumb","itemListElement":[{"@type":"ListItem","position":1,"name":"Home","item":"https:\/\/dpress.ma\/fr\/"},{"@type":"ListItem","position":2,"name":"Mondial-2022: \u201cNous d\u00e9dions notre qualification \u00e0 SM le Roi et au peuple marocain\u201d (Walid Regragui)"}]},{"@type":"WebSite","@id":"https:\/\/dpress.ma\/fr\/#website","url":"https:\/\/dpress.ma\/fr\/","name":"Dpress.ma\/fr","description":"","potentialAction":[{"@type":"SearchAction","target":{"@type":"EntryPoint","urlTemplate":"https:\/\/dpress.ma\/fr\/?s={search_term_string}"},"query-input":{"@type":"PropertyValueSpecification","valueRequired":true,"valueName":"search_term_string"}}],"inLanguage":"fr-FR"},{"@type":"Person","@id":"https:\/\/dpress.ma\/fr\/#\/schema\/person\/4898febf3ccd59e6578d838656a306a0","name":"Dpress.ma","image":{"@type":"ImageObject","inLanguage":"fr-FR","@id":"https:\/\/secure.gravatar.com\/avatar\/72ecc30e9db047a2e0e7176561eb9d564ed77c8108376495b19bd8336405198a?s=96&d=mm&r=g","url":"https:\/\/secure.gravatar.com\/avatar\/72ecc30e9db047a2e0e7176561eb9d564ed77c8108376495b19bd8336405198a?s=96&d=mm&r=g","contentUrl":"https:\/\/secure.gravatar.com\/avatar\/72ecc30e9db047a2e0e7176561eb9d564ed77c8108376495b19bd8336405198a?s=96&d=mm&r=g","caption":"Dpress.ma"},"sameAs":["https:\/\/www.dpress.ma"],"url":"https:\/\/dpress.ma\/fr\/author\/dpress-ma\/"}]}},"amp_enabled":true,"_links":{"self":[{"href":"https:\/\/dpress.ma\/fr\/wp-json\/wp\/v2\/posts\/2795","targetHints":{"allow":["GET"]}}],"collection":[{"href":"https:\/\/dpress.ma\/fr\/wp-json\/wp\/v2\/posts"}],"about":[{"href":"https:\/\/dpress.ma\/fr\/wp-json\/wp\/v2\/types\/post"}],"author":[{"embeddable":true,"href":"https:\/\/dpress.ma\/fr\/wp-json\/wp\/v2\/users\/2"}],"replies":[{"embeddable":true,"href":"https:\/\/dpress.ma\/fr\/wp-json\/wp\/v2\/comments?post=2795"}],"version-history":[{"count":1,"href":"https:\/\/dpress.ma\/fr\/wp-json\/wp\/v2\/posts\/2795\/revisions"}],"predecessor-version":[{"id":2797,"href":"https:\/\/dpress.ma\/fr\/wp-json\/wp\/v2\/posts\/2795\/revisions\/2797"}],"wp:featuredmedia":[{"embeddable":true,"href":"https:\/\/dpress.ma\/fr\/wp-json\/wp\/v2\/media\/2796"}],"wp:attachment":[{"href":"https:\/\/dpress.ma\/fr\/wp-json\/wp\/v2\/media?parent=2795"}],"wp:term":[{"taxonomy":"category","embeddable":true,"href":"https:\/\/dpress.ma\/fr\/wp-json\/wp\/v2\/categories?post=2795"},{"taxonomy":"post_tag","embeddable":true,"href":"https:\/\/dpress.ma\/fr\/wp-json\/wp\/v2\/tags?post=2795"}],"curies":[{"name":"wp","href":"https:\/\/api.w.org\/{rel}","templated":true}]}}