{"id":27942,"date":"2026-04-08T17:10:18","date_gmt":"2026-04-08T17:10:18","guid":{"rendered":"https:\/\/dpress.ma\/fr\/?p=27942"},"modified":"2026-04-08T17:10:20","modified_gmt":"2026-04-08T17:10:20","slug":"ladaptation-des-politiques-publiques-a-la-famille-contemporaine-une-condition-de-la-justice-sociale-et-de-la-preparation-de-lavenir","status":"publish","type":"post","link":"https:\/\/dpress.ma\/fr\/2026\/04\/08\/ladaptation-des-politiques-publiques-a-la-famille-contemporaine-une-condition-de-la-justice-sociale-et-de-la-preparation-de-lavenir\/","title":{"rendered":"L\u2019adaptation des politiques publiques \u00e0 la famille contemporaine, une condition de la justice sociale et de la pr\u00e9paration de l\u2019avenir"},"content":{"rendered":"\n<p>Dpress<\/p>\n\n\n\n<p>L\u2019adaptation des politiques publiques \u00e0 la famille contemporaine constitue une condition de la justice sociale, de la solidarit\u00e9 nationale et de la pr\u00e9paration de l\u2019avenir, a soulign\u00e9, mercredi \u00e0 Rabat, le Haut-Commissaire au Plan, Chakib Benmoussa.<\/p>\n\n\n\n<p>\u201cAdapter les politiques publiques \u00e0 la famille contemporaine n\u2019est pas un simple imp\u00e9ratif social ; c\u2019est une condition de la justice sociale, de la solidarit\u00e9 nationale et de la pr\u00e9paration de l\u2019avenir. Car en comprenant mieux la famille d\u2019aujourd\u2019hui, c\u2019est la soci\u00e9t\u00e9 marocaine de demain que nous pr\u00e9parons\u201d, a dit M. Benmoussa lors d\u2019une conf\u00e9rence-d\u00e9bat, organis\u00e9e par le Haut-Commissariat au Plan (HCP) pour pr\u00e9senter les r\u00e9sultats de l\u2019Enqu\u00eate Nationale sur la Famille (ENF 2025).<\/p>\n\n\n\n<p>Les r\u00e9sultats de cette enqu\u00eate, a-t-il fait savoir, mettent en \u00e9vidence une recomposition progressive des mod\u00e8les familiaux, marqu\u00e9e par la pr\u00e9dominance croissante des structures centr\u00e9es sur le noyau parental et le recul des formes de cohabitation \u00e9largie.<\/p>\n\n\n\n<p>Ces r\u00e9sultats confirment, par ailleurs, que la famille demeure au c\u0153ur de la soci\u00e9t\u00e9 marocaine, en tant qu\u2019espace de solidarit\u00e9, de protection et de transmission interg\u00e9n\u00e9rationnelle des valeurs, tout en \u00e9tant confront\u00e9e \u00e0 de nouvelles formes de vuln\u00e9rabilit\u00e9, a indiqu\u00e9 M. Benmoussa.<\/p>\n\n\n\n<p>Revenant sur quelques chiffres de ladite enqu\u00eate, le Haut-Commissaire au Plan a not\u00e9 que 73% des m\u00e9nages rel\u00e8vent du mod\u00e8le familial nucl\u00e9aire, contre moins de 61% en 1995, ce qui indique une polarisation accrue du groupe domestique autour du noyau parental.<\/p>\n\n\n\n<p>Selon lui, l\u2019augmentation des couples sans enfant vivant avec eux, de 3,4% en 1995 \u00e0 9,4% en 2025, est largement port\u00e9e par l\u2019essor des \u201cnids vides\u201d et le vieillissement.<\/p>\n\n\n\n<p>M. Benmoussa a \u00e9galement fait \u00e9tat du recul de la proximit\u00e9 r\u00e9sidentielle et de la reconfiguration des solidarit\u00e9s.&nbsp;Il a relev\u00e9 que la dynamique matrimoniale est travers\u00e9e par un recul d\u00e9clar\u00e9 du projet de mariage et par des contraintes mat\u00e9rielles marqu\u00e9es.<\/p>\n\n\n\n<p>\u201cParmi les c\u00e9libataires, pr\u00e8s de 52% ne souhaitent pas se marier, principalement les hommes. L\u2019\u00e2ge moyen au premier mariage atteint 26,3 ans pour les femmes et 33,3 ans pour les hommes. Entre 1995 et 2025, les mariages entre apparent\u00e9s ont recul\u00e9, passant de 29,3 % \u00e0 20,9 %. Le mariage dans la m\u00eame commune est en recul, signe d\u2019une plus grande mixit\u00e9 sociale et g\u00e9ographique\u201d, a pr\u00e9cis\u00e9 le Haut-Commissaire au Plan.<\/p>\n\n\n\n<p>M. Benmoussa a aussi fait savoir que l\u2019enqu\u00eate r\u00e9v\u00e8le que la famille demeure le principal cadre de vie des seniors et que la mobilit\u00e9 sociale interg\u00e9n\u00e9rationnelle demeure \u00e9lev\u00e9e, mais elle semble davantage port\u00e9e par la transformation de la structure \u00e9conomique que par l\u2019\u00e9galit\u00e9 des chances.<\/p>\n\n\n\n<p>\u201cAfin de mieux appr\u00e9hender les interactions entre transformations familiales, conditions de vie, travail et division sexu\u00e9e des activit\u00e9s domestiques et professionnelles, le HCP a veill\u00e9 \u00e0 lancer simultan\u00e9ment, en plus de l\u2019ENF, des enqu\u00eates sur le niveau de vie des m\u00e9nages, sur la main-d\u2019\u0153uvre et sur l\u2019emploi du temps. On s\u2019oriente vers une approche plus globale qui permettrait des croisements et des recoupements \u00e0 m\u00eame d\u2019aider \u00e0 une meilleure compr\u00e9hension de ph\u00e9nom\u00e8nes complexes et \u00e0 l\u2019\u00e9laboration et \u00e0 l\u2019adaptation de politiques publiques en relation avec ces sujets\u201d, a-t-il expliqu\u00e9.<\/p>\n\n\n\n<p>Le recoupement des enseignements de l\u2019ENF 2025 avec ceux de l\u2019Enqu\u00eate Nationale sur le Niveau de Vie 2025\/2026, actuellement en cours, est essentiel pour relier les transformations des structures familiales \u00e0 leurs implications concr\u00e8tes sur les conditions de vie, a fait valoir M. Benmoussa.<\/p>\n\n\n\n<p>Concernant le recoupement avec l\u2019Enqu\u00eate Nationale sur la Main-d\u2019\u0153uvre 2026, il est indispensable pour relier les transformations familiales aux conditions d\u2019emploi, a-t-il jug\u00e9, ajoutant que les r\u00e9sultats de l\u2019ENF 2025 montrent que le report du mariage, la baisse de la f\u00e9condit\u00e9, les strat\u00e9gies de cohabitation et le recours aux aides intrafamiliales sont \u00e9troitement li\u00e9s aux contraintes \u00e9conomiques.<\/p>\n\n\n\n<p>Quant au recoupement entre l\u2019ENF 2025 et l\u2019Enqu\u00eate sur l\u2019Emploi du Temps 2026, actuellement en cours de lancement sur le terrain, il permettrait de relier les transformations familiales aux usages concrets du temps au sein des m\u00e9nages, d\u2019apr\u00e8s le Haut-Commissaire au Plan.<\/p>\n\n\n\n<p>Avec un \u00e9chantillon probabiliste de 14.000 m\u00e9nages, construit sur la base des districts de recensement du RGPH 2024, l\u2019ENF 2025 s\u2019est appuy\u00e9e sur un plan de sondage destin\u00e9 \u00e0 garantir la repr\u00e9sentativit\u00e9 de l\u2019ensemble des r\u00e9gions et des cat\u00e9gories sociales du Royaume.<\/p>\n\n\n\n<p>La collecte s\u2019est d\u00e9roul\u00e9e du 5 mai au 24 septembre 2025, en mode CAPI, renfor\u00e7ant la qualit\u00e9 par l\u2019int\u00e9gration de contr\u00f4les automatiques et facilitant le suivi et la d\u00e9tection pr\u00e9coce d\u2019anomalies.<\/p>\n\n\n\n<p>Ladite enqu\u00eate a \u00e9t\u00e9 \u00e9labor\u00e9e selon un cadre conceptuel harmonis\u00e9, articulant des dimensions d\u00e9mographiques, sociales, \u00e9conomiques et culturelles. Ses modules couvrent notamment la composition des m\u00e9nages, les dynamiques conjugales, la f\u00e9condit\u00e9, les solidarit\u00e9s interg\u00e9n\u00e9rationnelles, les r\u00e9seaux familiaux, les parcours familiaux, les perceptions et valeurs autour de la famille, la mobilit\u00e9 sociale, ainsi que l\u2019usage du num\u00e9rique dans les relations familiales.<\/p>\n","protected":false},"excerpt":{"rendered":"<p>Dpress L\u2019adaptation des politiques publiques \u00e0 la famille contemporaine constitue une condition de la justice sociale, de la solidarit\u00e9 nationale et de la pr\u00e9paration de l\u2019avenir, a soulign\u00e9, mercredi \u00e0 Rabat, le Haut-Commissaire au Plan, Chakib Benmoussa. \u201cAdapter les politiques publiques \u00e0 la famille contemporaine n\u2019est pas un simple imp\u00e9ratif social ; c\u2019est une condition &hellip;<\/p>\n","protected":false},"author":2,"featured_media":27943,"comment_status":"open","ping_status":"open","sticky":false,"template":"","format":"standard","meta":{"footnotes":""},"categories":[25],"tags":[],"class_list":["post-27942","post","type-post","status-publish","format-standard","has-post-thumbnail","hentry","category-economie"],"yoast_head":"<!-- This site is optimized with the Yoast SEO plugin v27.5 - https:\/\/yoast.com\/product\/yoast-seo-wordpress\/ -->\n<title>L\u2019adaptation des politiques publiques \u00e0 la famille contemporaine, une condition de la justice sociale et de la pr\u00e9paration de l\u2019avenir - Dpress.ma\/fr<\/title>\n<meta name=\"robots\" content=\"index, follow, max-snippet:-1, max-image-preview:large, max-video-preview:-1\" \/>\n<link rel=\"canonical\" href=\"https:\/\/dpress.ma\/fr\/2026\/04\/08\/ladaptation-des-politiques-publiques-a-la-famille-contemporaine-une-condition-de-la-justice-sociale-et-de-la-preparation-de-lavenir\/\" \/>\n<meta property=\"og:locale\" content=\"fr_FR\" \/>\n<meta property=\"og:type\" content=\"article\" \/>\n<meta property=\"og:title\" content=\"L\u2019adaptation des politiques publiques \u00e0 la famille contemporaine, une condition de la justice sociale et de la pr\u00e9paration de l\u2019avenir - Dpress.ma\/fr\" \/>\n<meta property=\"og:description\" content=\"Dpress L\u2019adaptation des politiques publiques \u00e0 la famille contemporaine constitue une condition de la justice sociale, de la solidarit\u00e9 nationale et de la pr\u00e9paration de l\u2019avenir, a soulign\u00e9, mercredi \u00e0 Rabat, le Haut-Commissaire au Plan, Chakib Benmoussa. \u201cAdapter les politiques publiques \u00e0 la famille contemporaine n\u2019est pas un simple imp\u00e9ratif social ; c\u2019est une condition &hellip;\" \/>\n<meta property=\"og:url\" content=\"https:\/\/dpress.ma\/fr\/2026\/04\/08\/ladaptation-des-politiques-publiques-a-la-famille-contemporaine-une-condition-de-la-justice-sociale-et-de-la-preparation-de-lavenir\/\" \/>\n<meta property=\"og:site_name\" content=\"Dpress.ma\/fr\" \/>\n<meta property=\"article:published_time\" content=\"2026-04-08T17:10:18+00:00\" \/>\n<meta property=\"article:modified_time\" content=\"2026-04-08T17:10:20+00:00\" \/>\n<meta property=\"og:image\" content=\"https:\/\/dpress.ma\/fr\/wp-content\/uploads\/sites\/2\/2026\/04\/47-5.jpg\" \/>\n\t<meta property=\"og:image:width\" content=\"2539\" \/>\n\t<meta property=\"og:image:height\" content=\"1594\" \/>\n\t<meta property=\"og:image:type\" content=\"image\/jpeg\" \/>\n<meta name=\"author\" content=\"Dpress.ma\" \/>\n<meta name=\"twitter:card\" content=\"summary_large_image\" \/>\n<meta name=\"twitter:label1\" content=\"\u00c9crit par\" \/>\n\t<meta name=\"twitter:data1\" content=\"Dpress.ma\" \/>\n\t<meta name=\"twitter:label2\" content=\"Dur\u00e9e de lecture estim\u00e9e\" \/>\n\t<meta name=\"twitter:data2\" content=\"5 minutes\" \/>\n<script type=\"application\/ld+json\" class=\"yoast-schema-graph\">{\"@context\":\"https:\\\/\\\/schema.org\",\"@graph\":[{\"@type\":\"Article\",\"@id\":\"https:\\\/\\\/dpress.ma\\\/fr\\\/2026\\\/04\\\/08\\\/ladaptation-des-politiques-publiques-a-la-famille-contemporaine-une-condition-de-la-justice-sociale-et-de-la-preparation-de-lavenir\\\/#article\",\"isPartOf\":{\"@id\":\"https:\\\/\\\/dpress.ma\\\/fr\\\/2026\\\/04\\\/08\\\/ladaptation-des-politiques-publiques-a-la-famille-contemporaine-une-condition-de-la-justice-sociale-et-de-la-preparation-de-lavenir\\\/\"},\"author\":{\"name\":\"Dpress.ma\",\"@id\":\"https:\\\/\\\/dpress.ma\\\/fr\\\/#\\\/schema\\\/person\\\/4898febf3ccd59e6578d838656a306a0\"},\"headline\":\"L\u2019adaptation des politiques publiques \u00e0 la famille contemporaine, une condition de la justice sociale et de la pr\u00e9paration de l\u2019avenir\",\"datePublished\":\"2026-04-08T17:10:18+00:00\",\"dateModified\":\"2026-04-08T17:10:20+00:00\",\"mainEntityOfPage\":{\"@id\":\"https:\\\/\\\/dpress.ma\\\/fr\\\/2026\\\/04\\\/08\\\/ladaptation-des-politiques-publiques-a-la-famille-contemporaine-une-condition-de-la-justice-sociale-et-de-la-preparation-de-lavenir\\\/\"},\"wordCount\":894,\"commentCount\":0,\"image\":{\"@id\":\"https:\\\/\\\/dpress.ma\\\/fr\\\/2026\\\/04\\\/08\\\/ladaptation-des-politiques-publiques-a-la-famille-contemporaine-une-condition-de-la-justice-sociale-et-de-la-preparation-de-lavenir\\\/#primaryimage\"},\"thumbnailUrl\":\"https:\\\/\\\/dpress.ma\\\/fr\\\/wp-content\\\/uploads\\\/sites\\\/2\\\/2026\\\/04\\\/47-5.jpg\",\"articleSection\":[\"\u00c9conomie\"],\"inLanguage\":\"fr-FR\",\"potentialAction\":[{\"@type\":\"CommentAction\",\"name\":\"Comment\",\"target\":[\"https:\\\/\\\/dpress.ma\\\/fr\\\/2026\\\/04\\\/08\\\/ladaptation-des-politiques-publiques-a-la-famille-contemporaine-une-condition-de-la-justice-sociale-et-de-la-preparation-de-lavenir\\\/#respond\"]}]},{\"@type\":\"WebPage\",\"@id\":\"https:\\\/\\\/dpress.ma\\\/fr\\\/2026\\\/04\\\/08\\\/ladaptation-des-politiques-publiques-a-la-famille-contemporaine-une-condition-de-la-justice-sociale-et-de-la-preparation-de-lavenir\\\/\",\"url\":\"https:\\\/\\\/dpress.ma\\\/fr\\\/2026\\\/04\\\/08\\\/ladaptation-des-politiques-publiques-a-la-famille-contemporaine-une-condition-de-la-justice-sociale-et-de-la-preparation-de-lavenir\\\/\",\"name\":\"L\u2019adaptation des politiques publiques \u00e0 la famille contemporaine, une condition de la justice sociale et de la pr\u00e9paration de l\u2019avenir - Dpress.ma\\\/fr\",\"isPartOf\":{\"@id\":\"https:\\\/\\\/dpress.ma\\\/fr\\\/#website\"},\"primaryImageOfPage\":{\"@id\":\"https:\\\/\\\/dpress.ma\\\/fr\\\/2026\\\/04\\\/08\\\/ladaptation-des-politiques-publiques-a-la-famille-contemporaine-une-condition-de-la-justice-sociale-et-de-la-preparation-de-lavenir\\\/#primaryimage\"},\"image\":{\"@id\":\"https:\\\/\\\/dpress.ma\\\/fr\\\/2026\\\/04\\\/08\\\/ladaptation-des-politiques-publiques-a-la-famille-contemporaine-une-condition-de-la-justice-sociale-et-de-la-preparation-de-lavenir\\\/#primaryimage\"},\"thumbnailUrl\":\"https:\\\/\\\/dpress.ma\\\/fr\\\/wp-content\\\/uploads\\\/sites\\\/2\\\/2026\\\/04\\\/47-5.jpg\",\"datePublished\":\"2026-04-08T17:10:18+00:00\",\"dateModified\":\"2026-04-08T17:10:20+00:00\",\"author\":{\"@id\":\"https:\\\/\\\/dpress.ma\\\/fr\\\/#\\\/schema\\\/person\\\/4898febf3ccd59e6578d838656a306a0\"},\"breadcrumb\":{\"@id\":\"https:\\\/\\\/dpress.ma\\\/fr\\\/2026\\\/04\\\/08\\\/ladaptation-des-politiques-publiques-a-la-famille-contemporaine-une-condition-de-la-justice-sociale-et-de-la-preparation-de-lavenir\\\/#breadcrumb\"},\"inLanguage\":\"fr-FR\",\"potentialAction\":[{\"@type\":\"ReadAction\",\"target\":[\"https:\\\/\\\/dpress.ma\\\/fr\\\/2026\\\/04\\\/08\\\/ladaptation-des-politiques-publiques-a-la-famille-contemporaine-une-condition-de-la-justice-sociale-et-de-la-preparation-de-lavenir\\\/\"]}]},{\"@type\":\"ImageObject\",\"inLanguage\":\"fr-FR\",\"@id\":\"https:\\\/\\\/dpress.ma\\\/fr\\\/2026\\\/04\\\/08\\\/ladaptation-des-politiques-publiques-a-la-famille-contemporaine-une-condition-de-la-justice-sociale-et-de-la-preparation-de-lavenir\\\/#primaryimage\",\"url\":\"https:\\\/\\\/dpress.ma\\\/fr\\\/wp-content\\\/uploads\\\/sites\\\/2\\\/2026\\\/04\\\/47-5.jpg\",\"contentUrl\":\"https:\\\/\\\/dpress.ma\\\/fr\\\/wp-content\\\/uploads\\\/sites\\\/2\\\/2026\\\/04\\\/47-5.jpg\",\"width\":2539,\"height\":1594},{\"@type\":\"BreadcrumbList\",\"@id\":\"https:\\\/\\\/dpress.ma\\\/fr\\\/2026\\\/04\\\/08\\\/ladaptation-des-politiques-publiques-a-la-famille-contemporaine-une-condition-de-la-justice-sociale-et-de-la-preparation-de-lavenir\\\/#breadcrumb\",\"itemListElement\":[{\"@type\":\"ListItem\",\"position\":1,\"name\":\"Home\",\"item\":\"https:\\\/\\\/dpress.ma\\\/fr\\\/\"},{\"@type\":\"ListItem\",\"position\":2,\"name\":\"L\u2019adaptation des politiques publiques \u00e0 la famille contemporaine, une condition de la justice sociale et de la pr\u00e9paration de l\u2019avenir\"}]},{\"@type\":\"WebSite\",\"@id\":\"https:\\\/\\\/dpress.ma\\\/fr\\\/#website\",\"url\":\"https:\\\/\\\/dpress.ma\\\/fr\\\/\",\"name\":\"Dpress.ma\\\/fr\",\"description\":\"\",\"potentialAction\":[{\"@type\":\"SearchAction\",\"target\":{\"@type\":\"EntryPoint\",\"urlTemplate\":\"https:\\\/\\\/dpress.ma\\\/fr\\\/?s={search_term_string}\"},\"query-input\":{\"@type\":\"PropertyValueSpecification\",\"valueRequired\":true,\"valueName\":\"search_term_string\"}}],\"inLanguage\":\"fr-FR\"},{\"@type\":\"Person\",\"@id\":\"https:\\\/\\\/dpress.ma\\\/fr\\\/#\\\/schema\\\/person\\\/4898febf3ccd59e6578d838656a306a0\",\"name\":\"Dpress.ma\",\"image\":{\"@type\":\"ImageObject\",\"inLanguage\":\"fr-FR\",\"@id\":\"https:\\\/\\\/secure.gravatar.com\\\/avatar\\\/72ecc30e9db047a2e0e7176561eb9d564ed77c8108376495b19bd8336405198a?s=96&d=mm&r=g\",\"url\":\"https:\\\/\\\/secure.gravatar.com\\\/avatar\\\/72ecc30e9db047a2e0e7176561eb9d564ed77c8108376495b19bd8336405198a?s=96&d=mm&r=g\",\"contentUrl\":\"https:\\\/\\\/secure.gravatar.com\\\/avatar\\\/72ecc30e9db047a2e0e7176561eb9d564ed77c8108376495b19bd8336405198a?s=96&d=mm&r=g\",\"caption\":\"Dpress.ma\"},\"sameAs\":[\"https:\\\/\\\/www.dpress.ma\"],\"url\":\"https:\\\/\\\/dpress.ma\\\/fr\\\/author\\\/dpress-ma\\\/\"}]}<\/script>\n<!-- \/ Yoast SEO plugin. -->","yoast_head_json":{"title":"L\u2019adaptation des politiques publiques \u00e0 la famille contemporaine, une condition de la justice sociale et de la pr\u00e9paration de l\u2019avenir - Dpress.ma\/fr","robots":{"index":"index","follow":"follow","max-snippet":"max-snippet:-1","max-image-preview":"max-image-preview:large","max-video-preview":"max-video-preview:-1"},"canonical":"https:\/\/dpress.ma\/fr\/2026\/04\/08\/ladaptation-des-politiques-publiques-a-la-famille-contemporaine-une-condition-de-la-justice-sociale-et-de-la-preparation-de-lavenir\/","og_locale":"fr_FR","og_type":"article","og_title":"L\u2019adaptation des politiques publiques \u00e0 la famille contemporaine, une condition de la justice sociale et de la pr\u00e9paration de l\u2019avenir - Dpress.ma\/fr","og_description":"Dpress L\u2019adaptation des politiques publiques \u00e0 la famille contemporaine constitue une condition de la justice sociale, de la solidarit\u00e9 nationale et de la pr\u00e9paration de l\u2019avenir, a soulign\u00e9, mercredi \u00e0 Rabat, le Haut-Commissaire au Plan, Chakib Benmoussa. \u201cAdapter les politiques publiques \u00e0 la famille contemporaine n\u2019est pas un simple imp\u00e9ratif social ; c\u2019est une condition &hellip;","og_url":"https:\/\/dpress.ma\/fr\/2026\/04\/08\/ladaptation-des-politiques-publiques-a-la-famille-contemporaine-une-condition-de-la-justice-sociale-et-de-la-preparation-de-lavenir\/","og_site_name":"Dpress.ma\/fr","article_published_time":"2026-04-08T17:10:18+00:00","article_modified_time":"2026-04-08T17:10:20+00:00","og_image":[{"width":2539,"height":1594,"url":"https:\/\/dpress.ma\/fr\/wp-content\/uploads\/sites\/2\/2026\/04\/47-5.jpg","type":"image\/jpeg"}],"author":"Dpress.ma","twitter_card":"summary_large_image","twitter_misc":{"\u00c9crit par":"Dpress.ma","Dur\u00e9e de lecture estim\u00e9e":"5 minutes"},"schema":{"@context":"https:\/\/schema.org","@graph":[{"@type":"Article","@id":"https:\/\/dpress.ma\/fr\/2026\/04\/08\/ladaptation-des-politiques-publiques-a-la-famille-contemporaine-une-condition-de-la-justice-sociale-et-de-la-preparation-de-lavenir\/#article","isPartOf":{"@id":"https:\/\/dpress.ma\/fr\/2026\/04\/08\/ladaptation-des-politiques-publiques-a-la-famille-contemporaine-une-condition-de-la-justice-sociale-et-de-la-preparation-de-lavenir\/"},"author":{"name":"Dpress.ma","@id":"https:\/\/dpress.ma\/fr\/#\/schema\/person\/4898febf3ccd59e6578d838656a306a0"},"headline":"L\u2019adaptation des politiques publiques \u00e0 la famille contemporaine, une condition de la justice sociale et de la pr\u00e9paration de l\u2019avenir","datePublished":"2026-04-08T17:10:18+00:00","dateModified":"2026-04-08T17:10:20+00:00","mainEntityOfPage":{"@id":"https:\/\/dpress.ma\/fr\/2026\/04\/08\/ladaptation-des-politiques-publiques-a-la-famille-contemporaine-une-condition-de-la-justice-sociale-et-de-la-preparation-de-lavenir\/"},"wordCount":894,"commentCount":0,"image":{"@id":"https:\/\/dpress.ma\/fr\/2026\/04\/08\/ladaptation-des-politiques-publiques-a-la-famille-contemporaine-une-condition-de-la-justice-sociale-et-de-la-preparation-de-lavenir\/#primaryimage"},"thumbnailUrl":"https:\/\/dpress.ma\/fr\/wp-content\/uploads\/sites\/2\/2026\/04\/47-5.jpg","articleSection":["\u00c9conomie"],"inLanguage":"fr-FR","potentialAction":[{"@type":"CommentAction","name":"Comment","target":["https:\/\/dpress.ma\/fr\/2026\/04\/08\/ladaptation-des-politiques-publiques-a-la-famille-contemporaine-une-condition-de-la-justice-sociale-et-de-la-preparation-de-lavenir\/#respond"]}]},{"@type":"WebPage","@id":"https:\/\/dpress.ma\/fr\/2026\/04\/08\/ladaptation-des-politiques-publiques-a-la-famille-contemporaine-une-condition-de-la-justice-sociale-et-de-la-preparation-de-lavenir\/","url":"https:\/\/dpress.ma\/fr\/2026\/04\/08\/ladaptation-des-politiques-publiques-a-la-famille-contemporaine-une-condition-de-la-justice-sociale-et-de-la-preparation-de-lavenir\/","name":"L\u2019adaptation des politiques publiques \u00e0 la famille contemporaine, une condition de la justice sociale et de la pr\u00e9paration de l\u2019avenir - Dpress.ma\/fr","isPartOf":{"@id":"https:\/\/dpress.ma\/fr\/#website"},"primaryImageOfPage":{"@id":"https:\/\/dpress.ma\/fr\/2026\/04\/08\/ladaptation-des-politiques-publiques-a-la-famille-contemporaine-une-condition-de-la-justice-sociale-et-de-la-preparation-de-lavenir\/#primaryimage"},"image":{"@id":"https:\/\/dpress.ma\/fr\/2026\/04\/08\/ladaptation-des-politiques-publiques-a-la-famille-contemporaine-une-condition-de-la-justice-sociale-et-de-la-preparation-de-lavenir\/#primaryimage"},"thumbnailUrl":"https:\/\/dpress.ma\/fr\/wp-content\/uploads\/sites\/2\/2026\/04\/47-5.jpg","datePublished":"2026-04-08T17:10:18+00:00","dateModified":"2026-04-08T17:10:20+00:00","author":{"@id":"https:\/\/dpress.ma\/fr\/#\/schema\/person\/4898febf3ccd59e6578d838656a306a0"},"breadcrumb":{"@id":"https:\/\/dpress.ma\/fr\/2026\/04\/08\/ladaptation-des-politiques-publiques-a-la-famille-contemporaine-une-condition-de-la-justice-sociale-et-de-la-preparation-de-lavenir\/#breadcrumb"},"inLanguage":"fr-FR","potentialAction":[{"@type":"ReadAction","target":["https:\/\/dpress.ma\/fr\/2026\/04\/08\/ladaptation-des-politiques-publiques-a-la-famille-contemporaine-une-condition-de-la-justice-sociale-et-de-la-preparation-de-lavenir\/"]}]},{"@type":"ImageObject","inLanguage":"fr-FR","@id":"https:\/\/dpress.ma\/fr\/2026\/04\/08\/ladaptation-des-politiques-publiques-a-la-famille-contemporaine-une-condition-de-la-justice-sociale-et-de-la-preparation-de-lavenir\/#primaryimage","url":"https:\/\/dpress.ma\/fr\/wp-content\/uploads\/sites\/2\/2026\/04\/47-5.jpg","contentUrl":"https:\/\/dpress.ma\/fr\/wp-content\/uploads\/sites\/2\/2026\/04\/47-5.jpg","width":2539,"height":1594},{"@type":"BreadcrumbList","@id":"https:\/\/dpress.ma\/fr\/2026\/04\/08\/ladaptation-des-politiques-publiques-a-la-famille-contemporaine-une-condition-de-la-justice-sociale-et-de-la-preparation-de-lavenir\/#breadcrumb","itemListElement":[{"@type":"ListItem","position":1,"name":"Home","item":"https:\/\/dpress.ma\/fr\/"},{"@type":"ListItem","position":2,"name":"L\u2019adaptation des politiques publiques \u00e0 la famille contemporaine, une condition de la justice sociale et de la pr\u00e9paration de l\u2019avenir"}]},{"@type":"WebSite","@id":"https:\/\/dpress.ma\/fr\/#website","url":"https:\/\/dpress.ma\/fr\/","name":"Dpress.ma\/fr","description":"","potentialAction":[{"@type":"SearchAction","target":{"@type":"EntryPoint","urlTemplate":"https:\/\/dpress.ma\/fr\/?s={search_term_string}"},"query-input":{"@type":"PropertyValueSpecification","valueRequired":true,"valueName":"search_term_string"}}],"inLanguage":"fr-FR"},{"@type":"Person","@id":"https:\/\/dpress.ma\/fr\/#\/schema\/person\/4898febf3ccd59e6578d838656a306a0","name":"Dpress.ma","image":{"@type":"ImageObject","inLanguage":"fr-FR","@id":"https:\/\/secure.gravatar.com\/avatar\/72ecc30e9db047a2e0e7176561eb9d564ed77c8108376495b19bd8336405198a?s=96&d=mm&r=g","url":"https:\/\/secure.gravatar.com\/avatar\/72ecc30e9db047a2e0e7176561eb9d564ed77c8108376495b19bd8336405198a?s=96&d=mm&r=g","contentUrl":"https:\/\/secure.gravatar.com\/avatar\/72ecc30e9db047a2e0e7176561eb9d564ed77c8108376495b19bd8336405198a?s=96&d=mm&r=g","caption":"Dpress.ma"},"sameAs":["https:\/\/www.dpress.ma"],"url":"https:\/\/dpress.ma\/fr\/author\/dpress-ma\/"}]}},"amp_enabled":true,"_links":{"self":[{"href":"https:\/\/dpress.ma\/fr\/wp-json\/wp\/v2\/posts\/27942","targetHints":{"allow":["GET"]}}],"collection":[{"href":"https:\/\/dpress.ma\/fr\/wp-json\/wp\/v2\/posts"}],"about":[{"href":"https:\/\/dpress.ma\/fr\/wp-json\/wp\/v2\/types\/post"}],"author":[{"embeddable":true,"href":"https:\/\/dpress.ma\/fr\/wp-json\/wp\/v2\/users\/2"}],"replies":[{"embeddable":true,"href":"https:\/\/dpress.ma\/fr\/wp-json\/wp\/v2\/comments?post=27942"}],"version-history":[{"count":1,"href":"https:\/\/dpress.ma\/fr\/wp-json\/wp\/v2\/posts\/27942\/revisions"}],"predecessor-version":[{"id":27944,"href":"https:\/\/dpress.ma\/fr\/wp-json\/wp\/v2\/posts\/27942\/revisions\/27944"}],"wp:featuredmedia":[{"embeddable":true,"href":"https:\/\/dpress.ma\/fr\/wp-json\/wp\/v2\/media\/27943"}],"wp:attachment":[{"href":"https:\/\/dpress.ma\/fr\/wp-json\/wp\/v2\/media?parent=27942"}],"wp:term":[{"taxonomy":"category","embeddable":true,"href":"https:\/\/dpress.ma\/fr\/wp-json\/wp\/v2\/categories?post=27942"},{"taxonomy":"post_tag","embeddable":true,"href":"https:\/\/dpress.ma\/fr\/wp-json\/wp\/v2\/tags?post=27942"}],"curies":[{"name":"wp","href":"https:\/\/api.w.org\/{rel}","templated":true}]}}