{"id":27897,"date":"2026-04-08T16:42:57","date_gmt":"2026-04-08T16:42:57","guid":{"rendered":"https:\/\/dpress.ma\/fr\/?p=27897"},"modified":"2026-04-08T16:42:59","modified_gmt":"2026-04-08T16:42:59","slug":"le-maroc-sous-la-conduite-de-sm-le-roi-est-engage-a-consacrer-un-modele-africain-combinant-paix-et-developpement","status":"publish","type":"post","link":"https:\/\/dpress.ma\/fr\/2026\/04\/08\/le-maroc-sous-la-conduite-de-sm-le-roi-est-engage-a-consacrer-un-modele-africain-combinant-paix-et-developpement\/","title":{"rendered":"Le Maroc, sous la conduite de SM le Roi, est engag\u00e9 \u00e0 consacrer un mod\u00e8le africain combinant paix et d\u00e9veloppement"},"content":{"rendered":"\n<p>Dpress<\/p>\n\n\n\n<p>Le pr\u00e9sident de la Chambre des conseillers,&nbsp;Mohamed Ould Errachid,&nbsp;a mis en avant, mercredi \u00e0 Rabat, l\u2019engagement constant du Maroc, sous la conduite de SM le Roi Mohammed VI, pour la cons\u00e9cration d\u2019un mod\u00e8le africain combinant paix et d\u00e9veloppement.<\/p>\n\n\n\n<p>Dans une allocution \u00e0 l\u2019ouverture des travaux de la Conf\u00e9rence de l\u2019Association des S\u00e9nats d\u2019Afrique, M. Ould Errachid a fait remarquer que le Royaume a instaur\u00e9, \u00e0 la faveur de plus de 50 visites Royales aux pays africains, couronn\u00e9es par la signature de centaines de conventions strat\u00e9giques, une approche renouvel\u00e9e de la coop\u00e9ration Sud-Sud, bas\u00e9e sur l\u2019investissement productif, le transfert des expertises et la cr\u00e9ation de partenariats d\u2019\u00e9gal \u00e0 \u00e9gal.<\/p>\n\n\n\n<p>Cette rencontre, a-t-il relev\u00e9, intervient \u201c\u00e0 l\u2019heure o\u00f9 l\u2019action de notre Association va dans le sens d\u2019une plus grande r\u00e9gularit\u00e9 et d\u2019un rapprochement entre les Chambres hautes africaines\u201d, dans le prolongement naturel de l\u2019engagement du Maroc, sous le leadership de SM le Roi, \u00e0 soutenir l\u2019action africaine commune et \u00e0 promouvoir la solidarit\u00e9 et l\u2019int\u00e9gration entre les peuples du continent.<\/p>\n\n\n\n<p>M. Ould Errachid a rappel\u00e9, dans ce contexte, le contenu du message Royal adress\u00e9 aux participants \u00e0 la 5\u00e8 \u00e9dition du Forum Crans Montana de Dakhla, dans lequel le Souverain a affirm\u00e9 que \u201cL\u2019engagement du Maroc pour l\u2019Afrique et en faveur d\u2019une coop\u00e9ration Sud-Sud agissante n\u2019est pas le fruit de circonstances ni d\u2019int\u00e9r\u00eats \u00e9triqu\u00e9s. Depuis Notre intronisation, Nous n\u2019avons eu de cesse de plaider pour une solidarit\u00e9 active, fraternelle et mutuellement b\u00e9n\u00e9fique, car Nous consid\u00e9rons que l\u2019Afrique, notre Continent, est notre devoir, notre responsabilit\u00e9, notre chance\u201d.<\/p>\n\n\n\n<p>Selon le pr\u00e9sident de la Chambre des conseillers, le th\u00e8me de cette Conf\u00e9rence, qui se focalise sur la contribution des Chambres hautes parlementaires au renforcement de la d\u00e9mocratie et \u00e0 la pr\u00e9servation de la paix en Afrique, refl\u00e8te une conscience accrue de l\u2019importance des r\u00f4les jou\u00e9s par les S\u00e9nats et les Chambres hautes tant au niveau de la l\u00e9gislation et des autres fonctions parlementaires qu\u2019en mati\u00e8re de consolidation de la pratique d\u00e9mocratique et de l\u2019\u00e9difice constitutionnel.<\/p>\n\n\n\n<p>D\u2019autre part, M. Ould Errachid&nbsp;a not\u00e9 que ces Chambres b\u00e9n\u00e9ficient d\u2019une large repr\u00e9sentativit\u00e9 qui permet l\u2019int\u00e9gration des dimensions territoriale, sociale, \u00e9conomique et professionnelle dans le d\u00e9bat public, ce qui est de nature \u00e0 renforcer la stabilit\u00e9 et la coh\u00e9sion des soci\u00e9t\u00e9s.<\/p>\n\n\n\n<p>\u201cSi ces r\u00f4les conf\u00e8rent aux S\u00e9nats et aux Chambres hautes une place pr\u00e9pond\u00e9rante dans l\u2019\u00e9difice constitutionnel et institutionnel, c\u2019est parce qu\u2019ils sont, au fond, li\u00e9s \u00e0 des enjeux plus larges qui se rapportent \u00e0 la consolidation de la d\u00e9mocratie et la mise en place des conditions politiques et institutionnelles n\u00e9cessaires pour le d\u00e9veloppement et la paix\u201d, a-t-il soutenu.<\/p>\n\n\n\n<p>A cette occasion, M. Ould Errachid a exprim\u00e9 l\u2019espoir que la Conf\u00e9rence constituera une \u00e9tape importante dans le parcours de notre Association\u201d, aussi bien \u00e0 travers la D\u00e9claration de Rabat qui r\u00e9capitulera les r\u00e9sultats et les conclusions du d\u00e9bat collectif sur le r\u00f4le des Chambres hautes dans la consolidation de la d\u00e9mocratie et la pr\u00e9servation de la paix, qu\u2019\u00e0 la faveur des recommandations pratiques issues du partage des exp\u00e9riences et des bonnes pratiques en mati\u00e8re de travail parlementaire.<\/p>\n\n\n\n<p>Cet \u00e9v\u00e9nement annuel vise \u00e0 mettre en avant le r\u00f4le de l\u2019Association des S\u00e9nats d\u2019Afrique en tant que cadre institutionnel permanent de coop\u00e9ration entre les Chambres hautes africaines, fond\u00e9 sur l\u2019\u00e9change des exp\u00e9riences et des bonnes pratiques et la concertation afin de renforcer la contribution des parlements au d\u00e9veloppement durable du continent.<\/p>\n","protected":false},"excerpt":{"rendered":"<p>Dpress Le pr\u00e9sident de la Chambre des conseillers,&nbsp;Mohamed Ould Errachid,&nbsp;a mis en avant, mercredi \u00e0 Rabat, l\u2019engagement constant du Maroc, sous la conduite de SM le Roi Mohammed VI, pour la cons\u00e9cration d\u2019un mod\u00e8le africain combinant paix et d\u00e9veloppement. Dans une allocution \u00e0 l\u2019ouverture des travaux de la Conf\u00e9rence de l\u2019Association des S\u00e9nats d\u2019Afrique, M. &hellip;<\/p>\n","protected":false},"author":2,"featured_media":27898,"comment_status":"open","ping_status":"open","sticky":false,"template":"","format":"standard","meta":{"footnotes":""},"categories":[26],"tags":[],"class_list":["post-27897","post","type-post","status-publish","format-standard","has-post-thumbnail","hentry","category-politiques"],"yoast_head":"<!-- This site is optimized with the Yoast SEO plugin v27.5 - https:\/\/yoast.com\/product\/yoast-seo-wordpress\/ -->\n<title>Le Maroc, sous la conduite de SM le Roi, est engag\u00e9 \u00e0 consacrer un mod\u00e8le africain combinant paix et d\u00e9veloppement - Dpress.ma\/fr<\/title>\n<meta name=\"robots\" content=\"index, follow, max-snippet:-1, max-image-preview:large, max-video-preview:-1\" \/>\n<link rel=\"canonical\" href=\"https:\/\/dpress.ma\/fr\/2026\/04\/08\/le-maroc-sous-la-conduite-de-sm-le-roi-est-engage-a-consacrer-un-modele-africain-combinant-paix-et-developpement\/\" \/>\n<meta property=\"og:locale\" content=\"fr_FR\" \/>\n<meta property=\"og:type\" content=\"article\" \/>\n<meta property=\"og:title\" content=\"Le Maroc, sous la conduite de SM le Roi, est engag\u00e9 \u00e0 consacrer un mod\u00e8le africain combinant paix et d\u00e9veloppement - Dpress.ma\/fr\" \/>\n<meta property=\"og:description\" content=\"Dpress Le pr\u00e9sident de la Chambre des conseillers,&nbsp;Mohamed Ould Errachid,&nbsp;a mis en avant, mercredi \u00e0 Rabat, l\u2019engagement constant du Maroc, sous la conduite de SM le Roi Mohammed VI, pour la cons\u00e9cration d\u2019un mod\u00e8le africain combinant paix et d\u00e9veloppement. Dans une allocution \u00e0 l\u2019ouverture des travaux de la Conf\u00e9rence de l\u2019Association des S\u00e9nats d\u2019Afrique, M. &hellip;\" \/>\n<meta property=\"og:url\" content=\"https:\/\/dpress.ma\/fr\/2026\/04\/08\/le-maroc-sous-la-conduite-de-sm-le-roi-est-engage-a-consacrer-un-modele-africain-combinant-paix-et-developpement\/\" \/>\n<meta property=\"og:site_name\" content=\"Dpress.ma\/fr\" \/>\n<meta property=\"article:published_time\" content=\"2026-04-08T16:42:57+00:00\" \/>\n<meta property=\"article:modified_time\" content=\"2026-04-08T16:42:59+00:00\" \/>\n<meta property=\"og:image\" content=\"https:\/\/dpress.ma\/fr\/wp-content\/uploads\/sites\/2\/2026\/04\/33-2.jpg\" \/>\n\t<meta property=\"og:image:width\" content=\"2539\" \/>\n\t<meta property=\"og:image:height\" content=\"1594\" \/>\n\t<meta property=\"og:image:type\" content=\"image\/jpeg\" \/>\n<meta name=\"author\" content=\"Dpress.ma\" \/>\n<meta name=\"twitter:card\" content=\"summary_large_image\" \/>\n<meta name=\"twitter:label1\" content=\"\u00c9crit par\" \/>\n\t<meta name=\"twitter:data1\" content=\"Dpress.ma\" \/>\n\t<meta name=\"twitter:label2\" content=\"Dur\u00e9e de lecture estim\u00e9e\" \/>\n\t<meta name=\"twitter:data2\" content=\"4 minutes\" \/>\n<script type=\"application\/ld+json\" class=\"yoast-schema-graph\">{\"@context\":\"https:\\\/\\\/schema.org\",\"@graph\":[{\"@type\":\"Article\",\"@id\":\"https:\\\/\\\/dpress.ma\\\/fr\\\/2026\\\/04\\\/08\\\/le-maroc-sous-la-conduite-de-sm-le-roi-est-engage-a-consacrer-un-modele-africain-combinant-paix-et-developpement\\\/#article\",\"isPartOf\":{\"@id\":\"https:\\\/\\\/dpress.ma\\\/fr\\\/2026\\\/04\\\/08\\\/le-maroc-sous-la-conduite-de-sm-le-roi-est-engage-a-consacrer-un-modele-africain-combinant-paix-et-developpement\\\/\"},\"author\":{\"name\":\"Dpress.ma\",\"@id\":\"https:\\\/\\\/dpress.ma\\\/fr\\\/#\\\/schema\\\/person\\\/4898febf3ccd59e6578d838656a306a0\"},\"headline\":\"Le Maroc, sous la conduite de SM le Roi, est engag\u00e9 \u00e0 consacrer un mod\u00e8le africain combinant paix et d\u00e9veloppement\",\"datePublished\":\"2026-04-08T16:42:57+00:00\",\"dateModified\":\"2026-04-08T16:42:59+00:00\",\"mainEntityOfPage\":{\"@id\":\"https:\\\/\\\/dpress.ma\\\/fr\\\/2026\\\/04\\\/08\\\/le-maroc-sous-la-conduite-de-sm-le-roi-est-engage-a-consacrer-un-modele-africain-combinant-paix-et-developpement\\\/\"},\"wordCount\":671,\"commentCount\":0,\"image\":{\"@id\":\"https:\\\/\\\/dpress.ma\\\/fr\\\/2026\\\/04\\\/08\\\/le-maroc-sous-la-conduite-de-sm-le-roi-est-engage-a-consacrer-un-modele-africain-combinant-paix-et-developpement\\\/#primaryimage\"},\"thumbnailUrl\":\"https:\\\/\\\/dpress.ma\\\/fr\\\/wp-content\\\/uploads\\\/sites\\\/2\\\/2026\\\/04\\\/33-2.jpg\",\"articleSection\":[\"Politiques\"],\"inLanguage\":\"fr-FR\",\"potentialAction\":[{\"@type\":\"CommentAction\",\"name\":\"Comment\",\"target\":[\"https:\\\/\\\/dpress.ma\\\/fr\\\/2026\\\/04\\\/08\\\/le-maroc-sous-la-conduite-de-sm-le-roi-est-engage-a-consacrer-un-modele-africain-combinant-paix-et-developpement\\\/#respond\"]}]},{\"@type\":\"WebPage\",\"@id\":\"https:\\\/\\\/dpress.ma\\\/fr\\\/2026\\\/04\\\/08\\\/le-maroc-sous-la-conduite-de-sm-le-roi-est-engage-a-consacrer-un-modele-africain-combinant-paix-et-developpement\\\/\",\"url\":\"https:\\\/\\\/dpress.ma\\\/fr\\\/2026\\\/04\\\/08\\\/le-maroc-sous-la-conduite-de-sm-le-roi-est-engage-a-consacrer-un-modele-africain-combinant-paix-et-developpement\\\/\",\"name\":\"Le Maroc, sous la conduite de SM le Roi, est engag\u00e9 \u00e0 consacrer un mod\u00e8le africain combinant paix et d\u00e9veloppement - Dpress.ma\\\/fr\",\"isPartOf\":{\"@id\":\"https:\\\/\\\/dpress.ma\\\/fr\\\/#website\"},\"primaryImageOfPage\":{\"@id\":\"https:\\\/\\\/dpress.ma\\\/fr\\\/2026\\\/04\\\/08\\\/le-maroc-sous-la-conduite-de-sm-le-roi-est-engage-a-consacrer-un-modele-africain-combinant-paix-et-developpement\\\/#primaryimage\"},\"image\":{\"@id\":\"https:\\\/\\\/dpress.ma\\\/fr\\\/2026\\\/04\\\/08\\\/le-maroc-sous-la-conduite-de-sm-le-roi-est-engage-a-consacrer-un-modele-africain-combinant-paix-et-developpement\\\/#primaryimage\"},\"thumbnailUrl\":\"https:\\\/\\\/dpress.ma\\\/fr\\\/wp-content\\\/uploads\\\/sites\\\/2\\\/2026\\\/04\\\/33-2.jpg\",\"datePublished\":\"2026-04-08T16:42:57+00:00\",\"dateModified\":\"2026-04-08T16:42:59+00:00\",\"author\":{\"@id\":\"https:\\\/\\\/dpress.ma\\\/fr\\\/#\\\/schema\\\/person\\\/4898febf3ccd59e6578d838656a306a0\"},\"breadcrumb\":{\"@id\":\"https:\\\/\\\/dpress.ma\\\/fr\\\/2026\\\/04\\\/08\\\/le-maroc-sous-la-conduite-de-sm-le-roi-est-engage-a-consacrer-un-modele-africain-combinant-paix-et-developpement\\\/#breadcrumb\"},\"inLanguage\":\"fr-FR\",\"potentialAction\":[{\"@type\":\"ReadAction\",\"target\":[\"https:\\\/\\\/dpress.ma\\\/fr\\\/2026\\\/04\\\/08\\\/le-maroc-sous-la-conduite-de-sm-le-roi-est-engage-a-consacrer-un-modele-africain-combinant-paix-et-developpement\\\/\"]}]},{\"@type\":\"ImageObject\",\"inLanguage\":\"fr-FR\",\"@id\":\"https:\\\/\\\/dpress.ma\\\/fr\\\/2026\\\/04\\\/08\\\/le-maroc-sous-la-conduite-de-sm-le-roi-est-engage-a-consacrer-un-modele-africain-combinant-paix-et-developpement\\\/#primaryimage\",\"url\":\"https:\\\/\\\/dpress.ma\\\/fr\\\/wp-content\\\/uploads\\\/sites\\\/2\\\/2026\\\/04\\\/33-2.jpg\",\"contentUrl\":\"https:\\\/\\\/dpress.ma\\\/fr\\\/wp-content\\\/uploads\\\/sites\\\/2\\\/2026\\\/04\\\/33-2.jpg\",\"width\":2539,\"height\":1594},{\"@type\":\"BreadcrumbList\",\"@id\":\"https:\\\/\\\/dpress.ma\\\/fr\\\/2026\\\/04\\\/08\\\/le-maroc-sous-la-conduite-de-sm-le-roi-est-engage-a-consacrer-un-modele-africain-combinant-paix-et-developpement\\\/#breadcrumb\",\"itemListElement\":[{\"@type\":\"ListItem\",\"position\":1,\"name\":\"Home\",\"item\":\"https:\\\/\\\/dpress.ma\\\/fr\\\/\"},{\"@type\":\"ListItem\",\"position\":2,\"name\":\"Le Maroc, sous la conduite de SM le Roi, est engag\u00e9 \u00e0 consacrer un mod\u00e8le africain combinant paix et d\u00e9veloppement\"}]},{\"@type\":\"WebSite\",\"@id\":\"https:\\\/\\\/dpress.ma\\\/fr\\\/#website\",\"url\":\"https:\\\/\\\/dpress.ma\\\/fr\\\/\",\"name\":\"Dpress.ma\\\/fr\",\"description\":\"\",\"potentialAction\":[{\"@type\":\"SearchAction\",\"target\":{\"@type\":\"EntryPoint\",\"urlTemplate\":\"https:\\\/\\\/dpress.ma\\\/fr\\\/?s={search_term_string}\"},\"query-input\":{\"@type\":\"PropertyValueSpecification\",\"valueRequired\":true,\"valueName\":\"search_term_string\"}}],\"inLanguage\":\"fr-FR\"},{\"@type\":\"Person\",\"@id\":\"https:\\\/\\\/dpress.ma\\\/fr\\\/#\\\/schema\\\/person\\\/4898febf3ccd59e6578d838656a306a0\",\"name\":\"Dpress.ma\",\"image\":{\"@type\":\"ImageObject\",\"inLanguage\":\"fr-FR\",\"@id\":\"https:\\\/\\\/secure.gravatar.com\\\/avatar\\\/72ecc30e9db047a2e0e7176561eb9d564ed77c8108376495b19bd8336405198a?s=96&d=mm&r=g\",\"url\":\"https:\\\/\\\/secure.gravatar.com\\\/avatar\\\/72ecc30e9db047a2e0e7176561eb9d564ed77c8108376495b19bd8336405198a?s=96&d=mm&r=g\",\"contentUrl\":\"https:\\\/\\\/secure.gravatar.com\\\/avatar\\\/72ecc30e9db047a2e0e7176561eb9d564ed77c8108376495b19bd8336405198a?s=96&d=mm&r=g\",\"caption\":\"Dpress.ma\"},\"sameAs\":[\"https:\\\/\\\/www.dpress.ma\"],\"url\":\"https:\\\/\\\/dpress.ma\\\/fr\\\/author\\\/dpress-ma\\\/\"}]}<\/script>\n<!-- \/ Yoast SEO plugin. -->","yoast_head_json":{"title":"Le Maroc, sous la conduite de SM le Roi, est engag\u00e9 \u00e0 consacrer un mod\u00e8le africain combinant paix et d\u00e9veloppement - Dpress.ma\/fr","robots":{"index":"index","follow":"follow","max-snippet":"max-snippet:-1","max-image-preview":"max-image-preview:large","max-video-preview":"max-video-preview:-1"},"canonical":"https:\/\/dpress.ma\/fr\/2026\/04\/08\/le-maroc-sous-la-conduite-de-sm-le-roi-est-engage-a-consacrer-un-modele-africain-combinant-paix-et-developpement\/","og_locale":"fr_FR","og_type":"article","og_title":"Le Maroc, sous la conduite de SM le Roi, est engag\u00e9 \u00e0 consacrer un mod\u00e8le africain combinant paix et d\u00e9veloppement - Dpress.ma\/fr","og_description":"Dpress Le pr\u00e9sident de la Chambre des conseillers,&nbsp;Mohamed Ould Errachid,&nbsp;a mis en avant, mercredi \u00e0 Rabat, l\u2019engagement constant du Maroc, sous la conduite de SM le Roi Mohammed VI, pour la cons\u00e9cration d\u2019un mod\u00e8le africain combinant paix et d\u00e9veloppement. Dans une allocution \u00e0 l\u2019ouverture des travaux de la Conf\u00e9rence de l\u2019Association des S\u00e9nats d\u2019Afrique, M. &hellip;","og_url":"https:\/\/dpress.ma\/fr\/2026\/04\/08\/le-maroc-sous-la-conduite-de-sm-le-roi-est-engage-a-consacrer-un-modele-africain-combinant-paix-et-developpement\/","og_site_name":"Dpress.ma\/fr","article_published_time":"2026-04-08T16:42:57+00:00","article_modified_time":"2026-04-08T16:42:59+00:00","og_image":[{"width":2539,"height":1594,"url":"https:\/\/dpress.ma\/fr\/wp-content\/uploads\/sites\/2\/2026\/04\/33-2.jpg","type":"image\/jpeg"}],"author":"Dpress.ma","twitter_card":"summary_large_image","twitter_misc":{"\u00c9crit par":"Dpress.ma","Dur\u00e9e de lecture estim\u00e9e":"4 minutes"},"schema":{"@context":"https:\/\/schema.org","@graph":[{"@type":"Article","@id":"https:\/\/dpress.ma\/fr\/2026\/04\/08\/le-maroc-sous-la-conduite-de-sm-le-roi-est-engage-a-consacrer-un-modele-africain-combinant-paix-et-developpement\/#article","isPartOf":{"@id":"https:\/\/dpress.ma\/fr\/2026\/04\/08\/le-maroc-sous-la-conduite-de-sm-le-roi-est-engage-a-consacrer-un-modele-africain-combinant-paix-et-developpement\/"},"author":{"name":"Dpress.ma","@id":"https:\/\/dpress.ma\/fr\/#\/schema\/person\/4898febf3ccd59e6578d838656a306a0"},"headline":"Le Maroc, sous la conduite de SM le Roi, est engag\u00e9 \u00e0 consacrer un mod\u00e8le africain combinant paix et d\u00e9veloppement","datePublished":"2026-04-08T16:42:57+00:00","dateModified":"2026-04-08T16:42:59+00:00","mainEntityOfPage":{"@id":"https:\/\/dpress.ma\/fr\/2026\/04\/08\/le-maroc-sous-la-conduite-de-sm-le-roi-est-engage-a-consacrer-un-modele-africain-combinant-paix-et-developpement\/"},"wordCount":671,"commentCount":0,"image":{"@id":"https:\/\/dpress.ma\/fr\/2026\/04\/08\/le-maroc-sous-la-conduite-de-sm-le-roi-est-engage-a-consacrer-un-modele-africain-combinant-paix-et-developpement\/#primaryimage"},"thumbnailUrl":"https:\/\/dpress.ma\/fr\/wp-content\/uploads\/sites\/2\/2026\/04\/33-2.jpg","articleSection":["Politiques"],"inLanguage":"fr-FR","potentialAction":[{"@type":"CommentAction","name":"Comment","target":["https:\/\/dpress.ma\/fr\/2026\/04\/08\/le-maroc-sous-la-conduite-de-sm-le-roi-est-engage-a-consacrer-un-modele-africain-combinant-paix-et-developpement\/#respond"]}]},{"@type":"WebPage","@id":"https:\/\/dpress.ma\/fr\/2026\/04\/08\/le-maroc-sous-la-conduite-de-sm-le-roi-est-engage-a-consacrer-un-modele-africain-combinant-paix-et-developpement\/","url":"https:\/\/dpress.ma\/fr\/2026\/04\/08\/le-maroc-sous-la-conduite-de-sm-le-roi-est-engage-a-consacrer-un-modele-africain-combinant-paix-et-developpement\/","name":"Le Maroc, sous la conduite de SM le Roi, est engag\u00e9 \u00e0 consacrer un mod\u00e8le africain combinant paix et d\u00e9veloppement - Dpress.ma\/fr","isPartOf":{"@id":"https:\/\/dpress.ma\/fr\/#website"},"primaryImageOfPage":{"@id":"https:\/\/dpress.ma\/fr\/2026\/04\/08\/le-maroc-sous-la-conduite-de-sm-le-roi-est-engage-a-consacrer-un-modele-africain-combinant-paix-et-developpement\/#primaryimage"},"image":{"@id":"https:\/\/dpress.ma\/fr\/2026\/04\/08\/le-maroc-sous-la-conduite-de-sm-le-roi-est-engage-a-consacrer-un-modele-africain-combinant-paix-et-developpement\/#primaryimage"},"thumbnailUrl":"https:\/\/dpress.ma\/fr\/wp-content\/uploads\/sites\/2\/2026\/04\/33-2.jpg","datePublished":"2026-04-08T16:42:57+00:00","dateModified":"2026-04-08T16:42:59+00:00","author":{"@id":"https:\/\/dpress.ma\/fr\/#\/schema\/person\/4898febf3ccd59e6578d838656a306a0"},"breadcrumb":{"@id":"https:\/\/dpress.ma\/fr\/2026\/04\/08\/le-maroc-sous-la-conduite-de-sm-le-roi-est-engage-a-consacrer-un-modele-africain-combinant-paix-et-developpement\/#breadcrumb"},"inLanguage":"fr-FR","potentialAction":[{"@type":"ReadAction","target":["https:\/\/dpress.ma\/fr\/2026\/04\/08\/le-maroc-sous-la-conduite-de-sm-le-roi-est-engage-a-consacrer-un-modele-africain-combinant-paix-et-developpement\/"]}]},{"@type":"ImageObject","inLanguage":"fr-FR","@id":"https:\/\/dpress.ma\/fr\/2026\/04\/08\/le-maroc-sous-la-conduite-de-sm-le-roi-est-engage-a-consacrer-un-modele-africain-combinant-paix-et-developpement\/#primaryimage","url":"https:\/\/dpress.ma\/fr\/wp-content\/uploads\/sites\/2\/2026\/04\/33-2.jpg","contentUrl":"https:\/\/dpress.ma\/fr\/wp-content\/uploads\/sites\/2\/2026\/04\/33-2.jpg","width":2539,"height":1594},{"@type":"BreadcrumbList","@id":"https:\/\/dpress.ma\/fr\/2026\/04\/08\/le-maroc-sous-la-conduite-de-sm-le-roi-est-engage-a-consacrer-un-modele-africain-combinant-paix-et-developpement\/#breadcrumb","itemListElement":[{"@type":"ListItem","position":1,"name":"Home","item":"https:\/\/dpress.ma\/fr\/"},{"@type":"ListItem","position":2,"name":"Le Maroc, sous la conduite de SM le Roi, est engag\u00e9 \u00e0 consacrer un mod\u00e8le africain combinant paix et d\u00e9veloppement"}]},{"@type":"WebSite","@id":"https:\/\/dpress.ma\/fr\/#website","url":"https:\/\/dpress.ma\/fr\/","name":"Dpress.ma\/fr","description":"","potentialAction":[{"@type":"SearchAction","target":{"@type":"EntryPoint","urlTemplate":"https:\/\/dpress.ma\/fr\/?s={search_term_string}"},"query-input":{"@type":"PropertyValueSpecification","valueRequired":true,"valueName":"search_term_string"}}],"inLanguage":"fr-FR"},{"@type":"Person","@id":"https:\/\/dpress.ma\/fr\/#\/schema\/person\/4898febf3ccd59e6578d838656a306a0","name":"Dpress.ma","image":{"@type":"ImageObject","inLanguage":"fr-FR","@id":"https:\/\/secure.gravatar.com\/avatar\/72ecc30e9db047a2e0e7176561eb9d564ed77c8108376495b19bd8336405198a?s=96&d=mm&r=g","url":"https:\/\/secure.gravatar.com\/avatar\/72ecc30e9db047a2e0e7176561eb9d564ed77c8108376495b19bd8336405198a?s=96&d=mm&r=g","contentUrl":"https:\/\/secure.gravatar.com\/avatar\/72ecc30e9db047a2e0e7176561eb9d564ed77c8108376495b19bd8336405198a?s=96&d=mm&r=g","caption":"Dpress.ma"},"sameAs":["https:\/\/www.dpress.ma"],"url":"https:\/\/dpress.ma\/fr\/author\/dpress-ma\/"}]}},"amp_enabled":true,"_links":{"self":[{"href":"https:\/\/dpress.ma\/fr\/wp-json\/wp\/v2\/posts\/27897","targetHints":{"allow":["GET"]}}],"collection":[{"href":"https:\/\/dpress.ma\/fr\/wp-json\/wp\/v2\/posts"}],"about":[{"href":"https:\/\/dpress.ma\/fr\/wp-json\/wp\/v2\/types\/post"}],"author":[{"embeddable":true,"href":"https:\/\/dpress.ma\/fr\/wp-json\/wp\/v2\/users\/2"}],"replies":[{"embeddable":true,"href":"https:\/\/dpress.ma\/fr\/wp-json\/wp\/v2\/comments?post=27897"}],"version-history":[{"count":1,"href":"https:\/\/dpress.ma\/fr\/wp-json\/wp\/v2\/posts\/27897\/revisions"}],"predecessor-version":[{"id":27899,"href":"https:\/\/dpress.ma\/fr\/wp-json\/wp\/v2\/posts\/27897\/revisions\/27899"}],"wp:featuredmedia":[{"embeddable":true,"href":"https:\/\/dpress.ma\/fr\/wp-json\/wp\/v2\/media\/27898"}],"wp:attachment":[{"href":"https:\/\/dpress.ma\/fr\/wp-json\/wp\/v2\/media?parent=27897"}],"wp:term":[{"taxonomy":"category","embeddable":true,"href":"https:\/\/dpress.ma\/fr\/wp-json\/wp\/v2\/categories?post=27897"},{"taxonomy":"post_tag","embeddable":true,"href":"https:\/\/dpress.ma\/fr\/wp-json\/wp\/v2\/tags?post=27897"}],"curies":[{"name":"wp","href":"https:\/\/api.w.org\/{rel}","templated":true}]}}