{"id":27894,"date":"2026-04-08T16:42:04","date_gmt":"2026-04-08T16:42:04","guid":{"rendered":"https:\/\/dpress.ma\/fr\/?p=27894"},"modified":"2026-04-08T16:42:06","modified_gmt":"2026-04-08T16:42:06","slug":"rabat-ouverture-des-travaux-de-la-conference-de-lassociation-des-senats-dafrique","status":"publish","type":"post","link":"https:\/\/dpress.ma\/fr\/2026\/04\/08\/rabat-ouverture-des-travaux-de-la-conference-de-lassociation-des-senats-dafrique\/","title":{"rendered":"Rabat : Ouverture des travaux de la conf\u00e9rence de l\u2019Association des S\u00e9nats d\u2019Afrique"},"content":{"rendered":"\n<p>Dpress<\/p>\n\n\n\n<p>Les travaux de la conf\u00e9rence de l\u2019Association des S\u00e9nats d\u2019Afrique se sont ouverts, mercredi \u00e0 la Chambre des conseillers, sous le th\u00e8me \u201cLa contribution des chambres hautes des Parlements \u00e0 la consolidation de la d\u00e9mocratie et \u00e0 la pr\u00e9servation de la paix en Afrique\u201d, avec la participation des pr\u00e9sidents et repr\u00e9sentants des chambres hautes des parlements africains.<\/p>\n\n\n\n<p>Cette conf\u00e9rence, dont la s\u00e9ance d\u2019ouverture a \u00e9t\u00e9 rehauss\u00e9e par la pr\u00e9sence notamment du pr\u00e9sident de la Chambre des conseillers, Mohamed Ould Errachid, et de la pr\u00e9sidente en exercice&nbsp;de l\u2019Association des S\u00e9nats d\u2019Afrique, Kandia Kamissoko Camara,&nbsp;pr\u00e9sidente du S\u00e9nat de C\u00f4te d\u2019Ivoire,&nbsp;se propose d\u2019offrir une plateforme de dialogue et d\u2019\u00e9change de vues autour des r\u00f4les des chambres hautes dans la consolidation de l\u2019\u00e9difice d\u00e9mocratique.<\/p>\n\n\n\n<p>Elle se veut \u00e9galement une occasion d\u2019examiner les moyens pour renforcer l\u2019\u00e9quilibre institutionnel et pr\u00e9venir des crises, ainsi que d\u2019explorer les perspectives de d\u00e9veloppement de l\u2019action parlementaire africaine \u00e0 la lumi\u00e8re des mutations r\u00e9gionales et internationales acc\u00e9l\u00e9r\u00e9es.<\/p>\n\n\n\n<p>Ce rendez-vous annuel entend mettre en exergue le r\u00f4le de l\u2019Association en tant que cadre institutionnel permanent de la coop\u00e9ration entre les chambres hautes africaines, fond\u00e9 sur l\u2019\u00e9change d\u2019expertises et les bonnes pratiques, ainsi que sur le renforcement de la coordination autour des questions d\u2019int\u00e9r\u00eat commun, \u00e0 m\u00eame de renforcer la contribution des parlements au service du d\u00e9veloppement durable au continent.<\/p>\n\n\n\n<p>Il se tient dans le contexte de la dynamique que conna\u00eet le continent africain et qui exige la consolidation de la concertation et de la coordination entre les institutions repr\u00e9sentatives, afin de faire face aux d\u00e9fis communs, consolider les principes de la d\u00e9mocratie et maintenir la paix et la stabilit\u00e9.<\/p>\n\n\n\n<p>Les travaux de cette conf\u00e9rence seront sanctionn\u00e9s par des recommandations pratiques de nature \u00e0 renforcer les m\u00e9canismes de l\u2019action parlementaire commune, consolider les valeurs d\u00e9mocratiques et soutenir les efforts de paix et de d\u00e9veloppement en Afrique.<\/p>\n","protected":false},"excerpt":{"rendered":"<p>Dpress Les travaux de la conf\u00e9rence de l\u2019Association des S\u00e9nats d\u2019Afrique se sont ouverts, mercredi \u00e0 la Chambre des conseillers, sous le th\u00e8me \u201cLa contribution des chambres hautes des Parlements \u00e0 la consolidation de la d\u00e9mocratie et \u00e0 la pr\u00e9servation de la paix en Afrique\u201d, avec la participation des pr\u00e9sidents et repr\u00e9sentants des chambres hautes &hellip;<\/p>\n","protected":false},"author":2,"featured_media":27895,"comment_status":"open","ping_status":"open","sticky":false,"template":"","format":"standard","meta":{"footnotes":""},"categories":[26],"tags":[],"class_list":["post-27894","post","type-post","status-publish","format-standard","has-post-thumbnail","hentry","category-politiques"],"yoast_head":"<!-- This site is optimized with the Yoast SEO plugin v27.5 - https:\/\/yoast.com\/product\/yoast-seo-wordpress\/ -->\n<title>Rabat : Ouverture des travaux de la conf\u00e9rence de l\u2019Association des S\u00e9nats d\u2019Afrique - Dpress.ma\/fr<\/title>\n<meta name=\"robots\" content=\"index, follow, max-snippet:-1, max-image-preview:large, max-video-preview:-1\" \/>\n<link rel=\"canonical\" href=\"https:\/\/dpress.ma\/fr\/2026\/04\/08\/rabat-ouverture-des-travaux-de-la-conference-de-lassociation-des-senats-dafrique\/\" \/>\n<meta property=\"og:locale\" content=\"fr_FR\" \/>\n<meta property=\"og:type\" content=\"article\" \/>\n<meta property=\"og:title\" content=\"Rabat : Ouverture des travaux de la conf\u00e9rence de l\u2019Association des S\u00e9nats d\u2019Afrique - Dpress.ma\/fr\" \/>\n<meta property=\"og:description\" content=\"Dpress Les travaux de la conf\u00e9rence de l\u2019Association des S\u00e9nats d\u2019Afrique se sont ouverts, mercredi \u00e0 la Chambre des conseillers, sous le th\u00e8me \u201cLa contribution des chambres hautes des Parlements \u00e0 la consolidation de la d\u00e9mocratie et \u00e0 la pr\u00e9servation de la paix en Afrique\u201d, avec la participation des pr\u00e9sidents et repr\u00e9sentants des chambres hautes &hellip;\" \/>\n<meta property=\"og:url\" content=\"https:\/\/dpress.ma\/fr\/2026\/04\/08\/rabat-ouverture-des-travaux-de-la-conference-de-lassociation-des-senats-dafrique\/\" \/>\n<meta property=\"og:site_name\" content=\"Dpress.ma\/fr\" \/>\n<meta property=\"article:published_time\" content=\"2026-04-08T16:42:04+00:00\" \/>\n<meta property=\"article:modified_time\" content=\"2026-04-08T16:42:06+00:00\" \/>\n<meta property=\"og:image\" content=\"https:\/\/dpress.ma\/fr\/wp-content\/uploads\/sites\/2\/2026\/04\/32-3.jpg\" \/>\n\t<meta property=\"og:image:width\" content=\"2539\" \/>\n\t<meta property=\"og:image:height\" content=\"1594\" \/>\n\t<meta property=\"og:image:type\" content=\"image\/jpeg\" \/>\n<meta name=\"author\" content=\"Dpress.ma\" \/>\n<meta name=\"twitter:card\" content=\"summary_large_image\" \/>\n<meta name=\"twitter:label1\" content=\"\u00c9crit par\" \/>\n\t<meta name=\"twitter:data1\" content=\"Dpress.ma\" \/>\n\t<meta name=\"twitter:label2\" content=\"Dur\u00e9e de lecture estim\u00e9e\" \/>\n\t<meta name=\"twitter:data2\" content=\"2 minutes\" \/>\n<script type=\"application\/ld+json\" class=\"yoast-schema-graph\">{\"@context\":\"https:\\\/\\\/schema.org\",\"@graph\":[{\"@type\":\"Article\",\"@id\":\"https:\\\/\\\/dpress.ma\\\/fr\\\/2026\\\/04\\\/08\\\/rabat-ouverture-des-travaux-de-la-conference-de-lassociation-des-senats-dafrique\\\/#article\",\"isPartOf\":{\"@id\":\"https:\\\/\\\/dpress.ma\\\/fr\\\/2026\\\/04\\\/08\\\/rabat-ouverture-des-travaux-de-la-conference-de-lassociation-des-senats-dafrique\\\/\"},\"author\":{\"name\":\"Dpress.ma\",\"@id\":\"https:\\\/\\\/dpress.ma\\\/fr\\\/#\\\/schema\\\/person\\\/4898febf3ccd59e6578d838656a306a0\"},\"headline\":\"Rabat : Ouverture des travaux de la conf\u00e9rence de l\u2019Association des S\u00e9nats d\u2019Afrique\",\"datePublished\":\"2026-04-08T16:42:04+00:00\",\"dateModified\":\"2026-04-08T16:42:06+00:00\",\"mainEntityOfPage\":{\"@id\":\"https:\\\/\\\/dpress.ma\\\/fr\\\/2026\\\/04\\\/08\\\/rabat-ouverture-des-travaux-de-la-conference-de-lassociation-des-senats-dafrique\\\/\"},\"wordCount\":380,\"commentCount\":0,\"image\":{\"@id\":\"https:\\\/\\\/dpress.ma\\\/fr\\\/2026\\\/04\\\/08\\\/rabat-ouverture-des-travaux-de-la-conference-de-lassociation-des-senats-dafrique\\\/#primaryimage\"},\"thumbnailUrl\":\"https:\\\/\\\/dpress.ma\\\/fr\\\/wp-content\\\/uploads\\\/sites\\\/2\\\/2026\\\/04\\\/32-3.jpg\",\"articleSection\":[\"Politiques\"],\"inLanguage\":\"fr-FR\",\"potentialAction\":[{\"@type\":\"CommentAction\",\"name\":\"Comment\",\"target\":[\"https:\\\/\\\/dpress.ma\\\/fr\\\/2026\\\/04\\\/08\\\/rabat-ouverture-des-travaux-de-la-conference-de-lassociation-des-senats-dafrique\\\/#respond\"]}]},{\"@type\":\"WebPage\",\"@id\":\"https:\\\/\\\/dpress.ma\\\/fr\\\/2026\\\/04\\\/08\\\/rabat-ouverture-des-travaux-de-la-conference-de-lassociation-des-senats-dafrique\\\/\",\"url\":\"https:\\\/\\\/dpress.ma\\\/fr\\\/2026\\\/04\\\/08\\\/rabat-ouverture-des-travaux-de-la-conference-de-lassociation-des-senats-dafrique\\\/\",\"name\":\"Rabat : Ouverture des travaux de la conf\u00e9rence de l\u2019Association des S\u00e9nats d\u2019Afrique - Dpress.ma\\\/fr\",\"isPartOf\":{\"@id\":\"https:\\\/\\\/dpress.ma\\\/fr\\\/#website\"},\"primaryImageOfPage\":{\"@id\":\"https:\\\/\\\/dpress.ma\\\/fr\\\/2026\\\/04\\\/08\\\/rabat-ouverture-des-travaux-de-la-conference-de-lassociation-des-senats-dafrique\\\/#primaryimage\"},\"image\":{\"@id\":\"https:\\\/\\\/dpress.ma\\\/fr\\\/2026\\\/04\\\/08\\\/rabat-ouverture-des-travaux-de-la-conference-de-lassociation-des-senats-dafrique\\\/#primaryimage\"},\"thumbnailUrl\":\"https:\\\/\\\/dpress.ma\\\/fr\\\/wp-content\\\/uploads\\\/sites\\\/2\\\/2026\\\/04\\\/32-3.jpg\",\"datePublished\":\"2026-04-08T16:42:04+00:00\",\"dateModified\":\"2026-04-08T16:42:06+00:00\",\"author\":{\"@id\":\"https:\\\/\\\/dpress.ma\\\/fr\\\/#\\\/schema\\\/person\\\/4898febf3ccd59e6578d838656a306a0\"},\"breadcrumb\":{\"@id\":\"https:\\\/\\\/dpress.ma\\\/fr\\\/2026\\\/04\\\/08\\\/rabat-ouverture-des-travaux-de-la-conference-de-lassociation-des-senats-dafrique\\\/#breadcrumb\"},\"inLanguage\":\"fr-FR\",\"potentialAction\":[{\"@type\":\"ReadAction\",\"target\":[\"https:\\\/\\\/dpress.ma\\\/fr\\\/2026\\\/04\\\/08\\\/rabat-ouverture-des-travaux-de-la-conference-de-lassociation-des-senats-dafrique\\\/\"]}]},{\"@type\":\"ImageObject\",\"inLanguage\":\"fr-FR\",\"@id\":\"https:\\\/\\\/dpress.ma\\\/fr\\\/2026\\\/04\\\/08\\\/rabat-ouverture-des-travaux-de-la-conference-de-lassociation-des-senats-dafrique\\\/#primaryimage\",\"url\":\"https:\\\/\\\/dpress.ma\\\/fr\\\/wp-content\\\/uploads\\\/sites\\\/2\\\/2026\\\/04\\\/32-3.jpg\",\"contentUrl\":\"https:\\\/\\\/dpress.ma\\\/fr\\\/wp-content\\\/uploads\\\/sites\\\/2\\\/2026\\\/04\\\/32-3.jpg\",\"width\":2539,\"height\":1594},{\"@type\":\"BreadcrumbList\",\"@id\":\"https:\\\/\\\/dpress.ma\\\/fr\\\/2026\\\/04\\\/08\\\/rabat-ouverture-des-travaux-de-la-conference-de-lassociation-des-senats-dafrique\\\/#breadcrumb\",\"itemListElement\":[{\"@type\":\"ListItem\",\"position\":1,\"name\":\"Home\",\"item\":\"https:\\\/\\\/dpress.ma\\\/fr\\\/\"},{\"@type\":\"ListItem\",\"position\":2,\"name\":\"Rabat : Ouverture des travaux de la conf\u00e9rence de l\u2019Association des S\u00e9nats d\u2019Afrique\"}]},{\"@type\":\"WebSite\",\"@id\":\"https:\\\/\\\/dpress.ma\\\/fr\\\/#website\",\"url\":\"https:\\\/\\\/dpress.ma\\\/fr\\\/\",\"name\":\"Dpress.ma\\\/fr\",\"description\":\"\",\"potentialAction\":[{\"@type\":\"SearchAction\",\"target\":{\"@type\":\"EntryPoint\",\"urlTemplate\":\"https:\\\/\\\/dpress.ma\\\/fr\\\/?s={search_term_string}\"},\"query-input\":{\"@type\":\"PropertyValueSpecification\",\"valueRequired\":true,\"valueName\":\"search_term_string\"}}],\"inLanguage\":\"fr-FR\"},{\"@type\":\"Person\",\"@id\":\"https:\\\/\\\/dpress.ma\\\/fr\\\/#\\\/schema\\\/person\\\/4898febf3ccd59e6578d838656a306a0\",\"name\":\"Dpress.ma\",\"image\":{\"@type\":\"ImageObject\",\"inLanguage\":\"fr-FR\",\"@id\":\"https:\\\/\\\/secure.gravatar.com\\\/avatar\\\/72ecc30e9db047a2e0e7176561eb9d564ed77c8108376495b19bd8336405198a?s=96&d=mm&r=g\",\"url\":\"https:\\\/\\\/secure.gravatar.com\\\/avatar\\\/72ecc30e9db047a2e0e7176561eb9d564ed77c8108376495b19bd8336405198a?s=96&d=mm&r=g\",\"contentUrl\":\"https:\\\/\\\/secure.gravatar.com\\\/avatar\\\/72ecc30e9db047a2e0e7176561eb9d564ed77c8108376495b19bd8336405198a?s=96&d=mm&r=g\",\"caption\":\"Dpress.ma\"},\"sameAs\":[\"https:\\\/\\\/www.dpress.ma\"],\"url\":\"https:\\\/\\\/dpress.ma\\\/fr\\\/author\\\/dpress-ma\\\/\"}]}<\/script>\n<!-- \/ Yoast SEO plugin. -->","yoast_head_json":{"title":"Rabat : Ouverture des travaux de la conf\u00e9rence de l\u2019Association des S\u00e9nats d\u2019Afrique - Dpress.ma\/fr","robots":{"index":"index","follow":"follow","max-snippet":"max-snippet:-1","max-image-preview":"max-image-preview:large","max-video-preview":"max-video-preview:-1"},"canonical":"https:\/\/dpress.ma\/fr\/2026\/04\/08\/rabat-ouverture-des-travaux-de-la-conference-de-lassociation-des-senats-dafrique\/","og_locale":"fr_FR","og_type":"article","og_title":"Rabat : Ouverture des travaux de la conf\u00e9rence de l\u2019Association des S\u00e9nats d\u2019Afrique - Dpress.ma\/fr","og_description":"Dpress Les travaux de la conf\u00e9rence de l\u2019Association des S\u00e9nats d\u2019Afrique se sont ouverts, mercredi \u00e0 la Chambre des conseillers, sous le th\u00e8me \u201cLa contribution des chambres hautes des Parlements \u00e0 la consolidation de la d\u00e9mocratie et \u00e0 la pr\u00e9servation de la paix en Afrique\u201d, avec la participation des pr\u00e9sidents et repr\u00e9sentants des chambres hautes &hellip;","og_url":"https:\/\/dpress.ma\/fr\/2026\/04\/08\/rabat-ouverture-des-travaux-de-la-conference-de-lassociation-des-senats-dafrique\/","og_site_name":"Dpress.ma\/fr","article_published_time":"2026-04-08T16:42:04+00:00","article_modified_time":"2026-04-08T16:42:06+00:00","og_image":[{"width":2539,"height":1594,"url":"https:\/\/dpress.ma\/fr\/wp-content\/uploads\/sites\/2\/2026\/04\/32-3.jpg","type":"image\/jpeg"}],"author":"Dpress.ma","twitter_card":"summary_large_image","twitter_misc":{"\u00c9crit par":"Dpress.ma","Dur\u00e9e de lecture estim\u00e9e":"2 minutes"},"schema":{"@context":"https:\/\/schema.org","@graph":[{"@type":"Article","@id":"https:\/\/dpress.ma\/fr\/2026\/04\/08\/rabat-ouverture-des-travaux-de-la-conference-de-lassociation-des-senats-dafrique\/#article","isPartOf":{"@id":"https:\/\/dpress.ma\/fr\/2026\/04\/08\/rabat-ouverture-des-travaux-de-la-conference-de-lassociation-des-senats-dafrique\/"},"author":{"name":"Dpress.ma","@id":"https:\/\/dpress.ma\/fr\/#\/schema\/person\/4898febf3ccd59e6578d838656a306a0"},"headline":"Rabat : Ouverture des travaux de la conf\u00e9rence de l\u2019Association des S\u00e9nats d\u2019Afrique","datePublished":"2026-04-08T16:42:04+00:00","dateModified":"2026-04-08T16:42:06+00:00","mainEntityOfPage":{"@id":"https:\/\/dpress.ma\/fr\/2026\/04\/08\/rabat-ouverture-des-travaux-de-la-conference-de-lassociation-des-senats-dafrique\/"},"wordCount":380,"commentCount":0,"image":{"@id":"https:\/\/dpress.ma\/fr\/2026\/04\/08\/rabat-ouverture-des-travaux-de-la-conference-de-lassociation-des-senats-dafrique\/#primaryimage"},"thumbnailUrl":"https:\/\/dpress.ma\/fr\/wp-content\/uploads\/sites\/2\/2026\/04\/32-3.jpg","articleSection":["Politiques"],"inLanguage":"fr-FR","potentialAction":[{"@type":"CommentAction","name":"Comment","target":["https:\/\/dpress.ma\/fr\/2026\/04\/08\/rabat-ouverture-des-travaux-de-la-conference-de-lassociation-des-senats-dafrique\/#respond"]}]},{"@type":"WebPage","@id":"https:\/\/dpress.ma\/fr\/2026\/04\/08\/rabat-ouverture-des-travaux-de-la-conference-de-lassociation-des-senats-dafrique\/","url":"https:\/\/dpress.ma\/fr\/2026\/04\/08\/rabat-ouverture-des-travaux-de-la-conference-de-lassociation-des-senats-dafrique\/","name":"Rabat : Ouverture des travaux de la conf\u00e9rence de l\u2019Association des S\u00e9nats d\u2019Afrique - Dpress.ma\/fr","isPartOf":{"@id":"https:\/\/dpress.ma\/fr\/#website"},"primaryImageOfPage":{"@id":"https:\/\/dpress.ma\/fr\/2026\/04\/08\/rabat-ouverture-des-travaux-de-la-conference-de-lassociation-des-senats-dafrique\/#primaryimage"},"image":{"@id":"https:\/\/dpress.ma\/fr\/2026\/04\/08\/rabat-ouverture-des-travaux-de-la-conference-de-lassociation-des-senats-dafrique\/#primaryimage"},"thumbnailUrl":"https:\/\/dpress.ma\/fr\/wp-content\/uploads\/sites\/2\/2026\/04\/32-3.jpg","datePublished":"2026-04-08T16:42:04+00:00","dateModified":"2026-04-08T16:42:06+00:00","author":{"@id":"https:\/\/dpress.ma\/fr\/#\/schema\/person\/4898febf3ccd59e6578d838656a306a0"},"breadcrumb":{"@id":"https:\/\/dpress.ma\/fr\/2026\/04\/08\/rabat-ouverture-des-travaux-de-la-conference-de-lassociation-des-senats-dafrique\/#breadcrumb"},"inLanguage":"fr-FR","potentialAction":[{"@type":"ReadAction","target":["https:\/\/dpress.ma\/fr\/2026\/04\/08\/rabat-ouverture-des-travaux-de-la-conference-de-lassociation-des-senats-dafrique\/"]}]},{"@type":"ImageObject","inLanguage":"fr-FR","@id":"https:\/\/dpress.ma\/fr\/2026\/04\/08\/rabat-ouverture-des-travaux-de-la-conference-de-lassociation-des-senats-dafrique\/#primaryimage","url":"https:\/\/dpress.ma\/fr\/wp-content\/uploads\/sites\/2\/2026\/04\/32-3.jpg","contentUrl":"https:\/\/dpress.ma\/fr\/wp-content\/uploads\/sites\/2\/2026\/04\/32-3.jpg","width":2539,"height":1594},{"@type":"BreadcrumbList","@id":"https:\/\/dpress.ma\/fr\/2026\/04\/08\/rabat-ouverture-des-travaux-de-la-conference-de-lassociation-des-senats-dafrique\/#breadcrumb","itemListElement":[{"@type":"ListItem","position":1,"name":"Home","item":"https:\/\/dpress.ma\/fr\/"},{"@type":"ListItem","position":2,"name":"Rabat : Ouverture des travaux de la conf\u00e9rence de l\u2019Association des S\u00e9nats d\u2019Afrique"}]},{"@type":"WebSite","@id":"https:\/\/dpress.ma\/fr\/#website","url":"https:\/\/dpress.ma\/fr\/","name":"Dpress.ma\/fr","description":"","potentialAction":[{"@type":"SearchAction","target":{"@type":"EntryPoint","urlTemplate":"https:\/\/dpress.ma\/fr\/?s={search_term_string}"},"query-input":{"@type":"PropertyValueSpecification","valueRequired":true,"valueName":"search_term_string"}}],"inLanguage":"fr-FR"},{"@type":"Person","@id":"https:\/\/dpress.ma\/fr\/#\/schema\/person\/4898febf3ccd59e6578d838656a306a0","name":"Dpress.ma","image":{"@type":"ImageObject","inLanguage":"fr-FR","@id":"https:\/\/secure.gravatar.com\/avatar\/72ecc30e9db047a2e0e7176561eb9d564ed77c8108376495b19bd8336405198a?s=96&d=mm&r=g","url":"https:\/\/secure.gravatar.com\/avatar\/72ecc30e9db047a2e0e7176561eb9d564ed77c8108376495b19bd8336405198a?s=96&d=mm&r=g","contentUrl":"https:\/\/secure.gravatar.com\/avatar\/72ecc30e9db047a2e0e7176561eb9d564ed77c8108376495b19bd8336405198a?s=96&d=mm&r=g","caption":"Dpress.ma"},"sameAs":["https:\/\/www.dpress.ma"],"url":"https:\/\/dpress.ma\/fr\/author\/dpress-ma\/"}]}},"amp_enabled":true,"_links":{"self":[{"href":"https:\/\/dpress.ma\/fr\/wp-json\/wp\/v2\/posts\/27894","targetHints":{"allow":["GET"]}}],"collection":[{"href":"https:\/\/dpress.ma\/fr\/wp-json\/wp\/v2\/posts"}],"about":[{"href":"https:\/\/dpress.ma\/fr\/wp-json\/wp\/v2\/types\/post"}],"author":[{"embeddable":true,"href":"https:\/\/dpress.ma\/fr\/wp-json\/wp\/v2\/users\/2"}],"replies":[{"embeddable":true,"href":"https:\/\/dpress.ma\/fr\/wp-json\/wp\/v2\/comments?post=27894"}],"version-history":[{"count":1,"href":"https:\/\/dpress.ma\/fr\/wp-json\/wp\/v2\/posts\/27894\/revisions"}],"predecessor-version":[{"id":27896,"href":"https:\/\/dpress.ma\/fr\/wp-json\/wp\/v2\/posts\/27894\/revisions\/27896"}],"wp:featuredmedia":[{"embeddable":true,"href":"https:\/\/dpress.ma\/fr\/wp-json\/wp\/v2\/media\/27895"}],"wp:attachment":[{"href":"https:\/\/dpress.ma\/fr\/wp-json\/wp\/v2\/media?parent=27894"}],"wp:term":[{"taxonomy":"category","embeddable":true,"href":"https:\/\/dpress.ma\/fr\/wp-json\/wp\/v2\/categories?post=27894"},{"taxonomy":"post_tag","embeddable":true,"href":"https:\/\/dpress.ma\/fr\/wp-json\/wp\/v2\/tags?post=27894"}],"curies":[{"name":"wp","href":"https:\/\/api.w.org\/{rel}","templated":true}]}}