{"id":27879,"date":"2026-04-08T11:11:40","date_gmt":"2026-04-08T11:11:40","guid":{"rendered":"https:\/\/dpress.ma\/fr\/?p=27879"},"modified":"2026-04-08T11:11:42","modified_gmt":"2026-04-08T11:11:42","slug":"lue-salue-laccord-de-cessez-le-feu-entre-washington-et-teheran","status":"publish","type":"post","link":"https:\/\/dpress.ma\/fr\/2026\/04\/08\/lue-salue-laccord-de-cessez-le-feu-entre-washington-et-teheran\/","title":{"rendered":"L\u2019UE salue l\u2019accord de cessez-le-feu entre Washington et T\u00e9h\u00e9ran"},"content":{"rendered":"\n<p>Dpress<\/p>\n\n\n\n<p>L\u2019Union europ\u00e9enne a salu\u00e9 mercredi l\u2019accord de cessez-le-feu conclu entre les Etats-Unis et l\u2019Iran, le qualifiant de \u201cd\u00e9sescalade bienvenue et n\u00e9cessaire\u201d.<\/p>\n\n\n\n<p>\u201cJe salue le cessez-le-feu de deux semaines conclu la nuit derni\u00e8re entre les Etats-Unis et l\u2019Iran\u201d, a d\u00e9clar\u00e9 la pr\u00e9sidente de la Commission europ\u00e9enne, Ursula von der Leyen, dans un message publi\u00e9 sur le r\u00e9seau social X. Elle a \u00e9galement remerci\u00e9 le Pakistan pour son r\u00f4le de m\u00e9diation.<\/p>\n\n\n\n<p>La responsable europ\u00e9enne a insist\u00e9 sur la n\u00e9cessit\u00e9 de poursuivre les n\u00e9gociations \u201cen vue d\u2019une solution durable\u201d au conflit, soulignant que l\u2019UE continuera de se coordonner avec ses partenaires en ce sens.<\/p>\n\n\n\n<p>Washington et T\u00e9h\u00e9ran se sont mis d\u2019accord pour un cessez-le-feu en \u00e9change d\u2019une r\u00e9ouverture du d\u00e9troit d\u2019Ormuz, un peu plus d\u2019une heure avant l\u2019expiration de l\u2019ultimatum du pr\u00e9sident am\u00e9ricain, Donald Trump, qui mena\u00e7ait de frapper l\u2019Iran.<\/p>\n\n\n\n<p>Dans un message publi\u00e9 sur Truth Social, le pr\u00e9sident Trump a indiqu\u00e9 avoir accept\u00e9 de \u201csuspendre les bombardements et les attaques contre l\u2019Iran pour une p\u00e9riode de deux semaines\u201d, sous r\u00e9serve que T\u00e9h\u00e9ran garantisse une ouverture \u201ctotale, imm\u00e9diate et s\u00e9curis\u00e9e\u201d du d\u00e9troit strat\u00e9gique.<\/p>\n\n\n\n<p>Cette d\u00e9cision fait suite \u00e0 des \u00e9changes avec le Premier ministre pakistanais, Shehbaz Sharif, et le chef de l\u2019arm\u00e9e, Asim Munir, qui ont demand\u00e9 \u00e0 M. Trump de suspendre l\u2019intervention militaire pr\u00e9vue contre l\u2019Iran, selon le locataire de la Maison Blanche.<\/p>\n","protected":false},"excerpt":{"rendered":"<p>Dpress L\u2019Union europ\u00e9enne a salu\u00e9 mercredi l\u2019accord de cessez-le-feu conclu entre les Etats-Unis et l\u2019Iran, le qualifiant de \u201cd\u00e9sescalade bienvenue et n\u00e9cessaire\u201d. \u201cJe salue le cessez-le-feu de deux semaines conclu la nuit derni\u00e8re entre les Etats-Unis et l\u2019Iran\u201d, a d\u00e9clar\u00e9 la pr\u00e9sidente de la Commission europ\u00e9enne, Ursula von der Leyen, dans un message publi\u00e9 sur &hellip;<\/p>\n","protected":false},"author":2,"featured_media":27880,"comment_status":"open","ping_status":"open","sticky":false,"template":"","format":"standard","meta":{"footnotes":""},"categories":[42],"tags":[],"class_list":["post-27879","post","type-post","status-publish","format-standard","has-post-thumbnail","hentry","category-monde"],"yoast_head":"<!-- This site is optimized with the Yoast SEO plugin v27.5 - https:\/\/yoast.com\/product\/yoast-seo-wordpress\/ -->\n<title>L\u2019UE salue l\u2019accord de cessez-le-feu entre Washington et T\u00e9h\u00e9ran - Dpress.ma\/fr<\/title>\n<meta name=\"robots\" content=\"index, follow, max-snippet:-1, max-image-preview:large, max-video-preview:-1\" \/>\n<link rel=\"canonical\" href=\"https:\/\/dpress.ma\/fr\/2026\/04\/08\/lue-salue-laccord-de-cessez-le-feu-entre-washington-et-teheran\/\" \/>\n<meta property=\"og:locale\" content=\"fr_FR\" \/>\n<meta property=\"og:type\" content=\"article\" \/>\n<meta property=\"og:title\" content=\"L\u2019UE salue l\u2019accord de cessez-le-feu entre Washington et T\u00e9h\u00e9ran - Dpress.ma\/fr\" \/>\n<meta property=\"og:description\" content=\"Dpress L\u2019Union europ\u00e9enne a salu\u00e9 mercredi l\u2019accord de cessez-le-feu conclu entre les Etats-Unis et l\u2019Iran, le qualifiant de \u201cd\u00e9sescalade bienvenue et n\u00e9cessaire\u201d. \u201cJe salue le cessez-le-feu de deux semaines conclu la nuit derni\u00e8re entre les Etats-Unis et l\u2019Iran\u201d, a d\u00e9clar\u00e9 la pr\u00e9sidente de la Commission europ\u00e9enne, Ursula von der Leyen, dans un message publi\u00e9 sur &hellip;\" \/>\n<meta property=\"og:url\" content=\"https:\/\/dpress.ma\/fr\/2026\/04\/08\/lue-salue-laccord-de-cessez-le-feu-entre-washington-et-teheran\/\" \/>\n<meta property=\"og:site_name\" content=\"Dpress.ma\/fr\" \/>\n<meta property=\"article:published_time\" content=\"2026-04-08T11:11:40+00:00\" \/>\n<meta property=\"article:modified_time\" content=\"2026-04-08T11:11:42+00:00\" \/>\n<meta property=\"og:image\" content=\"https:\/\/dpress.ma\/fr\/wp-content\/uploads\/sites\/2\/2026\/04\/55-2.jpg\" \/>\n\t<meta property=\"og:image:width\" content=\"2539\" \/>\n\t<meta property=\"og:image:height\" content=\"1594\" \/>\n\t<meta property=\"og:image:type\" content=\"image\/jpeg\" \/>\n<meta name=\"author\" content=\"Dpress.ma\" \/>\n<meta name=\"twitter:card\" content=\"summary_large_image\" \/>\n<meta name=\"twitter:label1\" content=\"\u00c9crit par\" \/>\n\t<meta name=\"twitter:data1\" content=\"Dpress.ma\" \/>\n\t<meta name=\"twitter:label2\" content=\"Dur\u00e9e de lecture estim\u00e9e\" \/>\n\t<meta name=\"twitter:data2\" content=\"2 minutes\" \/>\n<script type=\"application\/ld+json\" class=\"yoast-schema-graph\">{\"@context\":\"https:\\\/\\\/schema.org\",\"@graph\":[{\"@type\":\"Article\",\"@id\":\"https:\\\/\\\/dpress.ma\\\/fr\\\/2026\\\/04\\\/08\\\/lue-salue-laccord-de-cessez-le-feu-entre-washington-et-teheran\\\/#article\",\"isPartOf\":{\"@id\":\"https:\\\/\\\/dpress.ma\\\/fr\\\/2026\\\/04\\\/08\\\/lue-salue-laccord-de-cessez-le-feu-entre-washington-et-teheran\\\/\"},\"author\":{\"name\":\"Dpress.ma\",\"@id\":\"https:\\\/\\\/dpress.ma\\\/fr\\\/#\\\/schema\\\/person\\\/4898febf3ccd59e6578d838656a306a0\"},\"headline\":\"L\u2019UE salue l\u2019accord de cessez-le-feu entre Washington et T\u00e9h\u00e9ran\",\"datePublished\":\"2026-04-08T11:11:40+00:00\",\"dateModified\":\"2026-04-08T11:11:42+00:00\",\"mainEntityOfPage\":{\"@id\":\"https:\\\/\\\/dpress.ma\\\/fr\\\/2026\\\/04\\\/08\\\/lue-salue-laccord-de-cessez-le-feu-entre-washington-et-teheran\\\/\"},\"wordCount\":283,\"commentCount\":0,\"image\":{\"@id\":\"https:\\\/\\\/dpress.ma\\\/fr\\\/2026\\\/04\\\/08\\\/lue-salue-laccord-de-cessez-le-feu-entre-washington-et-teheran\\\/#primaryimage\"},\"thumbnailUrl\":\"https:\\\/\\\/dpress.ma\\\/fr\\\/wp-content\\\/uploads\\\/sites\\\/2\\\/2026\\\/04\\\/55-2.jpg\",\"articleSection\":[\"monde\"],\"inLanguage\":\"fr-FR\",\"potentialAction\":[{\"@type\":\"CommentAction\",\"name\":\"Comment\",\"target\":[\"https:\\\/\\\/dpress.ma\\\/fr\\\/2026\\\/04\\\/08\\\/lue-salue-laccord-de-cessez-le-feu-entre-washington-et-teheran\\\/#respond\"]}]},{\"@type\":\"WebPage\",\"@id\":\"https:\\\/\\\/dpress.ma\\\/fr\\\/2026\\\/04\\\/08\\\/lue-salue-laccord-de-cessez-le-feu-entre-washington-et-teheran\\\/\",\"url\":\"https:\\\/\\\/dpress.ma\\\/fr\\\/2026\\\/04\\\/08\\\/lue-salue-laccord-de-cessez-le-feu-entre-washington-et-teheran\\\/\",\"name\":\"L\u2019UE salue l\u2019accord de cessez-le-feu entre Washington et T\u00e9h\u00e9ran - Dpress.ma\\\/fr\",\"isPartOf\":{\"@id\":\"https:\\\/\\\/dpress.ma\\\/fr\\\/#website\"},\"primaryImageOfPage\":{\"@id\":\"https:\\\/\\\/dpress.ma\\\/fr\\\/2026\\\/04\\\/08\\\/lue-salue-laccord-de-cessez-le-feu-entre-washington-et-teheran\\\/#primaryimage\"},\"image\":{\"@id\":\"https:\\\/\\\/dpress.ma\\\/fr\\\/2026\\\/04\\\/08\\\/lue-salue-laccord-de-cessez-le-feu-entre-washington-et-teheran\\\/#primaryimage\"},\"thumbnailUrl\":\"https:\\\/\\\/dpress.ma\\\/fr\\\/wp-content\\\/uploads\\\/sites\\\/2\\\/2026\\\/04\\\/55-2.jpg\",\"datePublished\":\"2026-04-08T11:11:40+00:00\",\"dateModified\":\"2026-04-08T11:11:42+00:00\",\"author\":{\"@id\":\"https:\\\/\\\/dpress.ma\\\/fr\\\/#\\\/schema\\\/person\\\/4898febf3ccd59e6578d838656a306a0\"},\"breadcrumb\":{\"@id\":\"https:\\\/\\\/dpress.ma\\\/fr\\\/2026\\\/04\\\/08\\\/lue-salue-laccord-de-cessez-le-feu-entre-washington-et-teheran\\\/#breadcrumb\"},\"inLanguage\":\"fr-FR\",\"potentialAction\":[{\"@type\":\"ReadAction\",\"target\":[\"https:\\\/\\\/dpress.ma\\\/fr\\\/2026\\\/04\\\/08\\\/lue-salue-laccord-de-cessez-le-feu-entre-washington-et-teheran\\\/\"]}]},{\"@type\":\"ImageObject\",\"inLanguage\":\"fr-FR\",\"@id\":\"https:\\\/\\\/dpress.ma\\\/fr\\\/2026\\\/04\\\/08\\\/lue-salue-laccord-de-cessez-le-feu-entre-washington-et-teheran\\\/#primaryimage\",\"url\":\"https:\\\/\\\/dpress.ma\\\/fr\\\/wp-content\\\/uploads\\\/sites\\\/2\\\/2026\\\/04\\\/55-2.jpg\",\"contentUrl\":\"https:\\\/\\\/dpress.ma\\\/fr\\\/wp-content\\\/uploads\\\/sites\\\/2\\\/2026\\\/04\\\/55-2.jpg\",\"width\":2539,\"height\":1594},{\"@type\":\"BreadcrumbList\",\"@id\":\"https:\\\/\\\/dpress.ma\\\/fr\\\/2026\\\/04\\\/08\\\/lue-salue-laccord-de-cessez-le-feu-entre-washington-et-teheran\\\/#breadcrumb\",\"itemListElement\":[{\"@type\":\"ListItem\",\"position\":1,\"name\":\"Home\",\"item\":\"https:\\\/\\\/dpress.ma\\\/fr\\\/\"},{\"@type\":\"ListItem\",\"position\":2,\"name\":\"L\u2019UE salue l\u2019accord de cessez-le-feu entre Washington et T\u00e9h\u00e9ran\"}]},{\"@type\":\"WebSite\",\"@id\":\"https:\\\/\\\/dpress.ma\\\/fr\\\/#website\",\"url\":\"https:\\\/\\\/dpress.ma\\\/fr\\\/\",\"name\":\"Dpress.ma\\\/fr\",\"description\":\"\",\"potentialAction\":[{\"@type\":\"SearchAction\",\"target\":{\"@type\":\"EntryPoint\",\"urlTemplate\":\"https:\\\/\\\/dpress.ma\\\/fr\\\/?s={search_term_string}\"},\"query-input\":{\"@type\":\"PropertyValueSpecification\",\"valueRequired\":true,\"valueName\":\"search_term_string\"}}],\"inLanguage\":\"fr-FR\"},{\"@type\":\"Person\",\"@id\":\"https:\\\/\\\/dpress.ma\\\/fr\\\/#\\\/schema\\\/person\\\/4898febf3ccd59e6578d838656a306a0\",\"name\":\"Dpress.ma\",\"image\":{\"@type\":\"ImageObject\",\"inLanguage\":\"fr-FR\",\"@id\":\"https:\\\/\\\/secure.gravatar.com\\\/avatar\\\/72ecc30e9db047a2e0e7176561eb9d564ed77c8108376495b19bd8336405198a?s=96&d=mm&r=g\",\"url\":\"https:\\\/\\\/secure.gravatar.com\\\/avatar\\\/72ecc30e9db047a2e0e7176561eb9d564ed77c8108376495b19bd8336405198a?s=96&d=mm&r=g\",\"contentUrl\":\"https:\\\/\\\/secure.gravatar.com\\\/avatar\\\/72ecc30e9db047a2e0e7176561eb9d564ed77c8108376495b19bd8336405198a?s=96&d=mm&r=g\",\"caption\":\"Dpress.ma\"},\"sameAs\":[\"https:\\\/\\\/www.dpress.ma\"],\"url\":\"https:\\\/\\\/dpress.ma\\\/fr\\\/author\\\/dpress-ma\\\/\"}]}<\/script>\n<!-- \/ Yoast SEO plugin. -->","yoast_head_json":{"title":"L\u2019UE salue l\u2019accord de cessez-le-feu entre Washington et T\u00e9h\u00e9ran - Dpress.ma\/fr","robots":{"index":"index","follow":"follow","max-snippet":"max-snippet:-1","max-image-preview":"max-image-preview:large","max-video-preview":"max-video-preview:-1"},"canonical":"https:\/\/dpress.ma\/fr\/2026\/04\/08\/lue-salue-laccord-de-cessez-le-feu-entre-washington-et-teheran\/","og_locale":"fr_FR","og_type":"article","og_title":"L\u2019UE salue l\u2019accord de cessez-le-feu entre Washington et T\u00e9h\u00e9ran - Dpress.ma\/fr","og_description":"Dpress L\u2019Union europ\u00e9enne a salu\u00e9 mercredi l\u2019accord de cessez-le-feu conclu entre les Etats-Unis et l\u2019Iran, le qualifiant de \u201cd\u00e9sescalade bienvenue et n\u00e9cessaire\u201d. \u201cJe salue le cessez-le-feu de deux semaines conclu la nuit derni\u00e8re entre les Etats-Unis et l\u2019Iran\u201d, a d\u00e9clar\u00e9 la pr\u00e9sidente de la Commission europ\u00e9enne, Ursula von der Leyen, dans un message publi\u00e9 sur &hellip;","og_url":"https:\/\/dpress.ma\/fr\/2026\/04\/08\/lue-salue-laccord-de-cessez-le-feu-entre-washington-et-teheran\/","og_site_name":"Dpress.ma\/fr","article_published_time":"2026-04-08T11:11:40+00:00","article_modified_time":"2026-04-08T11:11:42+00:00","og_image":[{"width":2539,"height":1594,"url":"https:\/\/dpress.ma\/fr\/wp-content\/uploads\/sites\/2\/2026\/04\/55-2.jpg","type":"image\/jpeg"}],"author":"Dpress.ma","twitter_card":"summary_large_image","twitter_misc":{"\u00c9crit par":"Dpress.ma","Dur\u00e9e de lecture estim\u00e9e":"2 minutes"},"schema":{"@context":"https:\/\/schema.org","@graph":[{"@type":"Article","@id":"https:\/\/dpress.ma\/fr\/2026\/04\/08\/lue-salue-laccord-de-cessez-le-feu-entre-washington-et-teheran\/#article","isPartOf":{"@id":"https:\/\/dpress.ma\/fr\/2026\/04\/08\/lue-salue-laccord-de-cessez-le-feu-entre-washington-et-teheran\/"},"author":{"name":"Dpress.ma","@id":"https:\/\/dpress.ma\/fr\/#\/schema\/person\/4898febf3ccd59e6578d838656a306a0"},"headline":"L\u2019UE salue l\u2019accord de cessez-le-feu entre Washington et T\u00e9h\u00e9ran","datePublished":"2026-04-08T11:11:40+00:00","dateModified":"2026-04-08T11:11:42+00:00","mainEntityOfPage":{"@id":"https:\/\/dpress.ma\/fr\/2026\/04\/08\/lue-salue-laccord-de-cessez-le-feu-entre-washington-et-teheran\/"},"wordCount":283,"commentCount":0,"image":{"@id":"https:\/\/dpress.ma\/fr\/2026\/04\/08\/lue-salue-laccord-de-cessez-le-feu-entre-washington-et-teheran\/#primaryimage"},"thumbnailUrl":"https:\/\/dpress.ma\/fr\/wp-content\/uploads\/sites\/2\/2026\/04\/55-2.jpg","articleSection":["monde"],"inLanguage":"fr-FR","potentialAction":[{"@type":"CommentAction","name":"Comment","target":["https:\/\/dpress.ma\/fr\/2026\/04\/08\/lue-salue-laccord-de-cessez-le-feu-entre-washington-et-teheran\/#respond"]}]},{"@type":"WebPage","@id":"https:\/\/dpress.ma\/fr\/2026\/04\/08\/lue-salue-laccord-de-cessez-le-feu-entre-washington-et-teheran\/","url":"https:\/\/dpress.ma\/fr\/2026\/04\/08\/lue-salue-laccord-de-cessez-le-feu-entre-washington-et-teheran\/","name":"L\u2019UE salue l\u2019accord de cessez-le-feu entre Washington et T\u00e9h\u00e9ran - Dpress.ma\/fr","isPartOf":{"@id":"https:\/\/dpress.ma\/fr\/#website"},"primaryImageOfPage":{"@id":"https:\/\/dpress.ma\/fr\/2026\/04\/08\/lue-salue-laccord-de-cessez-le-feu-entre-washington-et-teheran\/#primaryimage"},"image":{"@id":"https:\/\/dpress.ma\/fr\/2026\/04\/08\/lue-salue-laccord-de-cessez-le-feu-entre-washington-et-teheran\/#primaryimage"},"thumbnailUrl":"https:\/\/dpress.ma\/fr\/wp-content\/uploads\/sites\/2\/2026\/04\/55-2.jpg","datePublished":"2026-04-08T11:11:40+00:00","dateModified":"2026-04-08T11:11:42+00:00","author":{"@id":"https:\/\/dpress.ma\/fr\/#\/schema\/person\/4898febf3ccd59e6578d838656a306a0"},"breadcrumb":{"@id":"https:\/\/dpress.ma\/fr\/2026\/04\/08\/lue-salue-laccord-de-cessez-le-feu-entre-washington-et-teheran\/#breadcrumb"},"inLanguage":"fr-FR","potentialAction":[{"@type":"ReadAction","target":["https:\/\/dpress.ma\/fr\/2026\/04\/08\/lue-salue-laccord-de-cessez-le-feu-entre-washington-et-teheran\/"]}]},{"@type":"ImageObject","inLanguage":"fr-FR","@id":"https:\/\/dpress.ma\/fr\/2026\/04\/08\/lue-salue-laccord-de-cessez-le-feu-entre-washington-et-teheran\/#primaryimage","url":"https:\/\/dpress.ma\/fr\/wp-content\/uploads\/sites\/2\/2026\/04\/55-2.jpg","contentUrl":"https:\/\/dpress.ma\/fr\/wp-content\/uploads\/sites\/2\/2026\/04\/55-2.jpg","width":2539,"height":1594},{"@type":"BreadcrumbList","@id":"https:\/\/dpress.ma\/fr\/2026\/04\/08\/lue-salue-laccord-de-cessez-le-feu-entre-washington-et-teheran\/#breadcrumb","itemListElement":[{"@type":"ListItem","position":1,"name":"Home","item":"https:\/\/dpress.ma\/fr\/"},{"@type":"ListItem","position":2,"name":"L\u2019UE salue l\u2019accord de cessez-le-feu entre Washington et T\u00e9h\u00e9ran"}]},{"@type":"WebSite","@id":"https:\/\/dpress.ma\/fr\/#website","url":"https:\/\/dpress.ma\/fr\/","name":"Dpress.ma\/fr","description":"","potentialAction":[{"@type":"SearchAction","target":{"@type":"EntryPoint","urlTemplate":"https:\/\/dpress.ma\/fr\/?s={search_term_string}"},"query-input":{"@type":"PropertyValueSpecification","valueRequired":true,"valueName":"search_term_string"}}],"inLanguage":"fr-FR"},{"@type":"Person","@id":"https:\/\/dpress.ma\/fr\/#\/schema\/person\/4898febf3ccd59e6578d838656a306a0","name":"Dpress.ma","image":{"@type":"ImageObject","inLanguage":"fr-FR","@id":"https:\/\/secure.gravatar.com\/avatar\/72ecc30e9db047a2e0e7176561eb9d564ed77c8108376495b19bd8336405198a?s=96&d=mm&r=g","url":"https:\/\/secure.gravatar.com\/avatar\/72ecc30e9db047a2e0e7176561eb9d564ed77c8108376495b19bd8336405198a?s=96&d=mm&r=g","contentUrl":"https:\/\/secure.gravatar.com\/avatar\/72ecc30e9db047a2e0e7176561eb9d564ed77c8108376495b19bd8336405198a?s=96&d=mm&r=g","caption":"Dpress.ma"},"sameAs":["https:\/\/www.dpress.ma"],"url":"https:\/\/dpress.ma\/fr\/author\/dpress-ma\/"}]}},"amp_enabled":true,"_links":{"self":[{"href":"https:\/\/dpress.ma\/fr\/wp-json\/wp\/v2\/posts\/27879","targetHints":{"allow":["GET"]}}],"collection":[{"href":"https:\/\/dpress.ma\/fr\/wp-json\/wp\/v2\/posts"}],"about":[{"href":"https:\/\/dpress.ma\/fr\/wp-json\/wp\/v2\/types\/post"}],"author":[{"embeddable":true,"href":"https:\/\/dpress.ma\/fr\/wp-json\/wp\/v2\/users\/2"}],"replies":[{"embeddable":true,"href":"https:\/\/dpress.ma\/fr\/wp-json\/wp\/v2\/comments?post=27879"}],"version-history":[{"count":1,"href":"https:\/\/dpress.ma\/fr\/wp-json\/wp\/v2\/posts\/27879\/revisions"}],"predecessor-version":[{"id":27881,"href":"https:\/\/dpress.ma\/fr\/wp-json\/wp\/v2\/posts\/27879\/revisions\/27881"}],"wp:featuredmedia":[{"embeddable":true,"href":"https:\/\/dpress.ma\/fr\/wp-json\/wp\/v2\/media\/27880"}],"wp:attachment":[{"href":"https:\/\/dpress.ma\/fr\/wp-json\/wp\/v2\/media?parent=27879"}],"wp:term":[{"taxonomy":"category","embeddable":true,"href":"https:\/\/dpress.ma\/fr\/wp-json\/wp\/v2\/categories?post=27879"},{"taxonomy":"post_tag","embeddable":true,"href":"https:\/\/dpress.ma\/fr\/wp-json\/wp\/v2\/tags?post=27879"}],"curies":[{"name":"wp","href":"https:\/\/api.w.org\/{rel}","templated":true}]}}