{"id":27874,"date":"2026-04-08T11:08:56","date_gmt":"2026-04-08T11:08:56","guid":{"rendered":"https:\/\/dpress.ma\/fr\/?p=27874"},"modified":"2026-04-08T11:08:57","modified_gmt":"2026-04-08T11:08:57","slug":"laccord-de-cessez-le-feu-avec-liran-une-victoire-pour-washington","status":"publish","type":"post","link":"https:\/\/dpress.ma\/fr\/2026\/04\/08\/laccord-de-cessez-le-feu-avec-liran-une-victoire-pour-washington\/","title":{"rendered":"L\u2019accord de cessez-le-feu avec l\u2019Iran, une \u201cvictoire\u201d pour Washington"},"content":{"rendered":"\n<p>Dpress<\/p>\n\n\n\n<p>L\u2019accord de cessez-le-feu avec l\u2019Iran est une \u201cvictoire\u201d pour les Etats-Unis, a affirm\u00e9 mardi soir la porte-parole de la Maison Blanche, Karoline Leavitt.<\/p>\n\n\n\n<p>\u201cC\u2019est une victoire pour les Etats-Unis, rendue possible par le pr\u00e9sident Donald Trump et nos formidables forces arm\u00e9es\u201d, a d\u00e9clar\u00e9 Mme Leavitt sur le r\u00e9seau X.<\/p>\n\n\n\n<p>D\u00e8s le d\u00e9but de l\u2019op\u00e9ration militaire \u201cEpic Fury\u201d, le pr\u00e9sident am\u00e9ricain avait estim\u00e9 que celle-ci durerait entre quatre et six semaines, a-t-elle rappel\u00e9, ajoutant que \u201cgr\u00e2ce aux capacit\u00e9s exceptionnelles de nos soldats, nous avons atteint et d\u00e9pass\u00e9 nos principaux objectifs militaires en 38 jours\u201d.<\/p>\n\n\n\n<p>Peu avant la publication de ce message, la porte-parole de la Maison Blanche a indiqu\u00e9 que les Etats-Unis envisagent des \u201cdiscussions en personne\u201d avec l\u2019Iran, apr\u00e8s que Washington et T\u00e9h\u00e9ran se sont mis d\u2019accord pour un cessez-le-feu de deux semaines en \u00e9change d\u2019une r\u00e9ouverture du d\u00e9troit d\u2019Ormuz.<\/p>\n\n\n\n<p>\u201cDes \u00e9changes sont en cours concernant des discussions en personne mais rien n\u2019est d\u00e9finitif tant que le pr\u00e9sident ou la Maison Blanche ne l\u2019ont pas annonc\u00e9\u201d, a ajout\u00e9 Mme Leavitt dans un commentaire transmis aux m\u00e9dias.<\/p>\n\n\n\n<p>\u201cA la suite de discussions avec le Premier ministre Shehbaz Sharif et le mar\u00e9chal Asim Munir, du Pakistan, au cours desquelles ils m\u2019ont demand\u00e9 de suspendre l\u2019intervention militaire pr\u00e9vue ce soir contre l\u2019Iran, et sous r\u00e9serve que la R\u00e9publique islamique d\u2019Iran accepte l\u2019ouverture totale, imm\u00e9diate et s\u00e9curis\u00e9e du d\u00e9troit d\u2019Ormuz, j\u2019accepte de suspendre les bombardements et les attaques contre l\u2019Iran pour une p\u00e9riode de deux semaines\u201d, a annonc\u00e9 le pr\u00e9sident am\u00e9ricain sur sa plateforme Truth Social.<\/p>\n\n\n\n<p>Le locataire de la Maison Blanche a pr\u00e9cis\u00e9 qu\u2019il s\u2019agira d\u2019un cessez-le-feu r\u00e9ciproque, expliquant que \u201cla raison en est que nous avons d\u00e9j\u00e0 atteint et d\u00e9pass\u00e9 tous les objectifs militaires, et que nous sommes tr\u00e8s avanc\u00e9s dans la conclusion d\u2019un accord d\u00e9finitif concernant la paix \u00e0 long terme avec l\u2019Iran et la paix au Moyen-Orient\u201d.<\/p>\n\n\n\n<p>Il a \u00e9galement fait savoir que les Etats-Unis ont re\u00e7u une proposition en dix points de la part de l\u2019Iran, estimant qu\u2019elle constitue une \u201cbase de n\u00e9gociation viable\u201d.<\/p>\n\n\n\n<p>Le pr\u00e9sident am\u00e9ricain avait menac\u00e9 de cibler mardi \u00e0 20H00 (Heure de Washington) des infrastructures strat\u00e9giques, notamment des installations \u00e9nerg\u00e9tiques et des ponts, si T\u00e9h\u00e9ran ne proc\u00e9dait pas \u00e0 la r\u00e9ouverture du d\u00e9troit d\u2019Ormuz, un passage maritime strat\u00e9gique par lequel transite environ un cinqui\u00e8me des hydrocarbures consomm\u00e9s \u00e0 l\u2019\u00e9chelle mondiale.<\/p>\n","protected":false},"excerpt":{"rendered":"<p>Dpress L\u2019accord de cessez-le-feu avec l\u2019Iran est une \u201cvictoire\u201d pour les Etats-Unis, a affirm\u00e9 mardi soir la porte-parole de la Maison Blanche, Karoline Leavitt. \u201cC\u2019est une victoire pour les Etats-Unis, rendue possible par le pr\u00e9sident Donald Trump et nos formidables forces arm\u00e9es\u201d, a d\u00e9clar\u00e9 Mme Leavitt sur le r\u00e9seau X. D\u00e8s le d\u00e9but de l\u2019op\u00e9ration &hellip;<\/p>\n","protected":false},"author":2,"featured_media":27875,"comment_status":"open","ping_status":"open","sticky":false,"template":"","format":"standard","meta":{"footnotes":""},"categories":[42],"tags":[],"class_list":["post-27874","post","type-post","status-publish","format-standard","has-post-thumbnail","hentry","category-monde"],"yoast_head":"<!-- This site is optimized with the Yoast SEO plugin v27.5 - https:\/\/yoast.com\/product\/yoast-seo-wordpress\/ -->\n<title>L\u2019accord de cessez-le-feu avec l\u2019Iran, une \u201cvictoire\u201d pour Washington - Dpress.ma\/fr<\/title>\n<meta name=\"robots\" content=\"index, follow, max-snippet:-1, max-image-preview:large, max-video-preview:-1\" \/>\n<link rel=\"canonical\" href=\"https:\/\/dpress.ma\/fr\/2026\/04\/08\/laccord-de-cessez-le-feu-avec-liran-une-victoire-pour-washington\/\" \/>\n<meta property=\"og:locale\" content=\"fr_FR\" \/>\n<meta property=\"og:type\" content=\"article\" \/>\n<meta property=\"og:title\" content=\"L\u2019accord de cessez-le-feu avec l\u2019Iran, une \u201cvictoire\u201d pour Washington - Dpress.ma\/fr\" \/>\n<meta property=\"og:description\" content=\"Dpress L\u2019accord de cessez-le-feu avec l\u2019Iran est une \u201cvictoire\u201d pour les Etats-Unis, a affirm\u00e9 mardi soir la porte-parole de la Maison Blanche, Karoline Leavitt. \u201cC\u2019est une victoire pour les Etats-Unis, rendue possible par le pr\u00e9sident Donald Trump et nos formidables forces arm\u00e9es\u201d, a d\u00e9clar\u00e9 Mme Leavitt sur le r\u00e9seau X. D\u00e8s le d\u00e9but de l\u2019op\u00e9ration &hellip;\" \/>\n<meta property=\"og:url\" content=\"https:\/\/dpress.ma\/fr\/2026\/04\/08\/laccord-de-cessez-le-feu-avec-liran-une-victoire-pour-washington\/\" \/>\n<meta property=\"og:site_name\" content=\"Dpress.ma\/fr\" \/>\n<meta property=\"article:published_time\" content=\"2026-04-08T11:08:56+00:00\" \/>\n<meta property=\"article:modified_time\" content=\"2026-04-08T11:08:57+00:00\" \/>\n<meta property=\"og:image\" content=\"https:\/\/dpress.ma\/fr\/wp-content\/uploads\/sites\/2\/2026\/04\/54-4.jpg\" \/>\n\t<meta property=\"og:image:width\" content=\"2539\" \/>\n\t<meta property=\"og:image:height\" content=\"1594\" \/>\n\t<meta property=\"og:image:type\" content=\"image\/jpeg\" \/>\n<meta name=\"author\" content=\"Dpress.ma\" \/>\n<meta name=\"twitter:card\" content=\"summary_large_image\" \/>\n<meta name=\"twitter:label1\" content=\"\u00c9crit par\" \/>\n\t<meta name=\"twitter:data1\" content=\"Dpress.ma\" \/>\n\t<meta name=\"twitter:label2\" content=\"Dur\u00e9e de lecture estim\u00e9e\" \/>\n\t<meta name=\"twitter:data2\" content=\"2 minutes\" \/>\n<script type=\"application\/ld+json\" class=\"yoast-schema-graph\">{\"@context\":\"https:\\\/\\\/schema.org\",\"@graph\":[{\"@type\":\"Article\",\"@id\":\"https:\\\/\\\/dpress.ma\\\/fr\\\/2026\\\/04\\\/08\\\/laccord-de-cessez-le-feu-avec-liran-une-victoire-pour-washington\\\/#article\",\"isPartOf\":{\"@id\":\"https:\\\/\\\/dpress.ma\\\/fr\\\/2026\\\/04\\\/08\\\/laccord-de-cessez-le-feu-avec-liran-une-victoire-pour-washington\\\/\"},\"author\":{\"name\":\"Dpress.ma\",\"@id\":\"https:\\\/\\\/dpress.ma\\\/fr\\\/#\\\/schema\\\/person\\\/4898febf3ccd59e6578d838656a306a0\"},\"headline\":\"L\u2019accord de cessez-le-feu avec l\u2019Iran, une \u201cvictoire\u201d pour Washington\",\"datePublished\":\"2026-04-08T11:08:56+00:00\",\"dateModified\":\"2026-04-08T11:08:57+00:00\",\"mainEntityOfPage\":{\"@id\":\"https:\\\/\\\/dpress.ma\\\/fr\\\/2026\\\/04\\\/08\\\/laccord-de-cessez-le-feu-avec-liran-une-victoire-pour-washington\\\/\"},\"wordCount\":471,\"commentCount\":0,\"image\":{\"@id\":\"https:\\\/\\\/dpress.ma\\\/fr\\\/2026\\\/04\\\/08\\\/laccord-de-cessez-le-feu-avec-liran-une-victoire-pour-washington\\\/#primaryimage\"},\"thumbnailUrl\":\"https:\\\/\\\/dpress.ma\\\/fr\\\/wp-content\\\/uploads\\\/sites\\\/2\\\/2026\\\/04\\\/54-4.jpg\",\"articleSection\":[\"monde\"],\"inLanguage\":\"fr-FR\",\"potentialAction\":[{\"@type\":\"CommentAction\",\"name\":\"Comment\",\"target\":[\"https:\\\/\\\/dpress.ma\\\/fr\\\/2026\\\/04\\\/08\\\/laccord-de-cessez-le-feu-avec-liran-une-victoire-pour-washington\\\/#respond\"]}]},{\"@type\":\"WebPage\",\"@id\":\"https:\\\/\\\/dpress.ma\\\/fr\\\/2026\\\/04\\\/08\\\/laccord-de-cessez-le-feu-avec-liran-une-victoire-pour-washington\\\/\",\"url\":\"https:\\\/\\\/dpress.ma\\\/fr\\\/2026\\\/04\\\/08\\\/laccord-de-cessez-le-feu-avec-liran-une-victoire-pour-washington\\\/\",\"name\":\"L\u2019accord de cessez-le-feu avec l\u2019Iran, une \u201cvictoire\u201d pour Washington - Dpress.ma\\\/fr\",\"isPartOf\":{\"@id\":\"https:\\\/\\\/dpress.ma\\\/fr\\\/#website\"},\"primaryImageOfPage\":{\"@id\":\"https:\\\/\\\/dpress.ma\\\/fr\\\/2026\\\/04\\\/08\\\/laccord-de-cessez-le-feu-avec-liran-une-victoire-pour-washington\\\/#primaryimage\"},\"image\":{\"@id\":\"https:\\\/\\\/dpress.ma\\\/fr\\\/2026\\\/04\\\/08\\\/laccord-de-cessez-le-feu-avec-liran-une-victoire-pour-washington\\\/#primaryimage\"},\"thumbnailUrl\":\"https:\\\/\\\/dpress.ma\\\/fr\\\/wp-content\\\/uploads\\\/sites\\\/2\\\/2026\\\/04\\\/54-4.jpg\",\"datePublished\":\"2026-04-08T11:08:56+00:00\",\"dateModified\":\"2026-04-08T11:08:57+00:00\",\"author\":{\"@id\":\"https:\\\/\\\/dpress.ma\\\/fr\\\/#\\\/schema\\\/person\\\/4898febf3ccd59e6578d838656a306a0\"},\"breadcrumb\":{\"@id\":\"https:\\\/\\\/dpress.ma\\\/fr\\\/2026\\\/04\\\/08\\\/laccord-de-cessez-le-feu-avec-liran-une-victoire-pour-washington\\\/#breadcrumb\"},\"inLanguage\":\"fr-FR\",\"potentialAction\":[{\"@type\":\"ReadAction\",\"target\":[\"https:\\\/\\\/dpress.ma\\\/fr\\\/2026\\\/04\\\/08\\\/laccord-de-cessez-le-feu-avec-liran-une-victoire-pour-washington\\\/\"]}]},{\"@type\":\"ImageObject\",\"inLanguage\":\"fr-FR\",\"@id\":\"https:\\\/\\\/dpress.ma\\\/fr\\\/2026\\\/04\\\/08\\\/laccord-de-cessez-le-feu-avec-liran-une-victoire-pour-washington\\\/#primaryimage\",\"url\":\"https:\\\/\\\/dpress.ma\\\/fr\\\/wp-content\\\/uploads\\\/sites\\\/2\\\/2026\\\/04\\\/54-4.jpg\",\"contentUrl\":\"https:\\\/\\\/dpress.ma\\\/fr\\\/wp-content\\\/uploads\\\/sites\\\/2\\\/2026\\\/04\\\/54-4.jpg\",\"width\":2539,\"height\":1594},{\"@type\":\"BreadcrumbList\",\"@id\":\"https:\\\/\\\/dpress.ma\\\/fr\\\/2026\\\/04\\\/08\\\/laccord-de-cessez-le-feu-avec-liran-une-victoire-pour-washington\\\/#breadcrumb\",\"itemListElement\":[{\"@type\":\"ListItem\",\"position\":1,\"name\":\"Home\",\"item\":\"https:\\\/\\\/dpress.ma\\\/fr\\\/\"},{\"@type\":\"ListItem\",\"position\":2,\"name\":\"L\u2019accord de cessez-le-feu avec l\u2019Iran, une \u201cvictoire\u201d pour Washington\"}]},{\"@type\":\"WebSite\",\"@id\":\"https:\\\/\\\/dpress.ma\\\/fr\\\/#website\",\"url\":\"https:\\\/\\\/dpress.ma\\\/fr\\\/\",\"name\":\"Dpress.ma\\\/fr\",\"description\":\"\",\"potentialAction\":[{\"@type\":\"SearchAction\",\"target\":{\"@type\":\"EntryPoint\",\"urlTemplate\":\"https:\\\/\\\/dpress.ma\\\/fr\\\/?s={search_term_string}\"},\"query-input\":{\"@type\":\"PropertyValueSpecification\",\"valueRequired\":true,\"valueName\":\"search_term_string\"}}],\"inLanguage\":\"fr-FR\"},{\"@type\":\"Person\",\"@id\":\"https:\\\/\\\/dpress.ma\\\/fr\\\/#\\\/schema\\\/person\\\/4898febf3ccd59e6578d838656a306a0\",\"name\":\"Dpress.ma\",\"image\":{\"@type\":\"ImageObject\",\"inLanguage\":\"fr-FR\",\"@id\":\"https:\\\/\\\/secure.gravatar.com\\\/avatar\\\/72ecc30e9db047a2e0e7176561eb9d564ed77c8108376495b19bd8336405198a?s=96&d=mm&r=g\",\"url\":\"https:\\\/\\\/secure.gravatar.com\\\/avatar\\\/72ecc30e9db047a2e0e7176561eb9d564ed77c8108376495b19bd8336405198a?s=96&d=mm&r=g\",\"contentUrl\":\"https:\\\/\\\/secure.gravatar.com\\\/avatar\\\/72ecc30e9db047a2e0e7176561eb9d564ed77c8108376495b19bd8336405198a?s=96&d=mm&r=g\",\"caption\":\"Dpress.ma\"},\"sameAs\":[\"https:\\\/\\\/www.dpress.ma\"],\"url\":\"https:\\\/\\\/dpress.ma\\\/fr\\\/author\\\/dpress-ma\\\/\"}]}<\/script>\n<!-- \/ Yoast SEO plugin. -->","yoast_head_json":{"title":"L\u2019accord de cessez-le-feu avec l\u2019Iran, une \u201cvictoire\u201d pour Washington - Dpress.ma\/fr","robots":{"index":"index","follow":"follow","max-snippet":"max-snippet:-1","max-image-preview":"max-image-preview:large","max-video-preview":"max-video-preview:-1"},"canonical":"https:\/\/dpress.ma\/fr\/2026\/04\/08\/laccord-de-cessez-le-feu-avec-liran-une-victoire-pour-washington\/","og_locale":"fr_FR","og_type":"article","og_title":"L\u2019accord de cessez-le-feu avec l\u2019Iran, une \u201cvictoire\u201d pour Washington - Dpress.ma\/fr","og_description":"Dpress L\u2019accord de cessez-le-feu avec l\u2019Iran est une \u201cvictoire\u201d pour les Etats-Unis, a affirm\u00e9 mardi soir la porte-parole de la Maison Blanche, Karoline Leavitt. \u201cC\u2019est une victoire pour les Etats-Unis, rendue possible par le pr\u00e9sident Donald Trump et nos formidables forces arm\u00e9es\u201d, a d\u00e9clar\u00e9 Mme Leavitt sur le r\u00e9seau X. D\u00e8s le d\u00e9but de l\u2019op\u00e9ration &hellip;","og_url":"https:\/\/dpress.ma\/fr\/2026\/04\/08\/laccord-de-cessez-le-feu-avec-liran-une-victoire-pour-washington\/","og_site_name":"Dpress.ma\/fr","article_published_time":"2026-04-08T11:08:56+00:00","article_modified_time":"2026-04-08T11:08:57+00:00","og_image":[{"width":2539,"height":1594,"url":"https:\/\/dpress.ma\/fr\/wp-content\/uploads\/sites\/2\/2026\/04\/54-4.jpg","type":"image\/jpeg"}],"author":"Dpress.ma","twitter_card":"summary_large_image","twitter_misc":{"\u00c9crit par":"Dpress.ma","Dur\u00e9e de lecture estim\u00e9e":"2 minutes"},"schema":{"@context":"https:\/\/schema.org","@graph":[{"@type":"Article","@id":"https:\/\/dpress.ma\/fr\/2026\/04\/08\/laccord-de-cessez-le-feu-avec-liran-une-victoire-pour-washington\/#article","isPartOf":{"@id":"https:\/\/dpress.ma\/fr\/2026\/04\/08\/laccord-de-cessez-le-feu-avec-liran-une-victoire-pour-washington\/"},"author":{"name":"Dpress.ma","@id":"https:\/\/dpress.ma\/fr\/#\/schema\/person\/4898febf3ccd59e6578d838656a306a0"},"headline":"L\u2019accord de cessez-le-feu avec l\u2019Iran, une \u201cvictoire\u201d pour Washington","datePublished":"2026-04-08T11:08:56+00:00","dateModified":"2026-04-08T11:08:57+00:00","mainEntityOfPage":{"@id":"https:\/\/dpress.ma\/fr\/2026\/04\/08\/laccord-de-cessez-le-feu-avec-liran-une-victoire-pour-washington\/"},"wordCount":471,"commentCount":0,"image":{"@id":"https:\/\/dpress.ma\/fr\/2026\/04\/08\/laccord-de-cessez-le-feu-avec-liran-une-victoire-pour-washington\/#primaryimage"},"thumbnailUrl":"https:\/\/dpress.ma\/fr\/wp-content\/uploads\/sites\/2\/2026\/04\/54-4.jpg","articleSection":["monde"],"inLanguage":"fr-FR","potentialAction":[{"@type":"CommentAction","name":"Comment","target":["https:\/\/dpress.ma\/fr\/2026\/04\/08\/laccord-de-cessez-le-feu-avec-liran-une-victoire-pour-washington\/#respond"]}]},{"@type":"WebPage","@id":"https:\/\/dpress.ma\/fr\/2026\/04\/08\/laccord-de-cessez-le-feu-avec-liran-une-victoire-pour-washington\/","url":"https:\/\/dpress.ma\/fr\/2026\/04\/08\/laccord-de-cessez-le-feu-avec-liran-une-victoire-pour-washington\/","name":"L\u2019accord de cessez-le-feu avec l\u2019Iran, une \u201cvictoire\u201d pour Washington - Dpress.ma\/fr","isPartOf":{"@id":"https:\/\/dpress.ma\/fr\/#website"},"primaryImageOfPage":{"@id":"https:\/\/dpress.ma\/fr\/2026\/04\/08\/laccord-de-cessez-le-feu-avec-liran-une-victoire-pour-washington\/#primaryimage"},"image":{"@id":"https:\/\/dpress.ma\/fr\/2026\/04\/08\/laccord-de-cessez-le-feu-avec-liran-une-victoire-pour-washington\/#primaryimage"},"thumbnailUrl":"https:\/\/dpress.ma\/fr\/wp-content\/uploads\/sites\/2\/2026\/04\/54-4.jpg","datePublished":"2026-04-08T11:08:56+00:00","dateModified":"2026-04-08T11:08:57+00:00","author":{"@id":"https:\/\/dpress.ma\/fr\/#\/schema\/person\/4898febf3ccd59e6578d838656a306a0"},"breadcrumb":{"@id":"https:\/\/dpress.ma\/fr\/2026\/04\/08\/laccord-de-cessez-le-feu-avec-liran-une-victoire-pour-washington\/#breadcrumb"},"inLanguage":"fr-FR","potentialAction":[{"@type":"ReadAction","target":["https:\/\/dpress.ma\/fr\/2026\/04\/08\/laccord-de-cessez-le-feu-avec-liran-une-victoire-pour-washington\/"]}]},{"@type":"ImageObject","inLanguage":"fr-FR","@id":"https:\/\/dpress.ma\/fr\/2026\/04\/08\/laccord-de-cessez-le-feu-avec-liran-une-victoire-pour-washington\/#primaryimage","url":"https:\/\/dpress.ma\/fr\/wp-content\/uploads\/sites\/2\/2026\/04\/54-4.jpg","contentUrl":"https:\/\/dpress.ma\/fr\/wp-content\/uploads\/sites\/2\/2026\/04\/54-4.jpg","width":2539,"height":1594},{"@type":"BreadcrumbList","@id":"https:\/\/dpress.ma\/fr\/2026\/04\/08\/laccord-de-cessez-le-feu-avec-liran-une-victoire-pour-washington\/#breadcrumb","itemListElement":[{"@type":"ListItem","position":1,"name":"Home","item":"https:\/\/dpress.ma\/fr\/"},{"@type":"ListItem","position":2,"name":"L\u2019accord de cessez-le-feu avec l\u2019Iran, une \u201cvictoire\u201d pour Washington"}]},{"@type":"WebSite","@id":"https:\/\/dpress.ma\/fr\/#website","url":"https:\/\/dpress.ma\/fr\/","name":"Dpress.ma\/fr","description":"","potentialAction":[{"@type":"SearchAction","target":{"@type":"EntryPoint","urlTemplate":"https:\/\/dpress.ma\/fr\/?s={search_term_string}"},"query-input":{"@type":"PropertyValueSpecification","valueRequired":true,"valueName":"search_term_string"}}],"inLanguage":"fr-FR"},{"@type":"Person","@id":"https:\/\/dpress.ma\/fr\/#\/schema\/person\/4898febf3ccd59e6578d838656a306a0","name":"Dpress.ma","image":{"@type":"ImageObject","inLanguage":"fr-FR","@id":"https:\/\/secure.gravatar.com\/avatar\/72ecc30e9db047a2e0e7176561eb9d564ed77c8108376495b19bd8336405198a?s=96&d=mm&r=g","url":"https:\/\/secure.gravatar.com\/avatar\/72ecc30e9db047a2e0e7176561eb9d564ed77c8108376495b19bd8336405198a?s=96&d=mm&r=g","contentUrl":"https:\/\/secure.gravatar.com\/avatar\/72ecc30e9db047a2e0e7176561eb9d564ed77c8108376495b19bd8336405198a?s=96&d=mm&r=g","caption":"Dpress.ma"},"sameAs":["https:\/\/www.dpress.ma"],"url":"https:\/\/dpress.ma\/fr\/author\/dpress-ma\/"}]}},"amp_enabled":true,"_links":{"self":[{"href":"https:\/\/dpress.ma\/fr\/wp-json\/wp\/v2\/posts\/27874","targetHints":{"allow":["GET"]}}],"collection":[{"href":"https:\/\/dpress.ma\/fr\/wp-json\/wp\/v2\/posts"}],"about":[{"href":"https:\/\/dpress.ma\/fr\/wp-json\/wp\/v2\/types\/post"}],"author":[{"embeddable":true,"href":"https:\/\/dpress.ma\/fr\/wp-json\/wp\/v2\/users\/2"}],"replies":[{"embeddable":true,"href":"https:\/\/dpress.ma\/fr\/wp-json\/wp\/v2\/comments?post=27874"}],"version-history":[{"count":1,"href":"https:\/\/dpress.ma\/fr\/wp-json\/wp\/v2\/posts\/27874\/revisions"}],"predecessor-version":[{"id":27876,"href":"https:\/\/dpress.ma\/fr\/wp-json\/wp\/v2\/posts\/27874\/revisions\/27876"}],"wp:featuredmedia":[{"embeddable":true,"href":"https:\/\/dpress.ma\/fr\/wp-json\/wp\/v2\/media\/27875"}],"wp:attachment":[{"href":"https:\/\/dpress.ma\/fr\/wp-json\/wp\/v2\/media?parent=27874"}],"wp:term":[{"taxonomy":"category","embeddable":true,"href":"https:\/\/dpress.ma\/fr\/wp-json\/wp\/v2\/categories?post=27874"},{"taxonomy":"post_tag","embeddable":true,"href":"https:\/\/dpress.ma\/fr\/wp-json\/wp\/v2\/tags?post=27874"}],"curies":[{"name":"wp","href":"https:\/\/api.w.org\/{rel}","templated":true}]}}