{"id":27866,"date":"2026-04-08T11:05:22","date_gmt":"2026-04-08T11:05:22","guid":{"rendered":"https:\/\/dpress.ma\/fr\/?p=27866"},"modified":"2026-04-08T11:05:23","modified_gmt":"2026-04-08T11:05:23","slug":"m-talbi-el-alami-represente-sa-majeste-le-roi-au-sommet-international-one-health-a-lyon","status":"publish","type":"post","link":"https:\/\/dpress.ma\/fr\/2026\/04\/08\/m-talbi-el-alami-represente-sa-majeste-le-roi-au-sommet-international-one-health-a-lyon\/","title":{"rendered":"M. Talbi El Alami repr\u00e9sente Sa Majest\u00e9 le Roi au Sommet international \u201cOne Health\u201d \u00e0 Lyon"},"content":{"rendered":"\n<p>Dpress<\/p>\n\n\n\n<p>&nbsp;Le Pr\u00e9sident de la Chambre des repr\u00e9sentants, Rachid Talbi El Alami repr\u00e9sente, mardi \u00e0 Lyon, Sa Majest\u00e9 le Roi Mohammed VI au Sommet international \u201cOne Health\u201d (Une seule sant\u00e9) qui r\u00e9unit une grande diversit\u00e9 d\u2019acteurs.<\/p>\n\n\n\n<p>La d\u00e9l\u00e9gation marocaine est compos\u00e9e de la ministre de la Transition \u00e9nerg\u00e9tique et du D\u00e9veloppement durable, Leila Benali, de hauts responsables de ce d\u00e9partement, ainsi que du minist\u00e8re de la Sant\u00e9 et de la Protection sociale, et de la consule g\u00e9n\u00e9rale du Royaume \u00e0 Lyon, Rajae Benchaji.<\/p>\n\n\n\n<p>Le \u201cOne Health Summit\u201d rassemble, pour la premi\u00e8re fois, des chefs d\u2019\u00c9tat et de gouvernement du monde entier, les repr\u00e9sentants des organisations internationales et r\u00e9gionales pertinentes, des parlementaires, des scientifiques, des repr\u00e9sentants du secteur priv\u00e9, de la soci\u00e9t\u00e9 civile, des collectivit\u00e9s locales, des banques de d\u00e9veloppement et de la jeunesse afin d\u2019acc\u00e9l\u00e9rer la mise en \u0153uvre de l\u2019approche \u201cUne Seule Sant\u00e9\u201d.<\/p>\n\n\n\n<p>Cette approche repose sur un constat depuis longtemps partag\u00e9 : la sant\u00e9 humaine, la sant\u00e9 animale et la sant\u00e9 des \u00e9cosyst\u00e8mes sont \u00e9troitement interd\u00e9pendantes. Les crises sanitaires r\u00e9centes comme la pand\u00e9mie de Covid-19 ont mis en \u00e9vidence la n\u00e9cessit\u00e9 d\u2019apporter des r\u00e9ponses coordonn\u00e9es, fond\u00e9es sur la science, la pr\u00e9vention, le partage de connaissances et la coop\u00e9ration internationale.<\/p>\n\n\n\n<p>Le sommet se fixe en effet pour objectifs de catalyser le dialogue international et interdisciplinaire autour des enjeux globaux, en d\u00e9ployant des programmes de coop\u00e9ration et de recherche, et de contribuer \u00e0 repenser le cadre institutionnel mondial en faisant \u00e9merger une culture commune One Health.<\/p>\n\n\n\n<p>Il s\u2019agit aussi d\u2019engager l\u2019ensemble des acteurs publics et priv\u00e9s pr\u00eats \u00e0 s\u2019investir pour d\u00e9ployer des actions concr\u00e8tes et d\u2019approfondir les solutions, permettant de renforcer les syst\u00e8mes de sant\u00e9 et de surveillance pour pr\u00e9venir les risques sanitaires, alimentaires et environnementaux qui impactent les populations.<\/p>\n\n\n\n<p>Les travaux du sommet s\u2019orientent autour de quatre th\u00e9matiques couvrant les principaux facteurs de maladies transmissibles et non transmissibles, l\u2019importance de la recherche et de l\u2019innovation, d\u2019un multilat\u00e9ralisme d\u2019action et des partenariats internationaux, le r\u00f4le central des partenariats public\/priv\u00e9 et la participation inclusive de la soci\u00e9t\u00e9 civile, des collectivit\u00e9s territoriales et de la jeunesse.<\/p>\n","protected":false},"excerpt":{"rendered":"<p>Dpress &nbsp;Le Pr\u00e9sident de la Chambre des repr\u00e9sentants, Rachid Talbi El Alami repr\u00e9sente, mardi \u00e0 Lyon, Sa Majest\u00e9 le Roi Mohammed VI au Sommet international \u201cOne Health\u201d (Une seule sant\u00e9) qui r\u00e9unit une grande diversit\u00e9 d\u2019acteurs. La d\u00e9l\u00e9gation marocaine est compos\u00e9e de la ministre de la Transition \u00e9nerg\u00e9tique et du D\u00e9veloppement durable, Leila Benali, de &hellip;<\/p>\n","protected":false},"author":2,"featured_media":27864,"comment_status":"open","ping_status":"open","sticky":false,"template":"","format":"standard","meta":{"footnotes":""},"categories":[42],"tags":[],"class_list":["post-27866","post","type-post","status-publish","format-standard","has-post-thumbnail","hentry","category-monde"],"yoast_head":"<!-- This site is optimized with the Yoast SEO plugin v27.4 - https:\/\/yoast.com\/product\/yoast-seo-wordpress\/ -->\n<title>M. Talbi El Alami repr\u00e9sente Sa Majest\u00e9 le Roi au Sommet international \u201cOne Health\u201d \u00e0 Lyon - Dpress.ma\/fr<\/title>\n<meta name=\"robots\" content=\"index, follow, max-snippet:-1, max-image-preview:large, max-video-preview:-1\" \/>\n<link rel=\"canonical\" href=\"https:\/\/dpress.ma\/fr\/2026\/04\/08\/m-talbi-el-alami-represente-sa-majeste-le-roi-au-sommet-international-one-health-a-lyon\/\" \/>\n<meta property=\"og:locale\" content=\"fr_FR\" \/>\n<meta property=\"og:type\" content=\"article\" \/>\n<meta property=\"og:title\" content=\"M. Talbi El Alami repr\u00e9sente Sa Majest\u00e9 le Roi au Sommet international \u201cOne Health\u201d \u00e0 Lyon - Dpress.ma\/fr\" \/>\n<meta property=\"og:description\" content=\"Dpress &nbsp;Le Pr\u00e9sident de la Chambre des repr\u00e9sentants, Rachid Talbi El Alami repr\u00e9sente, mardi \u00e0 Lyon, Sa Majest\u00e9 le Roi Mohammed VI au Sommet international \u201cOne Health\u201d (Une seule sant\u00e9) qui r\u00e9unit une grande diversit\u00e9 d\u2019acteurs. La d\u00e9l\u00e9gation marocaine est compos\u00e9e de la ministre de la Transition \u00e9nerg\u00e9tique et du D\u00e9veloppement durable, Leila Benali, de &hellip;\" \/>\n<meta property=\"og:url\" content=\"https:\/\/dpress.ma\/fr\/2026\/04\/08\/m-talbi-el-alami-represente-sa-majeste-le-roi-au-sommet-international-one-health-a-lyon\/\" \/>\n<meta property=\"og:site_name\" content=\"Dpress.ma\/fr\" \/>\n<meta property=\"article:published_time\" content=\"2026-04-08T11:05:22+00:00\" \/>\n<meta property=\"article:modified_time\" content=\"2026-04-08T11:05:23+00:00\" \/>\n<meta property=\"og:image\" content=\"https:\/\/dpress.ma\/fr\/wp-content\/uploads\/sites\/2\/2026\/04\/51-4.jpg\" \/>\n\t<meta property=\"og:image:width\" content=\"2539\" \/>\n\t<meta property=\"og:image:height\" content=\"1594\" \/>\n\t<meta property=\"og:image:type\" content=\"image\/jpeg\" \/>\n<meta name=\"author\" content=\"Dpress.ma\" \/>\n<meta name=\"twitter:card\" content=\"summary_large_image\" \/>\n<meta name=\"twitter:label1\" content=\"\u00c9crit par\" \/>\n\t<meta name=\"twitter:data1\" content=\"Dpress.ma\" \/>\n\t<meta name=\"twitter:label2\" content=\"Dur\u00e9e de lecture estim\u00e9e\" \/>\n\t<meta name=\"twitter:data2\" content=\"2 minutes\" \/>\n<script type=\"application\/ld+json\" class=\"yoast-schema-graph\">{\"@context\":\"https:\\\/\\\/schema.org\",\"@graph\":[{\"@type\":\"Article\",\"@id\":\"https:\\\/\\\/dpress.ma\\\/fr\\\/2026\\\/04\\\/08\\\/m-talbi-el-alami-represente-sa-majeste-le-roi-au-sommet-international-one-health-a-lyon\\\/#article\",\"isPartOf\":{\"@id\":\"https:\\\/\\\/dpress.ma\\\/fr\\\/2026\\\/04\\\/08\\\/m-talbi-el-alami-represente-sa-majeste-le-roi-au-sommet-international-one-health-a-lyon\\\/\"},\"author\":{\"name\":\"Dpress.ma\",\"@id\":\"https:\\\/\\\/dpress.ma\\\/fr\\\/#\\\/schema\\\/person\\\/4898febf3ccd59e6578d838656a306a0\"},\"headline\":\"M. Talbi El Alami repr\u00e9sente Sa Majest\u00e9 le Roi au Sommet international \u201cOne Health\u201d \u00e0 Lyon\",\"datePublished\":\"2026-04-08T11:05:22+00:00\",\"dateModified\":\"2026-04-08T11:05:23+00:00\",\"mainEntityOfPage\":{\"@id\":\"https:\\\/\\\/dpress.ma\\\/fr\\\/2026\\\/04\\\/08\\\/m-talbi-el-alami-represente-sa-majeste-le-roi-au-sommet-international-one-health-a-lyon\\\/\"},\"wordCount\":417,\"commentCount\":0,\"image\":{\"@id\":\"https:\\\/\\\/dpress.ma\\\/fr\\\/2026\\\/04\\\/08\\\/m-talbi-el-alami-represente-sa-majeste-le-roi-au-sommet-international-one-health-a-lyon\\\/#primaryimage\"},\"thumbnailUrl\":\"https:\\\/\\\/dpress.ma\\\/fr\\\/wp-content\\\/uploads\\\/sites\\\/2\\\/2026\\\/04\\\/51-4.jpg\",\"articleSection\":[\"monde\"],\"inLanguage\":\"fr-FR\",\"potentialAction\":[{\"@type\":\"CommentAction\",\"name\":\"Comment\",\"target\":[\"https:\\\/\\\/dpress.ma\\\/fr\\\/2026\\\/04\\\/08\\\/m-talbi-el-alami-represente-sa-majeste-le-roi-au-sommet-international-one-health-a-lyon\\\/#respond\"]}]},{\"@type\":\"WebPage\",\"@id\":\"https:\\\/\\\/dpress.ma\\\/fr\\\/2026\\\/04\\\/08\\\/m-talbi-el-alami-represente-sa-majeste-le-roi-au-sommet-international-one-health-a-lyon\\\/\",\"url\":\"https:\\\/\\\/dpress.ma\\\/fr\\\/2026\\\/04\\\/08\\\/m-talbi-el-alami-represente-sa-majeste-le-roi-au-sommet-international-one-health-a-lyon\\\/\",\"name\":\"M. Talbi El Alami repr\u00e9sente Sa Majest\u00e9 le Roi au Sommet international \u201cOne Health\u201d \u00e0 Lyon - Dpress.ma\\\/fr\",\"isPartOf\":{\"@id\":\"https:\\\/\\\/dpress.ma\\\/fr\\\/#website\"},\"primaryImageOfPage\":{\"@id\":\"https:\\\/\\\/dpress.ma\\\/fr\\\/2026\\\/04\\\/08\\\/m-talbi-el-alami-represente-sa-majeste-le-roi-au-sommet-international-one-health-a-lyon\\\/#primaryimage\"},\"image\":{\"@id\":\"https:\\\/\\\/dpress.ma\\\/fr\\\/2026\\\/04\\\/08\\\/m-talbi-el-alami-represente-sa-majeste-le-roi-au-sommet-international-one-health-a-lyon\\\/#primaryimage\"},\"thumbnailUrl\":\"https:\\\/\\\/dpress.ma\\\/fr\\\/wp-content\\\/uploads\\\/sites\\\/2\\\/2026\\\/04\\\/51-4.jpg\",\"datePublished\":\"2026-04-08T11:05:22+00:00\",\"dateModified\":\"2026-04-08T11:05:23+00:00\",\"author\":{\"@id\":\"https:\\\/\\\/dpress.ma\\\/fr\\\/#\\\/schema\\\/person\\\/4898febf3ccd59e6578d838656a306a0\"},\"breadcrumb\":{\"@id\":\"https:\\\/\\\/dpress.ma\\\/fr\\\/2026\\\/04\\\/08\\\/m-talbi-el-alami-represente-sa-majeste-le-roi-au-sommet-international-one-health-a-lyon\\\/#breadcrumb\"},\"inLanguage\":\"fr-FR\",\"potentialAction\":[{\"@type\":\"ReadAction\",\"target\":[\"https:\\\/\\\/dpress.ma\\\/fr\\\/2026\\\/04\\\/08\\\/m-talbi-el-alami-represente-sa-majeste-le-roi-au-sommet-international-one-health-a-lyon\\\/\"]}]},{\"@type\":\"ImageObject\",\"inLanguage\":\"fr-FR\",\"@id\":\"https:\\\/\\\/dpress.ma\\\/fr\\\/2026\\\/04\\\/08\\\/m-talbi-el-alami-represente-sa-majeste-le-roi-au-sommet-international-one-health-a-lyon\\\/#primaryimage\",\"url\":\"https:\\\/\\\/dpress.ma\\\/fr\\\/wp-content\\\/uploads\\\/sites\\\/2\\\/2026\\\/04\\\/51-4.jpg\",\"contentUrl\":\"https:\\\/\\\/dpress.ma\\\/fr\\\/wp-content\\\/uploads\\\/sites\\\/2\\\/2026\\\/04\\\/51-4.jpg\",\"width\":2539,\"height\":1594},{\"@type\":\"BreadcrumbList\",\"@id\":\"https:\\\/\\\/dpress.ma\\\/fr\\\/2026\\\/04\\\/08\\\/m-talbi-el-alami-represente-sa-majeste-le-roi-au-sommet-international-one-health-a-lyon\\\/#breadcrumb\",\"itemListElement\":[{\"@type\":\"ListItem\",\"position\":1,\"name\":\"Home\",\"item\":\"https:\\\/\\\/dpress.ma\\\/fr\\\/\"},{\"@type\":\"ListItem\",\"position\":2,\"name\":\"M. Talbi El Alami repr\u00e9sente Sa Majest\u00e9 le Roi au Sommet international \u201cOne Health\u201d \u00e0 Lyon\"}]},{\"@type\":\"WebSite\",\"@id\":\"https:\\\/\\\/dpress.ma\\\/fr\\\/#website\",\"url\":\"https:\\\/\\\/dpress.ma\\\/fr\\\/\",\"name\":\"Dpress.ma\\\/fr\",\"description\":\"\",\"potentialAction\":[{\"@type\":\"SearchAction\",\"target\":{\"@type\":\"EntryPoint\",\"urlTemplate\":\"https:\\\/\\\/dpress.ma\\\/fr\\\/?s={search_term_string}\"},\"query-input\":{\"@type\":\"PropertyValueSpecification\",\"valueRequired\":true,\"valueName\":\"search_term_string\"}}],\"inLanguage\":\"fr-FR\"},{\"@type\":\"Person\",\"@id\":\"https:\\\/\\\/dpress.ma\\\/fr\\\/#\\\/schema\\\/person\\\/4898febf3ccd59e6578d838656a306a0\",\"name\":\"Dpress.ma\",\"image\":{\"@type\":\"ImageObject\",\"inLanguage\":\"fr-FR\",\"@id\":\"https:\\\/\\\/secure.gravatar.com\\\/avatar\\\/72ecc30e9db047a2e0e7176561eb9d564ed77c8108376495b19bd8336405198a?s=96&d=mm&r=g\",\"url\":\"https:\\\/\\\/secure.gravatar.com\\\/avatar\\\/72ecc30e9db047a2e0e7176561eb9d564ed77c8108376495b19bd8336405198a?s=96&d=mm&r=g\",\"contentUrl\":\"https:\\\/\\\/secure.gravatar.com\\\/avatar\\\/72ecc30e9db047a2e0e7176561eb9d564ed77c8108376495b19bd8336405198a?s=96&d=mm&r=g\",\"caption\":\"Dpress.ma\"},\"sameAs\":[\"https:\\\/\\\/www.dpress.ma\"],\"url\":\"https:\\\/\\\/dpress.ma\\\/fr\\\/author\\\/dpress-ma\\\/\"}]}<\/script>\n<!-- \/ Yoast SEO plugin. -->","yoast_head_json":{"title":"M. Talbi El Alami repr\u00e9sente Sa Majest\u00e9 le Roi au Sommet international \u201cOne Health\u201d \u00e0 Lyon - Dpress.ma\/fr","robots":{"index":"index","follow":"follow","max-snippet":"max-snippet:-1","max-image-preview":"max-image-preview:large","max-video-preview":"max-video-preview:-1"},"canonical":"https:\/\/dpress.ma\/fr\/2026\/04\/08\/m-talbi-el-alami-represente-sa-majeste-le-roi-au-sommet-international-one-health-a-lyon\/","og_locale":"fr_FR","og_type":"article","og_title":"M. Talbi El Alami repr\u00e9sente Sa Majest\u00e9 le Roi au Sommet international \u201cOne Health\u201d \u00e0 Lyon - Dpress.ma\/fr","og_description":"Dpress &nbsp;Le Pr\u00e9sident de la Chambre des repr\u00e9sentants, Rachid Talbi El Alami repr\u00e9sente, mardi \u00e0 Lyon, Sa Majest\u00e9 le Roi Mohammed VI au Sommet international \u201cOne Health\u201d (Une seule sant\u00e9) qui r\u00e9unit une grande diversit\u00e9 d\u2019acteurs. La d\u00e9l\u00e9gation marocaine est compos\u00e9e de la ministre de la Transition \u00e9nerg\u00e9tique et du D\u00e9veloppement durable, Leila Benali, de &hellip;","og_url":"https:\/\/dpress.ma\/fr\/2026\/04\/08\/m-talbi-el-alami-represente-sa-majeste-le-roi-au-sommet-international-one-health-a-lyon\/","og_site_name":"Dpress.ma\/fr","article_published_time":"2026-04-08T11:05:22+00:00","article_modified_time":"2026-04-08T11:05:23+00:00","og_image":[{"width":2539,"height":1594,"url":"https:\/\/dpress.ma\/fr\/wp-content\/uploads\/sites\/2\/2026\/04\/51-4.jpg","type":"image\/jpeg"}],"author":"Dpress.ma","twitter_card":"summary_large_image","twitter_misc":{"\u00c9crit par":"Dpress.ma","Dur\u00e9e de lecture estim\u00e9e":"2 minutes"},"schema":{"@context":"https:\/\/schema.org","@graph":[{"@type":"Article","@id":"https:\/\/dpress.ma\/fr\/2026\/04\/08\/m-talbi-el-alami-represente-sa-majeste-le-roi-au-sommet-international-one-health-a-lyon\/#article","isPartOf":{"@id":"https:\/\/dpress.ma\/fr\/2026\/04\/08\/m-talbi-el-alami-represente-sa-majeste-le-roi-au-sommet-international-one-health-a-lyon\/"},"author":{"name":"Dpress.ma","@id":"https:\/\/dpress.ma\/fr\/#\/schema\/person\/4898febf3ccd59e6578d838656a306a0"},"headline":"M. Talbi El Alami repr\u00e9sente Sa Majest\u00e9 le Roi au Sommet international \u201cOne Health\u201d \u00e0 Lyon","datePublished":"2026-04-08T11:05:22+00:00","dateModified":"2026-04-08T11:05:23+00:00","mainEntityOfPage":{"@id":"https:\/\/dpress.ma\/fr\/2026\/04\/08\/m-talbi-el-alami-represente-sa-majeste-le-roi-au-sommet-international-one-health-a-lyon\/"},"wordCount":417,"commentCount":0,"image":{"@id":"https:\/\/dpress.ma\/fr\/2026\/04\/08\/m-talbi-el-alami-represente-sa-majeste-le-roi-au-sommet-international-one-health-a-lyon\/#primaryimage"},"thumbnailUrl":"https:\/\/dpress.ma\/fr\/wp-content\/uploads\/sites\/2\/2026\/04\/51-4.jpg","articleSection":["monde"],"inLanguage":"fr-FR","potentialAction":[{"@type":"CommentAction","name":"Comment","target":["https:\/\/dpress.ma\/fr\/2026\/04\/08\/m-talbi-el-alami-represente-sa-majeste-le-roi-au-sommet-international-one-health-a-lyon\/#respond"]}]},{"@type":"WebPage","@id":"https:\/\/dpress.ma\/fr\/2026\/04\/08\/m-talbi-el-alami-represente-sa-majeste-le-roi-au-sommet-international-one-health-a-lyon\/","url":"https:\/\/dpress.ma\/fr\/2026\/04\/08\/m-talbi-el-alami-represente-sa-majeste-le-roi-au-sommet-international-one-health-a-lyon\/","name":"M. Talbi El Alami repr\u00e9sente Sa Majest\u00e9 le Roi au Sommet international \u201cOne Health\u201d \u00e0 Lyon - Dpress.ma\/fr","isPartOf":{"@id":"https:\/\/dpress.ma\/fr\/#website"},"primaryImageOfPage":{"@id":"https:\/\/dpress.ma\/fr\/2026\/04\/08\/m-talbi-el-alami-represente-sa-majeste-le-roi-au-sommet-international-one-health-a-lyon\/#primaryimage"},"image":{"@id":"https:\/\/dpress.ma\/fr\/2026\/04\/08\/m-talbi-el-alami-represente-sa-majeste-le-roi-au-sommet-international-one-health-a-lyon\/#primaryimage"},"thumbnailUrl":"https:\/\/dpress.ma\/fr\/wp-content\/uploads\/sites\/2\/2026\/04\/51-4.jpg","datePublished":"2026-04-08T11:05:22+00:00","dateModified":"2026-04-08T11:05:23+00:00","author":{"@id":"https:\/\/dpress.ma\/fr\/#\/schema\/person\/4898febf3ccd59e6578d838656a306a0"},"breadcrumb":{"@id":"https:\/\/dpress.ma\/fr\/2026\/04\/08\/m-talbi-el-alami-represente-sa-majeste-le-roi-au-sommet-international-one-health-a-lyon\/#breadcrumb"},"inLanguage":"fr-FR","potentialAction":[{"@type":"ReadAction","target":["https:\/\/dpress.ma\/fr\/2026\/04\/08\/m-talbi-el-alami-represente-sa-majeste-le-roi-au-sommet-international-one-health-a-lyon\/"]}]},{"@type":"ImageObject","inLanguage":"fr-FR","@id":"https:\/\/dpress.ma\/fr\/2026\/04\/08\/m-talbi-el-alami-represente-sa-majeste-le-roi-au-sommet-international-one-health-a-lyon\/#primaryimage","url":"https:\/\/dpress.ma\/fr\/wp-content\/uploads\/sites\/2\/2026\/04\/51-4.jpg","contentUrl":"https:\/\/dpress.ma\/fr\/wp-content\/uploads\/sites\/2\/2026\/04\/51-4.jpg","width":2539,"height":1594},{"@type":"BreadcrumbList","@id":"https:\/\/dpress.ma\/fr\/2026\/04\/08\/m-talbi-el-alami-represente-sa-majeste-le-roi-au-sommet-international-one-health-a-lyon\/#breadcrumb","itemListElement":[{"@type":"ListItem","position":1,"name":"Home","item":"https:\/\/dpress.ma\/fr\/"},{"@type":"ListItem","position":2,"name":"M. Talbi El Alami repr\u00e9sente Sa Majest\u00e9 le Roi au Sommet international \u201cOne Health\u201d \u00e0 Lyon"}]},{"@type":"WebSite","@id":"https:\/\/dpress.ma\/fr\/#website","url":"https:\/\/dpress.ma\/fr\/","name":"Dpress.ma\/fr","description":"","potentialAction":[{"@type":"SearchAction","target":{"@type":"EntryPoint","urlTemplate":"https:\/\/dpress.ma\/fr\/?s={search_term_string}"},"query-input":{"@type":"PropertyValueSpecification","valueRequired":true,"valueName":"search_term_string"}}],"inLanguage":"fr-FR"},{"@type":"Person","@id":"https:\/\/dpress.ma\/fr\/#\/schema\/person\/4898febf3ccd59e6578d838656a306a0","name":"Dpress.ma","image":{"@type":"ImageObject","inLanguage":"fr-FR","@id":"https:\/\/secure.gravatar.com\/avatar\/72ecc30e9db047a2e0e7176561eb9d564ed77c8108376495b19bd8336405198a?s=96&d=mm&r=g","url":"https:\/\/secure.gravatar.com\/avatar\/72ecc30e9db047a2e0e7176561eb9d564ed77c8108376495b19bd8336405198a?s=96&d=mm&r=g","contentUrl":"https:\/\/secure.gravatar.com\/avatar\/72ecc30e9db047a2e0e7176561eb9d564ed77c8108376495b19bd8336405198a?s=96&d=mm&r=g","caption":"Dpress.ma"},"sameAs":["https:\/\/www.dpress.ma"],"url":"https:\/\/dpress.ma\/fr\/author\/dpress-ma\/"}]}},"amp_enabled":true,"_links":{"self":[{"href":"https:\/\/dpress.ma\/fr\/wp-json\/wp\/v2\/posts\/27866","targetHints":{"allow":["GET"]}}],"collection":[{"href":"https:\/\/dpress.ma\/fr\/wp-json\/wp\/v2\/posts"}],"about":[{"href":"https:\/\/dpress.ma\/fr\/wp-json\/wp\/v2\/types\/post"}],"author":[{"embeddable":true,"href":"https:\/\/dpress.ma\/fr\/wp-json\/wp\/v2\/users\/2"}],"replies":[{"embeddable":true,"href":"https:\/\/dpress.ma\/fr\/wp-json\/wp\/v2\/comments?post=27866"}],"version-history":[{"count":1,"href":"https:\/\/dpress.ma\/fr\/wp-json\/wp\/v2\/posts\/27866\/revisions"}],"predecessor-version":[{"id":27867,"href":"https:\/\/dpress.ma\/fr\/wp-json\/wp\/v2\/posts\/27866\/revisions\/27867"}],"wp:featuredmedia":[{"embeddable":true,"href":"https:\/\/dpress.ma\/fr\/wp-json\/wp\/v2\/media\/27864"}],"wp:attachment":[{"href":"https:\/\/dpress.ma\/fr\/wp-json\/wp\/v2\/media?parent=27866"}],"wp:term":[{"taxonomy":"category","embeddable":true,"href":"https:\/\/dpress.ma\/fr\/wp-json\/wp\/v2\/categories?post=27866"},{"taxonomy":"post_tag","embeddable":true,"href":"https:\/\/dpress.ma\/fr\/wp-json\/wp\/v2\/tags?post=27866"}],"curies":[{"name":"wp","href":"https:\/\/api.w.org\/{rel}","templated":true}]}}