{"id":27854,"date":"2026-04-08T10:57:31","date_gmt":"2026-04-08T10:57:31","guid":{"rendered":"https:\/\/dpress.ma\/fr\/?p=27854"},"modified":"2026-04-08T10:57:33","modified_gmt":"2026-04-08T10:57:33","slug":"marrakech-mise-en-exergue-du-role-cle-de-la-diaspora-dans-le-developpement-economique-du-maroc","status":"publish","type":"post","link":"https:\/\/dpress.ma\/fr\/2026\/04\/08\/marrakech-mise-en-exergue-du-role-cle-de-la-diaspora-dans-le-developpement-economique-du-maroc\/","title":{"rendered":"Marrakech: Mise en exergue du r\u00f4le cl\u00e9 de la diaspora dans le d\u00e9veloppement \u00e9conomique du Maroc"},"content":{"rendered":"\n<p>Dpress<\/p>\n\n\n\n<p>La 4e \u00e9dition de Global Talents Connect, une&nbsp;rencontre annuelle f\u00e9d\u00e9rant des talents marocains et des acteurs institutionnels et \u00e9conomiques de haut niveau,&nbsp;a mis en lumi\u00e8re, mardi \u00e0 Marrakech, le r\u00f4le cl\u00e9 de la diaspora dans l\u2019acc\u00e9l\u00e9ration du d\u00e9veloppement \u00e9conomique et technologique du Royaume.<\/p>\n\n\n\n<p>Organis\u00e9e en marge du GITEX Africa 2026, par MeM by CGEM, la 13e r\u00e9gion de la Conf\u00e9d\u00e9ration g\u00e9n\u00e9rale des entreprises du Maroc (CGEM) d\u00e9di\u00e9e aux Marocains entrepreneurs et hauts potentiels du Monde, en partenariat avec le minist\u00e8re de l\u2019Investissement, de la Convergence et de l\u2019Evaluation des Politiques Publiques et l\u2019Agence Marocaine de D\u00e9veloppement des Investissements et des Exportations (AMDIE), cette \u00e9dition a r\u00e9uni des participants&nbsp;issus de plus de 45 pays autour d\u2019un objectif commun, celui de renforcer les synergies avec l\u2019\u00e9cosyst\u00e8me national, en droite ligne avec les Hautes Orientations Royales.<\/p>\n\n\n\n<p>S\u2019inscrivant dans une dynamique de valorisation du capital humain \u00e0 l\u2019international et de mobilisation de la diaspora en faveur du d\u00e9veloppement \u00e9conomique du Maroc, cet \u00e9v\u00e9nement vise&nbsp;\u00e0 positionner le Maroc en tant que plateforme strat\u00e9gique d\u2019investissement, d\u2019innovation et de cr\u00e9ation de valeur, en lien avec les grandes transformations \u00e9conomiques et industrielles en cours.<\/p>\n\n\n\n<p>Intervenant \u00e0 l\u2019ouverture de cette rencontre, le ministre d\u00e9l\u00e9gu\u00e9 charg\u00e9 de l\u2019Investissement, de la Convergence et de l\u2019Evaluation des Politiques publiques, Karim Zidane, a mis en avant le r\u00f4le strat\u00e9gique de la diaspora marocaine comme levier majeur de transformation \u00e9conomique.<\/p>\n\n\n\n<p>Dans ce cadre, il a rappel\u00e9 que les Marocains du monde constituent une richesse unique, porteuse de comp\u00e9tences, de r\u00e9seaux et d\u2019une forte volont\u00e9 de contribuer au d\u00e9veloppement du Royaume, indiquant que son d\u00e9partement a \u00e9rig\u00e9 leur accompagnement en priorit\u00e9 afin de transformer les intentions d\u2019investissement en projets concrets, rapides et s\u00e9curis\u00e9s.<\/p>\n\n\n\n<p>Et d\u2019ajouter que&nbsp;des dispositifs d\u00e9di\u00e9s ont \u00e9t\u00e9 mis en place, notamment \u00e0 travers les Centres R\u00e9gionaux d\u2019Investissement (CRI) et l\u2019action renforc\u00e9e de l\u2019AMDIE, insistant \u00e9galement sur&nbsp;un changement de paradigme visant \u00e0 am\u00e9liorer durablement le climat des affaires, \u00e0 travers des r\u00e9formes structurantes et une simplification des proc\u00e9dures.<\/p>\n\n\n\n<p>De son c\u00f4t\u00e9, le pr\u00e9sident de la CGEM, Chakib Alj, a soulign\u00e9 l\u2019importance que la Conf\u00e9d\u00e9ration accorde \u00e0 la diaspora marocaine, ainsi que les initiatives port\u00e9es par MeM by CGEM pour mobiliser et valoriser les talents marocains \u00e0 l\u2019international, en vue de renforcer leur contribution au d\u00e9veloppement \u00e9conomique et technologique du Royaume.<\/p>\n\n\n\n<p>Il a aussi rappel\u00e9 l\u2019engagement constant de la CGEM en faveur de la structuration d\u2019un \u00e9cosyst\u00e8me technologique national performant et comp\u00e9titif, pleinement ouvert sur le monde, o\u00f9 la diaspora constitue un levier cl\u00e9 d\u2019innovation, de transfert de comp\u00e9tences et d\u2019acc\u00e9l\u00e9ration de la croissance.<\/p>\n\n\n\n<p>Dans la continuit\u00e9 de cette dynamique de mobilisation et de valorisation des talents marocains \u00e0 l\u2019international, Kenza Khalil, secr\u00e9taire g\u00e9n\u00e9rale de l\u2019AMDIE, a mis l\u2019accent sur l\u2019attention particuli\u00e8re que l\u2019Agence accorde \u00e0 la diaspora marocaine, en tenant r\u00e9guli\u00e8rement des rencontres d\u00e9di\u00e9es aux Marocains du Monde visant \u00e0 accompagner et faciliter leurs d\u00e9marches d\u2019investissement et \u00e0 encourager leur implication active dans les dynamiques \u00e9conomiques nationales.<\/p>\n\n\n\n<p>L\u2019Agence \u0153uvre ainsi \u00e0 cr\u00e9er des passerelles concr\u00e8tes entre les talents de la diaspora et les opportunit\u00e9s d\u2019investissement au Maroc, dans une logique d\u2019impact durable, a-t-elle fait observer.<\/p>\n\n\n\n<p>Cette rencontre a \u00e9t\u00e9 marqu\u00e9e par&nbsp;une session interactive consacr\u00e9e \u00e0 l\u2019identification et \u00e0 la lev\u00e9e des freins op\u00e9rationnels rencontr\u00e9s par les investisseurs de la diaspora, o\u00f9&nbsp;les&nbsp;\u00e9changes ont port\u00e9 sur l\u2019am\u00e9lioration continue du climat des affaires, le renforcement de l\u2019accompagnement des startups et l\u2019adaptation des m\u00e9canismes de financement.<\/p>\n\n\n\n<p>Un accent particulier a \u00e9t\u00e9 mis sur le r\u00f4le du financement et de l\u2019\u00e9cosyst\u00e8me acad\u00e9mique dans l\u2019\u00e9mergence de projets innovants \u00e0 fort potentiel.<\/p>\n\n\n\n<p>La session a \u00e9galement permis de baliser le parcours des entrepreneurs de la diaspora via des dispositifs d\u00e9di\u00e9s, tout en consacrant une part essentielle aux initiatives \u201cLadies MeM\u201d, v\u00e9ritables vitrines du leadership f\u00e9minin \u00e0 l\u2019\u00e9chelle mondiale.<\/p>\n\n\n\n<p>Plac\u00e9e sous le Haut Patronage de Sa Majest\u00e9 le Roi Mohammed VI, la 4e \u00e9dition du GITEX Africa Morocco (7-9 avril) r\u00e9unit quelque 50.000 participants et plus de 1.450 exposants issus de 130 pays, pour d\u00e9battre des enjeux de l\u2019\u00e9conomie num\u00e9rique africaine \u00e0 l\u2019\u00e8re de l\u2019intelligence artificielle.<\/p>\n","protected":false},"excerpt":{"rendered":"<p>Dpress La 4e \u00e9dition de Global Talents Connect, une&nbsp;rencontre annuelle f\u00e9d\u00e9rant des talents marocains et des acteurs institutionnels et \u00e9conomiques de haut niveau,&nbsp;a mis en lumi\u00e8re, mardi \u00e0 Marrakech, le r\u00f4le cl\u00e9 de la diaspora dans l\u2019acc\u00e9l\u00e9ration du d\u00e9veloppement \u00e9conomique et technologique du Royaume. Organis\u00e9e en marge du GITEX Africa 2026, par MeM by CGEM, &hellip;<\/p>\n","protected":false},"author":2,"featured_media":27855,"comment_status":"open","ping_status":"open","sticky":false,"template":"","format":"standard","meta":{"footnotes":""},"categories":[25],"tags":[],"class_list":["post-27854","post","type-post","status-publish","format-standard","has-post-thumbnail","hentry","category-economie"],"yoast_head":"<!-- This site is optimized with the Yoast SEO plugin v27.5 - https:\/\/yoast.com\/product\/yoast-seo-wordpress\/ -->\n<title>Marrakech: Mise en exergue du r\u00f4le cl\u00e9 de la diaspora dans le d\u00e9veloppement \u00e9conomique du Maroc - Dpress.ma\/fr<\/title>\n<meta name=\"robots\" content=\"index, follow, max-snippet:-1, max-image-preview:large, max-video-preview:-1\" \/>\n<link rel=\"canonical\" href=\"https:\/\/dpress.ma\/fr\/2026\/04\/08\/marrakech-mise-en-exergue-du-role-cle-de-la-diaspora-dans-le-developpement-economique-du-maroc\/\" \/>\n<meta property=\"og:locale\" content=\"fr_FR\" \/>\n<meta property=\"og:type\" content=\"article\" \/>\n<meta property=\"og:title\" content=\"Marrakech: Mise en exergue du r\u00f4le cl\u00e9 de la diaspora dans le d\u00e9veloppement \u00e9conomique du Maroc - Dpress.ma\/fr\" \/>\n<meta property=\"og:description\" content=\"Dpress La 4e \u00e9dition de Global Talents Connect, une&nbsp;rencontre annuelle f\u00e9d\u00e9rant des talents marocains et des acteurs institutionnels et \u00e9conomiques de haut niveau,&nbsp;a mis en lumi\u00e8re, mardi \u00e0 Marrakech, le r\u00f4le cl\u00e9 de la diaspora dans l\u2019acc\u00e9l\u00e9ration du d\u00e9veloppement \u00e9conomique et technologique du Royaume. Organis\u00e9e en marge du GITEX Africa 2026, par MeM by CGEM, &hellip;\" \/>\n<meta property=\"og:url\" content=\"https:\/\/dpress.ma\/fr\/2026\/04\/08\/marrakech-mise-en-exergue-du-role-cle-de-la-diaspora-dans-le-developpement-economique-du-maroc\/\" \/>\n<meta property=\"og:site_name\" content=\"Dpress.ma\/fr\" \/>\n<meta property=\"article:published_time\" content=\"2026-04-08T10:57:31+00:00\" \/>\n<meta property=\"article:modified_time\" content=\"2026-04-08T10:57:33+00:00\" \/>\n<meta property=\"og:image\" content=\"https:\/\/dpress.ma\/fr\/wp-content\/uploads\/sites\/2\/2026\/04\/48-4.jpg\" \/>\n\t<meta property=\"og:image:width\" content=\"2539\" \/>\n\t<meta property=\"og:image:height\" content=\"1594\" \/>\n\t<meta property=\"og:image:type\" content=\"image\/jpeg\" \/>\n<meta name=\"author\" content=\"Dpress.ma\" \/>\n<meta name=\"twitter:card\" content=\"summary_large_image\" \/>\n<meta name=\"twitter:label1\" content=\"\u00c9crit par\" \/>\n\t<meta name=\"twitter:data1\" content=\"Dpress.ma\" \/>\n\t<meta name=\"twitter:label2\" content=\"Dur\u00e9e de lecture estim\u00e9e\" \/>\n\t<meta name=\"twitter:data2\" content=\"4 minutes\" \/>\n<script type=\"application\/ld+json\" class=\"yoast-schema-graph\">{\"@context\":\"https:\\\/\\\/schema.org\",\"@graph\":[{\"@type\":\"Article\",\"@id\":\"https:\\\/\\\/dpress.ma\\\/fr\\\/2026\\\/04\\\/08\\\/marrakech-mise-en-exergue-du-role-cle-de-la-diaspora-dans-le-developpement-economique-du-maroc\\\/#article\",\"isPartOf\":{\"@id\":\"https:\\\/\\\/dpress.ma\\\/fr\\\/2026\\\/04\\\/08\\\/marrakech-mise-en-exergue-du-role-cle-de-la-diaspora-dans-le-developpement-economique-du-maroc\\\/\"},\"author\":{\"name\":\"Dpress.ma\",\"@id\":\"https:\\\/\\\/dpress.ma\\\/fr\\\/#\\\/schema\\\/person\\\/4898febf3ccd59e6578d838656a306a0\"},\"headline\":\"Marrakech: Mise en exergue du r\u00f4le cl\u00e9 de la diaspora dans le d\u00e9veloppement \u00e9conomique du Maroc\",\"datePublished\":\"2026-04-08T10:57:31+00:00\",\"dateModified\":\"2026-04-08T10:57:33+00:00\",\"mainEntityOfPage\":{\"@id\":\"https:\\\/\\\/dpress.ma\\\/fr\\\/2026\\\/04\\\/08\\\/marrakech-mise-en-exergue-du-role-cle-de-la-diaspora-dans-le-developpement-economique-du-maroc\\\/\"},\"wordCount\":803,\"commentCount\":0,\"image\":{\"@id\":\"https:\\\/\\\/dpress.ma\\\/fr\\\/2026\\\/04\\\/08\\\/marrakech-mise-en-exergue-du-role-cle-de-la-diaspora-dans-le-developpement-economique-du-maroc\\\/#primaryimage\"},\"thumbnailUrl\":\"https:\\\/\\\/dpress.ma\\\/fr\\\/wp-content\\\/uploads\\\/sites\\\/2\\\/2026\\\/04\\\/48-4.jpg\",\"articleSection\":[\"\u00c9conomie\"],\"inLanguage\":\"fr-FR\",\"potentialAction\":[{\"@type\":\"CommentAction\",\"name\":\"Comment\",\"target\":[\"https:\\\/\\\/dpress.ma\\\/fr\\\/2026\\\/04\\\/08\\\/marrakech-mise-en-exergue-du-role-cle-de-la-diaspora-dans-le-developpement-economique-du-maroc\\\/#respond\"]}]},{\"@type\":\"WebPage\",\"@id\":\"https:\\\/\\\/dpress.ma\\\/fr\\\/2026\\\/04\\\/08\\\/marrakech-mise-en-exergue-du-role-cle-de-la-diaspora-dans-le-developpement-economique-du-maroc\\\/\",\"url\":\"https:\\\/\\\/dpress.ma\\\/fr\\\/2026\\\/04\\\/08\\\/marrakech-mise-en-exergue-du-role-cle-de-la-diaspora-dans-le-developpement-economique-du-maroc\\\/\",\"name\":\"Marrakech: Mise en exergue du r\u00f4le cl\u00e9 de la diaspora dans le d\u00e9veloppement \u00e9conomique du Maroc - Dpress.ma\\\/fr\",\"isPartOf\":{\"@id\":\"https:\\\/\\\/dpress.ma\\\/fr\\\/#website\"},\"primaryImageOfPage\":{\"@id\":\"https:\\\/\\\/dpress.ma\\\/fr\\\/2026\\\/04\\\/08\\\/marrakech-mise-en-exergue-du-role-cle-de-la-diaspora-dans-le-developpement-economique-du-maroc\\\/#primaryimage\"},\"image\":{\"@id\":\"https:\\\/\\\/dpress.ma\\\/fr\\\/2026\\\/04\\\/08\\\/marrakech-mise-en-exergue-du-role-cle-de-la-diaspora-dans-le-developpement-economique-du-maroc\\\/#primaryimage\"},\"thumbnailUrl\":\"https:\\\/\\\/dpress.ma\\\/fr\\\/wp-content\\\/uploads\\\/sites\\\/2\\\/2026\\\/04\\\/48-4.jpg\",\"datePublished\":\"2026-04-08T10:57:31+00:00\",\"dateModified\":\"2026-04-08T10:57:33+00:00\",\"author\":{\"@id\":\"https:\\\/\\\/dpress.ma\\\/fr\\\/#\\\/schema\\\/person\\\/4898febf3ccd59e6578d838656a306a0\"},\"breadcrumb\":{\"@id\":\"https:\\\/\\\/dpress.ma\\\/fr\\\/2026\\\/04\\\/08\\\/marrakech-mise-en-exergue-du-role-cle-de-la-diaspora-dans-le-developpement-economique-du-maroc\\\/#breadcrumb\"},\"inLanguage\":\"fr-FR\",\"potentialAction\":[{\"@type\":\"ReadAction\",\"target\":[\"https:\\\/\\\/dpress.ma\\\/fr\\\/2026\\\/04\\\/08\\\/marrakech-mise-en-exergue-du-role-cle-de-la-diaspora-dans-le-developpement-economique-du-maroc\\\/\"]}]},{\"@type\":\"ImageObject\",\"inLanguage\":\"fr-FR\",\"@id\":\"https:\\\/\\\/dpress.ma\\\/fr\\\/2026\\\/04\\\/08\\\/marrakech-mise-en-exergue-du-role-cle-de-la-diaspora-dans-le-developpement-economique-du-maroc\\\/#primaryimage\",\"url\":\"https:\\\/\\\/dpress.ma\\\/fr\\\/wp-content\\\/uploads\\\/sites\\\/2\\\/2026\\\/04\\\/48-4.jpg\",\"contentUrl\":\"https:\\\/\\\/dpress.ma\\\/fr\\\/wp-content\\\/uploads\\\/sites\\\/2\\\/2026\\\/04\\\/48-4.jpg\",\"width\":2539,\"height\":1594},{\"@type\":\"BreadcrumbList\",\"@id\":\"https:\\\/\\\/dpress.ma\\\/fr\\\/2026\\\/04\\\/08\\\/marrakech-mise-en-exergue-du-role-cle-de-la-diaspora-dans-le-developpement-economique-du-maroc\\\/#breadcrumb\",\"itemListElement\":[{\"@type\":\"ListItem\",\"position\":1,\"name\":\"Home\",\"item\":\"https:\\\/\\\/dpress.ma\\\/fr\\\/\"},{\"@type\":\"ListItem\",\"position\":2,\"name\":\"Marrakech: Mise en exergue du r\u00f4le cl\u00e9 de la diaspora dans le d\u00e9veloppement \u00e9conomique du Maroc\"}]},{\"@type\":\"WebSite\",\"@id\":\"https:\\\/\\\/dpress.ma\\\/fr\\\/#website\",\"url\":\"https:\\\/\\\/dpress.ma\\\/fr\\\/\",\"name\":\"Dpress.ma\\\/fr\",\"description\":\"\",\"potentialAction\":[{\"@type\":\"SearchAction\",\"target\":{\"@type\":\"EntryPoint\",\"urlTemplate\":\"https:\\\/\\\/dpress.ma\\\/fr\\\/?s={search_term_string}\"},\"query-input\":{\"@type\":\"PropertyValueSpecification\",\"valueRequired\":true,\"valueName\":\"search_term_string\"}}],\"inLanguage\":\"fr-FR\"},{\"@type\":\"Person\",\"@id\":\"https:\\\/\\\/dpress.ma\\\/fr\\\/#\\\/schema\\\/person\\\/4898febf3ccd59e6578d838656a306a0\",\"name\":\"Dpress.ma\",\"image\":{\"@type\":\"ImageObject\",\"inLanguage\":\"fr-FR\",\"@id\":\"https:\\\/\\\/secure.gravatar.com\\\/avatar\\\/72ecc30e9db047a2e0e7176561eb9d564ed77c8108376495b19bd8336405198a?s=96&d=mm&r=g\",\"url\":\"https:\\\/\\\/secure.gravatar.com\\\/avatar\\\/72ecc30e9db047a2e0e7176561eb9d564ed77c8108376495b19bd8336405198a?s=96&d=mm&r=g\",\"contentUrl\":\"https:\\\/\\\/secure.gravatar.com\\\/avatar\\\/72ecc30e9db047a2e0e7176561eb9d564ed77c8108376495b19bd8336405198a?s=96&d=mm&r=g\",\"caption\":\"Dpress.ma\"},\"sameAs\":[\"https:\\\/\\\/www.dpress.ma\"],\"url\":\"https:\\\/\\\/dpress.ma\\\/fr\\\/author\\\/dpress-ma\\\/\"}]}<\/script>\n<!-- \/ Yoast SEO plugin. -->","yoast_head_json":{"title":"Marrakech: Mise en exergue du r\u00f4le cl\u00e9 de la diaspora dans le d\u00e9veloppement \u00e9conomique du Maroc - Dpress.ma\/fr","robots":{"index":"index","follow":"follow","max-snippet":"max-snippet:-1","max-image-preview":"max-image-preview:large","max-video-preview":"max-video-preview:-1"},"canonical":"https:\/\/dpress.ma\/fr\/2026\/04\/08\/marrakech-mise-en-exergue-du-role-cle-de-la-diaspora-dans-le-developpement-economique-du-maroc\/","og_locale":"fr_FR","og_type":"article","og_title":"Marrakech: Mise en exergue du r\u00f4le cl\u00e9 de la diaspora dans le d\u00e9veloppement \u00e9conomique du Maroc - Dpress.ma\/fr","og_description":"Dpress La 4e \u00e9dition de Global Talents Connect, une&nbsp;rencontre annuelle f\u00e9d\u00e9rant des talents marocains et des acteurs institutionnels et \u00e9conomiques de haut niveau,&nbsp;a mis en lumi\u00e8re, mardi \u00e0 Marrakech, le r\u00f4le cl\u00e9 de la diaspora dans l\u2019acc\u00e9l\u00e9ration du d\u00e9veloppement \u00e9conomique et technologique du Royaume. Organis\u00e9e en marge du GITEX Africa 2026, par MeM by CGEM, &hellip;","og_url":"https:\/\/dpress.ma\/fr\/2026\/04\/08\/marrakech-mise-en-exergue-du-role-cle-de-la-diaspora-dans-le-developpement-economique-du-maroc\/","og_site_name":"Dpress.ma\/fr","article_published_time":"2026-04-08T10:57:31+00:00","article_modified_time":"2026-04-08T10:57:33+00:00","og_image":[{"width":2539,"height":1594,"url":"https:\/\/dpress.ma\/fr\/wp-content\/uploads\/sites\/2\/2026\/04\/48-4.jpg","type":"image\/jpeg"}],"author":"Dpress.ma","twitter_card":"summary_large_image","twitter_misc":{"\u00c9crit par":"Dpress.ma","Dur\u00e9e de lecture estim\u00e9e":"4 minutes"},"schema":{"@context":"https:\/\/schema.org","@graph":[{"@type":"Article","@id":"https:\/\/dpress.ma\/fr\/2026\/04\/08\/marrakech-mise-en-exergue-du-role-cle-de-la-diaspora-dans-le-developpement-economique-du-maroc\/#article","isPartOf":{"@id":"https:\/\/dpress.ma\/fr\/2026\/04\/08\/marrakech-mise-en-exergue-du-role-cle-de-la-diaspora-dans-le-developpement-economique-du-maroc\/"},"author":{"name":"Dpress.ma","@id":"https:\/\/dpress.ma\/fr\/#\/schema\/person\/4898febf3ccd59e6578d838656a306a0"},"headline":"Marrakech: Mise en exergue du r\u00f4le cl\u00e9 de la diaspora dans le d\u00e9veloppement \u00e9conomique du Maroc","datePublished":"2026-04-08T10:57:31+00:00","dateModified":"2026-04-08T10:57:33+00:00","mainEntityOfPage":{"@id":"https:\/\/dpress.ma\/fr\/2026\/04\/08\/marrakech-mise-en-exergue-du-role-cle-de-la-diaspora-dans-le-developpement-economique-du-maroc\/"},"wordCount":803,"commentCount":0,"image":{"@id":"https:\/\/dpress.ma\/fr\/2026\/04\/08\/marrakech-mise-en-exergue-du-role-cle-de-la-diaspora-dans-le-developpement-economique-du-maroc\/#primaryimage"},"thumbnailUrl":"https:\/\/dpress.ma\/fr\/wp-content\/uploads\/sites\/2\/2026\/04\/48-4.jpg","articleSection":["\u00c9conomie"],"inLanguage":"fr-FR","potentialAction":[{"@type":"CommentAction","name":"Comment","target":["https:\/\/dpress.ma\/fr\/2026\/04\/08\/marrakech-mise-en-exergue-du-role-cle-de-la-diaspora-dans-le-developpement-economique-du-maroc\/#respond"]}]},{"@type":"WebPage","@id":"https:\/\/dpress.ma\/fr\/2026\/04\/08\/marrakech-mise-en-exergue-du-role-cle-de-la-diaspora-dans-le-developpement-economique-du-maroc\/","url":"https:\/\/dpress.ma\/fr\/2026\/04\/08\/marrakech-mise-en-exergue-du-role-cle-de-la-diaspora-dans-le-developpement-economique-du-maroc\/","name":"Marrakech: Mise en exergue du r\u00f4le cl\u00e9 de la diaspora dans le d\u00e9veloppement \u00e9conomique du Maroc - Dpress.ma\/fr","isPartOf":{"@id":"https:\/\/dpress.ma\/fr\/#website"},"primaryImageOfPage":{"@id":"https:\/\/dpress.ma\/fr\/2026\/04\/08\/marrakech-mise-en-exergue-du-role-cle-de-la-diaspora-dans-le-developpement-economique-du-maroc\/#primaryimage"},"image":{"@id":"https:\/\/dpress.ma\/fr\/2026\/04\/08\/marrakech-mise-en-exergue-du-role-cle-de-la-diaspora-dans-le-developpement-economique-du-maroc\/#primaryimage"},"thumbnailUrl":"https:\/\/dpress.ma\/fr\/wp-content\/uploads\/sites\/2\/2026\/04\/48-4.jpg","datePublished":"2026-04-08T10:57:31+00:00","dateModified":"2026-04-08T10:57:33+00:00","author":{"@id":"https:\/\/dpress.ma\/fr\/#\/schema\/person\/4898febf3ccd59e6578d838656a306a0"},"breadcrumb":{"@id":"https:\/\/dpress.ma\/fr\/2026\/04\/08\/marrakech-mise-en-exergue-du-role-cle-de-la-diaspora-dans-le-developpement-economique-du-maroc\/#breadcrumb"},"inLanguage":"fr-FR","potentialAction":[{"@type":"ReadAction","target":["https:\/\/dpress.ma\/fr\/2026\/04\/08\/marrakech-mise-en-exergue-du-role-cle-de-la-diaspora-dans-le-developpement-economique-du-maroc\/"]}]},{"@type":"ImageObject","inLanguage":"fr-FR","@id":"https:\/\/dpress.ma\/fr\/2026\/04\/08\/marrakech-mise-en-exergue-du-role-cle-de-la-diaspora-dans-le-developpement-economique-du-maroc\/#primaryimage","url":"https:\/\/dpress.ma\/fr\/wp-content\/uploads\/sites\/2\/2026\/04\/48-4.jpg","contentUrl":"https:\/\/dpress.ma\/fr\/wp-content\/uploads\/sites\/2\/2026\/04\/48-4.jpg","width":2539,"height":1594},{"@type":"BreadcrumbList","@id":"https:\/\/dpress.ma\/fr\/2026\/04\/08\/marrakech-mise-en-exergue-du-role-cle-de-la-diaspora-dans-le-developpement-economique-du-maroc\/#breadcrumb","itemListElement":[{"@type":"ListItem","position":1,"name":"Home","item":"https:\/\/dpress.ma\/fr\/"},{"@type":"ListItem","position":2,"name":"Marrakech: Mise en exergue du r\u00f4le cl\u00e9 de la diaspora dans le d\u00e9veloppement \u00e9conomique du Maroc"}]},{"@type":"WebSite","@id":"https:\/\/dpress.ma\/fr\/#website","url":"https:\/\/dpress.ma\/fr\/","name":"Dpress.ma\/fr","description":"","potentialAction":[{"@type":"SearchAction","target":{"@type":"EntryPoint","urlTemplate":"https:\/\/dpress.ma\/fr\/?s={search_term_string}"},"query-input":{"@type":"PropertyValueSpecification","valueRequired":true,"valueName":"search_term_string"}}],"inLanguage":"fr-FR"},{"@type":"Person","@id":"https:\/\/dpress.ma\/fr\/#\/schema\/person\/4898febf3ccd59e6578d838656a306a0","name":"Dpress.ma","image":{"@type":"ImageObject","inLanguage":"fr-FR","@id":"https:\/\/secure.gravatar.com\/avatar\/72ecc30e9db047a2e0e7176561eb9d564ed77c8108376495b19bd8336405198a?s=96&d=mm&r=g","url":"https:\/\/secure.gravatar.com\/avatar\/72ecc30e9db047a2e0e7176561eb9d564ed77c8108376495b19bd8336405198a?s=96&d=mm&r=g","contentUrl":"https:\/\/secure.gravatar.com\/avatar\/72ecc30e9db047a2e0e7176561eb9d564ed77c8108376495b19bd8336405198a?s=96&d=mm&r=g","caption":"Dpress.ma"},"sameAs":["https:\/\/www.dpress.ma"],"url":"https:\/\/dpress.ma\/fr\/author\/dpress-ma\/"}]}},"amp_enabled":true,"_links":{"self":[{"href":"https:\/\/dpress.ma\/fr\/wp-json\/wp\/v2\/posts\/27854","targetHints":{"allow":["GET"]}}],"collection":[{"href":"https:\/\/dpress.ma\/fr\/wp-json\/wp\/v2\/posts"}],"about":[{"href":"https:\/\/dpress.ma\/fr\/wp-json\/wp\/v2\/types\/post"}],"author":[{"embeddable":true,"href":"https:\/\/dpress.ma\/fr\/wp-json\/wp\/v2\/users\/2"}],"replies":[{"embeddable":true,"href":"https:\/\/dpress.ma\/fr\/wp-json\/wp\/v2\/comments?post=27854"}],"version-history":[{"count":1,"href":"https:\/\/dpress.ma\/fr\/wp-json\/wp\/v2\/posts\/27854\/revisions"}],"predecessor-version":[{"id":27856,"href":"https:\/\/dpress.ma\/fr\/wp-json\/wp\/v2\/posts\/27854\/revisions\/27856"}],"wp:featuredmedia":[{"embeddable":true,"href":"https:\/\/dpress.ma\/fr\/wp-json\/wp\/v2\/media\/27855"}],"wp:attachment":[{"href":"https:\/\/dpress.ma\/fr\/wp-json\/wp\/v2\/media?parent=27854"}],"wp:term":[{"taxonomy":"category","embeddable":true,"href":"https:\/\/dpress.ma\/fr\/wp-json\/wp\/v2\/categories?post=27854"},{"taxonomy":"post_tag","embeddable":true,"href":"https:\/\/dpress.ma\/fr\/wp-json\/wp\/v2\/tags?post=27854"}],"curies":[{"name":"wp","href":"https:\/\/api.w.org\/{rel}","templated":true}]}}