{"id":27851,"date":"2026-04-08T10:56:29","date_gmt":"2026-04-08T10:56:29","guid":{"rendered":"https:\/\/dpress.ma\/fr\/?p=27851"},"modified":"2026-04-08T10:56:32","modified_gmt":"2026-04-08T10:56:32","slug":"gitex-africa-morocco-lancement-dune-offre-integree-de-digitalisation-au-profit-des-artisans","status":"publish","type":"post","link":"https:\/\/dpress.ma\/fr\/2026\/04\/08\/gitex-africa-morocco-lancement-dune-offre-integree-de-digitalisation-au-profit-des-artisans\/","title":{"rendered":"GITEX Africa Morocco : Lancement d\u2019une offre int\u00e9gr\u00e9e de digitalisation au profit des artisans"},"content":{"rendered":"\n<p>Dpress<\/p>\n\n\n\n<p>Une offre int\u00e9gr\u00e9e de digitalisation et un programme structur\u00e9 de formation et d\u2019accompagnement au profit des artisans&nbsp;ont \u00e9t\u00e9 lanc\u00e9s, mardi \u00e0 Marrakech, \u00e0 l\u2019occasion de la 4\u1d49&nbsp;\u00e9dition du GITEX Africa Morocco (7-9 avril).<\/p>\n\n\n\n<p>D\u00e9velopp\u00e9e dans le cadre de la feuille de route du Secr\u00e9tariat d\u2019\u00c9tat charg\u00e9 de l\u2019Artisanat et de l\u2019\u00c9conomie sociale et solidaire et de la Maison de l\u2019Artisan, cette initiative vise \u00e0 promouvoir le secteur de l\u2019artisanat, \u00e0 renforcer sa comp\u00e9titivit\u00e9 et \u00e0 am\u00e9liorer les performances des artisans.<\/p>\n\n\n\n<p>S\u2019inscrivant dans la mise en \u0153uvre du m\u00e9morandum d\u2019entente sign\u00e9 en mai 2025 avec Mastercard, le Groupe Banque Centrale Populaire et M2T en vue d\u2019acc\u00e9l\u00e9rer la digitalisation du secteur de l\u2019artisanat, l\u2019offre int\u00e9gr\u00e9e repose sur un dispositif op\u00e9rationnel complet visant \u00e0 faciliter l\u2019adoption des outils num\u00e9riques par les artisans.<\/p>\n\n\n\n<p>Elle comprend notamment le d\u00e9ploiement de solutions de paiement \u00e9lectronique adapt\u00e9es et innovantes telles que App to App et SoftPOS permettant l\u2019acceptation des paiements directement via smartphone. Ces solutions s\u2019accompagnent de services d\u2019installation, de maintenance et d\u2019acceptation du paiement \u00e0 distance, notamment via internet.<\/p>\n\n\n\n<p>Le programme de formation et d\u2019accompagnement ambitionne quant \u00e0 lui de renforcer les comp\u00e9tences digitales des artisans, d\u2019am\u00e9liorer leur pr\u00e9sence en ligne et de favoriser leur appropriation des outils num\u00e9riques, y compris les technologies li\u00e9es \u00e0 l\u2019intelligence artificielle. Le but \u00e9tant de promouvoir le secteur de l\u2019artisanat qui s\u2019\u00e9rige en un vecteur du d\u00e9veloppement \u00e9conomique.<\/p>\n\n\n\n<p>A cette occasion, le secr\u00e9taire d\u2019\u00c9tat charg\u00e9 de l\u2019Artisanat et de l\u2019\u00c9conomie sociale et solidaire, Lahcen Essaadi, a indiqu\u00e9 que la digitalisation de l\u2019artisanat s\u2019impose comme un choix strat\u00e9gique et un levier de renforcement de la comp\u00e9titivit\u00e9 du secteur, dans le contexte mondial actuel marqu\u00e9 par l\u2019essor du num\u00e9rique.<\/p>\n\n\n\n<p>Bien plus qu\u2019une simple int\u00e9gration de la technologie dans les op\u00e9rations commerciales, la transformation digitale de l\u2019artisanat ouvre des perspectives prometteuses pour promouvoir le secteur, \u00e0 travers la diversification des canaux de commercialisation, notamment via le e-commerce, la conqu\u00eate de nouveaux clients et le renforcement du positionnement des produits artisanaux au sein des cha\u00eenes de valeurs mondiales, a-t-il expliqu\u00e9.<\/p>\n\n\n\n<p>L\u2019adoption de solutions num\u00e9riques, notamment dans le domaine des paiements \u00e9lectroniques, est \u00e9galement susceptible de renforcer l\u2019inclusion financi\u00e8re des artisans, en facilitant leur acc\u00e8s \u00e0 des services financiers adapt\u00e9s en phase avec les sp\u00e9cificit\u00e9s de leurs activit\u00e9s, a pr\u00e9cis\u00e9 M. Essaadi.<\/p>\n\n\n\n<p>De son c\u00f4t\u00e9, le directeur g\u00e9n\u00e9ral de la Maison de l\u2019Artisan, Tarik Sadik, a mis l\u2019accent sur les efforts d\u00e9ploy\u00e9s en vue d\u2019acc\u00e9l\u00e9rer la digitalisation du secteur et d\u2019accompagner les artisans dans leur transition vers de nouveaux canaux de commercialisation.<\/p>\n\n\n\n<p>Le directeur g\u00e9n\u00e9ral de Maroc Traitement de transactions (M2T), Omar El Mghari Idrissi, a pour sa part estim\u00e9 que la digitalisation du secteur de l\u2019artisanat exige le d\u00e9veloppement de solutions num\u00e9riques adapt\u00e9es aussi bien aux clients marocains et \u00e9trangers qu\u2019aux artisans, afin que l\u2019acte de paiement ou d\u2019acception des paiements ne soit en aucun cas per\u00e7u comme une contrainte.<\/p>\n\n\n\n<p>Le&nbsp;secr\u00e9taire g\u00e9n\u00e9ral de la Fondation Cr\u00e9ation d\u2019entreprises du Groupe Banque Centrale Populaire, Hassan Charaf, a \u00e0 son tour fait observer que la Fondation propose aux artisans un accompagnement \u00e0 la fois physique et digital.<\/p>\n\n\n\n<p>\u201cNous veillons \u00e0 rencontrer les artisans, \u00e0 les coacher et \u00e0 d\u00e9velopper avec eux un business model adapt\u00e9, tout en mettant \u00e0 leur disposition diverses capsules pour qu\u2019ils puissent se former \u00e0 tout moment, n\u2019importe o\u00f9 et via n\u2019importe quel device, outre leur mise en relation avec le syst\u00e8me bancaire\u201d, a-t-il pr\u00e9cis\u00e9.<\/p>\n\n\n\n<p>Pour sa part, le directeur g\u00e9n\u00e9ral de Mastercard North West &amp; Fancophone Africa, Mohamed Benomar, a pass\u00e9 en revue les actions entreprises par Mastercard pour partager son expertise avec les artisans et&nbsp;doter le secteur de l\u2019artisanat des outils n\u00e9cessaires pour acc\u00e9l\u00e9rer sa transformation et consolider son positionnement sur les march\u00e9s.<\/p>\n","protected":false},"excerpt":{"rendered":"<p>Dpress Une offre int\u00e9gr\u00e9e de digitalisation et un programme structur\u00e9 de formation et d\u2019accompagnement au profit des artisans&nbsp;ont \u00e9t\u00e9 lanc\u00e9s, mardi \u00e0 Marrakech, \u00e0 l\u2019occasion de la 4\u1d49&nbsp;\u00e9dition du GITEX Africa Morocco (7-9 avril). D\u00e9velopp\u00e9e dans le cadre de la feuille de route du Secr\u00e9tariat d\u2019\u00c9tat charg\u00e9 de l\u2019Artisanat et de l\u2019\u00c9conomie sociale et solidaire &hellip;<\/p>\n","protected":false},"author":2,"featured_media":27852,"comment_status":"open","ping_status":"open","sticky":false,"template":"","format":"standard","meta":{"footnotes":""},"categories":[25],"tags":[],"class_list":["post-27851","post","type-post","status-publish","format-standard","has-post-thumbnail","hentry","category-economie"],"yoast_head":"<!-- This site is optimized with the Yoast SEO plugin v27.5 - https:\/\/yoast.com\/product\/yoast-seo-wordpress\/ -->\n<title>GITEX Africa Morocco : Lancement d\u2019une offre int\u00e9gr\u00e9e de digitalisation au profit des artisans - Dpress.ma\/fr<\/title>\n<meta name=\"robots\" content=\"index, follow, max-snippet:-1, max-image-preview:large, max-video-preview:-1\" \/>\n<link rel=\"canonical\" href=\"https:\/\/dpress.ma\/fr\/2026\/04\/08\/gitex-africa-morocco-lancement-dune-offre-integree-de-digitalisation-au-profit-des-artisans\/\" \/>\n<meta property=\"og:locale\" content=\"fr_FR\" \/>\n<meta property=\"og:type\" content=\"article\" \/>\n<meta property=\"og:title\" content=\"GITEX Africa Morocco : Lancement d\u2019une offre int\u00e9gr\u00e9e de digitalisation au profit des artisans - Dpress.ma\/fr\" \/>\n<meta property=\"og:description\" content=\"Dpress Une offre int\u00e9gr\u00e9e de digitalisation et un programme structur\u00e9 de formation et d\u2019accompagnement au profit des artisans&nbsp;ont \u00e9t\u00e9 lanc\u00e9s, mardi \u00e0 Marrakech, \u00e0 l\u2019occasion de la 4\u1d49&nbsp;\u00e9dition du GITEX Africa Morocco (7-9 avril). D\u00e9velopp\u00e9e dans le cadre de la feuille de route du Secr\u00e9tariat d\u2019\u00c9tat charg\u00e9 de l\u2019Artisanat et de l\u2019\u00c9conomie sociale et solidaire &hellip;\" \/>\n<meta property=\"og:url\" content=\"https:\/\/dpress.ma\/fr\/2026\/04\/08\/gitex-africa-morocco-lancement-dune-offre-integree-de-digitalisation-au-profit-des-artisans\/\" \/>\n<meta property=\"og:site_name\" content=\"Dpress.ma\/fr\" \/>\n<meta property=\"article:published_time\" content=\"2026-04-08T10:56:29+00:00\" \/>\n<meta property=\"article:modified_time\" content=\"2026-04-08T10:56:32+00:00\" \/>\n<meta property=\"og:image\" content=\"https:\/\/dpress.ma\/fr\/wp-content\/uploads\/sites\/2\/2026\/04\/47-4.jpg\" \/>\n\t<meta property=\"og:image:width\" content=\"2539\" \/>\n\t<meta property=\"og:image:height\" content=\"1594\" \/>\n\t<meta property=\"og:image:type\" content=\"image\/jpeg\" \/>\n<meta name=\"author\" content=\"Dpress.ma\" \/>\n<meta name=\"twitter:card\" content=\"summary_large_image\" \/>\n<meta name=\"twitter:label1\" content=\"\u00c9crit par\" \/>\n\t<meta name=\"twitter:data1\" content=\"Dpress.ma\" \/>\n\t<meta name=\"twitter:label2\" content=\"Dur\u00e9e de lecture estim\u00e9e\" \/>\n\t<meta name=\"twitter:data2\" content=\"4 minutes\" \/>\n<script type=\"application\/ld+json\" class=\"yoast-schema-graph\">{\"@context\":\"https:\\\/\\\/schema.org\",\"@graph\":[{\"@type\":\"Article\",\"@id\":\"https:\\\/\\\/dpress.ma\\\/fr\\\/2026\\\/04\\\/08\\\/gitex-africa-morocco-lancement-dune-offre-integree-de-digitalisation-au-profit-des-artisans\\\/#article\",\"isPartOf\":{\"@id\":\"https:\\\/\\\/dpress.ma\\\/fr\\\/2026\\\/04\\\/08\\\/gitex-africa-morocco-lancement-dune-offre-integree-de-digitalisation-au-profit-des-artisans\\\/\"},\"author\":{\"name\":\"Dpress.ma\",\"@id\":\"https:\\\/\\\/dpress.ma\\\/fr\\\/#\\\/schema\\\/person\\\/4898febf3ccd59e6578d838656a306a0\"},\"headline\":\"GITEX Africa Morocco : Lancement d\u2019une offre int\u00e9gr\u00e9e de digitalisation au profit des artisans\",\"datePublished\":\"2026-04-08T10:56:29+00:00\",\"dateModified\":\"2026-04-08T10:56:32+00:00\",\"mainEntityOfPage\":{\"@id\":\"https:\\\/\\\/dpress.ma\\\/fr\\\/2026\\\/04\\\/08\\\/gitex-africa-morocco-lancement-dune-offre-integree-de-digitalisation-au-profit-des-artisans\\\/\"},\"wordCount\":729,\"commentCount\":0,\"image\":{\"@id\":\"https:\\\/\\\/dpress.ma\\\/fr\\\/2026\\\/04\\\/08\\\/gitex-africa-morocco-lancement-dune-offre-integree-de-digitalisation-au-profit-des-artisans\\\/#primaryimage\"},\"thumbnailUrl\":\"https:\\\/\\\/dpress.ma\\\/fr\\\/wp-content\\\/uploads\\\/sites\\\/2\\\/2026\\\/04\\\/47-4.jpg\",\"articleSection\":[\"\u00c9conomie\"],\"inLanguage\":\"fr-FR\",\"potentialAction\":[{\"@type\":\"CommentAction\",\"name\":\"Comment\",\"target\":[\"https:\\\/\\\/dpress.ma\\\/fr\\\/2026\\\/04\\\/08\\\/gitex-africa-morocco-lancement-dune-offre-integree-de-digitalisation-au-profit-des-artisans\\\/#respond\"]}]},{\"@type\":\"WebPage\",\"@id\":\"https:\\\/\\\/dpress.ma\\\/fr\\\/2026\\\/04\\\/08\\\/gitex-africa-morocco-lancement-dune-offre-integree-de-digitalisation-au-profit-des-artisans\\\/\",\"url\":\"https:\\\/\\\/dpress.ma\\\/fr\\\/2026\\\/04\\\/08\\\/gitex-africa-morocco-lancement-dune-offre-integree-de-digitalisation-au-profit-des-artisans\\\/\",\"name\":\"GITEX Africa Morocco : Lancement d\u2019une offre int\u00e9gr\u00e9e de digitalisation au profit des artisans - Dpress.ma\\\/fr\",\"isPartOf\":{\"@id\":\"https:\\\/\\\/dpress.ma\\\/fr\\\/#website\"},\"primaryImageOfPage\":{\"@id\":\"https:\\\/\\\/dpress.ma\\\/fr\\\/2026\\\/04\\\/08\\\/gitex-africa-morocco-lancement-dune-offre-integree-de-digitalisation-au-profit-des-artisans\\\/#primaryimage\"},\"image\":{\"@id\":\"https:\\\/\\\/dpress.ma\\\/fr\\\/2026\\\/04\\\/08\\\/gitex-africa-morocco-lancement-dune-offre-integree-de-digitalisation-au-profit-des-artisans\\\/#primaryimage\"},\"thumbnailUrl\":\"https:\\\/\\\/dpress.ma\\\/fr\\\/wp-content\\\/uploads\\\/sites\\\/2\\\/2026\\\/04\\\/47-4.jpg\",\"datePublished\":\"2026-04-08T10:56:29+00:00\",\"dateModified\":\"2026-04-08T10:56:32+00:00\",\"author\":{\"@id\":\"https:\\\/\\\/dpress.ma\\\/fr\\\/#\\\/schema\\\/person\\\/4898febf3ccd59e6578d838656a306a0\"},\"breadcrumb\":{\"@id\":\"https:\\\/\\\/dpress.ma\\\/fr\\\/2026\\\/04\\\/08\\\/gitex-africa-morocco-lancement-dune-offre-integree-de-digitalisation-au-profit-des-artisans\\\/#breadcrumb\"},\"inLanguage\":\"fr-FR\",\"potentialAction\":[{\"@type\":\"ReadAction\",\"target\":[\"https:\\\/\\\/dpress.ma\\\/fr\\\/2026\\\/04\\\/08\\\/gitex-africa-morocco-lancement-dune-offre-integree-de-digitalisation-au-profit-des-artisans\\\/\"]}]},{\"@type\":\"ImageObject\",\"inLanguage\":\"fr-FR\",\"@id\":\"https:\\\/\\\/dpress.ma\\\/fr\\\/2026\\\/04\\\/08\\\/gitex-africa-morocco-lancement-dune-offre-integree-de-digitalisation-au-profit-des-artisans\\\/#primaryimage\",\"url\":\"https:\\\/\\\/dpress.ma\\\/fr\\\/wp-content\\\/uploads\\\/sites\\\/2\\\/2026\\\/04\\\/47-4.jpg\",\"contentUrl\":\"https:\\\/\\\/dpress.ma\\\/fr\\\/wp-content\\\/uploads\\\/sites\\\/2\\\/2026\\\/04\\\/47-4.jpg\",\"width\":2539,\"height\":1594},{\"@type\":\"BreadcrumbList\",\"@id\":\"https:\\\/\\\/dpress.ma\\\/fr\\\/2026\\\/04\\\/08\\\/gitex-africa-morocco-lancement-dune-offre-integree-de-digitalisation-au-profit-des-artisans\\\/#breadcrumb\",\"itemListElement\":[{\"@type\":\"ListItem\",\"position\":1,\"name\":\"Home\",\"item\":\"https:\\\/\\\/dpress.ma\\\/fr\\\/\"},{\"@type\":\"ListItem\",\"position\":2,\"name\":\"GITEX Africa Morocco : Lancement d\u2019une offre int\u00e9gr\u00e9e de digitalisation au profit des artisans\"}]},{\"@type\":\"WebSite\",\"@id\":\"https:\\\/\\\/dpress.ma\\\/fr\\\/#website\",\"url\":\"https:\\\/\\\/dpress.ma\\\/fr\\\/\",\"name\":\"Dpress.ma\\\/fr\",\"description\":\"\",\"potentialAction\":[{\"@type\":\"SearchAction\",\"target\":{\"@type\":\"EntryPoint\",\"urlTemplate\":\"https:\\\/\\\/dpress.ma\\\/fr\\\/?s={search_term_string}\"},\"query-input\":{\"@type\":\"PropertyValueSpecification\",\"valueRequired\":true,\"valueName\":\"search_term_string\"}}],\"inLanguage\":\"fr-FR\"},{\"@type\":\"Person\",\"@id\":\"https:\\\/\\\/dpress.ma\\\/fr\\\/#\\\/schema\\\/person\\\/4898febf3ccd59e6578d838656a306a0\",\"name\":\"Dpress.ma\",\"image\":{\"@type\":\"ImageObject\",\"inLanguage\":\"fr-FR\",\"@id\":\"https:\\\/\\\/secure.gravatar.com\\\/avatar\\\/72ecc30e9db047a2e0e7176561eb9d564ed77c8108376495b19bd8336405198a?s=96&d=mm&r=g\",\"url\":\"https:\\\/\\\/secure.gravatar.com\\\/avatar\\\/72ecc30e9db047a2e0e7176561eb9d564ed77c8108376495b19bd8336405198a?s=96&d=mm&r=g\",\"contentUrl\":\"https:\\\/\\\/secure.gravatar.com\\\/avatar\\\/72ecc30e9db047a2e0e7176561eb9d564ed77c8108376495b19bd8336405198a?s=96&d=mm&r=g\",\"caption\":\"Dpress.ma\"},\"sameAs\":[\"https:\\\/\\\/www.dpress.ma\"],\"url\":\"https:\\\/\\\/dpress.ma\\\/fr\\\/author\\\/dpress-ma\\\/\"}]}<\/script>\n<!-- \/ Yoast SEO plugin. -->","yoast_head_json":{"title":"GITEX Africa Morocco : Lancement d\u2019une offre int\u00e9gr\u00e9e de digitalisation au profit des artisans - Dpress.ma\/fr","robots":{"index":"index","follow":"follow","max-snippet":"max-snippet:-1","max-image-preview":"max-image-preview:large","max-video-preview":"max-video-preview:-1"},"canonical":"https:\/\/dpress.ma\/fr\/2026\/04\/08\/gitex-africa-morocco-lancement-dune-offre-integree-de-digitalisation-au-profit-des-artisans\/","og_locale":"fr_FR","og_type":"article","og_title":"GITEX Africa Morocco : Lancement d\u2019une offre int\u00e9gr\u00e9e de digitalisation au profit des artisans - Dpress.ma\/fr","og_description":"Dpress Une offre int\u00e9gr\u00e9e de digitalisation et un programme structur\u00e9 de formation et d\u2019accompagnement au profit des artisans&nbsp;ont \u00e9t\u00e9 lanc\u00e9s, mardi \u00e0 Marrakech, \u00e0 l\u2019occasion de la 4\u1d49&nbsp;\u00e9dition du GITEX Africa Morocco (7-9 avril). D\u00e9velopp\u00e9e dans le cadre de la feuille de route du Secr\u00e9tariat d\u2019\u00c9tat charg\u00e9 de l\u2019Artisanat et de l\u2019\u00c9conomie sociale et solidaire &hellip;","og_url":"https:\/\/dpress.ma\/fr\/2026\/04\/08\/gitex-africa-morocco-lancement-dune-offre-integree-de-digitalisation-au-profit-des-artisans\/","og_site_name":"Dpress.ma\/fr","article_published_time":"2026-04-08T10:56:29+00:00","article_modified_time":"2026-04-08T10:56:32+00:00","og_image":[{"width":2539,"height":1594,"url":"https:\/\/dpress.ma\/fr\/wp-content\/uploads\/sites\/2\/2026\/04\/47-4.jpg","type":"image\/jpeg"}],"author":"Dpress.ma","twitter_card":"summary_large_image","twitter_misc":{"\u00c9crit par":"Dpress.ma","Dur\u00e9e de lecture estim\u00e9e":"4 minutes"},"schema":{"@context":"https:\/\/schema.org","@graph":[{"@type":"Article","@id":"https:\/\/dpress.ma\/fr\/2026\/04\/08\/gitex-africa-morocco-lancement-dune-offre-integree-de-digitalisation-au-profit-des-artisans\/#article","isPartOf":{"@id":"https:\/\/dpress.ma\/fr\/2026\/04\/08\/gitex-africa-morocco-lancement-dune-offre-integree-de-digitalisation-au-profit-des-artisans\/"},"author":{"name":"Dpress.ma","@id":"https:\/\/dpress.ma\/fr\/#\/schema\/person\/4898febf3ccd59e6578d838656a306a0"},"headline":"GITEX Africa Morocco : Lancement d\u2019une offre int\u00e9gr\u00e9e de digitalisation au profit des artisans","datePublished":"2026-04-08T10:56:29+00:00","dateModified":"2026-04-08T10:56:32+00:00","mainEntityOfPage":{"@id":"https:\/\/dpress.ma\/fr\/2026\/04\/08\/gitex-africa-morocco-lancement-dune-offre-integree-de-digitalisation-au-profit-des-artisans\/"},"wordCount":729,"commentCount":0,"image":{"@id":"https:\/\/dpress.ma\/fr\/2026\/04\/08\/gitex-africa-morocco-lancement-dune-offre-integree-de-digitalisation-au-profit-des-artisans\/#primaryimage"},"thumbnailUrl":"https:\/\/dpress.ma\/fr\/wp-content\/uploads\/sites\/2\/2026\/04\/47-4.jpg","articleSection":["\u00c9conomie"],"inLanguage":"fr-FR","potentialAction":[{"@type":"CommentAction","name":"Comment","target":["https:\/\/dpress.ma\/fr\/2026\/04\/08\/gitex-africa-morocco-lancement-dune-offre-integree-de-digitalisation-au-profit-des-artisans\/#respond"]}]},{"@type":"WebPage","@id":"https:\/\/dpress.ma\/fr\/2026\/04\/08\/gitex-africa-morocco-lancement-dune-offre-integree-de-digitalisation-au-profit-des-artisans\/","url":"https:\/\/dpress.ma\/fr\/2026\/04\/08\/gitex-africa-morocco-lancement-dune-offre-integree-de-digitalisation-au-profit-des-artisans\/","name":"GITEX Africa Morocco : Lancement d\u2019une offre int\u00e9gr\u00e9e de digitalisation au profit des artisans - Dpress.ma\/fr","isPartOf":{"@id":"https:\/\/dpress.ma\/fr\/#website"},"primaryImageOfPage":{"@id":"https:\/\/dpress.ma\/fr\/2026\/04\/08\/gitex-africa-morocco-lancement-dune-offre-integree-de-digitalisation-au-profit-des-artisans\/#primaryimage"},"image":{"@id":"https:\/\/dpress.ma\/fr\/2026\/04\/08\/gitex-africa-morocco-lancement-dune-offre-integree-de-digitalisation-au-profit-des-artisans\/#primaryimage"},"thumbnailUrl":"https:\/\/dpress.ma\/fr\/wp-content\/uploads\/sites\/2\/2026\/04\/47-4.jpg","datePublished":"2026-04-08T10:56:29+00:00","dateModified":"2026-04-08T10:56:32+00:00","author":{"@id":"https:\/\/dpress.ma\/fr\/#\/schema\/person\/4898febf3ccd59e6578d838656a306a0"},"breadcrumb":{"@id":"https:\/\/dpress.ma\/fr\/2026\/04\/08\/gitex-africa-morocco-lancement-dune-offre-integree-de-digitalisation-au-profit-des-artisans\/#breadcrumb"},"inLanguage":"fr-FR","potentialAction":[{"@type":"ReadAction","target":["https:\/\/dpress.ma\/fr\/2026\/04\/08\/gitex-africa-morocco-lancement-dune-offre-integree-de-digitalisation-au-profit-des-artisans\/"]}]},{"@type":"ImageObject","inLanguage":"fr-FR","@id":"https:\/\/dpress.ma\/fr\/2026\/04\/08\/gitex-africa-morocco-lancement-dune-offre-integree-de-digitalisation-au-profit-des-artisans\/#primaryimage","url":"https:\/\/dpress.ma\/fr\/wp-content\/uploads\/sites\/2\/2026\/04\/47-4.jpg","contentUrl":"https:\/\/dpress.ma\/fr\/wp-content\/uploads\/sites\/2\/2026\/04\/47-4.jpg","width":2539,"height":1594},{"@type":"BreadcrumbList","@id":"https:\/\/dpress.ma\/fr\/2026\/04\/08\/gitex-africa-morocco-lancement-dune-offre-integree-de-digitalisation-au-profit-des-artisans\/#breadcrumb","itemListElement":[{"@type":"ListItem","position":1,"name":"Home","item":"https:\/\/dpress.ma\/fr\/"},{"@type":"ListItem","position":2,"name":"GITEX Africa Morocco : Lancement d\u2019une offre int\u00e9gr\u00e9e de digitalisation au profit des artisans"}]},{"@type":"WebSite","@id":"https:\/\/dpress.ma\/fr\/#website","url":"https:\/\/dpress.ma\/fr\/","name":"Dpress.ma\/fr","description":"","potentialAction":[{"@type":"SearchAction","target":{"@type":"EntryPoint","urlTemplate":"https:\/\/dpress.ma\/fr\/?s={search_term_string}"},"query-input":{"@type":"PropertyValueSpecification","valueRequired":true,"valueName":"search_term_string"}}],"inLanguage":"fr-FR"},{"@type":"Person","@id":"https:\/\/dpress.ma\/fr\/#\/schema\/person\/4898febf3ccd59e6578d838656a306a0","name":"Dpress.ma","image":{"@type":"ImageObject","inLanguage":"fr-FR","@id":"https:\/\/secure.gravatar.com\/avatar\/72ecc30e9db047a2e0e7176561eb9d564ed77c8108376495b19bd8336405198a?s=96&d=mm&r=g","url":"https:\/\/secure.gravatar.com\/avatar\/72ecc30e9db047a2e0e7176561eb9d564ed77c8108376495b19bd8336405198a?s=96&d=mm&r=g","contentUrl":"https:\/\/secure.gravatar.com\/avatar\/72ecc30e9db047a2e0e7176561eb9d564ed77c8108376495b19bd8336405198a?s=96&d=mm&r=g","caption":"Dpress.ma"},"sameAs":["https:\/\/www.dpress.ma"],"url":"https:\/\/dpress.ma\/fr\/author\/dpress-ma\/"}]}},"amp_enabled":true,"_links":{"self":[{"href":"https:\/\/dpress.ma\/fr\/wp-json\/wp\/v2\/posts\/27851","targetHints":{"allow":["GET"]}}],"collection":[{"href":"https:\/\/dpress.ma\/fr\/wp-json\/wp\/v2\/posts"}],"about":[{"href":"https:\/\/dpress.ma\/fr\/wp-json\/wp\/v2\/types\/post"}],"author":[{"embeddable":true,"href":"https:\/\/dpress.ma\/fr\/wp-json\/wp\/v2\/users\/2"}],"replies":[{"embeddable":true,"href":"https:\/\/dpress.ma\/fr\/wp-json\/wp\/v2\/comments?post=27851"}],"version-history":[{"count":1,"href":"https:\/\/dpress.ma\/fr\/wp-json\/wp\/v2\/posts\/27851\/revisions"}],"predecessor-version":[{"id":27853,"href":"https:\/\/dpress.ma\/fr\/wp-json\/wp\/v2\/posts\/27851\/revisions\/27853"}],"wp:featuredmedia":[{"embeddable":true,"href":"https:\/\/dpress.ma\/fr\/wp-json\/wp\/v2\/media\/27852"}],"wp:attachment":[{"href":"https:\/\/dpress.ma\/fr\/wp-json\/wp\/v2\/media?parent=27851"}],"wp:term":[{"taxonomy":"category","embeddable":true,"href":"https:\/\/dpress.ma\/fr\/wp-json\/wp\/v2\/categories?post=27851"},{"taxonomy":"post_tag","embeddable":true,"href":"https:\/\/dpress.ma\/fr\/wp-json\/wp\/v2\/tags?post=27851"}],"curies":[{"name":"wp","href":"https:\/\/api.w.org\/{rel}","templated":true}]}}