{"id":27848,"date":"2026-04-08T10:55:24","date_gmt":"2026-04-08T10:55:24","guid":{"rendered":"https:\/\/dpress.ma\/fr\/?p=27848"},"modified":"2026-04-08T10:55:26","modified_gmt":"2026-04-08T10:55:26","slug":"cese-m-amara-recoit-le-president-du-parlement-du-marche-commun-de-lamerique-du-sud","status":"publish","type":"post","link":"https:\/\/dpress.ma\/fr\/2026\/04\/08\/cese-m-amara-recoit-le-president-du-parlement-du-marche-commun-de-lamerique-du-sud\/","title":{"rendered":"CESE: M. Amara re\u00e7oit le Pr\u00e9sident du Parlement du March\u00e9 commun de l\u2019Am\u00e9rique du Sud"},"content":{"rendered":"\n<p>Dpress<\/p>\n\n\n\n<p>Le Pr\u00e9sident du Conseil \u00e9conomique, social et environnemental (CESE), Abdelkader Amara, a re\u00e7u, mardi au si\u00e8ge du Conseil, le Pr\u00e9sident du Parlement du March\u00e9 commun de l\u2019Am\u00e9rique du Sud (PARLASUR), Rodrigo Gamarra, actuellement en visite de travail au Royaume du Maroc, accompagn\u00e9 d\u2019une importante d\u00e9l\u00e9gation parlementaire.<\/p>\n\n\n\n<p>Cette visite s\u2019inscrit dans la dynamique continue de renforcement des liens d\u2019amiti\u00e9 et de coop\u00e9ration unissant le Royaume du Maroc et les pays du March\u00e9 commun du Sud (MERCOSUR), et traduit la volont\u00e9 commune de consolider les passerelles de dialogue et de coop\u00e9ration avec les institutions de cet espace \u00e9conomique r\u00e9gional, indique un communiqu\u00e9 du CESE.<\/p>\n\n\n\n<p>\u00c0 cette occasion, M. Amara a mis en exergue le r\u00f4le du CESE, en tant qu\u2019institution constitutionnelle ind\u00e9pendante \u00e0 caract\u00e8re consultatif, qui, gr\u00e2ce \u00e0 sa composition plurielle refl\u00e9tant la diversit\u00e9 des acteurs \u00e9conomiques, sociaux et des composantes de la soci\u00e9t\u00e9 civile organis\u00e9e, contribue \u00e0 l\u2019enrichissement du d\u00e9bat public et \u00e0 la co-construction des politiques publiques.<\/p>\n\n\n\n<p>Il a, par ailleurs, pr\u00e9sent\u00e9 les initiatives engag\u00e9es par le Conseil en mati\u00e8re de diffusion de ses travaux, de sensibilisation et de plaidoyer en faveur de la mise en \u0153uvre de ses recommandations, ainsi que son ouverture envers les jeunes, notamment \u00e0 travers la mise en place du programme \u201cLundis Jeunesse\u201d et le renforcement des m\u00e9canismes de participation citoyenne.<\/p>\n\n\n\n<p>M. Amara a \u00e9galement mis en lumi\u00e8re l\u2019engagement du Conseil dans la dynamique de coop\u00e9ration internationale, \u00e0 travers sa pr\u00e9sidence de l\u2019Union des Conseils \u00e9conomiques et sociaux et institutions similaires d\u2019Afrique (UCESA), ainsi que le renforcement de la coop\u00e9ration avec plusieurs conseils et institutions similaires et des organisations r\u00e9gionales et internationales, telles que le Parlement de la Communaut\u00e9 \u00e9conomique et mon\u00e9taire de l\u2019Afrique centrale (CEMAC), l\u2019Association internationale des Conseils \u00e9conomiques et sociaux et institutions similaires (AICESIS) et la Banque africaine de d\u00e9veloppement, contribuant ainsi \u00e0 l\u2019\u00e9change d\u2019exp\u00e9riences et au renforcement du rayonnement institutionnel du Conseil \u00e0 l\u2019\u00e9chelle internationale.<\/p>\n\n\n\n<p>Pour sa part, M. Gamarra a salu\u00e9 la qualit\u00e9 des relations unissant le Royaume du Maroc aux pays du March\u00e9 commun de l\u2019Am\u00e9rique du Sud. Il a, par ailleurs, mis en avant l\u2019importance du r\u00f4le du Conseil \u00e9conomique, social et environnemental ainsi que la pertinence de son approche et de ses travaux, estimant n\u00e9cessaire la prise en compte accrue des contributions des instances consultatives par les acteurs politiques dans le processus de d\u00e9cision publique, contribuant ainsi \u00e0 soutenir les trajectoires de d\u00e9veloppement \u00e9conomique et social.<\/p>\n","protected":false},"excerpt":{"rendered":"<p>Dpress Le Pr\u00e9sident du Conseil \u00e9conomique, social et environnemental (CESE), Abdelkader Amara, a re\u00e7u, mardi au si\u00e8ge du Conseil, le Pr\u00e9sident du Parlement du March\u00e9 commun de l\u2019Am\u00e9rique du Sud (PARLASUR), Rodrigo Gamarra, actuellement en visite de travail au Royaume du Maroc, accompagn\u00e9 d\u2019une importante d\u00e9l\u00e9gation parlementaire. Cette visite s\u2019inscrit dans la dynamique continue de &hellip;<\/p>\n","protected":false},"author":2,"featured_media":27849,"comment_status":"open","ping_status":"open","sticky":false,"template":"","format":"standard","meta":{"footnotes":""},"categories":[25],"tags":[],"class_list":["post-27848","post","type-post","status-publish","format-standard","has-post-thumbnail","hentry","category-economie"],"yoast_head":"<!-- This site is optimized with the Yoast SEO plugin v27.5 - https:\/\/yoast.com\/product\/yoast-seo-wordpress\/ -->\n<title>CESE: M. Amara re\u00e7oit le Pr\u00e9sident du Parlement du March\u00e9 commun de l\u2019Am\u00e9rique du Sud - Dpress.ma\/fr<\/title>\n<meta name=\"robots\" content=\"index, follow, max-snippet:-1, max-image-preview:large, max-video-preview:-1\" \/>\n<link rel=\"canonical\" href=\"https:\/\/dpress.ma\/fr\/2026\/04\/08\/cese-m-amara-recoit-le-president-du-parlement-du-marche-commun-de-lamerique-du-sud\/\" \/>\n<meta property=\"og:locale\" content=\"fr_FR\" \/>\n<meta property=\"og:type\" content=\"article\" \/>\n<meta property=\"og:title\" content=\"CESE: M. Amara re\u00e7oit le Pr\u00e9sident du Parlement du March\u00e9 commun de l\u2019Am\u00e9rique du Sud - Dpress.ma\/fr\" \/>\n<meta property=\"og:description\" content=\"Dpress Le Pr\u00e9sident du Conseil \u00e9conomique, social et environnemental (CESE), Abdelkader Amara, a re\u00e7u, mardi au si\u00e8ge du Conseil, le Pr\u00e9sident du Parlement du March\u00e9 commun de l\u2019Am\u00e9rique du Sud (PARLASUR), Rodrigo Gamarra, actuellement en visite de travail au Royaume du Maroc, accompagn\u00e9 d\u2019une importante d\u00e9l\u00e9gation parlementaire. Cette visite s\u2019inscrit dans la dynamique continue de &hellip;\" \/>\n<meta property=\"og:url\" content=\"https:\/\/dpress.ma\/fr\/2026\/04\/08\/cese-m-amara-recoit-le-president-du-parlement-du-marche-commun-de-lamerique-du-sud\/\" \/>\n<meta property=\"og:site_name\" content=\"Dpress.ma\/fr\" \/>\n<meta property=\"article:published_time\" content=\"2026-04-08T10:55:24+00:00\" \/>\n<meta property=\"article:modified_time\" content=\"2026-04-08T10:55:26+00:00\" \/>\n<meta property=\"og:image\" content=\"https:\/\/dpress.ma\/fr\/wp-content\/uploads\/sites\/2\/2026\/04\/46-4.jpg\" \/>\n\t<meta property=\"og:image:width\" content=\"2539\" \/>\n\t<meta property=\"og:image:height\" content=\"1594\" \/>\n\t<meta property=\"og:image:type\" content=\"image\/jpeg\" \/>\n<meta name=\"author\" content=\"Dpress.ma\" \/>\n<meta name=\"twitter:card\" content=\"summary_large_image\" \/>\n<meta name=\"twitter:label1\" content=\"\u00c9crit par\" \/>\n\t<meta name=\"twitter:data1\" content=\"Dpress.ma\" \/>\n\t<meta name=\"twitter:label2\" content=\"Dur\u00e9e de lecture estim\u00e9e\" \/>\n\t<meta name=\"twitter:data2\" content=\"3 minutes\" \/>\n<script type=\"application\/ld+json\" class=\"yoast-schema-graph\">{\"@context\":\"https:\\\/\\\/schema.org\",\"@graph\":[{\"@type\":\"Article\",\"@id\":\"https:\\\/\\\/dpress.ma\\\/fr\\\/2026\\\/04\\\/08\\\/cese-m-amara-recoit-le-president-du-parlement-du-marche-commun-de-lamerique-du-sud\\\/#article\",\"isPartOf\":{\"@id\":\"https:\\\/\\\/dpress.ma\\\/fr\\\/2026\\\/04\\\/08\\\/cese-m-amara-recoit-le-president-du-parlement-du-marche-commun-de-lamerique-du-sud\\\/\"},\"author\":{\"name\":\"Dpress.ma\",\"@id\":\"https:\\\/\\\/dpress.ma\\\/fr\\\/#\\\/schema\\\/person\\\/4898febf3ccd59e6578d838656a306a0\"},\"headline\":\"CESE: M. Amara re\u00e7oit le Pr\u00e9sident du Parlement du March\u00e9 commun de l\u2019Am\u00e9rique du Sud\",\"datePublished\":\"2026-04-08T10:55:24+00:00\",\"dateModified\":\"2026-04-08T10:55:26+00:00\",\"mainEntityOfPage\":{\"@id\":\"https:\\\/\\\/dpress.ma\\\/fr\\\/2026\\\/04\\\/08\\\/cese-m-amara-recoit-le-president-du-parlement-du-marche-commun-de-lamerique-du-sud\\\/\"},\"wordCount\":460,\"commentCount\":0,\"image\":{\"@id\":\"https:\\\/\\\/dpress.ma\\\/fr\\\/2026\\\/04\\\/08\\\/cese-m-amara-recoit-le-president-du-parlement-du-marche-commun-de-lamerique-du-sud\\\/#primaryimage\"},\"thumbnailUrl\":\"https:\\\/\\\/dpress.ma\\\/fr\\\/wp-content\\\/uploads\\\/sites\\\/2\\\/2026\\\/04\\\/46-4.jpg\",\"articleSection\":[\"\u00c9conomie\"],\"inLanguage\":\"fr-FR\",\"potentialAction\":[{\"@type\":\"CommentAction\",\"name\":\"Comment\",\"target\":[\"https:\\\/\\\/dpress.ma\\\/fr\\\/2026\\\/04\\\/08\\\/cese-m-amara-recoit-le-president-du-parlement-du-marche-commun-de-lamerique-du-sud\\\/#respond\"]}]},{\"@type\":\"WebPage\",\"@id\":\"https:\\\/\\\/dpress.ma\\\/fr\\\/2026\\\/04\\\/08\\\/cese-m-amara-recoit-le-president-du-parlement-du-marche-commun-de-lamerique-du-sud\\\/\",\"url\":\"https:\\\/\\\/dpress.ma\\\/fr\\\/2026\\\/04\\\/08\\\/cese-m-amara-recoit-le-president-du-parlement-du-marche-commun-de-lamerique-du-sud\\\/\",\"name\":\"CESE: M. Amara re\u00e7oit le Pr\u00e9sident du Parlement du March\u00e9 commun de l\u2019Am\u00e9rique du Sud - Dpress.ma\\\/fr\",\"isPartOf\":{\"@id\":\"https:\\\/\\\/dpress.ma\\\/fr\\\/#website\"},\"primaryImageOfPage\":{\"@id\":\"https:\\\/\\\/dpress.ma\\\/fr\\\/2026\\\/04\\\/08\\\/cese-m-amara-recoit-le-president-du-parlement-du-marche-commun-de-lamerique-du-sud\\\/#primaryimage\"},\"image\":{\"@id\":\"https:\\\/\\\/dpress.ma\\\/fr\\\/2026\\\/04\\\/08\\\/cese-m-amara-recoit-le-president-du-parlement-du-marche-commun-de-lamerique-du-sud\\\/#primaryimage\"},\"thumbnailUrl\":\"https:\\\/\\\/dpress.ma\\\/fr\\\/wp-content\\\/uploads\\\/sites\\\/2\\\/2026\\\/04\\\/46-4.jpg\",\"datePublished\":\"2026-04-08T10:55:24+00:00\",\"dateModified\":\"2026-04-08T10:55:26+00:00\",\"author\":{\"@id\":\"https:\\\/\\\/dpress.ma\\\/fr\\\/#\\\/schema\\\/person\\\/4898febf3ccd59e6578d838656a306a0\"},\"breadcrumb\":{\"@id\":\"https:\\\/\\\/dpress.ma\\\/fr\\\/2026\\\/04\\\/08\\\/cese-m-amara-recoit-le-president-du-parlement-du-marche-commun-de-lamerique-du-sud\\\/#breadcrumb\"},\"inLanguage\":\"fr-FR\",\"potentialAction\":[{\"@type\":\"ReadAction\",\"target\":[\"https:\\\/\\\/dpress.ma\\\/fr\\\/2026\\\/04\\\/08\\\/cese-m-amara-recoit-le-president-du-parlement-du-marche-commun-de-lamerique-du-sud\\\/\"]}]},{\"@type\":\"ImageObject\",\"inLanguage\":\"fr-FR\",\"@id\":\"https:\\\/\\\/dpress.ma\\\/fr\\\/2026\\\/04\\\/08\\\/cese-m-amara-recoit-le-president-du-parlement-du-marche-commun-de-lamerique-du-sud\\\/#primaryimage\",\"url\":\"https:\\\/\\\/dpress.ma\\\/fr\\\/wp-content\\\/uploads\\\/sites\\\/2\\\/2026\\\/04\\\/46-4.jpg\",\"contentUrl\":\"https:\\\/\\\/dpress.ma\\\/fr\\\/wp-content\\\/uploads\\\/sites\\\/2\\\/2026\\\/04\\\/46-4.jpg\",\"width\":2539,\"height\":1594},{\"@type\":\"BreadcrumbList\",\"@id\":\"https:\\\/\\\/dpress.ma\\\/fr\\\/2026\\\/04\\\/08\\\/cese-m-amara-recoit-le-president-du-parlement-du-marche-commun-de-lamerique-du-sud\\\/#breadcrumb\",\"itemListElement\":[{\"@type\":\"ListItem\",\"position\":1,\"name\":\"Home\",\"item\":\"https:\\\/\\\/dpress.ma\\\/fr\\\/\"},{\"@type\":\"ListItem\",\"position\":2,\"name\":\"CESE: M. Amara re\u00e7oit le Pr\u00e9sident du Parlement du March\u00e9 commun de l\u2019Am\u00e9rique du Sud\"}]},{\"@type\":\"WebSite\",\"@id\":\"https:\\\/\\\/dpress.ma\\\/fr\\\/#website\",\"url\":\"https:\\\/\\\/dpress.ma\\\/fr\\\/\",\"name\":\"Dpress.ma\\\/fr\",\"description\":\"\",\"potentialAction\":[{\"@type\":\"SearchAction\",\"target\":{\"@type\":\"EntryPoint\",\"urlTemplate\":\"https:\\\/\\\/dpress.ma\\\/fr\\\/?s={search_term_string}\"},\"query-input\":{\"@type\":\"PropertyValueSpecification\",\"valueRequired\":true,\"valueName\":\"search_term_string\"}}],\"inLanguage\":\"fr-FR\"},{\"@type\":\"Person\",\"@id\":\"https:\\\/\\\/dpress.ma\\\/fr\\\/#\\\/schema\\\/person\\\/4898febf3ccd59e6578d838656a306a0\",\"name\":\"Dpress.ma\",\"image\":{\"@type\":\"ImageObject\",\"inLanguage\":\"fr-FR\",\"@id\":\"https:\\\/\\\/secure.gravatar.com\\\/avatar\\\/72ecc30e9db047a2e0e7176561eb9d564ed77c8108376495b19bd8336405198a?s=96&d=mm&r=g\",\"url\":\"https:\\\/\\\/secure.gravatar.com\\\/avatar\\\/72ecc30e9db047a2e0e7176561eb9d564ed77c8108376495b19bd8336405198a?s=96&d=mm&r=g\",\"contentUrl\":\"https:\\\/\\\/secure.gravatar.com\\\/avatar\\\/72ecc30e9db047a2e0e7176561eb9d564ed77c8108376495b19bd8336405198a?s=96&d=mm&r=g\",\"caption\":\"Dpress.ma\"},\"sameAs\":[\"https:\\\/\\\/www.dpress.ma\"],\"url\":\"https:\\\/\\\/dpress.ma\\\/fr\\\/author\\\/dpress-ma\\\/\"}]}<\/script>\n<!-- \/ Yoast SEO plugin. -->","yoast_head_json":{"title":"CESE: M. Amara re\u00e7oit le Pr\u00e9sident du Parlement du March\u00e9 commun de l\u2019Am\u00e9rique du Sud - Dpress.ma\/fr","robots":{"index":"index","follow":"follow","max-snippet":"max-snippet:-1","max-image-preview":"max-image-preview:large","max-video-preview":"max-video-preview:-1"},"canonical":"https:\/\/dpress.ma\/fr\/2026\/04\/08\/cese-m-amara-recoit-le-president-du-parlement-du-marche-commun-de-lamerique-du-sud\/","og_locale":"fr_FR","og_type":"article","og_title":"CESE: M. Amara re\u00e7oit le Pr\u00e9sident du Parlement du March\u00e9 commun de l\u2019Am\u00e9rique du Sud - Dpress.ma\/fr","og_description":"Dpress Le Pr\u00e9sident du Conseil \u00e9conomique, social et environnemental (CESE), Abdelkader Amara, a re\u00e7u, mardi au si\u00e8ge du Conseil, le Pr\u00e9sident du Parlement du March\u00e9 commun de l\u2019Am\u00e9rique du Sud (PARLASUR), Rodrigo Gamarra, actuellement en visite de travail au Royaume du Maroc, accompagn\u00e9 d\u2019une importante d\u00e9l\u00e9gation parlementaire. Cette visite s\u2019inscrit dans la dynamique continue de &hellip;","og_url":"https:\/\/dpress.ma\/fr\/2026\/04\/08\/cese-m-amara-recoit-le-president-du-parlement-du-marche-commun-de-lamerique-du-sud\/","og_site_name":"Dpress.ma\/fr","article_published_time":"2026-04-08T10:55:24+00:00","article_modified_time":"2026-04-08T10:55:26+00:00","og_image":[{"width":2539,"height":1594,"url":"https:\/\/dpress.ma\/fr\/wp-content\/uploads\/sites\/2\/2026\/04\/46-4.jpg","type":"image\/jpeg"}],"author":"Dpress.ma","twitter_card":"summary_large_image","twitter_misc":{"\u00c9crit par":"Dpress.ma","Dur\u00e9e de lecture estim\u00e9e":"3 minutes"},"schema":{"@context":"https:\/\/schema.org","@graph":[{"@type":"Article","@id":"https:\/\/dpress.ma\/fr\/2026\/04\/08\/cese-m-amara-recoit-le-president-du-parlement-du-marche-commun-de-lamerique-du-sud\/#article","isPartOf":{"@id":"https:\/\/dpress.ma\/fr\/2026\/04\/08\/cese-m-amara-recoit-le-president-du-parlement-du-marche-commun-de-lamerique-du-sud\/"},"author":{"name":"Dpress.ma","@id":"https:\/\/dpress.ma\/fr\/#\/schema\/person\/4898febf3ccd59e6578d838656a306a0"},"headline":"CESE: M. Amara re\u00e7oit le Pr\u00e9sident du Parlement du March\u00e9 commun de l\u2019Am\u00e9rique du Sud","datePublished":"2026-04-08T10:55:24+00:00","dateModified":"2026-04-08T10:55:26+00:00","mainEntityOfPage":{"@id":"https:\/\/dpress.ma\/fr\/2026\/04\/08\/cese-m-amara-recoit-le-president-du-parlement-du-marche-commun-de-lamerique-du-sud\/"},"wordCount":460,"commentCount":0,"image":{"@id":"https:\/\/dpress.ma\/fr\/2026\/04\/08\/cese-m-amara-recoit-le-president-du-parlement-du-marche-commun-de-lamerique-du-sud\/#primaryimage"},"thumbnailUrl":"https:\/\/dpress.ma\/fr\/wp-content\/uploads\/sites\/2\/2026\/04\/46-4.jpg","articleSection":["\u00c9conomie"],"inLanguage":"fr-FR","potentialAction":[{"@type":"CommentAction","name":"Comment","target":["https:\/\/dpress.ma\/fr\/2026\/04\/08\/cese-m-amara-recoit-le-president-du-parlement-du-marche-commun-de-lamerique-du-sud\/#respond"]}]},{"@type":"WebPage","@id":"https:\/\/dpress.ma\/fr\/2026\/04\/08\/cese-m-amara-recoit-le-president-du-parlement-du-marche-commun-de-lamerique-du-sud\/","url":"https:\/\/dpress.ma\/fr\/2026\/04\/08\/cese-m-amara-recoit-le-president-du-parlement-du-marche-commun-de-lamerique-du-sud\/","name":"CESE: M. Amara re\u00e7oit le Pr\u00e9sident du Parlement du March\u00e9 commun de l\u2019Am\u00e9rique du Sud - Dpress.ma\/fr","isPartOf":{"@id":"https:\/\/dpress.ma\/fr\/#website"},"primaryImageOfPage":{"@id":"https:\/\/dpress.ma\/fr\/2026\/04\/08\/cese-m-amara-recoit-le-president-du-parlement-du-marche-commun-de-lamerique-du-sud\/#primaryimage"},"image":{"@id":"https:\/\/dpress.ma\/fr\/2026\/04\/08\/cese-m-amara-recoit-le-president-du-parlement-du-marche-commun-de-lamerique-du-sud\/#primaryimage"},"thumbnailUrl":"https:\/\/dpress.ma\/fr\/wp-content\/uploads\/sites\/2\/2026\/04\/46-4.jpg","datePublished":"2026-04-08T10:55:24+00:00","dateModified":"2026-04-08T10:55:26+00:00","author":{"@id":"https:\/\/dpress.ma\/fr\/#\/schema\/person\/4898febf3ccd59e6578d838656a306a0"},"breadcrumb":{"@id":"https:\/\/dpress.ma\/fr\/2026\/04\/08\/cese-m-amara-recoit-le-president-du-parlement-du-marche-commun-de-lamerique-du-sud\/#breadcrumb"},"inLanguage":"fr-FR","potentialAction":[{"@type":"ReadAction","target":["https:\/\/dpress.ma\/fr\/2026\/04\/08\/cese-m-amara-recoit-le-president-du-parlement-du-marche-commun-de-lamerique-du-sud\/"]}]},{"@type":"ImageObject","inLanguage":"fr-FR","@id":"https:\/\/dpress.ma\/fr\/2026\/04\/08\/cese-m-amara-recoit-le-president-du-parlement-du-marche-commun-de-lamerique-du-sud\/#primaryimage","url":"https:\/\/dpress.ma\/fr\/wp-content\/uploads\/sites\/2\/2026\/04\/46-4.jpg","contentUrl":"https:\/\/dpress.ma\/fr\/wp-content\/uploads\/sites\/2\/2026\/04\/46-4.jpg","width":2539,"height":1594},{"@type":"BreadcrumbList","@id":"https:\/\/dpress.ma\/fr\/2026\/04\/08\/cese-m-amara-recoit-le-president-du-parlement-du-marche-commun-de-lamerique-du-sud\/#breadcrumb","itemListElement":[{"@type":"ListItem","position":1,"name":"Home","item":"https:\/\/dpress.ma\/fr\/"},{"@type":"ListItem","position":2,"name":"CESE: M. Amara re\u00e7oit le Pr\u00e9sident du Parlement du March\u00e9 commun de l\u2019Am\u00e9rique du Sud"}]},{"@type":"WebSite","@id":"https:\/\/dpress.ma\/fr\/#website","url":"https:\/\/dpress.ma\/fr\/","name":"Dpress.ma\/fr","description":"","potentialAction":[{"@type":"SearchAction","target":{"@type":"EntryPoint","urlTemplate":"https:\/\/dpress.ma\/fr\/?s={search_term_string}"},"query-input":{"@type":"PropertyValueSpecification","valueRequired":true,"valueName":"search_term_string"}}],"inLanguage":"fr-FR"},{"@type":"Person","@id":"https:\/\/dpress.ma\/fr\/#\/schema\/person\/4898febf3ccd59e6578d838656a306a0","name":"Dpress.ma","image":{"@type":"ImageObject","inLanguage":"fr-FR","@id":"https:\/\/secure.gravatar.com\/avatar\/72ecc30e9db047a2e0e7176561eb9d564ed77c8108376495b19bd8336405198a?s=96&d=mm&r=g","url":"https:\/\/secure.gravatar.com\/avatar\/72ecc30e9db047a2e0e7176561eb9d564ed77c8108376495b19bd8336405198a?s=96&d=mm&r=g","contentUrl":"https:\/\/secure.gravatar.com\/avatar\/72ecc30e9db047a2e0e7176561eb9d564ed77c8108376495b19bd8336405198a?s=96&d=mm&r=g","caption":"Dpress.ma"},"sameAs":["https:\/\/www.dpress.ma"],"url":"https:\/\/dpress.ma\/fr\/author\/dpress-ma\/"}]}},"amp_enabled":true,"_links":{"self":[{"href":"https:\/\/dpress.ma\/fr\/wp-json\/wp\/v2\/posts\/27848","targetHints":{"allow":["GET"]}}],"collection":[{"href":"https:\/\/dpress.ma\/fr\/wp-json\/wp\/v2\/posts"}],"about":[{"href":"https:\/\/dpress.ma\/fr\/wp-json\/wp\/v2\/types\/post"}],"author":[{"embeddable":true,"href":"https:\/\/dpress.ma\/fr\/wp-json\/wp\/v2\/users\/2"}],"replies":[{"embeddable":true,"href":"https:\/\/dpress.ma\/fr\/wp-json\/wp\/v2\/comments?post=27848"}],"version-history":[{"count":1,"href":"https:\/\/dpress.ma\/fr\/wp-json\/wp\/v2\/posts\/27848\/revisions"}],"predecessor-version":[{"id":27850,"href":"https:\/\/dpress.ma\/fr\/wp-json\/wp\/v2\/posts\/27848\/revisions\/27850"}],"wp:featuredmedia":[{"embeddable":true,"href":"https:\/\/dpress.ma\/fr\/wp-json\/wp\/v2\/media\/27849"}],"wp:attachment":[{"href":"https:\/\/dpress.ma\/fr\/wp-json\/wp\/v2\/media?parent=27848"}],"wp:term":[{"taxonomy":"category","embeddable":true,"href":"https:\/\/dpress.ma\/fr\/wp-json\/wp\/v2\/categories?post=27848"},{"taxonomy":"post_tag","embeddable":true,"href":"https:\/\/dpress.ma\/fr\/wp-json\/wp\/v2\/tags?post=27848"}],"curies":[{"name":"wp","href":"https:\/\/api.w.org\/{rel}","templated":true}]}}