{"id":27846,"date":"2026-04-08T10:53:44","date_gmt":"2026-04-08T10:53:44","guid":{"rendered":"https:\/\/dpress.ma\/fr\/?p=27846"},"modified":"2026-04-08T10:53:45","modified_gmt":"2026-04-08T10:53:45","slug":"gitex-africa-morocco-inwi-retenu-pour-la-realisation-du-premier-reseau-5g-prive-a-usage-industriel-au-maroc","status":"publish","type":"post","link":"https:\/\/dpress.ma\/fr\/2026\/04\/08\/gitex-africa-morocco-inwi-retenu-pour-la-realisation-du-premier-reseau-5g-prive-a-usage-industriel-au-maroc\/","title":{"rendered":"Gitex Africa Morocco: inwi retenu pour la r\u00e9alisation du premier r\u00e9seau 5G priv\u00e9 \u00e0 usage industriel au Maroc"},"content":{"rendered":"\n<p>Dpress<\/p>\n\n\n\n<p>L\u2019op\u00e9rateur inwi a sign\u00e9, mardi \u00e0 Marrakech, une convention de partenariat avec China Mobile International, l\u2019un des leaders mondiaux des t\u00e9l\u00e9communications, pour assurer la conception, le d\u00e9ploiement et l\u2019exploitation du premier r\u00e9seau 5G priv\u00e9 \u00e0 usage industriel du Royaume.<\/p>\n\n\n\n<p>Conclu en marge de la 4\u00e8 \u00e9dition du GITEX Africa Morocco, ce partenariat marque une avanc\u00e9e strat\u00e9gique majeure dans le d\u00e9veloppement des infrastructures num\u00e9riques de nouvelle g\u00e9n\u00e9ration au Maroc, en particulier au service de l\u2019industrie 4.0.<\/p>\n\n\n\n<p>Dans le cadre de cet accord, inwi accompagnera l\u2019un des principaux clients de China Mobile International dans la r\u00e9gion \u00e0 travers la mise en place d\u2019un r\u00e9seau 5G priv\u00e9 couvrant un site industriel d\u2019envergure, s\u2019\u00e9tendant sur une superficie de 52 hectares et figurant parmi les plus importantes installations en Afrique.<\/p>\n\n\n\n<p>Situ\u00e9e dans la r\u00e9gion de l\u2019Oriental, cette unit\u00e9 industrielle, qui ambitionne de devenir une r\u00e9f\u00e9rence africaine en mati\u00e8re de digitalisation et d\u2019automatisation avanc\u00e9e, int\u00e9grera des technologies de pointe visant \u00e0 optimiser les processus de production, am\u00e9liorer la performance op\u00e9rationnelle et renforcer la comp\u00e9titivit\u00e9.<\/p>\n\n\n\n<p>\u00c0 travers ce partenariat, inwi mettra \u00e0 profit son expertise en mati\u00e8re de connectivit\u00e9 et de d\u00e9ploiement de r\u00e9seaux \u00e0 grande \u00e9chelle, en mobilisant des ressources d\u00e9di\u00e9es et des solutions technologiques avanc\u00e9es pour garantir une connectivit\u00e9 fiable, s\u00e9curis\u00e9e et \u00e0 tr\u00e8s faible latence, adapt\u00e9e aux usages industriels critiques.<\/p>\n\n\n\n<p>Dans une d\u00e9claration \u00e0 la MAP \u00e0 cette occasion, le directeur d\u2019\u00c9tudes et D\u00e9veloppement chez inwi Business, Ouassim El Arroussi, a soulign\u00e9 que l\u2019ambition de ce projet est de doter cette unit\u00e9 industrielle de technologies avanc\u00e9es permettant \u201cune supervision en temps r\u00e9el ainsi qu\u2019une t\u00e9l\u00e9d\u00e9tection des indicateurs de production et de productivit\u00e9, \u00e9galement en temps r\u00e9el\u201d.<\/p>\n\n\n\n<p>\u201cIl s\u2019agit d\u2019une premi\u00e8re au Maroc et de l\u2019une des plus importantes unit\u00e9s industrielles du groupe client en Afrique\u201d, a-t-il relev\u00e9, notant que ce projet incarne l\u2019ambition d\u2019inwi de contribuer activement \u00e0 l\u2019\u00e9mergence d\u2019un \u00e9cosyst\u00e8me industriel innovant, comp\u00e9titif et r\u00e9solument tourn\u00e9 vers les standards internationaux.<\/p>\n\n\n\n<p>En effet, ce projet s\u2019inscrit dans la dynamique d\u2019accompagnement de la transformation num\u00e9rique du tissu industriel marocain, en offrant des infrastructures performantes et souveraines, capables de r\u00e9pondre aux exigences accrues des entreprises en mati\u00e8re d\u2019innovation et d\u2019efficacit\u00e9.<\/p>\n\n\n\n<p>Les capacit\u00e9s offertes par ce r\u00e9seau 5G priv\u00e9 permettront notamment le d\u00e9ploiement \u00e0 grande \u00e9chelle de solutions IoT avanc\u00e9es, ainsi que de syst\u00e8mes intelligents de pilotage et de supervision industrielle, positionnant ainsi ce site comme un mod\u00e8le d\u2019usine du futur \u00e0 l\u2019\u00e9chelle africaine.<\/p>\n","protected":false},"excerpt":{"rendered":"<p>Dpress L\u2019op\u00e9rateur inwi a sign\u00e9, mardi \u00e0 Marrakech, une convention de partenariat avec China Mobile International, l\u2019un des leaders mondiaux des t\u00e9l\u00e9communications, pour assurer la conception, le d\u00e9ploiement et l\u2019exploitation du premier r\u00e9seau 5G priv\u00e9 \u00e0 usage industriel du Royaume. Conclu en marge de la 4\u00e8 \u00e9dition du GITEX Africa Morocco, ce partenariat marque une &hellip;<\/p>\n","protected":false},"author":2,"featured_media":27843,"comment_status":"open","ping_status":"open","sticky":false,"template":"","format":"standard","meta":{"footnotes":""},"categories":[25],"tags":[],"class_list":["post-27846","post","type-post","status-publish","format-standard","has-post-thumbnail","hentry","category-economie"],"yoast_head":"<!-- This site is optimized with the Yoast SEO plugin v27.5 - https:\/\/yoast.com\/product\/yoast-seo-wordpress\/ -->\n<title>Gitex Africa Morocco: inwi retenu pour la r\u00e9alisation du premier r\u00e9seau 5G priv\u00e9 \u00e0 usage industriel au Maroc - Dpress.ma\/fr<\/title>\n<meta name=\"robots\" content=\"index, follow, max-snippet:-1, max-image-preview:large, max-video-preview:-1\" \/>\n<link rel=\"canonical\" href=\"https:\/\/dpress.ma\/fr\/2026\/04\/08\/gitex-africa-morocco-inwi-retenu-pour-la-realisation-du-premier-reseau-5g-prive-a-usage-industriel-au-maroc\/\" \/>\n<meta property=\"og:locale\" content=\"fr_FR\" \/>\n<meta property=\"og:type\" content=\"article\" \/>\n<meta property=\"og:title\" content=\"Gitex Africa Morocco: inwi retenu pour la r\u00e9alisation du premier r\u00e9seau 5G priv\u00e9 \u00e0 usage industriel au Maroc - Dpress.ma\/fr\" \/>\n<meta property=\"og:description\" content=\"Dpress L\u2019op\u00e9rateur inwi a sign\u00e9, mardi \u00e0 Marrakech, une convention de partenariat avec China Mobile International, l\u2019un des leaders mondiaux des t\u00e9l\u00e9communications, pour assurer la conception, le d\u00e9ploiement et l\u2019exploitation du premier r\u00e9seau 5G priv\u00e9 \u00e0 usage industriel du Royaume. Conclu en marge de la 4\u00e8 \u00e9dition du GITEX Africa Morocco, ce partenariat marque une &hellip;\" \/>\n<meta property=\"og:url\" content=\"https:\/\/dpress.ma\/fr\/2026\/04\/08\/gitex-africa-morocco-inwi-retenu-pour-la-realisation-du-premier-reseau-5g-prive-a-usage-industriel-au-maroc\/\" \/>\n<meta property=\"og:site_name\" content=\"Dpress.ma\/fr\" \/>\n<meta property=\"article:published_time\" content=\"2026-04-08T10:53:44+00:00\" \/>\n<meta property=\"article:modified_time\" content=\"2026-04-08T10:53:45+00:00\" \/>\n<meta property=\"og:image\" content=\"https:\/\/dpress.ma\/fr\/wp-content\/uploads\/sites\/2\/2026\/04\/44-4.jpg\" \/>\n\t<meta property=\"og:image:width\" content=\"2539\" \/>\n\t<meta property=\"og:image:height\" content=\"1594\" \/>\n\t<meta property=\"og:image:type\" content=\"image\/jpeg\" \/>\n<meta name=\"author\" content=\"Dpress.ma\" \/>\n<meta name=\"twitter:card\" content=\"summary_large_image\" \/>\n<meta name=\"twitter:label1\" content=\"\u00c9crit par\" \/>\n\t<meta name=\"twitter:data1\" content=\"Dpress.ma\" \/>\n\t<meta name=\"twitter:label2\" content=\"Dur\u00e9e de lecture estim\u00e9e\" \/>\n\t<meta name=\"twitter:data2\" content=\"3 minutes\" \/>\n<script type=\"application\/ld+json\" class=\"yoast-schema-graph\">{\"@context\":\"https:\\\/\\\/schema.org\",\"@graph\":[{\"@type\":\"Article\",\"@id\":\"https:\\\/\\\/dpress.ma\\\/fr\\\/2026\\\/04\\\/08\\\/gitex-africa-morocco-inwi-retenu-pour-la-realisation-du-premier-reseau-5g-prive-a-usage-industriel-au-maroc\\\/#article\",\"isPartOf\":{\"@id\":\"https:\\\/\\\/dpress.ma\\\/fr\\\/2026\\\/04\\\/08\\\/gitex-africa-morocco-inwi-retenu-pour-la-realisation-du-premier-reseau-5g-prive-a-usage-industriel-au-maroc\\\/\"},\"author\":{\"name\":\"Dpress.ma\",\"@id\":\"https:\\\/\\\/dpress.ma\\\/fr\\\/#\\\/schema\\\/person\\\/4898febf3ccd59e6578d838656a306a0\"},\"headline\":\"Gitex Africa Morocco: inwi retenu pour la r\u00e9alisation du premier r\u00e9seau 5G priv\u00e9 \u00e0 usage industriel au Maroc\",\"datePublished\":\"2026-04-08T10:53:44+00:00\",\"dateModified\":\"2026-04-08T10:53:45+00:00\",\"mainEntityOfPage\":{\"@id\":\"https:\\\/\\\/dpress.ma\\\/fr\\\/2026\\\/04\\\/08\\\/gitex-africa-morocco-inwi-retenu-pour-la-realisation-du-premier-reseau-5g-prive-a-usage-industriel-au-maroc\\\/\"},\"wordCount\":482,\"commentCount\":0,\"image\":{\"@id\":\"https:\\\/\\\/dpress.ma\\\/fr\\\/2026\\\/04\\\/08\\\/gitex-africa-morocco-inwi-retenu-pour-la-realisation-du-premier-reseau-5g-prive-a-usage-industriel-au-maroc\\\/#primaryimage\"},\"thumbnailUrl\":\"https:\\\/\\\/dpress.ma\\\/fr\\\/wp-content\\\/uploads\\\/sites\\\/2\\\/2026\\\/04\\\/44-4.jpg\",\"articleSection\":[\"\u00c9conomie\"],\"inLanguage\":\"fr-FR\",\"potentialAction\":[{\"@type\":\"CommentAction\",\"name\":\"Comment\",\"target\":[\"https:\\\/\\\/dpress.ma\\\/fr\\\/2026\\\/04\\\/08\\\/gitex-africa-morocco-inwi-retenu-pour-la-realisation-du-premier-reseau-5g-prive-a-usage-industriel-au-maroc\\\/#respond\"]}]},{\"@type\":\"WebPage\",\"@id\":\"https:\\\/\\\/dpress.ma\\\/fr\\\/2026\\\/04\\\/08\\\/gitex-africa-morocco-inwi-retenu-pour-la-realisation-du-premier-reseau-5g-prive-a-usage-industriel-au-maroc\\\/\",\"url\":\"https:\\\/\\\/dpress.ma\\\/fr\\\/2026\\\/04\\\/08\\\/gitex-africa-morocco-inwi-retenu-pour-la-realisation-du-premier-reseau-5g-prive-a-usage-industriel-au-maroc\\\/\",\"name\":\"Gitex Africa Morocco: inwi retenu pour la r\u00e9alisation du premier r\u00e9seau 5G priv\u00e9 \u00e0 usage industriel au Maroc - Dpress.ma\\\/fr\",\"isPartOf\":{\"@id\":\"https:\\\/\\\/dpress.ma\\\/fr\\\/#website\"},\"primaryImageOfPage\":{\"@id\":\"https:\\\/\\\/dpress.ma\\\/fr\\\/2026\\\/04\\\/08\\\/gitex-africa-morocco-inwi-retenu-pour-la-realisation-du-premier-reseau-5g-prive-a-usage-industriel-au-maroc\\\/#primaryimage\"},\"image\":{\"@id\":\"https:\\\/\\\/dpress.ma\\\/fr\\\/2026\\\/04\\\/08\\\/gitex-africa-morocco-inwi-retenu-pour-la-realisation-du-premier-reseau-5g-prive-a-usage-industriel-au-maroc\\\/#primaryimage\"},\"thumbnailUrl\":\"https:\\\/\\\/dpress.ma\\\/fr\\\/wp-content\\\/uploads\\\/sites\\\/2\\\/2026\\\/04\\\/44-4.jpg\",\"datePublished\":\"2026-04-08T10:53:44+00:00\",\"dateModified\":\"2026-04-08T10:53:45+00:00\",\"author\":{\"@id\":\"https:\\\/\\\/dpress.ma\\\/fr\\\/#\\\/schema\\\/person\\\/4898febf3ccd59e6578d838656a306a0\"},\"breadcrumb\":{\"@id\":\"https:\\\/\\\/dpress.ma\\\/fr\\\/2026\\\/04\\\/08\\\/gitex-africa-morocco-inwi-retenu-pour-la-realisation-du-premier-reseau-5g-prive-a-usage-industriel-au-maroc\\\/#breadcrumb\"},\"inLanguage\":\"fr-FR\",\"potentialAction\":[{\"@type\":\"ReadAction\",\"target\":[\"https:\\\/\\\/dpress.ma\\\/fr\\\/2026\\\/04\\\/08\\\/gitex-africa-morocco-inwi-retenu-pour-la-realisation-du-premier-reseau-5g-prive-a-usage-industriel-au-maroc\\\/\"]}]},{\"@type\":\"ImageObject\",\"inLanguage\":\"fr-FR\",\"@id\":\"https:\\\/\\\/dpress.ma\\\/fr\\\/2026\\\/04\\\/08\\\/gitex-africa-morocco-inwi-retenu-pour-la-realisation-du-premier-reseau-5g-prive-a-usage-industriel-au-maroc\\\/#primaryimage\",\"url\":\"https:\\\/\\\/dpress.ma\\\/fr\\\/wp-content\\\/uploads\\\/sites\\\/2\\\/2026\\\/04\\\/44-4.jpg\",\"contentUrl\":\"https:\\\/\\\/dpress.ma\\\/fr\\\/wp-content\\\/uploads\\\/sites\\\/2\\\/2026\\\/04\\\/44-4.jpg\",\"width\":2539,\"height\":1594},{\"@type\":\"BreadcrumbList\",\"@id\":\"https:\\\/\\\/dpress.ma\\\/fr\\\/2026\\\/04\\\/08\\\/gitex-africa-morocco-inwi-retenu-pour-la-realisation-du-premier-reseau-5g-prive-a-usage-industriel-au-maroc\\\/#breadcrumb\",\"itemListElement\":[{\"@type\":\"ListItem\",\"position\":1,\"name\":\"Home\",\"item\":\"https:\\\/\\\/dpress.ma\\\/fr\\\/\"},{\"@type\":\"ListItem\",\"position\":2,\"name\":\"Gitex Africa Morocco: inwi retenu pour la r\u00e9alisation du premier r\u00e9seau 5G priv\u00e9 \u00e0 usage industriel au Maroc\"}]},{\"@type\":\"WebSite\",\"@id\":\"https:\\\/\\\/dpress.ma\\\/fr\\\/#website\",\"url\":\"https:\\\/\\\/dpress.ma\\\/fr\\\/\",\"name\":\"Dpress.ma\\\/fr\",\"description\":\"\",\"potentialAction\":[{\"@type\":\"SearchAction\",\"target\":{\"@type\":\"EntryPoint\",\"urlTemplate\":\"https:\\\/\\\/dpress.ma\\\/fr\\\/?s={search_term_string}\"},\"query-input\":{\"@type\":\"PropertyValueSpecification\",\"valueRequired\":true,\"valueName\":\"search_term_string\"}}],\"inLanguage\":\"fr-FR\"},{\"@type\":\"Person\",\"@id\":\"https:\\\/\\\/dpress.ma\\\/fr\\\/#\\\/schema\\\/person\\\/4898febf3ccd59e6578d838656a306a0\",\"name\":\"Dpress.ma\",\"image\":{\"@type\":\"ImageObject\",\"inLanguage\":\"fr-FR\",\"@id\":\"https:\\\/\\\/secure.gravatar.com\\\/avatar\\\/72ecc30e9db047a2e0e7176561eb9d564ed77c8108376495b19bd8336405198a?s=96&d=mm&r=g\",\"url\":\"https:\\\/\\\/secure.gravatar.com\\\/avatar\\\/72ecc30e9db047a2e0e7176561eb9d564ed77c8108376495b19bd8336405198a?s=96&d=mm&r=g\",\"contentUrl\":\"https:\\\/\\\/secure.gravatar.com\\\/avatar\\\/72ecc30e9db047a2e0e7176561eb9d564ed77c8108376495b19bd8336405198a?s=96&d=mm&r=g\",\"caption\":\"Dpress.ma\"},\"sameAs\":[\"https:\\\/\\\/www.dpress.ma\"],\"url\":\"https:\\\/\\\/dpress.ma\\\/fr\\\/author\\\/dpress-ma\\\/\"}]}<\/script>\n<!-- \/ Yoast SEO plugin. -->","yoast_head_json":{"title":"Gitex Africa Morocco: inwi retenu pour la r\u00e9alisation du premier r\u00e9seau 5G priv\u00e9 \u00e0 usage industriel au Maroc - Dpress.ma\/fr","robots":{"index":"index","follow":"follow","max-snippet":"max-snippet:-1","max-image-preview":"max-image-preview:large","max-video-preview":"max-video-preview:-1"},"canonical":"https:\/\/dpress.ma\/fr\/2026\/04\/08\/gitex-africa-morocco-inwi-retenu-pour-la-realisation-du-premier-reseau-5g-prive-a-usage-industriel-au-maroc\/","og_locale":"fr_FR","og_type":"article","og_title":"Gitex Africa Morocco: inwi retenu pour la r\u00e9alisation du premier r\u00e9seau 5G priv\u00e9 \u00e0 usage industriel au Maroc - Dpress.ma\/fr","og_description":"Dpress L\u2019op\u00e9rateur inwi a sign\u00e9, mardi \u00e0 Marrakech, une convention de partenariat avec China Mobile International, l\u2019un des leaders mondiaux des t\u00e9l\u00e9communications, pour assurer la conception, le d\u00e9ploiement et l\u2019exploitation du premier r\u00e9seau 5G priv\u00e9 \u00e0 usage industriel du Royaume. Conclu en marge de la 4\u00e8 \u00e9dition du GITEX Africa Morocco, ce partenariat marque une &hellip;","og_url":"https:\/\/dpress.ma\/fr\/2026\/04\/08\/gitex-africa-morocco-inwi-retenu-pour-la-realisation-du-premier-reseau-5g-prive-a-usage-industriel-au-maroc\/","og_site_name":"Dpress.ma\/fr","article_published_time":"2026-04-08T10:53:44+00:00","article_modified_time":"2026-04-08T10:53:45+00:00","og_image":[{"width":2539,"height":1594,"url":"https:\/\/dpress.ma\/fr\/wp-content\/uploads\/sites\/2\/2026\/04\/44-4.jpg","type":"image\/jpeg"}],"author":"Dpress.ma","twitter_card":"summary_large_image","twitter_misc":{"\u00c9crit par":"Dpress.ma","Dur\u00e9e de lecture estim\u00e9e":"3 minutes"},"schema":{"@context":"https:\/\/schema.org","@graph":[{"@type":"Article","@id":"https:\/\/dpress.ma\/fr\/2026\/04\/08\/gitex-africa-morocco-inwi-retenu-pour-la-realisation-du-premier-reseau-5g-prive-a-usage-industriel-au-maroc\/#article","isPartOf":{"@id":"https:\/\/dpress.ma\/fr\/2026\/04\/08\/gitex-africa-morocco-inwi-retenu-pour-la-realisation-du-premier-reseau-5g-prive-a-usage-industriel-au-maroc\/"},"author":{"name":"Dpress.ma","@id":"https:\/\/dpress.ma\/fr\/#\/schema\/person\/4898febf3ccd59e6578d838656a306a0"},"headline":"Gitex Africa Morocco: inwi retenu pour la r\u00e9alisation du premier r\u00e9seau 5G priv\u00e9 \u00e0 usage industriel au Maroc","datePublished":"2026-04-08T10:53:44+00:00","dateModified":"2026-04-08T10:53:45+00:00","mainEntityOfPage":{"@id":"https:\/\/dpress.ma\/fr\/2026\/04\/08\/gitex-africa-morocco-inwi-retenu-pour-la-realisation-du-premier-reseau-5g-prive-a-usage-industriel-au-maroc\/"},"wordCount":482,"commentCount":0,"image":{"@id":"https:\/\/dpress.ma\/fr\/2026\/04\/08\/gitex-africa-morocco-inwi-retenu-pour-la-realisation-du-premier-reseau-5g-prive-a-usage-industriel-au-maroc\/#primaryimage"},"thumbnailUrl":"https:\/\/dpress.ma\/fr\/wp-content\/uploads\/sites\/2\/2026\/04\/44-4.jpg","articleSection":["\u00c9conomie"],"inLanguage":"fr-FR","potentialAction":[{"@type":"CommentAction","name":"Comment","target":["https:\/\/dpress.ma\/fr\/2026\/04\/08\/gitex-africa-morocco-inwi-retenu-pour-la-realisation-du-premier-reseau-5g-prive-a-usage-industriel-au-maroc\/#respond"]}]},{"@type":"WebPage","@id":"https:\/\/dpress.ma\/fr\/2026\/04\/08\/gitex-africa-morocco-inwi-retenu-pour-la-realisation-du-premier-reseau-5g-prive-a-usage-industriel-au-maroc\/","url":"https:\/\/dpress.ma\/fr\/2026\/04\/08\/gitex-africa-morocco-inwi-retenu-pour-la-realisation-du-premier-reseau-5g-prive-a-usage-industriel-au-maroc\/","name":"Gitex Africa Morocco: inwi retenu pour la r\u00e9alisation du premier r\u00e9seau 5G priv\u00e9 \u00e0 usage industriel au Maroc - Dpress.ma\/fr","isPartOf":{"@id":"https:\/\/dpress.ma\/fr\/#website"},"primaryImageOfPage":{"@id":"https:\/\/dpress.ma\/fr\/2026\/04\/08\/gitex-africa-morocco-inwi-retenu-pour-la-realisation-du-premier-reseau-5g-prive-a-usage-industriel-au-maroc\/#primaryimage"},"image":{"@id":"https:\/\/dpress.ma\/fr\/2026\/04\/08\/gitex-africa-morocco-inwi-retenu-pour-la-realisation-du-premier-reseau-5g-prive-a-usage-industriel-au-maroc\/#primaryimage"},"thumbnailUrl":"https:\/\/dpress.ma\/fr\/wp-content\/uploads\/sites\/2\/2026\/04\/44-4.jpg","datePublished":"2026-04-08T10:53:44+00:00","dateModified":"2026-04-08T10:53:45+00:00","author":{"@id":"https:\/\/dpress.ma\/fr\/#\/schema\/person\/4898febf3ccd59e6578d838656a306a0"},"breadcrumb":{"@id":"https:\/\/dpress.ma\/fr\/2026\/04\/08\/gitex-africa-morocco-inwi-retenu-pour-la-realisation-du-premier-reseau-5g-prive-a-usage-industriel-au-maroc\/#breadcrumb"},"inLanguage":"fr-FR","potentialAction":[{"@type":"ReadAction","target":["https:\/\/dpress.ma\/fr\/2026\/04\/08\/gitex-africa-morocco-inwi-retenu-pour-la-realisation-du-premier-reseau-5g-prive-a-usage-industriel-au-maroc\/"]}]},{"@type":"ImageObject","inLanguage":"fr-FR","@id":"https:\/\/dpress.ma\/fr\/2026\/04\/08\/gitex-africa-morocco-inwi-retenu-pour-la-realisation-du-premier-reseau-5g-prive-a-usage-industriel-au-maroc\/#primaryimage","url":"https:\/\/dpress.ma\/fr\/wp-content\/uploads\/sites\/2\/2026\/04\/44-4.jpg","contentUrl":"https:\/\/dpress.ma\/fr\/wp-content\/uploads\/sites\/2\/2026\/04\/44-4.jpg","width":2539,"height":1594},{"@type":"BreadcrumbList","@id":"https:\/\/dpress.ma\/fr\/2026\/04\/08\/gitex-africa-morocco-inwi-retenu-pour-la-realisation-du-premier-reseau-5g-prive-a-usage-industriel-au-maroc\/#breadcrumb","itemListElement":[{"@type":"ListItem","position":1,"name":"Home","item":"https:\/\/dpress.ma\/fr\/"},{"@type":"ListItem","position":2,"name":"Gitex Africa Morocco: inwi retenu pour la r\u00e9alisation du premier r\u00e9seau 5G priv\u00e9 \u00e0 usage industriel au Maroc"}]},{"@type":"WebSite","@id":"https:\/\/dpress.ma\/fr\/#website","url":"https:\/\/dpress.ma\/fr\/","name":"Dpress.ma\/fr","description":"","potentialAction":[{"@type":"SearchAction","target":{"@type":"EntryPoint","urlTemplate":"https:\/\/dpress.ma\/fr\/?s={search_term_string}"},"query-input":{"@type":"PropertyValueSpecification","valueRequired":true,"valueName":"search_term_string"}}],"inLanguage":"fr-FR"},{"@type":"Person","@id":"https:\/\/dpress.ma\/fr\/#\/schema\/person\/4898febf3ccd59e6578d838656a306a0","name":"Dpress.ma","image":{"@type":"ImageObject","inLanguage":"fr-FR","@id":"https:\/\/secure.gravatar.com\/avatar\/72ecc30e9db047a2e0e7176561eb9d564ed77c8108376495b19bd8336405198a?s=96&d=mm&r=g","url":"https:\/\/secure.gravatar.com\/avatar\/72ecc30e9db047a2e0e7176561eb9d564ed77c8108376495b19bd8336405198a?s=96&d=mm&r=g","contentUrl":"https:\/\/secure.gravatar.com\/avatar\/72ecc30e9db047a2e0e7176561eb9d564ed77c8108376495b19bd8336405198a?s=96&d=mm&r=g","caption":"Dpress.ma"},"sameAs":["https:\/\/www.dpress.ma"],"url":"https:\/\/dpress.ma\/fr\/author\/dpress-ma\/"}]}},"amp_enabled":true,"_links":{"self":[{"href":"https:\/\/dpress.ma\/fr\/wp-json\/wp\/v2\/posts\/27846","targetHints":{"allow":["GET"]}}],"collection":[{"href":"https:\/\/dpress.ma\/fr\/wp-json\/wp\/v2\/posts"}],"about":[{"href":"https:\/\/dpress.ma\/fr\/wp-json\/wp\/v2\/types\/post"}],"author":[{"embeddable":true,"href":"https:\/\/dpress.ma\/fr\/wp-json\/wp\/v2\/users\/2"}],"replies":[{"embeddable":true,"href":"https:\/\/dpress.ma\/fr\/wp-json\/wp\/v2\/comments?post=27846"}],"version-history":[{"count":1,"href":"https:\/\/dpress.ma\/fr\/wp-json\/wp\/v2\/posts\/27846\/revisions"}],"predecessor-version":[{"id":27847,"href":"https:\/\/dpress.ma\/fr\/wp-json\/wp\/v2\/posts\/27846\/revisions\/27847"}],"wp:featuredmedia":[{"embeddable":true,"href":"https:\/\/dpress.ma\/fr\/wp-json\/wp\/v2\/media\/27843"}],"wp:attachment":[{"href":"https:\/\/dpress.ma\/fr\/wp-json\/wp\/v2\/media?parent=27846"}],"wp:term":[{"taxonomy":"category","embeddable":true,"href":"https:\/\/dpress.ma\/fr\/wp-json\/wp\/v2\/categories?post=27846"},{"taxonomy":"post_tag","embeddable":true,"href":"https:\/\/dpress.ma\/fr\/wp-json\/wp\/v2\/tags?post=27846"}],"curies":[{"name":"wp","href":"https:\/\/api.w.org\/{rel}","templated":true}]}}