{"id":27842,"date":"2026-04-08T10:51:36","date_gmt":"2026-04-08T10:51:36","guid":{"rendered":"https:\/\/dpress.ma\/fr\/?p=27842"},"modified":"2026-04-08T10:53:01","modified_gmt":"2026-04-08T10:53:01","slug":"transition-digitale-du-tissu-economique-inwi-et-la-ccis-de-la-region-rabat-sale-kenitra-sallient","status":"publish","type":"post","link":"https:\/\/dpress.ma\/fr\/2026\/04\/08\/transition-digitale-du-tissu-economique-inwi-et-la-ccis-de-la-region-rabat-sale-kenitra-sallient\/","title":{"rendered":"Transition digitale du tissu \u00e9conomique : inwi et la CCIS de la r\u00e9gion Rabat-Sal\u00e9-K\u00e9nitra s\u2019allient"},"content":{"rendered":"\n<p>Dpress<\/p>\n\n\n\n<p>L\u2019op\u00e9rateur inwi a sign\u00e9, mardi \u00e0 Marrakech, une convention de partenariat avec la Chambre de Commerce, d\u2019Industrie et de Services de la r\u00e9gion Rabat-Sal\u00e9-K\u00e9nitra (CCIS-RSK), en vue d\u2019accompagner la transformation digitale du tissu \u00e9conomique r\u00e9gional.<\/p>\n\n\n\n<p>Conclue en marge de la 4e \u00e9dition du GITEX Africa Morocco, ce partenariat s\u2019inscrit dans la volont\u00e9 d\u2019inwi de renforcer son engagement territorial et de soutenir activement la digitalisation des entreprises marocaines, notamment les commer\u00e7ants et les tr\u00e8s petites, petites et moyennes entreprises (TPE-PME).<\/p>\n\n\n\n<p>\u00c0 travers ce partenariat, inwi entend assurer un accompagnement global des entreprises de la CCIS-RSK, en mettant \u00e0 leur disposition des solutions de connectivit\u00e9 adapt\u00e9es ainsi que des offres digitales innovantes, pour r\u00e9pondre \u00e0 leurs besoins sp\u00e9cifiques, quel que soit leur niveau de maturit\u00e9 technologique.<\/p>\n\n\n\n<p>\u201cCe partenariat traduit la conviction d\u2019inwi que la transformation digitale doit \u00eatre accessible \u00e0 toutes les entreprises, partout au Maroc\u201d, a d\u00e9clar\u00e9 \u00e0 la MAP le directeur commercial PME chez inwi, Reda Meizar.<\/p>\n\n\n\n<p>Cette collaboration, a-t-il ajout\u00e9, a pour objectif principal d\u2019accompagner les entreprises marocaines, ind\u00e9pendamment de leur taille ainsi que les commer\u00e7ants affili\u00e9s \u00e0 la Chambre, \u00e0 travers des solutions accessibles et de haute qualit\u00e9 en mati\u00e8re de mobile et de connectivit\u00e9\u201d.<\/p>\n\n\n\n<p>M. Meizar a, dans la foul\u00e9e, mis en avant la volont\u00e9 d\u2019inwi de g\u00e9n\u00e9rer un \u201cimpact concret\u201d sur le terrain, \u00e0 travers \u201cl\u2019organisation de formations, d\u2019ateliers de travail et la mise en place d\u2019initiatives r\u00e9pondant aux attentes des entrepreneurs de la r\u00e9gion\u201d, notant qu\u2019il s\u2019agit d\u2019\u201dune nouvelle \u00e9tape dans l\u2019engagement de l\u2019op\u00e9rateur en faveur d\u2019une \u00e9conomie marocaine r\u00e9siliente, comp\u00e9titive et orient\u00e9e vers le num\u00e9rique\u201d.<\/p>\n\n\n\n<p>De son c\u00f4t\u00e9, le pr\u00e9sident de la CCIS de la r\u00e9gion Rabat-Sal\u00e9-K\u00e9nitra, Hassan Sakhi, a affirm\u00e9 que cette convention vise notamment \u00e0 \u201caccompagner la transformation digitale des entreprises de la r\u00e9gion, en particulier les petits commer\u00e7ants, \u00e0 travers l\u2019acc\u00e8s \u00e0 des solutions innovantes propos\u00e9es par inwi\u201d.<\/p>\n\n\n\n<p>\u201cCe partenariat permettra \u00e9galement aux entreprises de b\u00e9n\u00e9ficier d\u2019offres adapt\u00e9es, notamment en termes de tarification, afin de soutenir leur d\u00e9veloppement et de renforcer leur contribution \u00e0 la dynamique \u00e9conomique nationale\u201d, a-t-il poursuivi.<\/p>\n\n\n\n<p>Plac\u00e9e sous le Haut Patronage de Sa Majest\u00e9 le Roi Mohammed VI, cette \u00e9dition de GITEX Africa Morocco (7-9 avril) r\u00e9unit quelque 50.000 participants et plus de 1.450 exposants de 130 pays pour d\u00e9battre des enjeux de l\u2019\u00e9conomie num\u00e9rique africaine \u00e0 l\u2019\u00e8re de l\u2019Intelligence Artificielle.<\/p>\n\n\n\n<p><\/p>\n","protected":false},"excerpt":{"rendered":"<p>Dpress L\u2019op\u00e9rateur inwi a sign\u00e9, mardi \u00e0 Marrakech, une convention de partenariat avec la Chambre de Commerce, d\u2019Industrie et de Services de la r\u00e9gion Rabat-Sal\u00e9-K\u00e9nitra (CCIS-RSK), en vue d\u2019accompagner la transformation digitale du tissu \u00e9conomique r\u00e9gional. Conclue en marge de la 4e \u00e9dition du GITEX Africa Morocco, ce partenariat s\u2019inscrit dans la volont\u00e9 d\u2019inwi de &hellip;<\/p>\n","protected":false},"author":2,"featured_media":27845,"comment_status":"open","ping_status":"open","sticky":false,"template":"","format":"standard","meta":{"footnotes":""},"categories":[25],"tags":[],"class_list":["post-27842","post","type-post","status-publish","format-standard","has-post-thumbnail","hentry","category-economie"],"yoast_head":"<!-- This site is optimized with the Yoast SEO plugin v27.5 - https:\/\/yoast.com\/product\/yoast-seo-wordpress\/ -->\n<title>Transition digitale du tissu \u00e9conomique : inwi et la CCIS de la r\u00e9gion Rabat-Sal\u00e9-K\u00e9nitra s\u2019allient - Dpress.ma\/fr<\/title>\n<meta name=\"robots\" content=\"index, follow, max-snippet:-1, max-image-preview:large, max-video-preview:-1\" \/>\n<link rel=\"canonical\" href=\"https:\/\/dpress.ma\/fr\/2026\/04\/08\/transition-digitale-du-tissu-economique-inwi-et-la-ccis-de-la-region-rabat-sale-kenitra-sallient\/\" \/>\n<meta property=\"og:locale\" content=\"fr_FR\" \/>\n<meta property=\"og:type\" content=\"article\" \/>\n<meta property=\"og:title\" content=\"Transition digitale du tissu \u00e9conomique : inwi et la CCIS de la r\u00e9gion Rabat-Sal\u00e9-K\u00e9nitra s\u2019allient - Dpress.ma\/fr\" \/>\n<meta property=\"og:description\" content=\"Dpress L\u2019op\u00e9rateur inwi a sign\u00e9, mardi \u00e0 Marrakech, une convention de partenariat avec la Chambre de Commerce, d\u2019Industrie et de Services de la r\u00e9gion Rabat-Sal\u00e9-K\u00e9nitra (CCIS-RSK), en vue d\u2019accompagner la transformation digitale du tissu \u00e9conomique r\u00e9gional. Conclue en marge de la 4e \u00e9dition du GITEX Africa Morocco, ce partenariat s\u2019inscrit dans la volont\u00e9 d\u2019inwi de &hellip;\" \/>\n<meta property=\"og:url\" content=\"https:\/\/dpress.ma\/fr\/2026\/04\/08\/transition-digitale-du-tissu-economique-inwi-et-la-ccis-de-la-region-rabat-sale-kenitra-sallient\/\" \/>\n<meta property=\"og:site_name\" content=\"Dpress.ma\/fr\" \/>\n<meta property=\"article:published_time\" content=\"2026-04-08T10:51:36+00:00\" \/>\n<meta property=\"article:modified_time\" content=\"2026-04-08T10:53:01+00:00\" \/>\n<meta property=\"og:image\" content=\"https:\/\/dpress.ma\/fr\/wp-content\/uploads\/sites\/2\/2026\/04\/45-3.jpg\" \/>\n\t<meta property=\"og:image:width\" content=\"2539\" \/>\n\t<meta property=\"og:image:height\" content=\"1594\" \/>\n\t<meta property=\"og:image:type\" content=\"image\/jpeg\" \/>\n<meta name=\"author\" content=\"Dpress.ma\" \/>\n<meta name=\"twitter:card\" content=\"summary_large_image\" \/>\n<meta name=\"twitter:label1\" content=\"\u00c9crit par\" \/>\n\t<meta name=\"twitter:data1\" content=\"Dpress.ma\" \/>\n\t<meta name=\"twitter:label2\" content=\"Dur\u00e9e de lecture estim\u00e9e\" \/>\n\t<meta name=\"twitter:data2\" content=\"3 minutes\" \/>\n<script type=\"application\/ld+json\" class=\"yoast-schema-graph\">{\"@context\":\"https:\\\/\\\/schema.org\",\"@graph\":[{\"@type\":\"Article\",\"@id\":\"https:\\\/\\\/dpress.ma\\\/fr\\\/2026\\\/04\\\/08\\\/transition-digitale-du-tissu-economique-inwi-et-la-ccis-de-la-region-rabat-sale-kenitra-sallient\\\/#article\",\"isPartOf\":{\"@id\":\"https:\\\/\\\/dpress.ma\\\/fr\\\/2026\\\/04\\\/08\\\/transition-digitale-du-tissu-economique-inwi-et-la-ccis-de-la-region-rabat-sale-kenitra-sallient\\\/\"},\"author\":{\"name\":\"Dpress.ma\",\"@id\":\"https:\\\/\\\/dpress.ma\\\/fr\\\/#\\\/schema\\\/person\\\/4898febf3ccd59e6578d838656a306a0\"},\"headline\":\"Transition digitale du tissu \u00e9conomique : inwi et la CCIS de la r\u00e9gion Rabat-Sal\u00e9-K\u00e9nitra s\u2019allient\",\"datePublished\":\"2026-04-08T10:51:36+00:00\",\"dateModified\":\"2026-04-08T10:53:01+00:00\",\"mainEntityOfPage\":{\"@id\":\"https:\\\/\\\/dpress.ma\\\/fr\\\/2026\\\/04\\\/08\\\/transition-digitale-du-tissu-economique-inwi-et-la-ccis-de-la-region-rabat-sale-kenitra-sallient\\\/\"},\"wordCount\":450,\"commentCount\":0,\"image\":{\"@id\":\"https:\\\/\\\/dpress.ma\\\/fr\\\/2026\\\/04\\\/08\\\/transition-digitale-du-tissu-economique-inwi-et-la-ccis-de-la-region-rabat-sale-kenitra-sallient\\\/#primaryimage\"},\"thumbnailUrl\":\"https:\\\/\\\/dpress.ma\\\/fr\\\/wp-content\\\/uploads\\\/sites\\\/2\\\/2026\\\/04\\\/45-3.jpg\",\"articleSection\":[\"\u00c9conomie\"],\"inLanguage\":\"fr-FR\",\"potentialAction\":[{\"@type\":\"CommentAction\",\"name\":\"Comment\",\"target\":[\"https:\\\/\\\/dpress.ma\\\/fr\\\/2026\\\/04\\\/08\\\/transition-digitale-du-tissu-economique-inwi-et-la-ccis-de-la-region-rabat-sale-kenitra-sallient\\\/#respond\"]}]},{\"@type\":\"WebPage\",\"@id\":\"https:\\\/\\\/dpress.ma\\\/fr\\\/2026\\\/04\\\/08\\\/transition-digitale-du-tissu-economique-inwi-et-la-ccis-de-la-region-rabat-sale-kenitra-sallient\\\/\",\"url\":\"https:\\\/\\\/dpress.ma\\\/fr\\\/2026\\\/04\\\/08\\\/transition-digitale-du-tissu-economique-inwi-et-la-ccis-de-la-region-rabat-sale-kenitra-sallient\\\/\",\"name\":\"Transition digitale du tissu \u00e9conomique : inwi et la CCIS de la r\u00e9gion Rabat-Sal\u00e9-K\u00e9nitra s\u2019allient - Dpress.ma\\\/fr\",\"isPartOf\":{\"@id\":\"https:\\\/\\\/dpress.ma\\\/fr\\\/#website\"},\"primaryImageOfPage\":{\"@id\":\"https:\\\/\\\/dpress.ma\\\/fr\\\/2026\\\/04\\\/08\\\/transition-digitale-du-tissu-economique-inwi-et-la-ccis-de-la-region-rabat-sale-kenitra-sallient\\\/#primaryimage\"},\"image\":{\"@id\":\"https:\\\/\\\/dpress.ma\\\/fr\\\/2026\\\/04\\\/08\\\/transition-digitale-du-tissu-economique-inwi-et-la-ccis-de-la-region-rabat-sale-kenitra-sallient\\\/#primaryimage\"},\"thumbnailUrl\":\"https:\\\/\\\/dpress.ma\\\/fr\\\/wp-content\\\/uploads\\\/sites\\\/2\\\/2026\\\/04\\\/45-3.jpg\",\"datePublished\":\"2026-04-08T10:51:36+00:00\",\"dateModified\":\"2026-04-08T10:53:01+00:00\",\"author\":{\"@id\":\"https:\\\/\\\/dpress.ma\\\/fr\\\/#\\\/schema\\\/person\\\/4898febf3ccd59e6578d838656a306a0\"},\"breadcrumb\":{\"@id\":\"https:\\\/\\\/dpress.ma\\\/fr\\\/2026\\\/04\\\/08\\\/transition-digitale-du-tissu-economique-inwi-et-la-ccis-de-la-region-rabat-sale-kenitra-sallient\\\/#breadcrumb\"},\"inLanguage\":\"fr-FR\",\"potentialAction\":[{\"@type\":\"ReadAction\",\"target\":[\"https:\\\/\\\/dpress.ma\\\/fr\\\/2026\\\/04\\\/08\\\/transition-digitale-du-tissu-economique-inwi-et-la-ccis-de-la-region-rabat-sale-kenitra-sallient\\\/\"]}]},{\"@type\":\"ImageObject\",\"inLanguage\":\"fr-FR\",\"@id\":\"https:\\\/\\\/dpress.ma\\\/fr\\\/2026\\\/04\\\/08\\\/transition-digitale-du-tissu-economique-inwi-et-la-ccis-de-la-region-rabat-sale-kenitra-sallient\\\/#primaryimage\",\"url\":\"https:\\\/\\\/dpress.ma\\\/fr\\\/wp-content\\\/uploads\\\/sites\\\/2\\\/2026\\\/04\\\/45-3.jpg\",\"contentUrl\":\"https:\\\/\\\/dpress.ma\\\/fr\\\/wp-content\\\/uploads\\\/sites\\\/2\\\/2026\\\/04\\\/45-3.jpg\",\"width\":2539,\"height\":1594},{\"@type\":\"BreadcrumbList\",\"@id\":\"https:\\\/\\\/dpress.ma\\\/fr\\\/2026\\\/04\\\/08\\\/transition-digitale-du-tissu-economique-inwi-et-la-ccis-de-la-region-rabat-sale-kenitra-sallient\\\/#breadcrumb\",\"itemListElement\":[{\"@type\":\"ListItem\",\"position\":1,\"name\":\"Home\",\"item\":\"https:\\\/\\\/dpress.ma\\\/fr\\\/\"},{\"@type\":\"ListItem\",\"position\":2,\"name\":\"Transition digitale du tissu \u00e9conomique : inwi et la CCIS de la r\u00e9gion Rabat-Sal\u00e9-K\u00e9nitra s\u2019allient\"}]},{\"@type\":\"WebSite\",\"@id\":\"https:\\\/\\\/dpress.ma\\\/fr\\\/#website\",\"url\":\"https:\\\/\\\/dpress.ma\\\/fr\\\/\",\"name\":\"Dpress.ma\\\/fr\",\"description\":\"\",\"potentialAction\":[{\"@type\":\"SearchAction\",\"target\":{\"@type\":\"EntryPoint\",\"urlTemplate\":\"https:\\\/\\\/dpress.ma\\\/fr\\\/?s={search_term_string}\"},\"query-input\":{\"@type\":\"PropertyValueSpecification\",\"valueRequired\":true,\"valueName\":\"search_term_string\"}}],\"inLanguage\":\"fr-FR\"},{\"@type\":\"Person\",\"@id\":\"https:\\\/\\\/dpress.ma\\\/fr\\\/#\\\/schema\\\/person\\\/4898febf3ccd59e6578d838656a306a0\",\"name\":\"Dpress.ma\",\"image\":{\"@type\":\"ImageObject\",\"inLanguage\":\"fr-FR\",\"@id\":\"https:\\\/\\\/secure.gravatar.com\\\/avatar\\\/72ecc30e9db047a2e0e7176561eb9d564ed77c8108376495b19bd8336405198a?s=96&d=mm&r=g\",\"url\":\"https:\\\/\\\/secure.gravatar.com\\\/avatar\\\/72ecc30e9db047a2e0e7176561eb9d564ed77c8108376495b19bd8336405198a?s=96&d=mm&r=g\",\"contentUrl\":\"https:\\\/\\\/secure.gravatar.com\\\/avatar\\\/72ecc30e9db047a2e0e7176561eb9d564ed77c8108376495b19bd8336405198a?s=96&d=mm&r=g\",\"caption\":\"Dpress.ma\"},\"sameAs\":[\"https:\\\/\\\/www.dpress.ma\"],\"url\":\"https:\\\/\\\/dpress.ma\\\/fr\\\/author\\\/dpress-ma\\\/\"}]}<\/script>\n<!-- \/ Yoast SEO plugin. -->","yoast_head_json":{"title":"Transition digitale du tissu \u00e9conomique : inwi et la CCIS de la r\u00e9gion Rabat-Sal\u00e9-K\u00e9nitra s\u2019allient - Dpress.ma\/fr","robots":{"index":"index","follow":"follow","max-snippet":"max-snippet:-1","max-image-preview":"max-image-preview:large","max-video-preview":"max-video-preview:-1"},"canonical":"https:\/\/dpress.ma\/fr\/2026\/04\/08\/transition-digitale-du-tissu-economique-inwi-et-la-ccis-de-la-region-rabat-sale-kenitra-sallient\/","og_locale":"fr_FR","og_type":"article","og_title":"Transition digitale du tissu \u00e9conomique : inwi et la CCIS de la r\u00e9gion Rabat-Sal\u00e9-K\u00e9nitra s\u2019allient - Dpress.ma\/fr","og_description":"Dpress L\u2019op\u00e9rateur inwi a sign\u00e9, mardi \u00e0 Marrakech, une convention de partenariat avec la Chambre de Commerce, d\u2019Industrie et de Services de la r\u00e9gion Rabat-Sal\u00e9-K\u00e9nitra (CCIS-RSK), en vue d\u2019accompagner la transformation digitale du tissu \u00e9conomique r\u00e9gional. Conclue en marge de la 4e \u00e9dition du GITEX Africa Morocco, ce partenariat s\u2019inscrit dans la volont\u00e9 d\u2019inwi de &hellip;","og_url":"https:\/\/dpress.ma\/fr\/2026\/04\/08\/transition-digitale-du-tissu-economique-inwi-et-la-ccis-de-la-region-rabat-sale-kenitra-sallient\/","og_site_name":"Dpress.ma\/fr","article_published_time":"2026-04-08T10:51:36+00:00","article_modified_time":"2026-04-08T10:53:01+00:00","og_image":[{"width":2539,"height":1594,"url":"https:\/\/dpress.ma\/fr\/wp-content\/uploads\/sites\/2\/2026\/04\/45-3.jpg","type":"image\/jpeg"}],"author":"Dpress.ma","twitter_card":"summary_large_image","twitter_misc":{"\u00c9crit par":"Dpress.ma","Dur\u00e9e de lecture estim\u00e9e":"3 minutes"},"schema":{"@context":"https:\/\/schema.org","@graph":[{"@type":"Article","@id":"https:\/\/dpress.ma\/fr\/2026\/04\/08\/transition-digitale-du-tissu-economique-inwi-et-la-ccis-de-la-region-rabat-sale-kenitra-sallient\/#article","isPartOf":{"@id":"https:\/\/dpress.ma\/fr\/2026\/04\/08\/transition-digitale-du-tissu-economique-inwi-et-la-ccis-de-la-region-rabat-sale-kenitra-sallient\/"},"author":{"name":"Dpress.ma","@id":"https:\/\/dpress.ma\/fr\/#\/schema\/person\/4898febf3ccd59e6578d838656a306a0"},"headline":"Transition digitale du tissu \u00e9conomique : inwi et la CCIS de la r\u00e9gion Rabat-Sal\u00e9-K\u00e9nitra s\u2019allient","datePublished":"2026-04-08T10:51:36+00:00","dateModified":"2026-04-08T10:53:01+00:00","mainEntityOfPage":{"@id":"https:\/\/dpress.ma\/fr\/2026\/04\/08\/transition-digitale-du-tissu-economique-inwi-et-la-ccis-de-la-region-rabat-sale-kenitra-sallient\/"},"wordCount":450,"commentCount":0,"image":{"@id":"https:\/\/dpress.ma\/fr\/2026\/04\/08\/transition-digitale-du-tissu-economique-inwi-et-la-ccis-de-la-region-rabat-sale-kenitra-sallient\/#primaryimage"},"thumbnailUrl":"https:\/\/dpress.ma\/fr\/wp-content\/uploads\/sites\/2\/2026\/04\/45-3.jpg","articleSection":["\u00c9conomie"],"inLanguage":"fr-FR","potentialAction":[{"@type":"CommentAction","name":"Comment","target":["https:\/\/dpress.ma\/fr\/2026\/04\/08\/transition-digitale-du-tissu-economique-inwi-et-la-ccis-de-la-region-rabat-sale-kenitra-sallient\/#respond"]}]},{"@type":"WebPage","@id":"https:\/\/dpress.ma\/fr\/2026\/04\/08\/transition-digitale-du-tissu-economique-inwi-et-la-ccis-de-la-region-rabat-sale-kenitra-sallient\/","url":"https:\/\/dpress.ma\/fr\/2026\/04\/08\/transition-digitale-du-tissu-economique-inwi-et-la-ccis-de-la-region-rabat-sale-kenitra-sallient\/","name":"Transition digitale du tissu \u00e9conomique : inwi et la CCIS de la r\u00e9gion Rabat-Sal\u00e9-K\u00e9nitra s\u2019allient - Dpress.ma\/fr","isPartOf":{"@id":"https:\/\/dpress.ma\/fr\/#website"},"primaryImageOfPage":{"@id":"https:\/\/dpress.ma\/fr\/2026\/04\/08\/transition-digitale-du-tissu-economique-inwi-et-la-ccis-de-la-region-rabat-sale-kenitra-sallient\/#primaryimage"},"image":{"@id":"https:\/\/dpress.ma\/fr\/2026\/04\/08\/transition-digitale-du-tissu-economique-inwi-et-la-ccis-de-la-region-rabat-sale-kenitra-sallient\/#primaryimage"},"thumbnailUrl":"https:\/\/dpress.ma\/fr\/wp-content\/uploads\/sites\/2\/2026\/04\/45-3.jpg","datePublished":"2026-04-08T10:51:36+00:00","dateModified":"2026-04-08T10:53:01+00:00","author":{"@id":"https:\/\/dpress.ma\/fr\/#\/schema\/person\/4898febf3ccd59e6578d838656a306a0"},"breadcrumb":{"@id":"https:\/\/dpress.ma\/fr\/2026\/04\/08\/transition-digitale-du-tissu-economique-inwi-et-la-ccis-de-la-region-rabat-sale-kenitra-sallient\/#breadcrumb"},"inLanguage":"fr-FR","potentialAction":[{"@type":"ReadAction","target":["https:\/\/dpress.ma\/fr\/2026\/04\/08\/transition-digitale-du-tissu-economique-inwi-et-la-ccis-de-la-region-rabat-sale-kenitra-sallient\/"]}]},{"@type":"ImageObject","inLanguage":"fr-FR","@id":"https:\/\/dpress.ma\/fr\/2026\/04\/08\/transition-digitale-du-tissu-economique-inwi-et-la-ccis-de-la-region-rabat-sale-kenitra-sallient\/#primaryimage","url":"https:\/\/dpress.ma\/fr\/wp-content\/uploads\/sites\/2\/2026\/04\/45-3.jpg","contentUrl":"https:\/\/dpress.ma\/fr\/wp-content\/uploads\/sites\/2\/2026\/04\/45-3.jpg","width":2539,"height":1594},{"@type":"BreadcrumbList","@id":"https:\/\/dpress.ma\/fr\/2026\/04\/08\/transition-digitale-du-tissu-economique-inwi-et-la-ccis-de-la-region-rabat-sale-kenitra-sallient\/#breadcrumb","itemListElement":[{"@type":"ListItem","position":1,"name":"Home","item":"https:\/\/dpress.ma\/fr\/"},{"@type":"ListItem","position":2,"name":"Transition digitale du tissu \u00e9conomique : inwi et la CCIS de la r\u00e9gion Rabat-Sal\u00e9-K\u00e9nitra s\u2019allient"}]},{"@type":"WebSite","@id":"https:\/\/dpress.ma\/fr\/#website","url":"https:\/\/dpress.ma\/fr\/","name":"Dpress.ma\/fr","description":"","potentialAction":[{"@type":"SearchAction","target":{"@type":"EntryPoint","urlTemplate":"https:\/\/dpress.ma\/fr\/?s={search_term_string}"},"query-input":{"@type":"PropertyValueSpecification","valueRequired":true,"valueName":"search_term_string"}}],"inLanguage":"fr-FR"},{"@type":"Person","@id":"https:\/\/dpress.ma\/fr\/#\/schema\/person\/4898febf3ccd59e6578d838656a306a0","name":"Dpress.ma","image":{"@type":"ImageObject","inLanguage":"fr-FR","@id":"https:\/\/secure.gravatar.com\/avatar\/72ecc30e9db047a2e0e7176561eb9d564ed77c8108376495b19bd8336405198a?s=96&d=mm&r=g","url":"https:\/\/secure.gravatar.com\/avatar\/72ecc30e9db047a2e0e7176561eb9d564ed77c8108376495b19bd8336405198a?s=96&d=mm&r=g","contentUrl":"https:\/\/secure.gravatar.com\/avatar\/72ecc30e9db047a2e0e7176561eb9d564ed77c8108376495b19bd8336405198a?s=96&d=mm&r=g","caption":"Dpress.ma"},"sameAs":["https:\/\/www.dpress.ma"],"url":"https:\/\/dpress.ma\/fr\/author\/dpress-ma\/"}]}},"amp_enabled":true,"_links":{"self":[{"href":"https:\/\/dpress.ma\/fr\/wp-json\/wp\/v2\/posts\/27842","targetHints":{"allow":["GET"]}}],"collection":[{"href":"https:\/\/dpress.ma\/fr\/wp-json\/wp\/v2\/posts"}],"about":[{"href":"https:\/\/dpress.ma\/fr\/wp-json\/wp\/v2\/types\/post"}],"author":[{"embeddable":true,"href":"https:\/\/dpress.ma\/fr\/wp-json\/wp\/v2\/users\/2"}],"replies":[{"embeddable":true,"href":"https:\/\/dpress.ma\/fr\/wp-json\/wp\/v2\/comments?post=27842"}],"version-history":[{"count":1,"href":"https:\/\/dpress.ma\/fr\/wp-json\/wp\/v2\/posts\/27842\/revisions"}],"predecessor-version":[{"id":27844,"href":"https:\/\/dpress.ma\/fr\/wp-json\/wp\/v2\/posts\/27842\/revisions\/27844"}],"wp:featuredmedia":[{"embeddable":true,"href":"https:\/\/dpress.ma\/fr\/wp-json\/wp\/v2\/media\/27845"}],"wp:attachment":[{"href":"https:\/\/dpress.ma\/fr\/wp-json\/wp\/v2\/media?parent=27842"}],"wp:term":[{"taxonomy":"category","embeddable":true,"href":"https:\/\/dpress.ma\/fr\/wp-json\/wp\/v2\/categories?post=27842"},{"taxonomy":"post_tag","embeddable":true,"href":"https:\/\/dpress.ma\/fr\/wp-json\/wp\/v2\/tags?post=27842"}],"curies":[{"name":"wp","href":"https:\/\/api.w.org\/{rel}","templated":true}]}}