{"id":27839,"date":"2026-04-08T10:48:54","date_gmt":"2026-04-08T10:48:54","guid":{"rendered":"https:\/\/dpress.ma\/fr\/?p=27839"},"modified":"2026-04-08T10:48:56","modified_gmt":"2026-04-08T10:48:56","slug":"journee-dinformation-a-rabat-sur-les-programmes-previsionnels-des-marches-du-btp-pour-2026","status":"publish","type":"post","link":"https:\/\/dpress.ma\/fr\/2026\/04\/08\/journee-dinformation-a-rabat-sur-les-programmes-previsionnels-des-marches-du-btp-pour-2026\/","title":{"rendered":"Journ\u00e9e d\u2019information \u00e0 Rabat sur les programmes pr\u00e9visionnels des march\u00e9s du BTP pour 2026"},"content":{"rendered":"\n<p>Dpress<\/p>\n\n\n\n<p>Le minist\u00e8re de l\u2019\u00c9quipement et de l\u2019Eau a organis\u00e9, mardi \u00e0 Rabat, une journ\u00e9e d\u2019information consacr\u00e9e au programme pr\u00e9visionnel des march\u00e9s du b\u00e2timent et des travaux publics (BTP) au titre de l\u2019ann\u00e9e 2026, sous le th\u00e8me \u201cL\u2019\u00e9cosyst\u00e8me BTP au service du d\u00e9veloppement territorial int\u00e9gr\u00e9 et r\u00e9silient\u201d.<\/p>\n\n\n\n<p>Cette rencontre, tenue en pr\u00e9sence des pr\u00e9sidents des f\u00e9d\u00e9rations professionnelles et des repr\u00e9sentants des diff\u00e9rentes composantes du secteur du BTP, des organisations professionnelles, des d\u00e9partements minist\u00e9riels, des \u00e9tablissements publics et des instituts sup\u00e9rieurs, s\u2019inscrit dans le cadre de la mise en \u0153uvre des engagements du contrat-programme sign\u00e9 entre le gouvernement et les professionnels du secteur du BTP.<\/p>\n\n\n\n<p>Les participants ont mis l\u2019accent sur la dimension territoriale en tant que levier essentiel pour le d\u00e9veloppement du secteur, en soulignant le r\u00f4le central de l\u2019investissement public dans la mise en place d\u2019\u00e9cosyst\u00e8mes r\u00e9gionaux int\u00e9gr\u00e9s et r\u00e9silients, en phase avec la dynamique de d\u00e9veloppement que connaissent les diff\u00e9rentes r\u00e9gions du Royaume, tout en renfor\u00e7ant les principes d\u2019\u00e9quit\u00e9 et d\u2019\u00e9quilibre territorial.<\/p>\n\n\n\n<p>Dans une allocution \u00e0 l\u2019ouverture de cette journ\u00e9e d\u2019information, le ministre de l\u2019\u00c9quipement et de l\u2019Eau, Nizar Baraka, a indiqu\u00e9 que l\u2019enveloppe financi\u00e8re globale des programmes pr\u00e9visionnels des march\u00e9s du BTP pour l\u2019ann\u00e9e 2026, au niveau du minist\u00e8re et des \u00e9tablissements sous tutelle, atteindra environ 73 milliards de dirhams (MMDH) r\u00e9partis entre le secteur de l\u2019eau et m\u00e9t\u00e9o (18 MMDH), le secteur routier et autoroutier (environ 21,8 MMDH), le secteur portuaire (4 MMDH) et le secteur des \u00e9quipements publics (28,8 MMDH), soit une hausse de 4% par rapport \u00e0 l\u2019ann\u00e9e pr\u00e9c\u00e9dente, ce qui traduit la poursuite du soutien aux infrastructures et le renforcement du d\u00e9veloppement territorial.<\/p>\n\n\n\n<p>Selon le ministre, le programme pr\u00e9visionnel refl\u00e8te la dynamique positive de l\u2019investissement public qui a atteint, au titre de l\u2019ann\u00e9e 2026, un total de 380 MMDH contre 340 MMDH l\u2019ann\u00e9e pr\u00e9c\u00e9dente, confirmant la poursuite des efforts visant \u00e0 soutenir les projets structurants et \u00e0 acc\u00e9l\u00e9rer leur r\u00e9alisation.<\/p>\n\n\n\n<p>M. Baraka a, en outre, pr\u00e9sent\u00e9 les projets programm\u00e9s au titre de l\u2019ann\u00e9e 2026 ayant un impact positif sur le secteur, conform\u00e9ment aux Hautes Orientations Royales, mettant en avant la place strat\u00e9gique du secteur du BTP en tant que levier fondamental de l\u2019\u00e9conomie nationale et moteur important de cr\u00e9ation d\u2019emplois et de dynamisation du d\u00e9veloppement.<\/p>\n\n\n\n<p>Par ailleurs, il a indiqu\u00e9 que cette rencontre s\u2019inscrit dans un contexte strat\u00e9gique ouvrant des perspectives prometteuses pour renforcer l\u2019attractivit\u00e9 de l\u2019\u00e9conomie nationale, stimuler l\u2019investissement et cr\u00e9er des emplois durables, appelant \u00e0 une mobilisation globale de l\u2019ensemble des acteurs pour faire face aux d\u00e9fis, notamment la pression des d\u00e9lais, les contraintes li\u00e9es \u00e0 la mobilisation du foncier, ainsi que les d\u00e9fis techniques et environnementaux.<\/p>\n\n\n\n<p>De son c\u00f4t\u00e9, le ministre du Transport et de la Logistique, Abdessamad Kayouh, a not\u00e9 que cette journ\u00e9e constitue l\u2019occasion de s\u2019ouvrir sur l\u2019\u00e9cosyst\u00e8me du BTP pour \u00e9changer sur les grandes opportunit\u00e9s d\u2019investissement et les perspectives d\u2019avenir ainsi que les besoins en mesures d\u2019accompagnement.<\/p>\n\n\n\n<p>Abordant les faits marquants de l\u2019ann\u00e9e 2025 dans le secteur du transport et de la logistique, M. Kayouh a mis en avant deux projets structurants lanc\u00e9s sous l\u2019impulsion de Sa Majest\u00e9 le Roi Mohammed VI, \u00e0 savoir les travaux de r\u00e9alisation de la ligne ferroviaire \u00e0 grande vitesse reliant K\u00e9nitra \u00e0 Marrakech et les travaux de r\u00e9alisation de projets ferroviaires structurants \u00e0 la pr\u00e9fecture d\u2019arrondissement Hay Hassani \u00e0 Casablanca.<\/p>\n\n\n\n<p>Le transport ferroviaire a cumul\u00e9 55,6 millions de voyageurs en 2025, soit une hausse de 1% par rapport \u00e0 2024, outre l\u2019\u00e9volution du trafic du transport a\u00e9rien, a pr\u00e9cis\u00e9 M. Kayouh, notant que les a\u00e9roports du Maroc ont enregistr\u00e9 en 2025 un trafic a\u00e9rien important atteignant 36,4 millions de passagers.<\/p>\n\n\n\n<p>Les travaux de cette journ\u00e9e ont connu la participation des directeurs r\u00e9gionaux de l\u2019\u00c9quipement, du Transport et de la Logistique qui ont pr\u00e9sent\u00e9 des expos\u00e9s d\u00e9taill\u00e9s sur les principaux projets d\u2019investissement programm\u00e9s pour l\u2019ann\u00e9e 2026 dans les diff\u00e9rentes r\u00e9gions du Royaume.<\/p>\n\n\n\n<p>Un panel intitul\u00e9 \u201cEnjeux et dispositifs pour promouvoir des \u00e9cosyst\u00e8mes BTP territoriaux\u201d a \u00e9galement \u00e9t\u00e9 organis\u00e9 avec la participation de responsables du minist\u00e8re de l\u2019\u00c9quipement et de l\u2019Eau et de repr\u00e9sentants des professionnels. Il a \u00e9t\u00e9 l\u2019occasion pour les intervenants d\u2019\u00e9changer sur les moyens de renforcer la structuration des \u00e9cosyst\u00e8mes r\u00e9gionaux, d\u2019am\u00e9liorer leur comp\u00e9titivit\u00e9 et de consolider leur int\u00e9gration dans la dynamique de d\u00e9veloppement territorial.<\/p>\n","protected":false},"excerpt":{"rendered":"<p>Dpress Le minist\u00e8re de l\u2019\u00c9quipement et de l\u2019Eau a organis\u00e9, mardi \u00e0 Rabat, une journ\u00e9e d\u2019information consacr\u00e9e au programme pr\u00e9visionnel des march\u00e9s du b\u00e2timent et des travaux publics (BTP) au titre de l\u2019ann\u00e9e 2026, sous le th\u00e8me \u201cL\u2019\u00e9cosyst\u00e8me BTP au service du d\u00e9veloppement territorial int\u00e9gr\u00e9 et r\u00e9silient\u201d. Cette rencontre, tenue en pr\u00e9sence des pr\u00e9sidents des &hellip;<\/p>\n","protected":false},"author":2,"featured_media":27840,"comment_status":"open","ping_status":"open","sticky":false,"template":"","format":"standard","meta":{"footnotes":""},"categories":[25],"tags":[],"class_list":["post-27839","post","type-post","status-publish","format-standard","has-post-thumbnail","hentry","category-economie"],"yoast_head":"<!-- This site is optimized with the Yoast SEO plugin v27.5 - https:\/\/yoast.com\/product\/yoast-seo-wordpress\/ -->\n<title>Journ\u00e9e d\u2019information \u00e0 Rabat sur les programmes pr\u00e9visionnels des march\u00e9s du BTP pour 2026 - Dpress.ma\/fr<\/title>\n<meta name=\"robots\" content=\"index, follow, max-snippet:-1, max-image-preview:large, max-video-preview:-1\" \/>\n<link rel=\"canonical\" href=\"https:\/\/dpress.ma\/fr\/2026\/04\/08\/journee-dinformation-a-rabat-sur-les-programmes-previsionnels-des-marches-du-btp-pour-2026\/\" \/>\n<meta property=\"og:locale\" content=\"fr_FR\" \/>\n<meta property=\"og:type\" content=\"article\" \/>\n<meta property=\"og:title\" content=\"Journ\u00e9e d\u2019information \u00e0 Rabat sur les programmes pr\u00e9visionnels des march\u00e9s du BTP pour 2026 - Dpress.ma\/fr\" \/>\n<meta property=\"og:description\" content=\"Dpress Le minist\u00e8re de l\u2019\u00c9quipement et de l\u2019Eau a organis\u00e9, mardi \u00e0 Rabat, une journ\u00e9e d\u2019information consacr\u00e9e au programme pr\u00e9visionnel des march\u00e9s du b\u00e2timent et des travaux publics (BTP) au titre de l\u2019ann\u00e9e 2026, sous le th\u00e8me \u201cL\u2019\u00e9cosyst\u00e8me BTP au service du d\u00e9veloppement territorial int\u00e9gr\u00e9 et r\u00e9silient\u201d. Cette rencontre, tenue en pr\u00e9sence des pr\u00e9sidents des &hellip;\" \/>\n<meta property=\"og:url\" content=\"https:\/\/dpress.ma\/fr\/2026\/04\/08\/journee-dinformation-a-rabat-sur-les-programmes-previsionnels-des-marches-du-btp-pour-2026\/\" \/>\n<meta property=\"og:site_name\" content=\"Dpress.ma\/fr\" \/>\n<meta property=\"article:published_time\" content=\"2026-04-08T10:48:54+00:00\" \/>\n<meta property=\"article:modified_time\" content=\"2026-04-08T10:48:56+00:00\" \/>\n<meta property=\"og:image\" content=\"https:\/\/dpress.ma\/fr\/wp-content\/uploads\/sites\/2\/2026\/04\/43-4.jpg\" \/>\n\t<meta property=\"og:image:width\" content=\"2539\" \/>\n\t<meta property=\"og:image:height\" content=\"1594\" \/>\n\t<meta property=\"og:image:type\" content=\"image\/jpeg\" \/>\n<meta name=\"author\" content=\"Dpress.ma\" \/>\n<meta name=\"twitter:card\" content=\"summary_large_image\" \/>\n<meta name=\"twitter:label1\" content=\"\u00c9crit par\" \/>\n\t<meta name=\"twitter:data1\" content=\"Dpress.ma\" \/>\n\t<meta name=\"twitter:label2\" content=\"Dur\u00e9e de lecture estim\u00e9e\" \/>\n\t<meta name=\"twitter:data2\" content=\"4 minutes\" \/>\n<script type=\"application\/ld+json\" class=\"yoast-schema-graph\">{\"@context\":\"https:\\\/\\\/schema.org\",\"@graph\":[{\"@type\":\"Article\",\"@id\":\"https:\\\/\\\/dpress.ma\\\/fr\\\/2026\\\/04\\\/08\\\/journee-dinformation-a-rabat-sur-les-programmes-previsionnels-des-marches-du-btp-pour-2026\\\/#article\",\"isPartOf\":{\"@id\":\"https:\\\/\\\/dpress.ma\\\/fr\\\/2026\\\/04\\\/08\\\/journee-dinformation-a-rabat-sur-les-programmes-previsionnels-des-marches-du-btp-pour-2026\\\/\"},\"author\":{\"name\":\"Dpress.ma\",\"@id\":\"https:\\\/\\\/dpress.ma\\\/fr\\\/#\\\/schema\\\/person\\\/4898febf3ccd59e6578d838656a306a0\"},\"headline\":\"Journ\u00e9e d\u2019information \u00e0 Rabat sur les programmes pr\u00e9visionnels des march\u00e9s du BTP pour 2026\",\"datePublished\":\"2026-04-08T10:48:54+00:00\",\"dateModified\":\"2026-04-08T10:48:56+00:00\",\"mainEntityOfPage\":{\"@id\":\"https:\\\/\\\/dpress.ma\\\/fr\\\/2026\\\/04\\\/08\\\/journee-dinformation-a-rabat-sur-les-programmes-previsionnels-des-marches-du-btp-pour-2026\\\/\"},\"wordCount\":836,\"commentCount\":0,\"image\":{\"@id\":\"https:\\\/\\\/dpress.ma\\\/fr\\\/2026\\\/04\\\/08\\\/journee-dinformation-a-rabat-sur-les-programmes-previsionnels-des-marches-du-btp-pour-2026\\\/#primaryimage\"},\"thumbnailUrl\":\"https:\\\/\\\/dpress.ma\\\/fr\\\/wp-content\\\/uploads\\\/sites\\\/2\\\/2026\\\/04\\\/43-4.jpg\",\"articleSection\":[\"\u00c9conomie\"],\"inLanguage\":\"fr-FR\",\"potentialAction\":[{\"@type\":\"CommentAction\",\"name\":\"Comment\",\"target\":[\"https:\\\/\\\/dpress.ma\\\/fr\\\/2026\\\/04\\\/08\\\/journee-dinformation-a-rabat-sur-les-programmes-previsionnels-des-marches-du-btp-pour-2026\\\/#respond\"]}]},{\"@type\":\"WebPage\",\"@id\":\"https:\\\/\\\/dpress.ma\\\/fr\\\/2026\\\/04\\\/08\\\/journee-dinformation-a-rabat-sur-les-programmes-previsionnels-des-marches-du-btp-pour-2026\\\/\",\"url\":\"https:\\\/\\\/dpress.ma\\\/fr\\\/2026\\\/04\\\/08\\\/journee-dinformation-a-rabat-sur-les-programmes-previsionnels-des-marches-du-btp-pour-2026\\\/\",\"name\":\"Journ\u00e9e d\u2019information \u00e0 Rabat sur les programmes pr\u00e9visionnels des march\u00e9s du BTP pour 2026 - Dpress.ma\\\/fr\",\"isPartOf\":{\"@id\":\"https:\\\/\\\/dpress.ma\\\/fr\\\/#website\"},\"primaryImageOfPage\":{\"@id\":\"https:\\\/\\\/dpress.ma\\\/fr\\\/2026\\\/04\\\/08\\\/journee-dinformation-a-rabat-sur-les-programmes-previsionnels-des-marches-du-btp-pour-2026\\\/#primaryimage\"},\"image\":{\"@id\":\"https:\\\/\\\/dpress.ma\\\/fr\\\/2026\\\/04\\\/08\\\/journee-dinformation-a-rabat-sur-les-programmes-previsionnels-des-marches-du-btp-pour-2026\\\/#primaryimage\"},\"thumbnailUrl\":\"https:\\\/\\\/dpress.ma\\\/fr\\\/wp-content\\\/uploads\\\/sites\\\/2\\\/2026\\\/04\\\/43-4.jpg\",\"datePublished\":\"2026-04-08T10:48:54+00:00\",\"dateModified\":\"2026-04-08T10:48:56+00:00\",\"author\":{\"@id\":\"https:\\\/\\\/dpress.ma\\\/fr\\\/#\\\/schema\\\/person\\\/4898febf3ccd59e6578d838656a306a0\"},\"breadcrumb\":{\"@id\":\"https:\\\/\\\/dpress.ma\\\/fr\\\/2026\\\/04\\\/08\\\/journee-dinformation-a-rabat-sur-les-programmes-previsionnels-des-marches-du-btp-pour-2026\\\/#breadcrumb\"},\"inLanguage\":\"fr-FR\",\"potentialAction\":[{\"@type\":\"ReadAction\",\"target\":[\"https:\\\/\\\/dpress.ma\\\/fr\\\/2026\\\/04\\\/08\\\/journee-dinformation-a-rabat-sur-les-programmes-previsionnels-des-marches-du-btp-pour-2026\\\/\"]}]},{\"@type\":\"ImageObject\",\"inLanguage\":\"fr-FR\",\"@id\":\"https:\\\/\\\/dpress.ma\\\/fr\\\/2026\\\/04\\\/08\\\/journee-dinformation-a-rabat-sur-les-programmes-previsionnels-des-marches-du-btp-pour-2026\\\/#primaryimage\",\"url\":\"https:\\\/\\\/dpress.ma\\\/fr\\\/wp-content\\\/uploads\\\/sites\\\/2\\\/2026\\\/04\\\/43-4.jpg\",\"contentUrl\":\"https:\\\/\\\/dpress.ma\\\/fr\\\/wp-content\\\/uploads\\\/sites\\\/2\\\/2026\\\/04\\\/43-4.jpg\",\"width\":2539,\"height\":1594},{\"@type\":\"BreadcrumbList\",\"@id\":\"https:\\\/\\\/dpress.ma\\\/fr\\\/2026\\\/04\\\/08\\\/journee-dinformation-a-rabat-sur-les-programmes-previsionnels-des-marches-du-btp-pour-2026\\\/#breadcrumb\",\"itemListElement\":[{\"@type\":\"ListItem\",\"position\":1,\"name\":\"Home\",\"item\":\"https:\\\/\\\/dpress.ma\\\/fr\\\/\"},{\"@type\":\"ListItem\",\"position\":2,\"name\":\"Journ\u00e9e d\u2019information \u00e0 Rabat sur les programmes pr\u00e9visionnels des march\u00e9s du BTP pour 2026\"}]},{\"@type\":\"WebSite\",\"@id\":\"https:\\\/\\\/dpress.ma\\\/fr\\\/#website\",\"url\":\"https:\\\/\\\/dpress.ma\\\/fr\\\/\",\"name\":\"Dpress.ma\\\/fr\",\"description\":\"\",\"potentialAction\":[{\"@type\":\"SearchAction\",\"target\":{\"@type\":\"EntryPoint\",\"urlTemplate\":\"https:\\\/\\\/dpress.ma\\\/fr\\\/?s={search_term_string}\"},\"query-input\":{\"@type\":\"PropertyValueSpecification\",\"valueRequired\":true,\"valueName\":\"search_term_string\"}}],\"inLanguage\":\"fr-FR\"},{\"@type\":\"Person\",\"@id\":\"https:\\\/\\\/dpress.ma\\\/fr\\\/#\\\/schema\\\/person\\\/4898febf3ccd59e6578d838656a306a0\",\"name\":\"Dpress.ma\",\"image\":{\"@type\":\"ImageObject\",\"inLanguage\":\"fr-FR\",\"@id\":\"https:\\\/\\\/secure.gravatar.com\\\/avatar\\\/72ecc30e9db047a2e0e7176561eb9d564ed77c8108376495b19bd8336405198a?s=96&d=mm&r=g\",\"url\":\"https:\\\/\\\/secure.gravatar.com\\\/avatar\\\/72ecc30e9db047a2e0e7176561eb9d564ed77c8108376495b19bd8336405198a?s=96&d=mm&r=g\",\"contentUrl\":\"https:\\\/\\\/secure.gravatar.com\\\/avatar\\\/72ecc30e9db047a2e0e7176561eb9d564ed77c8108376495b19bd8336405198a?s=96&d=mm&r=g\",\"caption\":\"Dpress.ma\"},\"sameAs\":[\"https:\\\/\\\/www.dpress.ma\"],\"url\":\"https:\\\/\\\/dpress.ma\\\/fr\\\/author\\\/dpress-ma\\\/\"}]}<\/script>\n<!-- \/ Yoast SEO plugin. -->","yoast_head_json":{"title":"Journ\u00e9e d\u2019information \u00e0 Rabat sur les programmes pr\u00e9visionnels des march\u00e9s du BTP pour 2026 - Dpress.ma\/fr","robots":{"index":"index","follow":"follow","max-snippet":"max-snippet:-1","max-image-preview":"max-image-preview:large","max-video-preview":"max-video-preview:-1"},"canonical":"https:\/\/dpress.ma\/fr\/2026\/04\/08\/journee-dinformation-a-rabat-sur-les-programmes-previsionnels-des-marches-du-btp-pour-2026\/","og_locale":"fr_FR","og_type":"article","og_title":"Journ\u00e9e d\u2019information \u00e0 Rabat sur les programmes pr\u00e9visionnels des march\u00e9s du BTP pour 2026 - Dpress.ma\/fr","og_description":"Dpress Le minist\u00e8re de l\u2019\u00c9quipement et de l\u2019Eau a organis\u00e9, mardi \u00e0 Rabat, une journ\u00e9e d\u2019information consacr\u00e9e au programme pr\u00e9visionnel des march\u00e9s du b\u00e2timent et des travaux publics (BTP) au titre de l\u2019ann\u00e9e 2026, sous le th\u00e8me \u201cL\u2019\u00e9cosyst\u00e8me BTP au service du d\u00e9veloppement territorial int\u00e9gr\u00e9 et r\u00e9silient\u201d. Cette rencontre, tenue en pr\u00e9sence des pr\u00e9sidents des &hellip;","og_url":"https:\/\/dpress.ma\/fr\/2026\/04\/08\/journee-dinformation-a-rabat-sur-les-programmes-previsionnels-des-marches-du-btp-pour-2026\/","og_site_name":"Dpress.ma\/fr","article_published_time":"2026-04-08T10:48:54+00:00","article_modified_time":"2026-04-08T10:48:56+00:00","og_image":[{"width":2539,"height":1594,"url":"https:\/\/dpress.ma\/fr\/wp-content\/uploads\/sites\/2\/2026\/04\/43-4.jpg","type":"image\/jpeg"}],"author":"Dpress.ma","twitter_card":"summary_large_image","twitter_misc":{"\u00c9crit par":"Dpress.ma","Dur\u00e9e de lecture estim\u00e9e":"4 minutes"},"schema":{"@context":"https:\/\/schema.org","@graph":[{"@type":"Article","@id":"https:\/\/dpress.ma\/fr\/2026\/04\/08\/journee-dinformation-a-rabat-sur-les-programmes-previsionnels-des-marches-du-btp-pour-2026\/#article","isPartOf":{"@id":"https:\/\/dpress.ma\/fr\/2026\/04\/08\/journee-dinformation-a-rabat-sur-les-programmes-previsionnels-des-marches-du-btp-pour-2026\/"},"author":{"name":"Dpress.ma","@id":"https:\/\/dpress.ma\/fr\/#\/schema\/person\/4898febf3ccd59e6578d838656a306a0"},"headline":"Journ\u00e9e d\u2019information \u00e0 Rabat sur les programmes pr\u00e9visionnels des march\u00e9s du BTP pour 2026","datePublished":"2026-04-08T10:48:54+00:00","dateModified":"2026-04-08T10:48:56+00:00","mainEntityOfPage":{"@id":"https:\/\/dpress.ma\/fr\/2026\/04\/08\/journee-dinformation-a-rabat-sur-les-programmes-previsionnels-des-marches-du-btp-pour-2026\/"},"wordCount":836,"commentCount":0,"image":{"@id":"https:\/\/dpress.ma\/fr\/2026\/04\/08\/journee-dinformation-a-rabat-sur-les-programmes-previsionnels-des-marches-du-btp-pour-2026\/#primaryimage"},"thumbnailUrl":"https:\/\/dpress.ma\/fr\/wp-content\/uploads\/sites\/2\/2026\/04\/43-4.jpg","articleSection":["\u00c9conomie"],"inLanguage":"fr-FR","potentialAction":[{"@type":"CommentAction","name":"Comment","target":["https:\/\/dpress.ma\/fr\/2026\/04\/08\/journee-dinformation-a-rabat-sur-les-programmes-previsionnels-des-marches-du-btp-pour-2026\/#respond"]}]},{"@type":"WebPage","@id":"https:\/\/dpress.ma\/fr\/2026\/04\/08\/journee-dinformation-a-rabat-sur-les-programmes-previsionnels-des-marches-du-btp-pour-2026\/","url":"https:\/\/dpress.ma\/fr\/2026\/04\/08\/journee-dinformation-a-rabat-sur-les-programmes-previsionnels-des-marches-du-btp-pour-2026\/","name":"Journ\u00e9e d\u2019information \u00e0 Rabat sur les programmes pr\u00e9visionnels des march\u00e9s du BTP pour 2026 - Dpress.ma\/fr","isPartOf":{"@id":"https:\/\/dpress.ma\/fr\/#website"},"primaryImageOfPage":{"@id":"https:\/\/dpress.ma\/fr\/2026\/04\/08\/journee-dinformation-a-rabat-sur-les-programmes-previsionnels-des-marches-du-btp-pour-2026\/#primaryimage"},"image":{"@id":"https:\/\/dpress.ma\/fr\/2026\/04\/08\/journee-dinformation-a-rabat-sur-les-programmes-previsionnels-des-marches-du-btp-pour-2026\/#primaryimage"},"thumbnailUrl":"https:\/\/dpress.ma\/fr\/wp-content\/uploads\/sites\/2\/2026\/04\/43-4.jpg","datePublished":"2026-04-08T10:48:54+00:00","dateModified":"2026-04-08T10:48:56+00:00","author":{"@id":"https:\/\/dpress.ma\/fr\/#\/schema\/person\/4898febf3ccd59e6578d838656a306a0"},"breadcrumb":{"@id":"https:\/\/dpress.ma\/fr\/2026\/04\/08\/journee-dinformation-a-rabat-sur-les-programmes-previsionnels-des-marches-du-btp-pour-2026\/#breadcrumb"},"inLanguage":"fr-FR","potentialAction":[{"@type":"ReadAction","target":["https:\/\/dpress.ma\/fr\/2026\/04\/08\/journee-dinformation-a-rabat-sur-les-programmes-previsionnels-des-marches-du-btp-pour-2026\/"]}]},{"@type":"ImageObject","inLanguage":"fr-FR","@id":"https:\/\/dpress.ma\/fr\/2026\/04\/08\/journee-dinformation-a-rabat-sur-les-programmes-previsionnels-des-marches-du-btp-pour-2026\/#primaryimage","url":"https:\/\/dpress.ma\/fr\/wp-content\/uploads\/sites\/2\/2026\/04\/43-4.jpg","contentUrl":"https:\/\/dpress.ma\/fr\/wp-content\/uploads\/sites\/2\/2026\/04\/43-4.jpg","width":2539,"height":1594},{"@type":"BreadcrumbList","@id":"https:\/\/dpress.ma\/fr\/2026\/04\/08\/journee-dinformation-a-rabat-sur-les-programmes-previsionnels-des-marches-du-btp-pour-2026\/#breadcrumb","itemListElement":[{"@type":"ListItem","position":1,"name":"Home","item":"https:\/\/dpress.ma\/fr\/"},{"@type":"ListItem","position":2,"name":"Journ\u00e9e d\u2019information \u00e0 Rabat sur les programmes pr\u00e9visionnels des march\u00e9s du BTP pour 2026"}]},{"@type":"WebSite","@id":"https:\/\/dpress.ma\/fr\/#website","url":"https:\/\/dpress.ma\/fr\/","name":"Dpress.ma\/fr","description":"","potentialAction":[{"@type":"SearchAction","target":{"@type":"EntryPoint","urlTemplate":"https:\/\/dpress.ma\/fr\/?s={search_term_string}"},"query-input":{"@type":"PropertyValueSpecification","valueRequired":true,"valueName":"search_term_string"}}],"inLanguage":"fr-FR"},{"@type":"Person","@id":"https:\/\/dpress.ma\/fr\/#\/schema\/person\/4898febf3ccd59e6578d838656a306a0","name":"Dpress.ma","image":{"@type":"ImageObject","inLanguage":"fr-FR","@id":"https:\/\/secure.gravatar.com\/avatar\/72ecc30e9db047a2e0e7176561eb9d564ed77c8108376495b19bd8336405198a?s=96&d=mm&r=g","url":"https:\/\/secure.gravatar.com\/avatar\/72ecc30e9db047a2e0e7176561eb9d564ed77c8108376495b19bd8336405198a?s=96&d=mm&r=g","contentUrl":"https:\/\/secure.gravatar.com\/avatar\/72ecc30e9db047a2e0e7176561eb9d564ed77c8108376495b19bd8336405198a?s=96&d=mm&r=g","caption":"Dpress.ma"},"sameAs":["https:\/\/www.dpress.ma"],"url":"https:\/\/dpress.ma\/fr\/author\/dpress-ma\/"}]}},"amp_enabled":true,"_links":{"self":[{"href":"https:\/\/dpress.ma\/fr\/wp-json\/wp\/v2\/posts\/27839","targetHints":{"allow":["GET"]}}],"collection":[{"href":"https:\/\/dpress.ma\/fr\/wp-json\/wp\/v2\/posts"}],"about":[{"href":"https:\/\/dpress.ma\/fr\/wp-json\/wp\/v2\/types\/post"}],"author":[{"embeddable":true,"href":"https:\/\/dpress.ma\/fr\/wp-json\/wp\/v2\/users\/2"}],"replies":[{"embeddable":true,"href":"https:\/\/dpress.ma\/fr\/wp-json\/wp\/v2\/comments?post=27839"}],"version-history":[{"count":1,"href":"https:\/\/dpress.ma\/fr\/wp-json\/wp\/v2\/posts\/27839\/revisions"}],"predecessor-version":[{"id":27841,"href":"https:\/\/dpress.ma\/fr\/wp-json\/wp\/v2\/posts\/27839\/revisions\/27841"}],"wp:featuredmedia":[{"embeddable":true,"href":"https:\/\/dpress.ma\/fr\/wp-json\/wp\/v2\/media\/27840"}],"wp:attachment":[{"href":"https:\/\/dpress.ma\/fr\/wp-json\/wp\/v2\/media?parent=27839"}],"wp:term":[{"taxonomy":"category","embeddable":true,"href":"https:\/\/dpress.ma\/fr\/wp-json\/wp\/v2\/categories?post=27839"},{"taxonomy":"post_tag","embeddable":true,"href":"https:\/\/dpress.ma\/fr\/wp-json\/wp\/v2\/tags?post=27839"}],"curies":[{"name":"wp","href":"https:\/\/api.w.org\/{rel}","templated":true}]}}