{"id":27830,"date":"2026-04-08T10:45:20","date_gmt":"2026-04-08T10:45:20","guid":{"rendered":"https:\/\/dpress.ma\/fr\/?p=27830"},"modified":"2026-04-08T10:45:23","modified_gmt":"2026-04-08T10:45:23","slug":"le-79e-anniversaire-des-evenements-de-casablanca-une-occasion-de-se-rememorer-une-epopee-de-la-lutte-nationale-pour-lindependance","status":"publish","type":"post","link":"https:\/\/dpress.ma\/fr\/2026\/04\/08\/le-79e-anniversaire-des-evenements-de-casablanca-une-occasion-de-se-rememorer-une-epopee-de-la-lutte-nationale-pour-lindependance\/","title":{"rendered":"Le 79\u00e8 anniversaire des \u00e9v\u00e9nements de Casablanca, une occasion de se rem\u00e9morer une \u00e9pop\u00e9e de la lutte nationale pour l\u2019ind\u00e9pendance"},"content":{"rendered":"\n<p>Dpress<\/p>\n\n\n\n<p>Le 79\u00e8me anniversaire des \u00e9v\u00e9nements du 7 avril 1947 constitue une occasion de se rem\u00e9morer des pages glorieuses de l\u2019histoire de la lutte nationale et de rappeler les immenses sacrifices consentis par le peuple marocain pour la libert\u00e9, l\u2019ind\u00e9pendance et l\u2019int\u00e9grit\u00e9 territoriale, a indiqu\u00e9, mardi \u00e0 Casablanca, le Haut-Commissaire aux anciens r\u00e9sistants et anciens membres de l\u2019Arm\u00e9e de lib\u00e9ration, Mustapha El Ktiri.<\/p>\n\n\n\n<p>Dans une allocution prononc\u00e9e lors d\u2019une c\u00e9r\u00e9monie organis\u00e9e \u00e0 cette occasion, M. El Ktiri a indiqu\u00e9 que cet anniversaire rappelle le massacre sanglant commis par les forces d\u2019occupation \u00e9trang\u00e8re contre des civils sans d\u00e9fense \u00e0 Casablanca, dans une tentative d\u2019entraver la visite historique que feu SM Mohammed V devait effectuer \u00e0 Tanger le 9 avril 1947, en vue de r\u00e9affirmer l\u2019unit\u00e9 du Maroc et de porter haut les revendications l\u00e9gitimes du peuple marocain en mati\u00e8re de libert\u00e9 et d\u2019ind\u00e9pendance.<\/p>\n\n\n\n<p>Il a soulign\u00e9 que ces \u00e9v\u00e9nements n\u2019ont fait que renforcer la d\u00e9termination du peuple marocain \u00e0 poursuivre la lutte en contribuant \u00e0 consolider l\u2019esprit national et \u00e0 attiser les sentiments de r\u00e9sistance, notant que les r\u00e9actions se sont traduites notamment par l\u2019organisation de gr\u00e8ves g\u00e9n\u00e9rales et la mobilisation de toutes les composantes de la soci\u00e9t\u00e9 pour soutenir les victimes et s\u2019opposer au colonialisme.<\/p>\n\n\n\n<p>M. El Ktiri a rappel\u00e9 l\u2019\u00e9chec des tentatives des autorit\u00e9s du protectorat pour faire obstacle \u00e0 la visite royale \u00e0 Tanger, puisque feu SM Mohammed V a tenu \u00e0 l\u2019effectuer \u00e0 la date pr\u00e9vue, adressant ainsi un message fort au monde sur l\u2019attachement du Maroc \u00e0 sa libert\u00e9, \u00e0 son ind\u00e9pendance et \u00e0 son unit\u00e9, tout en r\u00e9affirmant la profondeur des liens solides entre le Tr\u00f4ne et le peuple.<\/p>\n\n\n\n<p>Il a, en outre, insist\u00e9 sur la poursuite du processus de lutte nationale pour la d\u00e9fense de l\u2019int\u00e9grit\u00e9 territoriale du Royaume, rappelant les \u00e9volutions diplomatiques qu\u2019a connues la question du Sahara marocain, notamment la r\u00e9solution onusienne n\u00b0 2797 adopt\u00e9e le 31 octobre 2025, qui consacre la souverainet\u00e9 du Maroc sur son Sahara dans le cadre du plan d\u2019autonomie.<\/p>\n\n\n\n<p>Il a indiqu\u00e9 que ces acquis refl\u00e8tent essentiellement la vision \u00e9clair\u00e9e de Sa Majest\u00e9 le Roi Mohammed VI, ainsi que les efforts continus du Maroc sur les plans diplomatique et de d\u00e9veloppement pour consolider sa souverainet\u00e9 et renforcer sa position aux niveaux r\u00e9gional et international.<\/p>\n\n\n\n<p>Par ailleurs, M. El Ktiri a soulign\u00e9 la n\u00e9cessit\u00e9 de pr\u00e9server la m\u00e9moire nationale et de transmettre les valeurs de citoyennet\u00e9 et de loyaut\u00e9 aux g\u00e9n\u00e9rations montantes, saluant les efforts d\u00e9ploy\u00e9s par les diff\u00e9rentes institutions s\u00e9curitaires et militaires pour pr\u00e9server l\u2019int\u00e9grit\u00e9 territoriale et garantir la s\u00e9curit\u00e9 et la stabilit\u00e9 du Royaume.<\/p>\n\n\n\n<p>Lors de cette manifestation, \u00e0 laquelle ont notamment pris part le secr\u00e9taire g\u00e9n\u00e9ral de la pr\u00e9fecture d\u2019arrondissements de Fida-Mers Sultan, ainsi que plusieurs \u00e9lus et repr\u00e9sentants des services ext\u00e9rieurs, huit anciens r\u00e9sistants et membres de l\u2019Arm\u00e9e de lib\u00e9ration ont \u00e9t\u00e9 honor\u00e9s.<\/p>\n\n\n\n<p>\u00c0 cette occasion, des aides financi\u00e8res et un soutien social ont \u00e9galement \u00e9t\u00e9 accord\u00e9s \u00e0 plusieurs anciens r\u00e9sistants et veuves de d\u00e9funts en reconnaissance des services rendus \u00e0 la nation.<\/p>\n","protected":false},"excerpt":{"rendered":"<p>Dpress Le 79\u00e8me anniversaire des \u00e9v\u00e9nements du 7 avril 1947 constitue une occasion de se rem\u00e9morer des pages glorieuses de l\u2019histoire de la lutte nationale et de rappeler les immenses sacrifices consentis par le peuple marocain pour la libert\u00e9, l\u2019ind\u00e9pendance et l\u2019int\u00e9grit\u00e9 territoriale, a indiqu\u00e9, mardi \u00e0 Casablanca, le Haut-Commissaire aux anciens r\u00e9sistants et anciens &hellip;<\/p>\n","protected":false},"author":2,"featured_media":27831,"comment_status":"open","ping_status":"open","sticky":false,"template":"","format":"standard","meta":{"footnotes":""},"categories":[40],"tags":[],"class_list":["post-27830","post","type-post","status-publish","format-standard","has-post-thumbnail","hentry","category-societe-et-regions"],"yoast_head":"<!-- This site is optimized with the Yoast SEO plugin v27.5 - https:\/\/yoast.com\/product\/yoast-seo-wordpress\/ -->\n<title>Le 79\u00e8 anniversaire des \u00e9v\u00e9nements de Casablanca, une occasion de se rem\u00e9morer une \u00e9pop\u00e9e de la lutte nationale pour l\u2019ind\u00e9pendance - Dpress.ma\/fr<\/title>\n<meta name=\"robots\" content=\"index, follow, max-snippet:-1, max-image-preview:large, max-video-preview:-1\" \/>\n<link rel=\"canonical\" href=\"https:\/\/dpress.ma\/fr\/2026\/04\/08\/le-79e-anniversaire-des-evenements-de-casablanca-une-occasion-de-se-rememorer-une-epopee-de-la-lutte-nationale-pour-lindependance\/\" \/>\n<meta property=\"og:locale\" content=\"fr_FR\" \/>\n<meta property=\"og:type\" content=\"article\" \/>\n<meta property=\"og:title\" content=\"Le 79\u00e8 anniversaire des \u00e9v\u00e9nements de Casablanca, une occasion de se rem\u00e9morer une \u00e9pop\u00e9e de la lutte nationale pour l\u2019ind\u00e9pendance - Dpress.ma\/fr\" \/>\n<meta property=\"og:description\" content=\"Dpress Le 79\u00e8me anniversaire des \u00e9v\u00e9nements du 7 avril 1947 constitue une occasion de se rem\u00e9morer des pages glorieuses de l\u2019histoire de la lutte nationale et de rappeler les immenses sacrifices consentis par le peuple marocain pour la libert\u00e9, l\u2019ind\u00e9pendance et l\u2019int\u00e9grit\u00e9 territoriale, a indiqu\u00e9, mardi \u00e0 Casablanca, le Haut-Commissaire aux anciens r\u00e9sistants et anciens &hellip;\" \/>\n<meta property=\"og:url\" content=\"https:\/\/dpress.ma\/fr\/2026\/04\/08\/le-79e-anniversaire-des-evenements-de-casablanca-une-occasion-de-se-rememorer-une-epopee-de-la-lutte-nationale-pour-lindependance\/\" \/>\n<meta property=\"og:site_name\" content=\"Dpress.ma\/fr\" \/>\n<meta property=\"article:published_time\" content=\"2026-04-08T10:45:20+00:00\" \/>\n<meta property=\"article:modified_time\" content=\"2026-04-08T10:45:23+00:00\" \/>\n<meta property=\"og:image\" content=\"https:\/\/dpress.ma\/fr\/wp-content\/uploads\/sites\/2\/2026\/04\/40-3.jpg\" \/>\n\t<meta property=\"og:image:width\" content=\"2539\" \/>\n\t<meta property=\"og:image:height\" content=\"1594\" \/>\n\t<meta property=\"og:image:type\" content=\"image\/jpeg\" \/>\n<meta name=\"author\" content=\"Dpress.ma\" \/>\n<meta name=\"twitter:card\" content=\"summary_large_image\" \/>\n<meta name=\"twitter:label1\" content=\"\u00c9crit par\" \/>\n\t<meta name=\"twitter:data1\" content=\"Dpress.ma\" \/>\n\t<meta name=\"twitter:label2\" content=\"Dur\u00e9e de lecture estim\u00e9e\" \/>\n\t<meta name=\"twitter:data2\" content=\"3 minutes\" \/>\n<script type=\"application\/ld+json\" class=\"yoast-schema-graph\">{\"@context\":\"https:\\\/\\\/schema.org\",\"@graph\":[{\"@type\":\"Article\",\"@id\":\"https:\\\/\\\/dpress.ma\\\/fr\\\/2026\\\/04\\\/08\\\/le-79e-anniversaire-des-evenements-de-casablanca-une-occasion-de-se-rememorer-une-epopee-de-la-lutte-nationale-pour-lindependance\\\/#article\",\"isPartOf\":{\"@id\":\"https:\\\/\\\/dpress.ma\\\/fr\\\/2026\\\/04\\\/08\\\/le-79e-anniversaire-des-evenements-de-casablanca-une-occasion-de-se-rememorer-une-epopee-de-la-lutte-nationale-pour-lindependance\\\/\"},\"author\":{\"name\":\"Dpress.ma\",\"@id\":\"https:\\\/\\\/dpress.ma\\\/fr\\\/#\\\/schema\\\/person\\\/4898febf3ccd59e6578d838656a306a0\"},\"headline\":\"Le 79\u00e8 anniversaire des \u00e9v\u00e9nements de Casablanca, une occasion de se rem\u00e9morer une \u00e9pop\u00e9e de la lutte nationale pour l\u2019ind\u00e9pendance\",\"datePublished\":\"2026-04-08T10:45:20+00:00\",\"dateModified\":\"2026-04-08T10:45:23+00:00\",\"mainEntityOfPage\":{\"@id\":\"https:\\\/\\\/dpress.ma\\\/fr\\\/2026\\\/04\\\/08\\\/le-79e-anniversaire-des-evenements-de-casablanca-une-occasion-de-se-rememorer-une-epopee-de-la-lutte-nationale-pour-lindependance\\\/\"},\"wordCount\":584,\"commentCount\":0,\"image\":{\"@id\":\"https:\\\/\\\/dpress.ma\\\/fr\\\/2026\\\/04\\\/08\\\/le-79e-anniversaire-des-evenements-de-casablanca-une-occasion-de-se-rememorer-une-epopee-de-la-lutte-nationale-pour-lindependance\\\/#primaryimage\"},\"thumbnailUrl\":\"https:\\\/\\\/dpress.ma\\\/fr\\\/wp-content\\\/uploads\\\/sites\\\/2\\\/2026\\\/04\\\/40-3.jpg\",\"articleSection\":[\"societe et regions\"],\"inLanguage\":\"fr-FR\",\"potentialAction\":[{\"@type\":\"CommentAction\",\"name\":\"Comment\",\"target\":[\"https:\\\/\\\/dpress.ma\\\/fr\\\/2026\\\/04\\\/08\\\/le-79e-anniversaire-des-evenements-de-casablanca-une-occasion-de-se-rememorer-une-epopee-de-la-lutte-nationale-pour-lindependance\\\/#respond\"]}]},{\"@type\":\"WebPage\",\"@id\":\"https:\\\/\\\/dpress.ma\\\/fr\\\/2026\\\/04\\\/08\\\/le-79e-anniversaire-des-evenements-de-casablanca-une-occasion-de-se-rememorer-une-epopee-de-la-lutte-nationale-pour-lindependance\\\/\",\"url\":\"https:\\\/\\\/dpress.ma\\\/fr\\\/2026\\\/04\\\/08\\\/le-79e-anniversaire-des-evenements-de-casablanca-une-occasion-de-se-rememorer-une-epopee-de-la-lutte-nationale-pour-lindependance\\\/\",\"name\":\"Le 79\u00e8 anniversaire des \u00e9v\u00e9nements de Casablanca, une occasion de se rem\u00e9morer une \u00e9pop\u00e9e de la lutte nationale pour l\u2019ind\u00e9pendance - Dpress.ma\\\/fr\",\"isPartOf\":{\"@id\":\"https:\\\/\\\/dpress.ma\\\/fr\\\/#website\"},\"primaryImageOfPage\":{\"@id\":\"https:\\\/\\\/dpress.ma\\\/fr\\\/2026\\\/04\\\/08\\\/le-79e-anniversaire-des-evenements-de-casablanca-une-occasion-de-se-rememorer-une-epopee-de-la-lutte-nationale-pour-lindependance\\\/#primaryimage\"},\"image\":{\"@id\":\"https:\\\/\\\/dpress.ma\\\/fr\\\/2026\\\/04\\\/08\\\/le-79e-anniversaire-des-evenements-de-casablanca-une-occasion-de-se-rememorer-une-epopee-de-la-lutte-nationale-pour-lindependance\\\/#primaryimage\"},\"thumbnailUrl\":\"https:\\\/\\\/dpress.ma\\\/fr\\\/wp-content\\\/uploads\\\/sites\\\/2\\\/2026\\\/04\\\/40-3.jpg\",\"datePublished\":\"2026-04-08T10:45:20+00:00\",\"dateModified\":\"2026-04-08T10:45:23+00:00\",\"author\":{\"@id\":\"https:\\\/\\\/dpress.ma\\\/fr\\\/#\\\/schema\\\/person\\\/4898febf3ccd59e6578d838656a306a0\"},\"breadcrumb\":{\"@id\":\"https:\\\/\\\/dpress.ma\\\/fr\\\/2026\\\/04\\\/08\\\/le-79e-anniversaire-des-evenements-de-casablanca-une-occasion-de-se-rememorer-une-epopee-de-la-lutte-nationale-pour-lindependance\\\/#breadcrumb\"},\"inLanguage\":\"fr-FR\",\"potentialAction\":[{\"@type\":\"ReadAction\",\"target\":[\"https:\\\/\\\/dpress.ma\\\/fr\\\/2026\\\/04\\\/08\\\/le-79e-anniversaire-des-evenements-de-casablanca-une-occasion-de-se-rememorer-une-epopee-de-la-lutte-nationale-pour-lindependance\\\/\"]}]},{\"@type\":\"ImageObject\",\"inLanguage\":\"fr-FR\",\"@id\":\"https:\\\/\\\/dpress.ma\\\/fr\\\/2026\\\/04\\\/08\\\/le-79e-anniversaire-des-evenements-de-casablanca-une-occasion-de-se-rememorer-une-epopee-de-la-lutte-nationale-pour-lindependance\\\/#primaryimage\",\"url\":\"https:\\\/\\\/dpress.ma\\\/fr\\\/wp-content\\\/uploads\\\/sites\\\/2\\\/2026\\\/04\\\/40-3.jpg\",\"contentUrl\":\"https:\\\/\\\/dpress.ma\\\/fr\\\/wp-content\\\/uploads\\\/sites\\\/2\\\/2026\\\/04\\\/40-3.jpg\",\"width\":2539,\"height\":1594},{\"@type\":\"BreadcrumbList\",\"@id\":\"https:\\\/\\\/dpress.ma\\\/fr\\\/2026\\\/04\\\/08\\\/le-79e-anniversaire-des-evenements-de-casablanca-une-occasion-de-se-rememorer-une-epopee-de-la-lutte-nationale-pour-lindependance\\\/#breadcrumb\",\"itemListElement\":[{\"@type\":\"ListItem\",\"position\":1,\"name\":\"Home\",\"item\":\"https:\\\/\\\/dpress.ma\\\/fr\\\/\"},{\"@type\":\"ListItem\",\"position\":2,\"name\":\"Le 79\u00e8 anniversaire des \u00e9v\u00e9nements de Casablanca, une occasion de se rem\u00e9morer une \u00e9pop\u00e9e de la lutte nationale pour l\u2019ind\u00e9pendance\"}]},{\"@type\":\"WebSite\",\"@id\":\"https:\\\/\\\/dpress.ma\\\/fr\\\/#website\",\"url\":\"https:\\\/\\\/dpress.ma\\\/fr\\\/\",\"name\":\"Dpress.ma\\\/fr\",\"description\":\"\",\"potentialAction\":[{\"@type\":\"SearchAction\",\"target\":{\"@type\":\"EntryPoint\",\"urlTemplate\":\"https:\\\/\\\/dpress.ma\\\/fr\\\/?s={search_term_string}\"},\"query-input\":{\"@type\":\"PropertyValueSpecification\",\"valueRequired\":true,\"valueName\":\"search_term_string\"}}],\"inLanguage\":\"fr-FR\"},{\"@type\":\"Person\",\"@id\":\"https:\\\/\\\/dpress.ma\\\/fr\\\/#\\\/schema\\\/person\\\/4898febf3ccd59e6578d838656a306a0\",\"name\":\"Dpress.ma\",\"image\":{\"@type\":\"ImageObject\",\"inLanguage\":\"fr-FR\",\"@id\":\"https:\\\/\\\/secure.gravatar.com\\\/avatar\\\/72ecc30e9db047a2e0e7176561eb9d564ed77c8108376495b19bd8336405198a?s=96&d=mm&r=g\",\"url\":\"https:\\\/\\\/secure.gravatar.com\\\/avatar\\\/72ecc30e9db047a2e0e7176561eb9d564ed77c8108376495b19bd8336405198a?s=96&d=mm&r=g\",\"contentUrl\":\"https:\\\/\\\/secure.gravatar.com\\\/avatar\\\/72ecc30e9db047a2e0e7176561eb9d564ed77c8108376495b19bd8336405198a?s=96&d=mm&r=g\",\"caption\":\"Dpress.ma\"},\"sameAs\":[\"https:\\\/\\\/www.dpress.ma\"],\"url\":\"https:\\\/\\\/dpress.ma\\\/fr\\\/author\\\/dpress-ma\\\/\"}]}<\/script>\n<!-- \/ Yoast SEO plugin. -->","yoast_head_json":{"title":"Le 79\u00e8 anniversaire des \u00e9v\u00e9nements de Casablanca, une occasion de se rem\u00e9morer une \u00e9pop\u00e9e de la lutte nationale pour l\u2019ind\u00e9pendance - Dpress.ma\/fr","robots":{"index":"index","follow":"follow","max-snippet":"max-snippet:-1","max-image-preview":"max-image-preview:large","max-video-preview":"max-video-preview:-1"},"canonical":"https:\/\/dpress.ma\/fr\/2026\/04\/08\/le-79e-anniversaire-des-evenements-de-casablanca-une-occasion-de-se-rememorer-une-epopee-de-la-lutte-nationale-pour-lindependance\/","og_locale":"fr_FR","og_type":"article","og_title":"Le 79\u00e8 anniversaire des \u00e9v\u00e9nements de Casablanca, une occasion de se rem\u00e9morer une \u00e9pop\u00e9e de la lutte nationale pour l\u2019ind\u00e9pendance - Dpress.ma\/fr","og_description":"Dpress Le 79\u00e8me anniversaire des \u00e9v\u00e9nements du 7 avril 1947 constitue une occasion de se rem\u00e9morer des pages glorieuses de l\u2019histoire de la lutte nationale et de rappeler les immenses sacrifices consentis par le peuple marocain pour la libert\u00e9, l\u2019ind\u00e9pendance et l\u2019int\u00e9grit\u00e9 territoriale, a indiqu\u00e9, mardi \u00e0 Casablanca, le Haut-Commissaire aux anciens r\u00e9sistants et anciens &hellip;","og_url":"https:\/\/dpress.ma\/fr\/2026\/04\/08\/le-79e-anniversaire-des-evenements-de-casablanca-une-occasion-de-se-rememorer-une-epopee-de-la-lutte-nationale-pour-lindependance\/","og_site_name":"Dpress.ma\/fr","article_published_time":"2026-04-08T10:45:20+00:00","article_modified_time":"2026-04-08T10:45:23+00:00","og_image":[{"width":2539,"height":1594,"url":"https:\/\/dpress.ma\/fr\/wp-content\/uploads\/sites\/2\/2026\/04\/40-3.jpg","type":"image\/jpeg"}],"author":"Dpress.ma","twitter_card":"summary_large_image","twitter_misc":{"\u00c9crit par":"Dpress.ma","Dur\u00e9e de lecture estim\u00e9e":"3 minutes"},"schema":{"@context":"https:\/\/schema.org","@graph":[{"@type":"Article","@id":"https:\/\/dpress.ma\/fr\/2026\/04\/08\/le-79e-anniversaire-des-evenements-de-casablanca-une-occasion-de-se-rememorer-une-epopee-de-la-lutte-nationale-pour-lindependance\/#article","isPartOf":{"@id":"https:\/\/dpress.ma\/fr\/2026\/04\/08\/le-79e-anniversaire-des-evenements-de-casablanca-une-occasion-de-se-rememorer-une-epopee-de-la-lutte-nationale-pour-lindependance\/"},"author":{"name":"Dpress.ma","@id":"https:\/\/dpress.ma\/fr\/#\/schema\/person\/4898febf3ccd59e6578d838656a306a0"},"headline":"Le 79\u00e8 anniversaire des \u00e9v\u00e9nements de Casablanca, une occasion de se rem\u00e9morer une \u00e9pop\u00e9e de la lutte nationale pour l\u2019ind\u00e9pendance","datePublished":"2026-04-08T10:45:20+00:00","dateModified":"2026-04-08T10:45:23+00:00","mainEntityOfPage":{"@id":"https:\/\/dpress.ma\/fr\/2026\/04\/08\/le-79e-anniversaire-des-evenements-de-casablanca-une-occasion-de-se-rememorer-une-epopee-de-la-lutte-nationale-pour-lindependance\/"},"wordCount":584,"commentCount":0,"image":{"@id":"https:\/\/dpress.ma\/fr\/2026\/04\/08\/le-79e-anniversaire-des-evenements-de-casablanca-une-occasion-de-se-rememorer-une-epopee-de-la-lutte-nationale-pour-lindependance\/#primaryimage"},"thumbnailUrl":"https:\/\/dpress.ma\/fr\/wp-content\/uploads\/sites\/2\/2026\/04\/40-3.jpg","articleSection":["societe et regions"],"inLanguage":"fr-FR","potentialAction":[{"@type":"CommentAction","name":"Comment","target":["https:\/\/dpress.ma\/fr\/2026\/04\/08\/le-79e-anniversaire-des-evenements-de-casablanca-une-occasion-de-se-rememorer-une-epopee-de-la-lutte-nationale-pour-lindependance\/#respond"]}]},{"@type":"WebPage","@id":"https:\/\/dpress.ma\/fr\/2026\/04\/08\/le-79e-anniversaire-des-evenements-de-casablanca-une-occasion-de-se-rememorer-une-epopee-de-la-lutte-nationale-pour-lindependance\/","url":"https:\/\/dpress.ma\/fr\/2026\/04\/08\/le-79e-anniversaire-des-evenements-de-casablanca-une-occasion-de-se-rememorer-une-epopee-de-la-lutte-nationale-pour-lindependance\/","name":"Le 79\u00e8 anniversaire des \u00e9v\u00e9nements de Casablanca, une occasion de se rem\u00e9morer une \u00e9pop\u00e9e de la lutte nationale pour l\u2019ind\u00e9pendance - Dpress.ma\/fr","isPartOf":{"@id":"https:\/\/dpress.ma\/fr\/#website"},"primaryImageOfPage":{"@id":"https:\/\/dpress.ma\/fr\/2026\/04\/08\/le-79e-anniversaire-des-evenements-de-casablanca-une-occasion-de-se-rememorer-une-epopee-de-la-lutte-nationale-pour-lindependance\/#primaryimage"},"image":{"@id":"https:\/\/dpress.ma\/fr\/2026\/04\/08\/le-79e-anniversaire-des-evenements-de-casablanca-une-occasion-de-se-rememorer-une-epopee-de-la-lutte-nationale-pour-lindependance\/#primaryimage"},"thumbnailUrl":"https:\/\/dpress.ma\/fr\/wp-content\/uploads\/sites\/2\/2026\/04\/40-3.jpg","datePublished":"2026-04-08T10:45:20+00:00","dateModified":"2026-04-08T10:45:23+00:00","author":{"@id":"https:\/\/dpress.ma\/fr\/#\/schema\/person\/4898febf3ccd59e6578d838656a306a0"},"breadcrumb":{"@id":"https:\/\/dpress.ma\/fr\/2026\/04\/08\/le-79e-anniversaire-des-evenements-de-casablanca-une-occasion-de-se-rememorer-une-epopee-de-la-lutte-nationale-pour-lindependance\/#breadcrumb"},"inLanguage":"fr-FR","potentialAction":[{"@type":"ReadAction","target":["https:\/\/dpress.ma\/fr\/2026\/04\/08\/le-79e-anniversaire-des-evenements-de-casablanca-une-occasion-de-se-rememorer-une-epopee-de-la-lutte-nationale-pour-lindependance\/"]}]},{"@type":"ImageObject","inLanguage":"fr-FR","@id":"https:\/\/dpress.ma\/fr\/2026\/04\/08\/le-79e-anniversaire-des-evenements-de-casablanca-une-occasion-de-se-rememorer-une-epopee-de-la-lutte-nationale-pour-lindependance\/#primaryimage","url":"https:\/\/dpress.ma\/fr\/wp-content\/uploads\/sites\/2\/2026\/04\/40-3.jpg","contentUrl":"https:\/\/dpress.ma\/fr\/wp-content\/uploads\/sites\/2\/2026\/04\/40-3.jpg","width":2539,"height":1594},{"@type":"BreadcrumbList","@id":"https:\/\/dpress.ma\/fr\/2026\/04\/08\/le-79e-anniversaire-des-evenements-de-casablanca-une-occasion-de-se-rememorer-une-epopee-de-la-lutte-nationale-pour-lindependance\/#breadcrumb","itemListElement":[{"@type":"ListItem","position":1,"name":"Home","item":"https:\/\/dpress.ma\/fr\/"},{"@type":"ListItem","position":2,"name":"Le 79\u00e8 anniversaire des \u00e9v\u00e9nements de Casablanca, une occasion de se rem\u00e9morer une \u00e9pop\u00e9e de la lutte nationale pour l\u2019ind\u00e9pendance"}]},{"@type":"WebSite","@id":"https:\/\/dpress.ma\/fr\/#website","url":"https:\/\/dpress.ma\/fr\/","name":"Dpress.ma\/fr","description":"","potentialAction":[{"@type":"SearchAction","target":{"@type":"EntryPoint","urlTemplate":"https:\/\/dpress.ma\/fr\/?s={search_term_string}"},"query-input":{"@type":"PropertyValueSpecification","valueRequired":true,"valueName":"search_term_string"}}],"inLanguage":"fr-FR"},{"@type":"Person","@id":"https:\/\/dpress.ma\/fr\/#\/schema\/person\/4898febf3ccd59e6578d838656a306a0","name":"Dpress.ma","image":{"@type":"ImageObject","inLanguage":"fr-FR","@id":"https:\/\/secure.gravatar.com\/avatar\/72ecc30e9db047a2e0e7176561eb9d564ed77c8108376495b19bd8336405198a?s=96&d=mm&r=g","url":"https:\/\/secure.gravatar.com\/avatar\/72ecc30e9db047a2e0e7176561eb9d564ed77c8108376495b19bd8336405198a?s=96&d=mm&r=g","contentUrl":"https:\/\/secure.gravatar.com\/avatar\/72ecc30e9db047a2e0e7176561eb9d564ed77c8108376495b19bd8336405198a?s=96&d=mm&r=g","caption":"Dpress.ma"},"sameAs":["https:\/\/www.dpress.ma"],"url":"https:\/\/dpress.ma\/fr\/author\/dpress-ma\/"}]}},"amp_enabled":true,"_links":{"self":[{"href":"https:\/\/dpress.ma\/fr\/wp-json\/wp\/v2\/posts\/27830","targetHints":{"allow":["GET"]}}],"collection":[{"href":"https:\/\/dpress.ma\/fr\/wp-json\/wp\/v2\/posts"}],"about":[{"href":"https:\/\/dpress.ma\/fr\/wp-json\/wp\/v2\/types\/post"}],"author":[{"embeddable":true,"href":"https:\/\/dpress.ma\/fr\/wp-json\/wp\/v2\/users\/2"}],"replies":[{"embeddable":true,"href":"https:\/\/dpress.ma\/fr\/wp-json\/wp\/v2\/comments?post=27830"}],"version-history":[{"count":1,"href":"https:\/\/dpress.ma\/fr\/wp-json\/wp\/v2\/posts\/27830\/revisions"}],"predecessor-version":[{"id":27832,"href":"https:\/\/dpress.ma\/fr\/wp-json\/wp\/v2\/posts\/27830\/revisions\/27832"}],"wp:featuredmedia":[{"embeddable":true,"href":"https:\/\/dpress.ma\/fr\/wp-json\/wp\/v2\/media\/27831"}],"wp:attachment":[{"href":"https:\/\/dpress.ma\/fr\/wp-json\/wp\/v2\/media?parent=27830"}],"wp:term":[{"taxonomy":"category","embeddable":true,"href":"https:\/\/dpress.ma\/fr\/wp-json\/wp\/v2\/categories?post=27830"},{"taxonomy":"post_tag","embeddable":true,"href":"https:\/\/dpress.ma\/fr\/wp-json\/wp\/v2\/tags?post=27830"}],"curies":[{"name":"wp","href":"https:\/\/api.w.org\/{rel}","templated":true}]}}