{"id":27822,"date":"2026-04-07T17:21:10","date_gmt":"2026-04-07T17:21:10","guid":{"rendered":"https:\/\/dpress.ma\/fr\/?p=27822"},"modified":"2026-04-07T17:21:15","modified_gmt":"2026-04-07T17:21:15","slug":"sommet-one-health-a-lyon-m-talbi-el-alami-prend-part-a-la-ceremonie-daccueil-reservee-aux-delegations-participantes","status":"publish","type":"post","link":"https:\/\/dpress.ma\/fr\/2026\/04\/07\/sommet-one-health-a-lyon-m-talbi-el-alami-prend-part-a-la-ceremonie-daccueil-reservee-aux-delegations-participantes\/","title":{"rendered":"Sommet \u201cOne Health\u201d \u00e0 Lyon : M. Talbi El Alami prend part \u00e0 la c\u00e9r\u00e9monie d\u2019accueil r\u00e9serv\u00e9e aux d\u00e9l\u00e9gations participantes"},"content":{"rendered":"\n<p>Dpress<\/p>\n\n\n\n<p>&nbsp;Le Pr\u00e9sident de la Chambre des Repr\u00e9sentants, Rachid Talbi El Alami, qui repr\u00e9sente Sa Majest\u00e9 le Roi Mohammed VI au Sommet international \u201cOne Health\u201d \u00e0 Lyon, a pris part, mardi, \u00e0 la&nbsp;c\u00e9r\u00e9monie d\u2019accueil r\u00e9serv\u00e9e aux d\u00e9l\u00e9gations participantes, pr\u00e9sid\u00e9e par&nbsp;le Pr\u00e9sident fran\u00e7ais, Emmanuel Macron.<\/p>\n\n\n\n<p>Outre M. Talbi El Alami, la d\u00e9l\u00e9gation marocaine est compos\u00e9e de la ministre de la Transition \u00e9nerg\u00e9tique et du D\u00e9veloppement durable, Leila Benali, de hauts responsables de son d\u00e9partement, ainsi que du minist\u00e8re de la Sant\u00e9 et de la Protection sociale et de la consule g\u00e9n\u00e9rale du Royaume \u00e0 Lyon, Rajae Benchaji.<\/p>\n\n\n\n<p>Le One Health Summit rassemble, pour la premi\u00e8re fois, des chefs d\u2019\u00c9tat et de gouvernement du monde entier, les repr\u00e9sentants des organisations internationales et r\u00e9gionales pertinentes, des parlementaires, des scientifiques, des repr\u00e9sentants du secteur priv\u00e9, de la soci\u00e9t\u00e9 civile, des collectivit\u00e9s locales, des banques de d\u00e9veloppement et de la jeunesse afin d\u2019acc\u00e9l\u00e9rer la mise en \u0153uvre de l\u2019approche \u201cUne Seule Sant\u00e9\u201d,&nbsp;qui reconna\u00eet l\u2019interd\u00e9pendance entre la sant\u00e9 humaine, animale et environnementale.<\/p>\n\n\n\n<p>Ce Sommet s\u2019inscrit dans le cadre du One Planet Summit, dont il constitue la neuvi\u00e8me \u00e9dition.<\/p>\n","protected":false},"excerpt":{"rendered":"<p>Dpress &nbsp;Le Pr\u00e9sident de la Chambre des Repr\u00e9sentants, Rachid Talbi El Alami, qui repr\u00e9sente Sa Majest\u00e9 le Roi Mohammed VI au Sommet international \u201cOne Health\u201d \u00e0 Lyon, a pris part, mardi, \u00e0 la&nbsp;c\u00e9r\u00e9monie d\u2019accueil r\u00e9serv\u00e9e aux d\u00e9l\u00e9gations participantes, pr\u00e9sid\u00e9e par&nbsp;le Pr\u00e9sident fran\u00e7ais, Emmanuel Macron. Outre M. Talbi El Alami, la d\u00e9l\u00e9gation marocaine est compos\u00e9e de &hellip;<\/p>\n","protected":false},"author":2,"featured_media":27823,"comment_status":"open","ping_status":"open","sticky":false,"template":"","format":"standard","meta":{"footnotes":""},"categories":[34],"tags":[],"class_list":["post-27822","post","type-post","status-publish","format-standard","has-post-thumbnail","hentry","category-diplomatie-parlementaire"],"yoast_head":"<!-- This site is optimized with the Yoast SEO plugin v27.5 - https:\/\/yoast.com\/product\/yoast-seo-wordpress\/ -->\n<title>Sommet \u201cOne Health\u201d \u00e0 Lyon : M. Talbi El Alami prend part \u00e0 la c\u00e9r\u00e9monie d\u2019accueil r\u00e9serv\u00e9e aux d\u00e9l\u00e9gations participantes - Dpress.ma\/fr<\/title>\n<meta name=\"robots\" content=\"index, follow, max-snippet:-1, max-image-preview:large, max-video-preview:-1\" \/>\n<link rel=\"canonical\" href=\"https:\/\/dpress.ma\/fr\/2026\/04\/07\/sommet-one-health-a-lyon-m-talbi-el-alami-prend-part-a-la-ceremonie-daccueil-reservee-aux-delegations-participantes\/\" \/>\n<meta property=\"og:locale\" content=\"fr_FR\" \/>\n<meta property=\"og:type\" content=\"article\" \/>\n<meta property=\"og:title\" content=\"Sommet \u201cOne Health\u201d \u00e0 Lyon : M. Talbi El Alami prend part \u00e0 la c\u00e9r\u00e9monie d\u2019accueil r\u00e9serv\u00e9e aux d\u00e9l\u00e9gations participantes - Dpress.ma\/fr\" \/>\n<meta property=\"og:description\" content=\"Dpress &nbsp;Le Pr\u00e9sident de la Chambre des Repr\u00e9sentants, Rachid Talbi El Alami, qui repr\u00e9sente Sa Majest\u00e9 le Roi Mohammed VI au Sommet international \u201cOne Health\u201d \u00e0 Lyon, a pris part, mardi, \u00e0 la&nbsp;c\u00e9r\u00e9monie d\u2019accueil r\u00e9serv\u00e9e aux d\u00e9l\u00e9gations participantes, pr\u00e9sid\u00e9e par&nbsp;le Pr\u00e9sident fran\u00e7ais, Emmanuel Macron. Outre M. Talbi El Alami, la d\u00e9l\u00e9gation marocaine est compos\u00e9e de &hellip;\" \/>\n<meta property=\"og:url\" content=\"https:\/\/dpress.ma\/fr\/2026\/04\/07\/sommet-one-health-a-lyon-m-talbi-el-alami-prend-part-a-la-ceremonie-daccueil-reservee-aux-delegations-participantes\/\" \/>\n<meta property=\"og:site_name\" content=\"Dpress.ma\/fr\" \/>\n<meta property=\"article:published_time\" content=\"2026-04-07T17:21:10+00:00\" \/>\n<meta property=\"article:modified_time\" content=\"2026-04-07T17:21:15+00:00\" \/>\n<meta property=\"og:image\" content=\"https:\/\/dpress.ma\/fr\/wp-content\/uploads\/sites\/2\/2026\/04\/3.jpg\" \/>\n\t<meta property=\"og:image:width\" content=\"2539\" \/>\n\t<meta property=\"og:image:height\" content=\"1594\" \/>\n\t<meta property=\"og:image:type\" content=\"image\/jpeg\" \/>\n<meta name=\"author\" content=\"Dpress.ma\" \/>\n<meta name=\"twitter:card\" content=\"summary_large_image\" \/>\n<meta name=\"twitter:label1\" content=\"\u00c9crit par\" \/>\n\t<meta name=\"twitter:data1\" content=\"Dpress.ma\" \/>\n\t<meta name=\"twitter:label2\" content=\"Dur\u00e9e de lecture estim\u00e9e\" \/>\n\t<meta name=\"twitter:data2\" content=\"2 minutes\" \/>\n<script type=\"application\/ld+json\" class=\"yoast-schema-graph\">{\"@context\":\"https:\\\/\\\/schema.org\",\"@graph\":[{\"@type\":\"Article\",\"@id\":\"https:\\\/\\\/dpress.ma\\\/fr\\\/2026\\\/04\\\/07\\\/sommet-one-health-a-lyon-m-talbi-el-alami-prend-part-a-la-ceremonie-daccueil-reservee-aux-delegations-participantes\\\/#article\",\"isPartOf\":{\"@id\":\"https:\\\/\\\/dpress.ma\\\/fr\\\/2026\\\/04\\\/07\\\/sommet-one-health-a-lyon-m-talbi-el-alami-prend-part-a-la-ceremonie-daccueil-reservee-aux-delegations-participantes\\\/\"},\"author\":{\"name\":\"Dpress.ma\",\"@id\":\"https:\\\/\\\/dpress.ma\\\/fr\\\/#\\\/schema\\\/person\\\/4898febf3ccd59e6578d838656a306a0\"},\"headline\":\"Sommet \u201cOne Health\u201d \u00e0 Lyon : M. Talbi El Alami prend part \u00e0 la c\u00e9r\u00e9monie d\u2019accueil r\u00e9serv\u00e9e aux d\u00e9l\u00e9gations participantes\",\"datePublished\":\"2026-04-07T17:21:10+00:00\",\"dateModified\":\"2026-04-07T17:21:15+00:00\",\"mainEntityOfPage\":{\"@id\":\"https:\\\/\\\/dpress.ma\\\/fr\\\/2026\\\/04\\\/07\\\/sommet-one-health-a-lyon-m-talbi-el-alami-prend-part-a-la-ceremonie-daccueil-reservee-aux-delegations-participantes\\\/\"},\"wordCount\":250,\"commentCount\":0,\"image\":{\"@id\":\"https:\\\/\\\/dpress.ma\\\/fr\\\/2026\\\/04\\\/07\\\/sommet-one-health-a-lyon-m-talbi-el-alami-prend-part-a-la-ceremonie-daccueil-reservee-aux-delegations-participantes\\\/#primaryimage\"},\"thumbnailUrl\":\"https:\\\/\\\/dpress.ma\\\/fr\\\/wp-content\\\/uploads\\\/sites\\\/2\\\/2026\\\/04\\\/3.jpg\",\"articleSection\":[\"Diplomatie Parlementaire\"],\"inLanguage\":\"fr-FR\",\"potentialAction\":[{\"@type\":\"CommentAction\",\"name\":\"Comment\",\"target\":[\"https:\\\/\\\/dpress.ma\\\/fr\\\/2026\\\/04\\\/07\\\/sommet-one-health-a-lyon-m-talbi-el-alami-prend-part-a-la-ceremonie-daccueil-reservee-aux-delegations-participantes\\\/#respond\"]}]},{\"@type\":\"WebPage\",\"@id\":\"https:\\\/\\\/dpress.ma\\\/fr\\\/2026\\\/04\\\/07\\\/sommet-one-health-a-lyon-m-talbi-el-alami-prend-part-a-la-ceremonie-daccueil-reservee-aux-delegations-participantes\\\/\",\"url\":\"https:\\\/\\\/dpress.ma\\\/fr\\\/2026\\\/04\\\/07\\\/sommet-one-health-a-lyon-m-talbi-el-alami-prend-part-a-la-ceremonie-daccueil-reservee-aux-delegations-participantes\\\/\",\"name\":\"Sommet \u201cOne Health\u201d \u00e0 Lyon : M. Talbi El Alami prend part \u00e0 la c\u00e9r\u00e9monie d\u2019accueil r\u00e9serv\u00e9e aux d\u00e9l\u00e9gations participantes - Dpress.ma\\\/fr\",\"isPartOf\":{\"@id\":\"https:\\\/\\\/dpress.ma\\\/fr\\\/#website\"},\"primaryImageOfPage\":{\"@id\":\"https:\\\/\\\/dpress.ma\\\/fr\\\/2026\\\/04\\\/07\\\/sommet-one-health-a-lyon-m-talbi-el-alami-prend-part-a-la-ceremonie-daccueil-reservee-aux-delegations-participantes\\\/#primaryimage\"},\"image\":{\"@id\":\"https:\\\/\\\/dpress.ma\\\/fr\\\/2026\\\/04\\\/07\\\/sommet-one-health-a-lyon-m-talbi-el-alami-prend-part-a-la-ceremonie-daccueil-reservee-aux-delegations-participantes\\\/#primaryimage\"},\"thumbnailUrl\":\"https:\\\/\\\/dpress.ma\\\/fr\\\/wp-content\\\/uploads\\\/sites\\\/2\\\/2026\\\/04\\\/3.jpg\",\"datePublished\":\"2026-04-07T17:21:10+00:00\",\"dateModified\":\"2026-04-07T17:21:15+00:00\",\"author\":{\"@id\":\"https:\\\/\\\/dpress.ma\\\/fr\\\/#\\\/schema\\\/person\\\/4898febf3ccd59e6578d838656a306a0\"},\"breadcrumb\":{\"@id\":\"https:\\\/\\\/dpress.ma\\\/fr\\\/2026\\\/04\\\/07\\\/sommet-one-health-a-lyon-m-talbi-el-alami-prend-part-a-la-ceremonie-daccueil-reservee-aux-delegations-participantes\\\/#breadcrumb\"},\"inLanguage\":\"fr-FR\",\"potentialAction\":[{\"@type\":\"ReadAction\",\"target\":[\"https:\\\/\\\/dpress.ma\\\/fr\\\/2026\\\/04\\\/07\\\/sommet-one-health-a-lyon-m-talbi-el-alami-prend-part-a-la-ceremonie-daccueil-reservee-aux-delegations-participantes\\\/\"]}]},{\"@type\":\"ImageObject\",\"inLanguage\":\"fr-FR\",\"@id\":\"https:\\\/\\\/dpress.ma\\\/fr\\\/2026\\\/04\\\/07\\\/sommet-one-health-a-lyon-m-talbi-el-alami-prend-part-a-la-ceremonie-daccueil-reservee-aux-delegations-participantes\\\/#primaryimage\",\"url\":\"https:\\\/\\\/dpress.ma\\\/fr\\\/wp-content\\\/uploads\\\/sites\\\/2\\\/2026\\\/04\\\/3.jpg\",\"contentUrl\":\"https:\\\/\\\/dpress.ma\\\/fr\\\/wp-content\\\/uploads\\\/sites\\\/2\\\/2026\\\/04\\\/3.jpg\",\"width\":2539,\"height\":1594},{\"@type\":\"BreadcrumbList\",\"@id\":\"https:\\\/\\\/dpress.ma\\\/fr\\\/2026\\\/04\\\/07\\\/sommet-one-health-a-lyon-m-talbi-el-alami-prend-part-a-la-ceremonie-daccueil-reservee-aux-delegations-participantes\\\/#breadcrumb\",\"itemListElement\":[{\"@type\":\"ListItem\",\"position\":1,\"name\":\"Home\",\"item\":\"https:\\\/\\\/dpress.ma\\\/fr\\\/\"},{\"@type\":\"ListItem\",\"position\":2,\"name\":\"Sommet \u201cOne Health\u201d \u00e0 Lyon : M. Talbi El Alami prend part \u00e0 la c\u00e9r\u00e9monie d\u2019accueil r\u00e9serv\u00e9e aux d\u00e9l\u00e9gations participantes\"}]},{\"@type\":\"WebSite\",\"@id\":\"https:\\\/\\\/dpress.ma\\\/fr\\\/#website\",\"url\":\"https:\\\/\\\/dpress.ma\\\/fr\\\/\",\"name\":\"Dpress.ma\\\/fr\",\"description\":\"\",\"potentialAction\":[{\"@type\":\"SearchAction\",\"target\":{\"@type\":\"EntryPoint\",\"urlTemplate\":\"https:\\\/\\\/dpress.ma\\\/fr\\\/?s={search_term_string}\"},\"query-input\":{\"@type\":\"PropertyValueSpecification\",\"valueRequired\":true,\"valueName\":\"search_term_string\"}}],\"inLanguage\":\"fr-FR\"},{\"@type\":\"Person\",\"@id\":\"https:\\\/\\\/dpress.ma\\\/fr\\\/#\\\/schema\\\/person\\\/4898febf3ccd59e6578d838656a306a0\",\"name\":\"Dpress.ma\",\"image\":{\"@type\":\"ImageObject\",\"inLanguage\":\"fr-FR\",\"@id\":\"https:\\\/\\\/secure.gravatar.com\\\/avatar\\\/72ecc30e9db047a2e0e7176561eb9d564ed77c8108376495b19bd8336405198a?s=96&d=mm&r=g\",\"url\":\"https:\\\/\\\/secure.gravatar.com\\\/avatar\\\/72ecc30e9db047a2e0e7176561eb9d564ed77c8108376495b19bd8336405198a?s=96&d=mm&r=g\",\"contentUrl\":\"https:\\\/\\\/secure.gravatar.com\\\/avatar\\\/72ecc30e9db047a2e0e7176561eb9d564ed77c8108376495b19bd8336405198a?s=96&d=mm&r=g\",\"caption\":\"Dpress.ma\"},\"sameAs\":[\"https:\\\/\\\/www.dpress.ma\"],\"url\":\"https:\\\/\\\/dpress.ma\\\/fr\\\/author\\\/dpress-ma\\\/\"}]}<\/script>\n<!-- \/ Yoast SEO plugin. -->","yoast_head_json":{"title":"Sommet \u201cOne Health\u201d \u00e0 Lyon : M. Talbi El Alami prend part \u00e0 la c\u00e9r\u00e9monie d\u2019accueil r\u00e9serv\u00e9e aux d\u00e9l\u00e9gations participantes - Dpress.ma\/fr","robots":{"index":"index","follow":"follow","max-snippet":"max-snippet:-1","max-image-preview":"max-image-preview:large","max-video-preview":"max-video-preview:-1"},"canonical":"https:\/\/dpress.ma\/fr\/2026\/04\/07\/sommet-one-health-a-lyon-m-talbi-el-alami-prend-part-a-la-ceremonie-daccueil-reservee-aux-delegations-participantes\/","og_locale":"fr_FR","og_type":"article","og_title":"Sommet \u201cOne Health\u201d \u00e0 Lyon : M. Talbi El Alami prend part \u00e0 la c\u00e9r\u00e9monie d\u2019accueil r\u00e9serv\u00e9e aux d\u00e9l\u00e9gations participantes - Dpress.ma\/fr","og_description":"Dpress &nbsp;Le Pr\u00e9sident de la Chambre des Repr\u00e9sentants, Rachid Talbi El Alami, qui repr\u00e9sente Sa Majest\u00e9 le Roi Mohammed VI au Sommet international \u201cOne Health\u201d \u00e0 Lyon, a pris part, mardi, \u00e0 la&nbsp;c\u00e9r\u00e9monie d\u2019accueil r\u00e9serv\u00e9e aux d\u00e9l\u00e9gations participantes, pr\u00e9sid\u00e9e par&nbsp;le Pr\u00e9sident fran\u00e7ais, Emmanuel Macron. Outre M. Talbi El Alami, la d\u00e9l\u00e9gation marocaine est compos\u00e9e de &hellip;","og_url":"https:\/\/dpress.ma\/fr\/2026\/04\/07\/sommet-one-health-a-lyon-m-talbi-el-alami-prend-part-a-la-ceremonie-daccueil-reservee-aux-delegations-participantes\/","og_site_name":"Dpress.ma\/fr","article_published_time":"2026-04-07T17:21:10+00:00","article_modified_time":"2026-04-07T17:21:15+00:00","og_image":[{"width":2539,"height":1594,"url":"https:\/\/dpress.ma\/fr\/wp-content\/uploads\/sites\/2\/2026\/04\/3.jpg","type":"image\/jpeg"}],"author":"Dpress.ma","twitter_card":"summary_large_image","twitter_misc":{"\u00c9crit par":"Dpress.ma","Dur\u00e9e de lecture estim\u00e9e":"2 minutes"},"schema":{"@context":"https:\/\/schema.org","@graph":[{"@type":"Article","@id":"https:\/\/dpress.ma\/fr\/2026\/04\/07\/sommet-one-health-a-lyon-m-talbi-el-alami-prend-part-a-la-ceremonie-daccueil-reservee-aux-delegations-participantes\/#article","isPartOf":{"@id":"https:\/\/dpress.ma\/fr\/2026\/04\/07\/sommet-one-health-a-lyon-m-talbi-el-alami-prend-part-a-la-ceremonie-daccueil-reservee-aux-delegations-participantes\/"},"author":{"name":"Dpress.ma","@id":"https:\/\/dpress.ma\/fr\/#\/schema\/person\/4898febf3ccd59e6578d838656a306a0"},"headline":"Sommet \u201cOne Health\u201d \u00e0 Lyon : M. Talbi El Alami prend part \u00e0 la c\u00e9r\u00e9monie d\u2019accueil r\u00e9serv\u00e9e aux d\u00e9l\u00e9gations participantes","datePublished":"2026-04-07T17:21:10+00:00","dateModified":"2026-04-07T17:21:15+00:00","mainEntityOfPage":{"@id":"https:\/\/dpress.ma\/fr\/2026\/04\/07\/sommet-one-health-a-lyon-m-talbi-el-alami-prend-part-a-la-ceremonie-daccueil-reservee-aux-delegations-participantes\/"},"wordCount":250,"commentCount":0,"image":{"@id":"https:\/\/dpress.ma\/fr\/2026\/04\/07\/sommet-one-health-a-lyon-m-talbi-el-alami-prend-part-a-la-ceremonie-daccueil-reservee-aux-delegations-participantes\/#primaryimage"},"thumbnailUrl":"https:\/\/dpress.ma\/fr\/wp-content\/uploads\/sites\/2\/2026\/04\/3.jpg","articleSection":["Diplomatie Parlementaire"],"inLanguage":"fr-FR","potentialAction":[{"@type":"CommentAction","name":"Comment","target":["https:\/\/dpress.ma\/fr\/2026\/04\/07\/sommet-one-health-a-lyon-m-talbi-el-alami-prend-part-a-la-ceremonie-daccueil-reservee-aux-delegations-participantes\/#respond"]}]},{"@type":"WebPage","@id":"https:\/\/dpress.ma\/fr\/2026\/04\/07\/sommet-one-health-a-lyon-m-talbi-el-alami-prend-part-a-la-ceremonie-daccueil-reservee-aux-delegations-participantes\/","url":"https:\/\/dpress.ma\/fr\/2026\/04\/07\/sommet-one-health-a-lyon-m-talbi-el-alami-prend-part-a-la-ceremonie-daccueil-reservee-aux-delegations-participantes\/","name":"Sommet \u201cOne Health\u201d \u00e0 Lyon : M. Talbi El Alami prend part \u00e0 la c\u00e9r\u00e9monie d\u2019accueil r\u00e9serv\u00e9e aux d\u00e9l\u00e9gations participantes - Dpress.ma\/fr","isPartOf":{"@id":"https:\/\/dpress.ma\/fr\/#website"},"primaryImageOfPage":{"@id":"https:\/\/dpress.ma\/fr\/2026\/04\/07\/sommet-one-health-a-lyon-m-talbi-el-alami-prend-part-a-la-ceremonie-daccueil-reservee-aux-delegations-participantes\/#primaryimage"},"image":{"@id":"https:\/\/dpress.ma\/fr\/2026\/04\/07\/sommet-one-health-a-lyon-m-talbi-el-alami-prend-part-a-la-ceremonie-daccueil-reservee-aux-delegations-participantes\/#primaryimage"},"thumbnailUrl":"https:\/\/dpress.ma\/fr\/wp-content\/uploads\/sites\/2\/2026\/04\/3.jpg","datePublished":"2026-04-07T17:21:10+00:00","dateModified":"2026-04-07T17:21:15+00:00","author":{"@id":"https:\/\/dpress.ma\/fr\/#\/schema\/person\/4898febf3ccd59e6578d838656a306a0"},"breadcrumb":{"@id":"https:\/\/dpress.ma\/fr\/2026\/04\/07\/sommet-one-health-a-lyon-m-talbi-el-alami-prend-part-a-la-ceremonie-daccueil-reservee-aux-delegations-participantes\/#breadcrumb"},"inLanguage":"fr-FR","potentialAction":[{"@type":"ReadAction","target":["https:\/\/dpress.ma\/fr\/2026\/04\/07\/sommet-one-health-a-lyon-m-talbi-el-alami-prend-part-a-la-ceremonie-daccueil-reservee-aux-delegations-participantes\/"]}]},{"@type":"ImageObject","inLanguage":"fr-FR","@id":"https:\/\/dpress.ma\/fr\/2026\/04\/07\/sommet-one-health-a-lyon-m-talbi-el-alami-prend-part-a-la-ceremonie-daccueil-reservee-aux-delegations-participantes\/#primaryimage","url":"https:\/\/dpress.ma\/fr\/wp-content\/uploads\/sites\/2\/2026\/04\/3.jpg","contentUrl":"https:\/\/dpress.ma\/fr\/wp-content\/uploads\/sites\/2\/2026\/04\/3.jpg","width":2539,"height":1594},{"@type":"BreadcrumbList","@id":"https:\/\/dpress.ma\/fr\/2026\/04\/07\/sommet-one-health-a-lyon-m-talbi-el-alami-prend-part-a-la-ceremonie-daccueil-reservee-aux-delegations-participantes\/#breadcrumb","itemListElement":[{"@type":"ListItem","position":1,"name":"Home","item":"https:\/\/dpress.ma\/fr\/"},{"@type":"ListItem","position":2,"name":"Sommet \u201cOne Health\u201d \u00e0 Lyon : M. Talbi El Alami prend part \u00e0 la c\u00e9r\u00e9monie d\u2019accueil r\u00e9serv\u00e9e aux d\u00e9l\u00e9gations participantes"}]},{"@type":"WebSite","@id":"https:\/\/dpress.ma\/fr\/#website","url":"https:\/\/dpress.ma\/fr\/","name":"Dpress.ma\/fr","description":"","potentialAction":[{"@type":"SearchAction","target":{"@type":"EntryPoint","urlTemplate":"https:\/\/dpress.ma\/fr\/?s={search_term_string}"},"query-input":{"@type":"PropertyValueSpecification","valueRequired":true,"valueName":"search_term_string"}}],"inLanguage":"fr-FR"},{"@type":"Person","@id":"https:\/\/dpress.ma\/fr\/#\/schema\/person\/4898febf3ccd59e6578d838656a306a0","name":"Dpress.ma","image":{"@type":"ImageObject","inLanguage":"fr-FR","@id":"https:\/\/secure.gravatar.com\/avatar\/72ecc30e9db047a2e0e7176561eb9d564ed77c8108376495b19bd8336405198a?s=96&d=mm&r=g","url":"https:\/\/secure.gravatar.com\/avatar\/72ecc30e9db047a2e0e7176561eb9d564ed77c8108376495b19bd8336405198a?s=96&d=mm&r=g","contentUrl":"https:\/\/secure.gravatar.com\/avatar\/72ecc30e9db047a2e0e7176561eb9d564ed77c8108376495b19bd8336405198a?s=96&d=mm&r=g","caption":"Dpress.ma"},"sameAs":["https:\/\/www.dpress.ma"],"url":"https:\/\/dpress.ma\/fr\/author\/dpress-ma\/"}]}},"amp_enabled":true,"_links":{"self":[{"href":"https:\/\/dpress.ma\/fr\/wp-json\/wp\/v2\/posts\/27822","targetHints":{"allow":["GET"]}}],"collection":[{"href":"https:\/\/dpress.ma\/fr\/wp-json\/wp\/v2\/posts"}],"about":[{"href":"https:\/\/dpress.ma\/fr\/wp-json\/wp\/v2\/types\/post"}],"author":[{"embeddable":true,"href":"https:\/\/dpress.ma\/fr\/wp-json\/wp\/v2\/users\/2"}],"replies":[{"embeddable":true,"href":"https:\/\/dpress.ma\/fr\/wp-json\/wp\/v2\/comments?post=27822"}],"version-history":[{"count":1,"href":"https:\/\/dpress.ma\/fr\/wp-json\/wp\/v2\/posts\/27822\/revisions"}],"predecessor-version":[{"id":27824,"href":"https:\/\/dpress.ma\/fr\/wp-json\/wp\/v2\/posts\/27822\/revisions\/27824"}],"wp:featuredmedia":[{"embeddable":true,"href":"https:\/\/dpress.ma\/fr\/wp-json\/wp\/v2\/media\/27823"}],"wp:attachment":[{"href":"https:\/\/dpress.ma\/fr\/wp-json\/wp\/v2\/media?parent=27822"}],"wp:term":[{"taxonomy":"category","embeddable":true,"href":"https:\/\/dpress.ma\/fr\/wp-json\/wp\/v2\/categories?post=27822"},{"taxonomy":"post_tag","embeddable":true,"href":"https:\/\/dpress.ma\/fr\/wp-json\/wp\/v2\/tags?post=27822"}],"curies":[{"name":"wp","href":"https:\/\/api.w.org\/{rel}","templated":true}]}}